{"id":14519,"date":"2024-11-28T16:42:52","date_gmt":"2024-11-28T14:42:52","guid":{"rendered":"https:\/\/kuzeyinsesi.org\/index.php\/2024\/11\/28\/milli-master-atlet-ayten-benlinin-hayati-belgesel-oluyor\/"},"modified":"2024-11-28T16:42:52","modified_gmt":"2024-11-28T14:42:52","slug":"milli-master-atlet-ayten-benlinin-hayati-belgesel-oluyor","status":"publish","type":"post","link":"https:\/\/kuzeyinsesi.org\/index.php\/2024\/11\/28\/milli-master-atlet-ayten-benlinin-hayati-belgesel-oluyor\/","title":{"rendered":"Milli master atlet Ayten Benli\u2019nin hayat\u0131 belgesel oluyor"},"content":{"rendered":"<div>\n<div class=\"mariselle-image-container center\">\n                                            <\/div>\n<p>K\u0131br\u0131s Kad\u0131n \u00d6yk\u00fcleri Derne\u011fi (K\u00d6DER), \u201cHayat\u0131m\u0131za De\u011fer Katan Kad\u0131nlar\u0131m\u0131z\u201d ad\u0131yla \u00e7ekti\u011fi belgesel filmler serisinin 28\u2019incisinde, uluslararas\u0131 ba\u015far\u0131lar\u0131yla da tan\u0131nan milli master atlet Ayten Benli\u2019nin hayat\u0131n\u0131 konu al\u0131yor.<\/p>\n<p>Dernekten yap\u0131lan a\u00e7\u0131klamada, G\u00f6nyeli-Alayk\u00f6y Belediyesi sponsorlu\u011funda \u00e7ekimleri s\u00fcren belgeselde ba\u015fta G\u00f6nyeli olmak \u00fczere sportif ba\u015far\u0131lar\u0131 ile \u00fclkenin gurur kaynaklar\u0131ndan oldu\u011fu belirtilen Ayten Benli, ailesi, sporcu arkada\u015flar\u0131 ve yak\u0131n arkada\u015flar\u0131 ile r\u00f6portajlar yap\u0131ld\u0131\u011f\u0131 kaydedildi.<\/p>\n<p>Belgeselde \u201cBenli\u2019nin ilkokuldan ba\u015flayarak sonra kesintiye u\u011frasa da master atlet olarak devam ederek master atletizminde T\u00fcrkiye, Balkan, Avrupa ve d\u00fcnya \u015fampiyonalar\u0131nda rekorlar da dahil k\u00fcrs\u00fclere uzanan hikayesi, a\u015fkla, cesaretle, disiplinle, \u00e7ok \u00e7al\u0131\u015fma ve m\u00fccadeleyle yo\u011frulmu\u015f, sevgi ve payla\u015f\u0131m etraf\u0131nda yaratt\u0131\u011f\u0131 iyikilerle dolu ya\u015fam\u0131ndan kesitler yer alaca\u011f\u0131\u201d belirtildi.<\/p>\n<\/p><\/div>\n<p><script async\n                    defer\n                    crossorigin=\"anonymous\"\n                    src=\"https:\/\/connect.facebook.net\/tr_TR\/sdk.js#xfbml=1&#038;version=v3.3\"\n            ><\/script><\/p>\n","protected":false},"excerpt":{"rendered":"<p>K\u0131br\u0131s Kad\u0131n \u00d6yk\u00fcleri Derne\u011fi (K\u00d6DER), \u201cHayat\u0131m\u0131za De\u011fer Katan Kad\u0131nlar\u0131m\u0131z\u201d ad\u0131yla \u00e7ekti\u011fi belgesel filmler serisinin 28\u2019incisinde, uluslararas\u0131 ba\u015far\u0131lar\u0131yla da tan\u0131nan milli master atlet Ayten Benli\u2019nin hayat\u0131n\u0131 konu al\u0131yor. Dernekten yap\u0131lan a\u00e7\u0131klamada, G\u00f6nyeli-Alayk\u00f6y Belediyesi sponsorlu\u011funda \u00e7ekimleri s\u00fcren belgeselde ba\u015fta G\u00f6nyeli olmak \u00fczere sportif ba\u015far\u0131lar\u0131 ile \u00fclkenin gurur kaynaklar\u0131ndan oldu\u011fu belirtilen Ayten Benli, ailesi, sporcu arkada\u015flar\u0131 ve yak\u0131n [&hellip;]<\/p>\n","protected":false},"author":1,"featured_media":14520,"comment_status":"open","ping_status":"open","sticky":false,"template":"","format":"standard","meta":{"jnews-multi-image_gallery":[],"jnews_single_post":[],"jnews_primary_category":[],"jnews_social_meta":[],"jnews_override_counter":[],"footnotes":""},"categories":[6],"tags":[],"class_list":["post-14519","post","type-post","status-publish","format-standard","has-post-thumbnail","hentry","category-yasam"],"yoast_head":"<!-- This site is optimized with the Yoast SEO plugin v27.4 - https:\/\/yoast.com\/product\/yoast-seo-wordpress\/ -->\n<title>Milli master atlet Ayten Benli\u2019nin hayat\u0131 belgesel oluyor - Kuzeyin Sesi<\/title>\n<meta name=\"robots\" content=\"index, follow, max-snippet:-1, max-image-preview:large, max-video-preview:-1\" \/>\n<link rel=\"canonical\" href=\"https:\/\/kuzeyinsesi.org\/index.php\/2024\/11\/28\/milli-master-atlet-ayten-benlinin-hayati-belgesel-oluyor\/\" \/>\n<meta property=\"og:locale\" content=\"tr_TR\" \/>\n<meta property=\"og:type\" content=\"article\" \/>\n<meta property=\"og:title\" content=\"Milli master atlet Ayten Benli\u2019nin hayat\u0131 belgesel oluyor - Kuzeyin Sesi\" \/>\n<meta property=\"og:description\" content=\"K\u0131br\u0131s Kad\u0131n \u00d6yk\u00fcleri Derne\u011fi (K\u00d6DER), \u201cHayat\u0131m\u0131za De\u011fer Katan Kad\u0131nlar\u0131m\u0131z\u201d ad\u0131yla \u00e7ekti\u011fi belgesel filmler serisinin 28\u2019incisinde, uluslararas\u0131 ba\u015far\u0131lar\u0131yla da tan\u0131nan milli master atlet Ayten Benli\u2019nin hayat\u0131n\u0131 konu al\u0131yor. Dernekten yap\u0131lan a\u00e7\u0131klamada, G\u00f6nyeli-Alayk\u00f6y Belediyesi sponsorlu\u011funda \u00e7ekimleri s\u00fcren belgeselde ba\u015fta G\u00f6nyeli olmak \u00fczere sportif ba\u015far\u0131lar\u0131 ile \u00fclkenin gurur kaynaklar\u0131ndan oldu\u011fu belirtilen Ayten Benli, ailesi, sporcu arkada\u015flar\u0131 ve yak\u0131n [&hellip;]\" \/>\n<meta property=\"og:url\" content=\"https:\/\/kuzeyinsesi.org\/index.php\/2024\/11\/28\/milli-master-atlet-ayten-benlinin-hayati-belgesel-oluyor\/\" \/>\n<meta property=\"og:site_name\" content=\"Kuzeyin Sesi\" \/>\n<meta property=\"article:publisher\" content=\"https:\/\/www.facebook.com\/kuzeyinsesii\" \/>\n<meta property=\"article:published_time\" content=\"2024-11-28T14:42:52+00:00\" \/>\n<meta property=\"og:image\" content=\"https:\/\/brtk.net\/wp-content\/uploads\/2023\/09\/01\/AYTEN.jpg?ver=1cff991b7f40ef08b0a40cfd1a0cc206\" \/>\n<meta name=\"author\" content=\"Kuzeyin Sesi\" \/>\n<meta name=\"twitter:card\" content=\"summary_large_image\" \/>\n<meta name=\"twitter:creator\" content=\"@kuzeyinsesii\" \/>\n<meta name=\"twitter:site\" content=\"@kuzeyinsesii\" \/>\n<meta name=\"twitter:label1\" content=\"Yazan:\" \/>\n\t<meta name=\"twitter:data1\" content=\"Kuzeyin Sesi\" \/>\n\t<meta name=\"twitter:label2\" content=\"Tahmini okuma s\u00fcresi\" \/>\n\t<meta name=\"twitter:data2\" content=\"1 dakika\" \/>\n<script type=\"application\/ld+json\" class=\"yoast-schema-graph\">{\"@context\":\"https:\\\/\\\/schema.org\",\"@graph\":[{\"@type\":\"Article\",\"@id\":\"https:\\\/\\\/kuzeyinsesi.org\\\/index.php\\\/2024\\\/11\\\/28\\\/milli-master-atlet-ayten-benlinin-hayati-belgesel-oluyor\\\/#article\",\"isPartOf\":{\"@id\":\"https:\\\/\\\/kuzeyinsesi.org\\\/index.php\\\/2024\\\/11\\\/28\\\/milli-master-atlet-ayten-benlinin-hayati-belgesel-oluyor\\\/\"},\"author\":{\"name\":\"Kuzeyin Sesi\",\"@id\":\"https:\\\/\\\/kuzeyinsesi.org\\\/#\\\/schema\\\/person\\\/9f859689cdf01485597712386e37f5aa\"},\"headline\":\"Milli master atlet Ayten Benli\u2019nin hayat\u0131 belgesel oluyor\",\"datePublished\":\"2024-11-28T14:42:52+00:00\",\"mainEntityOfPage\":{\"@id\":\"https:\\\/\\\/kuzeyinsesi.org\\\/index.php\\\/2024\\\/11\\\/28\\\/milli-master-atlet-ayten-benlinin-hayati-belgesel-oluyor\\\/\"},\"wordCount\":170,\"commentCount\":0,\"image\":{\"@id\":\"https:\\\/\\\/kuzeyinsesi.org\\\/index.php\\\/2024\\\/11\\\/28\\\/milli-master-atlet-ayten-benlinin-hayati-belgesel-oluyor\\\/#primaryimage\"},\"thumbnailUrl\":\"https:\\\/\\\/kuzeyinsesi.org\\\/wp-content\\\/uploads\\\/2024\\\/11\\\/InShot_20240930_073319121-scaled.jpg\",\"articleSection\":[\"Ya\u015fam\"],\"inLanguage\":\"tr\",\"potentialAction\":[{\"@type\":\"CommentAction\",\"name\":\"Comment\",\"target\":[\"https:\\\/\\\/kuzeyinsesi.org\\\/index.php\\\/2024\\\/11\\\/28\\\/milli-master-atlet-ayten-benlinin-hayati-belgesel-oluyor\\\/#respond\"]}]},{\"@type\":\"WebPage\",\"@id\":\"https:\\\/\\\/kuzeyinsesi.org\\\/index.php\\\/2024\\\/11\\\/28\\\/milli-master-atlet-ayten-benlinin-hayati-belgesel-oluyor\\\/\",\"url\":\"https:\\\/\\\/kuzeyinsesi.org\\\/index.php\\\/2024\\\/11\\\/28\\\/milli-master-atlet-ayten-benlinin-hayati-belgesel-oluyor\\\/\",\"name\":\"Milli master atlet Ayten Benli\u2019nin hayat\u0131 belgesel oluyor - Kuzeyin Sesi\",\"isPartOf\":{\"@id\":\"https:\\\/\\\/kuzeyinsesi.org\\\/#website\"},\"primaryImageOfPage\":{\"@id\":\"https:\\\/\\\/kuzeyinsesi.org\\\/index.php\\\/2024\\\/11\\\/28\\\/milli-master-atlet-ayten-benlinin-hayati-belgesel-oluyor\\\/#primaryimage\"},\"image\":{\"@id\":\"https:\\\/\\\/kuzeyinsesi.org\\\/index.php\\\/2024\\\/11\\\/28\\\/milli-master-atlet-ayten-benlinin-hayati-belgesel-oluyor\\\/#primaryimage\"},\"thumbnailUrl\":\"https:\\\/\\\/kuzeyinsesi.org\\\/wp-content\\\/uploads\\\/2024\\\/11\\\/InShot_20240930_073319121-scaled.jpg\",\"datePublished\":\"2024-11-28T14:42:52+00:00\",\"author\":{\"@id\":\"https:\\\/\\\/kuzeyinsesi.org\\\/#\\\/schema\\\/person\\\/9f859689cdf01485597712386e37f5aa\"},\"breadcrumb\":{\"@id\":\"https:\\\/\\\/kuzeyinsesi.org\\\/index.php\\\/2024\\\/11\\\/28\\\/milli-master-atlet-ayten-benlinin-hayati-belgesel-oluyor\\\/#breadcrumb\"},\"inLanguage\":\"tr\",\"potentialAction\":[{\"@type\":\"ReadAction\",\"target\":[\"https:\\\/\\\/kuzeyinsesi.org\\\/index.php\\\/2024\\\/11\\\/28\\\/milli-master-atlet-ayten-benlinin-hayati-belgesel-oluyor\\\/\"]}]},{\"@type\":\"ImageObject\",\"inLanguage\":\"tr\",\"@id\":\"https:\\\/\\\/kuzeyinsesi.org\\\/index.php\\\/2024\\\/11\\\/28\\\/milli-master-atlet-ayten-benlinin-hayati-belgesel-oluyor\\\/#primaryimage\",\"url\":\"https:\\\/\\\/kuzeyinsesi.org\\\/wp-content\\\/uploads\\\/2024\\\/11\\\/InShot_20240930_073319121-scaled.jpg\",\"contentUrl\":\"https:\\\/\\\/kuzeyinsesi.org\\\/wp-content\\\/uploads\\\/2024\\\/11\\\/InShot_20240930_073319121-scaled.jpg\",\"width\":2560,\"height\":1439},{\"@type\":\"BreadcrumbList\",\"@id\":\"https:\\\/\\\/kuzeyinsesi.org\\\/index.php\\\/2024\\\/11\\\/28\\\/milli-master-atlet-ayten-benlinin-hayati-belgesel-oluyor\\\/#breadcrumb\",\"itemListElement\":[{\"@type\":\"ListItem\",\"position\":1,\"name\":\"Anasayfa\",\"item\":\"https:\\\/\\\/kuzeyinsesi.org\\\/\"},{\"@type\":\"ListItem\",\"position\":2,\"name\":\"Milli master atlet Ayten Benli\u2019nin hayat\u0131 belgesel oluyor\"}]},{\"@type\":\"WebSite\",\"@id\":\"https:\\\/\\\/kuzeyinsesi.org\\\/#website\",\"url\":\"https:\\\/\\\/kuzeyinsesi.org\\\/\",\"name\":\"Kuzeyin Sesi\",\"description\":\"Do\u011fru Haberin Adresi\",\"potentialAction\":[{\"@type\":\"SearchAction\",\"target\":{\"@type\":\"EntryPoint\",\"urlTemplate\":\"https:\\\/\\\/kuzeyinsesi.org\\\/?s={search_term_string}\"},\"query-input\":{\"@type\":\"PropertyValueSpecification\",\"valueRequired\":true,\"valueName\":\"search_term_string\"}}],\"inLanguage\":\"tr\"},{\"@type\":\"Person\",\"@id\":\"https:\\\/\\\/kuzeyinsesi.org\\\/#\\\/schema\\\/person\\\/9f859689cdf01485597712386e37f5aa\",\"name\":\"Kuzeyin Sesi\",\"image\":{\"@type\":\"ImageObject\",\"inLanguage\":\"tr\",\"@id\":\"https:\\\/\\\/secure.gravatar.com\\\/avatar\\\/bab33852abfd8b282518d6ed81826833d77c3c882d9ab608add591ccace47a44?s=96&d=mm&r=g\",\"url\":\"https:\\\/\\\/secure.gravatar.com\\\/avatar\\\/bab33852abfd8b282518d6ed81826833d77c3c882d9ab608add591ccace47a44?s=96&d=mm&r=g\",\"contentUrl\":\"https:\\\/\\\/secure.gravatar.com\\\/avatar\\\/bab33852abfd8b282518d6ed81826833d77c3c882d9ab608add591ccace47a44?s=96&d=mm&r=g\",\"caption\":\"Kuzeyin Sesi\"},\"sameAs\":[\"https:\\\/\\\/kuzeyinsesi.org\"],\"url\":\"https:\\\/\\\/kuzeyinsesi.org\\\/index.php\\\/author\\\/guven\\\/\"}]}<\/script>\n<!-- \/ Yoast SEO plugin. -->","yoast_head_json":{"title":"Milli master atlet Ayten Benli\u2019nin hayat\u0131 belgesel oluyor - Kuzeyin Sesi","robots":{"index":"index","follow":"follow","max-snippet":"max-snippet:-1","max-image-preview":"max-image-preview:large","max-video-preview":"max-video-preview:-1"},"canonical":"https:\/\/kuzeyinsesi.org\/index.php\/2024\/11\/28\/milli-master-atlet-ayten-benlinin-hayati-belgesel-oluyor\/","og_locale":"tr_TR","og_type":"article","og_title":"Milli master atlet Ayten Benli\u2019nin hayat\u0131 belgesel oluyor - Kuzeyin Sesi","og_description":"K\u0131br\u0131s Kad\u0131n \u00d6yk\u00fcleri Derne\u011fi (K\u00d6DER), \u201cHayat\u0131m\u0131za De\u011fer Katan Kad\u0131nlar\u0131m\u0131z\u201d ad\u0131yla \u00e7ekti\u011fi belgesel filmler serisinin 28\u2019incisinde, uluslararas\u0131 ba\u015far\u0131lar\u0131yla da tan\u0131nan milli master atlet Ayten Benli\u2019nin hayat\u0131n\u0131 konu al\u0131yor. Dernekten yap\u0131lan a\u00e7\u0131klamada, G\u00f6nyeli-Alayk\u00f6y Belediyesi sponsorlu\u011funda \u00e7ekimleri s\u00fcren belgeselde ba\u015fta G\u00f6nyeli olmak \u00fczere sportif ba\u015far\u0131lar\u0131 ile \u00fclkenin gurur kaynaklar\u0131ndan oldu\u011fu belirtilen Ayten Benli, ailesi, sporcu arkada\u015flar\u0131 ve yak\u0131n [&hellip;]","og_url":"https:\/\/kuzeyinsesi.org\/index.php\/2024\/11\/28\/milli-master-atlet-ayten-benlinin-hayati-belgesel-oluyor\/","og_site_name":"Kuzeyin Sesi","article_publisher":"https:\/\/www.facebook.com\/kuzeyinsesii","article_published_time":"2024-11-28T14:42:52+00:00","og_image":[{"url":"https:\/\/brtk.net\/wp-content\/uploads\/2023\/09\/01\/AYTEN.jpg?ver=1cff991b7f40ef08b0a40cfd1a0cc206","type":"","width":"","height":""}],"author":"Kuzeyin Sesi","twitter_card":"summary_large_image","twitter_creator":"@kuzeyinsesii","twitter_site":"@kuzeyinsesii","twitter_misc":{"Yazan:":"Kuzeyin Sesi","Tahmini okuma s\u00fcresi":"1 dakika"},"schema":{"@context":"https:\/\/schema.org","@graph":[{"@type":"Article","@id":"https:\/\/kuzeyinsesi.org\/index.php\/2024\/11\/28\/milli-master-atlet-ayten-benlinin-hayati-belgesel-oluyor\/#article","isPartOf":{"@id":"https:\/\/kuzeyinsesi.org\/index.php\/2024\/11\/28\/milli-master-atlet-ayten-benlinin-hayati-belgesel-oluyor\/"},"author":{"name":"Kuzeyin Sesi","@id":"https:\/\/kuzeyinsesi.org\/#\/schema\/person\/9f859689cdf01485597712386e37f5aa"},"headline":"Milli master atlet Ayten Benli\u2019nin hayat\u0131 belgesel oluyor","datePublished":"2024-11-28T14:42:52+00:00","mainEntityOfPage":{"@id":"https:\/\/kuzeyinsesi.org\/index.php\/2024\/11\/28\/milli-master-atlet-ayten-benlinin-hayati-belgesel-oluyor\/"},"wordCount":170,"commentCount":0,"image":{"@id":"https:\/\/kuzeyinsesi.org\/index.php\/2024\/11\/28\/milli-master-atlet-ayten-benlinin-hayati-belgesel-oluyor\/#primaryimage"},"thumbnailUrl":"https:\/\/kuzeyinsesi.org\/wp-content\/uploads\/2024\/11\/InShot_20240930_073319121-scaled.jpg","articleSection":["Ya\u015fam"],"inLanguage":"tr","potentialAction":[{"@type":"CommentAction","name":"Comment","target":["https:\/\/kuzeyinsesi.org\/index.php\/2024\/11\/28\/milli-master-atlet-ayten-benlinin-hayati-belgesel-oluyor\/#respond"]}]},{"@type":"WebPage","@id":"https:\/\/kuzeyinsesi.org\/index.php\/2024\/11\/28\/milli-master-atlet-ayten-benlinin-hayati-belgesel-oluyor\/","url":"https:\/\/kuzeyinsesi.org\/index.php\/2024\/11\/28\/milli-master-atlet-ayten-benlinin-hayati-belgesel-oluyor\/","name":"Milli master atlet Ayten Benli\u2019nin hayat\u0131 belgesel oluyor - Kuzeyin Sesi","isPartOf":{"@id":"https:\/\/kuzeyinsesi.org\/#website"},"primaryImageOfPage":{"@id":"https:\/\/kuzeyinsesi.org\/index.php\/2024\/11\/28\/milli-master-atlet-ayten-benlinin-hayati-belgesel-oluyor\/#primaryimage"},"image":{"@id":"https:\/\/kuzeyinsesi.org\/index.php\/2024\/11\/28\/milli-master-atlet-ayten-benlinin-hayati-belgesel-oluyor\/#primaryimage"},"thumbnailUrl":"https:\/\/kuzeyinsesi.org\/wp-content\/uploads\/2024\/11\/InShot_20240930_073319121-scaled.jpg","datePublished":"2024-11-28T14:42:52+00:00","author":{"@id":"https:\/\/kuzeyinsesi.org\/#\/schema\/person\/9f859689cdf01485597712386e37f5aa"},"breadcrumb":{"@id":"https:\/\/kuzeyinsesi.org\/index.php\/2024\/11\/28\/milli-master-atlet-ayten-benlinin-hayati-belgesel-oluyor\/#breadcrumb"},"inLanguage":"tr","potentialAction":[{"@type":"ReadAction","target":["https:\/\/kuzeyinsesi.org\/index.php\/2024\/11\/28\/milli-master-atlet-ayten-benlinin-hayati-belgesel-oluyor\/"]}]},{"@type":"ImageObject","inLanguage":"tr","@id":"https:\/\/kuzeyinsesi.org\/index.php\/2024\/11\/28\/milli-master-atlet-ayten-benlinin-hayati-belgesel-oluyor\/#primaryimage","url":"https:\/\/kuzeyinsesi.org\/wp-content\/uploads\/2024\/11\/InShot_20240930_073319121-scaled.jpg","contentUrl":"https:\/\/kuzeyinsesi.org\/wp-content\/uploads\/2024\/11\/InShot_20240930_073319121-scaled.jpg","width":2560,"height":1439},{"@type":"BreadcrumbList","@id":"https:\/\/kuzeyinsesi.org\/index.php\/2024\/11\/28\/milli-master-atlet-ayten-benlinin-hayati-belgesel-oluyor\/#breadcrumb","itemListElement":[{"@type":"ListItem","position":1,"name":"Anasayfa","item":"https:\/\/kuzeyinsesi.org\/"},{"@type":"ListItem","position":2,"name":"Milli master atlet Ayten Benli\u2019nin hayat\u0131 belgesel oluyor"}]},{"@type":"WebSite","@id":"https:\/\/kuzeyinsesi.org\/#website","url":"https:\/\/kuzeyinsesi.org\/","name":"Kuzeyin Sesi","description":"Do\u011fru Haberin Adresi","potentialAction":[{"@type":"SearchAction","target":{"@type":"EntryPoint","urlTemplate":"https:\/\/kuzeyinsesi.org\/?s={search_term_string}"},"query-input":{"@type":"PropertyValueSpecification","valueRequired":true,"valueName":"search_term_string"}}],"inLanguage":"tr"},{"@type":"Person","@id":"https:\/\/kuzeyinsesi.org\/#\/schema\/person\/9f859689cdf01485597712386e37f5aa","name":"Kuzeyin Sesi","image":{"@type":"ImageObject","inLanguage":"tr","@id":"https:\/\/secure.gravatar.com\/avatar\/bab33852abfd8b282518d6ed81826833d77c3c882d9ab608add591ccace47a44?s=96&d=mm&r=g","url":"https:\/\/secure.gravatar.com\/avatar\/bab33852abfd8b282518d6ed81826833d77c3c882d9ab608add591ccace47a44?s=96&d=mm&r=g","contentUrl":"https:\/\/secure.gravatar.com\/avatar\/bab33852abfd8b282518d6ed81826833d77c3c882d9ab608add591ccace47a44?s=96&d=mm&r=g","caption":"Kuzeyin Sesi"},"sameAs":["https:\/\/kuzeyinsesi.org"],"url":"https:\/\/kuzeyinsesi.org\/index.php\/author\/guven\/"}]}},"_links":{"self":[{"href":"https:\/\/kuzeyinsesi.org\/index.php\/wp-json\/wp\/v2\/posts\/14519","targetHints":{"allow":["GET"]}}],"collection":[{"href":"https:\/\/kuzeyinsesi.org\/index.php\/wp-json\/wp\/v2\/posts"}],"about":[{"href":"https:\/\/kuzeyinsesi.org\/index.php\/wp-json\/wp\/v2\/types\/post"}],"author":[{"embeddable":true,"href":"https:\/\/kuzeyinsesi.org\/index.php\/wp-json\/wp\/v2\/users\/1"}],"replies":[{"embeddable":true,"href":"https:\/\/kuzeyinsesi.org\/index.php\/wp-json\/wp\/v2\/comments?post=14519"}],"version-history":[{"count":0,"href":"https:\/\/kuzeyinsesi.org\/index.php\/wp-json\/wp\/v2\/posts\/14519\/revisions"}],"wp:featuredmedia":[{"embeddable":true,"href":"https:\/\/kuzeyinsesi.org\/index.php\/wp-json\/wp\/v2\/media\/14520"}],"wp:attachment":[{"href":"https:\/\/kuzeyinsesi.org\/index.php\/wp-json\/wp\/v2\/media?parent=14519"}],"wp:term":[{"taxonomy":"category","embeddable":true,"href":"https:\/\/kuzeyinsesi.org\/index.php\/wp-json\/wp\/v2\/categories?post=14519"},{"taxonomy":"post_tag","embeddable":true,"href":"https:\/\/kuzeyinsesi.org\/index.php\/wp-json\/wp\/v2\/tags?post=14519"}],"curies":[{"name":"wp","href":"https:\/\/api.w.org\/{rel}","templated":true}]}}