{"id":14485,"date":"2024-11-28T11:23:30","date_gmt":"2024-11-28T09:23:30","guid":{"rendered":"https:\/\/kuzeyinsesi.org\/index.php\/2024\/11\/28\/kisa-oyku-yarismasi-icin-basvurular-basladi\/"},"modified":"2024-11-28T11:23:30","modified_gmt":"2024-11-28T09:23:30","slug":"kisa-oyku-yarismasi-icin-basvurular-basladi","status":"publish","type":"post","link":"https:\/\/kuzeyinsesi.org\/index.php\/2024\/11\/28\/kisa-oyku-yarismasi-icin-basvurular-basladi\/","title":{"rendered":"K\u0131sa \u00d6yk\u00fc Yar\u0131\u015fmas\u0131 i\u00e7in ba\u015fvurular ba\u015flad\u0131"},"content":{"rendered":"<div>\n<div class=\"mariselle-image-container center\">\n                                            <\/div>\n<p>Milli E\u011fitim Bakanl\u0131\u011f\u0131 ve Telsim i\u015f birli\u011fiyle d\u00fczenlenen Ortaokullar ve Liseler Aras\u0131 V. K\u0131sa \u00d6yk\u00fc Yar\u0131\u015fmas\u0131 i\u00e7in ba\u015fvurular ba\u015flad\u0131.<\/p>\n<p>Milli E\u011fitim Bakanl\u0131\u011f\u0131\u2019ndan yap\u0131lan a\u00e7\u0131klamaya g\u00f6re yar\u0131\u015fman\u0131n bu y\u0131lki temas\u0131, K\u0131br\u0131s\u2019\u0131n e\u015fsiz co\u011frafyas\u0131n\u0131, tarihi yap\u0131lar\u0131 ve efsaneleriyle harmanlayarak \u00f6zg\u00fcn ve etkileyici bir fantastik kurgu \u00f6yk\u00fcs\u00fc yaz\u0131lmas\u0131 olarak belirlendi. \u00d6d\u00fcl t\u00f6reninin May\u0131s 2025\u2019te yap\u0131laca\u011f\u0131 yar\u0131\u015fman\u0131n son ba\u015fvuru tarihi 28 Mart 2025 olarak a\u00e7\u0131kland\u0131. Kat\u0131l\u0131mc\u0131lar, yar\u0131\u015fma \u015fartnamesi ve ba\u015fvuru formuna https:\/\/vfcyp.co\/KisaOykuYaris adresinden ula\u015fabilecek.<\/p>\n<p>Yar\u0131\u015fma, KKTC\u2019nin gelece\u011fi olan \u00e7ocuk ve gen\u00e7lerin okuma, yazma ve d\u00fc\u015f\u00fcnme al\u0131\u015fkanl\u0131klar\u0131n\u0131 geli\u015ftirmelerine katk\u0131 sa\u011flamak, edebiyat\u0131 sevdirmek ve yarat\u0131c\u0131 yazarl\u0131k konusunda gen\u00e7 yetenekleri te\u015fvik etmek amac\u0131yla d\u00fczenleniyor.<\/p>\n<p>-Murad Aktu\u011f: \u201cYarat\u0131c\u0131 d\u00fc\u015f\u00fcnme ve kendilerini ifade etme imkan\u0131 sunuyoruz\u201d<\/p>\n<p>Genel Orta \u00d6\u011fretim Dairesi M\u00fcd\u00fcr Vekili Murad Aktu\u011f yar\u0131\u015fma ile ilgili yapt\u0131\u011f\u0131 a\u00e7\u0131klamada, V. K\u0131sa \u00d6yk\u00fc Yar\u0131\u015fmas\u0131\u2019n\u0131n gen\u00e7lerin d\u00fc\u015f\u00fcnce d\u00fcnyas\u0131n\u0131 zenginle\u015ftiren \u00f6nemli bir platform oldu\u011funa vurgu yapt\u0131.<\/p>\n<p>Yar\u0131\u015fman\u0131n, \u00f6\u011frencilerin hem yaz\u0131l\u0131 ifade yeteneklerini geli\u015ftirdi\u011fini hem de hayal g\u00fc\u00e7lerini \u00f6zg\u00fcrce kullanmalar\u0131na olanak sa\u011flad\u0131\u011f\u0131n\u0131 belirten Aktu\u011f, \u201cBu yar\u0131\u015fma, sadece bir \u00f6d\u00fcl etkinli\u011fi de\u011fil; gen\u00e7lerimizin yarat\u0131c\u0131 d\u00fc\u015f\u00fcnme becerilerini geli\u015ftirebilmeleri ve kendilerini ifade edebilmeleri i\u00e7in bir f\u0131rsatt\u0131r. K\u0131br\u0131s\u2019\u0131n zengin tarihi, e\u015fsiz co\u011frafyas\u0131 ve derin k\u00fclt\u00fcrel miras\u0131, gen\u00e7lerimizin kalemlerinden \u00e7\u0131kan \u00f6yk\u00fclerle yeniden hayat bulacak. Bu sayede \u00f6\u011frencilerimiz, k\u00f6klerimizi ke\u015ffederken hayal d\u00fcnyalar\u0131n\u0131 s\u0131n\u0131rs\u0131z bir \u015fekilde geni\u015fletebilecek.\u201d ifadelerini kulland\u0131.<\/p>\n<p>Aktu\u011f, yar\u0131\u015fmaya kat\u0131lacak olan t\u00fcm \u00f6\u011frencilere ba\u015far\u0131lar dileyerek, yazarl\u0131k ser\u00fcvenlerinin kendilerini ke\u015ffetme yolunda \u00f6nemli bir ad\u0131m olaca\u011f\u0131n\u0131 ifade etti.<\/p>\n<p>Yar\u0131\u015fman\u0131n d\u00fczenlenmesinde eme\u011fi ge\u00e7enlere herkese te\u015fekk\u00fcr eden Aktu\u011f, \u201cGen\u00e7lerimizin gelece\u011fine yat\u0131r\u0131m yapmak, onlar\u0131 yazmaya, okumaya ve d\u00fc\u015f\u00fcnmeye te\u015fvik etmek hepimizin ortak sorumlulu\u011fudur.\u201d dedi.<\/p>\n<p>-Fevzi Tanp\u0131nar: \u201cGelecek her \u00f6yk\u00fc, toplumsal belle\u011fimizi zenginle\u015ftirecek\u201d<\/p>\n<p>Telsim Genel M\u00fcd\u00fcr Yard\u0131mc\u0131s\u0131 Fevzi Tanp\u0131nar da, K\u0131sa \u00d6yk\u00fc Yar\u0131\u015fmas\u0131\u2019n\u0131n \u00e7ocuklara ve gen\u00e7lere kitap okumay\u0131, \u00f6yk\u00fc yazmay\u0131 ve yarat\u0131c\u0131 d\u00fc\u015f\u00fcnmeyi \u00f6\u011fretme konusunda b\u00fcy\u00fck \u00f6nem ta\u015f\u0131d\u0131\u011f\u0131n\u0131 vurgulad\u0131.<\/p>\n<p>Her y\u0131l Milli E\u011fitim Bakanl\u0131\u011f\u0131 i\u015f birli\u011fiyle d\u00fczenlenen yar\u0131\u015fman\u0131n, gen\u00e7lerin hayal g\u00fcc\u00fcn\u00fc ve yarat\u0131c\u0131l\u0131\u011f\u0131n\u0131 ortaya koymas\u0131 i\u00e7in \u00f6nemli bir f\u0131rsat sundu\u011funu belirten Tanp\u0131nar, \u201cGen\u00e7lerimizden, K\u0131br\u0131s\u2019\u0131 d\u00fc\u015f\u00fcnerek ve hayal g\u00fc\u00e7lerini kullanarak bir \u00f6yk\u00fc haz\u0131rlamalar\u0131n\u0131 istiyoruz. Her y\u0131l \u00f6n\u00fcm\u00fcze bir\u00e7ok yarat\u0131c\u0131 \u00f6yk\u00fc geliyor ve j\u00fcri olarak se\u00e7im yapmakta zorlan\u0131yoruz. Bu durum bizleri hem mutlu ediyor hem de heyecanland\u0131r\u0131yor. Gen\u00e7lerimizin yeteneklerini g\u00f6rd\u00fck\u00e7e onlarla gurur duyuyoruz.\u201d dedi.<\/p>\n<p>Gelecek olan \u00f6yk\u00fcleri sab\u0131rs\u0131zl\u0131kla beklediklerini ifade eden Tanp\u0131nar, yar\u0131\u015fmaya kat\u0131lacak t\u00fcm \u00f6\u011frencilere ba\u015far\u0131lar diledi. Ayr\u0131ca, her gelen \u00f6yk\u00fcn\u00fcn toplumsal belle\u011fi zenginle\u015ftirdi\u011fini ve k\u00fclt\u00fcrel mirasa katk\u0131 sa\u011flad\u0131\u011f\u0131n\u0131 s\u00f6zlerine ekledi.<\/p>\n<\/p><\/div>\n<p><script async\n                    defer\n                    crossorigin=\"anonymous\"\n                    src=\"https:\/\/connect.facebook.net\/tr_TR\/sdk.js#xfbml=1&#038;version=v3.3\"\n            ><\/script><\/p>\n","protected":false},"excerpt":{"rendered":"<p>Milli E\u011fitim Bakanl\u0131\u011f\u0131 ve Telsim i\u015f birli\u011fiyle d\u00fczenlenen Ortaokullar ve Liseler Aras\u0131 V. K\u0131sa \u00d6yk\u00fc Yar\u0131\u015fmas\u0131 i\u00e7in ba\u015fvurular ba\u015flad\u0131. Milli E\u011fitim Bakanl\u0131\u011f\u0131\u2019ndan yap\u0131lan a\u00e7\u0131klamaya g\u00f6re yar\u0131\u015fman\u0131n bu y\u0131lki temas\u0131, K\u0131br\u0131s\u2019\u0131n e\u015fsiz co\u011frafyas\u0131n\u0131, tarihi yap\u0131lar\u0131 ve efsaneleriyle harmanlayarak \u00f6zg\u00fcn ve etkileyici bir fantastik kurgu \u00f6yk\u00fcs\u00fc yaz\u0131lmas\u0131 olarak belirlendi. \u00d6d\u00fcl t\u00f6reninin May\u0131s 2025\u2019te yap\u0131laca\u011f\u0131 yar\u0131\u015fman\u0131n son ba\u015fvuru [&hellip;]<\/p>\n","protected":false},"author":1,"featured_media":14486,"comment_status":"open","ping_status":"open","sticky":false,"template":"","format":"standard","meta":{"jnews-multi-image_gallery":[],"jnews_single_post":[],"jnews_primary_category":[],"jnews_social_meta":[],"jnews_override_counter":[],"footnotes":""},"categories":[6],"tags":[],"class_list":["post-14485","post","type-post","status-publish","format-standard","has-post-thumbnail","hentry","category-yasam"],"yoast_head":"<!-- This site is optimized with the Yoast SEO plugin v27.4 - https:\/\/yoast.com\/product\/yoast-seo-wordpress\/ -->\n<title>K\u0131sa \u00d6yk\u00fc Yar\u0131\u015fmas\u0131 i\u00e7in ba\u015fvurular ba\u015flad\u0131 - Kuzeyin Sesi<\/title>\n<meta name=\"robots\" content=\"index, follow, max-snippet:-1, max-image-preview:large, max-video-preview:-1\" \/>\n<link rel=\"canonical\" href=\"https:\/\/kuzeyinsesi.org\/index.php\/2024\/11\/28\/kisa-oyku-yarismasi-icin-basvurular-basladi\/\" \/>\n<meta property=\"og:locale\" content=\"tr_TR\" \/>\n<meta property=\"og:type\" content=\"article\" \/>\n<meta property=\"og:title\" content=\"K\u0131sa \u00d6yk\u00fc Yar\u0131\u015fmas\u0131 i\u00e7in ba\u015fvurular ba\u015flad\u0131 - Kuzeyin Sesi\" \/>\n<meta property=\"og:description\" content=\"Milli E\u011fitim Bakanl\u0131\u011f\u0131 ve Telsim i\u015f birli\u011fiyle d\u00fczenlenen Ortaokullar ve Liseler Aras\u0131 V. K\u0131sa \u00d6yk\u00fc Yar\u0131\u015fmas\u0131 i\u00e7in ba\u015fvurular ba\u015flad\u0131. Milli E\u011fitim Bakanl\u0131\u011f\u0131\u2019ndan yap\u0131lan a\u00e7\u0131klamaya g\u00f6re yar\u0131\u015fman\u0131n bu y\u0131lki temas\u0131, K\u0131br\u0131s\u2019\u0131n e\u015fsiz co\u011frafyas\u0131n\u0131, tarihi yap\u0131lar\u0131 ve efsaneleriyle harmanlayarak \u00f6zg\u00fcn ve etkileyici bir fantastik kurgu \u00f6yk\u00fcs\u00fc yaz\u0131lmas\u0131 olarak belirlendi. \u00d6d\u00fcl t\u00f6reninin May\u0131s 2025\u2019te yap\u0131laca\u011f\u0131 yar\u0131\u015fman\u0131n son ba\u015fvuru [&hellip;]\" \/>\n<meta property=\"og:url\" content=\"https:\/\/kuzeyinsesi.org\/index.php\/2024\/11\/28\/kisa-oyku-yarismasi-icin-basvurular-basladi\/\" \/>\n<meta property=\"og:site_name\" content=\"Kuzeyin Sesi\" \/>\n<meta property=\"article:publisher\" content=\"https:\/\/www.facebook.com\/kuzeyinsesii\" \/>\n<meta property=\"article:published_time\" content=\"2024-11-28T09:23:30+00:00\" \/>\n<meta property=\"og:image\" content=\"https:\/\/brtk.net\/wp-content\/uploads\/2024\/11\/28\/meb-telsim-kisa-oyku-yarismasi-gorsel.jpg?ver=97758c850204cbb2258f6ecf10b05f53\" \/>\n<meta name=\"author\" content=\"Kuzeyin Sesi\" \/>\n<meta name=\"twitter:card\" content=\"summary_large_image\" \/>\n<meta name=\"twitter:creator\" content=\"@kuzeyinsesii\" \/>\n<meta name=\"twitter:site\" content=\"@kuzeyinsesii\" \/>\n<meta name=\"twitter:label1\" content=\"Yazan:\" \/>\n\t<meta name=\"twitter:data1\" content=\"Kuzeyin Sesi\" \/>\n\t<meta name=\"twitter:label2\" content=\"Tahmini okuma s\u00fcresi\" \/>\n\t<meta name=\"twitter:data2\" content=\"3 dakika\" \/>\n<script type=\"application\/ld+json\" class=\"yoast-schema-graph\">{\"@context\":\"https:\\\/\\\/schema.org\",\"@graph\":[{\"@type\":\"Article\",\"@id\":\"https:\\\/\\\/kuzeyinsesi.org\\\/index.php\\\/2024\\\/11\\\/28\\\/kisa-oyku-yarismasi-icin-basvurular-basladi\\\/#article\",\"isPartOf\":{\"@id\":\"https:\\\/\\\/kuzeyinsesi.org\\\/index.php\\\/2024\\\/11\\\/28\\\/kisa-oyku-yarismasi-icin-basvurular-basladi\\\/\"},\"author\":{\"name\":\"Kuzeyin Sesi\",\"@id\":\"https:\\\/\\\/kuzeyinsesi.org\\\/#\\\/schema\\\/person\\\/9f859689cdf01485597712386e37f5aa\"},\"headline\":\"K\u0131sa \u00d6yk\u00fc Yar\u0131\u015fmas\u0131 i\u00e7in ba\u015fvurular ba\u015flad\u0131\",\"datePublished\":\"2024-11-28T09:23:30+00:00\",\"mainEntityOfPage\":{\"@id\":\"https:\\\/\\\/kuzeyinsesi.org\\\/index.php\\\/2024\\\/11\\\/28\\\/kisa-oyku-yarismasi-icin-basvurular-basladi\\\/\"},\"wordCount\":588,\"commentCount\":0,\"image\":{\"@id\":\"https:\\\/\\\/kuzeyinsesi.org\\\/index.php\\\/2024\\\/11\\\/28\\\/kisa-oyku-yarismasi-icin-basvurular-basladi\\\/#primaryimage\"},\"thumbnailUrl\":\"https:\\\/\\\/kuzeyinsesi.org\\\/wp-content\\\/uploads\\\/2024\\\/11\\\/meb-telsim-kisa-oyku-yarismasi-gorsel.jpg\",\"articleSection\":[\"Ya\u015fam\"],\"inLanguage\":\"tr\",\"potentialAction\":[{\"@type\":\"CommentAction\",\"name\":\"Comment\",\"target\":[\"https:\\\/\\\/kuzeyinsesi.org\\\/index.php\\\/2024\\\/11\\\/28\\\/kisa-oyku-yarismasi-icin-basvurular-basladi\\\/#respond\"]}]},{\"@type\":\"WebPage\",\"@id\":\"https:\\\/\\\/kuzeyinsesi.org\\\/index.php\\\/2024\\\/11\\\/28\\\/kisa-oyku-yarismasi-icin-basvurular-basladi\\\/\",\"url\":\"https:\\\/\\\/kuzeyinsesi.org\\\/index.php\\\/2024\\\/11\\\/28\\\/kisa-oyku-yarismasi-icin-basvurular-basladi\\\/\",\"name\":\"K\u0131sa \u00d6yk\u00fc Yar\u0131\u015fmas\u0131 i\u00e7in ba\u015fvurular ba\u015flad\u0131 - Kuzeyin Sesi\",\"isPartOf\":{\"@id\":\"https:\\\/\\\/kuzeyinsesi.org\\\/#website\"},\"primaryImageOfPage\":{\"@id\":\"https:\\\/\\\/kuzeyinsesi.org\\\/index.php\\\/2024\\\/11\\\/28\\\/kisa-oyku-yarismasi-icin-basvurular-basladi\\\/#primaryimage\"},\"image\":{\"@id\":\"https:\\\/\\\/kuzeyinsesi.org\\\/index.php\\\/2024\\\/11\\\/28\\\/kisa-oyku-yarismasi-icin-basvurular-basladi\\\/#primaryimage\"},\"thumbnailUrl\":\"https:\\\/\\\/kuzeyinsesi.org\\\/wp-content\\\/uploads\\\/2024\\\/11\\\/meb-telsim-kisa-oyku-yarismasi-gorsel.jpg\",\"datePublished\":\"2024-11-28T09:23:30+00:00\",\"author\":{\"@id\":\"https:\\\/\\\/kuzeyinsesi.org\\\/#\\\/schema\\\/person\\\/9f859689cdf01485597712386e37f5aa\"},\"breadcrumb\":{\"@id\":\"https:\\\/\\\/kuzeyinsesi.org\\\/index.php\\\/2024\\\/11\\\/28\\\/kisa-oyku-yarismasi-icin-basvurular-basladi\\\/#breadcrumb\"},\"inLanguage\":\"tr\",\"potentialAction\":[{\"@type\":\"ReadAction\",\"target\":[\"https:\\\/\\\/kuzeyinsesi.org\\\/index.php\\\/2024\\\/11\\\/28\\\/kisa-oyku-yarismasi-icin-basvurular-basladi\\\/\"]}]},{\"@type\":\"ImageObject\",\"inLanguage\":\"tr\",\"@id\":\"https:\\\/\\\/kuzeyinsesi.org\\\/index.php\\\/2024\\\/11\\\/28\\\/kisa-oyku-yarismasi-icin-basvurular-basladi\\\/#primaryimage\",\"url\":\"https:\\\/\\\/kuzeyinsesi.org\\\/wp-content\\\/uploads\\\/2024\\\/11\\\/meb-telsim-kisa-oyku-yarismasi-gorsel.jpg\",\"contentUrl\":\"https:\\\/\\\/kuzeyinsesi.org\\\/wp-content\\\/uploads\\\/2024\\\/11\\\/meb-telsim-kisa-oyku-yarismasi-gorsel.jpg\",\"width\":650,\"height\":922},{\"@type\":\"BreadcrumbList\",\"@id\":\"https:\\\/\\\/kuzeyinsesi.org\\\/index.php\\\/2024\\\/11\\\/28\\\/kisa-oyku-yarismasi-icin-basvurular-basladi\\\/#breadcrumb\",\"itemListElement\":[{\"@type\":\"ListItem\",\"position\":1,\"name\":\"Anasayfa\",\"item\":\"https:\\\/\\\/kuzeyinsesi.org\\\/\"},{\"@type\":\"ListItem\",\"position\":2,\"name\":\"K\u0131sa \u00d6yk\u00fc Yar\u0131\u015fmas\u0131 i\u00e7in ba\u015fvurular ba\u015flad\u0131\"}]},{\"@type\":\"WebSite\",\"@id\":\"https:\\\/\\\/kuzeyinsesi.org\\\/#website\",\"url\":\"https:\\\/\\\/kuzeyinsesi.org\\\/\",\"name\":\"Kuzeyin Sesi\",\"description\":\"Do\u011fru Haberin Adresi\",\"potentialAction\":[{\"@type\":\"SearchAction\",\"target\":{\"@type\":\"EntryPoint\",\"urlTemplate\":\"https:\\\/\\\/kuzeyinsesi.org\\\/?s={search_term_string}\"},\"query-input\":{\"@type\":\"PropertyValueSpecification\",\"valueRequired\":true,\"valueName\":\"search_term_string\"}}],\"inLanguage\":\"tr\"},{\"@type\":\"Person\",\"@id\":\"https:\\\/\\\/kuzeyinsesi.org\\\/#\\\/schema\\\/person\\\/9f859689cdf01485597712386e37f5aa\",\"name\":\"Kuzeyin Sesi\",\"image\":{\"@type\":\"ImageObject\",\"inLanguage\":\"tr\",\"@id\":\"https:\\\/\\\/secure.gravatar.com\\\/avatar\\\/bab33852abfd8b282518d6ed81826833d77c3c882d9ab608add591ccace47a44?s=96&d=mm&r=g\",\"url\":\"https:\\\/\\\/secure.gravatar.com\\\/avatar\\\/bab33852abfd8b282518d6ed81826833d77c3c882d9ab608add591ccace47a44?s=96&d=mm&r=g\",\"contentUrl\":\"https:\\\/\\\/secure.gravatar.com\\\/avatar\\\/bab33852abfd8b282518d6ed81826833d77c3c882d9ab608add591ccace47a44?s=96&d=mm&r=g\",\"caption\":\"Kuzeyin Sesi\"},\"sameAs\":[\"https:\\\/\\\/kuzeyinsesi.org\"],\"url\":\"https:\\\/\\\/kuzeyinsesi.org\\\/index.php\\\/author\\\/guven\\\/\"}]}<\/script>\n<!-- \/ Yoast SEO plugin. -->","yoast_head_json":{"title":"K\u0131sa \u00d6yk\u00fc Yar\u0131\u015fmas\u0131 i\u00e7in ba\u015fvurular ba\u015flad\u0131 - Kuzeyin Sesi","robots":{"index":"index","follow":"follow","max-snippet":"max-snippet:-1","max-image-preview":"max-image-preview:large","max-video-preview":"max-video-preview:-1"},"canonical":"https:\/\/kuzeyinsesi.org\/index.php\/2024\/11\/28\/kisa-oyku-yarismasi-icin-basvurular-basladi\/","og_locale":"tr_TR","og_type":"article","og_title":"K\u0131sa \u00d6yk\u00fc Yar\u0131\u015fmas\u0131 i\u00e7in ba\u015fvurular ba\u015flad\u0131 - Kuzeyin Sesi","og_description":"Milli E\u011fitim Bakanl\u0131\u011f\u0131 ve Telsim i\u015f birli\u011fiyle d\u00fczenlenen Ortaokullar ve Liseler Aras\u0131 V. K\u0131sa \u00d6yk\u00fc Yar\u0131\u015fmas\u0131 i\u00e7in ba\u015fvurular ba\u015flad\u0131. Milli E\u011fitim Bakanl\u0131\u011f\u0131\u2019ndan yap\u0131lan a\u00e7\u0131klamaya g\u00f6re yar\u0131\u015fman\u0131n bu y\u0131lki temas\u0131, K\u0131br\u0131s\u2019\u0131n e\u015fsiz co\u011frafyas\u0131n\u0131, tarihi yap\u0131lar\u0131 ve efsaneleriyle harmanlayarak \u00f6zg\u00fcn ve etkileyici bir fantastik kurgu \u00f6yk\u00fcs\u00fc yaz\u0131lmas\u0131 olarak belirlendi. \u00d6d\u00fcl t\u00f6reninin May\u0131s 2025\u2019te yap\u0131laca\u011f\u0131 yar\u0131\u015fman\u0131n son ba\u015fvuru [&hellip;]","og_url":"https:\/\/kuzeyinsesi.org\/index.php\/2024\/11\/28\/kisa-oyku-yarismasi-icin-basvurular-basladi\/","og_site_name":"Kuzeyin Sesi","article_publisher":"https:\/\/www.facebook.com\/kuzeyinsesii","article_published_time":"2024-11-28T09:23:30+00:00","og_image":[{"url":"https:\/\/brtk.net\/wp-content\/uploads\/2024\/11\/28\/meb-telsim-kisa-oyku-yarismasi-gorsel.jpg?ver=97758c850204cbb2258f6ecf10b05f53","type":"","width":"","height":""}],"author":"Kuzeyin Sesi","twitter_card":"summary_large_image","twitter_creator":"@kuzeyinsesii","twitter_site":"@kuzeyinsesii","twitter_misc":{"Yazan:":"Kuzeyin Sesi","Tahmini okuma s\u00fcresi":"3 dakika"},"schema":{"@context":"https:\/\/schema.org","@graph":[{"@type":"Article","@id":"https:\/\/kuzeyinsesi.org\/index.php\/2024\/11\/28\/kisa-oyku-yarismasi-icin-basvurular-basladi\/#article","isPartOf":{"@id":"https:\/\/kuzeyinsesi.org\/index.php\/2024\/11\/28\/kisa-oyku-yarismasi-icin-basvurular-basladi\/"},"author":{"name":"Kuzeyin Sesi","@id":"https:\/\/kuzeyinsesi.org\/#\/schema\/person\/9f859689cdf01485597712386e37f5aa"},"headline":"K\u0131sa \u00d6yk\u00fc Yar\u0131\u015fmas\u0131 i\u00e7in ba\u015fvurular ba\u015flad\u0131","datePublished":"2024-11-28T09:23:30+00:00","mainEntityOfPage":{"@id":"https:\/\/kuzeyinsesi.org\/index.php\/2024\/11\/28\/kisa-oyku-yarismasi-icin-basvurular-basladi\/"},"wordCount":588,"commentCount":0,"image":{"@id":"https:\/\/kuzeyinsesi.org\/index.php\/2024\/11\/28\/kisa-oyku-yarismasi-icin-basvurular-basladi\/#primaryimage"},"thumbnailUrl":"https:\/\/kuzeyinsesi.org\/wp-content\/uploads\/2024\/11\/meb-telsim-kisa-oyku-yarismasi-gorsel.jpg","articleSection":["Ya\u015fam"],"inLanguage":"tr","potentialAction":[{"@type":"CommentAction","name":"Comment","target":["https:\/\/kuzeyinsesi.org\/index.php\/2024\/11\/28\/kisa-oyku-yarismasi-icin-basvurular-basladi\/#respond"]}]},{"@type":"WebPage","@id":"https:\/\/kuzeyinsesi.org\/index.php\/2024\/11\/28\/kisa-oyku-yarismasi-icin-basvurular-basladi\/","url":"https:\/\/kuzeyinsesi.org\/index.php\/2024\/11\/28\/kisa-oyku-yarismasi-icin-basvurular-basladi\/","name":"K\u0131sa \u00d6yk\u00fc Yar\u0131\u015fmas\u0131 i\u00e7in ba\u015fvurular ba\u015flad\u0131 - Kuzeyin Sesi","isPartOf":{"@id":"https:\/\/kuzeyinsesi.org\/#website"},"primaryImageOfPage":{"@id":"https:\/\/kuzeyinsesi.org\/index.php\/2024\/11\/28\/kisa-oyku-yarismasi-icin-basvurular-basladi\/#primaryimage"},"image":{"@id":"https:\/\/kuzeyinsesi.org\/index.php\/2024\/11\/28\/kisa-oyku-yarismasi-icin-basvurular-basladi\/#primaryimage"},"thumbnailUrl":"https:\/\/kuzeyinsesi.org\/wp-content\/uploads\/2024\/11\/meb-telsim-kisa-oyku-yarismasi-gorsel.jpg","datePublished":"2024-11-28T09:23:30+00:00","author":{"@id":"https:\/\/kuzeyinsesi.org\/#\/schema\/person\/9f859689cdf01485597712386e37f5aa"},"breadcrumb":{"@id":"https:\/\/kuzeyinsesi.org\/index.php\/2024\/11\/28\/kisa-oyku-yarismasi-icin-basvurular-basladi\/#breadcrumb"},"inLanguage":"tr","potentialAction":[{"@type":"ReadAction","target":["https:\/\/kuzeyinsesi.org\/index.php\/2024\/11\/28\/kisa-oyku-yarismasi-icin-basvurular-basladi\/"]}]},{"@type":"ImageObject","inLanguage":"tr","@id":"https:\/\/kuzeyinsesi.org\/index.php\/2024\/11\/28\/kisa-oyku-yarismasi-icin-basvurular-basladi\/#primaryimage","url":"https:\/\/kuzeyinsesi.org\/wp-content\/uploads\/2024\/11\/meb-telsim-kisa-oyku-yarismasi-gorsel.jpg","contentUrl":"https:\/\/kuzeyinsesi.org\/wp-content\/uploads\/2024\/11\/meb-telsim-kisa-oyku-yarismasi-gorsel.jpg","width":650,"height":922},{"@type":"BreadcrumbList","@id":"https:\/\/kuzeyinsesi.org\/index.php\/2024\/11\/28\/kisa-oyku-yarismasi-icin-basvurular-basladi\/#breadcrumb","itemListElement":[{"@type":"ListItem","position":1,"name":"Anasayfa","item":"https:\/\/kuzeyinsesi.org\/"},{"@type":"ListItem","position":2,"name":"K\u0131sa \u00d6yk\u00fc Yar\u0131\u015fmas\u0131 i\u00e7in ba\u015fvurular ba\u015flad\u0131"}]},{"@type":"WebSite","@id":"https:\/\/kuzeyinsesi.org\/#website","url":"https:\/\/kuzeyinsesi.org\/","name":"Kuzeyin Sesi","description":"Do\u011fru Haberin Adresi","potentialAction":[{"@type":"SearchAction","target":{"@type":"EntryPoint","urlTemplate":"https:\/\/kuzeyinsesi.org\/?s={search_term_string}"},"query-input":{"@type":"PropertyValueSpecification","valueRequired":true,"valueName":"search_term_string"}}],"inLanguage":"tr"},{"@type":"Person","@id":"https:\/\/kuzeyinsesi.org\/#\/schema\/person\/9f859689cdf01485597712386e37f5aa","name":"Kuzeyin Sesi","image":{"@type":"ImageObject","inLanguage":"tr","@id":"https:\/\/secure.gravatar.com\/avatar\/bab33852abfd8b282518d6ed81826833d77c3c882d9ab608add591ccace47a44?s=96&d=mm&r=g","url":"https:\/\/secure.gravatar.com\/avatar\/bab33852abfd8b282518d6ed81826833d77c3c882d9ab608add591ccace47a44?s=96&d=mm&r=g","contentUrl":"https:\/\/secure.gravatar.com\/avatar\/bab33852abfd8b282518d6ed81826833d77c3c882d9ab608add591ccace47a44?s=96&d=mm&r=g","caption":"Kuzeyin Sesi"},"sameAs":["https:\/\/kuzeyinsesi.org"],"url":"https:\/\/kuzeyinsesi.org\/index.php\/author\/guven\/"}]}},"_links":{"self":[{"href":"https:\/\/kuzeyinsesi.org\/index.php\/wp-json\/wp\/v2\/posts\/14485","targetHints":{"allow":["GET"]}}],"collection":[{"href":"https:\/\/kuzeyinsesi.org\/index.php\/wp-json\/wp\/v2\/posts"}],"about":[{"href":"https:\/\/kuzeyinsesi.org\/index.php\/wp-json\/wp\/v2\/types\/post"}],"author":[{"embeddable":true,"href":"https:\/\/kuzeyinsesi.org\/index.php\/wp-json\/wp\/v2\/users\/1"}],"replies":[{"embeddable":true,"href":"https:\/\/kuzeyinsesi.org\/index.php\/wp-json\/wp\/v2\/comments?post=14485"}],"version-history":[{"count":0,"href":"https:\/\/kuzeyinsesi.org\/index.php\/wp-json\/wp\/v2\/posts\/14485\/revisions"}],"wp:featuredmedia":[{"embeddable":true,"href":"https:\/\/kuzeyinsesi.org\/index.php\/wp-json\/wp\/v2\/media\/14486"}],"wp:attachment":[{"href":"https:\/\/kuzeyinsesi.org\/index.php\/wp-json\/wp\/v2\/media?parent=14485"}],"wp:term":[{"taxonomy":"category","embeddable":true,"href":"https:\/\/kuzeyinsesi.org\/index.php\/wp-json\/wp\/v2\/categories?post=14485"},{"taxonomy":"post_tag","embeddable":true,"href":"https:\/\/kuzeyinsesi.org\/index.php\/wp-json\/wp\/v2\/tags?post=14485"}],"curies":[{"name":"wp","href":"https:\/\/api.w.org\/{rel}","templated":true}]}}