{"id":1447,"date":"2024-05-06T10:35:58","date_gmt":"2024-05-06T07:35:58","guid":{"rendered":"https:\/\/kuzeyinsesi.com\/index.php\/2024\/05\/06\/aliye-ummanelin-kibris-uclemesi-uc-birlik-kurali-bozulan-tragedya-adli-kitabi-cuma-aksami-tanitilacak\/"},"modified":"2024-05-06T10:35:58","modified_gmt":"2024-05-06T07:35:58","slug":"aliye-ummanelin-kibris-uclemesi-uc-birlik-kurali-bozulan-tragedya-adli-kitabi-cuma-aksami-tanitilacak","status":"publish","type":"post","link":"https:\/\/kuzeyinsesi.org\/index.php\/2024\/05\/06\/aliye-ummanelin-kibris-uclemesi-uc-birlik-kurali-bozulan-tragedya-adli-kitabi-cuma-aksami-tanitilacak\/","title":{"rendered":"Aliye Ummanel\u2019in \u201cK\u0131br\u0131s \u00dc\u00e7lemesi: \u00dc\u00e7 Birlik Kural\u0131 Bozulan Tragedya\u201d adl\u0131 kitab\u0131 cuma ak\u015fam\u0131 tan\u0131t\u0131lacak"},"content":{"rendered":"<div>\n<div class=\"mariselle-image-container center\">\n                                            <\/div>\n<p>Aliye Ummanel\u2019in \u201cPassa Tempo, Kay\u0131p ve Ev\u201d oyunlar\u0131ndan olu\u015fan ve I\u015f\u0131k Kitabevi taraf\u0131ndan yay\u0131nlanan \u201cK\u0131br\u0131s \u00dc\u00e7lemesi: \u00dc\u00e7 Birlik Kural\u0131 Bozulan Tragedya\u201d isimli kitab\u0131 cuma ak\u015fam\u0131 tan\u0131t\u0131lacak.<\/p>\n<p>I\u015f\u0131k Kitabevi\u2019nin \u00fcst kat\u0131nda bulunan Blckbrd Social Cafe\u2019de saat 19.00\u2019da ba\u015flayacak tan\u0131t\u0131m ve s\u00f6yle\u015fi etkinli\u011finde, K\u0131br\u0131s Sanat\u00e7\u0131 ve Yazarlar Birli\u011fi Ba\u015fkan\u0131 \u015eair Ne\u015fe Ya\u015f\u0131n, Ara\u015ft\u0131rmac\u0131-Yazar Mete Hatay ve Tiyatro Sanat\u00e7\u0131s\u0131 Hatice Tezcan konu\u015fmac\u0131 olarak yer alacak.<\/p>\n<p>Etkinlikte, yazar\u0131n, her biri sahnelenmi\u015f oyunlar\u0131ndan okumalar da yap\u0131lacak.<\/p>\n<\/p><\/div>\n<p><script async\n                    defer\n                    crossorigin=\"anonymous\"\n                    src=\"https:\/\/connect.facebook.net\/tr_TR\/sdk.js#xfbml=1&#038;version=v3.3\"\n            ><\/script><\/p>\n","protected":false},"excerpt":{"rendered":"<p>Aliye Ummanel\u2019in \u201cPassa Tempo, Kay\u0131p ve Ev\u201d oyunlar\u0131ndan olu\u015fan ve I\u015f\u0131k Kitabevi taraf\u0131ndan yay\u0131nlanan \u201cK\u0131br\u0131s \u00dc\u00e7lemesi: \u00dc\u00e7 Birlik Kural\u0131 Bozulan Tragedya\u201d isimli kitab\u0131 cuma ak\u015fam\u0131 tan\u0131t\u0131lacak. I\u015f\u0131k Kitabevi\u2019nin \u00fcst kat\u0131nda bulunan Blckbrd Social Cafe\u2019de saat 19.00\u2019da ba\u015flayacak tan\u0131t\u0131m ve s\u00f6yle\u015fi etkinli\u011finde, K\u0131br\u0131s Sanat\u00e7\u0131 ve Yazarlar Birli\u011fi Ba\u015fkan\u0131 \u015eair Ne\u015fe Ya\u015f\u0131n, Ara\u015ft\u0131rmac\u0131-Yazar Mete Hatay ve Tiyatro [&hellip;]<\/p>\n","protected":false},"author":1,"featured_media":1448,"comment_status":"open","ping_status":"open","sticky":false,"template":"","format":"standard","meta":{"jnews-multi-image_gallery":[],"jnews_single_post":[],"jnews_primary_category":[],"jnews_social_meta":[],"jnews_override_counter":[],"footnotes":""},"categories":[6],"tags":[],"class_list":["post-1447","post","type-post","status-publish","format-standard","has-post-thumbnail","hentry","category-yasam"],"yoast_head":"<!-- This site is optimized with the Yoast SEO plugin v27.5 - https:\/\/yoast.com\/product\/yoast-seo-wordpress\/ -->\n<title>Aliye Ummanel\u2019in \u201cK\u0131br\u0131s \u00dc\u00e7lemesi: \u00dc\u00e7 Birlik Kural\u0131 Bozulan Tragedya\u201d adl\u0131 kitab\u0131 cuma ak\u015fam\u0131 tan\u0131t\u0131lacak - Kuzeyin Sesi<\/title>\n<meta name=\"robots\" content=\"index, follow, max-snippet:-1, max-image-preview:large, max-video-preview:-1\" \/>\n<link rel=\"canonical\" href=\"https:\/\/kuzeyinsesi.org\/index.php\/2024\/05\/06\/aliye-ummanelin-kibris-uclemesi-uc-birlik-kurali-bozulan-tragedya-adli-kitabi-cuma-aksami-tanitilacak\/\" \/>\n<meta property=\"og:locale\" content=\"tr_TR\" \/>\n<meta property=\"og:type\" content=\"article\" \/>\n<meta property=\"og:title\" content=\"Aliye Ummanel\u2019in \u201cK\u0131br\u0131s \u00dc\u00e7lemesi: \u00dc\u00e7 Birlik Kural\u0131 Bozulan Tragedya\u201d adl\u0131 kitab\u0131 cuma ak\u015fam\u0131 tan\u0131t\u0131lacak - Kuzeyin Sesi\" \/>\n<meta property=\"og:description\" content=\"Aliye Ummanel\u2019in \u201cPassa Tempo, Kay\u0131p ve Ev\u201d oyunlar\u0131ndan olu\u015fan ve I\u015f\u0131k Kitabevi taraf\u0131ndan yay\u0131nlanan \u201cK\u0131br\u0131s \u00dc\u00e7lemesi: \u00dc\u00e7 Birlik Kural\u0131 Bozulan Tragedya\u201d isimli kitab\u0131 cuma ak\u015fam\u0131 tan\u0131t\u0131lacak. I\u015f\u0131k Kitabevi\u2019nin \u00fcst kat\u0131nda bulunan Blckbrd Social Cafe\u2019de saat 19.00\u2019da ba\u015flayacak tan\u0131t\u0131m ve s\u00f6yle\u015fi etkinli\u011finde, K\u0131br\u0131s Sanat\u00e7\u0131 ve Yazarlar Birli\u011fi Ba\u015fkan\u0131 \u015eair Ne\u015fe Ya\u015f\u0131n, Ara\u015ft\u0131rmac\u0131-Yazar Mete Hatay ve Tiyatro [&hellip;]\" \/>\n<meta property=\"og:url\" content=\"https:\/\/kuzeyinsesi.org\/index.php\/2024\/05\/06\/aliye-ummanelin-kibris-uclemesi-uc-birlik-kurali-bozulan-tragedya-adli-kitabi-cuma-aksami-tanitilacak\/\" \/>\n<meta property=\"og:site_name\" content=\"Kuzeyin Sesi\" \/>\n<meta property=\"article:publisher\" content=\"https:\/\/www.facebook.com\/kuzeyinsesii\" \/>\n<meta property=\"article:published_time\" content=\"2024-05-06T07:35:58+00:00\" \/>\n<meta property=\"og:image\" content=\"https:\/\/kuzeyinsesi.org\/wp-content\/uploads\/2024\/05\/454454.jpg\" \/>\n\t<meta property=\"og:image:width\" content=\"1474\" \/>\n\t<meta property=\"og:image:height\" content=\"698\" \/>\n\t<meta property=\"og:image:type\" content=\"image\/jpeg\" \/>\n<meta name=\"author\" content=\"Kuzeyin Sesi\" \/>\n<meta name=\"twitter:card\" content=\"summary_large_image\" \/>\n<meta name=\"twitter:creator\" content=\"@kuzeyinsesii\" \/>\n<meta name=\"twitter:site\" content=\"@kuzeyinsesii\" \/>\n<meta name=\"twitter:label1\" content=\"Yazan:\" \/>\n\t<meta name=\"twitter:data1\" content=\"Kuzeyin Sesi\" \/>\n\t<meta name=\"twitter:label2\" content=\"Tahmini okuma s\u00fcresi\" \/>\n\t<meta name=\"twitter:data2\" content=\"1 dakika\" \/>\n<script type=\"application\/ld+json\" class=\"yoast-schema-graph\">{\"@context\":\"https:\\\/\\\/schema.org\",\"@graph\":[{\"@type\":\"Article\",\"@id\":\"https:\\\/\\\/kuzeyinsesi.org\\\/index.php\\\/2024\\\/05\\\/06\\\/aliye-ummanelin-kibris-uclemesi-uc-birlik-kurali-bozulan-tragedya-adli-kitabi-cuma-aksami-tanitilacak\\\/#article\",\"isPartOf\":{\"@id\":\"https:\\\/\\\/kuzeyinsesi.org\\\/index.php\\\/2024\\\/05\\\/06\\\/aliye-ummanelin-kibris-uclemesi-uc-birlik-kurali-bozulan-tragedya-adli-kitabi-cuma-aksami-tanitilacak\\\/\"},\"author\":{\"name\":\"Kuzeyin Sesi\",\"@id\":\"https:\\\/\\\/kuzeyinsesi.org\\\/#\\\/schema\\\/person\\\/9f859689cdf01485597712386e37f5aa\"},\"headline\":\"Aliye Ummanel\u2019in \u201cK\u0131br\u0131s \u00dc\u00e7lemesi: \u00dc\u00e7 Birlik Kural\u0131 Bozulan Tragedya\u201d adl\u0131 kitab\u0131 cuma ak\u015fam\u0131 tan\u0131t\u0131lacak\",\"datePublished\":\"2024-05-06T07:35:58+00:00\",\"mainEntityOfPage\":{\"@id\":\"https:\\\/\\\/kuzeyinsesi.org\\\/index.php\\\/2024\\\/05\\\/06\\\/aliye-ummanelin-kibris-uclemesi-uc-birlik-kurali-bozulan-tragedya-adli-kitabi-cuma-aksami-tanitilacak\\\/\"},\"wordCount\":125,\"commentCount\":0,\"image\":{\"@id\":\"https:\\\/\\\/kuzeyinsesi.org\\\/index.php\\\/2024\\\/05\\\/06\\\/aliye-ummanelin-kibris-uclemesi-uc-birlik-kurali-bozulan-tragedya-adli-kitabi-cuma-aksami-tanitilacak\\\/#primaryimage\"},\"thumbnailUrl\":\"https:\\\/\\\/kuzeyinsesi.org\\\/wp-content\\\/uploads\\\/2024\\\/05\\\/454454.jpg\",\"articleSection\":[\"Ya\u015fam\"],\"inLanguage\":\"tr\",\"potentialAction\":[{\"@type\":\"CommentAction\",\"name\":\"Comment\",\"target\":[\"https:\\\/\\\/kuzeyinsesi.org\\\/index.php\\\/2024\\\/05\\\/06\\\/aliye-ummanelin-kibris-uclemesi-uc-birlik-kurali-bozulan-tragedya-adli-kitabi-cuma-aksami-tanitilacak\\\/#respond\"]}]},{\"@type\":\"WebPage\",\"@id\":\"https:\\\/\\\/kuzeyinsesi.org\\\/index.php\\\/2024\\\/05\\\/06\\\/aliye-ummanelin-kibris-uclemesi-uc-birlik-kurali-bozulan-tragedya-adli-kitabi-cuma-aksami-tanitilacak\\\/\",\"url\":\"https:\\\/\\\/kuzeyinsesi.org\\\/index.php\\\/2024\\\/05\\\/06\\\/aliye-ummanelin-kibris-uclemesi-uc-birlik-kurali-bozulan-tragedya-adli-kitabi-cuma-aksami-tanitilacak\\\/\",\"name\":\"Aliye Ummanel\u2019in \u201cK\u0131br\u0131s \u00dc\u00e7lemesi: \u00dc\u00e7 Birlik Kural\u0131 Bozulan Tragedya\u201d adl\u0131 kitab\u0131 cuma ak\u015fam\u0131 tan\u0131t\u0131lacak - Kuzeyin Sesi\",\"isPartOf\":{\"@id\":\"https:\\\/\\\/kuzeyinsesi.org\\\/#website\"},\"primaryImageOfPage\":{\"@id\":\"https:\\\/\\\/kuzeyinsesi.org\\\/index.php\\\/2024\\\/05\\\/06\\\/aliye-ummanelin-kibris-uclemesi-uc-birlik-kurali-bozulan-tragedya-adli-kitabi-cuma-aksami-tanitilacak\\\/#primaryimage\"},\"image\":{\"@id\":\"https:\\\/\\\/kuzeyinsesi.org\\\/index.php\\\/2024\\\/05\\\/06\\\/aliye-ummanelin-kibris-uclemesi-uc-birlik-kurali-bozulan-tragedya-adli-kitabi-cuma-aksami-tanitilacak\\\/#primaryimage\"},\"thumbnailUrl\":\"https:\\\/\\\/kuzeyinsesi.org\\\/wp-content\\\/uploads\\\/2024\\\/05\\\/454454.jpg\",\"datePublished\":\"2024-05-06T07:35:58+00:00\",\"author\":{\"@id\":\"https:\\\/\\\/kuzeyinsesi.org\\\/#\\\/schema\\\/person\\\/9f859689cdf01485597712386e37f5aa\"},\"breadcrumb\":{\"@id\":\"https:\\\/\\\/kuzeyinsesi.org\\\/index.php\\\/2024\\\/05\\\/06\\\/aliye-ummanelin-kibris-uclemesi-uc-birlik-kurali-bozulan-tragedya-adli-kitabi-cuma-aksami-tanitilacak\\\/#breadcrumb\"},\"inLanguage\":\"tr\",\"potentialAction\":[{\"@type\":\"ReadAction\",\"target\":[\"https:\\\/\\\/kuzeyinsesi.org\\\/index.php\\\/2024\\\/05\\\/06\\\/aliye-ummanelin-kibris-uclemesi-uc-birlik-kurali-bozulan-tragedya-adli-kitabi-cuma-aksami-tanitilacak\\\/\"]}]},{\"@type\":\"ImageObject\",\"inLanguage\":\"tr\",\"@id\":\"https:\\\/\\\/kuzeyinsesi.org\\\/index.php\\\/2024\\\/05\\\/06\\\/aliye-ummanelin-kibris-uclemesi-uc-birlik-kurali-bozulan-tragedya-adli-kitabi-cuma-aksami-tanitilacak\\\/#primaryimage\",\"url\":\"https:\\\/\\\/kuzeyinsesi.org\\\/wp-content\\\/uploads\\\/2024\\\/05\\\/454454.jpg\",\"contentUrl\":\"https:\\\/\\\/kuzeyinsesi.org\\\/wp-content\\\/uploads\\\/2024\\\/05\\\/454454.jpg\",\"width\":1474,\"height\":698},{\"@type\":\"BreadcrumbList\",\"@id\":\"https:\\\/\\\/kuzeyinsesi.org\\\/index.php\\\/2024\\\/05\\\/06\\\/aliye-ummanelin-kibris-uclemesi-uc-birlik-kurali-bozulan-tragedya-adli-kitabi-cuma-aksami-tanitilacak\\\/#breadcrumb\",\"itemListElement\":[{\"@type\":\"ListItem\",\"position\":1,\"name\":\"Anasayfa\",\"item\":\"https:\\\/\\\/kuzeyinsesi.org\\\/\"},{\"@type\":\"ListItem\",\"position\":2,\"name\":\"Aliye Ummanel\u2019in \u201cK\u0131br\u0131s \u00dc\u00e7lemesi: \u00dc\u00e7 Birlik Kural\u0131 Bozulan Tragedya\u201d adl\u0131 kitab\u0131 cuma ak\u015fam\u0131 tan\u0131t\u0131lacak\"}]},{\"@type\":\"WebSite\",\"@id\":\"https:\\\/\\\/kuzeyinsesi.org\\\/#website\",\"url\":\"https:\\\/\\\/kuzeyinsesi.org\\\/\",\"name\":\"Kuzeyin Sesi\",\"description\":\"Do\u011fru Haberin Adresi\",\"potentialAction\":[{\"@type\":\"SearchAction\",\"target\":{\"@type\":\"EntryPoint\",\"urlTemplate\":\"https:\\\/\\\/kuzeyinsesi.org\\\/?s={search_term_string}\"},\"query-input\":{\"@type\":\"PropertyValueSpecification\",\"valueRequired\":true,\"valueName\":\"search_term_string\"}}],\"inLanguage\":\"tr\"},{\"@type\":\"Person\",\"@id\":\"https:\\\/\\\/kuzeyinsesi.org\\\/#\\\/schema\\\/person\\\/9f859689cdf01485597712386e37f5aa\",\"name\":\"Kuzeyin Sesi\",\"image\":{\"@type\":\"ImageObject\",\"inLanguage\":\"tr\",\"@id\":\"https:\\\/\\\/secure.gravatar.com\\\/avatar\\\/bab33852abfd8b282518d6ed81826833d77c3c882d9ab608add591ccace47a44?s=96&d=mm&r=g\",\"url\":\"https:\\\/\\\/secure.gravatar.com\\\/avatar\\\/bab33852abfd8b282518d6ed81826833d77c3c882d9ab608add591ccace47a44?s=96&d=mm&r=g\",\"contentUrl\":\"https:\\\/\\\/secure.gravatar.com\\\/avatar\\\/bab33852abfd8b282518d6ed81826833d77c3c882d9ab608add591ccace47a44?s=96&d=mm&r=g\",\"caption\":\"Kuzeyin Sesi\"},\"sameAs\":[\"https:\\\/\\\/kuzeyinsesi.org\"],\"url\":\"https:\\\/\\\/kuzeyinsesi.org\\\/index.php\\\/author\\\/guven\\\/\"}]}<\/script>\n<!-- \/ Yoast SEO plugin. -->","yoast_head_json":{"title":"Aliye Ummanel\u2019in \u201cK\u0131br\u0131s \u00dc\u00e7lemesi: \u00dc\u00e7 Birlik Kural\u0131 Bozulan Tragedya\u201d adl\u0131 kitab\u0131 cuma ak\u015fam\u0131 tan\u0131t\u0131lacak - Kuzeyin Sesi","robots":{"index":"index","follow":"follow","max-snippet":"max-snippet:-1","max-image-preview":"max-image-preview:large","max-video-preview":"max-video-preview:-1"},"canonical":"https:\/\/kuzeyinsesi.org\/index.php\/2024\/05\/06\/aliye-ummanelin-kibris-uclemesi-uc-birlik-kurali-bozulan-tragedya-adli-kitabi-cuma-aksami-tanitilacak\/","og_locale":"tr_TR","og_type":"article","og_title":"Aliye Ummanel\u2019in \u201cK\u0131br\u0131s \u00dc\u00e7lemesi: \u00dc\u00e7 Birlik Kural\u0131 Bozulan Tragedya\u201d adl\u0131 kitab\u0131 cuma ak\u015fam\u0131 tan\u0131t\u0131lacak - Kuzeyin Sesi","og_description":"Aliye Ummanel\u2019in \u201cPassa Tempo, Kay\u0131p ve Ev\u201d oyunlar\u0131ndan olu\u015fan ve I\u015f\u0131k Kitabevi taraf\u0131ndan yay\u0131nlanan \u201cK\u0131br\u0131s \u00dc\u00e7lemesi: \u00dc\u00e7 Birlik Kural\u0131 Bozulan Tragedya\u201d isimli kitab\u0131 cuma ak\u015fam\u0131 tan\u0131t\u0131lacak. I\u015f\u0131k Kitabevi\u2019nin \u00fcst kat\u0131nda bulunan Blckbrd Social Cafe\u2019de saat 19.00\u2019da ba\u015flayacak tan\u0131t\u0131m ve s\u00f6yle\u015fi etkinli\u011finde, K\u0131br\u0131s Sanat\u00e7\u0131 ve Yazarlar Birli\u011fi Ba\u015fkan\u0131 \u015eair Ne\u015fe Ya\u015f\u0131n, Ara\u015ft\u0131rmac\u0131-Yazar Mete Hatay ve Tiyatro [&hellip;]","og_url":"https:\/\/kuzeyinsesi.org\/index.php\/2024\/05\/06\/aliye-ummanelin-kibris-uclemesi-uc-birlik-kurali-bozulan-tragedya-adli-kitabi-cuma-aksami-tanitilacak\/","og_site_name":"Kuzeyin Sesi","article_publisher":"https:\/\/www.facebook.com\/kuzeyinsesii","article_published_time":"2024-05-06T07:35:58+00:00","og_image":[{"width":1474,"height":698,"url":"https:\/\/kuzeyinsesi.org\/wp-content\/uploads\/2024\/05\/454454.jpg","type":"image\/jpeg"}],"author":"Kuzeyin Sesi","twitter_card":"summary_large_image","twitter_creator":"@kuzeyinsesii","twitter_site":"@kuzeyinsesii","twitter_misc":{"Yazan:":"Kuzeyin Sesi","Tahmini okuma s\u00fcresi":"1 dakika"},"schema":{"@context":"https:\/\/schema.org","@graph":[{"@type":"Article","@id":"https:\/\/kuzeyinsesi.org\/index.php\/2024\/05\/06\/aliye-ummanelin-kibris-uclemesi-uc-birlik-kurali-bozulan-tragedya-adli-kitabi-cuma-aksami-tanitilacak\/#article","isPartOf":{"@id":"https:\/\/kuzeyinsesi.org\/index.php\/2024\/05\/06\/aliye-ummanelin-kibris-uclemesi-uc-birlik-kurali-bozulan-tragedya-adli-kitabi-cuma-aksami-tanitilacak\/"},"author":{"name":"Kuzeyin Sesi","@id":"https:\/\/kuzeyinsesi.org\/#\/schema\/person\/9f859689cdf01485597712386e37f5aa"},"headline":"Aliye Ummanel\u2019in \u201cK\u0131br\u0131s \u00dc\u00e7lemesi: \u00dc\u00e7 Birlik Kural\u0131 Bozulan Tragedya\u201d adl\u0131 kitab\u0131 cuma ak\u015fam\u0131 tan\u0131t\u0131lacak","datePublished":"2024-05-06T07:35:58+00:00","mainEntityOfPage":{"@id":"https:\/\/kuzeyinsesi.org\/index.php\/2024\/05\/06\/aliye-ummanelin-kibris-uclemesi-uc-birlik-kurali-bozulan-tragedya-adli-kitabi-cuma-aksami-tanitilacak\/"},"wordCount":125,"commentCount":0,"image":{"@id":"https:\/\/kuzeyinsesi.org\/index.php\/2024\/05\/06\/aliye-ummanelin-kibris-uclemesi-uc-birlik-kurali-bozulan-tragedya-adli-kitabi-cuma-aksami-tanitilacak\/#primaryimage"},"thumbnailUrl":"https:\/\/kuzeyinsesi.org\/wp-content\/uploads\/2024\/05\/454454.jpg","articleSection":["Ya\u015fam"],"inLanguage":"tr","potentialAction":[{"@type":"CommentAction","name":"Comment","target":["https:\/\/kuzeyinsesi.org\/index.php\/2024\/05\/06\/aliye-ummanelin-kibris-uclemesi-uc-birlik-kurali-bozulan-tragedya-adli-kitabi-cuma-aksami-tanitilacak\/#respond"]}]},{"@type":"WebPage","@id":"https:\/\/kuzeyinsesi.org\/index.php\/2024\/05\/06\/aliye-ummanelin-kibris-uclemesi-uc-birlik-kurali-bozulan-tragedya-adli-kitabi-cuma-aksami-tanitilacak\/","url":"https:\/\/kuzeyinsesi.org\/index.php\/2024\/05\/06\/aliye-ummanelin-kibris-uclemesi-uc-birlik-kurali-bozulan-tragedya-adli-kitabi-cuma-aksami-tanitilacak\/","name":"Aliye Ummanel\u2019in \u201cK\u0131br\u0131s \u00dc\u00e7lemesi: \u00dc\u00e7 Birlik Kural\u0131 Bozulan Tragedya\u201d adl\u0131 kitab\u0131 cuma ak\u015fam\u0131 tan\u0131t\u0131lacak - Kuzeyin Sesi","isPartOf":{"@id":"https:\/\/kuzeyinsesi.org\/#website"},"primaryImageOfPage":{"@id":"https:\/\/kuzeyinsesi.org\/index.php\/2024\/05\/06\/aliye-ummanelin-kibris-uclemesi-uc-birlik-kurali-bozulan-tragedya-adli-kitabi-cuma-aksami-tanitilacak\/#primaryimage"},"image":{"@id":"https:\/\/kuzeyinsesi.org\/index.php\/2024\/05\/06\/aliye-ummanelin-kibris-uclemesi-uc-birlik-kurali-bozulan-tragedya-adli-kitabi-cuma-aksami-tanitilacak\/#primaryimage"},"thumbnailUrl":"https:\/\/kuzeyinsesi.org\/wp-content\/uploads\/2024\/05\/454454.jpg","datePublished":"2024-05-06T07:35:58+00:00","author":{"@id":"https:\/\/kuzeyinsesi.org\/#\/schema\/person\/9f859689cdf01485597712386e37f5aa"},"breadcrumb":{"@id":"https:\/\/kuzeyinsesi.org\/index.php\/2024\/05\/06\/aliye-ummanelin-kibris-uclemesi-uc-birlik-kurali-bozulan-tragedya-adli-kitabi-cuma-aksami-tanitilacak\/#breadcrumb"},"inLanguage":"tr","potentialAction":[{"@type":"ReadAction","target":["https:\/\/kuzeyinsesi.org\/index.php\/2024\/05\/06\/aliye-ummanelin-kibris-uclemesi-uc-birlik-kurali-bozulan-tragedya-adli-kitabi-cuma-aksami-tanitilacak\/"]}]},{"@type":"ImageObject","inLanguage":"tr","@id":"https:\/\/kuzeyinsesi.org\/index.php\/2024\/05\/06\/aliye-ummanelin-kibris-uclemesi-uc-birlik-kurali-bozulan-tragedya-adli-kitabi-cuma-aksami-tanitilacak\/#primaryimage","url":"https:\/\/kuzeyinsesi.org\/wp-content\/uploads\/2024\/05\/454454.jpg","contentUrl":"https:\/\/kuzeyinsesi.org\/wp-content\/uploads\/2024\/05\/454454.jpg","width":1474,"height":698},{"@type":"BreadcrumbList","@id":"https:\/\/kuzeyinsesi.org\/index.php\/2024\/05\/06\/aliye-ummanelin-kibris-uclemesi-uc-birlik-kurali-bozulan-tragedya-adli-kitabi-cuma-aksami-tanitilacak\/#breadcrumb","itemListElement":[{"@type":"ListItem","position":1,"name":"Anasayfa","item":"https:\/\/kuzeyinsesi.org\/"},{"@type":"ListItem","position":2,"name":"Aliye Ummanel\u2019in \u201cK\u0131br\u0131s \u00dc\u00e7lemesi: \u00dc\u00e7 Birlik Kural\u0131 Bozulan Tragedya\u201d adl\u0131 kitab\u0131 cuma ak\u015fam\u0131 tan\u0131t\u0131lacak"}]},{"@type":"WebSite","@id":"https:\/\/kuzeyinsesi.org\/#website","url":"https:\/\/kuzeyinsesi.org\/","name":"Kuzeyin Sesi","description":"Do\u011fru Haberin Adresi","potentialAction":[{"@type":"SearchAction","target":{"@type":"EntryPoint","urlTemplate":"https:\/\/kuzeyinsesi.org\/?s={search_term_string}"},"query-input":{"@type":"PropertyValueSpecification","valueRequired":true,"valueName":"search_term_string"}}],"inLanguage":"tr"},{"@type":"Person","@id":"https:\/\/kuzeyinsesi.org\/#\/schema\/person\/9f859689cdf01485597712386e37f5aa","name":"Kuzeyin Sesi","image":{"@type":"ImageObject","inLanguage":"tr","@id":"https:\/\/secure.gravatar.com\/avatar\/bab33852abfd8b282518d6ed81826833d77c3c882d9ab608add591ccace47a44?s=96&d=mm&r=g","url":"https:\/\/secure.gravatar.com\/avatar\/bab33852abfd8b282518d6ed81826833d77c3c882d9ab608add591ccace47a44?s=96&d=mm&r=g","contentUrl":"https:\/\/secure.gravatar.com\/avatar\/bab33852abfd8b282518d6ed81826833d77c3c882d9ab608add591ccace47a44?s=96&d=mm&r=g","caption":"Kuzeyin Sesi"},"sameAs":["https:\/\/kuzeyinsesi.org"],"url":"https:\/\/kuzeyinsesi.org\/index.php\/author\/guven\/"}]}},"_links":{"self":[{"href":"https:\/\/kuzeyinsesi.org\/index.php\/wp-json\/wp\/v2\/posts\/1447","targetHints":{"allow":["GET"]}}],"collection":[{"href":"https:\/\/kuzeyinsesi.org\/index.php\/wp-json\/wp\/v2\/posts"}],"about":[{"href":"https:\/\/kuzeyinsesi.org\/index.php\/wp-json\/wp\/v2\/types\/post"}],"author":[{"embeddable":true,"href":"https:\/\/kuzeyinsesi.org\/index.php\/wp-json\/wp\/v2\/users\/1"}],"replies":[{"embeddable":true,"href":"https:\/\/kuzeyinsesi.org\/index.php\/wp-json\/wp\/v2\/comments?post=1447"}],"version-history":[{"count":0,"href":"https:\/\/kuzeyinsesi.org\/index.php\/wp-json\/wp\/v2\/posts\/1447\/revisions"}],"wp:featuredmedia":[{"embeddable":true,"href":"https:\/\/kuzeyinsesi.org\/index.php\/wp-json\/wp\/v2\/media\/1448"}],"wp:attachment":[{"href":"https:\/\/kuzeyinsesi.org\/index.php\/wp-json\/wp\/v2\/media?parent=1447"}],"wp:term":[{"taxonomy":"category","embeddable":true,"href":"https:\/\/kuzeyinsesi.org\/index.php\/wp-json\/wp\/v2\/categories?post=1447"},{"taxonomy":"post_tag","embeddable":true,"href":"https:\/\/kuzeyinsesi.org\/index.php\/wp-json\/wp\/v2\/tags?post=1447"}],"curies":[{"name":"wp","href":"https:\/\/api.w.org\/{rel}","templated":true}]}}