{"id":14468,"date":"2024-11-27T18:38:03","date_gmt":"2024-11-27T16:38:03","guid":{"rendered":"https:\/\/kuzeyinsesi.org\/index.php\/2024\/11\/27\/tc-kktc-arasinda-imzalanan-anlasmalar-tc-resmi-gazetede-yayimlandi\/"},"modified":"2024-11-27T18:38:03","modified_gmt":"2024-11-27T16:38:03","slug":"tc-kktc-arasinda-imzalanan-anlasmalar-tc-resmi-gazetede-yayimlandi","status":"publish","type":"post","link":"https:\/\/kuzeyinsesi.org\/index.php\/2024\/11\/27\/tc-kktc-arasinda-imzalanan-anlasmalar-tc-resmi-gazetede-yayimlandi\/","title":{"rendered":"TC-KKTC  aras\u0131nda imzalanan anla\u015fmalar TC Resmi Gazete\u2019de yay\u0131mland\u0131"},"content":{"rendered":"<div>\n<div class=\"mariselle-image-container center\">\n                                            <\/div>\n<p>T\u00fcrkiye\u2019nin imzalad\u0131\u011f\u0131 milletleraras\u0131 anla\u015fmalar, Cumhurba\u015fkan\u0131 Recep Tayyip Erdo\u011fan\u2019\u0131n onay\u0131 ile Resmi Gazete\u2019de yay\u0131mland\u0131.<\/p>\n<p>Buna g\u00f6re, T\u00fcrkiye ile Kuzey K\u0131br\u0131s T\u00fcrk Cumhuriyeti aras\u0131ndaki 19 Ocak\u2019ta var\u0131lan \u201cT\u00fcrkiye Cumhuriyeti H\u00fck\u00fcmeti ile Kuzey K\u0131br\u0131s T\u00fcrk Cumhuriyeti H\u00fck\u00fcmeti Aras\u0131nda Kuzey K\u0131br\u0131s T\u00fcrk Cumhuriyeti\u2019ne \u0130thal Edilen \u00dcr\u00fcnlerin \u00dcr\u00fcn G\u00fcvenli\u011fi Denetimi Konusunda \u0130\u015fbirli\u011fine Dair Uygulama Protokol\u00fc\u201d onayland\u0131. <\/p>\n<p>Protokol, T\u00fcrkiye\u2019den KKTC\u2019ye g\u00f6nderilecek \u00fcr\u00fcnlerin g\u00fcvenli\u011fini i\u00e7eriyor.<\/p>\n<p>\u00d6te yandan yine KKTC ile var\u0131lan \u201cT\u00fcrkiye Cumhuriyeti H\u00fck\u00fcmeti ile Kuzey K\u0131br\u0131s T\u00fcrk Cumhuriyeti H\u00fck\u00fcmeti Aras\u0131nda \u00dclke S\u0131n\u0131rlar\u0131ndan Ge\u00e7en Ta\u015f\u0131t ve E\u015fyaya Dair \u00d6n Bilgi De\u011fi\u015fimine \u0130li\u015fkin Protokol\u201d\u00fcn onay\u0131 ve \u201cT\u00fcrkiye Cumhuriyeti H\u00fck\u00fcmeti ile Kuzey K\u0131br\u0131s T\u00fcrk Cumhuriyeti H\u00fck\u00fcmeti Aras\u0131nda Ayni Hibe Anla\u015fmas\u0131\u201d y\u00fcr\u00fcrl\u00fc\u011fe girdi.<\/p>\n<\/p><\/div>\n<p><script async\n                    defer\n                    crossorigin=\"anonymous\"\n                    src=\"https:\/\/connect.facebook.net\/tr_TR\/sdk.js#xfbml=1&#038;version=v3.3\"\n            ><\/script><\/p>\n","protected":false},"excerpt":{"rendered":"<p>T\u00fcrkiye\u2019nin imzalad\u0131\u011f\u0131 milletleraras\u0131 anla\u015fmalar, Cumhurba\u015fkan\u0131 Recep Tayyip Erdo\u011fan\u2019\u0131n onay\u0131 ile Resmi Gazete\u2019de yay\u0131mland\u0131. Buna g\u00f6re, T\u00fcrkiye ile Kuzey K\u0131br\u0131s T\u00fcrk Cumhuriyeti aras\u0131ndaki 19 Ocak\u2019ta var\u0131lan \u201cT\u00fcrkiye Cumhuriyeti H\u00fck\u00fcmeti ile Kuzey K\u0131br\u0131s T\u00fcrk Cumhuriyeti H\u00fck\u00fcmeti Aras\u0131nda Kuzey K\u0131br\u0131s T\u00fcrk Cumhuriyeti\u2019ne \u0130thal Edilen \u00dcr\u00fcnlerin \u00dcr\u00fcn G\u00fcvenli\u011fi Denetimi Konusunda \u0130\u015fbirli\u011fine Dair Uygulama Protokol\u00fc\u201d onayland\u0131. Protokol, T\u00fcrkiye\u2019den KKTC\u2019ye g\u00f6nderilecek [&hellip;]<\/p>\n","protected":false},"author":1,"featured_media":14469,"comment_status":"open","ping_status":"open","sticky":false,"template":"","format":"standard","meta":{"jnews-multi-image_gallery":[],"jnews_single_post":[],"jnews_primary_category":[],"jnews_social_meta":[],"jnews_override_counter":[],"footnotes":""},"categories":[5],"tags":[],"class_list":["post-14468","post","type-post","status-publish","format-standard","has-post-thumbnail","hentry","category-turkiye"],"yoast_head":"<!-- This site is optimized with the Yoast SEO plugin v27.4 - https:\/\/yoast.com\/product\/yoast-seo-wordpress\/ -->\n<title>TC-KKTC aras\u0131nda imzalanan anla\u015fmalar TC Resmi Gazete\u2019de yay\u0131mland\u0131 - Kuzeyin Sesi<\/title>\n<meta name=\"robots\" content=\"index, follow, max-snippet:-1, max-image-preview:large, max-video-preview:-1\" \/>\n<link rel=\"canonical\" href=\"https:\/\/kuzeyinsesi.org\/index.php\/2024\/11\/27\/tc-kktc-arasinda-imzalanan-anlasmalar-tc-resmi-gazetede-yayimlandi\/\" \/>\n<meta property=\"og:locale\" content=\"tr_TR\" \/>\n<meta property=\"og:type\" content=\"article\" \/>\n<meta property=\"og:title\" content=\"TC-KKTC aras\u0131nda imzalanan anla\u015fmalar TC Resmi Gazete\u2019de yay\u0131mland\u0131 - Kuzeyin Sesi\" \/>\n<meta property=\"og:description\" content=\"T\u00fcrkiye\u2019nin imzalad\u0131\u011f\u0131 milletleraras\u0131 anla\u015fmalar, Cumhurba\u015fkan\u0131 Recep Tayyip Erdo\u011fan\u2019\u0131n onay\u0131 ile Resmi Gazete\u2019de yay\u0131mland\u0131. Buna g\u00f6re, T\u00fcrkiye ile Kuzey K\u0131br\u0131s T\u00fcrk Cumhuriyeti aras\u0131ndaki 19 Ocak\u2019ta var\u0131lan \u201cT\u00fcrkiye Cumhuriyeti H\u00fck\u00fcmeti ile Kuzey K\u0131br\u0131s T\u00fcrk Cumhuriyeti H\u00fck\u00fcmeti Aras\u0131nda Kuzey K\u0131br\u0131s T\u00fcrk Cumhuriyeti\u2019ne \u0130thal Edilen \u00dcr\u00fcnlerin \u00dcr\u00fcn G\u00fcvenli\u011fi Denetimi Konusunda \u0130\u015fbirli\u011fine Dair Uygulama Protokol\u00fc\u201d onayland\u0131. Protokol, T\u00fcrkiye\u2019den KKTC\u2019ye g\u00f6nderilecek [&hellip;]\" \/>\n<meta property=\"og:url\" content=\"https:\/\/kuzeyinsesi.org\/index.php\/2024\/11\/27\/tc-kktc-arasinda-imzalanan-anlasmalar-tc-resmi-gazetede-yayimlandi\/\" \/>\n<meta property=\"og:site_name\" content=\"Kuzeyin Sesi\" \/>\n<meta property=\"article:publisher\" content=\"https:\/\/www.facebook.com\/kuzeyinsesii\" \/>\n<meta property=\"article:published_time\" content=\"2024-11-27T16:38:03+00:00\" \/>\n<meta property=\"og:image\" content=\"https:\/\/brtk.net\/wp-content\/uploads\/2024\/11\/27\/tc-kktc.webp?ver=87869dda3fa20c4f47c4d448acffea54\" \/>\n<meta name=\"author\" content=\"Kuzeyin Sesi\" \/>\n<meta name=\"twitter:card\" content=\"summary_large_image\" \/>\n<meta name=\"twitter:creator\" content=\"@kuzeyinsesii\" \/>\n<meta name=\"twitter:site\" content=\"@kuzeyinsesii\" \/>\n<meta name=\"twitter:label1\" content=\"Yazan:\" \/>\n\t<meta name=\"twitter:data1\" content=\"Kuzeyin Sesi\" \/>\n\t<meta name=\"twitter:label2\" content=\"Tahmini okuma s\u00fcresi\" \/>\n\t<meta name=\"twitter:data2\" content=\"1 dakika\" \/>\n<script type=\"application\/ld+json\" class=\"yoast-schema-graph\">{\"@context\":\"https:\\\/\\\/schema.org\",\"@graph\":[{\"@type\":\"Article\",\"@id\":\"https:\\\/\\\/kuzeyinsesi.org\\\/index.php\\\/2024\\\/11\\\/27\\\/tc-kktc-arasinda-imzalanan-anlasmalar-tc-resmi-gazetede-yayimlandi\\\/#article\",\"isPartOf\":{\"@id\":\"https:\\\/\\\/kuzeyinsesi.org\\\/index.php\\\/2024\\\/11\\\/27\\\/tc-kktc-arasinda-imzalanan-anlasmalar-tc-resmi-gazetede-yayimlandi\\\/\"},\"author\":{\"name\":\"Kuzeyin Sesi\",\"@id\":\"https:\\\/\\\/kuzeyinsesi.org\\\/#\\\/schema\\\/person\\\/9f859689cdf01485597712386e37f5aa\"},\"headline\":\"TC-KKTC aras\u0131nda imzalanan anla\u015fmalar TC Resmi Gazete\u2019de yay\u0131mland\u0131\",\"datePublished\":\"2024-11-27T16:38:03+00:00\",\"mainEntityOfPage\":{\"@id\":\"https:\\\/\\\/kuzeyinsesi.org\\\/index.php\\\/2024\\\/11\\\/27\\\/tc-kktc-arasinda-imzalanan-anlasmalar-tc-resmi-gazetede-yayimlandi\\\/\"},\"wordCount\":189,\"commentCount\":0,\"image\":{\"@id\":\"https:\\\/\\\/kuzeyinsesi.org\\\/index.php\\\/2024\\\/11\\\/27\\\/tc-kktc-arasinda-imzalanan-anlasmalar-tc-resmi-gazetede-yayimlandi\\\/#primaryimage\"},\"thumbnailUrl\":\"https:\\\/\\\/kuzeyinsesi.org\\\/wp-content\\\/uploads\\\/2024\\\/11\\\/tc-kktc.webp.webp\",\"articleSection\":[\"T\u00fcrkiye\"],\"inLanguage\":\"tr\",\"potentialAction\":[{\"@type\":\"CommentAction\",\"name\":\"Comment\",\"target\":[\"https:\\\/\\\/kuzeyinsesi.org\\\/index.php\\\/2024\\\/11\\\/27\\\/tc-kktc-arasinda-imzalanan-anlasmalar-tc-resmi-gazetede-yayimlandi\\\/#respond\"]}]},{\"@type\":\"WebPage\",\"@id\":\"https:\\\/\\\/kuzeyinsesi.org\\\/index.php\\\/2024\\\/11\\\/27\\\/tc-kktc-arasinda-imzalanan-anlasmalar-tc-resmi-gazetede-yayimlandi\\\/\",\"url\":\"https:\\\/\\\/kuzeyinsesi.org\\\/index.php\\\/2024\\\/11\\\/27\\\/tc-kktc-arasinda-imzalanan-anlasmalar-tc-resmi-gazetede-yayimlandi\\\/\",\"name\":\"TC-KKTC aras\u0131nda imzalanan anla\u015fmalar TC Resmi Gazete\u2019de yay\u0131mland\u0131 - Kuzeyin Sesi\",\"isPartOf\":{\"@id\":\"https:\\\/\\\/kuzeyinsesi.org\\\/#website\"},\"primaryImageOfPage\":{\"@id\":\"https:\\\/\\\/kuzeyinsesi.org\\\/index.php\\\/2024\\\/11\\\/27\\\/tc-kktc-arasinda-imzalanan-anlasmalar-tc-resmi-gazetede-yayimlandi\\\/#primaryimage\"},\"image\":{\"@id\":\"https:\\\/\\\/kuzeyinsesi.org\\\/index.php\\\/2024\\\/11\\\/27\\\/tc-kktc-arasinda-imzalanan-anlasmalar-tc-resmi-gazetede-yayimlandi\\\/#primaryimage\"},\"thumbnailUrl\":\"https:\\\/\\\/kuzeyinsesi.org\\\/wp-content\\\/uploads\\\/2024\\\/11\\\/tc-kktc.webp.webp\",\"datePublished\":\"2024-11-27T16:38:03+00:00\",\"author\":{\"@id\":\"https:\\\/\\\/kuzeyinsesi.org\\\/#\\\/schema\\\/person\\\/9f859689cdf01485597712386e37f5aa\"},\"breadcrumb\":{\"@id\":\"https:\\\/\\\/kuzeyinsesi.org\\\/index.php\\\/2024\\\/11\\\/27\\\/tc-kktc-arasinda-imzalanan-anlasmalar-tc-resmi-gazetede-yayimlandi\\\/#breadcrumb\"},\"inLanguage\":\"tr\",\"potentialAction\":[{\"@type\":\"ReadAction\",\"target\":[\"https:\\\/\\\/kuzeyinsesi.org\\\/index.php\\\/2024\\\/11\\\/27\\\/tc-kktc-arasinda-imzalanan-anlasmalar-tc-resmi-gazetede-yayimlandi\\\/\"]}]},{\"@type\":\"ImageObject\",\"inLanguage\":\"tr\",\"@id\":\"https:\\\/\\\/kuzeyinsesi.org\\\/index.php\\\/2024\\\/11\\\/27\\\/tc-kktc-arasinda-imzalanan-anlasmalar-tc-resmi-gazetede-yayimlandi\\\/#primaryimage\",\"url\":\"https:\\\/\\\/kuzeyinsesi.org\\\/wp-content\\\/uploads\\\/2024\\\/11\\\/tc-kktc.webp.webp\",\"contentUrl\":\"https:\\\/\\\/kuzeyinsesi.org\\\/wp-content\\\/uploads\\\/2024\\\/11\\\/tc-kktc.webp.webp\",\"width\":1280,\"height\":720},{\"@type\":\"BreadcrumbList\",\"@id\":\"https:\\\/\\\/kuzeyinsesi.org\\\/index.php\\\/2024\\\/11\\\/27\\\/tc-kktc-arasinda-imzalanan-anlasmalar-tc-resmi-gazetede-yayimlandi\\\/#breadcrumb\",\"itemListElement\":[{\"@type\":\"ListItem\",\"position\":1,\"name\":\"Anasayfa\",\"item\":\"https:\\\/\\\/kuzeyinsesi.org\\\/\"},{\"@type\":\"ListItem\",\"position\":2,\"name\":\"TC-KKTC aras\u0131nda imzalanan anla\u015fmalar TC Resmi Gazete\u2019de yay\u0131mland\u0131\"}]},{\"@type\":\"WebSite\",\"@id\":\"https:\\\/\\\/kuzeyinsesi.org\\\/#website\",\"url\":\"https:\\\/\\\/kuzeyinsesi.org\\\/\",\"name\":\"Kuzeyin Sesi\",\"description\":\"Do\u011fru Haberin Adresi\",\"potentialAction\":[{\"@type\":\"SearchAction\",\"target\":{\"@type\":\"EntryPoint\",\"urlTemplate\":\"https:\\\/\\\/kuzeyinsesi.org\\\/?s={search_term_string}\"},\"query-input\":{\"@type\":\"PropertyValueSpecification\",\"valueRequired\":true,\"valueName\":\"search_term_string\"}}],\"inLanguage\":\"tr\"},{\"@type\":\"Person\",\"@id\":\"https:\\\/\\\/kuzeyinsesi.org\\\/#\\\/schema\\\/person\\\/9f859689cdf01485597712386e37f5aa\",\"name\":\"Kuzeyin Sesi\",\"image\":{\"@type\":\"ImageObject\",\"inLanguage\":\"tr\",\"@id\":\"https:\\\/\\\/secure.gravatar.com\\\/avatar\\\/bab33852abfd8b282518d6ed81826833d77c3c882d9ab608add591ccace47a44?s=96&d=mm&r=g\",\"url\":\"https:\\\/\\\/secure.gravatar.com\\\/avatar\\\/bab33852abfd8b282518d6ed81826833d77c3c882d9ab608add591ccace47a44?s=96&d=mm&r=g\",\"contentUrl\":\"https:\\\/\\\/secure.gravatar.com\\\/avatar\\\/bab33852abfd8b282518d6ed81826833d77c3c882d9ab608add591ccace47a44?s=96&d=mm&r=g\",\"caption\":\"Kuzeyin Sesi\"},\"sameAs\":[\"https:\\\/\\\/kuzeyinsesi.org\"],\"url\":\"https:\\\/\\\/kuzeyinsesi.org\\\/index.php\\\/author\\\/guven\\\/\"}]}<\/script>\n<!-- \/ Yoast SEO plugin. -->","yoast_head_json":{"title":"TC-KKTC aras\u0131nda imzalanan anla\u015fmalar TC Resmi Gazete\u2019de yay\u0131mland\u0131 - Kuzeyin Sesi","robots":{"index":"index","follow":"follow","max-snippet":"max-snippet:-1","max-image-preview":"max-image-preview:large","max-video-preview":"max-video-preview:-1"},"canonical":"https:\/\/kuzeyinsesi.org\/index.php\/2024\/11\/27\/tc-kktc-arasinda-imzalanan-anlasmalar-tc-resmi-gazetede-yayimlandi\/","og_locale":"tr_TR","og_type":"article","og_title":"TC-KKTC aras\u0131nda imzalanan anla\u015fmalar TC Resmi Gazete\u2019de yay\u0131mland\u0131 - Kuzeyin Sesi","og_description":"T\u00fcrkiye\u2019nin imzalad\u0131\u011f\u0131 milletleraras\u0131 anla\u015fmalar, Cumhurba\u015fkan\u0131 Recep Tayyip Erdo\u011fan\u2019\u0131n onay\u0131 ile Resmi Gazete\u2019de yay\u0131mland\u0131. Buna g\u00f6re, T\u00fcrkiye ile Kuzey K\u0131br\u0131s T\u00fcrk Cumhuriyeti aras\u0131ndaki 19 Ocak\u2019ta var\u0131lan \u201cT\u00fcrkiye Cumhuriyeti H\u00fck\u00fcmeti ile Kuzey K\u0131br\u0131s T\u00fcrk Cumhuriyeti H\u00fck\u00fcmeti Aras\u0131nda Kuzey K\u0131br\u0131s T\u00fcrk Cumhuriyeti\u2019ne \u0130thal Edilen \u00dcr\u00fcnlerin \u00dcr\u00fcn G\u00fcvenli\u011fi Denetimi Konusunda \u0130\u015fbirli\u011fine Dair Uygulama Protokol\u00fc\u201d onayland\u0131. Protokol, T\u00fcrkiye\u2019den KKTC\u2019ye g\u00f6nderilecek [&hellip;]","og_url":"https:\/\/kuzeyinsesi.org\/index.php\/2024\/11\/27\/tc-kktc-arasinda-imzalanan-anlasmalar-tc-resmi-gazetede-yayimlandi\/","og_site_name":"Kuzeyin Sesi","article_publisher":"https:\/\/www.facebook.com\/kuzeyinsesii","article_published_time":"2024-11-27T16:38:03+00:00","og_image":[{"url":"https:\/\/brtk.net\/wp-content\/uploads\/2024\/11\/27\/tc-kktc.webp?ver=87869dda3fa20c4f47c4d448acffea54","type":"","width":"","height":""}],"author":"Kuzeyin Sesi","twitter_card":"summary_large_image","twitter_creator":"@kuzeyinsesii","twitter_site":"@kuzeyinsesii","twitter_misc":{"Yazan:":"Kuzeyin Sesi","Tahmini okuma s\u00fcresi":"1 dakika"},"schema":{"@context":"https:\/\/schema.org","@graph":[{"@type":"Article","@id":"https:\/\/kuzeyinsesi.org\/index.php\/2024\/11\/27\/tc-kktc-arasinda-imzalanan-anlasmalar-tc-resmi-gazetede-yayimlandi\/#article","isPartOf":{"@id":"https:\/\/kuzeyinsesi.org\/index.php\/2024\/11\/27\/tc-kktc-arasinda-imzalanan-anlasmalar-tc-resmi-gazetede-yayimlandi\/"},"author":{"name":"Kuzeyin Sesi","@id":"https:\/\/kuzeyinsesi.org\/#\/schema\/person\/9f859689cdf01485597712386e37f5aa"},"headline":"TC-KKTC aras\u0131nda imzalanan anla\u015fmalar TC Resmi Gazete\u2019de yay\u0131mland\u0131","datePublished":"2024-11-27T16:38:03+00:00","mainEntityOfPage":{"@id":"https:\/\/kuzeyinsesi.org\/index.php\/2024\/11\/27\/tc-kktc-arasinda-imzalanan-anlasmalar-tc-resmi-gazetede-yayimlandi\/"},"wordCount":189,"commentCount":0,"image":{"@id":"https:\/\/kuzeyinsesi.org\/index.php\/2024\/11\/27\/tc-kktc-arasinda-imzalanan-anlasmalar-tc-resmi-gazetede-yayimlandi\/#primaryimage"},"thumbnailUrl":"https:\/\/kuzeyinsesi.org\/wp-content\/uploads\/2024\/11\/tc-kktc.webp.webp","articleSection":["T\u00fcrkiye"],"inLanguage":"tr","potentialAction":[{"@type":"CommentAction","name":"Comment","target":["https:\/\/kuzeyinsesi.org\/index.php\/2024\/11\/27\/tc-kktc-arasinda-imzalanan-anlasmalar-tc-resmi-gazetede-yayimlandi\/#respond"]}]},{"@type":"WebPage","@id":"https:\/\/kuzeyinsesi.org\/index.php\/2024\/11\/27\/tc-kktc-arasinda-imzalanan-anlasmalar-tc-resmi-gazetede-yayimlandi\/","url":"https:\/\/kuzeyinsesi.org\/index.php\/2024\/11\/27\/tc-kktc-arasinda-imzalanan-anlasmalar-tc-resmi-gazetede-yayimlandi\/","name":"TC-KKTC aras\u0131nda imzalanan anla\u015fmalar TC Resmi Gazete\u2019de yay\u0131mland\u0131 - Kuzeyin Sesi","isPartOf":{"@id":"https:\/\/kuzeyinsesi.org\/#website"},"primaryImageOfPage":{"@id":"https:\/\/kuzeyinsesi.org\/index.php\/2024\/11\/27\/tc-kktc-arasinda-imzalanan-anlasmalar-tc-resmi-gazetede-yayimlandi\/#primaryimage"},"image":{"@id":"https:\/\/kuzeyinsesi.org\/index.php\/2024\/11\/27\/tc-kktc-arasinda-imzalanan-anlasmalar-tc-resmi-gazetede-yayimlandi\/#primaryimage"},"thumbnailUrl":"https:\/\/kuzeyinsesi.org\/wp-content\/uploads\/2024\/11\/tc-kktc.webp.webp","datePublished":"2024-11-27T16:38:03+00:00","author":{"@id":"https:\/\/kuzeyinsesi.org\/#\/schema\/person\/9f859689cdf01485597712386e37f5aa"},"breadcrumb":{"@id":"https:\/\/kuzeyinsesi.org\/index.php\/2024\/11\/27\/tc-kktc-arasinda-imzalanan-anlasmalar-tc-resmi-gazetede-yayimlandi\/#breadcrumb"},"inLanguage":"tr","potentialAction":[{"@type":"ReadAction","target":["https:\/\/kuzeyinsesi.org\/index.php\/2024\/11\/27\/tc-kktc-arasinda-imzalanan-anlasmalar-tc-resmi-gazetede-yayimlandi\/"]}]},{"@type":"ImageObject","inLanguage":"tr","@id":"https:\/\/kuzeyinsesi.org\/index.php\/2024\/11\/27\/tc-kktc-arasinda-imzalanan-anlasmalar-tc-resmi-gazetede-yayimlandi\/#primaryimage","url":"https:\/\/kuzeyinsesi.org\/wp-content\/uploads\/2024\/11\/tc-kktc.webp.webp","contentUrl":"https:\/\/kuzeyinsesi.org\/wp-content\/uploads\/2024\/11\/tc-kktc.webp.webp","width":1280,"height":720},{"@type":"BreadcrumbList","@id":"https:\/\/kuzeyinsesi.org\/index.php\/2024\/11\/27\/tc-kktc-arasinda-imzalanan-anlasmalar-tc-resmi-gazetede-yayimlandi\/#breadcrumb","itemListElement":[{"@type":"ListItem","position":1,"name":"Anasayfa","item":"https:\/\/kuzeyinsesi.org\/"},{"@type":"ListItem","position":2,"name":"TC-KKTC aras\u0131nda imzalanan anla\u015fmalar TC Resmi Gazete\u2019de yay\u0131mland\u0131"}]},{"@type":"WebSite","@id":"https:\/\/kuzeyinsesi.org\/#website","url":"https:\/\/kuzeyinsesi.org\/","name":"Kuzeyin Sesi","description":"Do\u011fru Haberin Adresi","potentialAction":[{"@type":"SearchAction","target":{"@type":"EntryPoint","urlTemplate":"https:\/\/kuzeyinsesi.org\/?s={search_term_string}"},"query-input":{"@type":"PropertyValueSpecification","valueRequired":true,"valueName":"search_term_string"}}],"inLanguage":"tr"},{"@type":"Person","@id":"https:\/\/kuzeyinsesi.org\/#\/schema\/person\/9f859689cdf01485597712386e37f5aa","name":"Kuzeyin Sesi","image":{"@type":"ImageObject","inLanguage":"tr","@id":"https:\/\/secure.gravatar.com\/avatar\/bab33852abfd8b282518d6ed81826833d77c3c882d9ab608add591ccace47a44?s=96&d=mm&r=g","url":"https:\/\/secure.gravatar.com\/avatar\/bab33852abfd8b282518d6ed81826833d77c3c882d9ab608add591ccace47a44?s=96&d=mm&r=g","contentUrl":"https:\/\/secure.gravatar.com\/avatar\/bab33852abfd8b282518d6ed81826833d77c3c882d9ab608add591ccace47a44?s=96&d=mm&r=g","caption":"Kuzeyin Sesi"},"sameAs":["https:\/\/kuzeyinsesi.org"],"url":"https:\/\/kuzeyinsesi.org\/index.php\/author\/guven\/"}]}},"_links":{"self":[{"href":"https:\/\/kuzeyinsesi.org\/index.php\/wp-json\/wp\/v2\/posts\/14468","targetHints":{"allow":["GET"]}}],"collection":[{"href":"https:\/\/kuzeyinsesi.org\/index.php\/wp-json\/wp\/v2\/posts"}],"about":[{"href":"https:\/\/kuzeyinsesi.org\/index.php\/wp-json\/wp\/v2\/types\/post"}],"author":[{"embeddable":true,"href":"https:\/\/kuzeyinsesi.org\/index.php\/wp-json\/wp\/v2\/users\/1"}],"replies":[{"embeddable":true,"href":"https:\/\/kuzeyinsesi.org\/index.php\/wp-json\/wp\/v2\/comments?post=14468"}],"version-history":[{"count":0,"href":"https:\/\/kuzeyinsesi.org\/index.php\/wp-json\/wp\/v2\/posts\/14468\/revisions"}],"wp:featuredmedia":[{"embeddable":true,"href":"https:\/\/kuzeyinsesi.org\/index.php\/wp-json\/wp\/v2\/media\/14469"}],"wp:attachment":[{"href":"https:\/\/kuzeyinsesi.org\/index.php\/wp-json\/wp\/v2\/media?parent=14468"}],"wp:term":[{"taxonomy":"category","embeddable":true,"href":"https:\/\/kuzeyinsesi.org\/index.php\/wp-json\/wp\/v2\/categories?post=14468"},{"taxonomy":"post_tag","embeddable":true,"href":"https:\/\/kuzeyinsesi.org\/index.php\/wp-json\/wp\/v2\/tags?post=14468"}],"curies":[{"name":"wp","href":"https:\/\/api.w.org\/{rel}","templated":true}]}}