{"id":14462,"date":"2024-11-27T18:27:09","date_gmt":"2024-11-27T16:27:09","guid":{"rendered":"https:\/\/kuzeyinsesi.org\/index.php\/2024\/11\/27\/tc-rekabet-kurumu-ile-kktc-rekabet-kurulu-is-birligi-protokolunun-kapsami-genisletildi\/"},"modified":"2024-11-27T18:27:09","modified_gmt":"2024-11-27T16:27:09","slug":"tc-rekabet-kurumu-ile-kktc-rekabet-kurulu-is-birligi-protokolunun-kapsami-genisletildi","status":"publish","type":"post","link":"https:\/\/kuzeyinsesi.org\/index.php\/2024\/11\/27\/tc-rekabet-kurumu-ile-kktc-rekabet-kurulu-is-birligi-protokolunun-kapsami-genisletildi\/","title":{"rendered":"TC Rekabet Kurumu ile KKTC Rekabet Kurulu i\u015f birli\u011fi protokol\u00fcn\u00fcn kapsam\u0131 geni\u015fletildi"},"content":{"rendered":"<div>\n<div class=\"mariselle-image-container center\">\n                                            <\/div>\n<p> TC Rekabet Kurumu ve KKTC Rekabet Kurulu aras\u0131nda mevcut olan i\u015f birli\u011fi protokol\u00fc, kapsam\u0131 geni\u015fletilerek g\u00fcncellendi.<\/p>\n<p>Rekabet Kurumundan yap\u0131lan a\u00e7\u0131klamaya g\u00f6re, Rekabet Kurumu Ba\u015fkan\u0131 Birol K\u00fcle ve KKTC Rekabet Kurulu Ba\u015fkan\u0131 Mustafa \u00dcst\u00fcnel mevcut i\u015f birli\u011fi protokol\u00fcn\u00fcn g\u00fcncellenmi\u015f ve geni\u015fletilmi\u015f versiyonunu imzalad\u0131.<\/p>\n<p>S\u00f6z konusu imza t\u00f6renine KKTC Ekonomi ve Enerji Bakan\u0131 Olgun Amcao\u011flu da kat\u0131ld\u0131.<\/p>\n<p>\u0130\u015f birli\u011fi protokol\u00fc uyar\u0131nca, kurullar aras\u0131nda, rekabet hukuku politikalar\u0131 ve uygulamalar\u0131 ile ulusal rekabet otoriteleri ile temaslar konular\u0131nda tecr\u00fcbelerin payla\u015f\u0131lmas\u0131, kurumsal altyap\u0131n\u0131n geli\u015fimine destek sa\u011flanmas\u0131 ama\u00e7lan\u0131yor.<\/p>\n<p>Bu kapsamda ortak e\u011fitim, konferans ve seminerler d\u00fczenlenmesi ve rekabet alan\u0131nda ortak projelerle g\u00fc\u00e7l\u00fc ve s\u00fcrd\u00fcr\u00fclebilir i\u015fbirli\u011fi kurulmas\u0131 ve g\u00fc\u00e7lendirilmesi hedefleniyor.<\/p>\n<p>\u00d6te yandan ziyaret kapsam\u0131nda Birol K\u00fcle, Cumhurba\u015fkan\u0131 Ersin Tatar ve Cumhuriyet Meclisi Ba\u015fkan\u0131 Ziya \u00d6zt\u00fcrkler taraf\u0131ndan kabul edildi, T\u00fcrkiye\u2019nin Lefko\u015fa B\u00fcy\u00fckel\u00e7isi Yasin Ekrem Serim ile g\u00f6r\u00fc\u015ft\u00fc.<\/p>\n<\/p><\/div>\n<p><script async\n                    defer\n                    crossorigin=\"anonymous\"\n                    src=\"https:\/\/connect.facebook.net\/tr_TR\/sdk.js#xfbml=1&#038;version=v3.3\"\n            ><\/script><\/p>\n","protected":false},"excerpt":{"rendered":"<p>TC Rekabet Kurumu ve KKTC Rekabet Kurulu aras\u0131nda mevcut olan i\u015f birli\u011fi protokol\u00fc, kapsam\u0131 geni\u015fletilerek g\u00fcncellendi. Rekabet Kurumundan yap\u0131lan a\u00e7\u0131klamaya g\u00f6re, Rekabet Kurumu Ba\u015fkan\u0131 Birol K\u00fcle ve KKTC Rekabet Kurulu Ba\u015fkan\u0131 Mustafa \u00dcst\u00fcnel mevcut i\u015f birli\u011fi protokol\u00fcn\u00fcn g\u00fcncellenmi\u015f ve geni\u015fletilmi\u015f versiyonunu imzalad\u0131. S\u00f6z konusu imza t\u00f6renine KKTC Ekonomi ve Enerji Bakan\u0131 Olgun Amcao\u011flu da kat\u0131ld\u0131. [&hellip;]<\/p>\n","protected":false},"author":1,"featured_media":14463,"comment_status":"open","ping_status":"open","sticky":false,"template":"","format":"standard","meta":{"jnews-multi-image_gallery":[],"jnews_single_post":[],"jnews_primary_category":[],"jnews_social_meta":[],"jnews_override_counter":[],"footnotes":""},"categories":[5],"tags":[],"class_list":["post-14462","post","type-post","status-publish","format-standard","has-post-thumbnail","hentry","category-turkiye"],"yoast_head":"<!-- This site is optimized with the Yoast SEO plugin v27.4 - https:\/\/yoast.com\/product\/yoast-seo-wordpress\/ -->\n<title>TC Rekabet Kurumu ile KKTC Rekabet Kurulu i\u015f birli\u011fi protokol\u00fcn\u00fcn kapsam\u0131 geni\u015fletildi - Kuzeyin Sesi<\/title>\n<meta name=\"robots\" content=\"index, follow, max-snippet:-1, max-image-preview:large, max-video-preview:-1\" \/>\n<link rel=\"canonical\" href=\"https:\/\/kuzeyinsesi.org\/index.php\/2024\/11\/27\/tc-rekabet-kurumu-ile-kktc-rekabet-kurulu-is-birligi-protokolunun-kapsami-genisletildi\/\" \/>\n<meta property=\"og:locale\" content=\"tr_TR\" \/>\n<meta property=\"og:type\" content=\"article\" \/>\n<meta property=\"og:title\" content=\"TC Rekabet Kurumu ile KKTC Rekabet Kurulu i\u015f birli\u011fi protokol\u00fcn\u00fcn kapsam\u0131 geni\u015fletildi - Kuzeyin Sesi\" \/>\n<meta property=\"og:description\" content=\"TC Rekabet Kurumu ve KKTC Rekabet Kurulu aras\u0131nda mevcut olan i\u015f birli\u011fi protokol\u00fc, kapsam\u0131 geni\u015fletilerek g\u00fcncellendi. Rekabet Kurumundan yap\u0131lan a\u00e7\u0131klamaya g\u00f6re, Rekabet Kurumu Ba\u015fkan\u0131 Birol K\u00fcle ve KKTC Rekabet Kurulu Ba\u015fkan\u0131 Mustafa \u00dcst\u00fcnel mevcut i\u015f birli\u011fi protokol\u00fcn\u00fcn g\u00fcncellenmi\u015f ve geni\u015fletilmi\u015f versiyonunu imzalad\u0131. S\u00f6z konusu imza t\u00f6renine KKTC Ekonomi ve Enerji Bakan\u0131 Olgun Amcao\u011flu da kat\u0131ld\u0131. [&hellip;]\" \/>\n<meta property=\"og:url\" content=\"https:\/\/kuzeyinsesi.org\/index.php\/2024\/11\/27\/tc-rekabet-kurumu-ile-kktc-rekabet-kurulu-is-birligi-protokolunun-kapsami-genisletildi\/\" \/>\n<meta property=\"og:site_name\" content=\"Kuzeyin Sesi\" \/>\n<meta property=\"article:publisher\" content=\"https:\/\/www.facebook.com\/kuzeyinsesii\" \/>\n<meta property=\"article:published_time\" content=\"2024-11-27T16:27:09+00:00\" \/>\n<meta property=\"og:image\" content=\"https:\/\/brtk.net\/wp-content\/uploads\/2024\/11\/27\/rk.jpg?ver=8f8af50a093b891f67be9c77b579f3a8\" \/>\n<meta name=\"author\" content=\"Kuzeyin Sesi\" \/>\n<meta name=\"twitter:card\" content=\"summary_large_image\" \/>\n<meta name=\"twitter:creator\" content=\"@kuzeyinsesii\" \/>\n<meta name=\"twitter:site\" content=\"@kuzeyinsesii\" \/>\n<meta name=\"twitter:label1\" content=\"Yazan:\" \/>\n\t<meta name=\"twitter:data1\" content=\"Kuzeyin Sesi\" \/>\n\t<meta name=\"twitter:label2\" content=\"Tahmini okuma s\u00fcresi\" \/>\n\t<meta name=\"twitter:data2\" content=\"1 dakika\" \/>\n<script type=\"application\/ld+json\" class=\"yoast-schema-graph\">{\"@context\":\"https:\\\/\\\/schema.org\",\"@graph\":[{\"@type\":\"Article\",\"@id\":\"https:\\\/\\\/kuzeyinsesi.org\\\/index.php\\\/2024\\\/11\\\/27\\\/tc-rekabet-kurumu-ile-kktc-rekabet-kurulu-is-birligi-protokolunun-kapsami-genisletildi\\\/#article\",\"isPartOf\":{\"@id\":\"https:\\\/\\\/kuzeyinsesi.org\\\/index.php\\\/2024\\\/11\\\/27\\\/tc-rekabet-kurumu-ile-kktc-rekabet-kurulu-is-birligi-protokolunun-kapsami-genisletildi\\\/\"},\"author\":{\"name\":\"Kuzeyin Sesi\",\"@id\":\"https:\\\/\\\/kuzeyinsesi.org\\\/#\\\/schema\\\/person\\\/9f859689cdf01485597712386e37f5aa\"},\"headline\":\"TC Rekabet Kurumu ile KKTC Rekabet Kurulu i\u015f birli\u011fi protokol\u00fcn\u00fcn kapsam\u0131 geni\u015fletildi\",\"datePublished\":\"2024-11-27T16:27:09+00:00\",\"mainEntityOfPage\":{\"@id\":\"https:\\\/\\\/kuzeyinsesi.org\\\/index.php\\\/2024\\\/11\\\/27\\\/tc-rekabet-kurumu-ile-kktc-rekabet-kurulu-is-birligi-protokolunun-kapsami-genisletildi\\\/\"},\"wordCount\":199,\"commentCount\":0,\"image\":{\"@id\":\"https:\\\/\\\/kuzeyinsesi.org\\\/index.php\\\/2024\\\/11\\\/27\\\/tc-rekabet-kurumu-ile-kktc-rekabet-kurulu-is-birligi-protokolunun-kapsami-genisletildi\\\/#primaryimage\"},\"thumbnailUrl\":\"https:\\\/\\\/kuzeyinsesi.org\\\/wp-content\\\/uploads\\\/2024\\\/11\\\/rk.jpg\",\"articleSection\":[\"T\u00fcrkiye\"],\"inLanguage\":\"tr\",\"potentialAction\":[{\"@type\":\"CommentAction\",\"name\":\"Comment\",\"target\":[\"https:\\\/\\\/kuzeyinsesi.org\\\/index.php\\\/2024\\\/11\\\/27\\\/tc-rekabet-kurumu-ile-kktc-rekabet-kurulu-is-birligi-protokolunun-kapsami-genisletildi\\\/#respond\"]}]},{\"@type\":\"WebPage\",\"@id\":\"https:\\\/\\\/kuzeyinsesi.org\\\/index.php\\\/2024\\\/11\\\/27\\\/tc-rekabet-kurumu-ile-kktc-rekabet-kurulu-is-birligi-protokolunun-kapsami-genisletildi\\\/\",\"url\":\"https:\\\/\\\/kuzeyinsesi.org\\\/index.php\\\/2024\\\/11\\\/27\\\/tc-rekabet-kurumu-ile-kktc-rekabet-kurulu-is-birligi-protokolunun-kapsami-genisletildi\\\/\",\"name\":\"TC Rekabet Kurumu ile KKTC Rekabet Kurulu i\u015f birli\u011fi protokol\u00fcn\u00fcn kapsam\u0131 geni\u015fletildi - Kuzeyin Sesi\",\"isPartOf\":{\"@id\":\"https:\\\/\\\/kuzeyinsesi.org\\\/#website\"},\"primaryImageOfPage\":{\"@id\":\"https:\\\/\\\/kuzeyinsesi.org\\\/index.php\\\/2024\\\/11\\\/27\\\/tc-rekabet-kurumu-ile-kktc-rekabet-kurulu-is-birligi-protokolunun-kapsami-genisletildi\\\/#primaryimage\"},\"image\":{\"@id\":\"https:\\\/\\\/kuzeyinsesi.org\\\/index.php\\\/2024\\\/11\\\/27\\\/tc-rekabet-kurumu-ile-kktc-rekabet-kurulu-is-birligi-protokolunun-kapsami-genisletildi\\\/#primaryimage\"},\"thumbnailUrl\":\"https:\\\/\\\/kuzeyinsesi.org\\\/wp-content\\\/uploads\\\/2024\\\/11\\\/rk.jpg\",\"datePublished\":\"2024-11-27T16:27:09+00:00\",\"author\":{\"@id\":\"https:\\\/\\\/kuzeyinsesi.org\\\/#\\\/schema\\\/person\\\/9f859689cdf01485597712386e37f5aa\"},\"breadcrumb\":{\"@id\":\"https:\\\/\\\/kuzeyinsesi.org\\\/index.php\\\/2024\\\/11\\\/27\\\/tc-rekabet-kurumu-ile-kktc-rekabet-kurulu-is-birligi-protokolunun-kapsami-genisletildi\\\/#breadcrumb\"},\"inLanguage\":\"tr\",\"potentialAction\":[{\"@type\":\"ReadAction\",\"target\":[\"https:\\\/\\\/kuzeyinsesi.org\\\/index.php\\\/2024\\\/11\\\/27\\\/tc-rekabet-kurumu-ile-kktc-rekabet-kurulu-is-birligi-protokolunun-kapsami-genisletildi\\\/\"]}]},{\"@type\":\"ImageObject\",\"inLanguage\":\"tr\",\"@id\":\"https:\\\/\\\/kuzeyinsesi.org\\\/index.php\\\/2024\\\/11\\\/27\\\/tc-rekabet-kurumu-ile-kktc-rekabet-kurulu-is-birligi-protokolunun-kapsami-genisletildi\\\/#primaryimage\",\"url\":\"https:\\\/\\\/kuzeyinsesi.org\\\/wp-content\\\/uploads\\\/2024\\\/11\\\/rk.jpg\",\"contentUrl\":\"https:\\\/\\\/kuzeyinsesi.org\\\/wp-content\\\/uploads\\\/2024\\\/11\\\/rk.jpg\",\"width\":1159,\"height\":432},{\"@type\":\"BreadcrumbList\",\"@id\":\"https:\\\/\\\/kuzeyinsesi.org\\\/index.php\\\/2024\\\/11\\\/27\\\/tc-rekabet-kurumu-ile-kktc-rekabet-kurulu-is-birligi-protokolunun-kapsami-genisletildi\\\/#breadcrumb\",\"itemListElement\":[{\"@type\":\"ListItem\",\"position\":1,\"name\":\"Anasayfa\",\"item\":\"https:\\\/\\\/kuzeyinsesi.org\\\/\"},{\"@type\":\"ListItem\",\"position\":2,\"name\":\"TC Rekabet Kurumu ile KKTC Rekabet Kurulu i\u015f birli\u011fi protokol\u00fcn\u00fcn kapsam\u0131 geni\u015fletildi\"}]},{\"@type\":\"WebSite\",\"@id\":\"https:\\\/\\\/kuzeyinsesi.org\\\/#website\",\"url\":\"https:\\\/\\\/kuzeyinsesi.org\\\/\",\"name\":\"Kuzeyin Sesi\",\"description\":\"Do\u011fru Haberin Adresi\",\"potentialAction\":[{\"@type\":\"SearchAction\",\"target\":{\"@type\":\"EntryPoint\",\"urlTemplate\":\"https:\\\/\\\/kuzeyinsesi.org\\\/?s={search_term_string}\"},\"query-input\":{\"@type\":\"PropertyValueSpecification\",\"valueRequired\":true,\"valueName\":\"search_term_string\"}}],\"inLanguage\":\"tr\"},{\"@type\":\"Person\",\"@id\":\"https:\\\/\\\/kuzeyinsesi.org\\\/#\\\/schema\\\/person\\\/9f859689cdf01485597712386e37f5aa\",\"name\":\"Kuzeyin Sesi\",\"image\":{\"@type\":\"ImageObject\",\"inLanguage\":\"tr\",\"@id\":\"https:\\\/\\\/secure.gravatar.com\\\/avatar\\\/bab33852abfd8b282518d6ed81826833d77c3c882d9ab608add591ccace47a44?s=96&d=mm&r=g\",\"url\":\"https:\\\/\\\/secure.gravatar.com\\\/avatar\\\/bab33852abfd8b282518d6ed81826833d77c3c882d9ab608add591ccace47a44?s=96&d=mm&r=g\",\"contentUrl\":\"https:\\\/\\\/secure.gravatar.com\\\/avatar\\\/bab33852abfd8b282518d6ed81826833d77c3c882d9ab608add591ccace47a44?s=96&d=mm&r=g\",\"caption\":\"Kuzeyin Sesi\"},\"sameAs\":[\"https:\\\/\\\/kuzeyinsesi.org\"],\"url\":\"https:\\\/\\\/kuzeyinsesi.org\\\/index.php\\\/author\\\/guven\\\/\"}]}<\/script>\n<!-- \/ Yoast SEO plugin. -->","yoast_head_json":{"title":"TC Rekabet Kurumu ile KKTC Rekabet Kurulu i\u015f birli\u011fi protokol\u00fcn\u00fcn kapsam\u0131 geni\u015fletildi - Kuzeyin Sesi","robots":{"index":"index","follow":"follow","max-snippet":"max-snippet:-1","max-image-preview":"max-image-preview:large","max-video-preview":"max-video-preview:-1"},"canonical":"https:\/\/kuzeyinsesi.org\/index.php\/2024\/11\/27\/tc-rekabet-kurumu-ile-kktc-rekabet-kurulu-is-birligi-protokolunun-kapsami-genisletildi\/","og_locale":"tr_TR","og_type":"article","og_title":"TC Rekabet Kurumu ile KKTC Rekabet Kurulu i\u015f birli\u011fi protokol\u00fcn\u00fcn kapsam\u0131 geni\u015fletildi - Kuzeyin Sesi","og_description":"TC Rekabet Kurumu ve KKTC Rekabet Kurulu aras\u0131nda mevcut olan i\u015f birli\u011fi protokol\u00fc, kapsam\u0131 geni\u015fletilerek g\u00fcncellendi. Rekabet Kurumundan yap\u0131lan a\u00e7\u0131klamaya g\u00f6re, Rekabet Kurumu Ba\u015fkan\u0131 Birol K\u00fcle ve KKTC Rekabet Kurulu Ba\u015fkan\u0131 Mustafa \u00dcst\u00fcnel mevcut i\u015f birli\u011fi protokol\u00fcn\u00fcn g\u00fcncellenmi\u015f ve geni\u015fletilmi\u015f versiyonunu imzalad\u0131. S\u00f6z konusu imza t\u00f6renine KKTC Ekonomi ve Enerji Bakan\u0131 Olgun Amcao\u011flu da kat\u0131ld\u0131. [&hellip;]","og_url":"https:\/\/kuzeyinsesi.org\/index.php\/2024\/11\/27\/tc-rekabet-kurumu-ile-kktc-rekabet-kurulu-is-birligi-protokolunun-kapsami-genisletildi\/","og_site_name":"Kuzeyin Sesi","article_publisher":"https:\/\/www.facebook.com\/kuzeyinsesii","article_published_time":"2024-11-27T16:27:09+00:00","og_image":[{"url":"https:\/\/brtk.net\/wp-content\/uploads\/2024\/11\/27\/rk.jpg?ver=8f8af50a093b891f67be9c77b579f3a8","type":"","width":"","height":""}],"author":"Kuzeyin Sesi","twitter_card":"summary_large_image","twitter_creator":"@kuzeyinsesii","twitter_site":"@kuzeyinsesii","twitter_misc":{"Yazan:":"Kuzeyin Sesi","Tahmini okuma s\u00fcresi":"1 dakika"},"schema":{"@context":"https:\/\/schema.org","@graph":[{"@type":"Article","@id":"https:\/\/kuzeyinsesi.org\/index.php\/2024\/11\/27\/tc-rekabet-kurumu-ile-kktc-rekabet-kurulu-is-birligi-protokolunun-kapsami-genisletildi\/#article","isPartOf":{"@id":"https:\/\/kuzeyinsesi.org\/index.php\/2024\/11\/27\/tc-rekabet-kurumu-ile-kktc-rekabet-kurulu-is-birligi-protokolunun-kapsami-genisletildi\/"},"author":{"name":"Kuzeyin Sesi","@id":"https:\/\/kuzeyinsesi.org\/#\/schema\/person\/9f859689cdf01485597712386e37f5aa"},"headline":"TC Rekabet Kurumu ile KKTC Rekabet Kurulu i\u015f birli\u011fi protokol\u00fcn\u00fcn kapsam\u0131 geni\u015fletildi","datePublished":"2024-11-27T16:27:09+00:00","mainEntityOfPage":{"@id":"https:\/\/kuzeyinsesi.org\/index.php\/2024\/11\/27\/tc-rekabet-kurumu-ile-kktc-rekabet-kurulu-is-birligi-protokolunun-kapsami-genisletildi\/"},"wordCount":199,"commentCount":0,"image":{"@id":"https:\/\/kuzeyinsesi.org\/index.php\/2024\/11\/27\/tc-rekabet-kurumu-ile-kktc-rekabet-kurulu-is-birligi-protokolunun-kapsami-genisletildi\/#primaryimage"},"thumbnailUrl":"https:\/\/kuzeyinsesi.org\/wp-content\/uploads\/2024\/11\/rk.jpg","articleSection":["T\u00fcrkiye"],"inLanguage":"tr","potentialAction":[{"@type":"CommentAction","name":"Comment","target":["https:\/\/kuzeyinsesi.org\/index.php\/2024\/11\/27\/tc-rekabet-kurumu-ile-kktc-rekabet-kurulu-is-birligi-protokolunun-kapsami-genisletildi\/#respond"]}]},{"@type":"WebPage","@id":"https:\/\/kuzeyinsesi.org\/index.php\/2024\/11\/27\/tc-rekabet-kurumu-ile-kktc-rekabet-kurulu-is-birligi-protokolunun-kapsami-genisletildi\/","url":"https:\/\/kuzeyinsesi.org\/index.php\/2024\/11\/27\/tc-rekabet-kurumu-ile-kktc-rekabet-kurulu-is-birligi-protokolunun-kapsami-genisletildi\/","name":"TC Rekabet Kurumu ile KKTC Rekabet Kurulu i\u015f birli\u011fi protokol\u00fcn\u00fcn kapsam\u0131 geni\u015fletildi - Kuzeyin Sesi","isPartOf":{"@id":"https:\/\/kuzeyinsesi.org\/#website"},"primaryImageOfPage":{"@id":"https:\/\/kuzeyinsesi.org\/index.php\/2024\/11\/27\/tc-rekabet-kurumu-ile-kktc-rekabet-kurulu-is-birligi-protokolunun-kapsami-genisletildi\/#primaryimage"},"image":{"@id":"https:\/\/kuzeyinsesi.org\/index.php\/2024\/11\/27\/tc-rekabet-kurumu-ile-kktc-rekabet-kurulu-is-birligi-protokolunun-kapsami-genisletildi\/#primaryimage"},"thumbnailUrl":"https:\/\/kuzeyinsesi.org\/wp-content\/uploads\/2024\/11\/rk.jpg","datePublished":"2024-11-27T16:27:09+00:00","author":{"@id":"https:\/\/kuzeyinsesi.org\/#\/schema\/person\/9f859689cdf01485597712386e37f5aa"},"breadcrumb":{"@id":"https:\/\/kuzeyinsesi.org\/index.php\/2024\/11\/27\/tc-rekabet-kurumu-ile-kktc-rekabet-kurulu-is-birligi-protokolunun-kapsami-genisletildi\/#breadcrumb"},"inLanguage":"tr","potentialAction":[{"@type":"ReadAction","target":["https:\/\/kuzeyinsesi.org\/index.php\/2024\/11\/27\/tc-rekabet-kurumu-ile-kktc-rekabet-kurulu-is-birligi-protokolunun-kapsami-genisletildi\/"]}]},{"@type":"ImageObject","inLanguage":"tr","@id":"https:\/\/kuzeyinsesi.org\/index.php\/2024\/11\/27\/tc-rekabet-kurumu-ile-kktc-rekabet-kurulu-is-birligi-protokolunun-kapsami-genisletildi\/#primaryimage","url":"https:\/\/kuzeyinsesi.org\/wp-content\/uploads\/2024\/11\/rk.jpg","contentUrl":"https:\/\/kuzeyinsesi.org\/wp-content\/uploads\/2024\/11\/rk.jpg","width":1159,"height":432},{"@type":"BreadcrumbList","@id":"https:\/\/kuzeyinsesi.org\/index.php\/2024\/11\/27\/tc-rekabet-kurumu-ile-kktc-rekabet-kurulu-is-birligi-protokolunun-kapsami-genisletildi\/#breadcrumb","itemListElement":[{"@type":"ListItem","position":1,"name":"Anasayfa","item":"https:\/\/kuzeyinsesi.org\/"},{"@type":"ListItem","position":2,"name":"TC Rekabet Kurumu ile KKTC Rekabet Kurulu i\u015f birli\u011fi protokol\u00fcn\u00fcn kapsam\u0131 geni\u015fletildi"}]},{"@type":"WebSite","@id":"https:\/\/kuzeyinsesi.org\/#website","url":"https:\/\/kuzeyinsesi.org\/","name":"Kuzeyin Sesi","description":"Do\u011fru Haberin Adresi","potentialAction":[{"@type":"SearchAction","target":{"@type":"EntryPoint","urlTemplate":"https:\/\/kuzeyinsesi.org\/?s={search_term_string}"},"query-input":{"@type":"PropertyValueSpecification","valueRequired":true,"valueName":"search_term_string"}}],"inLanguage":"tr"},{"@type":"Person","@id":"https:\/\/kuzeyinsesi.org\/#\/schema\/person\/9f859689cdf01485597712386e37f5aa","name":"Kuzeyin Sesi","image":{"@type":"ImageObject","inLanguage":"tr","@id":"https:\/\/secure.gravatar.com\/avatar\/bab33852abfd8b282518d6ed81826833d77c3c882d9ab608add591ccace47a44?s=96&d=mm&r=g","url":"https:\/\/secure.gravatar.com\/avatar\/bab33852abfd8b282518d6ed81826833d77c3c882d9ab608add591ccace47a44?s=96&d=mm&r=g","contentUrl":"https:\/\/secure.gravatar.com\/avatar\/bab33852abfd8b282518d6ed81826833d77c3c882d9ab608add591ccace47a44?s=96&d=mm&r=g","caption":"Kuzeyin Sesi"},"sameAs":["https:\/\/kuzeyinsesi.org"],"url":"https:\/\/kuzeyinsesi.org\/index.php\/author\/guven\/"}]}},"_links":{"self":[{"href":"https:\/\/kuzeyinsesi.org\/index.php\/wp-json\/wp\/v2\/posts\/14462","targetHints":{"allow":["GET"]}}],"collection":[{"href":"https:\/\/kuzeyinsesi.org\/index.php\/wp-json\/wp\/v2\/posts"}],"about":[{"href":"https:\/\/kuzeyinsesi.org\/index.php\/wp-json\/wp\/v2\/types\/post"}],"author":[{"embeddable":true,"href":"https:\/\/kuzeyinsesi.org\/index.php\/wp-json\/wp\/v2\/users\/1"}],"replies":[{"embeddable":true,"href":"https:\/\/kuzeyinsesi.org\/index.php\/wp-json\/wp\/v2\/comments?post=14462"}],"version-history":[{"count":0,"href":"https:\/\/kuzeyinsesi.org\/index.php\/wp-json\/wp\/v2\/posts\/14462\/revisions"}],"wp:featuredmedia":[{"embeddable":true,"href":"https:\/\/kuzeyinsesi.org\/index.php\/wp-json\/wp\/v2\/media\/14463"}],"wp:attachment":[{"href":"https:\/\/kuzeyinsesi.org\/index.php\/wp-json\/wp\/v2\/media?parent=14462"}],"wp:term":[{"taxonomy":"category","embeddable":true,"href":"https:\/\/kuzeyinsesi.org\/index.php\/wp-json\/wp\/v2\/categories?post=14462"},{"taxonomy":"post_tag","embeddable":true,"href":"https:\/\/kuzeyinsesi.org\/index.php\/wp-json\/wp\/v2\/tags?post=14462"}],"curies":[{"name":"wp","href":"https:\/\/api.w.org\/{rel}","templated":true}]}}