{"id":14442,"date":"2024-11-27T15:03:05","date_gmt":"2024-11-27T13:03:05","guid":{"rendered":"https:\/\/kuzeyinsesi.org\/index.php\/2024\/11\/27\/trautmann-doga-ve-ben-isimli-kitabini-kultur-dairesi-muduru-sirin-zaimagaogluna-sundu\/"},"modified":"2024-11-27T15:03:05","modified_gmt":"2024-11-27T13:03:05","slug":"trautmann-doga-ve-ben-isimli-kitabini-kultur-dairesi-muduru-sirin-zaimagaogluna-sundu","status":"publish","type":"post","link":"https:\/\/kuzeyinsesi.org\/index.php\/2024\/11\/27\/trautmann-doga-ve-ben-isimli-kitabini-kultur-dairesi-muduru-sirin-zaimagaogluna-sundu\/","title":{"rendered":"Trautmann, Do\u011fa ve Ben isimli kitab\u0131n\u0131 K\u00fclt\u00fcr Dairesi M\u00fcd\u00fcr\u00fc \u015eirin Zaima\u011fao\u011flu\u2019na sundu"},"content":{"rendered":"<div>\n<div class=\"mariselle-image-container center\">\n                                            <\/div>\n<p> Yazar ve Ressam Heidi Trautmann, bas\u0131m\u0131n\u0131 K\u00fclt\u00fcr Dairesi koordinasyonu ile Ba\u015fbakan Yard\u0131mc\u0131l\u0131\u011f\u0131, Turizm, K\u00fclt\u00fcr, Gen\u00e7lik ve \u00c7evre Bakanl\u0131\u011f\u0131\u2019n\u0131n katk\u0131lar\u0131yla ger\u00e7ekle\u015ftirdi\u011fi Do\u011fa ve Ben isimli kitab\u0131n\u0131 K\u00fclt\u00fcr Dairesi M\u00fcd\u00fcr\u00fc \u015eirin Zaima\u011fao\u011flu\u2019na sundu.<\/p>\n<p>Ba\u015fbakan Yard\u0131mc\u0131l\u0131\u011f\u0131 Turizm K\u00fclt\u00fcr Gen\u00e7lik ve \u00c7evre Bakanl\u0131\u011f\u0131\u2019na ba\u011fl\u0131 K\u00fclt\u00fcr Dairesi M\u00fcd\u00fcr\u00fc \u015eirin Zaima\u011fao\u011flu\u2019nu makam\u0131nda ziyaret eden Heidi Trautmann, k\u00fcrat\u00f6rl\u00fc\u011f\u00fcn\u00fc yapt\u0131\u011f\u0131 ve farkl\u0131 sanat dallar\u0131ndan 52 K\u0131br\u0131sl\u0131 sanat\u00e7\u0131 ile yarat\u0131c\u0131 insan\u0131n \u00e7al\u0131\u015fmalar\u0131ndan olu\u015fturdu\u011fu kitab\u0131n\u0131 sundu.<\/p>\n<p>K\u00fclt\u00fcr Dairesi K\u00fclt\u00fcr Merkezi Y\u00f6netmeni Pervin Aremek A\u015f\u0131ko\u011flu\u2019nun da haz\u0131r bulundu\u011fu kabulde Yazar ve Ressam Heidi Trautmann, \u201cDo\u011fan\u0131n bize ihtiyac\u0131 var d\u00fcrt\u00fcs\u00fcyle\u201d haz\u0131rlad\u0131\u011f\u0131n\u0131 belirtti\u011fi kitab\u0131n\u0131, bas\u0131l\u0131r bas\u0131lmaz, ilk kez K\u00fclt\u00fcr Dairesi M\u00fcd\u00fcr\u00fc \u015eirin Zaima\u011fao\u011flu\u2019na sunmak ve kitab\u0131n bas\u0131m\u0131n\u0131 sa\u011flayan Ba\u015fbakan Yard\u0131mc\u0131s\u0131 Turizm K\u00fclt\u00fcr Gen\u00e7lik ve \u00c7evre Bakan\u0131 Fikri Atao\u011flu\u2019na te\u015fekk\u00fcr etmek istedi\u011fini bildirdi.<\/p>\n<p>K\u00fclt\u00fcr Dairesi\u2019nden verilen bilgiye g\u00f6re, K\u0131br\u0131s\u2019a ilk kez 1999 y\u0131l\u0131nda gelen ve 2001 y\u0131l\u0131ndan beri \u00fclkede ya\u015fayarak sanatsal \u00e7al\u0131\u015fmalar yapmakta olan Yazar ve Ressam Heidi Trautmann, kitap hakk\u0131nda Zaima\u011fao\u011flu\u2019na bilgi verdi.<\/p>\n<p>Kitapta yer vermek \u00fczere 100\u2019\u00fc a\u015fk\u0131n K\u0131br\u0131sl\u0131 sanat insan\u0131na davet g\u00f6ndererek, do\u011fan\u0131n kendilerine ne ifade etti\u011fini sanatsal \u00e7al\u0131\u015fmalar\u0131 ile anlatmalar\u0131n\u0131 istedi\u011fini, davetini olumlu yan\u0131tlayan 52 ki\u015finin sanatsal \u00e7al\u0131\u015fmalar\u0131n\u0131 kendisine g\u00f6nderdi\u011fini anlatan  Trautmann, k\u00fcrat\u00f6rl\u00fc\u011f\u00fcn\u00fc yapt\u0131\u011f\u0131 T\u00fcrk\u00e7e ve \u0130ngilizce olarak iki dilli bas\u0131lan Do\u011fa ve Ben K\u0131br\u0131s\u2019\u0131n Sanat\u00e7\u0131lar\u0131 ve Yarat\u0131c\u0131 \u0130nsanlar\u0131 Konu\u015fuyor isimli kitapta, yarat\u0131c\u0131 insanlar\u0131n \u015fiirle, karikat\u00fcrle, resimle, heykelle, m\u00fczikle, seramikle ve yaz\u0131yla do\u011fan\u0131n kendileri i\u00e7in anlam\u0131n\u0131 anlatt\u0131klar\u0131n\u0131 vurgulad\u0131.<\/p>\n<p>Trautmann, Ba\u015fbakan Yard\u0131mc\u0131s\u0131 Fikri Atao\u011flu ile Daire M\u00fcd\u00fcr\u00fc \u015eair \u015eirin Zaima\u011fao\u011flu\u2019nun sunu\u015f yaz\u0131lar\u0131 ile okuyucuyla bulu\u015facak kitab\u0131n, tan\u0131t\u0131m etkinli\u011fi i\u00e7in, 2025 y\u0131l\u0131n\u0131n ocak ay\u0131nda Atat\u00fcrk K\u00fclt\u00fcr Merkezi\u2019nde bir sergi a\u00e7mak istediklerini de bildirdi. <\/p>\n<p>Haz\u0131rlad\u0131\u011f\u0131 kitapla sanat ve do\u011fay\u0131 birle\u015ftiren Heidi Trautmann\u2019\u0131 kutlayan Zaima\u011fao\u011flu, b\u00f6ylesine anlaml\u0131 ve geni\u015f kat\u0131l\u0131ml\u0131 bir sanatsal \u00e7al\u0131\u015fmaya K\u00fclt\u00fcr Dairesi ve Bakanl\u0131k olarak ortak olmaktan gurur duyduklar\u0131n\u0131 kaydetti.<\/p>\n<p>Kendisinin de 1996 Be\u015fparmak yang\u0131n\u0131n\u0131n ard\u0131ndan Bir Ye\u015file Bir de Sana Vurgunum isimli \u015fiirini yazd\u0131\u011f\u0131n\u0131 ve bu \u015fiirinin Kamran Aziz taraf\u0131ndan bestelenerek K\u0131br\u0131s T\u00fcrk halk\u0131n\u0131n ortak de\u011ferleri aras\u0131na girdi\u011fini ifade eden Zaima\u011fao\u011flu, do\u011fan\u0131n t\u00fcm insanlar i\u00e7in hayati \u00f6nem ta\u015f\u0131d\u0131\u011f\u0131n\u0131 ancak yarat\u0131c\u0131 insanlar ve sanat\u00e7\u0131lar i\u00e7in do\u011fan\u0131n ne ifade etti\u011fini g\u00f6rmek isteyenlerin bunu en g\u00fczel bir \u015fekilde Trautmann\u2019\u0131n haz\u0131rlad\u0131\u011f\u0131 Do\u011fa ve Ben kitab\u0131nda bulacaklar\u0131n\u0131n alt\u0131n\u0131 \u00e7izdi.<\/p>\n<\/p><\/div>\n<p><script async\n                    defer\n                    crossorigin=\"anonymous\"\n                    src=\"https:\/\/connect.facebook.net\/tr_TR\/sdk.js#xfbml=1&#038;version=v3.3\"\n            ><\/script><\/p>\n","protected":false},"excerpt":{"rendered":"<p>Yazar ve Ressam Heidi Trautmann, bas\u0131m\u0131n\u0131 K\u00fclt\u00fcr Dairesi koordinasyonu ile Ba\u015fbakan Yard\u0131mc\u0131l\u0131\u011f\u0131, Turizm, K\u00fclt\u00fcr, Gen\u00e7lik ve \u00c7evre Bakanl\u0131\u011f\u0131\u2019n\u0131n katk\u0131lar\u0131yla ger\u00e7ekle\u015ftirdi\u011fi Do\u011fa ve Ben isimli kitab\u0131n\u0131 K\u00fclt\u00fcr Dairesi M\u00fcd\u00fcr\u00fc \u015eirin Zaima\u011fao\u011flu\u2019na sundu. Ba\u015fbakan Yard\u0131mc\u0131l\u0131\u011f\u0131 Turizm K\u00fclt\u00fcr Gen\u00e7lik ve \u00c7evre Bakanl\u0131\u011f\u0131\u2019na ba\u011fl\u0131 K\u00fclt\u00fcr Dairesi M\u00fcd\u00fcr\u00fc \u015eirin Zaima\u011fao\u011flu\u2019nu makam\u0131nda ziyaret eden Heidi Trautmann, k\u00fcrat\u00f6rl\u00fc\u011f\u00fcn\u00fc yapt\u0131\u011f\u0131 ve farkl\u0131 sanat [&hellip;]<\/p>\n","protected":false},"author":1,"featured_media":14443,"comment_status":"open","ping_status":"open","sticky":false,"template":"","format":"standard","meta":{"jnews-multi-image_gallery":[],"jnews_single_post":[],"jnews_primary_category":[],"jnews_social_meta":[],"jnews_override_counter":[],"footnotes":""},"categories":[6],"tags":[],"class_list":["post-14442","post","type-post","status-publish","format-standard","has-post-thumbnail","hentry","category-yasam"],"yoast_head":"<!-- This site is optimized with the Yoast SEO plugin v27.4 - https:\/\/yoast.com\/product\/yoast-seo-wordpress\/ -->\n<title>Trautmann, Do\u011fa ve Ben isimli kitab\u0131n\u0131 K\u00fclt\u00fcr Dairesi M\u00fcd\u00fcr\u00fc \u015eirin Zaima\u011fao\u011flu\u2019na sundu - Kuzeyin Sesi<\/title>\n<meta name=\"robots\" content=\"index, follow, max-snippet:-1, max-image-preview:large, max-video-preview:-1\" \/>\n<link rel=\"canonical\" href=\"https:\/\/kuzeyinsesi.org\/index.php\/2024\/11\/27\/trautmann-doga-ve-ben-isimli-kitabini-kultur-dairesi-muduru-sirin-zaimagaogluna-sundu\/\" \/>\n<meta property=\"og:locale\" content=\"tr_TR\" \/>\n<meta property=\"og:type\" content=\"article\" \/>\n<meta property=\"og:title\" content=\"Trautmann, Do\u011fa ve Ben isimli kitab\u0131n\u0131 K\u00fclt\u00fcr Dairesi M\u00fcd\u00fcr\u00fc \u015eirin Zaima\u011fao\u011flu\u2019na sundu - Kuzeyin Sesi\" \/>\n<meta property=\"og:description\" content=\"Yazar ve Ressam Heidi Trautmann, bas\u0131m\u0131n\u0131 K\u00fclt\u00fcr Dairesi koordinasyonu ile Ba\u015fbakan Yard\u0131mc\u0131l\u0131\u011f\u0131, Turizm, K\u00fclt\u00fcr, Gen\u00e7lik ve \u00c7evre Bakanl\u0131\u011f\u0131\u2019n\u0131n katk\u0131lar\u0131yla ger\u00e7ekle\u015ftirdi\u011fi Do\u011fa ve Ben isimli kitab\u0131n\u0131 K\u00fclt\u00fcr Dairesi M\u00fcd\u00fcr\u00fc \u015eirin Zaima\u011fao\u011flu\u2019na sundu. Ba\u015fbakan Yard\u0131mc\u0131l\u0131\u011f\u0131 Turizm K\u00fclt\u00fcr Gen\u00e7lik ve \u00c7evre Bakanl\u0131\u011f\u0131\u2019na ba\u011fl\u0131 K\u00fclt\u00fcr Dairesi M\u00fcd\u00fcr\u00fc \u015eirin Zaima\u011fao\u011flu\u2019nu makam\u0131nda ziyaret eden Heidi Trautmann, k\u00fcrat\u00f6rl\u00fc\u011f\u00fcn\u00fc yapt\u0131\u011f\u0131 ve farkl\u0131 sanat [&hellip;]\" \/>\n<meta property=\"og:url\" content=\"https:\/\/kuzeyinsesi.org\/index.php\/2024\/11\/27\/trautmann-doga-ve-ben-isimli-kitabini-kultur-dairesi-muduru-sirin-zaimagaogluna-sundu\/\" \/>\n<meta property=\"og:site_name\" content=\"Kuzeyin Sesi\" \/>\n<meta property=\"article:publisher\" content=\"https:\/\/www.facebook.com\/kuzeyinsesii\" \/>\n<meta property=\"article:published_time\" content=\"2024-11-27T13:03:05+00:00\" \/>\n<meta property=\"og:image\" content=\"https:\/\/brtk.net\/wp-content\/uploads\/2024\/11\/27\/aslka.jpeg?ver=bf29972f156ae821387b78c0d8263788\" \/>\n<meta name=\"author\" content=\"Kuzeyin Sesi\" \/>\n<meta name=\"twitter:card\" content=\"summary_large_image\" \/>\n<meta name=\"twitter:creator\" content=\"@kuzeyinsesii\" \/>\n<meta name=\"twitter:site\" content=\"@kuzeyinsesii\" \/>\n<meta name=\"twitter:label1\" content=\"Yazan:\" \/>\n\t<meta name=\"twitter:data1\" content=\"Kuzeyin Sesi\" \/>\n\t<meta name=\"twitter:label2\" content=\"Tahmini okuma s\u00fcresi\" \/>\n\t<meta name=\"twitter:data2\" content=\"3 dakika\" \/>\n<script type=\"application\/ld+json\" class=\"yoast-schema-graph\">{\"@context\":\"https:\\\/\\\/schema.org\",\"@graph\":[{\"@type\":\"Article\",\"@id\":\"https:\\\/\\\/kuzeyinsesi.org\\\/index.php\\\/2024\\\/11\\\/27\\\/trautmann-doga-ve-ben-isimli-kitabini-kultur-dairesi-muduru-sirin-zaimagaogluna-sundu\\\/#article\",\"isPartOf\":{\"@id\":\"https:\\\/\\\/kuzeyinsesi.org\\\/index.php\\\/2024\\\/11\\\/27\\\/trautmann-doga-ve-ben-isimli-kitabini-kultur-dairesi-muduru-sirin-zaimagaogluna-sundu\\\/\"},\"author\":{\"name\":\"Kuzeyin Sesi\",\"@id\":\"https:\\\/\\\/kuzeyinsesi.org\\\/#\\\/schema\\\/person\\\/9f859689cdf01485597712386e37f5aa\"},\"headline\":\"Trautmann, Do\u011fa ve Ben isimli kitab\u0131n\u0131 K\u00fclt\u00fcr Dairesi M\u00fcd\u00fcr\u00fc \u015eirin Zaima\u011fao\u011flu\u2019na sundu\",\"datePublished\":\"2024-11-27T13:03:05+00:00\",\"mainEntityOfPage\":{\"@id\":\"https:\\\/\\\/kuzeyinsesi.org\\\/index.php\\\/2024\\\/11\\\/27\\\/trautmann-doga-ve-ben-isimli-kitabini-kultur-dairesi-muduru-sirin-zaimagaogluna-sundu\\\/\"},\"wordCount\":593,\"commentCount\":0,\"image\":{\"@id\":\"https:\\\/\\\/kuzeyinsesi.org\\\/index.php\\\/2024\\\/11\\\/27\\\/trautmann-doga-ve-ben-isimli-kitabini-kultur-dairesi-muduru-sirin-zaimagaogluna-sundu\\\/#primaryimage\"},\"thumbnailUrl\":\"https:\\\/\\\/kuzeyinsesi.org\\\/wp-content\\\/uploads\\\/2024\\\/11\\\/aslka.jpeg\",\"articleSection\":[\"Ya\u015fam\"],\"inLanguage\":\"tr\",\"potentialAction\":[{\"@type\":\"CommentAction\",\"name\":\"Comment\",\"target\":[\"https:\\\/\\\/kuzeyinsesi.org\\\/index.php\\\/2024\\\/11\\\/27\\\/trautmann-doga-ve-ben-isimli-kitabini-kultur-dairesi-muduru-sirin-zaimagaogluna-sundu\\\/#respond\"]}]},{\"@type\":\"WebPage\",\"@id\":\"https:\\\/\\\/kuzeyinsesi.org\\\/index.php\\\/2024\\\/11\\\/27\\\/trautmann-doga-ve-ben-isimli-kitabini-kultur-dairesi-muduru-sirin-zaimagaogluna-sundu\\\/\",\"url\":\"https:\\\/\\\/kuzeyinsesi.org\\\/index.php\\\/2024\\\/11\\\/27\\\/trautmann-doga-ve-ben-isimli-kitabini-kultur-dairesi-muduru-sirin-zaimagaogluna-sundu\\\/\",\"name\":\"Trautmann, Do\u011fa ve Ben isimli kitab\u0131n\u0131 K\u00fclt\u00fcr Dairesi M\u00fcd\u00fcr\u00fc \u015eirin Zaima\u011fao\u011flu\u2019na sundu - Kuzeyin Sesi\",\"isPartOf\":{\"@id\":\"https:\\\/\\\/kuzeyinsesi.org\\\/#website\"},\"primaryImageOfPage\":{\"@id\":\"https:\\\/\\\/kuzeyinsesi.org\\\/index.php\\\/2024\\\/11\\\/27\\\/trautmann-doga-ve-ben-isimli-kitabini-kultur-dairesi-muduru-sirin-zaimagaogluna-sundu\\\/#primaryimage\"},\"image\":{\"@id\":\"https:\\\/\\\/kuzeyinsesi.org\\\/index.php\\\/2024\\\/11\\\/27\\\/trautmann-doga-ve-ben-isimli-kitabini-kultur-dairesi-muduru-sirin-zaimagaogluna-sundu\\\/#primaryimage\"},\"thumbnailUrl\":\"https:\\\/\\\/kuzeyinsesi.org\\\/wp-content\\\/uploads\\\/2024\\\/11\\\/aslka.jpeg\",\"datePublished\":\"2024-11-27T13:03:05+00:00\",\"author\":{\"@id\":\"https:\\\/\\\/kuzeyinsesi.org\\\/#\\\/schema\\\/person\\\/9f859689cdf01485597712386e37f5aa\"},\"breadcrumb\":{\"@id\":\"https:\\\/\\\/kuzeyinsesi.org\\\/index.php\\\/2024\\\/11\\\/27\\\/trautmann-doga-ve-ben-isimli-kitabini-kultur-dairesi-muduru-sirin-zaimagaogluna-sundu\\\/#breadcrumb\"},\"inLanguage\":\"tr\",\"potentialAction\":[{\"@type\":\"ReadAction\",\"target\":[\"https:\\\/\\\/kuzeyinsesi.org\\\/index.php\\\/2024\\\/11\\\/27\\\/trautmann-doga-ve-ben-isimli-kitabini-kultur-dairesi-muduru-sirin-zaimagaogluna-sundu\\\/\"]}]},{\"@type\":\"ImageObject\",\"inLanguage\":\"tr\",\"@id\":\"https:\\\/\\\/kuzeyinsesi.org\\\/index.php\\\/2024\\\/11\\\/27\\\/trautmann-doga-ve-ben-isimli-kitabini-kultur-dairesi-muduru-sirin-zaimagaogluna-sundu\\\/#primaryimage\",\"url\":\"https:\\\/\\\/kuzeyinsesi.org\\\/wp-content\\\/uploads\\\/2024\\\/11\\\/aslka.jpeg\",\"contentUrl\":\"https:\\\/\\\/kuzeyinsesi.org\\\/wp-content\\\/uploads\\\/2024\\\/11\\\/aslka.jpeg\",\"width\":1239,\"height\":670},{\"@type\":\"BreadcrumbList\",\"@id\":\"https:\\\/\\\/kuzeyinsesi.org\\\/index.php\\\/2024\\\/11\\\/27\\\/trautmann-doga-ve-ben-isimli-kitabini-kultur-dairesi-muduru-sirin-zaimagaogluna-sundu\\\/#breadcrumb\",\"itemListElement\":[{\"@type\":\"ListItem\",\"position\":1,\"name\":\"Anasayfa\",\"item\":\"https:\\\/\\\/kuzeyinsesi.org\\\/\"},{\"@type\":\"ListItem\",\"position\":2,\"name\":\"Trautmann, Do\u011fa ve Ben isimli kitab\u0131n\u0131 K\u00fclt\u00fcr Dairesi M\u00fcd\u00fcr\u00fc \u015eirin Zaima\u011fao\u011flu\u2019na sundu\"}]},{\"@type\":\"WebSite\",\"@id\":\"https:\\\/\\\/kuzeyinsesi.org\\\/#website\",\"url\":\"https:\\\/\\\/kuzeyinsesi.org\\\/\",\"name\":\"Kuzeyin Sesi\",\"description\":\"Do\u011fru Haberin Adresi\",\"potentialAction\":[{\"@type\":\"SearchAction\",\"target\":{\"@type\":\"EntryPoint\",\"urlTemplate\":\"https:\\\/\\\/kuzeyinsesi.org\\\/?s={search_term_string}\"},\"query-input\":{\"@type\":\"PropertyValueSpecification\",\"valueRequired\":true,\"valueName\":\"search_term_string\"}}],\"inLanguage\":\"tr\"},{\"@type\":\"Person\",\"@id\":\"https:\\\/\\\/kuzeyinsesi.org\\\/#\\\/schema\\\/person\\\/9f859689cdf01485597712386e37f5aa\",\"name\":\"Kuzeyin Sesi\",\"image\":{\"@type\":\"ImageObject\",\"inLanguage\":\"tr\",\"@id\":\"https:\\\/\\\/secure.gravatar.com\\\/avatar\\\/bab33852abfd8b282518d6ed81826833d77c3c882d9ab608add591ccace47a44?s=96&d=mm&r=g\",\"url\":\"https:\\\/\\\/secure.gravatar.com\\\/avatar\\\/bab33852abfd8b282518d6ed81826833d77c3c882d9ab608add591ccace47a44?s=96&d=mm&r=g\",\"contentUrl\":\"https:\\\/\\\/secure.gravatar.com\\\/avatar\\\/bab33852abfd8b282518d6ed81826833d77c3c882d9ab608add591ccace47a44?s=96&d=mm&r=g\",\"caption\":\"Kuzeyin Sesi\"},\"sameAs\":[\"https:\\\/\\\/kuzeyinsesi.org\"],\"url\":\"https:\\\/\\\/kuzeyinsesi.org\\\/index.php\\\/author\\\/guven\\\/\"}]}<\/script>\n<!-- \/ Yoast SEO plugin. -->","yoast_head_json":{"title":"Trautmann, Do\u011fa ve Ben isimli kitab\u0131n\u0131 K\u00fclt\u00fcr Dairesi M\u00fcd\u00fcr\u00fc \u015eirin Zaima\u011fao\u011flu\u2019na sundu - Kuzeyin Sesi","robots":{"index":"index","follow":"follow","max-snippet":"max-snippet:-1","max-image-preview":"max-image-preview:large","max-video-preview":"max-video-preview:-1"},"canonical":"https:\/\/kuzeyinsesi.org\/index.php\/2024\/11\/27\/trautmann-doga-ve-ben-isimli-kitabini-kultur-dairesi-muduru-sirin-zaimagaogluna-sundu\/","og_locale":"tr_TR","og_type":"article","og_title":"Trautmann, Do\u011fa ve Ben isimli kitab\u0131n\u0131 K\u00fclt\u00fcr Dairesi M\u00fcd\u00fcr\u00fc \u015eirin Zaima\u011fao\u011flu\u2019na sundu - Kuzeyin Sesi","og_description":"Yazar ve Ressam Heidi Trautmann, bas\u0131m\u0131n\u0131 K\u00fclt\u00fcr Dairesi koordinasyonu ile Ba\u015fbakan Yard\u0131mc\u0131l\u0131\u011f\u0131, Turizm, K\u00fclt\u00fcr, Gen\u00e7lik ve \u00c7evre Bakanl\u0131\u011f\u0131\u2019n\u0131n katk\u0131lar\u0131yla ger\u00e7ekle\u015ftirdi\u011fi Do\u011fa ve Ben isimli kitab\u0131n\u0131 K\u00fclt\u00fcr Dairesi M\u00fcd\u00fcr\u00fc \u015eirin Zaima\u011fao\u011flu\u2019na sundu. Ba\u015fbakan Yard\u0131mc\u0131l\u0131\u011f\u0131 Turizm K\u00fclt\u00fcr Gen\u00e7lik ve \u00c7evre Bakanl\u0131\u011f\u0131\u2019na ba\u011fl\u0131 K\u00fclt\u00fcr Dairesi M\u00fcd\u00fcr\u00fc \u015eirin Zaima\u011fao\u011flu\u2019nu makam\u0131nda ziyaret eden Heidi Trautmann, k\u00fcrat\u00f6rl\u00fc\u011f\u00fcn\u00fc yapt\u0131\u011f\u0131 ve farkl\u0131 sanat [&hellip;]","og_url":"https:\/\/kuzeyinsesi.org\/index.php\/2024\/11\/27\/trautmann-doga-ve-ben-isimli-kitabini-kultur-dairesi-muduru-sirin-zaimagaogluna-sundu\/","og_site_name":"Kuzeyin Sesi","article_publisher":"https:\/\/www.facebook.com\/kuzeyinsesii","article_published_time":"2024-11-27T13:03:05+00:00","og_image":[{"url":"https:\/\/brtk.net\/wp-content\/uploads\/2024\/11\/27\/aslka.jpeg?ver=bf29972f156ae821387b78c0d8263788","type":"","width":"","height":""}],"author":"Kuzeyin Sesi","twitter_card":"summary_large_image","twitter_creator":"@kuzeyinsesii","twitter_site":"@kuzeyinsesii","twitter_misc":{"Yazan:":"Kuzeyin Sesi","Tahmini okuma s\u00fcresi":"3 dakika"},"schema":{"@context":"https:\/\/schema.org","@graph":[{"@type":"Article","@id":"https:\/\/kuzeyinsesi.org\/index.php\/2024\/11\/27\/trautmann-doga-ve-ben-isimli-kitabini-kultur-dairesi-muduru-sirin-zaimagaogluna-sundu\/#article","isPartOf":{"@id":"https:\/\/kuzeyinsesi.org\/index.php\/2024\/11\/27\/trautmann-doga-ve-ben-isimli-kitabini-kultur-dairesi-muduru-sirin-zaimagaogluna-sundu\/"},"author":{"name":"Kuzeyin Sesi","@id":"https:\/\/kuzeyinsesi.org\/#\/schema\/person\/9f859689cdf01485597712386e37f5aa"},"headline":"Trautmann, Do\u011fa ve Ben isimli kitab\u0131n\u0131 K\u00fclt\u00fcr Dairesi M\u00fcd\u00fcr\u00fc \u015eirin Zaima\u011fao\u011flu\u2019na sundu","datePublished":"2024-11-27T13:03:05+00:00","mainEntityOfPage":{"@id":"https:\/\/kuzeyinsesi.org\/index.php\/2024\/11\/27\/trautmann-doga-ve-ben-isimli-kitabini-kultur-dairesi-muduru-sirin-zaimagaogluna-sundu\/"},"wordCount":593,"commentCount":0,"image":{"@id":"https:\/\/kuzeyinsesi.org\/index.php\/2024\/11\/27\/trautmann-doga-ve-ben-isimli-kitabini-kultur-dairesi-muduru-sirin-zaimagaogluna-sundu\/#primaryimage"},"thumbnailUrl":"https:\/\/kuzeyinsesi.org\/wp-content\/uploads\/2024\/11\/aslka.jpeg","articleSection":["Ya\u015fam"],"inLanguage":"tr","potentialAction":[{"@type":"CommentAction","name":"Comment","target":["https:\/\/kuzeyinsesi.org\/index.php\/2024\/11\/27\/trautmann-doga-ve-ben-isimli-kitabini-kultur-dairesi-muduru-sirin-zaimagaogluna-sundu\/#respond"]}]},{"@type":"WebPage","@id":"https:\/\/kuzeyinsesi.org\/index.php\/2024\/11\/27\/trautmann-doga-ve-ben-isimli-kitabini-kultur-dairesi-muduru-sirin-zaimagaogluna-sundu\/","url":"https:\/\/kuzeyinsesi.org\/index.php\/2024\/11\/27\/trautmann-doga-ve-ben-isimli-kitabini-kultur-dairesi-muduru-sirin-zaimagaogluna-sundu\/","name":"Trautmann, Do\u011fa ve Ben isimli kitab\u0131n\u0131 K\u00fclt\u00fcr Dairesi M\u00fcd\u00fcr\u00fc \u015eirin Zaima\u011fao\u011flu\u2019na sundu - Kuzeyin Sesi","isPartOf":{"@id":"https:\/\/kuzeyinsesi.org\/#website"},"primaryImageOfPage":{"@id":"https:\/\/kuzeyinsesi.org\/index.php\/2024\/11\/27\/trautmann-doga-ve-ben-isimli-kitabini-kultur-dairesi-muduru-sirin-zaimagaogluna-sundu\/#primaryimage"},"image":{"@id":"https:\/\/kuzeyinsesi.org\/index.php\/2024\/11\/27\/trautmann-doga-ve-ben-isimli-kitabini-kultur-dairesi-muduru-sirin-zaimagaogluna-sundu\/#primaryimage"},"thumbnailUrl":"https:\/\/kuzeyinsesi.org\/wp-content\/uploads\/2024\/11\/aslka.jpeg","datePublished":"2024-11-27T13:03:05+00:00","author":{"@id":"https:\/\/kuzeyinsesi.org\/#\/schema\/person\/9f859689cdf01485597712386e37f5aa"},"breadcrumb":{"@id":"https:\/\/kuzeyinsesi.org\/index.php\/2024\/11\/27\/trautmann-doga-ve-ben-isimli-kitabini-kultur-dairesi-muduru-sirin-zaimagaogluna-sundu\/#breadcrumb"},"inLanguage":"tr","potentialAction":[{"@type":"ReadAction","target":["https:\/\/kuzeyinsesi.org\/index.php\/2024\/11\/27\/trautmann-doga-ve-ben-isimli-kitabini-kultur-dairesi-muduru-sirin-zaimagaogluna-sundu\/"]}]},{"@type":"ImageObject","inLanguage":"tr","@id":"https:\/\/kuzeyinsesi.org\/index.php\/2024\/11\/27\/trautmann-doga-ve-ben-isimli-kitabini-kultur-dairesi-muduru-sirin-zaimagaogluna-sundu\/#primaryimage","url":"https:\/\/kuzeyinsesi.org\/wp-content\/uploads\/2024\/11\/aslka.jpeg","contentUrl":"https:\/\/kuzeyinsesi.org\/wp-content\/uploads\/2024\/11\/aslka.jpeg","width":1239,"height":670},{"@type":"BreadcrumbList","@id":"https:\/\/kuzeyinsesi.org\/index.php\/2024\/11\/27\/trautmann-doga-ve-ben-isimli-kitabini-kultur-dairesi-muduru-sirin-zaimagaogluna-sundu\/#breadcrumb","itemListElement":[{"@type":"ListItem","position":1,"name":"Anasayfa","item":"https:\/\/kuzeyinsesi.org\/"},{"@type":"ListItem","position":2,"name":"Trautmann, Do\u011fa ve Ben isimli kitab\u0131n\u0131 K\u00fclt\u00fcr Dairesi M\u00fcd\u00fcr\u00fc \u015eirin Zaima\u011fao\u011flu\u2019na sundu"}]},{"@type":"WebSite","@id":"https:\/\/kuzeyinsesi.org\/#website","url":"https:\/\/kuzeyinsesi.org\/","name":"Kuzeyin Sesi","description":"Do\u011fru Haberin Adresi","potentialAction":[{"@type":"SearchAction","target":{"@type":"EntryPoint","urlTemplate":"https:\/\/kuzeyinsesi.org\/?s={search_term_string}"},"query-input":{"@type":"PropertyValueSpecification","valueRequired":true,"valueName":"search_term_string"}}],"inLanguage":"tr"},{"@type":"Person","@id":"https:\/\/kuzeyinsesi.org\/#\/schema\/person\/9f859689cdf01485597712386e37f5aa","name":"Kuzeyin Sesi","image":{"@type":"ImageObject","inLanguage":"tr","@id":"https:\/\/secure.gravatar.com\/avatar\/bab33852abfd8b282518d6ed81826833d77c3c882d9ab608add591ccace47a44?s=96&d=mm&r=g","url":"https:\/\/secure.gravatar.com\/avatar\/bab33852abfd8b282518d6ed81826833d77c3c882d9ab608add591ccace47a44?s=96&d=mm&r=g","contentUrl":"https:\/\/secure.gravatar.com\/avatar\/bab33852abfd8b282518d6ed81826833d77c3c882d9ab608add591ccace47a44?s=96&d=mm&r=g","caption":"Kuzeyin Sesi"},"sameAs":["https:\/\/kuzeyinsesi.org"],"url":"https:\/\/kuzeyinsesi.org\/index.php\/author\/guven\/"}]}},"_links":{"self":[{"href":"https:\/\/kuzeyinsesi.org\/index.php\/wp-json\/wp\/v2\/posts\/14442","targetHints":{"allow":["GET"]}}],"collection":[{"href":"https:\/\/kuzeyinsesi.org\/index.php\/wp-json\/wp\/v2\/posts"}],"about":[{"href":"https:\/\/kuzeyinsesi.org\/index.php\/wp-json\/wp\/v2\/types\/post"}],"author":[{"embeddable":true,"href":"https:\/\/kuzeyinsesi.org\/index.php\/wp-json\/wp\/v2\/users\/1"}],"replies":[{"embeddable":true,"href":"https:\/\/kuzeyinsesi.org\/index.php\/wp-json\/wp\/v2\/comments?post=14442"}],"version-history":[{"count":0,"href":"https:\/\/kuzeyinsesi.org\/index.php\/wp-json\/wp\/v2\/posts\/14442\/revisions"}],"wp:featuredmedia":[{"embeddable":true,"href":"https:\/\/kuzeyinsesi.org\/index.php\/wp-json\/wp\/v2\/media\/14443"}],"wp:attachment":[{"href":"https:\/\/kuzeyinsesi.org\/index.php\/wp-json\/wp\/v2\/media?parent=14442"}],"wp:term":[{"taxonomy":"category","embeddable":true,"href":"https:\/\/kuzeyinsesi.org\/index.php\/wp-json\/wp\/v2\/categories?post=14442"},{"taxonomy":"post_tag","embeddable":true,"href":"https:\/\/kuzeyinsesi.org\/index.php\/wp-json\/wp\/v2\/tags?post=14442"}],"curies":[{"name":"wp","href":"https:\/\/api.w.org\/{rel}","templated":true}]}}