{"id":14418,"date":"2024-11-27T10:59:22","date_gmt":"2024-11-27T08:59:22","guid":{"rendered":"https:\/\/kuzeyinsesi.org\/index.php\/2024\/11\/27\/lefkosa-belediye-orkestrasindan-zulfu-livaneli-sarkilari-konseri\/"},"modified":"2024-11-27T10:59:22","modified_gmt":"2024-11-27T08:59:22","slug":"lefkosa-belediye-orkestrasindan-zulfu-livaneli-sarkilari-konseri","status":"publish","type":"post","link":"https:\/\/kuzeyinsesi.org\/index.php\/2024\/11\/27\/lefkosa-belediye-orkestrasindan-zulfu-livaneli-sarkilari-konseri\/","title":{"rendered":"Lefko\u015fa Belediye Orkestras\u0131\u2019ndan \u201cZ\u00fclf\u00fc Livaneli \u015eark\u0131lar\u0131\u201d Konseri"},"content":{"rendered":"<div>\n<div class=\"mariselle-image-container center\">\n                                            <\/div>\n<p>Lefko\u015fa Belediye Orkestras\u0131, \u201cZ\u00fclf\u00fc Livaneli \u015eark\u0131lar\u0131\u201d konseri d\u00fczenliyor.<\/p>\n<p>LTB\u2019den verilen bilgiye g\u00f6re, eserleri ku\u015faktan ku\u015fa\u011fa aktar\u0131lan Z\u00fclf\u00fc Livaneli\u2019nin birbirinden g\u00fczel \u015fark\u0131lar\u0131n\u0131n yer alaca\u011f\u0131 konserde Mustafa Aksa\u00e7 \u015fefli\u011fi \u00fcstlenirken, Ay\u015feg\u00fcl Zaim, Ahu Ar\u0131, Ay\u015fe Nur Ayd\u0131n, Behi\u00e7 Anibal, Ebru G\u00fclbay, Filiz Yar\u0131c\u0131, Saffet Anibal, Sidar Karaku\u015f, Y\u00fccel Do\u011fan, H\u00fcseyin Saltan ve Hasan Hast\u00fcrer de solist olarak yer alacak.<\/p>\n<p>Konserde \u201cG\u00fcne\u015f Topla Benim \u0130\u00e7in\u201d, \u201cKarl\u0131 Kay\u0131n Orman\u0131\u201d, \u201cEy \u00d6zg\u00fcrl\u00fck\u201d, \u201cYi\u011fidim Aslan\u0131m\u201d, \u201cLeylim Ley\u201d gibi birbirinden g\u00fczel bir\u00e7ok Z\u00fclf\u00fc Livaneli \u015fark\u0131s\u0131 seslendirilecek.<\/p>\n<p>2 Aral\u0131k Pazartesi ak\u015fam\u0131 saat 20.00\u2019de YD\u00dc Atat\u00fcrk K\u00fclt\u00fcr ve Kongre Merkezi\u2019nde ger\u00e7ekle\u015fecek konserin biletleri www.biletinial.com sitesinden temin edilebilir.<\/p>\n<\/p><\/div>\n<p><script async\n                    defer\n                    crossorigin=\"anonymous\"\n                    src=\"https:\/\/connect.facebook.net\/tr_TR\/sdk.js#xfbml=1&#038;version=v3.3\"\n            ><\/script><\/p>\n","protected":false},"excerpt":{"rendered":"<p>Lefko\u015fa Belediye Orkestras\u0131, \u201cZ\u00fclf\u00fc Livaneli \u015eark\u0131lar\u0131\u201d konseri d\u00fczenliyor. LTB\u2019den verilen bilgiye g\u00f6re, eserleri ku\u015faktan ku\u015fa\u011fa aktar\u0131lan Z\u00fclf\u00fc Livaneli\u2019nin birbirinden g\u00fczel \u015fark\u0131lar\u0131n\u0131n yer alaca\u011f\u0131 konserde Mustafa Aksa\u00e7 \u015fefli\u011fi \u00fcstlenirken, Ay\u015feg\u00fcl Zaim, Ahu Ar\u0131, Ay\u015fe Nur Ayd\u0131n, Behi\u00e7 Anibal, Ebru G\u00fclbay, Filiz Yar\u0131c\u0131, Saffet Anibal, Sidar Karaku\u015f, Y\u00fccel Do\u011fan, H\u00fcseyin Saltan ve Hasan Hast\u00fcrer de solist olarak [&hellip;]<\/p>\n","protected":false},"author":1,"featured_media":14419,"comment_status":"open","ping_status":"open","sticky":false,"template":"","format":"standard","meta":{"jnews-multi-image_gallery":[],"jnews_single_post":[],"jnews_primary_category":[],"jnews_social_meta":[],"jnews_override_counter":[],"footnotes":""},"categories":[6],"tags":[],"class_list":["post-14418","post","type-post","status-publish","format-standard","has-post-thumbnail","hentry","category-yasam"],"yoast_head":"<!-- This site is optimized with the Yoast SEO plugin v27.4 - https:\/\/yoast.com\/product\/yoast-seo-wordpress\/ -->\n<title>Lefko\u015fa Belediye Orkestras\u0131\u2019ndan \u201cZ\u00fclf\u00fc Livaneli \u015eark\u0131lar\u0131\u201d Konseri - Kuzeyin Sesi<\/title>\n<meta name=\"robots\" content=\"index, follow, max-snippet:-1, max-image-preview:large, max-video-preview:-1\" \/>\n<link rel=\"canonical\" href=\"https:\/\/kuzeyinsesi.org\/index.php\/2024\/11\/27\/lefkosa-belediye-orkestrasindan-zulfu-livaneli-sarkilari-konseri\/\" \/>\n<meta property=\"og:locale\" content=\"tr_TR\" \/>\n<meta property=\"og:type\" content=\"article\" \/>\n<meta property=\"og:title\" content=\"Lefko\u015fa Belediye Orkestras\u0131\u2019ndan \u201cZ\u00fclf\u00fc Livaneli \u015eark\u0131lar\u0131\u201d Konseri - Kuzeyin Sesi\" \/>\n<meta property=\"og:description\" content=\"Lefko\u015fa Belediye Orkestras\u0131, \u201cZ\u00fclf\u00fc Livaneli \u015eark\u0131lar\u0131\u201d konseri d\u00fczenliyor. LTB\u2019den verilen bilgiye g\u00f6re, eserleri ku\u015faktan ku\u015fa\u011fa aktar\u0131lan Z\u00fclf\u00fc Livaneli\u2019nin birbirinden g\u00fczel \u015fark\u0131lar\u0131n\u0131n yer alaca\u011f\u0131 konserde Mustafa Aksa\u00e7 \u015fefli\u011fi \u00fcstlenirken, Ay\u015feg\u00fcl Zaim, Ahu Ar\u0131, Ay\u015fe Nur Ayd\u0131n, Behi\u00e7 Anibal, Ebru G\u00fclbay, Filiz Yar\u0131c\u0131, Saffet Anibal, Sidar Karaku\u015f, Y\u00fccel Do\u011fan, H\u00fcseyin Saltan ve Hasan Hast\u00fcrer de solist olarak [&hellip;]\" \/>\n<meta property=\"og:url\" content=\"https:\/\/kuzeyinsesi.org\/index.php\/2024\/11\/27\/lefkosa-belediye-orkestrasindan-zulfu-livaneli-sarkilari-konseri\/\" \/>\n<meta property=\"og:site_name\" content=\"Kuzeyin Sesi\" \/>\n<meta property=\"article:publisher\" content=\"https:\/\/www.facebook.com\/kuzeyinsesii\" \/>\n<meta property=\"article:published_time\" content=\"2024-11-27T08:59:22+00:00\" \/>\n<meta property=\"og:image\" content=\"https:\/\/brtk.net\/wp-content\/uploads\/2024\/11\/27\/InShot_20241127_101439438.jpg?ver=e977aac9eb6cbaa7dd4e3fa67fa02359\" \/>\n<meta name=\"author\" content=\"Kuzeyin Sesi\" \/>\n<meta name=\"twitter:card\" content=\"summary_large_image\" \/>\n<meta name=\"twitter:creator\" content=\"@kuzeyinsesii\" \/>\n<meta name=\"twitter:site\" content=\"@kuzeyinsesii\" \/>\n<meta name=\"twitter:label1\" content=\"Yazan:\" \/>\n\t<meta name=\"twitter:data1\" content=\"Kuzeyin Sesi\" \/>\n\t<meta name=\"twitter:label2\" content=\"Tahmini okuma s\u00fcresi\" \/>\n\t<meta name=\"twitter:data2\" content=\"1 dakika\" \/>\n<script type=\"application\/ld+json\" class=\"yoast-schema-graph\">{\"@context\":\"https:\\\/\\\/schema.org\",\"@graph\":[{\"@type\":\"Article\",\"@id\":\"https:\\\/\\\/kuzeyinsesi.org\\\/index.php\\\/2024\\\/11\\\/27\\\/lefkosa-belediye-orkestrasindan-zulfu-livaneli-sarkilari-konseri\\\/#article\",\"isPartOf\":{\"@id\":\"https:\\\/\\\/kuzeyinsesi.org\\\/index.php\\\/2024\\\/11\\\/27\\\/lefkosa-belediye-orkestrasindan-zulfu-livaneli-sarkilari-konseri\\\/\"},\"author\":{\"name\":\"Kuzeyin Sesi\",\"@id\":\"https:\\\/\\\/kuzeyinsesi.org\\\/#\\\/schema\\\/person\\\/9f859689cdf01485597712386e37f5aa\"},\"headline\":\"Lefko\u015fa Belediye Orkestras\u0131\u2019ndan \u201cZ\u00fclf\u00fc Livaneli \u015eark\u0131lar\u0131\u201d Konseri\",\"datePublished\":\"2024-11-27T08:59:22+00:00\",\"mainEntityOfPage\":{\"@id\":\"https:\\\/\\\/kuzeyinsesi.org\\\/index.php\\\/2024\\\/11\\\/27\\\/lefkosa-belediye-orkestrasindan-zulfu-livaneli-sarkilari-konseri\\\/\"},\"wordCount\":155,\"commentCount\":0,\"image\":{\"@id\":\"https:\\\/\\\/kuzeyinsesi.org\\\/index.php\\\/2024\\\/11\\\/27\\\/lefkosa-belediye-orkestrasindan-zulfu-livaneli-sarkilari-konseri\\\/#primaryimage\"},\"thumbnailUrl\":\"https:\\\/\\\/kuzeyinsesi.org\\\/wp-content\\\/uploads\\\/2024\\\/11\\\/InShot_20241127_101439438.jpg\",\"articleSection\":[\"Ya\u015fam\"],\"inLanguage\":\"tr\",\"potentialAction\":[{\"@type\":\"CommentAction\",\"name\":\"Comment\",\"target\":[\"https:\\\/\\\/kuzeyinsesi.org\\\/index.php\\\/2024\\\/11\\\/27\\\/lefkosa-belediye-orkestrasindan-zulfu-livaneli-sarkilari-konseri\\\/#respond\"]}]},{\"@type\":\"WebPage\",\"@id\":\"https:\\\/\\\/kuzeyinsesi.org\\\/index.php\\\/2024\\\/11\\\/27\\\/lefkosa-belediye-orkestrasindan-zulfu-livaneli-sarkilari-konseri\\\/\",\"url\":\"https:\\\/\\\/kuzeyinsesi.org\\\/index.php\\\/2024\\\/11\\\/27\\\/lefkosa-belediye-orkestrasindan-zulfu-livaneli-sarkilari-konseri\\\/\",\"name\":\"Lefko\u015fa Belediye Orkestras\u0131\u2019ndan \u201cZ\u00fclf\u00fc Livaneli \u015eark\u0131lar\u0131\u201d Konseri - Kuzeyin Sesi\",\"isPartOf\":{\"@id\":\"https:\\\/\\\/kuzeyinsesi.org\\\/#website\"},\"primaryImageOfPage\":{\"@id\":\"https:\\\/\\\/kuzeyinsesi.org\\\/index.php\\\/2024\\\/11\\\/27\\\/lefkosa-belediye-orkestrasindan-zulfu-livaneli-sarkilari-konseri\\\/#primaryimage\"},\"image\":{\"@id\":\"https:\\\/\\\/kuzeyinsesi.org\\\/index.php\\\/2024\\\/11\\\/27\\\/lefkosa-belediye-orkestrasindan-zulfu-livaneli-sarkilari-konseri\\\/#primaryimage\"},\"thumbnailUrl\":\"https:\\\/\\\/kuzeyinsesi.org\\\/wp-content\\\/uploads\\\/2024\\\/11\\\/InShot_20241127_101439438.jpg\",\"datePublished\":\"2024-11-27T08:59:22+00:00\",\"author\":{\"@id\":\"https:\\\/\\\/kuzeyinsesi.org\\\/#\\\/schema\\\/person\\\/9f859689cdf01485597712386e37f5aa\"},\"breadcrumb\":{\"@id\":\"https:\\\/\\\/kuzeyinsesi.org\\\/index.php\\\/2024\\\/11\\\/27\\\/lefkosa-belediye-orkestrasindan-zulfu-livaneli-sarkilari-konseri\\\/#breadcrumb\"},\"inLanguage\":\"tr\",\"potentialAction\":[{\"@type\":\"ReadAction\",\"target\":[\"https:\\\/\\\/kuzeyinsesi.org\\\/index.php\\\/2024\\\/11\\\/27\\\/lefkosa-belediye-orkestrasindan-zulfu-livaneli-sarkilari-konseri\\\/\"]}]},{\"@type\":\"ImageObject\",\"inLanguage\":\"tr\",\"@id\":\"https:\\\/\\\/kuzeyinsesi.org\\\/index.php\\\/2024\\\/11\\\/27\\\/lefkosa-belediye-orkestrasindan-zulfu-livaneli-sarkilari-konseri\\\/#primaryimage\",\"url\":\"https:\\\/\\\/kuzeyinsesi.org\\\/wp-content\\\/uploads\\\/2024\\\/11\\\/InShot_20241127_101439438.jpg\",\"contentUrl\":\"https:\\\/\\\/kuzeyinsesi.org\\\/wp-content\\\/uploads\\\/2024\\\/11\\\/InShot_20241127_101439438.jpg\",\"width\":1920,\"height\":1079},{\"@type\":\"BreadcrumbList\",\"@id\":\"https:\\\/\\\/kuzeyinsesi.org\\\/index.php\\\/2024\\\/11\\\/27\\\/lefkosa-belediye-orkestrasindan-zulfu-livaneli-sarkilari-konseri\\\/#breadcrumb\",\"itemListElement\":[{\"@type\":\"ListItem\",\"position\":1,\"name\":\"Anasayfa\",\"item\":\"https:\\\/\\\/kuzeyinsesi.org\\\/\"},{\"@type\":\"ListItem\",\"position\":2,\"name\":\"Lefko\u015fa Belediye Orkestras\u0131\u2019ndan \u201cZ\u00fclf\u00fc Livaneli \u015eark\u0131lar\u0131\u201d Konseri\"}]},{\"@type\":\"WebSite\",\"@id\":\"https:\\\/\\\/kuzeyinsesi.org\\\/#website\",\"url\":\"https:\\\/\\\/kuzeyinsesi.org\\\/\",\"name\":\"Kuzeyin Sesi\",\"description\":\"Do\u011fru Haberin Adresi\",\"potentialAction\":[{\"@type\":\"SearchAction\",\"target\":{\"@type\":\"EntryPoint\",\"urlTemplate\":\"https:\\\/\\\/kuzeyinsesi.org\\\/?s={search_term_string}\"},\"query-input\":{\"@type\":\"PropertyValueSpecification\",\"valueRequired\":true,\"valueName\":\"search_term_string\"}}],\"inLanguage\":\"tr\"},{\"@type\":\"Person\",\"@id\":\"https:\\\/\\\/kuzeyinsesi.org\\\/#\\\/schema\\\/person\\\/9f859689cdf01485597712386e37f5aa\",\"name\":\"Kuzeyin Sesi\",\"image\":{\"@type\":\"ImageObject\",\"inLanguage\":\"tr\",\"@id\":\"https:\\\/\\\/secure.gravatar.com\\\/avatar\\\/bab33852abfd8b282518d6ed81826833d77c3c882d9ab608add591ccace47a44?s=96&d=mm&r=g\",\"url\":\"https:\\\/\\\/secure.gravatar.com\\\/avatar\\\/bab33852abfd8b282518d6ed81826833d77c3c882d9ab608add591ccace47a44?s=96&d=mm&r=g\",\"contentUrl\":\"https:\\\/\\\/secure.gravatar.com\\\/avatar\\\/bab33852abfd8b282518d6ed81826833d77c3c882d9ab608add591ccace47a44?s=96&d=mm&r=g\",\"caption\":\"Kuzeyin Sesi\"},\"sameAs\":[\"https:\\\/\\\/kuzeyinsesi.org\"],\"url\":\"https:\\\/\\\/kuzeyinsesi.org\\\/index.php\\\/author\\\/guven\\\/\"}]}<\/script>\n<!-- \/ Yoast SEO plugin. -->","yoast_head_json":{"title":"Lefko\u015fa Belediye Orkestras\u0131\u2019ndan \u201cZ\u00fclf\u00fc Livaneli \u015eark\u0131lar\u0131\u201d Konseri - Kuzeyin Sesi","robots":{"index":"index","follow":"follow","max-snippet":"max-snippet:-1","max-image-preview":"max-image-preview:large","max-video-preview":"max-video-preview:-1"},"canonical":"https:\/\/kuzeyinsesi.org\/index.php\/2024\/11\/27\/lefkosa-belediye-orkestrasindan-zulfu-livaneli-sarkilari-konseri\/","og_locale":"tr_TR","og_type":"article","og_title":"Lefko\u015fa Belediye Orkestras\u0131\u2019ndan \u201cZ\u00fclf\u00fc Livaneli \u015eark\u0131lar\u0131\u201d Konseri - Kuzeyin Sesi","og_description":"Lefko\u015fa Belediye Orkestras\u0131, \u201cZ\u00fclf\u00fc Livaneli \u015eark\u0131lar\u0131\u201d konseri d\u00fczenliyor. LTB\u2019den verilen bilgiye g\u00f6re, eserleri ku\u015faktan ku\u015fa\u011fa aktar\u0131lan Z\u00fclf\u00fc Livaneli\u2019nin birbirinden g\u00fczel \u015fark\u0131lar\u0131n\u0131n yer alaca\u011f\u0131 konserde Mustafa Aksa\u00e7 \u015fefli\u011fi \u00fcstlenirken, Ay\u015feg\u00fcl Zaim, Ahu Ar\u0131, Ay\u015fe Nur Ayd\u0131n, Behi\u00e7 Anibal, Ebru G\u00fclbay, Filiz Yar\u0131c\u0131, Saffet Anibal, Sidar Karaku\u015f, Y\u00fccel Do\u011fan, H\u00fcseyin Saltan ve Hasan Hast\u00fcrer de solist olarak [&hellip;]","og_url":"https:\/\/kuzeyinsesi.org\/index.php\/2024\/11\/27\/lefkosa-belediye-orkestrasindan-zulfu-livaneli-sarkilari-konseri\/","og_site_name":"Kuzeyin Sesi","article_publisher":"https:\/\/www.facebook.com\/kuzeyinsesii","article_published_time":"2024-11-27T08:59:22+00:00","og_image":[{"url":"https:\/\/brtk.net\/wp-content\/uploads\/2024\/11\/27\/InShot_20241127_101439438.jpg?ver=e977aac9eb6cbaa7dd4e3fa67fa02359","type":"","width":"","height":""}],"author":"Kuzeyin Sesi","twitter_card":"summary_large_image","twitter_creator":"@kuzeyinsesii","twitter_site":"@kuzeyinsesii","twitter_misc":{"Yazan:":"Kuzeyin Sesi","Tahmini okuma s\u00fcresi":"1 dakika"},"schema":{"@context":"https:\/\/schema.org","@graph":[{"@type":"Article","@id":"https:\/\/kuzeyinsesi.org\/index.php\/2024\/11\/27\/lefkosa-belediye-orkestrasindan-zulfu-livaneli-sarkilari-konseri\/#article","isPartOf":{"@id":"https:\/\/kuzeyinsesi.org\/index.php\/2024\/11\/27\/lefkosa-belediye-orkestrasindan-zulfu-livaneli-sarkilari-konseri\/"},"author":{"name":"Kuzeyin Sesi","@id":"https:\/\/kuzeyinsesi.org\/#\/schema\/person\/9f859689cdf01485597712386e37f5aa"},"headline":"Lefko\u015fa Belediye Orkestras\u0131\u2019ndan \u201cZ\u00fclf\u00fc Livaneli \u015eark\u0131lar\u0131\u201d Konseri","datePublished":"2024-11-27T08:59:22+00:00","mainEntityOfPage":{"@id":"https:\/\/kuzeyinsesi.org\/index.php\/2024\/11\/27\/lefkosa-belediye-orkestrasindan-zulfu-livaneli-sarkilari-konseri\/"},"wordCount":155,"commentCount":0,"image":{"@id":"https:\/\/kuzeyinsesi.org\/index.php\/2024\/11\/27\/lefkosa-belediye-orkestrasindan-zulfu-livaneli-sarkilari-konseri\/#primaryimage"},"thumbnailUrl":"https:\/\/kuzeyinsesi.org\/wp-content\/uploads\/2024\/11\/InShot_20241127_101439438.jpg","articleSection":["Ya\u015fam"],"inLanguage":"tr","potentialAction":[{"@type":"CommentAction","name":"Comment","target":["https:\/\/kuzeyinsesi.org\/index.php\/2024\/11\/27\/lefkosa-belediye-orkestrasindan-zulfu-livaneli-sarkilari-konseri\/#respond"]}]},{"@type":"WebPage","@id":"https:\/\/kuzeyinsesi.org\/index.php\/2024\/11\/27\/lefkosa-belediye-orkestrasindan-zulfu-livaneli-sarkilari-konseri\/","url":"https:\/\/kuzeyinsesi.org\/index.php\/2024\/11\/27\/lefkosa-belediye-orkestrasindan-zulfu-livaneli-sarkilari-konseri\/","name":"Lefko\u015fa Belediye Orkestras\u0131\u2019ndan \u201cZ\u00fclf\u00fc Livaneli \u015eark\u0131lar\u0131\u201d Konseri - Kuzeyin Sesi","isPartOf":{"@id":"https:\/\/kuzeyinsesi.org\/#website"},"primaryImageOfPage":{"@id":"https:\/\/kuzeyinsesi.org\/index.php\/2024\/11\/27\/lefkosa-belediye-orkestrasindan-zulfu-livaneli-sarkilari-konseri\/#primaryimage"},"image":{"@id":"https:\/\/kuzeyinsesi.org\/index.php\/2024\/11\/27\/lefkosa-belediye-orkestrasindan-zulfu-livaneli-sarkilari-konseri\/#primaryimage"},"thumbnailUrl":"https:\/\/kuzeyinsesi.org\/wp-content\/uploads\/2024\/11\/InShot_20241127_101439438.jpg","datePublished":"2024-11-27T08:59:22+00:00","author":{"@id":"https:\/\/kuzeyinsesi.org\/#\/schema\/person\/9f859689cdf01485597712386e37f5aa"},"breadcrumb":{"@id":"https:\/\/kuzeyinsesi.org\/index.php\/2024\/11\/27\/lefkosa-belediye-orkestrasindan-zulfu-livaneli-sarkilari-konseri\/#breadcrumb"},"inLanguage":"tr","potentialAction":[{"@type":"ReadAction","target":["https:\/\/kuzeyinsesi.org\/index.php\/2024\/11\/27\/lefkosa-belediye-orkestrasindan-zulfu-livaneli-sarkilari-konseri\/"]}]},{"@type":"ImageObject","inLanguage":"tr","@id":"https:\/\/kuzeyinsesi.org\/index.php\/2024\/11\/27\/lefkosa-belediye-orkestrasindan-zulfu-livaneli-sarkilari-konseri\/#primaryimage","url":"https:\/\/kuzeyinsesi.org\/wp-content\/uploads\/2024\/11\/InShot_20241127_101439438.jpg","contentUrl":"https:\/\/kuzeyinsesi.org\/wp-content\/uploads\/2024\/11\/InShot_20241127_101439438.jpg","width":1920,"height":1079},{"@type":"BreadcrumbList","@id":"https:\/\/kuzeyinsesi.org\/index.php\/2024\/11\/27\/lefkosa-belediye-orkestrasindan-zulfu-livaneli-sarkilari-konseri\/#breadcrumb","itemListElement":[{"@type":"ListItem","position":1,"name":"Anasayfa","item":"https:\/\/kuzeyinsesi.org\/"},{"@type":"ListItem","position":2,"name":"Lefko\u015fa Belediye Orkestras\u0131\u2019ndan \u201cZ\u00fclf\u00fc Livaneli \u015eark\u0131lar\u0131\u201d Konseri"}]},{"@type":"WebSite","@id":"https:\/\/kuzeyinsesi.org\/#website","url":"https:\/\/kuzeyinsesi.org\/","name":"Kuzeyin Sesi","description":"Do\u011fru Haberin Adresi","potentialAction":[{"@type":"SearchAction","target":{"@type":"EntryPoint","urlTemplate":"https:\/\/kuzeyinsesi.org\/?s={search_term_string}"},"query-input":{"@type":"PropertyValueSpecification","valueRequired":true,"valueName":"search_term_string"}}],"inLanguage":"tr"},{"@type":"Person","@id":"https:\/\/kuzeyinsesi.org\/#\/schema\/person\/9f859689cdf01485597712386e37f5aa","name":"Kuzeyin Sesi","image":{"@type":"ImageObject","inLanguage":"tr","@id":"https:\/\/secure.gravatar.com\/avatar\/bab33852abfd8b282518d6ed81826833d77c3c882d9ab608add591ccace47a44?s=96&d=mm&r=g","url":"https:\/\/secure.gravatar.com\/avatar\/bab33852abfd8b282518d6ed81826833d77c3c882d9ab608add591ccace47a44?s=96&d=mm&r=g","contentUrl":"https:\/\/secure.gravatar.com\/avatar\/bab33852abfd8b282518d6ed81826833d77c3c882d9ab608add591ccace47a44?s=96&d=mm&r=g","caption":"Kuzeyin Sesi"},"sameAs":["https:\/\/kuzeyinsesi.org"],"url":"https:\/\/kuzeyinsesi.org\/index.php\/author\/guven\/"}]}},"_links":{"self":[{"href":"https:\/\/kuzeyinsesi.org\/index.php\/wp-json\/wp\/v2\/posts\/14418","targetHints":{"allow":["GET"]}}],"collection":[{"href":"https:\/\/kuzeyinsesi.org\/index.php\/wp-json\/wp\/v2\/posts"}],"about":[{"href":"https:\/\/kuzeyinsesi.org\/index.php\/wp-json\/wp\/v2\/types\/post"}],"author":[{"embeddable":true,"href":"https:\/\/kuzeyinsesi.org\/index.php\/wp-json\/wp\/v2\/users\/1"}],"replies":[{"embeddable":true,"href":"https:\/\/kuzeyinsesi.org\/index.php\/wp-json\/wp\/v2\/comments?post=14418"}],"version-history":[{"count":0,"href":"https:\/\/kuzeyinsesi.org\/index.php\/wp-json\/wp\/v2\/posts\/14418\/revisions"}],"wp:featuredmedia":[{"embeddable":true,"href":"https:\/\/kuzeyinsesi.org\/index.php\/wp-json\/wp\/v2\/media\/14419"}],"wp:attachment":[{"href":"https:\/\/kuzeyinsesi.org\/index.php\/wp-json\/wp\/v2\/media?parent=14418"}],"wp:term":[{"taxonomy":"category","embeddable":true,"href":"https:\/\/kuzeyinsesi.org\/index.php\/wp-json\/wp\/v2\/categories?post=14418"},{"taxonomy":"post_tag","embeddable":true,"href":"https:\/\/kuzeyinsesi.org\/index.php\/wp-json\/wp\/v2\/tags?post=14418"}],"curies":[{"name":"wp","href":"https:\/\/api.w.org\/{rel}","templated":true}]}}