{"id":14363,"date":"2024-11-26T15:30:03","date_gmt":"2024-11-26T13:30:03","guid":{"rendered":"https:\/\/kuzeyinsesi.org\/index.php\/2024\/11\/26\/kurtulusun-kadinlari-isimli-tiyatro-oyunu-persembe-aksami-ataturk-kultur-merkezinde-ucretsiz-sahneleniyor\/"},"modified":"2024-11-26T15:30:03","modified_gmt":"2024-11-26T13:30:03","slug":"kurtulusun-kadinlari-isimli-tiyatro-oyunu-persembe-aksami-ataturk-kultur-merkezinde-ucretsiz-sahneleniyor","status":"publish","type":"post","link":"https:\/\/kuzeyinsesi.org\/index.php\/2024\/11\/26\/kurtulusun-kadinlari-isimli-tiyatro-oyunu-persembe-aksami-ataturk-kultur-merkezinde-ucretsiz-sahneleniyor\/","title":{"rendered":"\u201cKurtulu\u015fun Kad\u0131nlar\u0131\u201d isimli tiyatro oyunu, per\u015fembe ak\u015fam\u0131 Atat\u00fcrk K\u00fclt\u00fcr Merkezi\u2019nde \u00fccretsiz sahneleniyor"},"content":{"rendered":"<div>\n<div class=\"mariselle-image-container center\">\n                                            <\/div>\n<p>Ba\u015fbakan Yard\u0131mc\u0131l\u0131\u011f\u0131 Turizm K\u00fclt\u00fcr Gen\u00e7lik ve \u00c7evre Bakanl\u0131\u011f\u0131\u2019na ba\u011fl\u0131 K\u00fclt\u00fcr Dairesi, KKTC\u2019nin kurulu\u015funun 41. y\u0131l\u0131na ithafen, \u201cKurtulu\u015fun Kad\u0131nlar\u0131\u201d isimli tiyatro oyununu sanatseverlerle bulu\u015fturuyor.<\/p>\n<p>K\u00fclt\u00fcr Dairesi organizasyonu ile T\u00fcrkiye\u2019den KKTC\u2019ye ta\u015f\u0131nan oyun, 28 Kas\u0131m Per\u015fembe ak\u015fam\u0131, saat 19.00\u2019da, Atat\u00fcrk K\u00fclt\u00fcr Merkezi\u2019nde \u00fccretsiz olarak sahnelenecek. Birg\u00fcl Ye\u015filo\u011flu G\u00fcler\u2019in yazd\u0131\u011f\u0131 ve Tiyatro Sanat\u00e7\u0131s\u0131 Ecem Y\u00fcksel\u2019in oynad\u0131\u011f\u0131  Kurtulu\u015f Sava\u015f\u0131\u2019n\u0131n kahraman kad\u0131nlar\u0131n\u0131 anlatan tek perdelik biyografik dram\u0131 Metin G\u00fcler y\u00f6netiyor.<\/p>\n<p>K\u00fclt\u00fcr Dairesi\u2019nden verilen bilgiye g\u00f6re, Gazima\u011fusa Belediyesi\u2019nin katk\u0131lar\u0131yla Kurtulu\u015fun Kad\u0131nlar\u0131 isimli oyun ayn\u0131 g\u00fcn Gazima\u011fusa\u2019da Raif Rauf Denkta\u015f K\u00fclt\u00fcr ve Kongre Saray\u0131\u2019nda da \u00f6\u011frencilere \u00f6zel olarak sahnelenecek. K\u00fclt\u00fcr Dairesi\u2019nin davet g\u00f6nderdi\u011fi Milli E\u011fitim Bakanl\u0131\u011f\u0131\u2019na ba\u011fl\u0131 Genel Orta\u00f6\u011fretim Dairesi ve Mesleki Teknik \u00d6\u011fretim Dairesi\u2019ne ba\u011fl\u0131 orta\u00f6\u011fretim \u00f6\u011frencilerinin oyunu izleyebilmesi amac\u0131yla \u00f6zel olarak sahnelenecek olan oyun, saat 11.00\u2019de ba\u015flayacak.<\/p>\n<p>Zaima\u011fao\u011flu<\/p>\n<p>Oyun hakk\u0131nda k\u0131sa bir bilgi veren K\u00fclt\u00fcr Dairesi M\u00fcd\u00fcr\u00fc \u015eirin Zaima\u011fao\u011flu, ilham verici olarak nitelendirdi\u011fi 70 dakikal\u0131k oyunda, Tiyatro Sanat\u00e7\u0131s\u0131 Ecem Y\u00fcksel\u2019in, Kurtulu\u015f Sava\u015f\u0131\u2019nda \u00f6n saflarda rol alan Halide Edip Ad\u0131var, \u00c7ete Ay\u015fe, Kara Fatma ile G\u00f6rdesli Makbule ve daha nice Kuvay-i Milliye kad\u0131n\u0131n\u0131 etkileyici bir \u015fekilde canland\u0131rarak Atat\u00fcrk ile olan duygusal diyaloglar\u0131n\u0131 sahneye ta\u015f\u0131d\u0131\u011f\u0131n\u0131 vurgulad\u0131.<\/p>\n<p>K\u00fclt\u00fcr Dairesi olarak \u201cKurtulu\u015fun Kad\u0131nlar\u0131\u201d oyununu Kuzey K\u0131br\u0131s T\u00fcrk Cumhuriyeti\u2019nin kurulu\u015funun 41. y\u0131l\u0131na ithafen \u00fclkeye ta\u015f\u0131d\u0131klar\u0131n\u0131 kaydeden Zaima\u011fao\u011flu, a\u00e7\u0131klamas\u0131nda, Anadolu kad\u0131nlar\u0131 gibi g\u00fc\u00e7l\u00fc K\u0131br\u0131s T\u00fcrk kad\u0131nlar\u0131n\u0131n da Kuzey K\u0131br\u0131s T\u00fcrk Cumhuriyeti\u2019nin kurulu\u015funda b\u00fcy\u00fck eme\u011fi oldu\u011funun alt\u0131n\u0131 \u00e7izdi. Zaima\u011fao\u011flu, t\u00fcm tiyatroseverleri \u201cKurtulu\u015fun Kad\u0131nlar\u0131\u201d isimli oyunu izlemek \u00fczere 28 Kas\u0131m Per\u015fembe ak\u015fam\u0131 saat 19.00\u2019da Atat\u00fcrk K\u00fclt\u00fcr Merkezi\u2019ne davet etti.<\/p>\n<\/p><\/div>\n<p><script async\n                    defer\n                    crossorigin=\"anonymous\"\n                    src=\"https:\/\/connect.facebook.net\/tr_TR\/sdk.js#xfbml=1&#038;version=v3.3\"\n            ><\/script><\/p>\n","protected":false},"excerpt":{"rendered":"<p>Ba\u015fbakan Yard\u0131mc\u0131l\u0131\u011f\u0131 Turizm K\u00fclt\u00fcr Gen\u00e7lik ve \u00c7evre Bakanl\u0131\u011f\u0131\u2019na ba\u011fl\u0131 K\u00fclt\u00fcr Dairesi, KKTC\u2019nin kurulu\u015funun 41. y\u0131l\u0131na ithafen, \u201cKurtulu\u015fun Kad\u0131nlar\u0131\u201d isimli tiyatro oyununu sanatseverlerle bulu\u015fturuyor. K\u00fclt\u00fcr Dairesi organizasyonu ile T\u00fcrkiye\u2019den KKTC\u2019ye ta\u015f\u0131nan oyun, 28 Kas\u0131m Per\u015fembe ak\u015fam\u0131, saat 19.00\u2019da, Atat\u00fcrk K\u00fclt\u00fcr Merkezi\u2019nde \u00fccretsiz olarak sahnelenecek. Birg\u00fcl Ye\u015filo\u011flu G\u00fcler\u2019in yazd\u0131\u011f\u0131 ve Tiyatro Sanat\u00e7\u0131s\u0131 Ecem Y\u00fcksel\u2019in oynad\u0131\u011f\u0131 Kurtulu\u015f Sava\u015f\u0131\u2019n\u0131n [&hellip;]<\/p>\n","protected":false},"author":1,"featured_media":14364,"comment_status":"open","ping_status":"open","sticky":false,"template":"","format":"standard","meta":{"jnews-multi-image_gallery":[],"jnews_single_post":[],"jnews_primary_category":[],"jnews_social_meta":[],"jnews_override_counter":[],"footnotes":""},"categories":[6],"tags":[],"class_list":["post-14363","post","type-post","status-publish","format-standard","has-post-thumbnail","hentry","category-yasam"],"yoast_head":"<!-- This site is optimized with the Yoast SEO plugin v27.4 - https:\/\/yoast.com\/product\/yoast-seo-wordpress\/ -->\n<title>\u201cKurtulu\u015fun Kad\u0131nlar\u0131\u201d isimli tiyatro oyunu, per\u015fembe ak\u015fam\u0131 Atat\u00fcrk K\u00fclt\u00fcr Merkezi\u2019nde \u00fccretsiz sahneleniyor - Kuzeyin Sesi<\/title>\n<meta name=\"robots\" content=\"index, follow, max-snippet:-1, max-image-preview:large, max-video-preview:-1\" \/>\n<link rel=\"canonical\" href=\"https:\/\/kuzeyinsesi.org\/index.php\/2024\/11\/26\/kurtulusun-kadinlari-isimli-tiyatro-oyunu-persembe-aksami-ataturk-kultur-merkezinde-ucretsiz-sahneleniyor\/\" \/>\n<meta property=\"og:locale\" content=\"tr_TR\" \/>\n<meta property=\"og:type\" content=\"article\" \/>\n<meta property=\"og:title\" content=\"\u201cKurtulu\u015fun Kad\u0131nlar\u0131\u201d isimli tiyatro oyunu, per\u015fembe ak\u015fam\u0131 Atat\u00fcrk K\u00fclt\u00fcr Merkezi\u2019nde \u00fccretsiz sahneleniyor - Kuzeyin Sesi\" \/>\n<meta property=\"og:description\" content=\"Ba\u015fbakan Yard\u0131mc\u0131l\u0131\u011f\u0131 Turizm K\u00fclt\u00fcr Gen\u00e7lik ve \u00c7evre Bakanl\u0131\u011f\u0131\u2019na ba\u011fl\u0131 K\u00fclt\u00fcr Dairesi, KKTC\u2019nin kurulu\u015funun 41. y\u0131l\u0131na ithafen, \u201cKurtulu\u015fun Kad\u0131nlar\u0131\u201d isimli tiyatro oyununu sanatseverlerle bulu\u015fturuyor. K\u00fclt\u00fcr Dairesi organizasyonu ile T\u00fcrkiye\u2019den KKTC\u2019ye ta\u015f\u0131nan oyun, 28 Kas\u0131m Per\u015fembe ak\u015fam\u0131, saat 19.00\u2019da, Atat\u00fcrk K\u00fclt\u00fcr Merkezi\u2019nde \u00fccretsiz olarak sahnelenecek. Birg\u00fcl Ye\u015filo\u011flu G\u00fcler\u2019in yazd\u0131\u011f\u0131 ve Tiyatro Sanat\u00e7\u0131s\u0131 Ecem Y\u00fcksel\u2019in oynad\u0131\u011f\u0131 Kurtulu\u015f Sava\u015f\u0131\u2019n\u0131n [&hellip;]\" \/>\n<meta property=\"og:url\" content=\"https:\/\/kuzeyinsesi.org\/index.php\/2024\/11\/26\/kurtulusun-kadinlari-isimli-tiyatro-oyunu-persembe-aksami-ataturk-kultur-merkezinde-ucretsiz-sahneleniyor\/\" \/>\n<meta property=\"og:site_name\" content=\"Kuzeyin Sesi\" \/>\n<meta property=\"article:publisher\" content=\"https:\/\/www.facebook.com\/kuzeyinsesii\" \/>\n<meta property=\"article:published_time\" content=\"2024-11-26T13:30:03+00:00\" \/>\n<meta property=\"og:image\" content=\"https:\/\/brtk.net\/wp-content\/uploads\/2024\/11\/26\/kurtulus.webp?ver=0cf4afe84a3c8c50c5a530380284617b\" \/>\n<meta name=\"author\" content=\"Kuzeyin Sesi\" \/>\n<meta name=\"twitter:card\" content=\"summary_large_image\" \/>\n<meta name=\"twitter:creator\" content=\"@kuzeyinsesii\" \/>\n<meta name=\"twitter:site\" content=\"@kuzeyinsesii\" \/>\n<meta name=\"twitter:label1\" content=\"Yazan:\" \/>\n\t<meta name=\"twitter:data1\" content=\"Kuzeyin Sesi\" \/>\n\t<meta name=\"twitter:label2\" content=\"Tahmini okuma s\u00fcresi\" \/>\n\t<meta name=\"twitter:data2\" content=\"2 dakika\" \/>\n<script type=\"application\/ld+json\" class=\"yoast-schema-graph\">{\"@context\":\"https:\\\/\\\/schema.org\",\"@graph\":[{\"@type\":\"Article\",\"@id\":\"https:\\\/\\\/kuzeyinsesi.org\\\/index.php\\\/2024\\\/11\\\/26\\\/kurtulusun-kadinlari-isimli-tiyatro-oyunu-persembe-aksami-ataturk-kultur-merkezinde-ucretsiz-sahneleniyor\\\/#article\",\"isPartOf\":{\"@id\":\"https:\\\/\\\/kuzeyinsesi.org\\\/index.php\\\/2024\\\/11\\\/26\\\/kurtulusun-kadinlari-isimli-tiyatro-oyunu-persembe-aksami-ataturk-kultur-merkezinde-ucretsiz-sahneleniyor\\\/\"},\"author\":{\"name\":\"Kuzeyin Sesi\",\"@id\":\"https:\\\/\\\/kuzeyinsesi.org\\\/#\\\/schema\\\/person\\\/9f859689cdf01485597712386e37f5aa\"},\"headline\":\"\u201cKurtulu\u015fun Kad\u0131nlar\u0131\u201d isimli tiyatro oyunu, per\u015fembe ak\u015fam\u0131 Atat\u00fcrk K\u00fclt\u00fcr Merkezi\u2019nde \u00fccretsiz sahneleniyor\",\"datePublished\":\"2024-11-26T13:30:03+00:00\",\"mainEntityOfPage\":{\"@id\":\"https:\\\/\\\/kuzeyinsesi.org\\\/index.php\\\/2024\\\/11\\\/26\\\/kurtulusun-kadinlari-isimli-tiyatro-oyunu-persembe-aksami-ataturk-kultur-merkezinde-ucretsiz-sahneleniyor\\\/\"},\"wordCount\":399,\"commentCount\":0,\"image\":{\"@id\":\"https:\\\/\\\/kuzeyinsesi.org\\\/index.php\\\/2024\\\/11\\\/26\\\/kurtulusun-kadinlari-isimli-tiyatro-oyunu-persembe-aksami-ataturk-kultur-merkezinde-ucretsiz-sahneleniyor\\\/#primaryimage\"},\"thumbnailUrl\":\"https:\\\/\\\/kuzeyinsesi.org\\\/wp-content\\\/uploads\\\/2024\\\/11\\\/kurtulus.webp.webp\",\"articleSection\":[\"Ya\u015fam\"],\"inLanguage\":\"tr\",\"potentialAction\":[{\"@type\":\"CommentAction\",\"name\":\"Comment\",\"target\":[\"https:\\\/\\\/kuzeyinsesi.org\\\/index.php\\\/2024\\\/11\\\/26\\\/kurtulusun-kadinlari-isimli-tiyatro-oyunu-persembe-aksami-ataturk-kultur-merkezinde-ucretsiz-sahneleniyor\\\/#respond\"]}]},{\"@type\":\"WebPage\",\"@id\":\"https:\\\/\\\/kuzeyinsesi.org\\\/index.php\\\/2024\\\/11\\\/26\\\/kurtulusun-kadinlari-isimli-tiyatro-oyunu-persembe-aksami-ataturk-kultur-merkezinde-ucretsiz-sahneleniyor\\\/\",\"url\":\"https:\\\/\\\/kuzeyinsesi.org\\\/index.php\\\/2024\\\/11\\\/26\\\/kurtulusun-kadinlari-isimli-tiyatro-oyunu-persembe-aksami-ataturk-kultur-merkezinde-ucretsiz-sahneleniyor\\\/\",\"name\":\"\u201cKurtulu\u015fun Kad\u0131nlar\u0131\u201d isimli tiyatro oyunu, per\u015fembe ak\u015fam\u0131 Atat\u00fcrk K\u00fclt\u00fcr Merkezi\u2019nde \u00fccretsiz sahneleniyor - Kuzeyin Sesi\",\"isPartOf\":{\"@id\":\"https:\\\/\\\/kuzeyinsesi.org\\\/#website\"},\"primaryImageOfPage\":{\"@id\":\"https:\\\/\\\/kuzeyinsesi.org\\\/index.php\\\/2024\\\/11\\\/26\\\/kurtulusun-kadinlari-isimli-tiyatro-oyunu-persembe-aksami-ataturk-kultur-merkezinde-ucretsiz-sahneleniyor\\\/#primaryimage\"},\"image\":{\"@id\":\"https:\\\/\\\/kuzeyinsesi.org\\\/index.php\\\/2024\\\/11\\\/26\\\/kurtulusun-kadinlari-isimli-tiyatro-oyunu-persembe-aksami-ataturk-kultur-merkezinde-ucretsiz-sahneleniyor\\\/#primaryimage\"},\"thumbnailUrl\":\"https:\\\/\\\/kuzeyinsesi.org\\\/wp-content\\\/uploads\\\/2024\\\/11\\\/kurtulus.webp.webp\",\"datePublished\":\"2024-11-26T13:30:03+00:00\",\"author\":{\"@id\":\"https:\\\/\\\/kuzeyinsesi.org\\\/#\\\/schema\\\/person\\\/9f859689cdf01485597712386e37f5aa\"},\"breadcrumb\":{\"@id\":\"https:\\\/\\\/kuzeyinsesi.org\\\/index.php\\\/2024\\\/11\\\/26\\\/kurtulusun-kadinlari-isimli-tiyatro-oyunu-persembe-aksami-ataturk-kultur-merkezinde-ucretsiz-sahneleniyor\\\/#breadcrumb\"},\"inLanguage\":\"tr\",\"potentialAction\":[{\"@type\":\"ReadAction\",\"target\":[\"https:\\\/\\\/kuzeyinsesi.org\\\/index.php\\\/2024\\\/11\\\/26\\\/kurtulusun-kadinlari-isimli-tiyatro-oyunu-persembe-aksami-ataturk-kultur-merkezinde-ucretsiz-sahneleniyor\\\/\"]}]},{\"@type\":\"ImageObject\",\"inLanguage\":\"tr\",\"@id\":\"https:\\\/\\\/kuzeyinsesi.org\\\/index.php\\\/2024\\\/11\\\/26\\\/kurtulusun-kadinlari-isimli-tiyatro-oyunu-persembe-aksami-ataturk-kultur-merkezinde-ucretsiz-sahneleniyor\\\/#primaryimage\",\"url\":\"https:\\\/\\\/kuzeyinsesi.org\\\/wp-content\\\/uploads\\\/2024\\\/11\\\/kurtulus.webp.webp\",\"contentUrl\":\"https:\\\/\\\/kuzeyinsesi.org\\\/wp-content\\\/uploads\\\/2024\\\/11\\\/kurtulus.webp.webp\",\"width\":1280,\"height\":720},{\"@type\":\"BreadcrumbList\",\"@id\":\"https:\\\/\\\/kuzeyinsesi.org\\\/index.php\\\/2024\\\/11\\\/26\\\/kurtulusun-kadinlari-isimli-tiyatro-oyunu-persembe-aksami-ataturk-kultur-merkezinde-ucretsiz-sahneleniyor\\\/#breadcrumb\",\"itemListElement\":[{\"@type\":\"ListItem\",\"position\":1,\"name\":\"Anasayfa\",\"item\":\"https:\\\/\\\/kuzeyinsesi.org\\\/\"},{\"@type\":\"ListItem\",\"position\":2,\"name\":\"\u201cKurtulu\u015fun Kad\u0131nlar\u0131\u201d isimli tiyatro oyunu, per\u015fembe ak\u015fam\u0131 Atat\u00fcrk K\u00fclt\u00fcr Merkezi\u2019nde \u00fccretsiz sahneleniyor\"}]},{\"@type\":\"WebSite\",\"@id\":\"https:\\\/\\\/kuzeyinsesi.org\\\/#website\",\"url\":\"https:\\\/\\\/kuzeyinsesi.org\\\/\",\"name\":\"Kuzeyin Sesi\",\"description\":\"Do\u011fru Haberin Adresi\",\"potentialAction\":[{\"@type\":\"SearchAction\",\"target\":{\"@type\":\"EntryPoint\",\"urlTemplate\":\"https:\\\/\\\/kuzeyinsesi.org\\\/?s={search_term_string}\"},\"query-input\":{\"@type\":\"PropertyValueSpecification\",\"valueRequired\":true,\"valueName\":\"search_term_string\"}}],\"inLanguage\":\"tr\"},{\"@type\":\"Person\",\"@id\":\"https:\\\/\\\/kuzeyinsesi.org\\\/#\\\/schema\\\/person\\\/9f859689cdf01485597712386e37f5aa\",\"name\":\"Kuzeyin Sesi\",\"image\":{\"@type\":\"ImageObject\",\"inLanguage\":\"tr\",\"@id\":\"https:\\\/\\\/secure.gravatar.com\\\/avatar\\\/bab33852abfd8b282518d6ed81826833d77c3c882d9ab608add591ccace47a44?s=96&d=mm&r=g\",\"url\":\"https:\\\/\\\/secure.gravatar.com\\\/avatar\\\/bab33852abfd8b282518d6ed81826833d77c3c882d9ab608add591ccace47a44?s=96&d=mm&r=g\",\"contentUrl\":\"https:\\\/\\\/secure.gravatar.com\\\/avatar\\\/bab33852abfd8b282518d6ed81826833d77c3c882d9ab608add591ccace47a44?s=96&d=mm&r=g\",\"caption\":\"Kuzeyin Sesi\"},\"sameAs\":[\"https:\\\/\\\/kuzeyinsesi.org\"],\"url\":\"https:\\\/\\\/kuzeyinsesi.org\\\/index.php\\\/author\\\/guven\\\/\"}]}<\/script>\n<!-- \/ Yoast SEO plugin. -->","yoast_head_json":{"title":"\u201cKurtulu\u015fun Kad\u0131nlar\u0131\u201d isimli tiyatro oyunu, per\u015fembe ak\u015fam\u0131 Atat\u00fcrk K\u00fclt\u00fcr Merkezi\u2019nde \u00fccretsiz sahneleniyor - Kuzeyin Sesi","robots":{"index":"index","follow":"follow","max-snippet":"max-snippet:-1","max-image-preview":"max-image-preview:large","max-video-preview":"max-video-preview:-1"},"canonical":"https:\/\/kuzeyinsesi.org\/index.php\/2024\/11\/26\/kurtulusun-kadinlari-isimli-tiyatro-oyunu-persembe-aksami-ataturk-kultur-merkezinde-ucretsiz-sahneleniyor\/","og_locale":"tr_TR","og_type":"article","og_title":"\u201cKurtulu\u015fun Kad\u0131nlar\u0131\u201d isimli tiyatro oyunu, per\u015fembe ak\u015fam\u0131 Atat\u00fcrk K\u00fclt\u00fcr Merkezi\u2019nde \u00fccretsiz sahneleniyor - Kuzeyin Sesi","og_description":"Ba\u015fbakan Yard\u0131mc\u0131l\u0131\u011f\u0131 Turizm K\u00fclt\u00fcr Gen\u00e7lik ve \u00c7evre Bakanl\u0131\u011f\u0131\u2019na ba\u011fl\u0131 K\u00fclt\u00fcr Dairesi, KKTC\u2019nin kurulu\u015funun 41. y\u0131l\u0131na ithafen, \u201cKurtulu\u015fun Kad\u0131nlar\u0131\u201d isimli tiyatro oyununu sanatseverlerle bulu\u015fturuyor. K\u00fclt\u00fcr Dairesi organizasyonu ile T\u00fcrkiye\u2019den KKTC\u2019ye ta\u015f\u0131nan oyun, 28 Kas\u0131m Per\u015fembe ak\u015fam\u0131, saat 19.00\u2019da, Atat\u00fcrk K\u00fclt\u00fcr Merkezi\u2019nde \u00fccretsiz olarak sahnelenecek. Birg\u00fcl Ye\u015filo\u011flu G\u00fcler\u2019in yazd\u0131\u011f\u0131 ve Tiyatro Sanat\u00e7\u0131s\u0131 Ecem Y\u00fcksel\u2019in oynad\u0131\u011f\u0131 Kurtulu\u015f Sava\u015f\u0131\u2019n\u0131n [&hellip;]","og_url":"https:\/\/kuzeyinsesi.org\/index.php\/2024\/11\/26\/kurtulusun-kadinlari-isimli-tiyatro-oyunu-persembe-aksami-ataturk-kultur-merkezinde-ucretsiz-sahneleniyor\/","og_site_name":"Kuzeyin Sesi","article_publisher":"https:\/\/www.facebook.com\/kuzeyinsesii","article_published_time":"2024-11-26T13:30:03+00:00","og_image":[{"url":"https:\/\/brtk.net\/wp-content\/uploads\/2024\/11\/26\/kurtulus.webp?ver=0cf4afe84a3c8c50c5a530380284617b","type":"","width":"","height":""}],"author":"Kuzeyin Sesi","twitter_card":"summary_large_image","twitter_creator":"@kuzeyinsesii","twitter_site":"@kuzeyinsesii","twitter_misc":{"Yazan:":"Kuzeyin Sesi","Tahmini okuma s\u00fcresi":"2 dakika"},"schema":{"@context":"https:\/\/schema.org","@graph":[{"@type":"Article","@id":"https:\/\/kuzeyinsesi.org\/index.php\/2024\/11\/26\/kurtulusun-kadinlari-isimli-tiyatro-oyunu-persembe-aksami-ataturk-kultur-merkezinde-ucretsiz-sahneleniyor\/#article","isPartOf":{"@id":"https:\/\/kuzeyinsesi.org\/index.php\/2024\/11\/26\/kurtulusun-kadinlari-isimli-tiyatro-oyunu-persembe-aksami-ataturk-kultur-merkezinde-ucretsiz-sahneleniyor\/"},"author":{"name":"Kuzeyin Sesi","@id":"https:\/\/kuzeyinsesi.org\/#\/schema\/person\/9f859689cdf01485597712386e37f5aa"},"headline":"\u201cKurtulu\u015fun Kad\u0131nlar\u0131\u201d isimli tiyatro oyunu, per\u015fembe ak\u015fam\u0131 Atat\u00fcrk K\u00fclt\u00fcr Merkezi\u2019nde \u00fccretsiz sahneleniyor","datePublished":"2024-11-26T13:30:03+00:00","mainEntityOfPage":{"@id":"https:\/\/kuzeyinsesi.org\/index.php\/2024\/11\/26\/kurtulusun-kadinlari-isimli-tiyatro-oyunu-persembe-aksami-ataturk-kultur-merkezinde-ucretsiz-sahneleniyor\/"},"wordCount":399,"commentCount":0,"image":{"@id":"https:\/\/kuzeyinsesi.org\/index.php\/2024\/11\/26\/kurtulusun-kadinlari-isimli-tiyatro-oyunu-persembe-aksami-ataturk-kultur-merkezinde-ucretsiz-sahneleniyor\/#primaryimage"},"thumbnailUrl":"https:\/\/kuzeyinsesi.org\/wp-content\/uploads\/2024\/11\/kurtulus.webp.webp","articleSection":["Ya\u015fam"],"inLanguage":"tr","potentialAction":[{"@type":"CommentAction","name":"Comment","target":["https:\/\/kuzeyinsesi.org\/index.php\/2024\/11\/26\/kurtulusun-kadinlari-isimli-tiyatro-oyunu-persembe-aksami-ataturk-kultur-merkezinde-ucretsiz-sahneleniyor\/#respond"]}]},{"@type":"WebPage","@id":"https:\/\/kuzeyinsesi.org\/index.php\/2024\/11\/26\/kurtulusun-kadinlari-isimli-tiyatro-oyunu-persembe-aksami-ataturk-kultur-merkezinde-ucretsiz-sahneleniyor\/","url":"https:\/\/kuzeyinsesi.org\/index.php\/2024\/11\/26\/kurtulusun-kadinlari-isimli-tiyatro-oyunu-persembe-aksami-ataturk-kultur-merkezinde-ucretsiz-sahneleniyor\/","name":"\u201cKurtulu\u015fun Kad\u0131nlar\u0131\u201d isimli tiyatro oyunu, per\u015fembe ak\u015fam\u0131 Atat\u00fcrk K\u00fclt\u00fcr Merkezi\u2019nde \u00fccretsiz sahneleniyor - Kuzeyin Sesi","isPartOf":{"@id":"https:\/\/kuzeyinsesi.org\/#website"},"primaryImageOfPage":{"@id":"https:\/\/kuzeyinsesi.org\/index.php\/2024\/11\/26\/kurtulusun-kadinlari-isimli-tiyatro-oyunu-persembe-aksami-ataturk-kultur-merkezinde-ucretsiz-sahneleniyor\/#primaryimage"},"image":{"@id":"https:\/\/kuzeyinsesi.org\/index.php\/2024\/11\/26\/kurtulusun-kadinlari-isimli-tiyatro-oyunu-persembe-aksami-ataturk-kultur-merkezinde-ucretsiz-sahneleniyor\/#primaryimage"},"thumbnailUrl":"https:\/\/kuzeyinsesi.org\/wp-content\/uploads\/2024\/11\/kurtulus.webp.webp","datePublished":"2024-11-26T13:30:03+00:00","author":{"@id":"https:\/\/kuzeyinsesi.org\/#\/schema\/person\/9f859689cdf01485597712386e37f5aa"},"breadcrumb":{"@id":"https:\/\/kuzeyinsesi.org\/index.php\/2024\/11\/26\/kurtulusun-kadinlari-isimli-tiyatro-oyunu-persembe-aksami-ataturk-kultur-merkezinde-ucretsiz-sahneleniyor\/#breadcrumb"},"inLanguage":"tr","potentialAction":[{"@type":"ReadAction","target":["https:\/\/kuzeyinsesi.org\/index.php\/2024\/11\/26\/kurtulusun-kadinlari-isimli-tiyatro-oyunu-persembe-aksami-ataturk-kultur-merkezinde-ucretsiz-sahneleniyor\/"]}]},{"@type":"ImageObject","inLanguage":"tr","@id":"https:\/\/kuzeyinsesi.org\/index.php\/2024\/11\/26\/kurtulusun-kadinlari-isimli-tiyatro-oyunu-persembe-aksami-ataturk-kultur-merkezinde-ucretsiz-sahneleniyor\/#primaryimage","url":"https:\/\/kuzeyinsesi.org\/wp-content\/uploads\/2024\/11\/kurtulus.webp.webp","contentUrl":"https:\/\/kuzeyinsesi.org\/wp-content\/uploads\/2024\/11\/kurtulus.webp.webp","width":1280,"height":720},{"@type":"BreadcrumbList","@id":"https:\/\/kuzeyinsesi.org\/index.php\/2024\/11\/26\/kurtulusun-kadinlari-isimli-tiyatro-oyunu-persembe-aksami-ataturk-kultur-merkezinde-ucretsiz-sahneleniyor\/#breadcrumb","itemListElement":[{"@type":"ListItem","position":1,"name":"Anasayfa","item":"https:\/\/kuzeyinsesi.org\/"},{"@type":"ListItem","position":2,"name":"\u201cKurtulu\u015fun Kad\u0131nlar\u0131\u201d isimli tiyatro oyunu, per\u015fembe ak\u015fam\u0131 Atat\u00fcrk K\u00fclt\u00fcr Merkezi\u2019nde \u00fccretsiz sahneleniyor"}]},{"@type":"WebSite","@id":"https:\/\/kuzeyinsesi.org\/#website","url":"https:\/\/kuzeyinsesi.org\/","name":"Kuzeyin Sesi","description":"Do\u011fru Haberin Adresi","potentialAction":[{"@type":"SearchAction","target":{"@type":"EntryPoint","urlTemplate":"https:\/\/kuzeyinsesi.org\/?s={search_term_string}"},"query-input":{"@type":"PropertyValueSpecification","valueRequired":true,"valueName":"search_term_string"}}],"inLanguage":"tr"},{"@type":"Person","@id":"https:\/\/kuzeyinsesi.org\/#\/schema\/person\/9f859689cdf01485597712386e37f5aa","name":"Kuzeyin Sesi","image":{"@type":"ImageObject","inLanguage":"tr","@id":"https:\/\/secure.gravatar.com\/avatar\/bab33852abfd8b282518d6ed81826833d77c3c882d9ab608add591ccace47a44?s=96&d=mm&r=g","url":"https:\/\/secure.gravatar.com\/avatar\/bab33852abfd8b282518d6ed81826833d77c3c882d9ab608add591ccace47a44?s=96&d=mm&r=g","contentUrl":"https:\/\/secure.gravatar.com\/avatar\/bab33852abfd8b282518d6ed81826833d77c3c882d9ab608add591ccace47a44?s=96&d=mm&r=g","caption":"Kuzeyin Sesi"},"sameAs":["https:\/\/kuzeyinsesi.org"],"url":"https:\/\/kuzeyinsesi.org\/index.php\/author\/guven\/"}]}},"_links":{"self":[{"href":"https:\/\/kuzeyinsesi.org\/index.php\/wp-json\/wp\/v2\/posts\/14363","targetHints":{"allow":["GET"]}}],"collection":[{"href":"https:\/\/kuzeyinsesi.org\/index.php\/wp-json\/wp\/v2\/posts"}],"about":[{"href":"https:\/\/kuzeyinsesi.org\/index.php\/wp-json\/wp\/v2\/types\/post"}],"author":[{"embeddable":true,"href":"https:\/\/kuzeyinsesi.org\/index.php\/wp-json\/wp\/v2\/users\/1"}],"replies":[{"embeddable":true,"href":"https:\/\/kuzeyinsesi.org\/index.php\/wp-json\/wp\/v2\/comments?post=14363"}],"version-history":[{"count":0,"href":"https:\/\/kuzeyinsesi.org\/index.php\/wp-json\/wp\/v2\/posts\/14363\/revisions"}],"wp:featuredmedia":[{"embeddable":true,"href":"https:\/\/kuzeyinsesi.org\/index.php\/wp-json\/wp\/v2\/media\/14364"}],"wp:attachment":[{"href":"https:\/\/kuzeyinsesi.org\/index.php\/wp-json\/wp\/v2\/media?parent=14363"}],"wp:term":[{"taxonomy":"category","embeddable":true,"href":"https:\/\/kuzeyinsesi.org\/index.php\/wp-json\/wp\/v2\/categories?post=14363"},{"taxonomy":"post_tag","embeddable":true,"href":"https:\/\/kuzeyinsesi.org\/index.php\/wp-json\/wp\/v2\/tags?post=14363"}],"curies":[{"name":"wp","href":"https:\/\/api.w.org\/{rel}","templated":true}]}}