{"id":14341,"date":"2024-11-26T13:51:23","date_gmt":"2024-11-26T11:51:23","guid":{"rendered":"https:\/\/kuzeyinsesi.org\/index.php\/2024\/11\/26\/bolat-dunyada-tek-kalsak-bile-filistinin-yaninda-yer-almaya-devam-edecegiz-kktcyi-de-ayni-sekilde-destekliyoruz\/"},"modified":"2024-11-26T13:51:23","modified_gmt":"2024-11-26T11:51:23","slug":"bolat-dunyada-tek-kalsak-bile-filistinin-yaninda-yer-almaya-devam-edecegiz-kktcyi-de-ayni-sekilde-destekliyoruz","status":"publish","type":"post","link":"https:\/\/kuzeyinsesi.org\/index.php\/2024\/11\/26\/bolat-dunyada-tek-kalsak-bile-filistinin-yaninda-yer-almaya-devam-edecegiz-kktcyi-de-ayni-sekilde-destekliyoruz\/","title":{"rendered":"Bolat: D\u00fcnyada tek kalsak bile Filistin\u2019in yan\u0131nda yer almaya devam edece\u011fiz. KKTC\u2019yi de ayn\u0131 \u015fekilde destekliyoruz"},"content":{"rendered":"<div>\n<div class=\"mariselle-image-container none\">\n                                            <\/div>\n<p>T\u00fcrkiye Ticaret Bakan\u0131 \u00d6mer Bolat, \u201cFilistin\u2019in her zaman yan\u0131nda yer ald\u0131k, almaya da devam edece\u011fiz. Yapt\u0131klar\u0131m\u0131z ortada. Siyasi alanda, uluslararas\u0131 diplomaside, hukukta, insani yard\u0131mlarda\u2026 \u0130srail\u2019in sald\u0131r\u0131lar\u0131n\u0131 durdurup ate\u015fkes sa\u011flamak i\u00e7in ihracat ve ithalat\u0131 2 May\u0131s\u2019tan itibaren durdurma eylemimiz yan\u0131m\u0131zda. D\u00fcnyada tek kalsak bile Filistin\u2019in yan\u0131nda yer almaya devam edece\u011fiz. Kuzey\u00a0K\u0131br\u0131s\u00a0T\u00fcrk Cumhuriyeti\u2019ni de ayn\u0131 \u015fekilde destekliyoruz.\u201d ifadelerini kulland\u0131.<\/p>\n<p>\u0130\u015f d\u00fcnyas\u0131n\u0131n \u00f6nemli etkinlikleri aras\u0131nda yer alan ve 1 milyar dolarl\u0131k i\u015f hacmi hedefleyen \u201cM\u00fcstakil Sanayici ve \u0130\u015fadamlar\u0131 Derne\u011fi (M\u00dcS\u0130AD) EXPO 2024 Uluslararas\u0131 Ticaret Fuar\u0131\u201d, T\u00fcyap Fuar ve Kongre Merkezi\u2019nde ba\u015flad\u0131.<\/p>\n<p>Bakan Bolat, Anadolu Ajans\u0131n\u0131n (AA) global ileti\u015fim orta\u011f\u0131 oldu\u011fu fuar\u0131n T\u00fcrkiye Cumhurba\u015fkan\u0131 Yard\u0131mc\u0131s\u0131 Cevdet Y\u0131lmaz\u2019\u0131n kat\u0131l\u0131m\u0131yla yap\u0131lan a\u00e7\u0131l\u0131\u015f t\u00f6reninde konu\u015ftu. Bolat, bu y\u0131l 20\u2019ncisi d\u00fczenlenen etkinli\u011fin, 29 Ekim 1993\u2019te \u0130zmir Enternasyonel Fuar Alan\u0131\u2019nda 70 firman\u0131n 9\u2019ar metrekarelik stantlar\u0131yla ba\u015flayan ve tohumlar\u0131 at\u0131lan b\u00fcy\u00fck bir hayalin bug\u00fcne ula\u015fm\u0131\u015f ger\u00e7e\u011fi oldu\u011funu s\u00f6yledi.<\/p>\n<p>Aradan ge\u00e7en 31 y\u0131lda 20\u2019nci defa ger\u00e7ekle\u015ftirilme ba\u015far\u0131s\u0131n\u0131 g\u00f6rd\u00fcklerini dile getiren Bolat, \u201cBu da s\u00fcreklili\u011fi ve g\u00fc\u00e7lenerek daha da b\u00fcy\u00fcmeyi g\u00f6steren \u00e7ok \u00f6nemli bir delil. D\u00fcn a\u00e7\u0131l\u0131\u015f\u0131 yap\u0131lan 28. Uluslararas\u0131 \u0130\u015f Forumu (International Business Forum-IBF) ile beraber \u0130slam d\u00fcnyas\u0131n\u0131n ticaret erbab\u0131n\u0131 bir araya getiren \u00e7ok \u00f6nemli iki organizasyon.\u201d diye konu\u015ftu.<\/p>\n<p>Bolat, M\u00dcS\u0130AD EXPO ile IBF\u2019nin, ABD\u2019den Endonezya\u2019ya, G\u00fcney Afrika\u2019dan Rusya\u2019ya, Portekiz ve \u0130ngiltere\u2019den Orta Do\u011fu\u2019ya var\u0131ncaya kadar t\u00fcm M\u00fcsl\u00fcman i\u015f d\u00fcnyas\u0131n\u0131 T\u00fcrkiye\u2019deki karde\u015fleriyle bulu\u015fturan \u00e7ok \u00f6nemli uluslararas\u0131 ticaret ve yat\u0131r\u0131m platformu oldu\u011funu vurgulad\u0131.<\/p>\n<p>T\u00fcrkiye\u2019nin son 22 y\u0131lda ortaya koydu\u011fu b\u00fcy\u00fck ba\u015far\u0131 hikayesinin, asl\u0131nda M\u00dcS\u0130AD EXPO\u2019nun da bu s\u00fcrede nereden nereye geldi\u011finin a\u00e7\u0131k g\u00f6stergesi oldu\u011funu ifade eden Bolat, \u201cM\u00dcS\u0130AD EXPO ne kadar b\u00fcy\u00fcd\u00fcyse T\u00fcrkiye\u2019nin ekonomisi, d\u0131\u015f ticareti, uluslararas\u0131 yat\u0131r\u0131mlar\u0131 ve hizmetler sekt\u00f6r\u00fc o kadar b\u00fcy\u00fcd\u00fc.\u201d \u015feklinde konu\u015ftu.<\/p>\n<p>\u2013 \u201cGurur duyulacak geli\u015fmeler var ama daha \u00e7ok ko\u015facak yolumuz var\u201d<\/p>\n<p>Bakan Bolat, T\u00fcrkiye\u2019nin 605 milyar dolarl\u0131k mal, 170 milyar dolarl\u0131k hizmetler ticareti yapt\u0131\u011f\u0131n\u0131, 1,2 trilyon dolarl\u0131k gelirle k\u00fcresel arenada \u00e7ok \u00f6nemli bir \u00fclke haline geldi\u011fini s\u00f6yledi.<\/p>\n<p>T\u00fcrkiye\u2019nin, k\u00fcresel anlamda milli gelir olarak 17\u2019nci, sat\u0131n alma g\u00fcc\u00fc paritesine g\u00f6re 11\u2019inci s\u0131rada yer ald\u0131\u011f\u0131n\u0131 belirten Bolat, \u201cD\u00fcnya mal ihracat\u0131ndaki pay\u0131n\u0131 y\u00fczde 0,49\u2019dan 22 y\u0131lda y\u00fczde 1,08\u2019e y\u00fckseltti, hizmetler ihracat\u0131nda da y\u00fczde 0,89\u2019dan y\u00fczde 1,35\u2019e y\u00fckseltti. Bunlar sevindirici ve gurur duyulacak geli\u015fmeler ve ba\u015far\u0131lar. Ama yeterli mi? Hay\u0131r. Daha \u00e7ok ko\u015facak, daha \u00e7ok gidecek yolumuz var. Bunlar\u0131 siz k\u0131ymetli i\u015f d\u00fcnyas\u0131 mensuplar\u0131yla birlikte yapaca\u011f\u0131z.\u201d ifadelerini kulland\u0131.<\/p>\n<p>Bolat, T\u00fcrkiye\u2019nin \u0130slam \u00fclkeleri ile ticaretteki pay\u0131n\u0131 22 y\u0131lda y\u00fczde 11\u2019den y\u00fczde 26\u2019ya y\u00fckseltti\u011fini kaydederek, \u201c\u0130n\u015fallah \u00f6nce y\u00fczde 30\u2019a, 2028\u2019e kadar da y\u00fczde 35\u2019e hedefimiz var.\u201d diye konu\u015ftu.<\/p>\n<p>\u2013 \u201cT\u00fcrkiye Y\u00fczy\u0131l\u0131\u2019n\u0131, ticaret y\u00fczy\u0131l\u0131 yapaca\u011f\u0131z\u201d<\/p>\n<p>Ticaret Bakan\u0131 Bolat, Bakanl\u0131k olarak her daim ihracat\u00e7\u0131lar\u0131n yan\u0131nda olduklar\u0131n\u0131 belirterek, t\u00fcm birimleri ve destekleriyle ihracat\u0131 art\u0131rmak ve ihracat\u00e7\u0131ya kaynak sa\u011flamak i\u00e7in \u00e7al\u0131\u015ft\u0131klar\u0131n\u0131 dile getirdi.<\/p>\n<p>\u0130hracat\u00e7\u0131lara sunulan te\u015fvik ve destekleri payla\u015fan Bolat, bunlar\u0131n yan\u0131 s\u0131ra yabanc\u0131 \u00fclkelerle ticaret anla\u015fmalar\u0131 yapt\u0131klar\u0131n\u0131, uluslararas\u0131 zirve ve toplant\u0131lar d\u00fczenlediklerini, sekt\u00f6rdeki t\u00fcm payda\u015flar\u0131yla bir tak\u0131m oyunu oynad\u0131klar\u0131n\u0131 kaydetti.<\/p>\n<p>\u201cVizyonumuz b\u00fct\u00fcn d\u00fcnya. T\u00fcrkiye Y\u00fczy\u0131l\u0131\u2019n\u0131, ticaret y\u00fczy\u0131l\u0131 yapaca\u011f\u0131z.\u201d diyen Bolat, s\u00f6zlerini \u015f\u00f6yle s\u00fcrd\u00fcrd\u00fc:<\/p>\n<p>\u201cGeldi\u011fimiz nokta, Allah\u2019a \u00e7ok \u015f\u00fck\u00fcr Say\u0131n Cumhurba\u015fkan\u0131m\u0131z\u0131n liderli\u011finde 22 y\u0131l \u00f6nce kimsenin hayal edemeyece\u011fi bir nokta. Bunu d\u0131\u015far\u0131dan \u00e7ok iyi g\u00f6r\u00fcyorlar, takdir ediyorlar, g\u0131pta ediyorlar. Altyap\u0131s\u0131yla, \u00fcstyap\u0131s\u0131yla tamamen yenilenmi\u015f, b\u00fcy\u00fck bir \u00fcretim ve tedarik merkezi haline gelmi\u015f, limanlar\u0131yla, lojistik merkezleriyle, havalimanlar\u0131yla, hava yollar\u0131yla b\u00fct\u00fcn d\u00fcnyaya ula\u015f\u0131m\u0131 ba\u015farm\u0131\u015f, Avrupa Birli\u011fi ile G\u00fcmr\u00fck Birli\u011fini ba\u015far\u0131yla y\u00fcr\u00fcten ve de bunu hizmetler sekt\u00f6r\u00fcne de geni\u015fletmek i\u00e7in m\u00fczakere masas\u0131nda davet yapm\u0131\u015f bir \u00fclke konumunday\u0131z.\u201d<\/p>\n<p>\u2013 \u201c\u0130slam d\u00fcnyas\u0131ndaki i\u015f anla\u015fmalar\u0131n\u0131 art\u0131rma gayretindeyiz\u201d<\/p>\n<p>Bakan Bolat, Afrika\u2019n\u0131n Antalya\u2019dan hava yoluyla 45 dakika mesafede oldu\u011funu, bu k\u0131tayla d\u0131\u015f ticareti 37 milyar dolara y\u00fckselttiklerini belirterek, yat\u0131r\u0131mlar ve m\u00fcteahhitlik hizmetleri gibi t\u00fcm alanlarda b\u00fcy\u00fck at\u0131l\u0131mlar sa\u011fland\u0131\u011f\u0131n\u0131 ifade etti.<\/p>\n<p>\u0130slam d\u00fcnyas\u0131 ile ili\u015fkilerinin \u0130slam \u0130\u015fbirli\u011fi Te\u015fkilat\u0131 (\u0130\u0130T) Ekonomik ve Ticari \u0130\u015fbirli\u011fi Daimi Komitesi (\u0130SEDAK) b\u00fcnyesinde ekonomi alan\u0131nda ilerledi\u011fini dile getiren Bolat, \u201c13 \u00fclke ile tercihli ticaret anla\u015fmam\u0131z y\u00fcr\u00fcrl\u00fckte. \u0130n\u015fallah bunu daha fazla \u00fclkelere geli\u015ftirmek ve bir yeni nesil ticaret anla\u015fmas\u0131 yapma gayretindeyiz.\u201d \u015feklinde konu\u015ftu.<\/p>\n<p>Bolat, T\u00fcrkiye ile \u0130slam \u00fclkeleri aras\u0131nda son d\u00f6nemde yap\u0131lan anla\u015fmalar ve organizasyonlara i\u015faret ederek, s\u00f6zlerini \u015f\u00f6yle tamamlad\u0131:<\/p>\n<p>\u201cNe kadar \u00e7ok gayret eder, \u00e7al\u0131\u015f\u0131rsak Allah da o kadar bereket verdi bug\u00fcne kadar. Daha fazla \u00e7al\u0131\u015faca\u011f\u0131z, daha fazla bereketlenecek in\u015fallah. \u0130slam d\u00fcnyas\u0131, iktisaden ne kadar g\u00fc\u00e7l\u00fc ve b\u00fcy\u00fck olursa, \u0130slam d\u00fcnyas\u0131na y\u00f6nelik k\u00fcresel sald\u0131r\u0131lar da o kadar azalacakt\u0131r. Bu noktada Filistin\u2019in her zaman yan\u0131nda yer ald\u0131k, almaya da devam edece\u011fiz. Yapt\u0131klar\u0131m\u0131z ortada. Siyasi alanda, uluslararas\u0131 diplomaside, hukukta, insani yard\u0131mlarda\u2026 \u0130srail\u2019in sald\u0131r\u0131lar\u0131n\u0131 durdurup ate\u015fkes sa\u011flamak i\u00e7in ihracat ve ithalat\u0131 2 May\u0131s\u2019tan itibaren durdurma eylemimiz yan\u0131m\u0131zda. D\u00fcnyada tek kalsak bile Filistin\u2019in yan\u0131nda yer almaya devam edece\u011fiz. Kuzey\u00a0K\u0131br\u0131s\u00a0T\u00fcrk Cumhuriyeti\u2019ni de ayn\u0131 \u015fekilde destekliyoruz.\u201d<\/p>\n<\/p><\/div>\n<p><script async\n                    defer\n                    crossorigin=\"anonymous\"\n                    src=\"https:\/\/connect.facebook.net\/tr_TR\/sdk.js#xfbml=1&#038;version=v3.3\"\n            ><\/script><\/p>\n","protected":false},"excerpt":{"rendered":"<p>T\u00fcrkiye Ticaret Bakan\u0131 \u00d6mer Bolat, \u201cFilistin\u2019in her zaman yan\u0131nda yer ald\u0131k, almaya da devam edece\u011fiz. Yapt\u0131klar\u0131m\u0131z ortada. Siyasi alanda, uluslararas\u0131 diplomaside, hukukta, insani yard\u0131mlarda\u2026 \u0130srail\u2019in sald\u0131r\u0131lar\u0131n\u0131 durdurup ate\u015fkes sa\u011flamak i\u00e7in ihracat ve ithalat\u0131 2 May\u0131s\u2019tan itibaren durdurma eylemimiz yan\u0131m\u0131zda. D\u00fcnyada tek kalsak bile Filistin\u2019in yan\u0131nda yer almaya devam edece\u011fiz. Kuzey\u00a0K\u0131br\u0131s\u00a0T\u00fcrk Cumhuriyeti\u2019ni de ayn\u0131 \u015fekilde destekliyoruz.\u201d [&hellip;]<\/p>\n","protected":false},"author":1,"featured_media":14342,"comment_status":"open","ping_status":"open","sticky":false,"template":"","format":"standard","meta":{"jnews-multi-image_gallery":[],"jnews_single_post":[],"jnews_primary_category":[],"jnews_social_meta":[],"jnews_override_counter":[],"footnotes":""},"categories":[5],"tags":[],"class_list":["post-14341","post","type-post","status-publish","format-standard","has-post-thumbnail","hentry","category-turkiye"],"yoast_head":"<!-- This site is optimized with the Yoast SEO plugin v27.4 - https:\/\/yoast.com\/product\/yoast-seo-wordpress\/ -->\n<title>Bolat: D\u00fcnyada tek kalsak bile Filistin\u2019in yan\u0131nda yer almaya devam edece\u011fiz. KKTC\u2019yi de ayn\u0131 \u015fekilde destekliyoruz - Kuzeyin Sesi<\/title>\n<meta name=\"robots\" content=\"index, follow, max-snippet:-1, max-image-preview:large, max-video-preview:-1\" \/>\n<link rel=\"canonical\" href=\"https:\/\/kuzeyinsesi.org\/index.php\/2024\/11\/26\/bolat-dunyada-tek-kalsak-bile-filistinin-yaninda-yer-almaya-devam-edecegiz-kktcyi-de-ayni-sekilde-destekliyoruz\/\" \/>\n<meta property=\"og:locale\" content=\"tr_TR\" \/>\n<meta property=\"og:type\" content=\"article\" \/>\n<meta property=\"og:title\" content=\"Bolat: D\u00fcnyada tek kalsak bile Filistin\u2019in yan\u0131nda yer almaya devam edece\u011fiz. KKTC\u2019yi de ayn\u0131 \u015fekilde destekliyoruz - Kuzeyin Sesi\" \/>\n<meta property=\"og:description\" content=\"T\u00fcrkiye Ticaret Bakan\u0131 \u00d6mer Bolat, \u201cFilistin\u2019in her zaman yan\u0131nda yer ald\u0131k, almaya da devam edece\u011fiz. Yapt\u0131klar\u0131m\u0131z ortada. Siyasi alanda, uluslararas\u0131 diplomaside, hukukta, insani yard\u0131mlarda\u2026 \u0130srail\u2019in sald\u0131r\u0131lar\u0131n\u0131 durdurup ate\u015fkes sa\u011flamak i\u00e7in ihracat ve ithalat\u0131 2 May\u0131s\u2019tan itibaren durdurma eylemimiz yan\u0131m\u0131zda. D\u00fcnyada tek kalsak bile Filistin\u2019in yan\u0131nda yer almaya devam edece\u011fiz. Kuzey\u00a0K\u0131br\u0131s\u00a0T\u00fcrk Cumhuriyeti\u2019ni de ayn\u0131 \u015fekilde destekliyoruz.\u201d [&hellip;]\" \/>\n<meta property=\"og:url\" content=\"https:\/\/kuzeyinsesi.org\/index.php\/2024\/11\/26\/bolat-dunyada-tek-kalsak-bile-filistinin-yaninda-yer-almaya-devam-edecegiz-kktcyi-de-ayni-sekilde-destekliyoruz\/\" \/>\n<meta property=\"og:site_name\" content=\"Kuzeyin Sesi\" \/>\n<meta property=\"article:publisher\" content=\"https:\/\/www.facebook.com\/kuzeyinsesii\" \/>\n<meta property=\"article:published_time\" content=\"2024-11-26T11:51:23+00:00\" \/>\n<meta property=\"og:image\" content=\"https:\/\/brtk.net\/wp-content\/uploads\/2024\/11\/26\/ticaret-bakani-bolat-musiad-expo-2024un-acilisinda-konustu.jpg?ver=9af16af71ecff0c744938ae767ed75e4\" \/>\n<meta name=\"author\" content=\"Kuzeyin Sesi\" \/>\n<meta name=\"twitter:card\" content=\"summary_large_image\" \/>\n<meta name=\"twitter:creator\" content=\"@kuzeyinsesii\" \/>\n<meta name=\"twitter:site\" content=\"@kuzeyinsesii\" \/>\n<meta name=\"twitter:label1\" content=\"Yazan:\" \/>\n\t<meta name=\"twitter:data1\" content=\"Kuzeyin Sesi\" \/>\n\t<meta name=\"twitter:label2\" content=\"Tahmini okuma s\u00fcresi\" \/>\n\t<meta name=\"twitter:data2\" content=\"5 dakika\" \/>\n<script type=\"application\/ld+json\" class=\"yoast-schema-graph\">{\"@context\":\"https:\\\/\\\/schema.org\",\"@graph\":[{\"@type\":\"Article\",\"@id\":\"https:\\\/\\\/kuzeyinsesi.org\\\/index.php\\\/2024\\\/11\\\/26\\\/bolat-dunyada-tek-kalsak-bile-filistinin-yaninda-yer-almaya-devam-edecegiz-kktcyi-de-ayni-sekilde-destekliyoruz\\\/#article\",\"isPartOf\":{\"@id\":\"https:\\\/\\\/kuzeyinsesi.org\\\/index.php\\\/2024\\\/11\\\/26\\\/bolat-dunyada-tek-kalsak-bile-filistinin-yaninda-yer-almaya-devam-edecegiz-kktcyi-de-ayni-sekilde-destekliyoruz\\\/\"},\"author\":{\"name\":\"Kuzeyin Sesi\",\"@id\":\"https:\\\/\\\/kuzeyinsesi.org\\\/#\\\/schema\\\/person\\\/9f859689cdf01485597712386e37f5aa\"},\"headline\":\"Bolat: D\u00fcnyada tek kalsak bile Filistin\u2019in yan\u0131nda yer almaya devam edece\u011fiz. KKTC\u2019yi de ayn\u0131 \u015fekilde destekliyoruz\",\"datePublished\":\"2024-11-26T11:51:23+00:00\",\"mainEntityOfPage\":{\"@id\":\"https:\\\/\\\/kuzeyinsesi.org\\\/index.php\\\/2024\\\/11\\\/26\\\/bolat-dunyada-tek-kalsak-bile-filistinin-yaninda-yer-almaya-devam-edecegiz-kktcyi-de-ayni-sekilde-destekliyoruz\\\/\"},\"wordCount\":1114,\"commentCount\":0,\"image\":{\"@id\":\"https:\\\/\\\/kuzeyinsesi.org\\\/index.php\\\/2024\\\/11\\\/26\\\/bolat-dunyada-tek-kalsak-bile-filistinin-yaninda-yer-almaya-devam-edecegiz-kktcyi-de-ayni-sekilde-destekliyoruz\\\/#primaryimage\"},\"thumbnailUrl\":\"https:\\\/\\\/kuzeyinsesi.org\\\/wp-content\\\/uploads\\\/2024\\\/11\\\/ticaret-bakani-bolat-musiad-expo-2024un-acilisinda-konustu.jpg\",\"articleSection\":[\"T\u00fcrkiye\"],\"inLanguage\":\"tr\",\"potentialAction\":[{\"@type\":\"CommentAction\",\"name\":\"Comment\",\"target\":[\"https:\\\/\\\/kuzeyinsesi.org\\\/index.php\\\/2024\\\/11\\\/26\\\/bolat-dunyada-tek-kalsak-bile-filistinin-yaninda-yer-almaya-devam-edecegiz-kktcyi-de-ayni-sekilde-destekliyoruz\\\/#respond\"]}]},{\"@type\":\"WebPage\",\"@id\":\"https:\\\/\\\/kuzeyinsesi.org\\\/index.php\\\/2024\\\/11\\\/26\\\/bolat-dunyada-tek-kalsak-bile-filistinin-yaninda-yer-almaya-devam-edecegiz-kktcyi-de-ayni-sekilde-destekliyoruz\\\/\",\"url\":\"https:\\\/\\\/kuzeyinsesi.org\\\/index.php\\\/2024\\\/11\\\/26\\\/bolat-dunyada-tek-kalsak-bile-filistinin-yaninda-yer-almaya-devam-edecegiz-kktcyi-de-ayni-sekilde-destekliyoruz\\\/\",\"name\":\"Bolat: D\u00fcnyada tek kalsak bile Filistin\u2019in yan\u0131nda yer almaya devam edece\u011fiz. KKTC\u2019yi de ayn\u0131 \u015fekilde destekliyoruz - Kuzeyin Sesi\",\"isPartOf\":{\"@id\":\"https:\\\/\\\/kuzeyinsesi.org\\\/#website\"},\"primaryImageOfPage\":{\"@id\":\"https:\\\/\\\/kuzeyinsesi.org\\\/index.php\\\/2024\\\/11\\\/26\\\/bolat-dunyada-tek-kalsak-bile-filistinin-yaninda-yer-almaya-devam-edecegiz-kktcyi-de-ayni-sekilde-destekliyoruz\\\/#primaryimage\"},\"image\":{\"@id\":\"https:\\\/\\\/kuzeyinsesi.org\\\/index.php\\\/2024\\\/11\\\/26\\\/bolat-dunyada-tek-kalsak-bile-filistinin-yaninda-yer-almaya-devam-edecegiz-kktcyi-de-ayni-sekilde-destekliyoruz\\\/#primaryimage\"},\"thumbnailUrl\":\"https:\\\/\\\/kuzeyinsesi.org\\\/wp-content\\\/uploads\\\/2024\\\/11\\\/ticaret-bakani-bolat-musiad-expo-2024un-acilisinda-konustu.jpg\",\"datePublished\":\"2024-11-26T11:51:23+00:00\",\"author\":{\"@id\":\"https:\\\/\\\/kuzeyinsesi.org\\\/#\\\/schema\\\/person\\\/9f859689cdf01485597712386e37f5aa\"},\"breadcrumb\":{\"@id\":\"https:\\\/\\\/kuzeyinsesi.org\\\/index.php\\\/2024\\\/11\\\/26\\\/bolat-dunyada-tek-kalsak-bile-filistinin-yaninda-yer-almaya-devam-edecegiz-kktcyi-de-ayni-sekilde-destekliyoruz\\\/#breadcrumb\"},\"inLanguage\":\"tr\",\"potentialAction\":[{\"@type\":\"ReadAction\",\"target\":[\"https:\\\/\\\/kuzeyinsesi.org\\\/index.php\\\/2024\\\/11\\\/26\\\/bolat-dunyada-tek-kalsak-bile-filistinin-yaninda-yer-almaya-devam-edecegiz-kktcyi-de-ayni-sekilde-destekliyoruz\\\/\"]}]},{\"@type\":\"ImageObject\",\"inLanguage\":\"tr\",\"@id\":\"https:\\\/\\\/kuzeyinsesi.org\\\/index.php\\\/2024\\\/11\\\/26\\\/bolat-dunyada-tek-kalsak-bile-filistinin-yaninda-yer-almaya-devam-edecegiz-kktcyi-de-ayni-sekilde-destekliyoruz\\\/#primaryimage\",\"url\":\"https:\\\/\\\/kuzeyinsesi.org\\\/wp-content\\\/uploads\\\/2024\\\/11\\\/ticaret-bakani-bolat-musiad-expo-2024un-acilisinda-konustu.jpg\",\"contentUrl\":\"https:\\\/\\\/kuzeyinsesi.org\\\/wp-content\\\/uploads\\\/2024\\\/11\\\/ticaret-bakani-bolat-musiad-expo-2024un-acilisinda-konustu.jpg\",\"width\":928,\"height\":430},{\"@type\":\"BreadcrumbList\",\"@id\":\"https:\\\/\\\/kuzeyinsesi.org\\\/index.php\\\/2024\\\/11\\\/26\\\/bolat-dunyada-tek-kalsak-bile-filistinin-yaninda-yer-almaya-devam-edecegiz-kktcyi-de-ayni-sekilde-destekliyoruz\\\/#breadcrumb\",\"itemListElement\":[{\"@type\":\"ListItem\",\"position\":1,\"name\":\"Anasayfa\",\"item\":\"https:\\\/\\\/kuzeyinsesi.org\\\/\"},{\"@type\":\"ListItem\",\"position\":2,\"name\":\"Bolat: D\u00fcnyada tek kalsak bile Filistin\u2019in yan\u0131nda yer almaya devam edece\u011fiz. KKTC\u2019yi de ayn\u0131 \u015fekilde destekliyoruz\"}]},{\"@type\":\"WebSite\",\"@id\":\"https:\\\/\\\/kuzeyinsesi.org\\\/#website\",\"url\":\"https:\\\/\\\/kuzeyinsesi.org\\\/\",\"name\":\"Kuzeyin Sesi\",\"description\":\"Do\u011fru Haberin Adresi\",\"potentialAction\":[{\"@type\":\"SearchAction\",\"target\":{\"@type\":\"EntryPoint\",\"urlTemplate\":\"https:\\\/\\\/kuzeyinsesi.org\\\/?s={search_term_string}\"},\"query-input\":{\"@type\":\"PropertyValueSpecification\",\"valueRequired\":true,\"valueName\":\"search_term_string\"}}],\"inLanguage\":\"tr\"},{\"@type\":\"Person\",\"@id\":\"https:\\\/\\\/kuzeyinsesi.org\\\/#\\\/schema\\\/person\\\/9f859689cdf01485597712386e37f5aa\",\"name\":\"Kuzeyin Sesi\",\"image\":{\"@type\":\"ImageObject\",\"inLanguage\":\"tr\",\"@id\":\"https:\\\/\\\/secure.gravatar.com\\\/avatar\\\/bab33852abfd8b282518d6ed81826833d77c3c882d9ab608add591ccace47a44?s=96&d=mm&r=g\",\"url\":\"https:\\\/\\\/secure.gravatar.com\\\/avatar\\\/bab33852abfd8b282518d6ed81826833d77c3c882d9ab608add591ccace47a44?s=96&d=mm&r=g\",\"contentUrl\":\"https:\\\/\\\/secure.gravatar.com\\\/avatar\\\/bab33852abfd8b282518d6ed81826833d77c3c882d9ab608add591ccace47a44?s=96&d=mm&r=g\",\"caption\":\"Kuzeyin Sesi\"},\"sameAs\":[\"https:\\\/\\\/kuzeyinsesi.org\"],\"url\":\"https:\\\/\\\/kuzeyinsesi.org\\\/index.php\\\/author\\\/guven\\\/\"}]}<\/script>\n<!-- \/ Yoast SEO plugin. -->","yoast_head_json":{"title":"Bolat: D\u00fcnyada tek kalsak bile Filistin\u2019in yan\u0131nda yer almaya devam edece\u011fiz. KKTC\u2019yi de ayn\u0131 \u015fekilde destekliyoruz - Kuzeyin Sesi","robots":{"index":"index","follow":"follow","max-snippet":"max-snippet:-1","max-image-preview":"max-image-preview:large","max-video-preview":"max-video-preview:-1"},"canonical":"https:\/\/kuzeyinsesi.org\/index.php\/2024\/11\/26\/bolat-dunyada-tek-kalsak-bile-filistinin-yaninda-yer-almaya-devam-edecegiz-kktcyi-de-ayni-sekilde-destekliyoruz\/","og_locale":"tr_TR","og_type":"article","og_title":"Bolat: D\u00fcnyada tek kalsak bile Filistin\u2019in yan\u0131nda yer almaya devam edece\u011fiz. KKTC\u2019yi de ayn\u0131 \u015fekilde destekliyoruz - Kuzeyin Sesi","og_description":"T\u00fcrkiye Ticaret Bakan\u0131 \u00d6mer Bolat, \u201cFilistin\u2019in her zaman yan\u0131nda yer ald\u0131k, almaya da devam edece\u011fiz. Yapt\u0131klar\u0131m\u0131z ortada. Siyasi alanda, uluslararas\u0131 diplomaside, hukukta, insani yard\u0131mlarda\u2026 \u0130srail\u2019in sald\u0131r\u0131lar\u0131n\u0131 durdurup ate\u015fkes sa\u011flamak i\u00e7in ihracat ve ithalat\u0131 2 May\u0131s\u2019tan itibaren durdurma eylemimiz yan\u0131m\u0131zda. D\u00fcnyada tek kalsak bile Filistin\u2019in yan\u0131nda yer almaya devam edece\u011fiz. Kuzey\u00a0K\u0131br\u0131s\u00a0T\u00fcrk Cumhuriyeti\u2019ni de ayn\u0131 \u015fekilde destekliyoruz.\u201d [&hellip;]","og_url":"https:\/\/kuzeyinsesi.org\/index.php\/2024\/11\/26\/bolat-dunyada-tek-kalsak-bile-filistinin-yaninda-yer-almaya-devam-edecegiz-kktcyi-de-ayni-sekilde-destekliyoruz\/","og_site_name":"Kuzeyin Sesi","article_publisher":"https:\/\/www.facebook.com\/kuzeyinsesii","article_published_time":"2024-11-26T11:51:23+00:00","og_image":[{"url":"https:\/\/brtk.net\/wp-content\/uploads\/2024\/11\/26\/ticaret-bakani-bolat-musiad-expo-2024un-acilisinda-konustu.jpg?ver=9af16af71ecff0c744938ae767ed75e4","type":"","width":"","height":""}],"author":"Kuzeyin Sesi","twitter_card":"summary_large_image","twitter_creator":"@kuzeyinsesii","twitter_site":"@kuzeyinsesii","twitter_misc":{"Yazan:":"Kuzeyin Sesi","Tahmini okuma s\u00fcresi":"5 dakika"},"schema":{"@context":"https:\/\/schema.org","@graph":[{"@type":"Article","@id":"https:\/\/kuzeyinsesi.org\/index.php\/2024\/11\/26\/bolat-dunyada-tek-kalsak-bile-filistinin-yaninda-yer-almaya-devam-edecegiz-kktcyi-de-ayni-sekilde-destekliyoruz\/#article","isPartOf":{"@id":"https:\/\/kuzeyinsesi.org\/index.php\/2024\/11\/26\/bolat-dunyada-tek-kalsak-bile-filistinin-yaninda-yer-almaya-devam-edecegiz-kktcyi-de-ayni-sekilde-destekliyoruz\/"},"author":{"name":"Kuzeyin Sesi","@id":"https:\/\/kuzeyinsesi.org\/#\/schema\/person\/9f859689cdf01485597712386e37f5aa"},"headline":"Bolat: D\u00fcnyada tek kalsak bile Filistin\u2019in yan\u0131nda yer almaya devam edece\u011fiz. KKTC\u2019yi de ayn\u0131 \u015fekilde destekliyoruz","datePublished":"2024-11-26T11:51:23+00:00","mainEntityOfPage":{"@id":"https:\/\/kuzeyinsesi.org\/index.php\/2024\/11\/26\/bolat-dunyada-tek-kalsak-bile-filistinin-yaninda-yer-almaya-devam-edecegiz-kktcyi-de-ayni-sekilde-destekliyoruz\/"},"wordCount":1114,"commentCount":0,"image":{"@id":"https:\/\/kuzeyinsesi.org\/index.php\/2024\/11\/26\/bolat-dunyada-tek-kalsak-bile-filistinin-yaninda-yer-almaya-devam-edecegiz-kktcyi-de-ayni-sekilde-destekliyoruz\/#primaryimage"},"thumbnailUrl":"https:\/\/kuzeyinsesi.org\/wp-content\/uploads\/2024\/11\/ticaret-bakani-bolat-musiad-expo-2024un-acilisinda-konustu.jpg","articleSection":["T\u00fcrkiye"],"inLanguage":"tr","potentialAction":[{"@type":"CommentAction","name":"Comment","target":["https:\/\/kuzeyinsesi.org\/index.php\/2024\/11\/26\/bolat-dunyada-tek-kalsak-bile-filistinin-yaninda-yer-almaya-devam-edecegiz-kktcyi-de-ayni-sekilde-destekliyoruz\/#respond"]}]},{"@type":"WebPage","@id":"https:\/\/kuzeyinsesi.org\/index.php\/2024\/11\/26\/bolat-dunyada-tek-kalsak-bile-filistinin-yaninda-yer-almaya-devam-edecegiz-kktcyi-de-ayni-sekilde-destekliyoruz\/","url":"https:\/\/kuzeyinsesi.org\/index.php\/2024\/11\/26\/bolat-dunyada-tek-kalsak-bile-filistinin-yaninda-yer-almaya-devam-edecegiz-kktcyi-de-ayni-sekilde-destekliyoruz\/","name":"Bolat: D\u00fcnyada tek kalsak bile Filistin\u2019in yan\u0131nda yer almaya devam edece\u011fiz. KKTC\u2019yi de ayn\u0131 \u015fekilde destekliyoruz - Kuzeyin Sesi","isPartOf":{"@id":"https:\/\/kuzeyinsesi.org\/#website"},"primaryImageOfPage":{"@id":"https:\/\/kuzeyinsesi.org\/index.php\/2024\/11\/26\/bolat-dunyada-tek-kalsak-bile-filistinin-yaninda-yer-almaya-devam-edecegiz-kktcyi-de-ayni-sekilde-destekliyoruz\/#primaryimage"},"image":{"@id":"https:\/\/kuzeyinsesi.org\/index.php\/2024\/11\/26\/bolat-dunyada-tek-kalsak-bile-filistinin-yaninda-yer-almaya-devam-edecegiz-kktcyi-de-ayni-sekilde-destekliyoruz\/#primaryimage"},"thumbnailUrl":"https:\/\/kuzeyinsesi.org\/wp-content\/uploads\/2024\/11\/ticaret-bakani-bolat-musiad-expo-2024un-acilisinda-konustu.jpg","datePublished":"2024-11-26T11:51:23+00:00","author":{"@id":"https:\/\/kuzeyinsesi.org\/#\/schema\/person\/9f859689cdf01485597712386e37f5aa"},"breadcrumb":{"@id":"https:\/\/kuzeyinsesi.org\/index.php\/2024\/11\/26\/bolat-dunyada-tek-kalsak-bile-filistinin-yaninda-yer-almaya-devam-edecegiz-kktcyi-de-ayni-sekilde-destekliyoruz\/#breadcrumb"},"inLanguage":"tr","potentialAction":[{"@type":"ReadAction","target":["https:\/\/kuzeyinsesi.org\/index.php\/2024\/11\/26\/bolat-dunyada-tek-kalsak-bile-filistinin-yaninda-yer-almaya-devam-edecegiz-kktcyi-de-ayni-sekilde-destekliyoruz\/"]}]},{"@type":"ImageObject","inLanguage":"tr","@id":"https:\/\/kuzeyinsesi.org\/index.php\/2024\/11\/26\/bolat-dunyada-tek-kalsak-bile-filistinin-yaninda-yer-almaya-devam-edecegiz-kktcyi-de-ayni-sekilde-destekliyoruz\/#primaryimage","url":"https:\/\/kuzeyinsesi.org\/wp-content\/uploads\/2024\/11\/ticaret-bakani-bolat-musiad-expo-2024un-acilisinda-konustu.jpg","contentUrl":"https:\/\/kuzeyinsesi.org\/wp-content\/uploads\/2024\/11\/ticaret-bakani-bolat-musiad-expo-2024un-acilisinda-konustu.jpg","width":928,"height":430},{"@type":"BreadcrumbList","@id":"https:\/\/kuzeyinsesi.org\/index.php\/2024\/11\/26\/bolat-dunyada-tek-kalsak-bile-filistinin-yaninda-yer-almaya-devam-edecegiz-kktcyi-de-ayni-sekilde-destekliyoruz\/#breadcrumb","itemListElement":[{"@type":"ListItem","position":1,"name":"Anasayfa","item":"https:\/\/kuzeyinsesi.org\/"},{"@type":"ListItem","position":2,"name":"Bolat: D\u00fcnyada tek kalsak bile Filistin\u2019in yan\u0131nda yer almaya devam edece\u011fiz. KKTC\u2019yi de ayn\u0131 \u015fekilde destekliyoruz"}]},{"@type":"WebSite","@id":"https:\/\/kuzeyinsesi.org\/#website","url":"https:\/\/kuzeyinsesi.org\/","name":"Kuzeyin Sesi","description":"Do\u011fru Haberin Adresi","potentialAction":[{"@type":"SearchAction","target":{"@type":"EntryPoint","urlTemplate":"https:\/\/kuzeyinsesi.org\/?s={search_term_string}"},"query-input":{"@type":"PropertyValueSpecification","valueRequired":true,"valueName":"search_term_string"}}],"inLanguage":"tr"},{"@type":"Person","@id":"https:\/\/kuzeyinsesi.org\/#\/schema\/person\/9f859689cdf01485597712386e37f5aa","name":"Kuzeyin Sesi","image":{"@type":"ImageObject","inLanguage":"tr","@id":"https:\/\/secure.gravatar.com\/avatar\/bab33852abfd8b282518d6ed81826833d77c3c882d9ab608add591ccace47a44?s=96&d=mm&r=g","url":"https:\/\/secure.gravatar.com\/avatar\/bab33852abfd8b282518d6ed81826833d77c3c882d9ab608add591ccace47a44?s=96&d=mm&r=g","contentUrl":"https:\/\/secure.gravatar.com\/avatar\/bab33852abfd8b282518d6ed81826833d77c3c882d9ab608add591ccace47a44?s=96&d=mm&r=g","caption":"Kuzeyin Sesi"},"sameAs":["https:\/\/kuzeyinsesi.org"],"url":"https:\/\/kuzeyinsesi.org\/index.php\/author\/guven\/"}]}},"_links":{"self":[{"href":"https:\/\/kuzeyinsesi.org\/index.php\/wp-json\/wp\/v2\/posts\/14341","targetHints":{"allow":["GET"]}}],"collection":[{"href":"https:\/\/kuzeyinsesi.org\/index.php\/wp-json\/wp\/v2\/posts"}],"about":[{"href":"https:\/\/kuzeyinsesi.org\/index.php\/wp-json\/wp\/v2\/types\/post"}],"author":[{"embeddable":true,"href":"https:\/\/kuzeyinsesi.org\/index.php\/wp-json\/wp\/v2\/users\/1"}],"replies":[{"embeddable":true,"href":"https:\/\/kuzeyinsesi.org\/index.php\/wp-json\/wp\/v2\/comments?post=14341"}],"version-history":[{"count":0,"href":"https:\/\/kuzeyinsesi.org\/index.php\/wp-json\/wp\/v2\/posts\/14341\/revisions"}],"wp:featuredmedia":[{"embeddable":true,"href":"https:\/\/kuzeyinsesi.org\/index.php\/wp-json\/wp\/v2\/media\/14342"}],"wp:attachment":[{"href":"https:\/\/kuzeyinsesi.org\/index.php\/wp-json\/wp\/v2\/media?parent=14341"}],"wp:term":[{"taxonomy":"category","embeddable":true,"href":"https:\/\/kuzeyinsesi.org\/index.php\/wp-json\/wp\/v2\/categories?post=14341"},{"taxonomy":"post_tag","embeddable":true,"href":"https:\/\/kuzeyinsesi.org\/index.php\/wp-json\/wp\/v2\/tags?post=14341"}],"curies":[{"name":"wp","href":"https:\/\/api.w.org\/{rel}","templated":true}]}}