{"id":14337,"date":"2024-11-26T13:19:57","date_gmt":"2024-11-26T11:19:57","guid":{"rendered":"https:\/\/kuzeyinsesi.org\/index.php\/2024\/11\/26\/7nci-uluslararasi-fikret-demirag-siir-festivali-cuma-gunu-basliyor\/"},"modified":"2024-11-26T13:19:57","modified_gmt":"2024-11-26T11:19:57","slug":"7nci-uluslararasi-fikret-demirag-siir-festivali-cuma-gunu-basliyor","status":"publish","type":"post","link":"https:\/\/kuzeyinsesi.org\/index.php\/2024\/11\/26\/7nci-uluslararasi-fikret-demirag-siir-festivali-cuma-gunu-basliyor\/","title":{"rendered":"7\u2019nci Uluslararas\u0131 Fikret Demira\u011f \u015eiir Festivali cuma g\u00fcn\u00fc ba\u015fl\u0131yor"},"content":{"rendered":"<div>\n<div class=\"mariselle-image-container none\">\n                                            <\/div>\n<p>7\u2019nci Uluslararas\u0131 Fikret Demira\u011f \u015eiir Festivali cuma g\u00fcn\u00fc Lefke\u2019de ba\u015fl\u0131yor.<\/p>\n<p>\u201cKarde\u015fim Bar\u0131\u015f\u0131 Ne Zaman Yapaca\u011f\u0131z\u201d ve \u201c\u015eiir Barbarl\u0131\u011f\u0131 Yenebilir mi?\u201d ana temas\u0131yla ger\u00e7ekle\u015ftirilecek, cuma g\u00fcn\u00fc Cengiz Topel Meslek Lisesi\u2019nde yap\u0131lacak etkinlikle ba\u015flayacak festival, pazar g\u00fcn\u00fc tamamlanacak.<\/p>\n<p>Festival komitesi ad\u0131na yaz\u0131l\u0131 a\u00e7\u0131klama yapan Tamer \u00d6nc\u00fcl, bu y\u0131l yabanc\u0131 konuklarla birlikte festivale 38 \u015fairin kat\u0131laca\u011f\u0131n\u0131 belirtti.<\/p>\n<p>Festival kapsam\u0131nda, Lefke A\u011fa\u00e7l\u0131 Kahve\u2019de bir araya gelinecek, Fikret Demira\u011f\u2019\u0131n do\u011fdu\u011fu sokak, Lefke Bandabuliya\u2019daki \u015fiir odas\u0131 ziyaret edilecek, Soli Antik Tiyatro\u2019da \u015fiir ve m\u00fczik dinletisi olacak, Lefke Evi\u2019nde a\u00e7\u0131l\u0131\u015f kokteyli d\u00fczenlenecek. Festivalin bu y\u0131lki konuk dili Almanca olacak.<\/p>\n<p>Festivale ula\u015f\u0131m i\u00e7in \u00fccretsiz minib\u00fcs de kald\u0131r\u0131lacak. \u201cF\u0130KRET DEM\u0130RA\u011e \u015eiir Otob\u00fcs\u00fc\u201d i\u00e7in 0533 883 2010 numaral\u0131 telefona ula\u015f\u0131labilecek.<\/p>\n<p>Tamer \u00d6nc\u00fcl, Yusuf Nidai, Zeki Ali, Aziz Kaya, Emine Demira\u011f Hasan Karl\u0131ta\u015f ve M\u00fcnevver Ebedi\u2019den olu\u015fan\u00a0Festival Komitesi \u00f6nc\u00fcl\u00fc\u011f\u00fcnde K\u0131br\u0131s Sanat\u00e7\u0131 ve Yazarlar Birli\u011fi, Lefke Belediyesi, Lefke Turizm Derne\u011fi ve Lefke \u00c7evre ve Tan\u0131tma Derne\u011fi i\u015f birli\u011finde d\u00fczenlenen festivale kurumlar ve m\u00fczisyenler de g\u00f6n\u00fcll\u00fc destek veriyor.<\/p>\n<\/p><\/div>\n<p><script async\n                    defer\n                    crossorigin=\"anonymous\"\n                    src=\"https:\/\/connect.facebook.net\/tr_TR\/sdk.js#xfbml=1&#038;version=v3.3\"\n            ><\/script><\/p>\n","protected":false},"excerpt":{"rendered":"<p>7\u2019nci Uluslararas\u0131 Fikret Demira\u011f \u015eiir Festivali cuma g\u00fcn\u00fc Lefke\u2019de ba\u015fl\u0131yor. \u201cKarde\u015fim Bar\u0131\u015f\u0131 Ne Zaman Yapaca\u011f\u0131z\u201d ve \u201c\u015eiir Barbarl\u0131\u011f\u0131 Yenebilir mi?\u201d ana temas\u0131yla ger\u00e7ekle\u015ftirilecek, cuma g\u00fcn\u00fc Cengiz Topel Meslek Lisesi\u2019nde yap\u0131lacak etkinlikle ba\u015flayacak festival, pazar g\u00fcn\u00fc tamamlanacak. Festival komitesi ad\u0131na yaz\u0131l\u0131 a\u00e7\u0131klama yapan Tamer \u00d6nc\u00fcl, bu y\u0131l yabanc\u0131 konuklarla birlikte festivale 38 \u015fairin kat\u0131laca\u011f\u0131n\u0131 belirtti. Festival [&hellip;]<\/p>\n","protected":false},"author":1,"featured_media":14338,"comment_status":"open","ping_status":"open","sticky":false,"template":"","format":"standard","meta":{"jnews-multi-image_gallery":[],"jnews_single_post":[],"jnews_primary_category":[],"jnews_social_meta":[],"jnews_override_counter":[],"footnotes":""},"categories":[6],"tags":[],"class_list":["post-14337","post","type-post","status-publish","format-standard","has-post-thumbnail","hentry","category-yasam"],"yoast_head":"<!-- This site is optimized with the Yoast SEO plugin v27.4 - https:\/\/yoast.com\/product\/yoast-seo-wordpress\/ -->\n<title>7\u2019nci Uluslararas\u0131 Fikret Demira\u011f \u015eiir Festivali cuma g\u00fcn\u00fc ba\u015fl\u0131yor - Kuzeyin Sesi<\/title>\n<meta name=\"robots\" content=\"index, follow, max-snippet:-1, max-image-preview:large, max-video-preview:-1\" \/>\n<link rel=\"canonical\" href=\"https:\/\/kuzeyinsesi.org\/index.php\/2024\/11\/26\/7nci-uluslararasi-fikret-demirag-siir-festivali-cuma-gunu-basliyor\/\" \/>\n<meta property=\"og:locale\" content=\"tr_TR\" \/>\n<meta property=\"og:type\" content=\"article\" \/>\n<meta property=\"og:title\" content=\"7\u2019nci Uluslararas\u0131 Fikret Demira\u011f \u015eiir Festivali cuma g\u00fcn\u00fc ba\u015fl\u0131yor - Kuzeyin Sesi\" \/>\n<meta property=\"og:description\" content=\"7\u2019nci Uluslararas\u0131 Fikret Demira\u011f \u015eiir Festivali cuma g\u00fcn\u00fc Lefke\u2019de ba\u015fl\u0131yor. \u201cKarde\u015fim Bar\u0131\u015f\u0131 Ne Zaman Yapaca\u011f\u0131z\u201d ve \u201c\u015eiir Barbarl\u0131\u011f\u0131 Yenebilir mi?\u201d ana temas\u0131yla ger\u00e7ekle\u015ftirilecek, cuma g\u00fcn\u00fc Cengiz Topel Meslek Lisesi\u2019nde yap\u0131lacak etkinlikle ba\u015flayacak festival, pazar g\u00fcn\u00fc tamamlanacak. Festival komitesi ad\u0131na yaz\u0131l\u0131 a\u00e7\u0131klama yapan Tamer \u00d6nc\u00fcl, bu y\u0131l yabanc\u0131 konuklarla birlikte festivale 38 \u015fairin kat\u0131laca\u011f\u0131n\u0131 belirtti. Festival [&hellip;]\" \/>\n<meta property=\"og:url\" content=\"https:\/\/kuzeyinsesi.org\/index.php\/2024\/11\/26\/7nci-uluslararasi-fikret-demirag-siir-festivali-cuma-gunu-basliyor\/\" \/>\n<meta property=\"og:site_name\" content=\"Kuzeyin Sesi\" \/>\n<meta property=\"article:publisher\" content=\"https:\/\/www.facebook.com\/kuzeyinsesii\" \/>\n<meta property=\"article:published_time\" content=\"2024-11-26T11:19:57+00:00\" \/>\n<meta property=\"og:image\" content=\"https:\/\/brtk.net\/wp-content\/uploads\/2024\/11\/26\/vii-uluslar-arasi-fikret-demirag-siir-festivali.jpg?ver=4aa62121dd771273cc5357841cf2e86b\" \/>\n<meta name=\"author\" content=\"Kuzeyin Sesi\" \/>\n<meta name=\"twitter:card\" content=\"summary_large_image\" \/>\n<meta name=\"twitter:creator\" content=\"@kuzeyinsesii\" \/>\n<meta name=\"twitter:site\" content=\"@kuzeyinsesii\" \/>\n<meta name=\"twitter:label1\" content=\"Yazan:\" \/>\n\t<meta name=\"twitter:data1\" content=\"Kuzeyin Sesi\" \/>\n\t<meta name=\"twitter:label2\" content=\"Tahmini okuma s\u00fcresi\" \/>\n\t<meta name=\"twitter:data2\" content=\"1 dakika\" \/>\n<script type=\"application\/ld+json\" class=\"yoast-schema-graph\">{\"@context\":\"https:\\\/\\\/schema.org\",\"@graph\":[{\"@type\":\"Article\",\"@id\":\"https:\\\/\\\/kuzeyinsesi.org\\\/index.php\\\/2024\\\/11\\\/26\\\/7nci-uluslararasi-fikret-demirag-siir-festivali-cuma-gunu-basliyor\\\/#article\",\"isPartOf\":{\"@id\":\"https:\\\/\\\/kuzeyinsesi.org\\\/index.php\\\/2024\\\/11\\\/26\\\/7nci-uluslararasi-fikret-demirag-siir-festivali-cuma-gunu-basliyor\\\/\"},\"author\":{\"name\":\"Kuzeyin Sesi\",\"@id\":\"https:\\\/\\\/kuzeyinsesi.org\\\/#\\\/schema\\\/person\\\/9f859689cdf01485597712386e37f5aa\"},\"headline\":\"7\u2019nci Uluslararas\u0131 Fikret Demira\u011f \u015eiir Festivali cuma g\u00fcn\u00fc ba\u015fl\u0131yor\",\"datePublished\":\"2024-11-26T11:19:57+00:00\",\"mainEntityOfPage\":{\"@id\":\"https:\\\/\\\/kuzeyinsesi.org\\\/index.php\\\/2024\\\/11\\\/26\\\/7nci-uluslararasi-fikret-demirag-siir-festivali-cuma-gunu-basliyor\\\/\"},\"wordCount\":227,\"commentCount\":0,\"image\":{\"@id\":\"https:\\\/\\\/kuzeyinsesi.org\\\/index.php\\\/2024\\\/11\\\/26\\\/7nci-uluslararasi-fikret-demirag-siir-festivali-cuma-gunu-basliyor\\\/#primaryimage\"},\"thumbnailUrl\":\"https:\\\/\\\/kuzeyinsesi.org\\\/wp-content\\\/uploads\\\/2024\\\/11\\\/vii-uluslar-arasi-fikret-demirag-siir-festivali.jpg\",\"articleSection\":[\"Ya\u015fam\"],\"inLanguage\":\"tr\",\"potentialAction\":[{\"@type\":\"CommentAction\",\"name\":\"Comment\",\"target\":[\"https:\\\/\\\/kuzeyinsesi.org\\\/index.php\\\/2024\\\/11\\\/26\\\/7nci-uluslararasi-fikret-demirag-siir-festivali-cuma-gunu-basliyor\\\/#respond\"]}]},{\"@type\":\"WebPage\",\"@id\":\"https:\\\/\\\/kuzeyinsesi.org\\\/index.php\\\/2024\\\/11\\\/26\\\/7nci-uluslararasi-fikret-demirag-siir-festivali-cuma-gunu-basliyor\\\/\",\"url\":\"https:\\\/\\\/kuzeyinsesi.org\\\/index.php\\\/2024\\\/11\\\/26\\\/7nci-uluslararasi-fikret-demirag-siir-festivali-cuma-gunu-basliyor\\\/\",\"name\":\"7\u2019nci Uluslararas\u0131 Fikret Demira\u011f \u015eiir Festivali cuma g\u00fcn\u00fc ba\u015fl\u0131yor - Kuzeyin Sesi\",\"isPartOf\":{\"@id\":\"https:\\\/\\\/kuzeyinsesi.org\\\/#website\"},\"primaryImageOfPage\":{\"@id\":\"https:\\\/\\\/kuzeyinsesi.org\\\/index.php\\\/2024\\\/11\\\/26\\\/7nci-uluslararasi-fikret-demirag-siir-festivali-cuma-gunu-basliyor\\\/#primaryimage\"},\"image\":{\"@id\":\"https:\\\/\\\/kuzeyinsesi.org\\\/index.php\\\/2024\\\/11\\\/26\\\/7nci-uluslararasi-fikret-demirag-siir-festivali-cuma-gunu-basliyor\\\/#primaryimage\"},\"thumbnailUrl\":\"https:\\\/\\\/kuzeyinsesi.org\\\/wp-content\\\/uploads\\\/2024\\\/11\\\/vii-uluslar-arasi-fikret-demirag-siir-festivali.jpg\",\"datePublished\":\"2024-11-26T11:19:57+00:00\",\"author\":{\"@id\":\"https:\\\/\\\/kuzeyinsesi.org\\\/#\\\/schema\\\/person\\\/9f859689cdf01485597712386e37f5aa\"},\"breadcrumb\":{\"@id\":\"https:\\\/\\\/kuzeyinsesi.org\\\/index.php\\\/2024\\\/11\\\/26\\\/7nci-uluslararasi-fikret-demirag-siir-festivali-cuma-gunu-basliyor\\\/#breadcrumb\"},\"inLanguage\":\"tr\",\"potentialAction\":[{\"@type\":\"ReadAction\",\"target\":[\"https:\\\/\\\/kuzeyinsesi.org\\\/index.php\\\/2024\\\/11\\\/26\\\/7nci-uluslararasi-fikret-demirag-siir-festivali-cuma-gunu-basliyor\\\/\"]}]},{\"@type\":\"ImageObject\",\"inLanguage\":\"tr\",\"@id\":\"https:\\\/\\\/kuzeyinsesi.org\\\/index.php\\\/2024\\\/11\\\/26\\\/7nci-uluslararasi-fikret-demirag-siir-festivali-cuma-gunu-basliyor\\\/#primaryimage\",\"url\":\"https:\\\/\\\/kuzeyinsesi.org\\\/wp-content\\\/uploads\\\/2024\\\/11\\\/vii-uluslar-arasi-fikret-demirag-siir-festivali.jpg\",\"contentUrl\":\"https:\\\/\\\/kuzeyinsesi.org\\\/wp-content\\\/uploads\\\/2024\\\/11\\\/vii-uluslar-arasi-fikret-demirag-siir-festivali.jpg\",\"width\":289,\"height\":410},{\"@type\":\"BreadcrumbList\",\"@id\":\"https:\\\/\\\/kuzeyinsesi.org\\\/index.php\\\/2024\\\/11\\\/26\\\/7nci-uluslararasi-fikret-demirag-siir-festivali-cuma-gunu-basliyor\\\/#breadcrumb\",\"itemListElement\":[{\"@type\":\"ListItem\",\"position\":1,\"name\":\"Anasayfa\",\"item\":\"https:\\\/\\\/kuzeyinsesi.org\\\/\"},{\"@type\":\"ListItem\",\"position\":2,\"name\":\"7\u2019nci Uluslararas\u0131 Fikret Demira\u011f \u015eiir Festivali cuma g\u00fcn\u00fc ba\u015fl\u0131yor\"}]},{\"@type\":\"WebSite\",\"@id\":\"https:\\\/\\\/kuzeyinsesi.org\\\/#website\",\"url\":\"https:\\\/\\\/kuzeyinsesi.org\\\/\",\"name\":\"Kuzeyin Sesi\",\"description\":\"Do\u011fru Haberin Adresi\",\"potentialAction\":[{\"@type\":\"SearchAction\",\"target\":{\"@type\":\"EntryPoint\",\"urlTemplate\":\"https:\\\/\\\/kuzeyinsesi.org\\\/?s={search_term_string}\"},\"query-input\":{\"@type\":\"PropertyValueSpecification\",\"valueRequired\":true,\"valueName\":\"search_term_string\"}}],\"inLanguage\":\"tr\"},{\"@type\":\"Person\",\"@id\":\"https:\\\/\\\/kuzeyinsesi.org\\\/#\\\/schema\\\/person\\\/9f859689cdf01485597712386e37f5aa\",\"name\":\"Kuzeyin Sesi\",\"image\":{\"@type\":\"ImageObject\",\"inLanguage\":\"tr\",\"@id\":\"https:\\\/\\\/secure.gravatar.com\\\/avatar\\\/bab33852abfd8b282518d6ed81826833d77c3c882d9ab608add591ccace47a44?s=96&d=mm&r=g\",\"url\":\"https:\\\/\\\/secure.gravatar.com\\\/avatar\\\/bab33852abfd8b282518d6ed81826833d77c3c882d9ab608add591ccace47a44?s=96&d=mm&r=g\",\"contentUrl\":\"https:\\\/\\\/secure.gravatar.com\\\/avatar\\\/bab33852abfd8b282518d6ed81826833d77c3c882d9ab608add591ccace47a44?s=96&d=mm&r=g\",\"caption\":\"Kuzeyin Sesi\"},\"sameAs\":[\"https:\\\/\\\/kuzeyinsesi.org\"],\"url\":\"https:\\\/\\\/kuzeyinsesi.org\\\/index.php\\\/author\\\/guven\\\/\"}]}<\/script>\n<!-- \/ Yoast SEO plugin. -->","yoast_head_json":{"title":"7\u2019nci Uluslararas\u0131 Fikret Demira\u011f \u015eiir Festivali cuma g\u00fcn\u00fc ba\u015fl\u0131yor - Kuzeyin Sesi","robots":{"index":"index","follow":"follow","max-snippet":"max-snippet:-1","max-image-preview":"max-image-preview:large","max-video-preview":"max-video-preview:-1"},"canonical":"https:\/\/kuzeyinsesi.org\/index.php\/2024\/11\/26\/7nci-uluslararasi-fikret-demirag-siir-festivali-cuma-gunu-basliyor\/","og_locale":"tr_TR","og_type":"article","og_title":"7\u2019nci Uluslararas\u0131 Fikret Demira\u011f \u015eiir Festivali cuma g\u00fcn\u00fc ba\u015fl\u0131yor - Kuzeyin Sesi","og_description":"7\u2019nci Uluslararas\u0131 Fikret Demira\u011f \u015eiir Festivali cuma g\u00fcn\u00fc Lefke\u2019de ba\u015fl\u0131yor. \u201cKarde\u015fim Bar\u0131\u015f\u0131 Ne Zaman Yapaca\u011f\u0131z\u201d ve \u201c\u015eiir Barbarl\u0131\u011f\u0131 Yenebilir mi?\u201d ana temas\u0131yla ger\u00e7ekle\u015ftirilecek, cuma g\u00fcn\u00fc Cengiz Topel Meslek Lisesi\u2019nde yap\u0131lacak etkinlikle ba\u015flayacak festival, pazar g\u00fcn\u00fc tamamlanacak. Festival komitesi ad\u0131na yaz\u0131l\u0131 a\u00e7\u0131klama yapan Tamer \u00d6nc\u00fcl, bu y\u0131l yabanc\u0131 konuklarla birlikte festivale 38 \u015fairin kat\u0131laca\u011f\u0131n\u0131 belirtti. Festival [&hellip;]","og_url":"https:\/\/kuzeyinsesi.org\/index.php\/2024\/11\/26\/7nci-uluslararasi-fikret-demirag-siir-festivali-cuma-gunu-basliyor\/","og_site_name":"Kuzeyin Sesi","article_publisher":"https:\/\/www.facebook.com\/kuzeyinsesii","article_published_time":"2024-11-26T11:19:57+00:00","og_image":[{"url":"https:\/\/brtk.net\/wp-content\/uploads\/2024\/11\/26\/vii-uluslar-arasi-fikret-demirag-siir-festivali.jpg?ver=4aa62121dd771273cc5357841cf2e86b","type":"","width":"","height":""}],"author":"Kuzeyin Sesi","twitter_card":"summary_large_image","twitter_creator":"@kuzeyinsesii","twitter_site":"@kuzeyinsesii","twitter_misc":{"Yazan:":"Kuzeyin Sesi","Tahmini okuma s\u00fcresi":"1 dakika"},"schema":{"@context":"https:\/\/schema.org","@graph":[{"@type":"Article","@id":"https:\/\/kuzeyinsesi.org\/index.php\/2024\/11\/26\/7nci-uluslararasi-fikret-demirag-siir-festivali-cuma-gunu-basliyor\/#article","isPartOf":{"@id":"https:\/\/kuzeyinsesi.org\/index.php\/2024\/11\/26\/7nci-uluslararasi-fikret-demirag-siir-festivali-cuma-gunu-basliyor\/"},"author":{"name":"Kuzeyin Sesi","@id":"https:\/\/kuzeyinsesi.org\/#\/schema\/person\/9f859689cdf01485597712386e37f5aa"},"headline":"7\u2019nci Uluslararas\u0131 Fikret Demira\u011f \u015eiir Festivali cuma g\u00fcn\u00fc ba\u015fl\u0131yor","datePublished":"2024-11-26T11:19:57+00:00","mainEntityOfPage":{"@id":"https:\/\/kuzeyinsesi.org\/index.php\/2024\/11\/26\/7nci-uluslararasi-fikret-demirag-siir-festivali-cuma-gunu-basliyor\/"},"wordCount":227,"commentCount":0,"image":{"@id":"https:\/\/kuzeyinsesi.org\/index.php\/2024\/11\/26\/7nci-uluslararasi-fikret-demirag-siir-festivali-cuma-gunu-basliyor\/#primaryimage"},"thumbnailUrl":"https:\/\/kuzeyinsesi.org\/wp-content\/uploads\/2024\/11\/vii-uluslar-arasi-fikret-demirag-siir-festivali.jpg","articleSection":["Ya\u015fam"],"inLanguage":"tr","potentialAction":[{"@type":"CommentAction","name":"Comment","target":["https:\/\/kuzeyinsesi.org\/index.php\/2024\/11\/26\/7nci-uluslararasi-fikret-demirag-siir-festivali-cuma-gunu-basliyor\/#respond"]}]},{"@type":"WebPage","@id":"https:\/\/kuzeyinsesi.org\/index.php\/2024\/11\/26\/7nci-uluslararasi-fikret-demirag-siir-festivali-cuma-gunu-basliyor\/","url":"https:\/\/kuzeyinsesi.org\/index.php\/2024\/11\/26\/7nci-uluslararasi-fikret-demirag-siir-festivali-cuma-gunu-basliyor\/","name":"7\u2019nci Uluslararas\u0131 Fikret Demira\u011f \u015eiir Festivali cuma g\u00fcn\u00fc ba\u015fl\u0131yor - Kuzeyin Sesi","isPartOf":{"@id":"https:\/\/kuzeyinsesi.org\/#website"},"primaryImageOfPage":{"@id":"https:\/\/kuzeyinsesi.org\/index.php\/2024\/11\/26\/7nci-uluslararasi-fikret-demirag-siir-festivali-cuma-gunu-basliyor\/#primaryimage"},"image":{"@id":"https:\/\/kuzeyinsesi.org\/index.php\/2024\/11\/26\/7nci-uluslararasi-fikret-demirag-siir-festivali-cuma-gunu-basliyor\/#primaryimage"},"thumbnailUrl":"https:\/\/kuzeyinsesi.org\/wp-content\/uploads\/2024\/11\/vii-uluslar-arasi-fikret-demirag-siir-festivali.jpg","datePublished":"2024-11-26T11:19:57+00:00","author":{"@id":"https:\/\/kuzeyinsesi.org\/#\/schema\/person\/9f859689cdf01485597712386e37f5aa"},"breadcrumb":{"@id":"https:\/\/kuzeyinsesi.org\/index.php\/2024\/11\/26\/7nci-uluslararasi-fikret-demirag-siir-festivali-cuma-gunu-basliyor\/#breadcrumb"},"inLanguage":"tr","potentialAction":[{"@type":"ReadAction","target":["https:\/\/kuzeyinsesi.org\/index.php\/2024\/11\/26\/7nci-uluslararasi-fikret-demirag-siir-festivali-cuma-gunu-basliyor\/"]}]},{"@type":"ImageObject","inLanguage":"tr","@id":"https:\/\/kuzeyinsesi.org\/index.php\/2024\/11\/26\/7nci-uluslararasi-fikret-demirag-siir-festivali-cuma-gunu-basliyor\/#primaryimage","url":"https:\/\/kuzeyinsesi.org\/wp-content\/uploads\/2024\/11\/vii-uluslar-arasi-fikret-demirag-siir-festivali.jpg","contentUrl":"https:\/\/kuzeyinsesi.org\/wp-content\/uploads\/2024\/11\/vii-uluslar-arasi-fikret-demirag-siir-festivali.jpg","width":289,"height":410},{"@type":"BreadcrumbList","@id":"https:\/\/kuzeyinsesi.org\/index.php\/2024\/11\/26\/7nci-uluslararasi-fikret-demirag-siir-festivali-cuma-gunu-basliyor\/#breadcrumb","itemListElement":[{"@type":"ListItem","position":1,"name":"Anasayfa","item":"https:\/\/kuzeyinsesi.org\/"},{"@type":"ListItem","position":2,"name":"7\u2019nci Uluslararas\u0131 Fikret Demira\u011f \u015eiir Festivali cuma g\u00fcn\u00fc ba\u015fl\u0131yor"}]},{"@type":"WebSite","@id":"https:\/\/kuzeyinsesi.org\/#website","url":"https:\/\/kuzeyinsesi.org\/","name":"Kuzeyin Sesi","description":"Do\u011fru Haberin Adresi","potentialAction":[{"@type":"SearchAction","target":{"@type":"EntryPoint","urlTemplate":"https:\/\/kuzeyinsesi.org\/?s={search_term_string}"},"query-input":{"@type":"PropertyValueSpecification","valueRequired":true,"valueName":"search_term_string"}}],"inLanguage":"tr"},{"@type":"Person","@id":"https:\/\/kuzeyinsesi.org\/#\/schema\/person\/9f859689cdf01485597712386e37f5aa","name":"Kuzeyin Sesi","image":{"@type":"ImageObject","inLanguage":"tr","@id":"https:\/\/secure.gravatar.com\/avatar\/bab33852abfd8b282518d6ed81826833d77c3c882d9ab608add591ccace47a44?s=96&d=mm&r=g","url":"https:\/\/secure.gravatar.com\/avatar\/bab33852abfd8b282518d6ed81826833d77c3c882d9ab608add591ccace47a44?s=96&d=mm&r=g","contentUrl":"https:\/\/secure.gravatar.com\/avatar\/bab33852abfd8b282518d6ed81826833d77c3c882d9ab608add591ccace47a44?s=96&d=mm&r=g","caption":"Kuzeyin Sesi"},"sameAs":["https:\/\/kuzeyinsesi.org"],"url":"https:\/\/kuzeyinsesi.org\/index.php\/author\/guven\/"}]}},"_links":{"self":[{"href":"https:\/\/kuzeyinsesi.org\/index.php\/wp-json\/wp\/v2\/posts\/14337","targetHints":{"allow":["GET"]}}],"collection":[{"href":"https:\/\/kuzeyinsesi.org\/index.php\/wp-json\/wp\/v2\/posts"}],"about":[{"href":"https:\/\/kuzeyinsesi.org\/index.php\/wp-json\/wp\/v2\/types\/post"}],"author":[{"embeddable":true,"href":"https:\/\/kuzeyinsesi.org\/index.php\/wp-json\/wp\/v2\/users\/1"}],"replies":[{"embeddable":true,"href":"https:\/\/kuzeyinsesi.org\/index.php\/wp-json\/wp\/v2\/comments?post=14337"}],"version-history":[{"count":0,"href":"https:\/\/kuzeyinsesi.org\/index.php\/wp-json\/wp\/v2\/posts\/14337\/revisions"}],"wp:featuredmedia":[{"embeddable":true,"href":"https:\/\/kuzeyinsesi.org\/index.php\/wp-json\/wp\/v2\/media\/14338"}],"wp:attachment":[{"href":"https:\/\/kuzeyinsesi.org\/index.php\/wp-json\/wp\/v2\/media?parent=14337"}],"wp:term":[{"taxonomy":"category","embeddable":true,"href":"https:\/\/kuzeyinsesi.org\/index.php\/wp-json\/wp\/v2\/categories?post=14337"},{"taxonomy":"post_tag","embeddable":true,"href":"https:\/\/kuzeyinsesi.org\/index.php\/wp-json\/wp\/v2\/tags?post=14337"}],"curies":[{"name":"wp","href":"https:\/\/api.w.org\/{rel}","templated":true}]}}