{"id":14325,"date":"2024-11-26T07:58:13","date_gmt":"2024-11-26T05:58:13","guid":{"rendered":"https:\/\/kuzeyinsesi.org\/index.php\/2024\/11\/26\/erdogan-netanyahu-ve-katliam-sebekesi-icin-cember-giderek-daralmaktadir\/"},"modified":"2024-11-26T07:58:13","modified_gmt":"2024-11-26T05:58:13","slug":"erdogan-netanyahu-ve-katliam-sebekesi-icin-cember-giderek-daralmaktadir","status":"publish","type":"post","link":"https:\/\/kuzeyinsesi.org\/index.php\/2024\/11\/26\/erdogan-netanyahu-ve-katliam-sebekesi-icin-cember-giderek-daralmaktadir\/","title":{"rendered":"Erdo\u011fan: Netanyahu ve katliam \u015febekesi i\u00e7in \u00e7ember giderek daralmaktad\u0131r"},"content":{"rendered":"<div>\n<div class=\"mariselle-image-container center\">\n                                            <\/div>\n<p>TC Cumhurba\u015fkan\u0131 Recep Tayyip Erdo\u011fan Kabine Toplant\u0131s\u0131 sonras\u0131 a\u00e7\u0131klamalarda bulundu. Cumhurba\u015fkan\u0131 Erdo\u011fan, \u201cNetanyahu ve katliam \u015febekesi i\u00e7in \u00e7ember giderek daralmaktad\u0131r\u201d dedi.<\/p>\n<p>Erdo\u011fan, Cumhurba\u015fkanl\u0131\u011f\u0131 K\u00fclliyesi\u2019ndeki Kabine Toplant\u0131s\u0131\u2019n\u0131n ard\u0131ndan millete seslendi.<\/p>\n<p>Cumhurba\u015fkan\u0131 Erdo\u011fan, \u00f6\u011fretmenlerin 24 Kas\u0131m \u00d6\u011fretmenler G\u00fcn\u00fcn\u00fc tebrik etti. 23 Kas\u0131m\u2019da ger\u00e7ekle\u015ftirilen programla hem ulvi bir vazifeyi yerine getiren \u00f6\u011fretmenlerle bir araya geldiklerini hem de 20 bin yeni \u00f6\u011fretmenin atamas\u0131n\u0131 ger\u00e7ekle\u015ftirdiklerini ifade eden Erdo\u011fan, vatan\u0131n her k\u00f6\u015fesinde birer e\u011fitim neferi olarak a\u015fkla g\u00f6rev yapacak yeni \u00f6\u011fretmenleri tebrik etti.<\/p>\n<p>Erdo\u011fan, 22 y\u0131ld\u0131r e\u011fitimi \u00f6nceliklerinin ilk s\u0131ras\u0131na yerle\u015ftirdiklerini, evlatlar\u0131n en iyi \u015fekilde yeti\u015fmesi i\u00e7in hi\u00e7 bir fedakarl\u0131ktan ka\u00e7\u0131nmad\u0131klar\u0131n\u0131 s\u00f6yledi.<\/p>\n<p>E\u011fitim-\u00f6\u011fretimde de\u011fi\u015fime ve yenili\u011fe direnmenin bizatihi hayat\u0131n kendisine direnmek manas\u0131na geldi\u011fini belirten Erdo\u011fan, \u201c\u00dclkemizde maalesef kendini halen 1940\u2019lar\u0131n \u015fartlar\u0131nda g\u00f6ren e\u011fitime bir geli\u015fim ve tekam\u00fcl arac\u0131 olarak de\u011fil bir ideolojik formatlama arac\u0131 olarak bakan bir kesim bulunuyor. K\u00f6k\u00fc mazide, ati tasavvurumuza uygun bir \u015fekilde hayata ge\u00e7irdi\u011fimiz T\u00fcrkiye Y\u00fczy\u0131l\u0131 Maarif Modelimizin uygulanmas\u0131nda bu \u00e7evrelerin temelsiz ele\u015ftirilerine, engellemelerine ve sabotajlar\u0131na maruz kal\u0131yoruz\u201d diye konu\u015ftu.<\/p>\n<p>Millet\u00e7e herkesin gelece\u011fini ilgilendiren e\u011fitim meselesini, g\u00fcnl\u00fck siyasi tart\u0131\u015fmalar\u0131n ve ideolojik tak\u0131nt\u0131lar\u0131n objesi haline getirmenin yanl\u0131\u015f oldu\u011funu vurgulayan Erdo\u011fan, t\u00fcm payda\u015flar\u0131n katk\u0131s\u0131 al\u0131narak haz\u0131rlanm\u0131\u015f, bilimsel, ku\u015fat\u0131c\u0131, modern, milli ve manevi de\u011ferleri \u00f6nceleyen, insan\u0131 merkeze alan yeni modelin, T\u00fcrkiye Y\u00fczy\u0131l\u0131n\u0131n in\u015fas\u0131n\u0131 kolayla\u015ft\u0131raca\u011f\u0131n\u0131 kaydetti.<\/p>\n<p>\u0130stikbalin teminat\u0131 olarak g\u00f6r\u00fclen 20 milyon \u00f6\u011frencinin en iyi \u015fekilde yeti\u015fmesi, en iyi e\u011fitimi almas\u0131, imkanlardan en iyi \u015fekilde ve e\u015fit olarak istifade etmesi i\u00e7in \u00fczerlerine d\u00fc\u015feni yapacaklar\u0131n\u0131 dile getiren Erdo\u011fan, gelecek d\u00f6nemde T\u00fcrkiye\u2019nin ekonomik \u015fartlar\u0131 iyile\u015ftik\u00e7e, bunun \u00f6\u011fretmenlere de etki etmesi i\u00e7in her t\u00fcrl\u00fc ad\u0131m\u0131 atacaklar\u0131n\u0131 belirtti.<\/p>\n<p>Erdo\u011fan, 81 vilayette, s\u0131n\u0131rlar\u0131n i\u00e7inde ve d\u0131\u015f\u0131nda, T\u00fcrkiye Maarif Vakf\u0131\u2019n\u0131n Asya\u2019dan Afrika\u2019ya yay\u0131lan okullar\u0131nda e\u011fitim me\u015falesini gururla ta\u015f\u0131yan t\u00fcm \u00f6\u011fretmenlerin 24 Kas\u0131m \u00d6\u011fretmenler G\u00fcn\u00fc\u2019n\u00fc tebrik etti.<\/p>\n<p>\u201cKad\u0131nlar\u0131n hak etti\u011fi yere gelmesi i\u00e7in \u00e7aba harcad\u0131k\u201d<br \/>25 Kas\u0131m Kad\u0131na Y\u00f6nelik \u015eiddetle Uluslararas\u0131 M\u00fccadele G\u00fcn\u00fc\u2019nde, \u015fiddetin olmad\u0131\u011f\u0131 bir T\u00fcrkiye ve d\u00fcnya i\u00e7in \u00e7al\u0131\u015fmalar\u0131 kararl\u0131l\u0131kla s\u00fcrd\u00fcreceklerini vurgulayan Erdo\u011fan, \u015f\u00f6yle konu\u015ftu:<\/p>\n<p>\u201cKim ne derse desin, T\u00fcrkiye, bizim h\u00fck\u00fcmetlerimiz d\u00f6neminde, kad\u0131na \u015fiddet ba\u015fta olmak \u00fczere \u015fiddetin her \u00e7e\u015fidiyle m\u00fccadelede tarihi nitelikte kazan\u0131mlar elde etmi\u015f, \u00fclkemiz \u00e7ok ileri bir noktaya gelmi\u015ftir. Kad\u0131na y\u00f6nelik yanl\u0131\u015f alg\u0131lar\u0131n k\u0131r\u0131lmas\u0131ndan i\u015f, e\u011fitim ve siyaset alan\u0131ndaki bariyerlerin kald\u0131r\u0131lmas\u0131na kadar nice ba\u015fl\u0131kta sorunlar\u0131 \u00e7\u00f6zd\u00fck, eksikleri giderdik, meselelerimizin \u00fczerine gitme cesareti g\u00f6sterdik. Kad\u0131n haklar\u0131 konusunun ara\u00e7salla\u015ft\u0131r\u0131lmas\u0131na izin vermeden, kad\u0131nlar\u0131n hayat\u0131n her alan\u0131nda hak etti\u011fi yere gelmesi i\u00e7in \u00e7aba harcad\u0131k.\u201d<\/p>\n<p>Erdo\u011fan, son 22 y\u0131lda bu konuda \u00e7ok k\u00f6kl\u00fc, kapsaml\u0131 reformlar\u0131 devreye ald\u0131klar\u0131n\u0131 belirterek, t\u00fcm sorunlar\u0131n \u00e7\u00f6z\u00fcld\u00fc\u011f\u00fc iddias\u0131nda olmad\u0131klar\u0131n\u0131 ama geriye do\u011fru bak\u0131ld\u0131\u011f\u0131nda a\u015f\u0131lmaz g\u00f6r\u00fclen duvarlar\u0131n y\u0131k\u0131ld\u0131\u011f\u0131n\u0131n, nice yanl\u0131\u015f\u0131n ve hatal\u0131 uygulaman\u0131n d\u00fczeltildi\u011finin tart\u0131\u015fmas\u0131z bir ger\u00e7ek oldu\u011funu s\u00f6yledi.<\/p>\n<p>D\u00fcn\u00fcn g\u00f6zde b\u00fcy\u00fcyen sorunlar\u0131n\u0131n bug\u00fcn art\u0131k tarihe kar\u0131\u015ft\u0131\u011f\u0131n\u0131, bug\u00fcn\u00fcn sorunlar\u0131n\u0131n da yar\u0131n \u00f6nlerine \u00e7\u0131kmayaca\u011f\u0131n\u0131 dile getiren Erdo\u011fan, kad\u0131nlarla dayan\u0131\u015fma i\u00e7inde fiziki ve psikolojik \u015fiddete kar\u015f\u0131 m\u00fccadeleyi devam ettireceklerini belirtti.<\/p>\n<p>\u00a0<\/p>\n<h2>\u201cEn g\u00fc\u00e7l\u00fc tepkiyi veren \u00fclkelerden biriyiz\u201d<\/h2>\n<p>D\u0131\u015f politikada olduk\u00e7a yo\u011fun ve karma\u015f\u0131k bir g\u00fcndemle kar\u015f\u0131 kar\u015f\u0131ya olduklar\u0131n\u0131 ifade eden Erdo\u011fan, \u201c\u0130srail\u2019in Gazze\u2019ye 7 Ekim 2023\u2019te ba\u015flatt\u0131\u011f\u0131 sald\u0131r\u0131lar L\u00fcbnan\u2019\u0131, Suriye\u2019yi ve di\u011fer b\u00f6lge \u00fclkelerini de i\u00e7ine alacak \u015fekilde geni\u015fliyor. Birileri \u0131srarla g\u00f6rmezden gelse de T\u00fcrkiye\u2019nin hemen yan\u0131 ba\u015f\u0131nda son derece kanl\u0131, son derece tehlikeli bir sava\u015f tam 14 ayd\u0131r devam ediyor. T\u00fcrkiye olarak, \u0130srail h\u00fck\u00fcmetinin sald\u0131rgan politikas\u0131na ilk g\u00fcnden itibaren en g\u00fc\u00e7l\u00fc tepkiyi veren \u00fclkelerden biriyiz\u201d \u015feklinde konu\u015ftu.<\/p>\n<p>Kat\u0131ld\u0131klar\u0131 her uluslararas\u0131 toplant\u0131da Gazze\u2019de ya\u015fanan vah\u015fete dikkat \u00e7ektiklerini s\u00f6yleyen Erdo\u011fan, T\u00fcrkiye\u2019nin Gazze\u2019ye g\u00f6nderilen insani yard\u0131mlar noktas\u0131nda 86 bin tona ula\u015fan yard\u0131m miktar\u0131yla ilk s\u0131rada yer ald\u0131\u011f\u0131n\u0131 kaydetti.<\/p>\n<p>Cumhurba\u015fkan\u0131 Erdo\u011fan, \u0130srail\u2019le ticareti tamamen keserek, yakla\u015f\u0131k 9,5 milyar dolarl\u0131k bir ticaret hacminden sarf\u0131 nazar ettiklerini belirterek, Uluslararas\u0131 Adalet Divan\u0131\u2019nda \u0130srail aleyhine a\u00e7\u0131lan soyk\u0131r\u0131m davas\u0131na m\u00fcdahil olma ba\u015fvurusunun ge\u00e7en aylarda yapt\u0131klar\u0131n\u0131 an\u0131msatt\u0131.<\/p>\n<p>Birle\u015fmi\u015f Milletler ba\u015fta olmak \u00fczere t\u00fcm uluslararas\u0131 \u00f6rg\u00fctlerde \u0130srail\u2019i \u00e7at\u0131\u015fmalar\u0131 durdurmaya zorlayacak tedbirler al\u0131nmas\u0131 i\u00e7in u\u011fra\u015ft\u0131klar\u0131na i\u015faret eden Erdo\u011fan, \u0130slam d\u00fcnyas\u0131n\u0131n \u0130srail h\u00fck\u00fcmetine kar\u015f\u0131 tek y\u00fcrek, tek bilek olmas\u0131 i\u00e7in yo\u011fun gayret g\u00f6sterdiklerini s\u00f6yledi.<\/p>\n<h2>\u201cTer\u00f6r yaftas\u0131 vuranlarla i\u015fbirli\u011fini sorgulas\u0131nlar\u201d<\/h2>\n<p>\u201c\u015eunun bilinmesini isterim. Biz, insanl\u0131\u011f\u0131m\u0131z\u0131n s\u0131nand\u0131\u011f\u0131 bu imtihan g\u00fcnlerinde, Filistin halk\u0131na ve Gazzeli mazlumlara karde\u015flik g\u00f6revimizi yerine getirmenin gayretindeyiz.\u201d ifadesini kullanan Cumhurba\u015fkan\u0131 Erdo\u011fan, s\u00f6zlerini \u015f\u00f6yle s\u00fcrd\u00fcrd\u00fc:<\/p>\n<p><em>\u201cT\u00fcrkiye\u2019nin, Filistin halk\u0131n\u0131n hakl\u0131 m\u00fccadelesine verdi\u011fi g\u00fc\u00e7l\u00fc deste\u011fin en yak\u0131n \u015fahidi, bizzat Filistinli, Gazzeli karde\u015flerimizdir. B\u00f6yle insani bir meseleden siyasi rant dev\u015firmeye \u00e7al\u0131\u015fan siyaset t\u00fcccarlar\u0131n\u0131, bug\u00fcne kadar muhatap almad\u0131k, bundan sonra da almay\u0131z. \u00c7o\u011fu \u00e7ocuk ve kad\u0131n 50 bin masumun kan\u0131 \u00fczerinden oy hesab\u0131 g\u00fcdenleri \u00f6nce Allah\u2019a sonra da aziz milletimizin vicdan\u0131na havale ediyoruz. \u015eahs\u0131m\u0131za, partimize ve iktidar\u0131m\u0131za i\u015fbirlik\u00e7i iftiras\u0131 atanlar, \u00f6nce gitsinler, Filistin direni\u015fine ter\u00f6r yaftas\u0131 vuranlarla kurduklar\u0131 i\u015fbirli\u011fini sorgulas\u0131nlar. 14-28 May\u0131s\u00a0se\u00e7im\u00a0s\u00fcrecinde Suriyeli mazlumlara y\u00f6nelik \u0131rk\u00e7\u0131 s\u00f6ylemlere sessiz kalmalar\u0131n\u0131n hesab\u0131n\u0131 versinler. Kimse kusura bakmas\u0131n, bizim Filistin davas\u0131na sa\u011flad\u0131\u011f\u0131m\u0131z deste\u011fin zekat\u0131 bile bunlar\u0131n tamam\u0131n\u0131n yapt\u0131klar\u0131ndan katbekat fazlad\u0131r. \u015eunu \u00e7ok net belirtmek durumunday\u0131m. T\u00fcrkiye, Filistin, Gazze ve L\u00fcbnan i\u00e7in g\u00f6r\u00fcnenden, konu\u015fulandan, bas\u0131na yans\u0131yandan \u00e7ok daha fazlas\u0131n\u0131 yapmaktad\u0131r. Soyk\u0131r\u0131m duruncaya, Gazze ve Filistin tamamen \u00f6zg\u00fcrle\u015finceye kadar t\u00fcm g\u00fcc\u00fcm\u00fczle, t\u00fcm imkanlar\u0131m\u0131zla karde\u015flerimizin yan\u0131nda olaca\u011f\u0131z.\u201d<\/em><\/p>\n<p>Suudi Arabistan\u2019\u0131n ev sahipli\u011finde Riyad\u2019da d\u00fczenlenen \u0130slam \u0130\u015fbirli\u011fi Te\u015fkilat\u0131 ve Arap Ligi \u0130kinci Ola\u011fan\u00fcst\u00fc Ortak Zirvesindeki konu\u015fmalar\u0131nda bu dik ve dirayetli duru\u015fu yine \u00e7ok g\u00fc\u00e7l\u00fc bi\u00e7imde ortaya koyduklar\u0131n\u0131 hat\u0131rlatan Erdo\u011fan, Riyad toplant\u0131s\u0131nda Gazze\u2019deki katliam\u0131n durdurulmas\u0131 i\u00e7in T\u00fcrkiye\u2019nin att\u0131\u011f\u0131 ad\u0131mlardan ve insani yard\u0131m \u00e7abalar\u0131ndan bahsedildi\u011fini s\u00f6yledi.<\/p>\n<p>D\u00fcnya Liderleri \u0130klim Eylemi Zirvesi\u2019ne kat\u0131lmak \u00fczere gittikleri Azerbaycan\u2019\u0131n ba\u015fkenti Bak\u00fc\u2019de iklim krizinin yan\u0131nda Gazze\u2019deki \u0130srail barbarl\u0131\u011f\u0131n\u0131 da g\u00fcndeme getirdiklerini belirten Erdo\u011fan, burada ayr\u0131ca T\u00fcrkiye\u2019nin iklim de\u011fi\u015fikli\u011fiyle m\u00fccadele ve bu m\u00fccadelede att\u0131\u011f\u0131 ad\u0131mlar\u0131 anlatt\u0131\u011f\u0131n\u0131, e\u015fi Emine Erdo\u011fan\u2019\u0131n giri\u015fimleriyle ba\u015flat\u0131lan ve k\u0131sa s\u00fcrede k\u00fcresel bir projeye d\u00f6n\u00fc\u015fen S\u0131f\u0131r At\u0131k Hareketinin \u00f6nemini ifade ettiklerini s\u00f6yledi.<\/p>\n<p>Her iki zirvede pek \u00e7ok devlet ve h\u00fck\u00fcmet ba\u015fkan\u0131yla g\u00f6r\u00fc\u015fmeler yapt\u0131klar\u0131n\u0131, bunlar\u0131n tamam\u0131nda Gazze ve L\u00fcbnan\u2019daki katliamlara dikkati \u00e7ektiklerini aktaran Erdo\u011fan, \u201c14 Kas\u0131m\u2019da \u00fclkemize resmi ziyarette bulunan Katar Emiri \u015eeyh Temim ile g\u00f6r\u00fc\u015fmemizin ana konusu, ticari ve ekonomik ili\u015fkilerimizin yan\u0131 s\u0131ra Gazzeli ve L\u00fcbnanl\u0131 karde\u015flerimizin ya\u015fad\u0131klar\u0131 s\u0131k\u0131nt\u0131lard\u0131. Ayn\u0131 \u015fekilde 18-19 Kas\u0131m tarihleri aras\u0131nda Brezilya\u2019n\u0131n Rio \u015fehrinde d\u00fczenlenen G20 Liderler Zirvesi\u2019nde de Gazze soyk\u0131r\u0131m\u0131yla birlikte \u0130srail\u2019in i\u015fgal ve istila politikas\u0131n\u0131n \u00fclkemiz, b\u00f6lgemiz ve t\u00fcm d\u00fcnya i\u00e7in olu\u015fturdu\u011fu tehdidi t\u00fcm boyutlar\u0131yla muhataplar\u0131m\u0131za izah ettik\u201d diye konu\u015ftu.<\/p>\n<h2>\u201cZalimler kaybedecek, kazanan Filistin davas\u0131 olacakt\u0131r\u201d<\/h2>\n<p>Erdo\u011fan, t\u00fcm bunlar apa\u00e7\u0131k ortadayken Filistin meselesi konusunda T\u00fcrkiye\u2019yi haks\u0131zca ele\u015ftirmenin, bir hassasiyetin de\u011fil k\u00f6t\u00fc niyetin g\u00f6stergesi oldu\u011funa i\u015faret etti.<\/p>\n<p>\u201c\u015eehit edilen her Filistinli karde\u015fimizin ac\u0131s\u0131 herkes gibi bizim de y\u00fcre\u011fimizi da\u011fl\u0131yor.\u201d diyen Erdo\u011fan, \u015f\u00f6yle devam etti:<\/p>\n<p>\u201cS\u0131k\u0131\u015ft\u0131r\u0131ld\u0131klar\u0131 360 kilometrelik dar bir alanda bombalar\u0131n alt\u0131nda hayatta kalma m\u00fccadelesi veren karde\u015flerimizin dramlar\u0131, herkes gibi bizi de h\u00fcz\u00fcnlendiriyor. \u0130nsan haklar\u0131nda mangalda k\u00fcl b\u0131rakmayanlar\u0131n katliamlar\u0131n\u0131 s\u00fcrd\u00fcrmesi i\u00e7in \u0130srail\u2019e verdi\u011fi ko\u015fulsuz destek, herkes gibi bizi de \u00f6fkelendiriyor. Birle\u015fmi\u015f Milletler G\u00fcvenlik Konseyinden uluslararas\u0131 medya kurulu\u015flar\u0131na kadar elimizi att\u0131\u011f\u0131m\u0131z her yerde \u015fahit oldu\u011fumuz iki y\u00fczl\u00fcl\u00fck, herkes gibi bizim de umutlar\u0131m\u0131z\u0131 k\u0131r\u0131yor. Ama t\u00fcm bu olumsuzluklara ra\u011fmen y\u0131lmadan, siyonist lobinin bask\u0131lar\u0131na teslim olmadan, kimseden \u00e7ekinmeden, korkmadan Filistin halk\u0131na ve Gazzeli karde\u015flerimize destek oluyoruz, olmaya da devam edece\u011fiz. Hep s\u00f6yledi\u011fimiz gibi, \u2018men sabera zafera\u2019, sabreden zafere ula\u015f\u0131r. \u0130n\u015fallah Filistin halk\u0131 da bu zor g\u00fcnlerin sonunda feraha, bar\u0131\u015fa, huzura kavu\u015facak. Zalimler kaybedecek, kazanan Filistin davas\u0131 olacakt\u0131r.\u201d<\/p>\n<p>Soyk\u0131r\u0131m su\u00e7lular\u0131n\u0131n d\u00f6kt\u00fc\u011f\u00fc masum kanlar\u0131n hesab\u0131n\u0131 mutlaka adalete verece\u011fini vurgulayan Erdo\u011fan, \u201cUluslararas\u0131 Ceza Mahkemesinin \u0130srail Ba\u015fbakan\u0131 Netanyahu ve eski Savunma Bakan\u0131 Gallant hakk\u0131nda tutuklama emri \u00e7\u0131karmas\u0131, bu y\u00f6nde at\u0131lm\u0131\u015f \u00e7ok cesur bir ad\u0131md\u0131r. Netanyahu ve katliam \u015febekesi i\u00e7in \u00e7ember giderek daralmaktad\u0131r. Bu karar\u0131n uygulanmas\u0131, Roma Stat\u00fcs\u00fcne taraf \u00fclkeler i\u00e7in bir samimiyet testi te\u015fkil ediyor. Karar\u0131 uygulamakla y\u00fck\u00fcml\u00fc \u00fclkelerin \u00e7o\u011funun destek beyan etmesini bu bak\u0131mdan takdire \u015fayan buluyoruz. T\u00fcrkiye olarak biz de Uluslararas\u0131 Ceza Mahkemesinin ald\u0131\u011f\u0131 bu cesur karar\u0131 destekliyoruz.\u201d ifadelerini kulland\u0131.<\/p>\n<h2>\u201c3,5 milyon hanemizin ihtiyac\u0131n\u0131 kar\u015f\u0131l\u0131yoruz\u201d<\/h2>\n<p>Cumhurba\u015fkan\u0131 Erdo\u011fan, \u201cBOTA\u015e\u2019\u0131n kurulu\u015funun 50. y\u0131l d\u00f6n\u00fcm\u00fc m\u00fcnasebetiyle Anadolu Ajans\u0131m\u0131z\u0131n \u00f6nc\u00fcl\u00fc\u011f\u00fcnde Enerji Bakanl\u0131\u011f\u0131m\u0131z\u0131n deste\u011fiyle tertiplenen \u0130stanbul Energy Forumu, sekt\u00f6r\u00fcn gelece\u011fine ufuk \u00e7izen bir toplant\u0131 oldu. Enerjide tam ba\u011f\u0131ms\u0131z T\u00fcrkiye hedefimize bu do\u011frultuda emin ad\u0131mlarla ilerliyoruz\u201d ifadelerini kulland\u0131.<\/p>\n<p>Erdo\u011fan, madencili\u011fin gayrisafi yurt i\u00e7i has\u0131la i\u00e7indeki hacmini 20 y\u0131l gibi bir s\u00fcrede 4 kat\u0131na \u00e7\u0131kar\u0131p 2023\u2019te 270 milyar liraya ula\u015ft\u0131rd\u0131klar\u0131n\u0131 dile getirdi.<\/p>\n<p>Maden ihracat\u0131n\u0131 7 kat art\u0131rarak 2023\u2019te 5,7 milyar dolara \u00e7\u0131kard\u0131klar\u0131n\u0131 anlatan Erdo\u011fan, \u201c2024 y\u0131l\u0131nda bor \u00fcr\u00fcnlerinden y\u00fczde 97\u2019si ihracat olmak \u00fczere toplam 1,3 milyar dolar sat\u0131\u015f rakam\u0131n\u0131 yakalayaca\u011f\u0131z. Do\u011fal gazda Sakarya Gaz Sahas\u0131\u2019ndaki \u00fcretimimiz 7 milyon metrek\u00fcp\u00fc buldu. Di\u011fer sahalar\u0131m\u0131zla birlikte 3,5 milyon hanemizin ihtiyac\u0131n\u0131 kendi do\u011fal gaz \u00fcretimimizle kar\u015f\u0131l\u0131yoruz\u201d bilgisini verdi.<\/p>\n<h2>\u201cT\u00fcrkiye\u2019nin g\u00fcnl\u00fck \u00fcretti\u011fi petrol 155 bin varili ge\u00e7mi\u015ftir\u201d<\/h2>\n<p>Erdo\u011fan, b\u00f6l\u00fcc\u00fc ter\u00f6r \u00f6rg\u00fct\u00fcnden temizlenen b\u00f6lgelerde petrol arama sondaj \u00e7al\u0131\u015fmalar\u0131n\u0131n kesintisiz s\u00fcrd\u00fc\u011f\u00fcn\u00fc belirterek, \u015f\u00f6yle konu\u015ftu:<\/p>\n<p><em>\u201cMuhalefetin ke\u015ffimizi a\u00e7\u0131klad\u0131\u011f\u0131m\u0131zda, ak\u0131llar\u0131nca dalga ge\u00e7ti\u011fi Gabar\u2019daki petrol kuyular\u0131m\u0131zda g\u00fcnl\u00fck \u00fcretim miktar\u0131 57 bin varile y\u00fckseldi. 2024 y\u0131l\u0131nda \u015e\u0131rnak, Hakkari, Van ba\u015fta olmak \u00fczere toplam 84 sondaj\u0131 tamamlad\u0131k. Bu sondajlarda 66 milyon varillik yeni rezerv ke\u015ffettik. 2025 y\u0131l\u0131nda ise 143 arama sondaj\u0131 yapmay\u0131 hedefliyoruz. T\u00fcrkiye\u2019nin \u015fu an g\u00fcnl\u00fck \u00fcretti\u011fi petrol miktar\u0131 155 bin varili ge\u00e7mi\u015ftir. Son bir y\u0131lda yenilenebilir enerji kaynakl\u0131 elektrik \u00fcretimi neticesinde 11 milyar dolarl\u0131k do\u011fal gaz ithalat\u0131n\u0131 \u00f6nledik. \u00d6n\u00fcm\u00fczdeki 11 y\u0131lda r\u00fczgar ve g\u00fcne\u015f kurulu g\u00fcc\u00fcm\u00fcz\u00fc 4 kat art\u0131\u015fla 120 bin megavata y\u00fckseltmeyi hedefliyoruz. \u00dclkemizin 70 y\u0131ll\u0131k hayali olan N\u00fckleer Enerji Akkuyu Santrali Projemizi de ger\u00e7e\u011fe d\u00f6n\u00fc\u015ft\u00fcr\u00fcyoruz. Akkuyu Santrali devreye girdi\u011finde in\u015fallah T\u00fcrkiye\u2019nin elektrik ihtiyac\u0131n\u0131n y\u00fczde 10\u2019unu temin edecek. Rusya-Ukrayna sava\u015f\u0131 sebebiyle artan enerji ve emtia fiyatlar\u0131ndan vatanda\u015flar\u0131m\u0131z\u0131n olumsuz etkilenmemesi i\u00e7in her t\u00fcrl\u00fc tedbiri ald\u0131k.\u201d<\/em><\/p>\n<p>Vatanda\u015flar\u0131n elektrik ve do\u011fal gaz faturalar\u0131na 2023\u2019te 328 milyar lira, 2024 y\u0131l\u0131n\u0131n ilk 10 ay\u0131nda da 275 milyar lira destek olduklar\u0131n\u0131 aktaran Erdo\u011fan, halihaz\u0131rda meskenlerde kullan\u0131lan elektri\u011fe d\u00fc\u015f\u00fck kademede y\u00fczde 60, y\u00fcksek kademede y\u00fczde 40, do\u011fal gaza ise y\u00fczde 63 desek uyguland\u0131\u011f\u0131n\u0131 ifade etti.<\/p>\n<p>Dar gelirli vatanda\u015flara elektrik t\u00fcketim deste\u011fi kapsam\u0131nda, hanedeki ki\u015fi say\u0131s\u0131na g\u00f6re ayl\u0131k 150 kilovatsaat kadar destekleme yapt\u0131klar\u0131n\u0131 dile getiren Erdo\u011fan, \u201cY\u0131lba\u015f\u0131ndan beri 4,1 milyon haneye 8,1 milyar lira elektrik t\u00fcketim deste\u011fi, 654 bin haneye ise 1,4 milyar liral\u0131k do\u011fal gaz t\u00fcketim deste\u011fi verdik. Bu sene i\u00e7in de 1,6 milyon haneye toplam 1,4 milyon ton k\u00f6m\u00fcr da\u011f\u0131t\u0131m\u0131 yap\u0131yoruz. Bir taraftan enerjide yeni at\u0131l\u0131mlar ger\u00e7ekle\u015ftirirken di\u011fer taraftan da sosyal devlet vasf\u0131m\u0131z\u0131n gere\u011fini ifa etmeye \u00e7al\u0131\u015f\u0131yoruz\u201d diye konu\u015ftu.<\/p>\n<p>Bug\u00fcnk\u00fc kabine toplant\u0131s\u0131nda \u00e7al\u0131\u015fma-sosyal g\u00fcvenlikten d\u0131\u015f politikaya, i\u00e7i\u015flerinden savunma ve g\u00fcvenlik meselelerine kadar pek \u00e7ok konuyu de\u011ferlendirdiklerini aktaran Erdo\u011fan, bakanl\u0131klar\u0131n 2025 y\u0131l\u0131 b\u00fct\u00e7esine dair g\u00f6r\u00fc\u015fmelerinin, Plan ve B\u00fct\u00e7e Komisyonunda devam etti\u011fini belirtti.<\/p>\n<p>Halka hesap vermenin en \u00f6nemli ni\u015fanesi olan b\u00fct\u00e7e s\u00fcrecine Kabine olarak b\u00fcy\u00fck \u00f6nem atfettiklerini dile getiren Erdo\u011fan, burada, ge\u00e7en y\u0131l boyunca yapt\u0131klar\u0131n\u0131 tek tek anlat\u0131rken, gelecek y\u0131lla ilgili vizyon ve hedefleri de milletin temsilcileriyle payla\u015ft\u0131klar\u0131n\u0131 s\u00f6yledi.<\/p>\n<p>\u201cHer zaman s\u00f6yledi\u011fimiz gibi, bizim halk\u0131m\u0131zdan gizlimiz, sakl\u0131m\u0131z yoktur.\u201d diyen Erdo\u011fan, s\u00f6zlerini \u015f\u00f6yle s\u00fcrd\u00fcrd\u00fc:<\/p>\n<p><em>\u201cBizim hesab\u0131n\u0131 veremeyece\u011fimiz hi\u00e7bir i\u015fimiz de yoktur. H\u00fck\u00fcmetlerimizin alameti farikas\u0131 bug\u00fcne kadar daima \u015feffafl\u0131k ve hesap verebilirlik olmu\u015ftur. Muhalefetten gelen her \u00e7e\u015fit yap\u0131c\u0131 ele\u015ftiriye, tenkite, teklife, fikre a\u00e7\u0131k oldu\u011fumuzu defalarca vurgulad\u0131k. T\u00fcrkiye\u2019nin ufkunu a\u00e7an, yolunu ayd\u0131nlatan, millete ve memlekete hayr\u0131 dokunacak her \u00f6neriye kap\u0131m\u0131z\u0131 ard\u0131na kadar a\u00e7\u0131k tutuyoruz. Akif\u2019in ifadesiyle \u2018Yumu\u015fak ba\u015fl\u0131 isem zannetme ki uysal ba\u015fl\u0131 bir koyunum\/Kesilir belki fakat \u00e7ekmeye gelmez boynum.\u2019 Ama zorbal\u0131\u011fa, kabaday\u0131l\u0131\u011fa, komisyon bas\u0131p Gazi Meclisin \u00e7at\u0131s\u0131 alt\u0131nda ter\u00f6r estirilmesine de hi\u00e7bir surette eyvallah etmeyiz. Ge\u00e7ti\u011fimiz g\u00fcnlerde Meclisimizden yans\u0131yan sahneler, hepimizin y\u00fcz\u00fcn\u00fc k\u0131zartm\u0131\u015f, muhalefetin hizmet gibi bir derdinin olmad\u0131\u011f\u0131 ortaya \u00e7\u0131km\u0131\u015ft\u0131r. Genel Kurul safahat\u0131nda benzer k\u00f6t\u00fc sahnelerin ya\u015fanmamas\u0131 en b\u00fcy\u00fck temennimizdir. Herkesin sorumluluk duygusuyla hareket ederek, Gazi Meclisimizin milletimizin g\u00f6z\u00fcndeki konumuna g\u00f6lge d\u00fc\u015f\u00fcrmeyece\u011fine inan\u0131yorum.\u201d<\/em><\/p>\n<h2>\u201cHerkesin g\u00f6revi halk\u0131m\u0131za en iyi \u015fekilde hizmettir\u201d<\/h2>\n<p>Erdo\u011fan, kamu hizmetlerinin etkin ve verimli \u015fekilde y\u00fcr\u00fct\u00fclmesinin, e\u011fitim, sa\u011fl\u0131k, g\u0131da, ticaret gibi alanlar ba\u015fta olmak \u00fczere t\u00fcm hizmetlerin vatanda\u015flar\u0131n hak ve menfaatlerini koruyacak \u015fekilde icra edilmesinin \u00f6ncelikleri olmaya devam etti\u011fini vurgulad\u0131.<\/p>\n<p>Vatanda\u015flara hizmet veren her kurumun denetim ve tefti\u015fi konusunda bug\u00fcne kadar g\u00f6sterdikleri hassasiyetin kamuoyunun malumu oldu\u011funu hat\u0131rlatan Erdo\u011fan, \u201cAncak son g\u00fcnlerde kamuoyuna yans\u0131yan birtak\u0131m hadiselerde denetim ve yapt\u0131r\u0131m zafiyeti oldu\u011funa dair bir intiba olu\u015ftu. Bu alg\u0131n\u0131n \u00f6n\u00fcne ge\u00e7mekte kararl\u0131y\u0131z. Kim olursa olsun hi\u00e7 kimse hukuktan, nizamdan, kanunun kendisine y\u00fckledi\u011fi mesuliyetleri yerine getirmekten azade de\u011fildir. Devlet kadrolar\u0131 i\u00e7inde farkl\u0131 vas\u0131flarda \u00e7al\u0131\u015fan herkesin g\u00f6revi halk\u0131m\u0131za en iyi \u015fekilde hizmettir\u201d diye konu\u015ftu.<\/p>\n<p>T\u00fcrkiye Cumhuriyeti Devleti\u2019nin, 85 milyonun tamam\u0131n\u0131n hizmetinde, b\u00fct\u00fcn vatanda\u015flar\u0131n\u0131n emrinde oldu\u011funun alt\u0131n\u0131 \u00e7izen Erdo\u011fan, millete hizmetten ka\u00e7man\u0131n, halk\u0131n verdi\u011fi imkanlar\u0131 suistimal etmenin hi\u00e7bir mazereti olamayaca\u011f\u0131n\u0131, bulundu\u011fu konumu menfaat sa\u011flama vas\u0131tas\u0131 olarak g\u00f6renlere asla m\u00fcsamahayla yakla\u015famayacaklar\u0131n\u0131 ifade etti.<\/p>\n<h2>\u201cDenetim konusunu d\u00fczenleyen genelgeyi y\u00fcr\u00fcrl\u00fc\u011fe koyuyoruz\u201d<\/h2>\n<p>Cumhurba\u015fkan\u0131 Erdo\u011fan, \u201cBir s\u00fcredir milletimizden \u00e7ok\u00e7a \u015fikayet ald\u0131\u011f\u0131m\u0131z yetkisiz \u00e7akar ve tepe lambas\u0131 kullan\u0131m\u0131yla ilgili cezalar\u0131 art\u0131r\u0131yoruz. Ruhsats\u0131z ate\u015fli silahlar konusunda da kapsaml\u0131 bir d\u00fczenlemeyi hayata ge\u00e7iriyoruz. Her iki hususta da bundan sonra kimsenin g\u00f6z\u00fcn\u00fcn ya\u015f\u0131na bakmayaca\u011f\u0131z\u201d dedi.<\/p>\n<p>Kamu kurum ve kurulu\u015flar\u0131n\u0131n inceleme ve denetleme faaliyetlerinin daha etkin ve d\u00fczenli bir \u015fekilde y\u00fcr\u00fct\u00fclmesi amac\u0131yla bir ad\u0131m daha att\u0131klar\u0131n\u0131 bildiren Erdo\u011fan, \u015funlar\u0131 kaydetti:<\/p>\n<p><em>\u201cDenetim konusunu d\u00fczenleyen bir genelgeyi in\u015fallah bug\u00fcn y\u00fcr\u00fcrl\u00fc\u011fe koyuyoruz. Cumhurba\u015fkanl\u0131\u011f\u0131na ba\u011fl\u0131 Devlet Denetleme Kurulumuz tefti\u015f, rehberlik ve denetim faaliyetlerini bundan sonra \u00e7ok daha s\u0131k\u0131 takip edecek. Hatas\u0131, kusuru, ihmali, yanl\u0131\u015f\u0131 olan kim varsa bunun gere\u011finin yap\u0131lmas\u0131n\u0131 temin edecek. Ald\u0131\u011f\u0131m\u0131z kararlar\u0131n ve yapt\u0131\u011f\u0131m\u0131z isti\u015farelerin hay\u0131rl\u0131 olmas\u0131n\u0131 diliyorum.\u201d<\/em><\/p>\n<\/p><\/div>\n<p><script async\n                    defer\n                    crossorigin=\"anonymous\"\n                    src=\"https:\/\/connect.facebook.net\/tr_TR\/sdk.js#xfbml=1&#038;version=v3.3\"\n            ><\/script><\/p>\n","protected":false},"excerpt":{"rendered":"<p>TC Cumhurba\u015fkan\u0131 Recep Tayyip Erdo\u011fan Kabine Toplant\u0131s\u0131 sonras\u0131 a\u00e7\u0131klamalarda bulundu. Cumhurba\u015fkan\u0131 Erdo\u011fan, \u201cNetanyahu ve katliam \u015febekesi i\u00e7in \u00e7ember giderek daralmaktad\u0131r\u201d dedi. Erdo\u011fan, Cumhurba\u015fkanl\u0131\u011f\u0131 K\u00fclliyesi\u2019ndeki Kabine Toplant\u0131s\u0131\u2019n\u0131n ard\u0131ndan millete seslendi. Cumhurba\u015fkan\u0131 Erdo\u011fan, \u00f6\u011fretmenlerin 24 Kas\u0131m \u00d6\u011fretmenler G\u00fcn\u00fcn\u00fc tebrik etti. 23 Kas\u0131m\u2019da ger\u00e7ekle\u015ftirilen programla hem ulvi bir vazifeyi yerine getiren \u00f6\u011fretmenlerle bir araya geldiklerini hem de 20 [&hellip;]<\/p>\n","protected":false},"author":1,"featured_media":14326,"comment_status":"open","ping_status":"open","sticky":false,"template":"","format":"standard","meta":{"jnews-multi-image_gallery":[],"jnews_single_post":[],"jnews_primary_category":[],"jnews_social_meta":[],"jnews_override_counter":[],"footnotes":""},"categories":[5],"tags":[],"class_list":["post-14325","post","type-post","status-publish","format-standard","has-post-thumbnail","hentry","category-turkiye"],"yoast_head":"<!-- This site is optimized with the Yoast SEO plugin v27.4 - https:\/\/yoast.com\/product\/yoast-seo-wordpress\/ -->\n<title>Erdo\u011fan: Netanyahu ve katliam \u015febekesi i\u00e7in \u00e7ember giderek daralmaktad\u0131r - Kuzeyin Sesi<\/title>\n<meta name=\"robots\" content=\"index, follow, max-snippet:-1, max-image-preview:large, max-video-preview:-1\" \/>\n<link rel=\"canonical\" href=\"https:\/\/kuzeyinsesi.org\/index.php\/2024\/11\/26\/erdogan-netanyahu-ve-katliam-sebekesi-icin-cember-giderek-daralmaktadir\/\" \/>\n<meta property=\"og:locale\" content=\"tr_TR\" \/>\n<meta property=\"og:type\" content=\"article\" \/>\n<meta property=\"og:title\" content=\"Erdo\u011fan: Netanyahu ve katliam \u015febekesi i\u00e7in \u00e7ember giderek daralmaktad\u0131r - Kuzeyin Sesi\" \/>\n<meta property=\"og:description\" content=\"TC Cumhurba\u015fkan\u0131 Recep Tayyip Erdo\u011fan Kabine Toplant\u0131s\u0131 sonras\u0131 a\u00e7\u0131klamalarda bulundu. Cumhurba\u015fkan\u0131 Erdo\u011fan, \u201cNetanyahu ve katliam \u015febekesi i\u00e7in \u00e7ember giderek daralmaktad\u0131r\u201d dedi. Erdo\u011fan, Cumhurba\u015fkanl\u0131\u011f\u0131 K\u00fclliyesi\u2019ndeki Kabine Toplant\u0131s\u0131\u2019n\u0131n ard\u0131ndan millete seslendi. Cumhurba\u015fkan\u0131 Erdo\u011fan, \u00f6\u011fretmenlerin 24 Kas\u0131m \u00d6\u011fretmenler G\u00fcn\u00fcn\u00fc tebrik etti. 23 Kas\u0131m\u2019da ger\u00e7ekle\u015ftirilen programla hem ulvi bir vazifeyi yerine getiren \u00f6\u011fretmenlerle bir araya geldiklerini hem de 20 [&hellip;]\" \/>\n<meta property=\"og:url\" content=\"https:\/\/kuzeyinsesi.org\/index.php\/2024\/11\/26\/erdogan-netanyahu-ve-katliam-sebekesi-icin-cember-giderek-daralmaktadir\/\" \/>\n<meta property=\"og:site_name\" content=\"Kuzeyin Sesi\" \/>\n<meta property=\"article:publisher\" content=\"https:\/\/www.facebook.com\/kuzeyinsesii\" \/>\n<meta property=\"article:published_time\" content=\"2024-11-26T05:58:13+00:00\" \/>\n<meta property=\"og:image\" content=\"https:\/\/brtk.net\/wp-content\/uploads\/2024\/11\/26\/erdogan-24.jpg?ver=c6a89c6a6ffdd8d5738d5a1453368cd7\" \/>\n<meta name=\"author\" content=\"Kuzeyin Sesi\" \/>\n<meta name=\"twitter:card\" content=\"summary_large_image\" \/>\n<meta name=\"twitter:creator\" content=\"@kuzeyinsesii\" \/>\n<meta name=\"twitter:site\" content=\"@kuzeyinsesii\" \/>\n<meta name=\"twitter:label1\" content=\"Yazan:\" \/>\n\t<meta name=\"twitter:data1\" content=\"Kuzeyin Sesi\" \/>\n\t<meta name=\"twitter:label2\" content=\"Tahmini okuma s\u00fcresi\" \/>\n\t<meta name=\"twitter:data2\" content=\"15 dakika\" \/>\n<script type=\"application\/ld+json\" class=\"yoast-schema-graph\">{\"@context\":\"https:\\\/\\\/schema.org\",\"@graph\":[{\"@type\":\"Article\",\"@id\":\"https:\\\/\\\/kuzeyinsesi.org\\\/index.php\\\/2024\\\/11\\\/26\\\/erdogan-netanyahu-ve-katliam-sebekesi-icin-cember-giderek-daralmaktadir\\\/#article\",\"isPartOf\":{\"@id\":\"https:\\\/\\\/kuzeyinsesi.org\\\/index.php\\\/2024\\\/11\\\/26\\\/erdogan-netanyahu-ve-katliam-sebekesi-icin-cember-giderek-daralmaktadir\\\/\"},\"author\":{\"name\":\"Kuzeyin Sesi\",\"@id\":\"https:\\\/\\\/kuzeyinsesi.org\\\/#\\\/schema\\\/person\\\/9f859689cdf01485597712386e37f5aa\"},\"headline\":\"Erdo\u011fan: Netanyahu ve katliam \u015febekesi i\u00e7in \u00e7ember giderek daralmaktad\u0131r\",\"datePublished\":\"2024-11-26T05:58:13+00:00\",\"mainEntityOfPage\":{\"@id\":\"https:\\\/\\\/kuzeyinsesi.org\\\/index.php\\\/2024\\\/11\\\/26\\\/erdogan-netanyahu-ve-katliam-sebekesi-icin-cember-giderek-daralmaktadir\\\/\"},\"wordCount\":3087,\"commentCount\":0,\"image\":{\"@id\":\"https:\\\/\\\/kuzeyinsesi.org\\\/index.php\\\/2024\\\/11\\\/26\\\/erdogan-netanyahu-ve-katliam-sebekesi-icin-cember-giderek-daralmaktadir\\\/#primaryimage\"},\"thumbnailUrl\":\"https:\\\/\\\/kuzeyinsesi.org\\\/wp-content\\\/uploads\\\/2024\\\/11\\\/erdogan-24.jpg\",\"articleSection\":[\"T\u00fcrkiye\"],\"inLanguage\":\"tr\",\"potentialAction\":[{\"@type\":\"CommentAction\",\"name\":\"Comment\",\"target\":[\"https:\\\/\\\/kuzeyinsesi.org\\\/index.php\\\/2024\\\/11\\\/26\\\/erdogan-netanyahu-ve-katliam-sebekesi-icin-cember-giderek-daralmaktadir\\\/#respond\"]}]},{\"@type\":\"WebPage\",\"@id\":\"https:\\\/\\\/kuzeyinsesi.org\\\/index.php\\\/2024\\\/11\\\/26\\\/erdogan-netanyahu-ve-katliam-sebekesi-icin-cember-giderek-daralmaktadir\\\/\",\"url\":\"https:\\\/\\\/kuzeyinsesi.org\\\/index.php\\\/2024\\\/11\\\/26\\\/erdogan-netanyahu-ve-katliam-sebekesi-icin-cember-giderek-daralmaktadir\\\/\",\"name\":\"Erdo\u011fan: Netanyahu ve katliam \u015febekesi i\u00e7in \u00e7ember giderek daralmaktad\u0131r - Kuzeyin Sesi\",\"isPartOf\":{\"@id\":\"https:\\\/\\\/kuzeyinsesi.org\\\/#website\"},\"primaryImageOfPage\":{\"@id\":\"https:\\\/\\\/kuzeyinsesi.org\\\/index.php\\\/2024\\\/11\\\/26\\\/erdogan-netanyahu-ve-katliam-sebekesi-icin-cember-giderek-daralmaktadir\\\/#primaryimage\"},\"image\":{\"@id\":\"https:\\\/\\\/kuzeyinsesi.org\\\/index.php\\\/2024\\\/11\\\/26\\\/erdogan-netanyahu-ve-katliam-sebekesi-icin-cember-giderek-daralmaktadir\\\/#primaryimage\"},\"thumbnailUrl\":\"https:\\\/\\\/kuzeyinsesi.org\\\/wp-content\\\/uploads\\\/2024\\\/11\\\/erdogan-24.jpg\",\"datePublished\":\"2024-11-26T05:58:13+00:00\",\"author\":{\"@id\":\"https:\\\/\\\/kuzeyinsesi.org\\\/#\\\/schema\\\/person\\\/9f859689cdf01485597712386e37f5aa\"},\"breadcrumb\":{\"@id\":\"https:\\\/\\\/kuzeyinsesi.org\\\/index.php\\\/2024\\\/11\\\/26\\\/erdogan-netanyahu-ve-katliam-sebekesi-icin-cember-giderek-daralmaktadir\\\/#breadcrumb\"},\"inLanguage\":\"tr\",\"potentialAction\":[{\"@type\":\"ReadAction\",\"target\":[\"https:\\\/\\\/kuzeyinsesi.org\\\/index.php\\\/2024\\\/11\\\/26\\\/erdogan-netanyahu-ve-katliam-sebekesi-icin-cember-giderek-daralmaktadir\\\/\"]}]},{\"@type\":\"ImageObject\",\"inLanguage\":\"tr\",\"@id\":\"https:\\\/\\\/kuzeyinsesi.org\\\/index.php\\\/2024\\\/11\\\/26\\\/erdogan-netanyahu-ve-katliam-sebekesi-icin-cember-giderek-daralmaktadir\\\/#primaryimage\",\"url\":\"https:\\\/\\\/kuzeyinsesi.org\\\/wp-content\\\/uploads\\\/2024\\\/11\\\/erdogan-24.jpg\",\"contentUrl\":\"https:\\\/\\\/kuzeyinsesi.org\\\/wp-content\\\/uploads\\\/2024\\\/11\\\/erdogan-24.jpg\",\"width\":1280,\"height\":720},{\"@type\":\"BreadcrumbList\",\"@id\":\"https:\\\/\\\/kuzeyinsesi.org\\\/index.php\\\/2024\\\/11\\\/26\\\/erdogan-netanyahu-ve-katliam-sebekesi-icin-cember-giderek-daralmaktadir\\\/#breadcrumb\",\"itemListElement\":[{\"@type\":\"ListItem\",\"position\":1,\"name\":\"Anasayfa\",\"item\":\"https:\\\/\\\/kuzeyinsesi.org\\\/\"},{\"@type\":\"ListItem\",\"position\":2,\"name\":\"Erdo\u011fan: Netanyahu ve katliam \u015febekesi i\u00e7in \u00e7ember giderek daralmaktad\u0131r\"}]},{\"@type\":\"WebSite\",\"@id\":\"https:\\\/\\\/kuzeyinsesi.org\\\/#website\",\"url\":\"https:\\\/\\\/kuzeyinsesi.org\\\/\",\"name\":\"Kuzeyin Sesi\",\"description\":\"Do\u011fru Haberin Adresi\",\"potentialAction\":[{\"@type\":\"SearchAction\",\"target\":{\"@type\":\"EntryPoint\",\"urlTemplate\":\"https:\\\/\\\/kuzeyinsesi.org\\\/?s={search_term_string}\"},\"query-input\":{\"@type\":\"PropertyValueSpecification\",\"valueRequired\":true,\"valueName\":\"search_term_string\"}}],\"inLanguage\":\"tr\"},{\"@type\":\"Person\",\"@id\":\"https:\\\/\\\/kuzeyinsesi.org\\\/#\\\/schema\\\/person\\\/9f859689cdf01485597712386e37f5aa\",\"name\":\"Kuzeyin Sesi\",\"image\":{\"@type\":\"ImageObject\",\"inLanguage\":\"tr\",\"@id\":\"https:\\\/\\\/secure.gravatar.com\\\/avatar\\\/bab33852abfd8b282518d6ed81826833d77c3c882d9ab608add591ccace47a44?s=96&d=mm&r=g\",\"url\":\"https:\\\/\\\/secure.gravatar.com\\\/avatar\\\/bab33852abfd8b282518d6ed81826833d77c3c882d9ab608add591ccace47a44?s=96&d=mm&r=g\",\"contentUrl\":\"https:\\\/\\\/secure.gravatar.com\\\/avatar\\\/bab33852abfd8b282518d6ed81826833d77c3c882d9ab608add591ccace47a44?s=96&d=mm&r=g\",\"caption\":\"Kuzeyin Sesi\"},\"sameAs\":[\"https:\\\/\\\/kuzeyinsesi.org\"],\"url\":\"https:\\\/\\\/kuzeyinsesi.org\\\/index.php\\\/author\\\/guven\\\/\"}]}<\/script>\n<!-- \/ Yoast SEO plugin. -->","yoast_head_json":{"title":"Erdo\u011fan: Netanyahu ve katliam \u015febekesi i\u00e7in \u00e7ember giderek daralmaktad\u0131r - Kuzeyin Sesi","robots":{"index":"index","follow":"follow","max-snippet":"max-snippet:-1","max-image-preview":"max-image-preview:large","max-video-preview":"max-video-preview:-1"},"canonical":"https:\/\/kuzeyinsesi.org\/index.php\/2024\/11\/26\/erdogan-netanyahu-ve-katliam-sebekesi-icin-cember-giderek-daralmaktadir\/","og_locale":"tr_TR","og_type":"article","og_title":"Erdo\u011fan: Netanyahu ve katliam \u015febekesi i\u00e7in \u00e7ember giderek daralmaktad\u0131r - Kuzeyin Sesi","og_description":"TC Cumhurba\u015fkan\u0131 Recep Tayyip Erdo\u011fan Kabine Toplant\u0131s\u0131 sonras\u0131 a\u00e7\u0131klamalarda bulundu. Cumhurba\u015fkan\u0131 Erdo\u011fan, \u201cNetanyahu ve katliam \u015febekesi i\u00e7in \u00e7ember giderek daralmaktad\u0131r\u201d dedi. Erdo\u011fan, Cumhurba\u015fkanl\u0131\u011f\u0131 K\u00fclliyesi\u2019ndeki Kabine Toplant\u0131s\u0131\u2019n\u0131n ard\u0131ndan millete seslendi. Cumhurba\u015fkan\u0131 Erdo\u011fan, \u00f6\u011fretmenlerin 24 Kas\u0131m \u00d6\u011fretmenler G\u00fcn\u00fcn\u00fc tebrik etti. 23 Kas\u0131m\u2019da ger\u00e7ekle\u015ftirilen programla hem ulvi bir vazifeyi yerine getiren \u00f6\u011fretmenlerle bir araya geldiklerini hem de 20 [&hellip;]","og_url":"https:\/\/kuzeyinsesi.org\/index.php\/2024\/11\/26\/erdogan-netanyahu-ve-katliam-sebekesi-icin-cember-giderek-daralmaktadir\/","og_site_name":"Kuzeyin Sesi","article_publisher":"https:\/\/www.facebook.com\/kuzeyinsesii","article_published_time":"2024-11-26T05:58:13+00:00","og_image":[{"url":"https:\/\/brtk.net\/wp-content\/uploads\/2024\/11\/26\/erdogan-24.jpg?ver=c6a89c6a6ffdd8d5738d5a1453368cd7","type":"","width":"","height":""}],"author":"Kuzeyin Sesi","twitter_card":"summary_large_image","twitter_creator":"@kuzeyinsesii","twitter_site":"@kuzeyinsesii","twitter_misc":{"Yazan:":"Kuzeyin Sesi","Tahmini okuma s\u00fcresi":"15 dakika"},"schema":{"@context":"https:\/\/schema.org","@graph":[{"@type":"Article","@id":"https:\/\/kuzeyinsesi.org\/index.php\/2024\/11\/26\/erdogan-netanyahu-ve-katliam-sebekesi-icin-cember-giderek-daralmaktadir\/#article","isPartOf":{"@id":"https:\/\/kuzeyinsesi.org\/index.php\/2024\/11\/26\/erdogan-netanyahu-ve-katliam-sebekesi-icin-cember-giderek-daralmaktadir\/"},"author":{"name":"Kuzeyin Sesi","@id":"https:\/\/kuzeyinsesi.org\/#\/schema\/person\/9f859689cdf01485597712386e37f5aa"},"headline":"Erdo\u011fan: Netanyahu ve katliam \u015febekesi i\u00e7in \u00e7ember giderek daralmaktad\u0131r","datePublished":"2024-11-26T05:58:13+00:00","mainEntityOfPage":{"@id":"https:\/\/kuzeyinsesi.org\/index.php\/2024\/11\/26\/erdogan-netanyahu-ve-katliam-sebekesi-icin-cember-giderek-daralmaktadir\/"},"wordCount":3087,"commentCount":0,"image":{"@id":"https:\/\/kuzeyinsesi.org\/index.php\/2024\/11\/26\/erdogan-netanyahu-ve-katliam-sebekesi-icin-cember-giderek-daralmaktadir\/#primaryimage"},"thumbnailUrl":"https:\/\/kuzeyinsesi.org\/wp-content\/uploads\/2024\/11\/erdogan-24.jpg","articleSection":["T\u00fcrkiye"],"inLanguage":"tr","potentialAction":[{"@type":"CommentAction","name":"Comment","target":["https:\/\/kuzeyinsesi.org\/index.php\/2024\/11\/26\/erdogan-netanyahu-ve-katliam-sebekesi-icin-cember-giderek-daralmaktadir\/#respond"]}]},{"@type":"WebPage","@id":"https:\/\/kuzeyinsesi.org\/index.php\/2024\/11\/26\/erdogan-netanyahu-ve-katliam-sebekesi-icin-cember-giderek-daralmaktadir\/","url":"https:\/\/kuzeyinsesi.org\/index.php\/2024\/11\/26\/erdogan-netanyahu-ve-katliam-sebekesi-icin-cember-giderek-daralmaktadir\/","name":"Erdo\u011fan: Netanyahu ve katliam \u015febekesi i\u00e7in \u00e7ember giderek daralmaktad\u0131r - Kuzeyin Sesi","isPartOf":{"@id":"https:\/\/kuzeyinsesi.org\/#website"},"primaryImageOfPage":{"@id":"https:\/\/kuzeyinsesi.org\/index.php\/2024\/11\/26\/erdogan-netanyahu-ve-katliam-sebekesi-icin-cember-giderek-daralmaktadir\/#primaryimage"},"image":{"@id":"https:\/\/kuzeyinsesi.org\/index.php\/2024\/11\/26\/erdogan-netanyahu-ve-katliam-sebekesi-icin-cember-giderek-daralmaktadir\/#primaryimage"},"thumbnailUrl":"https:\/\/kuzeyinsesi.org\/wp-content\/uploads\/2024\/11\/erdogan-24.jpg","datePublished":"2024-11-26T05:58:13+00:00","author":{"@id":"https:\/\/kuzeyinsesi.org\/#\/schema\/person\/9f859689cdf01485597712386e37f5aa"},"breadcrumb":{"@id":"https:\/\/kuzeyinsesi.org\/index.php\/2024\/11\/26\/erdogan-netanyahu-ve-katliam-sebekesi-icin-cember-giderek-daralmaktadir\/#breadcrumb"},"inLanguage":"tr","potentialAction":[{"@type":"ReadAction","target":["https:\/\/kuzeyinsesi.org\/index.php\/2024\/11\/26\/erdogan-netanyahu-ve-katliam-sebekesi-icin-cember-giderek-daralmaktadir\/"]}]},{"@type":"ImageObject","inLanguage":"tr","@id":"https:\/\/kuzeyinsesi.org\/index.php\/2024\/11\/26\/erdogan-netanyahu-ve-katliam-sebekesi-icin-cember-giderek-daralmaktadir\/#primaryimage","url":"https:\/\/kuzeyinsesi.org\/wp-content\/uploads\/2024\/11\/erdogan-24.jpg","contentUrl":"https:\/\/kuzeyinsesi.org\/wp-content\/uploads\/2024\/11\/erdogan-24.jpg","width":1280,"height":720},{"@type":"BreadcrumbList","@id":"https:\/\/kuzeyinsesi.org\/index.php\/2024\/11\/26\/erdogan-netanyahu-ve-katliam-sebekesi-icin-cember-giderek-daralmaktadir\/#breadcrumb","itemListElement":[{"@type":"ListItem","position":1,"name":"Anasayfa","item":"https:\/\/kuzeyinsesi.org\/"},{"@type":"ListItem","position":2,"name":"Erdo\u011fan: Netanyahu ve katliam \u015febekesi i\u00e7in \u00e7ember giderek daralmaktad\u0131r"}]},{"@type":"WebSite","@id":"https:\/\/kuzeyinsesi.org\/#website","url":"https:\/\/kuzeyinsesi.org\/","name":"Kuzeyin Sesi","description":"Do\u011fru Haberin Adresi","potentialAction":[{"@type":"SearchAction","target":{"@type":"EntryPoint","urlTemplate":"https:\/\/kuzeyinsesi.org\/?s={search_term_string}"},"query-input":{"@type":"PropertyValueSpecification","valueRequired":true,"valueName":"search_term_string"}}],"inLanguage":"tr"},{"@type":"Person","@id":"https:\/\/kuzeyinsesi.org\/#\/schema\/person\/9f859689cdf01485597712386e37f5aa","name":"Kuzeyin Sesi","image":{"@type":"ImageObject","inLanguage":"tr","@id":"https:\/\/secure.gravatar.com\/avatar\/bab33852abfd8b282518d6ed81826833d77c3c882d9ab608add591ccace47a44?s=96&d=mm&r=g","url":"https:\/\/secure.gravatar.com\/avatar\/bab33852abfd8b282518d6ed81826833d77c3c882d9ab608add591ccace47a44?s=96&d=mm&r=g","contentUrl":"https:\/\/secure.gravatar.com\/avatar\/bab33852abfd8b282518d6ed81826833d77c3c882d9ab608add591ccace47a44?s=96&d=mm&r=g","caption":"Kuzeyin Sesi"},"sameAs":["https:\/\/kuzeyinsesi.org"],"url":"https:\/\/kuzeyinsesi.org\/index.php\/author\/guven\/"}]}},"_links":{"self":[{"href":"https:\/\/kuzeyinsesi.org\/index.php\/wp-json\/wp\/v2\/posts\/14325","targetHints":{"allow":["GET"]}}],"collection":[{"href":"https:\/\/kuzeyinsesi.org\/index.php\/wp-json\/wp\/v2\/posts"}],"about":[{"href":"https:\/\/kuzeyinsesi.org\/index.php\/wp-json\/wp\/v2\/types\/post"}],"author":[{"embeddable":true,"href":"https:\/\/kuzeyinsesi.org\/index.php\/wp-json\/wp\/v2\/users\/1"}],"replies":[{"embeddable":true,"href":"https:\/\/kuzeyinsesi.org\/index.php\/wp-json\/wp\/v2\/comments?post=14325"}],"version-history":[{"count":0,"href":"https:\/\/kuzeyinsesi.org\/index.php\/wp-json\/wp\/v2\/posts\/14325\/revisions"}],"wp:featuredmedia":[{"embeddable":true,"href":"https:\/\/kuzeyinsesi.org\/index.php\/wp-json\/wp\/v2\/media\/14326"}],"wp:attachment":[{"href":"https:\/\/kuzeyinsesi.org\/index.php\/wp-json\/wp\/v2\/media?parent=14325"}],"wp:term":[{"taxonomy":"category","embeddable":true,"href":"https:\/\/kuzeyinsesi.org\/index.php\/wp-json\/wp\/v2\/categories?post=14325"},{"taxonomy":"post_tag","embeddable":true,"href":"https:\/\/kuzeyinsesi.org\/index.php\/wp-json\/wp\/v2\/tags?post=14325"}],"curies":[{"name":"wp","href":"https:\/\/api.w.org\/{rel}","templated":true}]}}