{"id":14323,"date":"2024-11-26T07:34:29","date_gmt":"2024-11-26T05:34:29","guid":{"rendered":"https:\/\/kuzeyinsesi.org\/index.php\/2024\/11\/26\/med-forumunda-akdenizde-guvenlik-konusu-ve-turkiyenin-tezleri-ele-alindi-koramiral-payal-guney-kibris-rum-yonetimi-butun-adayi-temsil-etmiyor\/"},"modified":"2024-11-26T07:34:29","modified_gmt":"2024-11-26T05:34:29","slug":"med-forumunda-akdenizde-guvenlik-konusu-ve-turkiyenin-tezleri-ele-alindi-koramiral-payal-guney-kibris-rum-yonetimi-butun-adayi-temsil-etmiyor","status":"publish","type":"post","link":"https:\/\/kuzeyinsesi.org\/index.php\/2024\/11\/26\/med-forumunda-akdenizde-guvenlik-konusu-ve-turkiyenin-tezleri-ele-alindi-koramiral-payal-guney-kibris-rum-yonetimi-butun-adayi-temsil-etmiyor\/","title":{"rendered":"MED Forumu\u2019nda Akdeniz\u2019de g\u00fcvenlik konusu ve T\u00fcrkiye\u2019nin tezleri ele al\u0131nd\u0131.. Koramiral Payal: G\u00fcney K\u0131br\u0131s Rum Y\u00f6netimi, b\u00fct\u00fcn aday\u0131 temsil etmiyor"},"content":{"rendered":"<div>\n<div class=\"mariselle-image-container center\">\n                                            <\/div>\n<p>\u0130talya merkezli d\u00fc\u015f\u00fcnce kurulu\u015fu Uluslararas\u0131 Siyasi \u00c7al\u0131\u015fmalar Enstit\u00fcs\u00fcn\u00fcn (ISPI), \u0130talya D\u0131\u015fi\u015fleri Bakanl\u0131\u011f\u0131n\u0131n katk\u0131lar\u0131yla bu y\u0131l Roma\u2019da 10\u2019uncusunu d\u00fczenledi\u011fi \u201cMED Akdeniz Diyalog Forumu\u201dnda ilk g\u00fcn panelleri tamamland\u0131.<br \/>Waldorf Astoria Oteli\u2019ndeki forumda, \u201cAkdeniz\u2019de Deniz G\u00fcc\u00fc: K\u00fcresel Etkiyi \u015eekillendirmek\u201d ba\u015fl\u0131kl\u0131 bir panel yap\u0131ld\u0131.<\/p>\n<p>T\u00fcrk Deniz Kuvvetleri Kurmay Ba\u015fkan\u0131 Koramiral Yal\u00e7\u0131n Payal, panelde yapt\u0131\u011f\u0131 konu\u015fmada,  K\u0131br\u0131s T\u00fcrk Halk\u0131n\u0131n Akdeniz\u2019deki haklar\u0131n\u0131n g\u00f6rmezden gelinemeyece\u011fine vurgu yapt\u0131. <\/p>\n<p>Payal, \u201cB\u00f6lgede at\u0131lacak b\u00fct\u00fcn ad\u0131mlar, k\u0131y\u0131da\u015f devletlerle isti\u015fare edilerek at\u0131lmal\u0131. T\u00fcrkiye i\u00e7in \u00f6nemli olan iki \u015fey var: Bir; deniz yetki alanlar\u0131n\u0131n adil bi\u00e7imde belirlenmesi, ikincisi de K\u0131br\u0131sl\u0131 T\u00fcrklerin haklar\u0131n\u0131n verilmesi. \u00c7\u00fcnk\u00fc G\u00fcney K\u0131br\u0131s Rum Y\u00f6netimi, b\u00fct\u00fcn aday\u0131 ve K\u0131br\u0131sl\u0131 T\u00fcrkleri temsil etmiyor.\u201d diye konu\u015ftu.<\/p>\n<p>T\u00fcrkiye\u2019nin Do\u011fu Akdeniz\u2019e en uzun k\u0131y\u0131ya sahip \u00fclkesi oldu\u011funu vurgulayan Payal, \u201cBuna ra\u011fmen baz\u0131 devletler, T\u00fcrkiye\u2019nin hak etti\u011finden daha az bir deniz yetki alan\u0131 almas\u0131n\u0131 ama\u00e7l\u0131yor. T\u00fcrkiye\u2019yi b\u00f6lgede me\u015fru deniz yetki alanlar\u0131 belirlenmesinin d\u0131\u015f\u0131nda tutacak herhangi bir giri\u015fimin kabul edilemez oldu\u011fu dikkate al\u0131nmal\u0131d\u0131r.\u201d dedi.<\/p>\n<p>K\u0131br\u0131s\u2019ta 50 y\u0131ld\u0131r bar\u0131\u015f oldu\u011funu ve K\u0131br\u0131s T\u00fcrk halk\u0131n\u0131n kendini g\u00fcvende ve e\u015fit derecede egemen olaca\u011f\u0131 iki devletli modelden yana olduklar\u0131n\u0131 belirten Koramiral Payal, \u201cM\u00fcttefiklerimizin ve ortaklar\u0131m\u0131z\u0131n, adadaki mevcut bar\u0131\u015f\u00e7\u0131l durumu riske atan giri\u015fimlerin bir par\u00e7as\u0131 veya taraf\u0131 olmamalar\u0131n\u0131 kritik bir mesele olarak g\u00f6r\u00fcyoruz.\u201d dedi.<\/p>\n<\/p><\/div>\n<p><script async\n                    defer\n                    crossorigin=\"anonymous\"\n                    src=\"https:\/\/connect.facebook.net\/tr_TR\/sdk.js#xfbml=1&#038;version=v3.3\"\n            ><\/script><\/p>\n","protected":false},"excerpt":{"rendered":"<p>\u0130talya merkezli d\u00fc\u015f\u00fcnce kurulu\u015fu Uluslararas\u0131 Siyasi \u00c7al\u0131\u015fmalar Enstit\u00fcs\u00fcn\u00fcn (ISPI), \u0130talya D\u0131\u015fi\u015fleri Bakanl\u0131\u011f\u0131n\u0131n katk\u0131lar\u0131yla bu y\u0131l Roma\u2019da 10\u2019uncusunu d\u00fczenledi\u011fi \u201cMED Akdeniz Diyalog Forumu\u201dnda ilk g\u00fcn panelleri tamamland\u0131.Waldorf Astoria Oteli\u2019ndeki forumda, \u201cAkdeniz\u2019de Deniz G\u00fcc\u00fc: K\u00fcresel Etkiyi \u015eekillendirmek\u201d ba\u015fl\u0131kl\u0131 bir panel yap\u0131ld\u0131. T\u00fcrk Deniz Kuvvetleri Kurmay Ba\u015fkan\u0131 Koramiral Yal\u00e7\u0131n Payal, panelde yapt\u0131\u011f\u0131 konu\u015fmada, K\u0131br\u0131s T\u00fcrk Halk\u0131n\u0131n Akdeniz\u2019deki haklar\u0131n\u0131n [&hellip;]<\/p>\n","protected":false},"author":1,"featured_media":14324,"comment_status":"open","ping_status":"open","sticky":false,"template":"","format":"standard","meta":{"jnews-multi-image_gallery":[],"jnews_single_post":[],"jnews_primary_category":[],"jnews_social_meta":[],"jnews_override_counter":[],"footnotes":""},"categories":[5],"tags":[],"class_list":["post-14323","post","type-post","status-publish","format-standard","has-post-thumbnail","hentry","category-turkiye"],"yoast_head":"<!-- This site is optimized with the Yoast SEO plugin v27.4 - https:\/\/yoast.com\/product\/yoast-seo-wordpress\/ -->\n<title>MED Forumu\u2019nda Akdeniz\u2019de g\u00fcvenlik konusu ve T\u00fcrkiye\u2019nin tezleri ele al\u0131nd\u0131.. Koramiral Payal: G\u00fcney K\u0131br\u0131s Rum Y\u00f6netimi, b\u00fct\u00fcn aday\u0131 temsil etmiyor - Kuzeyin Sesi<\/title>\n<meta name=\"robots\" content=\"index, follow, max-snippet:-1, max-image-preview:large, max-video-preview:-1\" \/>\n<link rel=\"canonical\" href=\"https:\/\/kuzeyinsesi.org\/index.php\/2024\/11\/26\/med-forumunda-akdenizde-guvenlik-konusu-ve-turkiyenin-tezleri-ele-alindi-koramiral-payal-guney-kibris-rum-yonetimi-butun-adayi-temsil-etmiyor\/\" \/>\n<meta property=\"og:locale\" content=\"tr_TR\" \/>\n<meta property=\"og:type\" content=\"article\" \/>\n<meta property=\"og:title\" content=\"MED Forumu\u2019nda Akdeniz\u2019de g\u00fcvenlik konusu ve T\u00fcrkiye\u2019nin tezleri ele al\u0131nd\u0131.. Koramiral Payal: G\u00fcney K\u0131br\u0131s Rum Y\u00f6netimi, b\u00fct\u00fcn aday\u0131 temsil etmiyor - Kuzeyin Sesi\" \/>\n<meta property=\"og:description\" content=\"\u0130talya merkezli d\u00fc\u015f\u00fcnce kurulu\u015fu Uluslararas\u0131 Siyasi \u00c7al\u0131\u015fmalar Enstit\u00fcs\u00fcn\u00fcn (ISPI), \u0130talya D\u0131\u015fi\u015fleri Bakanl\u0131\u011f\u0131n\u0131n katk\u0131lar\u0131yla bu y\u0131l Roma\u2019da 10\u2019uncusunu d\u00fczenledi\u011fi \u201cMED Akdeniz Diyalog Forumu\u201dnda ilk g\u00fcn panelleri tamamland\u0131.Waldorf Astoria Oteli\u2019ndeki forumda, \u201cAkdeniz\u2019de Deniz G\u00fcc\u00fc: K\u00fcresel Etkiyi \u015eekillendirmek\u201d ba\u015fl\u0131kl\u0131 bir panel yap\u0131ld\u0131. T\u00fcrk Deniz Kuvvetleri Kurmay Ba\u015fkan\u0131 Koramiral Yal\u00e7\u0131n Payal, panelde yapt\u0131\u011f\u0131 konu\u015fmada, K\u0131br\u0131s T\u00fcrk Halk\u0131n\u0131n Akdeniz\u2019deki haklar\u0131n\u0131n [&hellip;]\" \/>\n<meta property=\"og:url\" content=\"https:\/\/kuzeyinsesi.org\/index.php\/2024\/11\/26\/med-forumunda-akdenizde-guvenlik-konusu-ve-turkiyenin-tezleri-ele-alindi-koramiral-payal-guney-kibris-rum-yonetimi-butun-adayi-temsil-etmiyor\/\" \/>\n<meta property=\"og:site_name\" content=\"Kuzeyin Sesi\" \/>\n<meta property=\"article:publisher\" content=\"https:\/\/www.facebook.com\/kuzeyinsesii\" \/>\n<meta property=\"article:published_time\" content=\"2024-11-26T05:34:29+00:00\" \/>\n<meta property=\"og:image\" content=\"https:\/\/brtk.net\/wp-content\/uploads\/2024\/11\/26\/turk-2611202495854a99.jpg?ver=0f4f607cc18f1fea0e8211f9d8302f42\" \/>\n<meta name=\"author\" content=\"Kuzeyin Sesi\" \/>\n<meta name=\"twitter:card\" content=\"summary_large_image\" \/>\n<meta name=\"twitter:creator\" content=\"@kuzeyinsesii\" \/>\n<meta name=\"twitter:site\" content=\"@kuzeyinsesii\" \/>\n<meta name=\"twitter:label1\" content=\"Yazan:\" \/>\n\t<meta name=\"twitter:data1\" content=\"Kuzeyin Sesi\" \/>\n\t<meta name=\"twitter:label2\" content=\"Tahmini okuma s\u00fcresi\" \/>\n\t<meta name=\"twitter:data2\" content=\"2 dakika\" \/>\n<script type=\"application\/ld+json\" class=\"yoast-schema-graph\">{\"@context\":\"https:\\\/\\\/schema.org\",\"@graph\":[{\"@type\":\"Article\",\"@id\":\"https:\\\/\\\/kuzeyinsesi.org\\\/index.php\\\/2024\\\/11\\\/26\\\/med-forumunda-akdenizde-guvenlik-konusu-ve-turkiyenin-tezleri-ele-alindi-koramiral-payal-guney-kibris-rum-yonetimi-butun-adayi-temsil-etmiyor\\\/#article\",\"isPartOf\":{\"@id\":\"https:\\\/\\\/kuzeyinsesi.org\\\/index.php\\\/2024\\\/11\\\/26\\\/med-forumunda-akdenizde-guvenlik-konusu-ve-turkiyenin-tezleri-ele-alindi-koramiral-payal-guney-kibris-rum-yonetimi-butun-adayi-temsil-etmiyor\\\/\"},\"author\":{\"name\":\"Kuzeyin Sesi\",\"@id\":\"https:\\\/\\\/kuzeyinsesi.org\\\/#\\\/schema\\\/person\\\/9f859689cdf01485597712386e37f5aa\"},\"headline\":\"MED Forumu\u2019nda Akdeniz\u2019de g\u00fcvenlik konusu ve T\u00fcrkiye\u2019nin tezleri ele al\u0131nd\u0131.. Koramiral Payal: G\u00fcney K\u0131br\u0131s Rum Y\u00f6netimi, b\u00fct\u00fcn aday\u0131 temsil etmiyor\",\"datePublished\":\"2024-11-26T05:34:29+00:00\",\"mainEntityOfPage\":{\"@id\":\"https:\\\/\\\/kuzeyinsesi.org\\\/index.php\\\/2024\\\/11\\\/26\\\/med-forumunda-akdenizde-guvenlik-konusu-ve-turkiyenin-tezleri-ele-alindi-koramiral-payal-guney-kibris-rum-yonetimi-butun-adayi-temsil-etmiyor\\\/\"},\"wordCount\":340,\"commentCount\":0,\"image\":{\"@id\":\"https:\\\/\\\/kuzeyinsesi.org\\\/index.php\\\/2024\\\/11\\\/26\\\/med-forumunda-akdenizde-guvenlik-konusu-ve-turkiyenin-tezleri-ele-alindi-koramiral-payal-guney-kibris-rum-yonetimi-butun-adayi-temsil-etmiyor\\\/#primaryimage\"},\"thumbnailUrl\":\"https:\\\/\\\/kuzeyinsesi.org\\\/wp-content\\\/uploads\\\/2024\\\/11\\\/turk-2611202495854a99.jpg\",\"articleSection\":[\"T\u00fcrkiye\"],\"inLanguage\":\"tr\",\"potentialAction\":[{\"@type\":\"CommentAction\",\"name\":\"Comment\",\"target\":[\"https:\\\/\\\/kuzeyinsesi.org\\\/index.php\\\/2024\\\/11\\\/26\\\/med-forumunda-akdenizde-guvenlik-konusu-ve-turkiyenin-tezleri-ele-alindi-koramiral-payal-guney-kibris-rum-yonetimi-butun-adayi-temsil-etmiyor\\\/#respond\"]}]},{\"@type\":\"WebPage\",\"@id\":\"https:\\\/\\\/kuzeyinsesi.org\\\/index.php\\\/2024\\\/11\\\/26\\\/med-forumunda-akdenizde-guvenlik-konusu-ve-turkiyenin-tezleri-ele-alindi-koramiral-payal-guney-kibris-rum-yonetimi-butun-adayi-temsil-etmiyor\\\/\",\"url\":\"https:\\\/\\\/kuzeyinsesi.org\\\/index.php\\\/2024\\\/11\\\/26\\\/med-forumunda-akdenizde-guvenlik-konusu-ve-turkiyenin-tezleri-ele-alindi-koramiral-payal-guney-kibris-rum-yonetimi-butun-adayi-temsil-etmiyor\\\/\",\"name\":\"MED Forumu\u2019nda Akdeniz\u2019de g\u00fcvenlik konusu ve T\u00fcrkiye\u2019nin tezleri ele al\u0131nd\u0131.. Koramiral Payal: G\u00fcney K\u0131br\u0131s Rum Y\u00f6netimi, b\u00fct\u00fcn aday\u0131 temsil etmiyor - Kuzeyin Sesi\",\"isPartOf\":{\"@id\":\"https:\\\/\\\/kuzeyinsesi.org\\\/#website\"},\"primaryImageOfPage\":{\"@id\":\"https:\\\/\\\/kuzeyinsesi.org\\\/index.php\\\/2024\\\/11\\\/26\\\/med-forumunda-akdenizde-guvenlik-konusu-ve-turkiyenin-tezleri-ele-alindi-koramiral-payal-guney-kibris-rum-yonetimi-butun-adayi-temsil-etmiyor\\\/#primaryimage\"},\"image\":{\"@id\":\"https:\\\/\\\/kuzeyinsesi.org\\\/index.php\\\/2024\\\/11\\\/26\\\/med-forumunda-akdenizde-guvenlik-konusu-ve-turkiyenin-tezleri-ele-alindi-koramiral-payal-guney-kibris-rum-yonetimi-butun-adayi-temsil-etmiyor\\\/#primaryimage\"},\"thumbnailUrl\":\"https:\\\/\\\/kuzeyinsesi.org\\\/wp-content\\\/uploads\\\/2024\\\/11\\\/turk-2611202495854a99.jpg\",\"datePublished\":\"2024-11-26T05:34:29+00:00\",\"author\":{\"@id\":\"https:\\\/\\\/kuzeyinsesi.org\\\/#\\\/schema\\\/person\\\/9f859689cdf01485597712386e37f5aa\"},\"breadcrumb\":{\"@id\":\"https:\\\/\\\/kuzeyinsesi.org\\\/index.php\\\/2024\\\/11\\\/26\\\/med-forumunda-akdenizde-guvenlik-konusu-ve-turkiyenin-tezleri-ele-alindi-koramiral-payal-guney-kibris-rum-yonetimi-butun-adayi-temsil-etmiyor\\\/#breadcrumb\"},\"inLanguage\":\"tr\",\"potentialAction\":[{\"@type\":\"ReadAction\",\"target\":[\"https:\\\/\\\/kuzeyinsesi.org\\\/index.php\\\/2024\\\/11\\\/26\\\/med-forumunda-akdenizde-guvenlik-konusu-ve-turkiyenin-tezleri-ele-alindi-koramiral-payal-guney-kibris-rum-yonetimi-butun-adayi-temsil-etmiyor\\\/\"]}]},{\"@type\":\"ImageObject\",\"inLanguage\":\"tr\",\"@id\":\"https:\\\/\\\/kuzeyinsesi.org\\\/index.php\\\/2024\\\/11\\\/26\\\/med-forumunda-akdenizde-guvenlik-konusu-ve-turkiyenin-tezleri-ele-alindi-koramiral-payal-guney-kibris-rum-yonetimi-butun-adayi-temsil-etmiyor\\\/#primaryimage\",\"url\":\"https:\\\/\\\/kuzeyinsesi.org\\\/wp-content\\\/uploads\\\/2024\\\/11\\\/turk-2611202495854a99.jpg\",\"contentUrl\":\"https:\\\/\\\/kuzeyinsesi.org\\\/wp-content\\\/uploads\\\/2024\\\/11\\\/turk-2611202495854a99.jpg\",\"width\":800,\"height\":449},{\"@type\":\"BreadcrumbList\",\"@id\":\"https:\\\/\\\/kuzeyinsesi.org\\\/index.php\\\/2024\\\/11\\\/26\\\/med-forumunda-akdenizde-guvenlik-konusu-ve-turkiyenin-tezleri-ele-alindi-koramiral-payal-guney-kibris-rum-yonetimi-butun-adayi-temsil-etmiyor\\\/#breadcrumb\",\"itemListElement\":[{\"@type\":\"ListItem\",\"position\":1,\"name\":\"Anasayfa\",\"item\":\"https:\\\/\\\/kuzeyinsesi.org\\\/\"},{\"@type\":\"ListItem\",\"position\":2,\"name\":\"MED Forumu\u2019nda Akdeniz\u2019de g\u00fcvenlik konusu ve T\u00fcrkiye\u2019nin tezleri ele al\u0131nd\u0131.. Koramiral Payal: G\u00fcney K\u0131br\u0131s Rum Y\u00f6netimi, b\u00fct\u00fcn aday\u0131 temsil etmiyor\"}]},{\"@type\":\"WebSite\",\"@id\":\"https:\\\/\\\/kuzeyinsesi.org\\\/#website\",\"url\":\"https:\\\/\\\/kuzeyinsesi.org\\\/\",\"name\":\"Kuzeyin Sesi\",\"description\":\"Do\u011fru Haberin Adresi\",\"potentialAction\":[{\"@type\":\"SearchAction\",\"target\":{\"@type\":\"EntryPoint\",\"urlTemplate\":\"https:\\\/\\\/kuzeyinsesi.org\\\/?s={search_term_string}\"},\"query-input\":{\"@type\":\"PropertyValueSpecification\",\"valueRequired\":true,\"valueName\":\"search_term_string\"}}],\"inLanguage\":\"tr\"},{\"@type\":\"Person\",\"@id\":\"https:\\\/\\\/kuzeyinsesi.org\\\/#\\\/schema\\\/person\\\/9f859689cdf01485597712386e37f5aa\",\"name\":\"Kuzeyin Sesi\",\"image\":{\"@type\":\"ImageObject\",\"inLanguage\":\"tr\",\"@id\":\"https:\\\/\\\/secure.gravatar.com\\\/avatar\\\/bab33852abfd8b282518d6ed81826833d77c3c882d9ab608add591ccace47a44?s=96&d=mm&r=g\",\"url\":\"https:\\\/\\\/secure.gravatar.com\\\/avatar\\\/bab33852abfd8b282518d6ed81826833d77c3c882d9ab608add591ccace47a44?s=96&d=mm&r=g\",\"contentUrl\":\"https:\\\/\\\/secure.gravatar.com\\\/avatar\\\/bab33852abfd8b282518d6ed81826833d77c3c882d9ab608add591ccace47a44?s=96&d=mm&r=g\",\"caption\":\"Kuzeyin Sesi\"},\"sameAs\":[\"https:\\\/\\\/kuzeyinsesi.org\"],\"url\":\"https:\\\/\\\/kuzeyinsesi.org\\\/index.php\\\/author\\\/guven\\\/\"}]}<\/script>\n<!-- \/ Yoast SEO plugin. -->","yoast_head_json":{"title":"MED Forumu\u2019nda Akdeniz\u2019de g\u00fcvenlik konusu ve T\u00fcrkiye\u2019nin tezleri ele al\u0131nd\u0131.. Koramiral Payal: G\u00fcney K\u0131br\u0131s Rum Y\u00f6netimi, b\u00fct\u00fcn aday\u0131 temsil etmiyor - Kuzeyin Sesi","robots":{"index":"index","follow":"follow","max-snippet":"max-snippet:-1","max-image-preview":"max-image-preview:large","max-video-preview":"max-video-preview:-1"},"canonical":"https:\/\/kuzeyinsesi.org\/index.php\/2024\/11\/26\/med-forumunda-akdenizde-guvenlik-konusu-ve-turkiyenin-tezleri-ele-alindi-koramiral-payal-guney-kibris-rum-yonetimi-butun-adayi-temsil-etmiyor\/","og_locale":"tr_TR","og_type":"article","og_title":"MED Forumu\u2019nda Akdeniz\u2019de g\u00fcvenlik konusu ve T\u00fcrkiye\u2019nin tezleri ele al\u0131nd\u0131.. Koramiral Payal: G\u00fcney K\u0131br\u0131s Rum Y\u00f6netimi, b\u00fct\u00fcn aday\u0131 temsil etmiyor - Kuzeyin Sesi","og_description":"\u0130talya merkezli d\u00fc\u015f\u00fcnce kurulu\u015fu Uluslararas\u0131 Siyasi \u00c7al\u0131\u015fmalar Enstit\u00fcs\u00fcn\u00fcn (ISPI), \u0130talya D\u0131\u015fi\u015fleri Bakanl\u0131\u011f\u0131n\u0131n katk\u0131lar\u0131yla bu y\u0131l Roma\u2019da 10\u2019uncusunu d\u00fczenledi\u011fi \u201cMED Akdeniz Diyalog Forumu\u201dnda ilk g\u00fcn panelleri tamamland\u0131.Waldorf Astoria Oteli\u2019ndeki forumda, \u201cAkdeniz\u2019de Deniz G\u00fcc\u00fc: K\u00fcresel Etkiyi \u015eekillendirmek\u201d ba\u015fl\u0131kl\u0131 bir panel yap\u0131ld\u0131. T\u00fcrk Deniz Kuvvetleri Kurmay Ba\u015fkan\u0131 Koramiral Yal\u00e7\u0131n Payal, panelde yapt\u0131\u011f\u0131 konu\u015fmada, K\u0131br\u0131s T\u00fcrk Halk\u0131n\u0131n Akdeniz\u2019deki haklar\u0131n\u0131n [&hellip;]","og_url":"https:\/\/kuzeyinsesi.org\/index.php\/2024\/11\/26\/med-forumunda-akdenizde-guvenlik-konusu-ve-turkiyenin-tezleri-ele-alindi-koramiral-payal-guney-kibris-rum-yonetimi-butun-adayi-temsil-etmiyor\/","og_site_name":"Kuzeyin Sesi","article_publisher":"https:\/\/www.facebook.com\/kuzeyinsesii","article_published_time":"2024-11-26T05:34:29+00:00","og_image":[{"url":"https:\/\/brtk.net\/wp-content\/uploads\/2024\/11\/26\/turk-2611202495854a99.jpg?ver=0f4f607cc18f1fea0e8211f9d8302f42","type":"","width":"","height":""}],"author":"Kuzeyin Sesi","twitter_card":"summary_large_image","twitter_creator":"@kuzeyinsesii","twitter_site":"@kuzeyinsesii","twitter_misc":{"Yazan:":"Kuzeyin Sesi","Tahmini okuma s\u00fcresi":"2 dakika"},"schema":{"@context":"https:\/\/schema.org","@graph":[{"@type":"Article","@id":"https:\/\/kuzeyinsesi.org\/index.php\/2024\/11\/26\/med-forumunda-akdenizde-guvenlik-konusu-ve-turkiyenin-tezleri-ele-alindi-koramiral-payal-guney-kibris-rum-yonetimi-butun-adayi-temsil-etmiyor\/#article","isPartOf":{"@id":"https:\/\/kuzeyinsesi.org\/index.php\/2024\/11\/26\/med-forumunda-akdenizde-guvenlik-konusu-ve-turkiyenin-tezleri-ele-alindi-koramiral-payal-guney-kibris-rum-yonetimi-butun-adayi-temsil-etmiyor\/"},"author":{"name":"Kuzeyin Sesi","@id":"https:\/\/kuzeyinsesi.org\/#\/schema\/person\/9f859689cdf01485597712386e37f5aa"},"headline":"MED Forumu\u2019nda Akdeniz\u2019de g\u00fcvenlik konusu ve T\u00fcrkiye\u2019nin tezleri ele al\u0131nd\u0131.. Koramiral Payal: G\u00fcney K\u0131br\u0131s Rum Y\u00f6netimi, b\u00fct\u00fcn aday\u0131 temsil etmiyor","datePublished":"2024-11-26T05:34:29+00:00","mainEntityOfPage":{"@id":"https:\/\/kuzeyinsesi.org\/index.php\/2024\/11\/26\/med-forumunda-akdenizde-guvenlik-konusu-ve-turkiyenin-tezleri-ele-alindi-koramiral-payal-guney-kibris-rum-yonetimi-butun-adayi-temsil-etmiyor\/"},"wordCount":340,"commentCount":0,"image":{"@id":"https:\/\/kuzeyinsesi.org\/index.php\/2024\/11\/26\/med-forumunda-akdenizde-guvenlik-konusu-ve-turkiyenin-tezleri-ele-alindi-koramiral-payal-guney-kibris-rum-yonetimi-butun-adayi-temsil-etmiyor\/#primaryimage"},"thumbnailUrl":"https:\/\/kuzeyinsesi.org\/wp-content\/uploads\/2024\/11\/turk-2611202495854a99.jpg","articleSection":["T\u00fcrkiye"],"inLanguage":"tr","potentialAction":[{"@type":"CommentAction","name":"Comment","target":["https:\/\/kuzeyinsesi.org\/index.php\/2024\/11\/26\/med-forumunda-akdenizde-guvenlik-konusu-ve-turkiyenin-tezleri-ele-alindi-koramiral-payal-guney-kibris-rum-yonetimi-butun-adayi-temsil-etmiyor\/#respond"]}]},{"@type":"WebPage","@id":"https:\/\/kuzeyinsesi.org\/index.php\/2024\/11\/26\/med-forumunda-akdenizde-guvenlik-konusu-ve-turkiyenin-tezleri-ele-alindi-koramiral-payal-guney-kibris-rum-yonetimi-butun-adayi-temsil-etmiyor\/","url":"https:\/\/kuzeyinsesi.org\/index.php\/2024\/11\/26\/med-forumunda-akdenizde-guvenlik-konusu-ve-turkiyenin-tezleri-ele-alindi-koramiral-payal-guney-kibris-rum-yonetimi-butun-adayi-temsil-etmiyor\/","name":"MED Forumu\u2019nda Akdeniz\u2019de g\u00fcvenlik konusu ve T\u00fcrkiye\u2019nin tezleri ele al\u0131nd\u0131.. Koramiral Payal: G\u00fcney K\u0131br\u0131s Rum Y\u00f6netimi, b\u00fct\u00fcn aday\u0131 temsil etmiyor - Kuzeyin Sesi","isPartOf":{"@id":"https:\/\/kuzeyinsesi.org\/#website"},"primaryImageOfPage":{"@id":"https:\/\/kuzeyinsesi.org\/index.php\/2024\/11\/26\/med-forumunda-akdenizde-guvenlik-konusu-ve-turkiyenin-tezleri-ele-alindi-koramiral-payal-guney-kibris-rum-yonetimi-butun-adayi-temsil-etmiyor\/#primaryimage"},"image":{"@id":"https:\/\/kuzeyinsesi.org\/index.php\/2024\/11\/26\/med-forumunda-akdenizde-guvenlik-konusu-ve-turkiyenin-tezleri-ele-alindi-koramiral-payal-guney-kibris-rum-yonetimi-butun-adayi-temsil-etmiyor\/#primaryimage"},"thumbnailUrl":"https:\/\/kuzeyinsesi.org\/wp-content\/uploads\/2024\/11\/turk-2611202495854a99.jpg","datePublished":"2024-11-26T05:34:29+00:00","author":{"@id":"https:\/\/kuzeyinsesi.org\/#\/schema\/person\/9f859689cdf01485597712386e37f5aa"},"breadcrumb":{"@id":"https:\/\/kuzeyinsesi.org\/index.php\/2024\/11\/26\/med-forumunda-akdenizde-guvenlik-konusu-ve-turkiyenin-tezleri-ele-alindi-koramiral-payal-guney-kibris-rum-yonetimi-butun-adayi-temsil-etmiyor\/#breadcrumb"},"inLanguage":"tr","potentialAction":[{"@type":"ReadAction","target":["https:\/\/kuzeyinsesi.org\/index.php\/2024\/11\/26\/med-forumunda-akdenizde-guvenlik-konusu-ve-turkiyenin-tezleri-ele-alindi-koramiral-payal-guney-kibris-rum-yonetimi-butun-adayi-temsil-etmiyor\/"]}]},{"@type":"ImageObject","inLanguage":"tr","@id":"https:\/\/kuzeyinsesi.org\/index.php\/2024\/11\/26\/med-forumunda-akdenizde-guvenlik-konusu-ve-turkiyenin-tezleri-ele-alindi-koramiral-payal-guney-kibris-rum-yonetimi-butun-adayi-temsil-etmiyor\/#primaryimage","url":"https:\/\/kuzeyinsesi.org\/wp-content\/uploads\/2024\/11\/turk-2611202495854a99.jpg","contentUrl":"https:\/\/kuzeyinsesi.org\/wp-content\/uploads\/2024\/11\/turk-2611202495854a99.jpg","width":800,"height":449},{"@type":"BreadcrumbList","@id":"https:\/\/kuzeyinsesi.org\/index.php\/2024\/11\/26\/med-forumunda-akdenizde-guvenlik-konusu-ve-turkiyenin-tezleri-ele-alindi-koramiral-payal-guney-kibris-rum-yonetimi-butun-adayi-temsil-etmiyor\/#breadcrumb","itemListElement":[{"@type":"ListItem","position":1,"name":"Anasayfa","item":"https:\/\/kuzeyinsesi.org\/"},{"@type":"ListItem","position":2,"name":"MED Forumu\u2019nda Akdeniz\u2019de g\u00fcvenlik konusu ve T\u00fcrkiye\u2019nin tezleri ele al\u0131nd\u0131.. Koramiral Payal: G\u00fcney K\u0131br\u0131s Rum Y\u00f6netimi, b\u00fct\u00fcn aday\u0131 temsil etmiyor"}]},{"@type":"WebSite","@id":"https:\/\/kuzeyinsesi.org\/#website","url":"https:\/\/kuzeyinsesi.org\/","name":"Kuzeyin Sesi","description":"Do\u011fru Haberin Adresi","potentialAction":[{"@type":"SearchAction","target":{"@type":"EntryPoint","urlTemplate":"https:\/\/kuzeyinsesi.org\/?s={search_term_string}"},"query-input":{"@type":"PropertyValueSpecification","valueRequired":true,"valueName":"search_term_string"}}],"inLanguage":"tr"},{"@type":"Person","@id":"https:\/\/kuzeyinsesi.org\/#\/schema\/person\/9f859689cdf01485597712386e37f5aa","name":"Kuzeyin Sesi","image":{"@type":"ImageObject","inLanguage":"tr","@id":"https:\/\/secure.gravatar.com\/avatar\/bab33852abfd8b282518d6ed81826833d77c3c882d9ab608add591ccace47a44?s=96&d=mm&r=g","url":"https:\/\/secure.gravatar.com\/avatar\/bab33852abfd8b282518d6ed81826833d77c3c882d9ab608add591ccace47a44?s=96&d=mm&r=g","contentUrl":"https:\/\/secure.gravatar.com\/avatar\/bab33852abfd8b282518d6ed81826833d77c3c882d9ab608add591ccace47a44?s=96&d=mm&r=g","caption":"Kuzeyin Sesi"},"sameAs":["https:\/\/kuzeyinsesi.org"],"url":"https:\/\/kuzeyinsesi.org\/index.php\/author\/guven\/"}]}},"_links":{"self":[{"href":"https:\/\/kuzeyinsesi.org\/index.php\/wp-json\/wp\/v2\/posts\/14323","targetHints":{"allow":["GET"]}}],"collection":[{"href":"https:\/\/kuzeyinsesi.org\/index.php\/wp-json\/wp\/v2\/posts"}],"about":[{"href":"https:\/\/kuzeyinsesi.org\/index.php\/wp-json\/wp\/v2\/types\/post"}],"author":[{"embeddable":true,"href":"https:\/\/kuzeyinsesi.org\/index.php\/wp-json\/wp\/v2\/users\/1"}],"replies":[{"embeddable":true,"href":"https:\/\/kuzeyinsesi.org\/index.php\/wp-json\/wp\/v2\/comments?post=14323"}],"version-history":[{"count":0,"href":"https:\/\/kuzeyinsesi.org\/index.php\/wp-json\/wp\/v2\/posts\/14323\/revisions"}],"wp:featuredmedia":[{"embeddable":true,"href":"https:\/\/kuzeyinsesi.org\/index.php\/wp-json\/wp\/v2\/media\/14324"}],"wp:attachment":[{"href":"https:\/\/kuzeyinsesi.org\/index.php\/wp-json\/wp\/v2\/media?parent=14323"}],"wp:term":[{"taxonomy":"category","embeddable":true,"href":"https:\/\/kuzeyinsesi.org\/index.php\/wp-json\/wp\/v2\/categories?post=14323"},{"taxonomy":"post_tag","embeddable":true,"href":"https:\/\/kuzeyinsesi.org\/index.php\/wp-json\/wp\/v2\/tags?post=14323"}],"curies":[{"name":"wp","href":"https:\/\/api.w.org\/{rel}","templated":true}]}}