{"id":14293,"date":"2024-11-25T19:19:52","date_gmt":"2024-11-25T17:19:52","guid":{"rendered":"https:\/\/kuzeyinsesi.org\/index.php\/2024\/11\/25\/erdogan-nato-genel-sekreteri-rutteyi-kabul-etti\/"},"modified":"2024-11-25T19:19:52","modified_gmt":"2024-11-25T17:19:52","slug":"erdogan-nato-genel-sekreteri-rutteyi-kabul-etti","status":"publish","type":"post","link":"https:\/\/kuzeyinsesi.org\/index.php\/2024\/11\/25\/erdogan-nato-genel-sekreteri-rutteyi-kabul-etti\/","title":{"rendered":"Erdo\u011fan, NATO Genel Sekreteri Rutte\u2019yi kabul etti"},"content":{"rendered":"<div>\n<div class=\"mariselle-image-container center\">\n                                            <\/div>\n<p>T\u00fcrkiye Cumhurba\u015fkan\u0131 Recep Tayyip Erdo\u011fan, NATO Genel Sekreteri Mark Rutte\u2019yi kabul etti.<\/p>\n<p>TC Cumhurba\u015fkanl\u0131\u011f\u0131 K\u00fclliyesi\u2019ndeki bas\u0131na kapal\u0131 kabul, yakla\u015f\u0131k 1 saat s\u00fcrd\u00fc.<\/p>\n<p>Kabulde, D\u0131\u015fi\u015fleri Bakan\u0131 Hakan Fidan ve Milli Savunma Bakan\u0131 Ya\u015far G\u00fcler de haz\u0131r bulundu.<\/p>\n<p>-\u0130leti\u015fim Ba\u015fkanl\u0131\u011f\u0131ndan Erdo\u011fan\u2019\u0131n Rutte\u2019yi kabul\u00fcne ili\u015fkin a\u00e7\u0131klama:<\/p>\n<p>T\u00fcrkiye Cumhurba\u015fkan\u0131 Recep Tayyip Erdo\u011fan\u2019\u0131n NATO Genel Sekreteri Mark Rutte\u2019yi kabul\u00fcnde, Ukrayna-Rusya Sava\u015f\u0131 ve Filistin\u2019de ya\u015fanan katliam\u0131n sonland\u0131r\u0131lmas\u0131 i\u00e7in yap\u0131labilecekler, ter\u00f6rle m\u00fccadelede at\u0131lmas\u0131 gereken ortak ad\u0131mlar, T\u00fcrkiye\u2019nin 2026\u2019daki NATO Zirvesi ev sahipli\u011fi, NATO m\u00fcttefiklerinin T\u00fcrkiye ile savunma sanayi malzemesi tedarik dayan\u0131\u015fmas\u0131 ve T\u00fcrkiye\u2019nin NATO\u2019ya m\u00fcttefik olarak katk\u0131lar\u0131 de\u011ferlendirildi.<\/p>\n<p>Cumhurba\u015fkanl\u0131\u011f\u0131 \u0130leti\u015fim Ba\u015fkanl\u0131\u011f\u0131ndan yap\u0131lan a\u00e7\u0131klamaya g\u00f6re, Cumhurba\u015fkan\u0131 Erdo\u011fan, NATO Genel Sekreteri Mark Rutte\u2019yi Cumhurba\u015fkanl\u0131\u011f\u0131 K\u00fclliyesi\u2019nde kabul etti.<\/p>\n<p>Kabulde, Ukrayna-Rusya Sava\u015f\u0131 ve Filistin\u2019de ya\u015fanan katliam\u0131n sonland\u0131r\u0131lmas\u0131 i\u00e7in yap\u0131labilecekler, ter\u00f6rle m\u00fccadelede at\u0131lmas\u0131 gereken ortak ad\u0131mlar, T\u00fcrkiye\u2019nin 2026\u2019daki NATO Zirvesi ev sahipli\u011fi, NATO m\u00fcttefiklerinin T\u00fcrkiye ile savunma sanayi malzemesi tedarik dayan\u0131\u015fmas\u0131 ve T\u00fcrkiye\u2019nin NATO\u2019ya m\u00fcttefik olarak katk\u0131lar\u0131 de\u011ferlendirildi.<\/p>\n<p>Cumhurba\u015fkan\u0131 Erdo\u011fan, T\u00fcrk Havac\u0131l\u0131k ve Uzay Sanayii A\u015e\u2019ye (TUSA\u015e) d\u00fczenlenen ter\u00f6r sald\u0131r\u0131s\u0131 sonras\u0131 T\u00fcrkiye\u2019ye y\u00f6nelik dayan\u0131\u015fma mesajlar\u0131 i\u00e7in NATO Genel Sekreteri Rutte\u2019ye te\u015fekk\u00fcr etti.<\/p>\n<\/p><\/div>\n<p><script async\n                    defer\n                    crossorigin=\"anonymous\"\n                    src=\"https:\/\/connect.facebook.net\/tr_TR\/sdk.js#xfbml=1&#038;version=v3.3\"\n            ><\/script><\/p>\n","protected":false},"excerpt":{"rendered":"<p>T\u00fcrkiye Cumhurba\u015fkan\u0131 Recep Tayyip Erdo\u011fan, NATO Genel Sekreteri Mark Rutte\u2019yi kabul etti. TC Cumhurba\u015fkanl\u0131\u011f\u0131 K\u00fclliyesi\u2019ndeki bas\u0131na kapal\u0131 kabul, yakla\u015f\u0131k 1 saat s\u00fcrd\u00fc. Kabulde, D\u0131\u015fi\u015fleri Bakan\u0131 Hakan Fidan ve Milli Savunma Bakan\u0131 Ya\u015far G\u00fcler de haz\u0131r bulundu. -\u0130leti\u015fim Ba\u015fkanl\u0131\u011f\u0131ndan Erdo\u011fan\u2019\u0131n Rutte\u2019yi kabul\u00fcne ili\u015fkin a\u00e7\u0131klama: T\u00fcrkiye Cumhurba\u015fkan\u0131 Recep Tayyip Erdo\u011fan\u2019\u0131n NATO Genel Sekreteri Mark Rutte\u2019yi kabul\u00fcnde, Ukrayna-Rusya [&hellip;]<\/p>\n","protected":false},"author":1,"featured_media":14294,"comment_status":"open","ping_status":"open","sticky":false,"template":"","format":"standard","meta":{"jnews-multi-image_gallery":[],"jnews_single_post":[],"jnews_primary_category":[],"jnews_social_meta":[],"jnews_override_counter":[],"footnotes":""},"categories":[5],"tags":[],"class_list":["post-14293","post","type-post","status-publish","format-standard","has-post-thumbnail","hentry","category-turkiye"],"yoast_head":"<!-- This site is optimized with the Yoast SEO plugin v27.4 - https:\/\/yoast.com\/product\/yoast-seo-wordpress\/ -->\n<title>Erdo\u011fan, NATO Genel Sekreteri Rutte\u2019yi kabul etti - Kuzeyin Sesi<\/title>\n<meta name=\"robots\" content=\"index, follow, max-snippet:-1, max-image-preview:large, max-video-preview:-1\" \/>\n<link rel=\"canonical\" href=\"https:\/\/kuzeyinsesi.org\/index.php\/2024\/11\/25\/erdogan-nato-genel-sekreteri-rutteyi-kabul-etti\/\" \/>\n<meta property=\"og:locale\" content=\"tr_TR\" \/>\n<meta property=\"og:type\" content=\"article\" \/>\n<meta property=\"og:title\" content=\"Erdo\u011fan, NATO Genel Sekreteri Rutte\u2019yi kabul etti - Kuzeyin Sesi\" \/>\n<meta property=\"og:description\" content=\"T\u00fcrkiye Cumhurba\u015fkan\u0131 Recep Tayyip Erdo\u011fan, NATO Genel Sekreteri Mark Rutte\u2019yi kabul etti. TC Cumhurba\u015fkanl\u0131\u011f\u0131 K\u00fclliyesi\u2019ndeki bas\u0131na kapal\u0131 kabul, yakla\u015f\u0131k 1 saat s\u00fcrd\u00fc. Kabulde, D\u0131\u015fi\u015fleri Bakan\u0131 Hakan Fidan ve Milli Savunma Bakan\u0131 Ya\u015far G\u00fcler de haz\u0131r bulundu. -\u0130leti\u015fim Ba\u015fkanl\u0131\u011f\u0131ndan Erdo\u011fan\u2019\u0131n Rutte\u2019yi kabul\u00fcne ili\u015fkin a\u00e7\u0131klama: T\u00fcrkiye Cumhurba\u015fkan\u0131 Recep Tayyip Erdo\u011fan\u2019\u0131n NATO Genel Sekreteri Mark Rutte\u2019yi kabul\u00fcnde, Ukrayna-Rusya [&hellip;]\" \/>\n<meta property=\"og:url\" content=\"https:\/\/kuzeyinsesi.org\/index.php\/2024\/11\/25\/erdogan-nato-genel-sekreteri-rutteyi-kabul-etti\/\" \/>\n<meta property=\"og:site_name\" content=\"Kuzeyin Sesi\" \/>\n<meta property=\"article:publisher\" content=\"https:\/\/www.facebook.com\/kuzeyinsesii\" \/>\n<meta property=\"article:published_time\" content=\"2024-11-25T17:19:52+00:00\" \/>\n<meta property=\"og:image\" content=\"https:\/\/brtk.net\/wp-content\/uploads\/2024\/11\/25\/thumbs-b-c-a150780862a8d77f8f0e8b0a79b27778.jpg?ver=a6d2cf63fff99585139470e85eac37b1\" \/>\n<meta name=\"author\" content=\"Kuzeyin Sesi\" \/>\n<meta name=\"twitter:card\" content=\"summary_large_image\" \/>\n<meta name=\"twitter:creator\" content=\"@kuzeyinsesii\" \/>\n<meta name=\"twitter:site\" content=\"@kuzeyinsesii\" \/>\n<meta name=\"twitter:label1\" content=\"Yazan:\" \/>\n\t<meta name=\"twitter:data1\" content=\"Kuzeyin Sesi\" \/>\n\t<meta name=\"twitter:label2\" content=\"Tahmini okuma s\u00fcresi\" \/>\n\t<meta name=\"twitter:data2\" content=\"1 dakika\" \/>\n<script type=\"application\/ld+json\" class=\"yoast-schema-graph\">{\"@context\":\"https:\\\/\\\/schema.org\",\"@graph\":[{\"@type\":\"Article\",\"@id\":\"https:\\\/\\\/kuzeyinsesi.org\\\/index.php\\\/2024\\\/11\\\/25\\\/erdogan-nato-genel-sekreteri-rutteyi-kabul-etti\\\/#article\",\"isPartOf\":{\"@id\":\"https:\\\/\\\/kuzeyinsesi.org\\\/index.php\\\/2024\\\/11\\\/25\\\/erdogan-nato-genel-sekreteri-rutteyi-kabul-etti\\\/\"},\"author\":{\"name\":\"Kuzeyin Sesi\",\"@id\":\"https:\\\/\\\/kuzeyinsesi.org\\\/#\\\/schema\\\/person\\\/9f859689cdf01485597712386e37f5aa\"},\"headline\":\"Erdo\u011fan, NATO Genel Sekreteri Rutte\u2019yi kabul etti\",\"datePublished\":\"2024-11-25T17:19:52+00:00\",\"mainEntityOfPage\":{\"@id\":\"https:\\\/\\\/kuzeyinsesi.org\\\/index.php\\\/2024\\\/11\\\/25\\\/erdogan-nato-genel-sekreteri-rutteyi-kabul-etti\\\/\"},\"wordCount\":286,\"commentCount\":0,\"image\":{\"@id\":\"https:\\\/\\\/kuzeyinsesi.org\\\/index.php\\\/2024\\\/11\\\/25\\\/erdogan-nato-genel-sekreteri-rutteyi-kabul-etti\\\/#primaryimage\"},\"thumbnailUrl\":\"https:\\\/\\\/kuzeyinsesi.org\\\/wp-content\\\/uploads\\\/2024\\\/11\\\/thumbs-b-c-a150780862a8d77f8f0e8b0a79b27778.jpg\",\"articleSection\":[\"T\u00fcrkiye\"],\"inLanguage\":\"tr\",\"potentialAction\":[{\"@type\":\"CommentAction\",\"name\":\"Comment\",\"target\":[\"https:\\\/\\\/kuzeyinsesi.org\\\/index.php\\\/2024\\\/11\\\/25\\\/erdogan-nato-genel-sekreteri-rutteyi-kabul-etti\\\/#respond\"]}]},{\"@type\":\"WebPage\",\"@id\":\"https:\\\/\\\/kuzeyinsesi.org\\\/index.php\\\/2024\\\/11\\\/25\\\/erdogan-nato-genel-sekreteri-rutteyi-kabul-etti\\\/\",\"url\":\"https:\\\/\\\/kuzeyinsesi.org\\\/index.php\\\/2024\\\/11\\\/25\\\/erdogan-nato-genel-sekreteri-rutteyi-kabul-etti\\\/\",\"name\":\"Erdo\u011fan, NATO Genel Sekreteri Rutte\u2019yi kabul etti - Kuzeyin Sesi\",\"isPartOf\":{\"@id\":\"https:\\\/\\\/kuzeyinsesi.org\\\/#website\"},\"primaryImageOfPage\":{\"@id\":\"https:\\\/\\\/kuzeyinsesi.org\\\/index.php\\\/2024\\\/11\\\/25\\\/erdogan-nato-genel-sekreteri-rutteyi-kabul-etti\\\/#primaryimage\"},\"image\":{\"@id\":\"https:\\\/\\\/kuzeyinsesi.org\\\/index.php\\\/2024\\\/11\\\/25\\\/erdogan-nato-genel-sekreteri-rutteyi-kabul-etti\\\/#primaryimage\"},\"thumbnailUrl\":\"https:\\\/\\\/kuzeyinsesi.org\\\/wp-content\\\/uploads\\\/2024\\\/11\\\/thumbs-b-c-a150780862a8d77f8f0e8b0a79b27778.jpg\",\"datePublished\":\"2024-11-25T17:19:52+00:00\",\"author\":{\"@id\":\"https:\\\/\\\/kuzeyinsesi.org\\\/#\\\/schema\\\/person\\\/9f859689cdf01485597712386e37f5aa\"},\"breadcrumb\":{\"@id\":\"https:\\\/\\\/kuzeyinsesi.org\\\/index.php\\\/2024\\\/11\\\/25\\\/erdogan-nato-genel-sekreteri-rutteyi-kabul-etti\\\/#breadcrumb\"},\"inLanguage\":\"tr\",\"potentialAction\":[{\"@type\":\"ReadAction\",\"target\":[\"https:\\\/\\\/kuzeyinsesi.org\\\/index.php\\\/2024\\\/11\\\/25\\\/erdogan-nato-genel-sekreteri-rutteyi-kabul-etti\\\/\"]}]},{\"@type\":\"ImageObject\",\"inLanguage\":\"tr\",\"@id\":\"https:\\\/\\\/kuzeyinsesi.org\\\/index.php\\\/2024\\\/11\\\/25\\\/erdogan-nato-genel-sekreteri-rutteyi-kabul-etti\\\/#primaryimage\",\"url\":\"https:\\\/\\\/kuzeyinsesi.org\\\/wp-content\\\/uploads\\\/2024\\\/11\\\/thumbs-b-c-a150780862a8d77f8f0e8b0a79b27778.jpg\",\"contentUrl\":\"https:\\\/\\\/kuzeyinsesi.org\\\/wp-content\\\/uploads\\\/2024\\\/11\\\/thumbs-b-c-a150780862a8d77f8f0e8b0a79b27778.jpg\",\"width\":864,\"height\":504},{\"@type\":\"BreadcrumbList\",\"@id\":\"https:\\\/\\\/kuzeyinsesi.org\\\/index.php\\\/2024\\\/11\\\/25\\\/erdogan-nato-genel-sekreteri-rutteyi-kabul-etti\\\/#breadcrumb\",\"itemListElement\":[{\"@type\":\"ListItem\",\"position\":1,\"name\":\"Anasayfa\",\"item\":\"https:\\\/\\\/kuzeyinsesi.org\\\/\"},{\"@type\":\"ListItem\",\"position\":2,\"name\":\"Erdo\u011fan, NATO Genel Sekreteri Rutte\u2019yi kabul etti\"}]},{\"@type\":\"WebSite\",\"@id\":\"https:\\\/\\\/kuzeyinsesi.org\\\/#website\",\"url\":\"https:\\\/\\\/kuzeyinsesi.org\\\/\",\"name\":\"Kuzeyin Sesi\",\"description\":\"Do\u011fru Haberin Adresi\",\"potentialAction\":[{\"@type\":\"SearchAction\",\"target\":{\"@type\":\"EntryPoint\",\"urlTemplate\":\"https:\\\/\\\/kuzeyinsesi.org\\\/?s={search_term_string}\"},\"query-input\":{\"@type\":\"PropertyValueSpecification\",\"valueRequired\":true,\"valueName\":\"search_term_string\"}}],\"inLanguage\":\"tr\"},{\"@type\":\"Person\",\"@id\":\"https:\\\/\\\/kuzeyinsesi.org\\\/#\\\/schema\\\/person\\\/9f859689cdf01485597712386e37f5aa\",\"name\":\"Kuzeyin Sesi\",\"image\":{\"@type\":\"ImageObject\",\"inLanguage\":\"tr\",\"@id\":\"https:\\\/\\\/secure.gravatar.com\\\/avatar\\\/bab33852abfd8b282518d6ed81826833d77c3c882d9ab608add591ccace47a44?s=96&d=mm&r=g\",\"url\":\"https:\\\/\\\/secure.gravatar.com\\\/avatar\\\/bab33852abfd8b282518d6ed81826833d77c3c882d9ab608add591ccace47a44?s=96&d=mm&r=g\",\"contentUrl\":\"https:\\\/\\\/secure.gravatar.com\\\/avatar\\\/bab33852abfd8b282518d6ed81826833d77c3c882d9ab608add591ccace47a44?s=96&d=mm&r=g\",\"caption\":\"Kuzeyin Sesi\"},\"sameAs\":[\"https:\\\/\\\/kuzeyinsesi.org\"],\"url\":\"https:\\\/\\\/kuzeyinsesi.org\\\/index.php\\\/author\\\/guven\\\/\"}]}<\/script>\n<!-- \/ Yoast SEO plugin. -->","yoast_head_json":{"title":"Erdo\u011fan, NATO Genel Sekreteri Rutte\u2019yi kabul etti - Kuzeyin Sesi","robots":{"index":"index","follow":"follow","max-snippet":"max-snippet:-1","max-image-preview":"max-image-preview:large","max-video-preview":"max-video-preview:-1"},"canonical":"https:\/\/kuzeyinsesi.org\/index.php\/2024\/11\/25\/erdogan-nato-genel-sekreteri-rutteyi-kabul-etti\/","og_locale":"tr_TR","og_type":"article","og_title":"Erdo\u011fan, NATO Genel Sekreteri Rutte\u2019yi kabul etti - Kuzeyin Sesi","og_description":"T\u00fcrkiye Cumhurba\u015fkan\u0131 Recep Tayyip Erdo\u011fan, NATO Genel Sekreteri Mark Rutte\u2019yi kabul etti. TC Cumhurba\u015fkanl\u0131\u011f\u0131 K\u00fclliyesi\u2019ndeki bas\u0131na kapal\u0131 kabul, yakla\u015f\u0131k 1 saat s\u00fcrd\u00fc. Kabulde, D\u0131\u015fi\u015fleri Bakan\u0131 Hakan Fidan ve Milli Savunma Bakan\u0131 Ya\u015far G\u00fcler de haz\u0131r bulundu. -\u0130leti\u015fim Ba\u015fkanl\u0131\u011f\u0131ndan Erdo\u011fan\u2019\u0131n Rutte\u2019yi kabul\u00fcne ili\u015fkin a\u00e7\u0131klama: T\u00fcrkiye Cumhurba\u015fkan\u0131 Recep Tayyip Erdo\u011fan\u2019\u0131n NATO Genel Sekreteri Mark Rutte\u2019yi kabul\u00fcnde, Ukrayna-Rusya [&hellip;]","og_url":"https:\/\/kuzeyinsesi.org\/index.php\/2024\/11\/25\/erdogan-nato-genel-sekreteri-rutteyi-kabul-etti\/","og_site_name":"Kuzeyin Sesi","article_publisher":"https:\/\/www.facebook.com\/kuzeyinsesii","article_published_time":"2024-11-25T17:19:52+00:00","og_image":[{"url":"https:\/\/brtk.net\/wp-content\/uploads\/2024\/11\/25\/thumbs-b-c-a150780862a8d77f8f0e8b0a79b27778.jpg?ver=a6d2cf63fff99585139470e85eac37b1","type":"","width":"","height":""}],"author":"Kuzeyin Sesi","twitter_card":"summary_large_image","twitter_creator":"@kuzeyinsesii","twitter_site":"@kuzeyinsesii","twitter_misc":{"Yazan:":"Kuzeyin Sesi","Tahmini okuma s\u00fcresi":"1 dakika"},"schema":{"@context":"https:\/\/schema.org","@graph":[{"@type":"Article","@id":"https:\/\/kuzeyinsesi.org\/index.php\/2024\/11\/25\/erdogan-nato-genel-sekreteri-rutteyi-kabul-etti\/#article","isPartOf":{"@id":"https:\/\/kuzeyinsesi.org\/index.php\/2024\/11\/25\/erdogan-nato-genel-sekreteri-rutteyi-kabul-etti\/"},"author":{"name":"Kuzeyin Sesi","@id":"https:\/\/kuzeyinsesi.org\/#\/schema\/person\/9f859689cdf01485597712386e37f5aa"},"headline":"Erdo\u011fan, NATO Genel Sekreteri Rutte\u2019yi kabul etti","datePublished":"2024-11-25T17:19:52+00:00","mainEntityOfPage":{"@id":"https:\/\/kuzeyinsesi.org\/index.php\/2024\/11\/25\/erdogan-nato-genel-sekreteri-rutteyi-kabul-etti\/"},"wordCount":286,"commentCount":0,"image":{"@id":"https:\/\/kuzeyinsesi.org\/index.php\/2024\/11\/25\/erdogan-nato-genel-sekreteri-rutteyi-kabul-etti\/#primaryimage"},"thumbnailUrl":"https:\/\/kuzeyinsesi.org\/wp-content\/uploads\/2024\/11\/thumbs-b-c-a150780862a8d77f8f0e8b0a79b27778.jpg","articleSection":["T\u00fcrkiye"],"inLanguage":"tr","potentialAction":[{"@type":"CommentAction","name":"Comment","target":["https:\/\/kuzeyinsesi.org\/index.php\/2024\/11\/25\/erdogan-nato-genel-sekreteri-rutteyi-kabul-etti\/#respond"]}]},{"@type":"WebPage","@id":"https:\/\/kuzeyinsesi.org\/index.php\/2024\/11\/25\/erdogan-nato-genel-sekreteri-rutteyi-kabul-etti\/","url":"https:\/\/kuzeyinsesi.org\/index.php\/2024\/11\/25\/erdogan-nato-genel-sekreteri-rutteyi-kabul-etti\/","name":"Erdo\u011fan, NATO Genel Sekreteri Rutte\u2019yi kabul etti - Kuzeyin Sesi","isPartOf":{"@id":"https:\/\/kuzeyinsesi.org\/#website"},"primaryImageOfPage":{"@id":"https:\/\/kuzeyinsesi.org\/index.php\/2024\/11\/25\/erdogan-nato-genel-sekreteri-rutteyi-kabul-etti\/#primaryimage"},"image":{"@id":"https:\/\/kuzeyinsesi.org\/index.php\/2024\/11\/25\/erdogan-nato-genel-sekreteri-rutteyi-kabul-etti\/#primaryimage"},"thumbnailUrl":"https:\/\/kuzeyinsesi.org\/wp-content\/uploads\/2024\/11\/thumbs-b-c-a150780862a8d77f8f0e8b0a79b27778.jpg","datePublished":"2024-11-25T17:19:52+00:00","author":{"@id":"https:\/\/kuzeyinsesi.org\/#\/schema\/person\/9f859689cdf01485597712386e37f5aa"},"breadcrumb":{"@id":"https:\/\/kuzeyinsesi.org\/index.php\/2024\/11\/25\/erdogan-nato-genel-sekreteri-rutteyi-kabul-etti\/#breadcrumb"},"inLanguage":"tr","potentialAction":[{"@type":"ReadAction","target":["https:\/\/kuzeyinsesi.org\/index.php\/2024\/11\/25\/erdogan-nato-genel-sekreteri-rutteyi-kabul-etti\/"]}]},{"@type":"ImageObject","inLanguage":"tr","@id":"https:\/\/kuzeyinsesi.org\/index.php\/2024\/11\/25\/erdogan-nato-genel-sekreteri-rutteyi-kabul-etti\/#primaryimage","url":"https:\/\/kuzeyinsesi.org\/wp-content\/uploads\/2024\/11\/thumbs-b-c-a150780862a8d77f8f0e8b0a79b27778.jpg","contentUrl":"https:\/\/kuzeyinsesi.org\/wp-content\/uploads\/2024\/11\/thumbs-b-c-a150780862a8d77f8f0e8b0a79b27778.jpg","width":864,"height":504},{"@type":"BreadcrumbList","@id":"https:\/\/kuzeyinsesi.org\/index.php\/2024\/11\/25\/erdogan-nato-genel-sekreteri-rutteyi-kabul-etti\/#breadcrumb","itemListElement":[{"@type":"ListItem","position":1,"name":"Anasayfa","item":"https:\/\/kuzeyinsesi.org\/"},{"@type":"ListItem","position":2,"name":"Erdo\u011fan, NATO Genel Sekreteri Rutte\u2019yi kabul etti"}]},{"@type":"WebSite","@id":"https:\/\/kuzeyinsesi.org\/#website","url":"https:\/\/kuzeyinsesi.org\/","name":"Kuzeyin Sesi","description":"Do\u011fru Haberin Adresi","potentialAction":[{"@type":"SearchAction","target":{"@type":"EntryPoint","urlTemplate":"https:\/\/kuzeyinsesi.org\/?s={search_term_string}"},"query-input":{"@type":"PropertyValueSpecification","valueRequired":true,"valueName":"search_term_string"}}],"inLanguage":"tr"},{"@type":"Person","@id":"https:\/\/kuzeyinsesi.org\/#\/schema\/person\/9f859689cdf01485597712386e37f5aa","name":"Kuzeyin Sesi","image":{"@type":"ImageObject","inLanguage":"tr","@id":"https:\/\/secure.gravatar.com\/avatar\/bab33852abfd8b282518d6ed81826833d77c3c882d9ab608add591ccace47a44?s=96&d=mm&r=g","url":"https:\/\/secure.gravatar.com\/avatar\/bab33852abfd8b282518d6ed81826833d77c3c882d9ab608add591ccace47a44?s=96&d=mm&r=g","contentUrl":"https:\/\/secure.gravatar.com\/avatar\/bab33852abfd8b282518d6ed81826833d77c3c882d9ab608add591ccace47a44?s=96&d=mm&r=g","caption":"Kuzeyin Sesi"},"sameAs":["https:\/\/kuzeyinsesi.org"],"url":"https:\/\/kuzeyinsesi.org\/index.php\/author\/guven\/"}]}},"_links":{"self":[{"href":"https:\/\/kuzeyinsesi.org\/index.php\/wp-json\/wp\/v2\/posts\/14293","targetHints":{"allow":["GET"]}}],"collection":[{"href":"https:\/\/kuzeyinsesi.org\/index.php\/wp-json\/wp\/v2\/posts"}],"about":[{"href":"https:\/\/kuzeyinsesi.org\/index.php\/wp-json\/wp\/v2\/types\/post"}],"author":[{"embeddable":true,"href":"https:\/\/kuzeyinsesi.org\/index.php\/wp-json\/wp\/v2\/users\/1"}],"replies":[{"embeddable":true,"href":"https:\/\/kuzeyinsesi.org\/index.php\/wp-json\/wp\/v2\/comments?post=14293"}],"version-history":[{"count":0,"href":"https:\/\/kuzeyinsesi.org\/index.php\/wp-json\/wp\/v2\/posts\/14293\/revisions"}],"wp:featuredmedia":[{"embeddable":true,"href":"https:\/\/kuzeyinsesi.org\/index.php\/wp-json\/wp\/v2\/media\/14294"}],"wp:attachment":[{"href":"https:\/\/kuzeyinsesi.org\/index.php\/wp-json\/wp\/v2\/media?parent=14293"}],"wp:term":[{"taxonomy":"category","embeddable":true,"href":"https:\/\/kuzeyinsesi.org\/index.php\/wp-json\/wp\/v2\/categories?post=14293"},{"taxonomy":"post_tag","embeddable":true,"href":"https:\/\/kuzeyinsesi.org\/index.php\/wp-json\/wp\/v2\/tags?post=14293"}],"curies":[{"name":"wp","href":"https:\/\/api.w.org\/{rel}","templated":true}]}}