{"id":1427,"date":"2024-05-06T04:19:32","date_gmt":"2024-05-06T01:19:32","guid":{"rendered":"https:\/\/kuzeyinsesi.com\/index.php\/2024\/05\/06\/fransa-genelindeki-liselerde-yarin-gazzeye-destek-protestosu-duzenlenecek\/"},"modified":"2024-05-06T04:19:32","modified_gmt":"2024-05-06T01:19:32","slug":"fransa-genelindeki-liselerde-yarin-gazzeye-destek-protestosu-duzenlenecek","status":"publish","type":"post","link":"https:\/\/kuzeyinsesi.org\/index.php\/2024\/05\/06\/fransa-genelindeki-liselerde-yarin-gazzeye-destek-protestosu-duzenlenecek\/","title":{"rendered":"Fransa genelindeki liselerde yar\u0131n Gazzeye destek protestosu d\u00fczenlenecek"},"content":{"rendered":"<p><\/p>\n<div>\n<p>&#13;<br \/>\n\tYar\u0131n ve sal\u0131 g\u00fcn\u00fc <a href=\"https:\/\/www.trthaber.com\/etiket\/fransa\/\" target=\"_blank\" rel=\"noopener\">Fransa<\/a> genelindeki onlarca lisede Gazze\u2019ye destek ve ate\u015fkes talebiyle protesto d\u00fczenlenecek. Lise Sendikalar Birli\u011fi Ba\u015fkan Yard\u0131mc\u0131s\u0131 Manes Nadel, yar\u0131ndan itibaren onlarca lisenin bloke edilece\u011fini a\u00e7\u0131klad\u0131.<\/p>\n<p>&#13;<br \/>\n\tLiseli gen\u00e7lerin bu \u00f6\u011frenci hareketine kat\u0131lmas\u0131 gerekti\u011fini belirten Nadel, \u0130le-de-France b\u00f6lgesinin harekete ge\u00e7ece\u011fini vurgulad\u0131.<\/p>\n<p>&#13;<br \/>\n\tLise Sendikalar Birli\u011fi&#8217;nin (USL) S\u00f6zc\u00fcs\u00fc Gwenn Thomas-Alves, ise ge\u00e7ti\u011fimiz cuma g\u00fcn\u00fc yapt\u0131\u011f\u0131 a\u00e7\u0131klamada, yar\u0131ndan itibaren t\u00fcm okullarda lise hareketini ba\u015flatma \u00e7a\u011fr\u0131s\u0131nda bulunmu\u015f ve Fransa genelinde ablukalar\u0131n olaca\u011f\u0131n\u0131 ifade etmi\u015fti.<\/p>\n<p>&#13;<br \/>\n\tGazze&#8217;deki durumun hala dramatik oldu\u011funu ve M\u0131s\u0131r&#8217;daki g\u00f6r\u00fc\u015fmelerin t\u0131kanm\u0131\u015f gibi g\u00f6r\u00fcnd\u00fc\u011f\u00fcn\u00fc belirten Thomas-Alves, liselilerin &#8220;olaylara kar\u015f\u0131 \u00e7aresiz kalmamak i\u00e7in harekete ge\u00e7me arzusu&#8221; oldu\u011funu s\u00f6ylemi\u015fti.<\/p>\n<p>&#13;<br \/>\n\t<strong>&#8220;&#8216;Kar topu etkisi&#8217; olu\u015fturarak \u00e7ok daha fazla g\u00f6steriye yol a\u00e7aca\u011f\u0131n\u0131 umut ediyorum&#8221;<\/strong><\/p>\n<p>&#13;<br \/>\n\tKartopu etkisi beklentisi Thomas-Alves Lise Sendikalar Birli\u011fi&#8217;nin di\u011fer yerel sendikalarla ili\u015fkisi oldu\u011funu ve bu sendikalar\u0131n Lise Sendikal Birli\u011fi&#8217;nin bir par\u00e7as\u0131 oldu\u011funun alt\u0131n\u0131 \u00e7izmi\u015fti. Liseliler ve \u00fcniversite \u00f6\u011frencileri aras\u0131nda i\u015fbirli\u011fini <a href=\"https:\/\/www.trthaber.com\/etiket\/tesvik\/\" target=\"_blank\" rel=\"noopener\">te\u015fvik<\/a> eden Thomas-Alves, ate\u015fkes talebiyle yar\u0131n ve sal\u0131 g\u00fcnleri i\u00e7in okullarda abluka \u00e7a\u011fr\u0131s\u0131n\u0131 yinelemi\u015fti.<\/p>\n<p>&#13;<br \/>\n\tLiselerdeki ablukalar\u0131n iki g\u00fcnden fazla s\u00fcrebilece\u011fini belirten Thomas-Alves, yar\u0131ndan itibaren baz\u0131 liselerin bloke edilmesinin &#8220;kar topu etkisi&#8221; olu\u015fturarak \u00e7ok daha fazla g\u00f6steriye yol a\u00e7aca\u011f\u0131n\u0131 umdu\u011funu ifade etmi\u015f, Lyon, Tours, Besan\u00e7on, Bretagne ve Paris b\u00f6lgelerinde de yo\u011fun bir kat\u0131l\u0131m\u0131n beklendi\u011fini aktarm\u0131\u015ft\u0131.\u00a0<\/p>\n<\/p><\/div>\n","protected":false},"excerpt":{"rendered":"<p>&#13; Yar\u0131n ve sal\u0131 g\u00fcn\u00fc Fransa genelindeki onlarca lisede Gazze\u2019ye destek ve ate\u015fkes talebiyle protesto d\u00fczenlenecek. Lise Sendikalar Birli\u011fi Ba\u015fkan Yard\u0131mc\u0131s\u0131 Manes Nadel, yar\u0131ndan itibaren onlarca lisenin bloke edilece\u011fini a\u00e7\u0131klad\u0131. &#13; Liseli gen\u00e7lerin bu \u00f6\u011frenci hareketine kat\u0131lmas\u0131 gerekti\u011fini belirten Nadel, \u0130le-de-France b\u00f6lgesinin harekete ge\u00e7ece\u011fini vurgulad\u0131. &#13; Lise Sendikalar Birli\u011fi&#8217;nin (USL) S\u00f6zc\u00fcs\u00fc Gwenn Thomas-Alves, ise ge\u00e7ti\u011fimiz [&hellip;]<\/p>\n","protected":false},"author":1,"featured_media":1428,"comment_status":"open","ping_status":"open","sticky":false,"template":"","format":"standard","meta":{"jnews-multi-image_gallery":[],"jnews_single_post":[],"jnews_primary_category":[],"jnews_social_meta":[],"jnews_override_counter":[],"footnotes":""},"categories":[2],"tags":[],"class_list":["post-1427","post","type-post","status-publish","format-standard","has-post-thumbnail","hentry","category-dunya"],"yoast_head":"<!-- This site is optimized with the Yoast SEO plugin v27.5 - https:\/\/yoast.com\/product\/yoast-seo-wordpress\/ -->\n<title>Fransa genelindeki liselerde yar\u0131n Gazzeye destek protestosu d\u00fczenlenecek - Kuzeyin Sesi<\/title>\n<meta name=\"robots\" content=\"index, follow, max-snippet:-1, max-image-preview:large, max-video-preview:-1\" \/>\n<link rel=\"canonical\" href=\"https:\/\/kuzeyinsesi.org\/index.php\/2024\/05\/06\/fransa-genelindeki-liselerde-yarin-gazzeye-destek-protestosu-duzenlenecek\/\" \/>\n<meta property=\"og:locale\" content=\"tr_TR\" \/>\n<meta property=\"og:type\" content=\"article\" \/>\n<meta property=\"og:title\" content=\"Fransa genelindeki liselerde yar\u0131n Gazzeye destek protestosu d\u00fczenlenecek - Kuzeyin Sesi\" \/>\n<meta property=\"og:description\" content=\"&#013; Yar\u0131n ve sal\u0131 g\u00fcn\u00fc Fransa genelindeki onlarca lisede Gazze\u2019ye destek ve ate\u015fkes talebiyle protesto d\u00fczenlenecek. Lise Sendikalar Birli\u011fi Ba\u015fkan Yard\u0131mc\u0131s\u0131 Manes Nadel, yar\u0131ndan itibaren onlarca lisenin bloke edilece\u011fini a\u00e7\u0131klad\u0131. &#013; Liseli gen\u00e7lerin bu \u00f6\u011frenci hareketine kat\u0131lmas\u0131 gerekti\u011fini belirten Nadel, \u0130le-de-France b\u00f6lgesinin harekete ge\u00e7ece\u011fini vurgulad\u0131. &#013; Lise Sendikalar Birli\u011fi&#8217;nin (USL) S\u00f6zc\u00fcs\u00fc Gwenn Thomas-Alves, ise ge\u00e7ti\u011fimiz [&hellip;]\" \/>\n<meta property=\"og:url\" content=\"https:\/\/kuzeyinsesi.org\/index.php\/2024\/05\/06\/fransa-genelindeki-liselerde-yarin-gazzeye-destek-protestosu-duzenlenecek\/\" \/>\n<meta property=\"og:site_name\" content=\"Kuzeyin Sesi\" \/>\n<meta property=\"article:publisher\" content=\"https:\/\/www.facebook.com\/kuzeyinsesii\" \/>\n<meta property=\"article:published_time\" content=\"2024-05-06T01:19:32+00:00\" \/>\n<meta property=\"og:image\" content=\"https:\/\/kuzeyinsesi.org\/wp-content\/uploads\/2024\/05\/fransada-filistine-destek-aa-2223506.jpg\" \/>\n\t<meta property=\"og:image:width\" content=\"1280\" \/>\n\t<meta property=\"og:image:height\" content=\"720\" \/>\n\t<meta property=\"og:image:type\" content=\"image\/jpeg\" \/>\n<meta name=\"author\" content=\"Kuzeyin Sesi\" \/>\n<meta name=\"twitter:card\" content=\"summary_large_image\" \/>\n<meta name=\"twitter:creator\" content=\"@kuzeyinsesii\" \/>\n<meta name=\"twitter:site\" content=\"@kuzeyinsesii\" \/>\n<meta name=\"twitter:label1\" content=\"Yazan:\" \/>\n\t<meta name=\"twitter:data1\" content=\"Kuzeyin Sesi\" \/>\n\t<meta name=\"twitter:label2\" content=\"Tahmini okuma s\u00fcresi\" \/>\n\t<meta name=\"twitter:data2\" content=\"1 dakika\" \/>\n<script type=\"application\/ld+json\" class=\"yoast-schema-graph\">{\"@context\":\"https:\\\/\\\/schema.org\",\"@graph\":[{\"@type\":\"Article\",\"@id\":\"https:\\\/\\\/kuzeyinsesi.org\\\/index.php\\\/2024\\\/05\\\/06\\\/fransa-genelindeki-liselerde-yarin-gazzeye-destek-protestosu-duzenlenecek\\\/#article\",\"isPartOf\":{\"@id\":\"https:\\\/\\\/kuzeyinsesi.org\\\/index.php\\\/2024\\\/05\\\/06\\\/fransa-genelindeki-liselerde-yarin-gazzeye-destek-protestosu-duzenlenecek\\\/\"},\"author\":{\"name\":\"Kuzeyin Sesi\",\"@id\":\"https:\\\/\\\/kuzeyinsesi.org\\\/#\\\/schema\\\/person\\\/9f859689cdf01485597712386e37f5aa\"},\"headline\":\"Fransa genelindeki liselerde yar\u0131n Gazzeye destek protestosu d\u00fczenlenecek\",\"datePublished\":\"2024-05-06T01:19:32+00:00\",\"mainEntityOfPage\":{\"@id\":\"https:\\\/\\\/kuzeyinsesi.org\\\/index.php\\\/2024\\\/05\\\/06\\\/fransa-genelindeki-liselerde-yarin-gazzeye-destek-protestosu-duzenlenecek\\\/\"},\"wordCount\":298,\"commentCount\":0,\"image\":{\"@id\":\"https:\\\/\\\/kuzeyinsesi.org\\\/index.php\\\/2024\\\/05\\\/06\\\/fransa-genelindeki-liselerde-yarin-gazzeye-destek-protestosu-duzenlenecek\\\/#primaryimage\"},\"thumbnailUrl\":\"https:\\\/\\\/kuzeyinsesi.org\\\/wp-content\\\/uploads\\\/2024\\\/05\\\/fransada-filistine-destek-aa-2223506.jpg\",\"articleSection\":[\"D\u00fcnya\"],\"inLanguage\":\"tr\",\"potentialAction\":[{\"@type\":\"CommentAction\",\"name\":\"Comment\",\"target\":[\"https:\\\/\\\/kuzeyinsesi.org\\\/index.php\\\/2024\\\/05\\\/06\\\/fransa-genelindeki-liselerde-yarin-gazzeye-destek-protestosu-duzenlenecek\\\/#respond\"]}]},{\"@type\":\"WebPage\",\"@id\":\"https:\\\/\\\/kuzeyinsesi.org\\\/index.php\\\/2024\\\/05\\\/06\\\/fransa-genelindeki-liselerde-yarin-gazzeye-destek-protestosu-duzenlenecek\\\/\",\"url\":\"https:\\\/\\\/kuzeyinsesi.org\\\/index.php\\\/2024\\\/05\\\/06\\\/fransa-genelindeki-liselerde-yarin-gazzeye-destek-protestosu-duzenlenecek\\\/\",\"name\":\"Fransa genelindeki liselerde yar\u0131n Gazzeye destek protestosu d\u00fczenlenecek - Kuzeyin Sesi\",\"isPartOf\":{\"@id\":\"https:\\\/\\\/kuzeyinsesi.org\\\/#website\"},\"primaryImageOfPage\":{\"@id\":\"https:\\\/\\\/kuzeyinsesi.org\\\/index.php\\\/2024\\\/05\\\/06\\\/fransa-genelindeki-liselerde-yarin-gazzeye-destek-protestosu-duzenlenecek\\\/#primaryimage\"},\"image\":{\"@id\":\"https:\\\/\\\/kuzeyinsesi.org\\\/index.php\\\/2024\\\/05\\\/06\\\/fransa-genelindeki-liselerde-yarin-gazzeye-destek-protestosu-duzenlenecek\\\/#primaryimage\"},\"thumbnailUrl\":\"https:\\\/\\\/kuzeyinsesi.org\\\/wp-content\\\/uploads\\\/2024\\\/05\\\/fransada-filistine-destek-aa-2223506.jpg\",\"datePublished\":\"2024-05-06T01:19:32+00:00\",\"author\":{\"@id\":\"https:\\\/\\\/kuzeyinsesi.org\\\/#\\\/schema\\\/person\\\/9f859689cdf01485597712386e37f5aa\"},\"breadcrumb\":{\"@id\":\"https:\\\/\\\/kuzeyinsesi.org\\\/index.php\\\/2024\\\/05\\\/06\\\/fransa-genelindeki-liselerde-yarin-gazzeye-destek-protestosu-duzenlenecek\\\/#breadcrumb\"},\"inLanguage\":\"tr\",\"potentialAction\":[{\"@type\":\"ReadAction\",\"target\":[\"https:\\\/\\\/kuzeyinsesi.org\\\/index.php\\\/2024\\\/05\\\/06\\\/fransa-genelindeki-liselerde-yarin-gazzeye-destek-protestosu-duzenlenecek\\\/\"]}]},{\"@type\":\"ImageObject\",\"inLanguage\":\"tr\",\"@id\":\"https:\\\/\\\/kuzeyinsesi.org\\\/index.php\\\/2024\\\/05\\\/06\\\/fransa-genelindeki-liselerde-yarin-gazzeye-destek-protestosu-duzenlenecek\\\/#primaryimage\",\"url\":\"https:\\\/\\\/kuzeyinsesi.org\\\/wp-content\\\/uploads\\\/2024\\\/05\\\/fransada-filistine-destek-aa-2223506.jpg\",\"contentUrl\":\"https:\\\/\\\/kuzeyinsesi.org\\\/wp-content\\\/uploads\\\/2024\\\/05\\\/fransada-filistine-destek-aa-2223506.jpg\",\"width\":1280,\"height\":720},{\"@type\":\"BreadcrumbList\",\"@id\":\"https:\\\/\\\/kuzeyinsesi.org\\\/index.php\\\/2024\\\/05\\\/06\\\/fransa-genelindeki-liselerde-yarin-gazzeye-destek-protestosu-duzenlenecek\\\/#breadcrumb\",\"itemListElement\":[{\"@type\":\"ListItem\",\"position\":1,\"name\":\"Anasayfa\",\"item\":\"https:\\\/\\\/kuzeyinsesi.org\\\/\"},{\"@type\":\"ListItem\",\"position\":2,\"name\":\"Fransa genelindeki liselerde yar\u0131n Gazzeye destek protestosu d\u00fczenlenecek\"}]},{\"@type\":\"WebSite\",\"@id\":\"https:\\\/\\\/kuzeyinsesi.org\\\/#website\",\"url\":\"https:\\\/\\\/kuzeyinsesi.org\\\/\",\"name\":\"Kuzeyin Sesi\",\"description\":\"Do\u011fru Haberin Adresi\",\"potentialAction\":[{\"@type\":\"SearchAction\",\"target\":{\"@type\":\"EntryPoint\",\"urlTemplate\":\"https:\\\/\\\/kuzeyinsesi.org\\\/?s={search_term_string}\"},\"query-input\":{\"@type\":\"PropertyValueSpecification\",\"valueRequired\":true,\"valueName\":\"search_term_string\"}}],\"inLanguage\":\"tr\"},{\"@type\":\"Person\",\"@id\":\"https:\\\/\\\/kuzeyinsesi.org\\\/#\\\/schema\\\/person\\\/9f859689cdf01485597712386e37f5aa\",\"name\":\"Kuzeyin Sesi\",\"image\":{\"@type\":\"ImageObject\",\"inLanguage\":\"tr\",\"@id\":\"https:\\\/\\\/secure.gravatar.com\\\/avatar\\\/bab33852abfd8b282518d6ed81826833d77c3c882d9ab608add591ccace47a44?s=96&d=mm&r=g\",\"url\":\"https:\\\/\\\/secure.gravatar.com\\\/avatar\\\/bab33852abfd8b282518d6ed81826833d77c3c882d9ab608add591ccace47a44?s=96&d=mm&r=g\",\"contentUrl\":\"https:\\\/\\\/secure.gravatar.com\\\/avatar\\\/bab33852abfd8b282518d6ed81826833d77c3c882d9ab608add591ccace47a44?s=96&d=mm&r=g\",\"caption\":\"Kuzeyin Sesi\"},\"sameAs\":[\"https:\\\/\\\/kuzeyinsesi.org\"],\"url\":\"https:\\\/\\\/kuzeyinsesi.org\\\/index.php\\\/author\\\/guven\\\/\"}]}<\/script>\n<!-- \/ Yoast SEO plugin. -->","yoast_head_json":{"title":"Fransa genelindeki liselerde yar\u0131n Gazzeye destek protestosu d\u00fczenlenecek - Kuzeyin Sesi","robots":{"index":"index","follow":"follow","max-snippet":"max-snippet:-1","max-image-preview":"max-image-preview:large","max-video-preview":"max-video-preview:-1"},"canonical":"https:\/\/kuzeyinsesi.org\/index.php\/2024\/05\/06\/fransa-genelindeki-liselerde-yarin-gazzeye-destek-protestosu-duzenlenecek\/","og_locale":"tr_TR","og_type":"article","og_title":"Fransa genelindeki liselerde yar\u0131n Gazzeye destek protestosu d\u00fczenlenecek - Kuzeyin Sesi","og_description":"&#13; Yar\u0131n ve sal\u0131 g\u00fcn\u00fc Fransa genelindeki onlarca lisede Gazze\u2019ye destek ve ate\u015fkes talebiyle protesto d\u00fczenlenecek. Lise Sendikalar Birli\u011fi Ba\u015fkan Yard\u0131mc\u0131s\u0131 Manes Nadel, yar\u0131ndan itibaren onlarca lisenin bloke edilece\u011fini a\u00e7\u0131klad\u0131. &#13; Liseli gen\u00e7lerin bu \u00f6\u011frenci hareketine kat\u0131lmas\u0131 gerekti\u011fini belirten Nadel, \u0130le-de-France b\u00f6lgesinin harekete ge\u00e7ece\u011fini vurgulad\u0131. &#13; Lise Sendikalar Birli\u011fi&#8217;nin (USL) S\u00f6zc\u00fcs\u00fc Gwenn Thomas-Alves, ise ge\u00e7ti\u011fimiz [&hellip;]","og_url":"https:\/\/kuzeyinsesi.org\/index.php\/2024\/05\/06\/fransa-genelindeki-liselerde-yarin-gazzeye-destek-protestosu-duzenlenecek\/","og_site_name":"Kuzeyin Sesi","article_publisher":"https:\/\/www.facebook.com\/kuzeyinsesii","article_published_time":"2024-05-06T01:19:32+00:00","og_image":[{"width":1280,"height":720,"url":"https:\/\/kuzeyinsesi.org\/wp-content\/uploads\/2024\/05\/fransada-filistine-destek-aa-2223506.jpg","type":"image\/jpeg"}],"author":"Kuzeyin Sesi","twitter_card":"summary_large_image","twitter_creator":"@kuzeyinsesii","twitter_site":"@kuzeyinsesii","twitter_misc":{"Yazan:":"Kuzeyin Sesi","Tahmini okuma s\u00fcresi":"1 dakika"},"schema":{"@context":"https:\/\/schema.org","@graph":[{"@type":"Article","@id":"https:\/\/kuzeyinsesi.org\/index.php\/2024\/05\/06\/fransa-genelindeki-liselerde-yarin-gazzeye-destek-protestosu-duzenlenecek\/#article","isPartOf":{"@id":"https:\/\/kuzeyinsesi.org\/index.php\/2024\/05\/06\/fransa-genelindeki-liselerde-yarin-gazzeye-destek-protestosu-duzenlenecek\/"},"author":{"name":"Kuzeyin Sesi","@id":"https:\/\/kuzeyinsesi.org\/#\/schema\/person\/9f859689cdf01485597712386e37f5aa"},"headline":"Fransa genelindeki liselerde yar\u0131n Gazzeye destek protestosu d\u00fczenlenecek","datePublished":"2024-05-06T01:19:32+00:00","mainEntityOfPage":{"@id":"https:\/\/kuzeyinsesi.org\/index.php\/2024\/05\/06\/fransa-genelindeki-liselerde-yarin-gazzeye-destek-protestosu-duzenlenecek\/"},"wordCount":298,"commentCount":0,"image":{"@id":"https:\/\/kuzeyinsesi.org\/index.php\/2024\/05\/06\/fransa-genelindeki-liselerde-yarin-gazzeye-destek-protestosu-duzenlenecek\/#primaryimage"},"thumbnailUrl":"https:\/\/kuzeyinsesi.org\/wp-content\/uploads\/2024\/05\/fransada-filistine-destek-aa-2223506.jpg","articleSection":["D\u00fcnya"],"inLanguage":"tr","potentialAction":[{"@type":"CommentAction","name":"Comment","target":["https:\/\/kuzeyinsesi.org\/index.php\/2024\/05\/06\/fransa-genelindeki-liselerde-yarin-gazzeye-destek-protestosu-duzenlenecek\/#respond"]}]},{"@type":"WebPage","@id":"https:\/\/kuzeyinsesi.org\/index.php\/2024\/05\/06\/fransa-genelindeki-liselerde-yarin-gazzeye-destek-protestosu-duzenlenecek\/","url":"https:\/\/kuzeyinsesi.org\/index.php\/2024\/05\/06\/fransa-genelindeki-liselerde-yarin-gazzeye-destek-protestosu-duzenlenecek\/","name":"Fransa genelindeki liselerde yar\u0131n Gazzeye destek protestosu d\u00fczenlenecek - Kuzeyin Sesi","isPartOf":{"@id":"https:\/\/kuzeyinsesi.org\/#website"},"primaryImageOfPage":{"@id":"https:\/\/kuzeyinsesi.org\/index.php\/2024\/05\/06\/fransa-genelindeki-liselerde-yarin-gazzeye-destek-protestosu-duzenlenecek\/#primaryimage"},"image":{"@id":"https:\/\/kuzeyinsesi.org\/index.php\/2024\/05\/06\/fransa-genelindeki-liselerde-yarin-gazzeye-destek-protestosu-duzenlenecek\/#primaryimage"},"thumbnailUrl":"https:\/\/kuzeyinsesi.org\/wp-content\/uploads\/2024\/05\/fransada-filistine-destek-aa-2223506.jpg","datePublished":"2024-05-06T01:19:32+00:00","author":{"@id":"https:\/\/kuzeyinsesi.org\/#\/schema\/person\/9f859689cdf01485597712386e37f5aa"},"breadcrumb":{"@id":"https:\/\/kuzeyinsesi.org\/index.php\/2024\/05\/06\/fransa-genelindeki-liselerde-yarin-gazzeye-destek-protestosu-duzenlenecek\/#breadcrumb"},"inLanguage":"tr","potentialAction":[{"@type":"ReadAction","target":["https:\/\/kuzeyinsesi.org\/index.php\/2024\/05\/06\/fransa-genelindeki-liselerde-yarin-gazzeye-destek-protestosu-duzenlenecek\/"]}]},{"@type":"ImageObject","inLanguage":"tr","@id":"https:\/\/kuzeyinsesi.org\/index.php\/2024\/05\/06\/fransa-genelindeki-liselerde-yarin-gazzeye-destek-protestosu-duzenlenecek\/#primaryimage","url":"https:\/\/kuzeyinsesi.org\/wp-content\/uploads\/2024\/05\/fransada-filistine-destek-aa-2223506.jpg","contentUrl":"https:\/\/kuzeyinsesi.org\/wp-content\/uploads\/2024\/05\/fransada-filistine-destek-aa-2223506.jpg","width":1280,"height":720},{"@type":"BreadcrumbList","@id":"https:\/\/kuzeyinsesi.org\/index.php\/2024\/05\/06\/fransa-genelindeki-liselerde-yarin-gazzeye-destek-protestosu-duzenlenecek\/#breadcrumb","itemListElement":[{"@type":"ListItem","position":1,"name":"Anasayfa","item":"https:\/\/kuzeyinsesi.org\/"},{"@type":"ListItem","position":2,"name":"Fransa genelindeki liselerde yar\u0131n Gazzeye destek protestosu d\u00fczenlenecek"}]},{"@type":"WebSite","@id":"https:\/\/kuzeyinsesi.org\/#website","url":"https:\/\/kuzeyinsesi.org\/","name":"Kuzeyin Sesi","description":"Do\u011fru Haberin Adresi","potentialAction":[{"@type":"SearchAction","target":{"@type":"EntryPoint","urlTemplate":"https:\/\/kuzeyinsesi.org\/?s={search_term_string}"},"query-input":{"@type":"PropertyValueSpecification","valueRequired":true,"valueName":"search_term_string"}}],"inLanguage":"tr"},{"@type":"Person","@id":"https:\/\/kuzeyinsesi.org\/#\/schema\/person\/9f859689cdf01485597712386e37f5aa","name":"Kuzeyin Sesi","image":{"@type":"ImageObject","inLanguage":"tr","@id":"https:\/\/secure.gravatar.com\/avatar\/bab33852abfd8b282518d6ed81826833d77c3c882d9ab608add591ccace47a44?s=96&d=mm&r=g","url":"https:\/\/secure.gravatar.com\/avatar\/bab33852abfd8b282518d6ed81826833d77c3c882d9ab608add591ccace47a44?s=96&d=mm&r=g","contentUrl":"https:\/\/secure.gravatar.com\/avatar\/bab33852abfd8b282518d6ed81826833d77c3c882d9ab608add591ccace47a44?s=96&d=mm&r=g","caption":"Kuzeyin Sesi"},"sameAs":["https:\/\/kuzeyinsesi.org"],"url":"https:\/\/kuzeyinsesi.org\/index.php\/author\/guven\/"}]}},"_links":{"self":[{"href":"https:\/\/kuzeyinsesi.org\/index.php\/wp-json\/wp\/v2\/posts\/1427","targetHints":{"allow":["GET"]}}],"collection":[{"href":"https:\/\/kuzeyinsesi.org\/index.php\/wp-json\/wp\/v2\/posts"}],"about":[{"href":"https:\/\/kuzeyinsesi.org\/index.php\/wp-json\/wp\/v2\/types\/post"}],"author":[{"embeddable":true,"href":"https:\/\/kuzeyinsesi.org\/index.php\/wp-json\/wp\/v2\/users\/1"}],"replies":[{"embeddable":true,"href":"https:\/\/kuzeyinsesi.org\/index.php\/wp-json\/wp\/v2\/comments?post=1427"}],"version-history":[{"count":0,"href":"https:\/\/kuzeyinsesi.org\/index.php\/wp-json\/wp\/v2\/posts\/1427\/revisions"}],"wp:featuredmedia":[{"embeddable":true,"href":"https:\/\/kuzeyinsesi.org\/index.php\/wp-json\/wp\/v2\/media\/1428"}],"wp:attachment":[{"href":"https:\/\/kuzeyinsesi.org\/index.php\/wp-json\/wp\/v2\/media?parent=1427"}],"wp:term":[{"taxonomy":"category","embeddable":true,"href":"https:\/\/kuzeyinsesi.org\/index.php\/wp-json\/wp\/v2\/categories?post=1427"},{"taxonomy":"post_tag","embeddable":true,"href":"https:\/\/kuzeyinsesi.org\/index.php\/wp-json\/wp\/v2\/tags?post=1427"}],"curies":[{"name":"wp","href":"https:\/\/api.w.org\/{rel}","templated":true}]}}