{"id":14251,"date":"2024-11-25T12:40:53","date_gmt":"2024-11-25T10:40:53","guid":{"rendered":"https:\/\/kuzeyinsesi.org\/index.php\/2024\/11\/25\/kktc-rekabet-kurulu-ile-t-c-rekabet-kurumu-arasinda-isbirligi-protokolu-imzalandi\/"},"modified":"2024-11-25T12:40:53","modified_gmt":"2024-11-25T10:40:53","slug":"kktc-rekabet-kurulu-ile-t-c-rekabet-kurumu-arasinda-isbirligi-protokolu-imzalandi","status":"publish","type":"post","link":"https:\/\/kuzeyinsesi.org\/index.php\/2024\/11\/25\/kktc-rekabet-kurulu-ile-t-c-rekabet-kurumu-arasinda-isbirligi-protokolu-imzalandi\/","title":{"rendered":"KKTC Rekabet Kurulu ile T.C. Rekabet Kurumu aras\u0131nda i\u015fbirli\u011fi protokol\u00fc imzaland\u0131"},"content":{"rendered":"<div>\n<div class=\"mariselle-image-container center\">\n                                            <\/div>\n<p>KKTC Rekabet Kurulu ile T\u00fcrkiye Cumhuriyeti Rekabet Kurumu aras\u0131nda i\u015fbirli\u011fi protokol\u00fc imzaland\u0131.<\/p>\n<p>Lefko\u015fa Concorde Otel\u2019de yer alan ve Ekonomi ve Enerji Bakan\u0131 Olgun Amcao\u011flu\u2019nun da kat\u0131larak konu\u015fma yapt\u0131\u011f\u0131 t\u00f6rende, protokole, KKTC Rekabet Kurulu Ba\u015fkan\u0131 Mustafa \u00dcst\u00fcnel ile T\u00fcrkiye Cumhuriyeti Rekabet Kurumu Ba\u015fkan\u0131 Birol K\u00fcle imza koydu.<\/p>\n<p>Protokol \u00e7er\u00e7evesinde iki kurum aras\u0131nda e\u011fitim ve bilgi payla\u015f\u0131m\u0131, altyap\u0131 gibi alanlarda i\u015fbirli\u011fi yap\u0131lacak.<\/p>\n<p>Ekonomi ve Enerji Bakan\u0131 Olgun Amcao\u011flu, \u00fclkenin geli\u015fmesi ve kalk\u0131nmas\u0131nda, s\u00fcrd\u00fcr\u00fclebilir ekonomi i\u00e7in i\u015fbirli\u011fi protokol\u00fcn\u00fcn \u00f6nemli oldu\u011funu belirtti.<\/p>\n<p>T\u00fcrkiye Cumhuriyeti Rekabet Kurumu\u2019nun bu noktadaki deneyimlerinden faydalanman\u0131n KKTC i\u00e7in \u00f6nemine i\u015faret eden Amcao\u011flu, protokolle kalk\u0131nma ve b\u00fcy\u00fcme i\u00e7in ad\u0131mlar\u0131n h\u0131zlanaca\u011f\u0131n\u0131 s\u00f6yledi.<\/p>\n<p>Amcao\u011flu, protokol\u00fc \u00e7ok \u00f6nemsediklerini, iki co\u011frafyan\u0131n tecr\u00fcbelerini birle\u015ftirmesinin kolay olmad\u0131\u011f\u0131n\u0131 dile getirerek, \u00e7aba g\u00f6steren herkese te\u015fekk\u00fcr etti.<\/p>\n<p>KKTC Rekabet Kurulu Ba\u015fkan\u0131 Mustafa \u00dcst\u00fcnel, protokol\u00fcn \u00f6nemine vurgu yaparak, i\u015fbirli\u011finin daha h\u0131zl\u0131 ve detayl\u0131 \u00e7al\u0131\u015fmalara olanak sa\u011flayaca\u011f\u0131n\u0131 belirtti.<\/p>\n<p>\u00dcst\u00fcnel, KKTC\u2019nin Ocak ay\u0131nda d\u00fczenlenen T\u00fcrk Devletleri Te\u015fkilat\u0131 Rekabet Konseyi\u2019nde temsil edilmesinin \u00f6nemli oldu\u011funu dile getirerek, KKTC\u2019nin tan\u0131nmas\u0131na katk\u0131 sa\u011flayacak bu ad\u0131ma \u00f6nderlik eden T\u00fcrkiye Cumhuriyeti\u2019ne ve T\u00fcrkiye Cumhuriyeti Rekabet Kurumu\u2019na te\u015fekk\u00fcr etti.<\/p>\n<p>Protokol ile tecr\u00fcbe, e\u011fitim ve mevzuat \u00e7al\u0131\u015fmalar\u0131nda bilgi payla\u015f\u0131m\u0131na olanak sa\u011flayaca\u011f\u0131n\u0131 s\u00f6yleyen \u00dcst\u00fcnel, protokol\u00fcn kurumsal ve teknolojik altyap\u0131 anlam\u0131nda da \u00f6nem ta\u015f\u0131d\u0131\u011f\u0131n\u0131 belirtti.<\/p>\n<p>T\u00fcrkiye Cumhuriyeti Rekabet Kurumu Ba\u015fkan\u0131 Birol K\u00fcle, KKTC ile i\u015fbirli\u011fine \u00f6nem verdiklerini s\u00f6yleyerek, T\u00fcrkiye ekonomisinin s\u00fcrd\u00fcr\u00fclebilir b\u00fcy\u00fcmesine katk\u0131 sa\u011flamak amac\u0131yla nitelikli kadrosuyla \u00e7al\u0131\u015fmalar y\u00fcr\u00fctt\u00fcklerini belirtti.<\/p>\n<p>K\u00fcle, protokolle bu deneyimlerini KKTC ile payla\u015fmak, ekonomiyi ileriye ta\u015f\u0131mak amac\u0131yla s\u00fcrd\u00fcr\u00fclen \u00e7al\u0131\u015fmalara destek vermeyi ama\u00e7lad\u0131klar\u0131n\u0131 ifade etti.<\/p>\n<\/p><\/div>\n<p><script async\n                    defer\n                    crossorigin=\"anonymous\"\n                    src=\"https:\/\/connect.facebook.net\/tr_TR\/sdk.js#xfbml=1&#038;version=v3.3\"\n            ><\/script><\/p>\n","protected":false},"excerpt":{"rendered":"<p>KKTC Rekabet Kurulu ile T\u00fcrkiye Cumhuriyeti Rekabet Kurumu aras\u0131nda i\u015fbirli\u011fi protokol\u00fc imzaland\u0131. Lefko\u015fa Concorde Otel\u2019de yer alan ve Ekonomi ve Enerji Bakan\u0131 Olgun Amcao\u011flu\u2019nun da kat\u0131larak konu\u015fma yapt\u0131\u011f\u0131 t\u00f6rende, protokole, KKTC Rekabet Kurulu Ba\u015fkan\u0131 Mustafa \u00dcst\u00fcnel ile T\u00fcrkiye Cumhuriyeti Rekabet Kurumu Ba\u015fkan\u0131 Birol K\u00fcle imza koydu. Protokol \u00e7er\u00e7evesinde iki kurum aras\u0131nda e\u011fitim ve bilgi payla\u015f\u0131m\u0131, [&hellip;]<\/p>\n","protected":false},"author":1,"featured_media":14252,"comment_status":"open","ping_status":"open","sticky":false,"template":"","format":"standard","meta":{"jnews-multi-image_gallery":[],"jnews_single_post":[],"jnews_primary_category":[],"jnews_social_meta":[],"jnews_override_counter":[],"footnotes":""},"categories":[5],"tags":[],"class_list":["post-14251","post","type-post","status-publish","format-standard","has-post-thumbnail","hentry","category-turkiye"],"yoast_head":"<!-- This site is optimized with the Yoast SEO plugin v27.4 - https:\/\/yoast.com\/product\/yoast-seo-wordpress\/ -->\n<title>KKTC Rekabet Kurulu ile T.C. Rekabet Kurumu aras\u0131nda i\u015fbirli\u011fi protokol\u00fc imzaland\u0131 - Kuzeyin Sesi<\/title>\n<meta name=\"robots\" content=\"index, follow, max-snippet:-1, max-image-preview:large, max-video-preview:-1\" \/>\n<link rel=\"canonical\" href=\"https:\/\/kuzeyinsesi.org\/index.php\/2024\/11\/25\/kktc-rekabet-kurulu-ile-t-c-rekabet-kurumu-arasinda-isbirligi-protokolu-imzalandi\/\" \/>\n<meta property=\"og:locale\" content=\"tr_TR\" \/>\n<meta property=\"og:type\" content=\"article\" \/>\n<meta property=\"og:title\" content=\"KKTC Rekabet Kurulu ile T.C. Rekabet Kurumu aras\u0131nda i\u015fbirli\u011fi protokol\u00fc imzaland\u0131 - Kuzeyin Sesi\" \/>\n<meta property=\"og:description\" content=\"KKTC Rekabet Kurulu ile T\u00fcrkiye Cumhuriyeti Rekabet Kurumu aras\u0131nda i\u015fbirli\u011fi protokol\u00fc imzaland\u0131. Lefko\u015fa Concorde Otel\u2019de yer alan ve Ekonomi ve Enerji Bakan\u0131 Olgun Amcao\u011flu\u2019nun da kat\u0131larak konu\u015fma yapt\u0131\u011f\u0131 t\u00f6rende, protokole, KKTC Rekabet Kurulu Ba\u015fkan\u0131 Mustafa \u00dcst\u00fcnel ile T\u00fcrkiye Cumhuriyeti Rekabet Kurumu Ba\u015fkan\u0131 Birol K\u00fcle imza koydu. Protokol \u00e7er\u00e7evesinde iki kurum aras\u0131nda e\u011fitim ve bilgi payla\u015f\u0131m\u0131, [&hellip;]\" \/>\n<meta property=\"og:url\" content=\"https:\/\/kuzeyinsesi.org\/index.php\/2024\/11\/25\/kktc-rekabet-kurulu-ile-t-c-rekabet-kurumu-arasinda-isbirligi-protokolu-imzalandi\/\" \/>\n<meta property=\"og:site_name\" content=\"Kuzeyin Sesi\" \/>\n<meta property=\"article:publisher\" content=\"https:\/\/www.facebook.com\/kuzeyinsesii\" \/>\n<meta property=\"article:published_time\" content=\"2024-11-25T10:40:53+00:00\" \/>\n<meta property=\"og:image\" content=\"https:\/\/brtk.net\/wp-content\/uploads\/2024\/11\/25\/kktc-rekabet-kurulu-ile-t-c-rekabet-kurumu-arasinda-isbirligi-protokolu-imzalandi-2-so.jpg?ver=f1e7ea65bd0a0fe1f7ef4a7455f2f6cf\" \/>\n<meta name=\"author\" content=\"Kuzeyin Sesi\" \/>\n<meta name=\"twitter:card\" content=\"summary_large_image\" \/>\n<meta name=\"twitter:creator\" content=\"@kuzeyinsesii\" \/>\n<meta name=\"twitter:site\" content=\"@kuzeyinsesii\" \/>\n<meta name=\"twitter:label1\" content=\"Yazan:\" \/>\n\t<meta name=\"twitter:data1\" content=\"Kuzeyin Sesi\" \/>\n\t<meta name=\"twitter:label2\" content=\"Tahmini okuma s\u00fcresi\" \/>\n\t<meta name=\"twitter:data2\" content=\"2 dakika\" \/>\n<script type=\"application\/ld+json\" class=\"yoast-schema-graph\">{\"@context\":\"https:\\\/\\\/schema.org\",\"@graph\":[{\"@type\":\"Article\",\"@id\":\"https:\\\/\\\/kuzeyinsesi.org\\\/index.php\\\/2024\\\/11\\\/25\\\/kktc-rekabet-kurulu-ile-t-c-rekabet-kurumu-arasinda-isbirligi-protokolu-imzalandi\\\/#article\",\"isPartOf\":{\"@id\":\"https:\\\/\\\/kuzeyinsesi.org\\\/index.php\\\/2024\\\/11\\\/25\\\/kktc-rekabet-kurulu-ile-t-c-rekabet-kurumu-arasinda-isbirligi-protokolu-imzalandi\\\/\"},\"author\":{\"name\":\"Kuzeyin Sesi\",\"@id\":\"https:\\\/\\\/kuzeyinsesi.org\\\/#\\\/schema\\\/person\\\/9f859689cdf01485597712386e37f5aa\"},\"headline\":\"KKTC Rekabet Kurulu ile T.C. Rekabet Kurumu aras\u0131nda i\u015fbirli\u011fi protokol\u00fc imzaland\u0131\",\"datePublished\":\"2024-11-25T10:40:53+00:00\",\"mainEntityOfPage\":{\"@id\":\"https:\\\/\\\/kuzeyinsesi.org\\\/index.php\\\/2024\\\/11\\\/25\\\/kktc-rekabet-kurulu-ile-t-c-rekabet-kurumu-arasinda-isbirligi-protokolu-imzalandi\\\/\"},\"wordCount\":381,\"commentCount\":0,\"image\":{\"@id\":\"https:\\\/\\\/kuzeyinsesi.org\\\/index.php\\\/2024\\\/11\\\/25\\\/kktc-rekabet-kurulu-ile-t-c-rekabet-kurumu-arasinda-isbirligi-protokolu-imzalandi\\\/#primaryimage\"},\"thumbnailUrl\":\"https:\\\/\\\/kuzeyinsesi.org\\\/wp-content\\\/uploads\\\/2024\\\/11\\\/kktc-rekabet-kurulu-ile-t-c-rekabet-kurumu-arasinda-isbirligi-protokolu-imzalandi-2-so.jpg\",\"articleSection\":[\"T\u00fcrkiye\"],\"inLanguage\":\"tr\",\"potentialAction\":[{\"@type\":\"CommentAction\",\"name\":\"Comment\",\"target\":[\"https:\\\/\\\/kuzeyinsesi.org\\\/index.php\\\/2024\\\/11\\\/25\\\/kktc-rekabet-kurulu-ile-t-c-rekabet-kurumu-arasinda-isbirligi-protokolu-imzalandi\\\/#respond\"]}]},{\"@type\":\"WebPage\",\"@id\":\"https:\\\/\\\/kuzeyinsesi.org\\\/index.php\\\/2024\\\/11\\\/25\\\/kktc-rekabet-kurulu-ile-t-c-rekabet-kurumu-arasinda-isbirligi-protokolu-imzalandi\\\/\",\"url\":\"https:\\\/\\\/kuzeyinsesi.org\\\/index.php\\\/2024\\\/11\\\/25\\\/kktc-rekabet-kurulu-ile-t-c-rekabet-kurumu-arasinda-isbirligi-protokolu-imzalandi\\\/\",\"name\":\"KKTC Rekabet Kurulu ile T.C. Rekabet Kurumu aras\u0131nda i\u015fbirli\u011fi protokol\u00fc imzaland\u0131 - Kuzeyin Sesi\",\"isPartOf\":{\"@id\":\"https:\\\/\\\/kuzeyinsesi.org\\\/#website\"},\"primaryImageOfPage\":{\"@id\":\"https:\\\/\\\/kuzeyinsesi.org\\\/index.php\\\/2024\\\/11\\\/25\\\/kktc-rekabet-kurulu-ile-t-c-rekabet-kurumu-arasinda-isbirligi-protokolu-imzalandi\\\/#primaryimage\"},\"image\":{\"@id\":\"https:\\\/\\\/kuzeyinsesi.org\\\/index.php\\\/2024\\\/11\\\/25\\\/kktc-rekabet-kurulu-ile-t-c-rekabet-kurumu-arasinda-isbirligi-protokolu-imzalandi\\\/#primaryimage\"},\"thumbnailUrl\":\"https:\\\/\\\/kuzeyinsesi.org\\\/wp-content\\\/uploads\\\/2024\\\/11\\\/kktc-rekabet-kurulu-ile-t-c-rekabet-kurumu-arasinda-isbirligi-protokolu-imzalandi-2-so.jpg\",\"datePublished\":\"2024-11-25T10:40:53+00:00\",\"author\":{\"@id\":\"https:\\\/\\\/kuzeyinsesi.org\\\/#\\\/schema\\\/person\\\/9f859689cdf01485597712386e37f5aa\"},\"breadcrumb\":{\"@id\":\"https:\\\/\\\/kuzeyinsesi.org\\\/index.php\\\/2024\\\/11\\\/25\\\/kktc-rekabet-kurulu-ile-t-c-rekabet-kurumu-arasinda-isbirligi-protokolu-imzalandi\\\/#breadcrumb\"},\"inLanguage\":\"tr\",\"potentialAction\":[{\"@type\":\"ReadAction\",\"target\":[\"https:\\\/\\\/kuzeyinsesi.org\\\/index.php\\\/2024\\\/11\\\/25\\\/kktc-rekabet-kurulu-ile-t-c-rekabet-kurumu-arasinda-isbirligi-protokolu-imzalandi\\\/\"]}]},{\"@type\":\"ImageObject\",\"inLanguage\":\"tr\",\"@id\":\"https:\\\/\\\/kuzeyinsesi.org\\\/index.php\\\/2024\\\/11\\\/25\\\/kktc-rekabet-kurulu-ile-t-c-rekabet-kurumu-arasinda-isbirligi-protokolu-imzalandi\\\/#primaryimage\",\"url\":\"https:\\\/\\\/kuzeyinsesi.org\\\/wp-content\\\/uploads\\\/2024\\\/11\\\/kktc-rekabet-kurulu-ile-t-c-rekabet-kurumu-arasinda-isbirligi-protokolu-imzalandi-2-so.jpg\",\"contentUrl\":\"https:\\\/\\\/kuzeyinsesi.org\\\/wp-content\\\/uploads\\\/2024\\\/11\\\/kktc-rekabet-kurulu-ile-t-c-rekabet-kurumu-arasinda-isbirligi-protokolu-imzalandi-2-so.jpg\",\"width\":2480,\"height\":1656},{\"@type\":\"BreadcrumbList\",\"@id\":\"https:\\\/\\\/kuzeyinsesi.org\\\/index.php\\\/2024\\\/11\\\/25\\\/kktc-rekabet-kurulu-ile-t-c-rekabet-kurumu-arasinda-isbirligi-protokolu-imzalandi\\\/#breadcrumb\",\"itemListElement\":[{\"@type\":\"ListItem\",\"position\":1,\"name\":\"Anasayfa\",\"item\":\"https:\\\/\\\/kuzeyinsesi.org\\\/\"},{\"@type\":\"ListItem\",\"position\":2,\"name\":\"KKTC Rekabet Kurulu ile T.C. Rekabet Kurumu aras\u0131nda i\u015fbirli\u011fi protokol\u00fc imzaland\u0131\"}]},{\"@type\":\"WebSite\",\"@id\":\"https:\\\/\\\/kuzeyinsesi.org\\\/#website\",\"url\":\"https:\\\/\\\/kuzeyinsesi.org\\\/\",\"name\":\"Kuzeyin Sesi\",\"description\":\"Do\u011fru Haberin Adresi\",\"potentialAction\":[{\"@type\":\"SearchAction\",\"target\":{\"@type\":\"EntryPoint\",\"urlTemplate\":\"https:\\\/\\\/kuzeyinsesi.org\\\/?s={search_term_string}\"},\"query-input\":{\"@type\":\"PropertyValueSpecification\",\"valueRequired\":true,\"valueName\":\"search_term_string\"}}],\"inLanguage\":\"tr\"},{\"@type\":\"Person\",\"@id\":\"https:\\\/\\\/kuzeyinsesi.org\\\/#\\\/schema\\\/person\\\/9f859689cdf01485597712386e37f5aa\",\"name\":\"Kuzeyin Sesi\",\"image\":{\"@type\":\"ImageObject\",\"inLanguage\":\"tr\",\"@id\":\"https:\\\/\\\/secure.gravatar.com\\\/avatar\\\/bab33852abfd8b282518d6ed81826833d77c3c882d9ab608add591ccace47a44?s=96&d=mm&r=g\",\"url\":\"https:\\\/\\\/secure.gravatar.com\\\/avatar\\\/bab33852abfd8b282518d6ed81826833d77c3c882d9ab608add591ccace47a44?s=96&d=mm&r=g\",\"contentUrl\":\"https:\\\/\\\/secure.gravatar.com\\\/avatar\\\/bab33852abfd8b282518d6ed81826833d77c3c882d9ab608add591ccace47a44?s=96&d=mm&r=g\",\"caption\":\"Kuzeyin Sesi\"},\"sameAs\":[\"https:\\\/\\\/kuzeyinsesi.org\"],\"url\":\"https:\\\/\\\/kuzeyinsesi.org\\\/index.php\\\/author\\\/guven\\\/\"}]}<\/script>\n<!-- \/ Yoast SEO plugin. -->","yoast_head_json":{"title":"KKTC Rekabet Kurulu ile T.C. Rekabet Kurumu aras\u0131nda i\u015fbirli\u011fi protokol\u00fc imzaland\u0131 - Kuzeyin Sesi","robots":{"index":"index","follow":"follow","max-snippet":"max-snippet:-1","max-image-preview":"max-image-preview:large","max-video-preview":"max-video-preview:-1"},"canonical":"https:\/\/kuzeyinsesi.org\/index.php\/2024\/11\/25\/kktc-rekabet-kurulu-ile-t-c-rekabet-kurumu-arasinda-isbirligi-protokolu-imzalandi\/","og_locale":"tr_TR","og_type":"article","og_title":"KKTC Rekabet Kurulu ile T.C. Rekabet Kurumu aras\u0131nda i\u015fbirli\u011fi protokol\u00fc imzaland\u0131 - Kuzeyin Sesi","og_description":"KKTC Rekabet Kurulu ile T\u00fcrkiye Cumhuriyeti Rekabet Kurumu aras\u0131nda i\u015fbirli\u011fi protokol\u00fc imzaland\u0131. Lefko\u015fa Concorde Otel\u2019de yer alan ve Ekonomi ve Enerji Bakan\u0131 Olgun Amcao\u011flu\u2019nun da kat\u0131larak konu\u015fma yapt\u0131\u011f\u0131 t\u00f6rende, protokole, KKTC Rekabet Kurulu Ba\u015fkan\u0131 Mustafa \u00dcst\u00fcnel ile T\u00fcrkiye Cumhuriyeti Rekabet Kurumu Ba\u015fkan\u0131 Birol K\u00fcle imza koydu. Protokol \u00e7er\u00e7evesinde iki kurum aras\u0131nda e\u011fitim ve bilgi payla\u015f\u0131m\u0131, [&hellip;]","og_url":"https:\/\/kuzeyinsesi.org\/index.php\/2024\/11\/25\/kktc-rekabet-kurulu-ile-t-c-rekabet-kurumu-arasinda-isbirligi-protokolu-imzalandi\/","og_site_name":"Kuzeyin Sesi","article_publisher":"https:\/\/www.facebook.com\/kuzeyinsesii","article_published_time":"2024-11-25T10:40:53+00:00","og_image":[{"url":"https:\/\/brtk.net\/wp-content\/uploads\/2024\/11\/25\/kktc-rekabet-kurulu-ile-t-c-rekabet-kurumu-arasinda-isbirligi-protokolu-imzalandi-2-so.jpg?ver=f1e7ea65bd0a0fe1f7ef4a7455f2f6cf","type":"","width":"","height":""}],"author":"Kuzeyin Sesi","twitter_card":"summary_large_image","twitter_creator":"@kuzeyinsesii","twitter_site":"@kuzeyinsesii","twitter_misc":{"Yazan:":"Kuzeyin Sesi","Tahmini okuma s\u00fcresi":"2 dakika"},"schema":{"@context":"https:\/\/schema.org","@graph":[{"@type":"Article","@id":"https:\/\/kuzeyinsesi.org\/index.php\/2024\/11\/25\/kktc-rekabet-kurulu-ile-t-c-rekabet-kurumu-arasinda-isbirligi-protokolu-imzalandi\/#article","isPartOf":{"@id":"https:\/\/kuzeyinsesi.org\/index.php\/2024\/11\/25\/kktc-rekabet-kurulu-ile-t-c-rekabet-kurumu-arasinda-isbirligi-protokolu-imzalandi\/"},"author":{"name":"Kuzeyin Sesi","@id":"https:\/\/kuzeyinsesi.org\/#\/schema\/person\/9f859689cdf01485597712386e37f5aa"},"headline":"KKTC Rekabet Kurulu ile T.C. Rekabet Kurumu aras\u0131nda i\u015fbirli\u011fi protokol\u00fc imzaland\u0131","datePublished":"2024-11-25T10:40:53+00:00","mainEntityOfPage":{"@id":"https:\/\/kuzeyinsesi.org\/index.php\/2024\/11\/25\/kktc-rekabet-kurulu-ile-t-c-rekabet-kurumu-arasinda-isbirligi-protokolu-imzalandi\/"},"wordCount":381,"commentCount":0,"image":{"@id":"https:\/\/kuzeyinsesi.org\/index.php\/2024\/11\/25\/kktc-rekabet-kurulu-ile-t-c-rekabet-kurumu-arasinda-isbirligi-protokolu-imzalandi\/#primaryimage"},"thumbnailUrl":"https:\/\/kuzeyinsesi.org\/wp-content\/uploads\/2024\/11\/kktc-rekabet-kurulu-ile-t-c-rekabet-kurumu-arasinda-isbirligi-protokolu-imzalandi-2-so.jpg","articleSection":["T\u00fcrkiye"],"inLanguage":"tr","potentialAction":[{"@type":"CommentAction","name":"Comment","target":["https:\/\/kuzeyinsesi.org\/index.php\/2024\/11\/25\/kktc-rekabet-kurulu-ile-t-c-rekabet-kurumu-arasinda-isbirligi-protokolu-imzalandi\/#respond"]}]},{"@type":"WebPage","@id":"https:\/\/kuzeyinsesi.org\/index.php\/2024\/11\/25\/kktc-rekabet-kurulu-ile-t-c-rekabet-kurumu-arasinda-isbirligi-protokolu-imzalandi\/","url":"https:\/\/kuzeyinsesi.org\/index.php\/2024\/11\/25\/kktc-rekabet-kurulu-ile-t-c-rekabet-kurumu-arasinda-isbirligi-protokolu-imzalandi\/","name":"KKTC Rekabet Kurulu ile T.C. Rekabet Kurumu aras\u0131nda i\u015fbirli\u011fi protokol\u00fc imzaland\u0131 - Kuzeyin Sesi","isPartOf":{"@id":"https:\/\/kuzeyinsesi.org\/#website"},"primaryImageOfPage":{"@id":"https:\/\/kuzeyinsesi.org\/index.php\/2024\/11\/25\/kktc-rekabet-kurulu-ile-t-c-rekabet-kurumu-arasinda-isbirligi-protokolu-imzalandi\/#primaryimage"},"image":{"@id":"https:\/\/kuzeyinsesi.org\/index.php\/2024\/11\/25\/kktc-rekabet-kurulu-ile-t-c-rekabet-kurumu-arasinda-isbirligi-protokolu-imzalandi\/#primaryimage"},"thumbnailUrl":"https:\/\/kuzeyinsesi.org\/wp-content\/uploads\/2024\/11\/kktc-rekabet-kurulu-ile-t-c-rekabet-kurumu-arasinda-isbirligi-protokolu-imzalandi-2-so.jpg","datePublished":"2024-11-25T10:40:53+00:00","author":{"@id":"https:\/\/kuzeyinsesi.org\/#\/schema\/person\/9f859689cdf01485597712386e37f5aa"},"breadcrumb":{"@id":"https:\/\/kuzeyinsesi.org\/index.php\/2024\/11\/25\/kktc-rekabet-kurulu-ile-t-c-rekabet-kurumu-arasinda-isbirligi-protokolu-imzalandi\/#breadcrumb"},"inLanguage":"tr","potentialAction":[{"@type":"ReadAction","target":["https:\/\/kuzeyinsesi.org\/index.php\/2024\/11\/25\/kktc-rekabet-kurulu-ile-t-c-rekabet-kurumu-arasinda-isbirligi-protokolu-imzalandi\/"]}]},{"@type":"ImageObject","inLanguage":"tr","@id":"https:\/\/kuzeyinsesi.org\/index.php\/2024\/11\/25\/kktc-rekabet-kurulu-ile-t-c-rekabet-kurumu-arasinda-isbirligi-protokolu-imzalandi\/#primaryimage","url":"https:\/\/kuzeyinsesi.org\/wp-content\/uploads\/2024\/11\/kktc-rekabet-kurulu-ile-t-c-rekabet-kurumu-arasinda-isbirligi-protokolu-imzalandi-2-so.jpg","contentUrl":"https:\/\/kuzeyinsesi.org\/wp-content\/uploads\/2024\/11\/kktc-rekabet-kurulu-ile-t-c-rekabet-kurumu-arasinda-isbirligi-protokolu-imzalandi-2-so.jpg","width":2480,"height":1656},{"@type":"BreadcrumbList","@id":"https:\/\/kuzeyinsesi.org\/index.php\/2024\/11\/25\/kktc-rekabet-kurulu-ile-t-c-rekabet-kurumu-arasinda-isbirligi-protokolu-imzalandi\/#breadcrumb","itemListElement":[{"@type":"ListItem","position":1,"name":"Anasayfa","item":"https:\/\/kuzeyinsesi.org\/"},{"@type":"ListItem","position":2,"name":"KKTC Rekabet Kurulu ile T.C. Rekabet Kurumu aras\u0131nda i\u015fbirli\u011fi protokol\u00fc imzaland\u0131"}]},{"@type":"WebSite","@id":"https:\/\/kuzeyinsesi.org\/#website","url":"https:\/\/kuzeyinsesi.org\/","name":"Kuzeyin Sesi","description":"Do\u011fru Haberin Adresi","potentialAction":[{"@type":"SearchAction","target":{"@type":"EntryPoint","urlTemplate":"https:\/\/kuzeyinsesi.org\/?s={search_term_string}"},"query-input":{"@type":"PropertyValueSpecification","valueRequired":true,"valueName":"search_term_string"}}],"inLanguage":"tr"},{"@type":"Person","@id":"https:\/\/kuzeyinsesi.org\/#\/schema\/person\/9f859689cdf01485597712386e37f5aa","name":"Kuzeyin Sesi","image":{"@type":"ImageObject","inLanguage":"tr","@id":"https:\/\/secure.gravatar.com\/avatar\/bab33852abfd8b282518d6ed81826833d77c3c882d9ab608add591ccace47a44?s=96&d=mm&r=g","url":"https:\/\/secure.gravatar.com\/avatar\/bab33852abfd8b282518d6ed81826833d77c3c882d9ab608add591ccace47a44?s=96&d=mm&r=g","contentUrl":"https:\/\/secure.gravatar.com\/avatar\/bab33852abfd8b282518d6ed81826833d77c3c882d9ab608add591ccace47a44?s=96&d=mm&r=g","caption":"Kuzeyin Sesi"},"sameAs":["https:\/\/kuzeyinsesi.org"],"url":"https:\/\/kuzeyinsesi.org\/index.php\/author\/guven\/"}]}},"_links":{"self":[{"href":"https:\/\/kuzeyinsesi.org\/index.php\/wp-json\/wp\/v2\/posts\/14251","targetHints":{"allow":["GET"]}}],"collection":[{"href":"https:\/\/kuzeyinsesi.org\/index.php\/wp-json\/wp\/v2\/posts"}],"about":[{"href":"https:\/\/kuzeyinsesi.org\/index.php\/wp-json\/wp\/v2\/types\/post"}],"author":[{"embeddable":true,"href":"https:\/\/kuzeyinsesi.org\/index.php\/wp-json\/wp\/v2\/users\/1"}],"replies":[{"embeddable":true,"href":"https:\/\/kuzeyinsesi.org\/index.php\/wp-json\/wp\/v2\/comments?post=14251"}],"version-history":[{"count":0,"href":"https:\/\/kuzeyinsesi.org\/index.php\/wp-json\/wp\/v2\/posts\/14251\/revisions"}],"wp:featuredmedia":[{"embeddable":true,"href":"https:\/\/kuzeyinsesi.org\/index.php\/wp-json\/wp\/v2\/media\/14252"}],"wp:attachment":[{"href":"https:\/\/kuzeyinsesi.org\/index.php\/wp-json\/wp\/v2\/media?parent=14251"}],"wp:term":[{"taxonomy":"category","embeddable":true,"href":"https:\/\/kuzeyinsesi.org\/index.php\/wp-json\/wp\/v2\/categories?post=14251"},{"taxonomy":"post_tag","embeddable":true,"href":"https:\/\/kuzeyinsesi.org\/index.php\/wp-json\/wp\/v2\/tags?post=14251"}],"curies":[{"name":"wp","href":"https:\/\/api.w.org\/{rel}","templated":true}]}}