{"id":14231,"date":"2024-11-25T09:22:10","date_gmt":"2024-11-25T07:22:10","guid":{"rendered":"https:\/\/kuzeyinsesi.org\/index.php\/2024\/11\/25\/antalya-havalimaninda-rus-yolcu-ucaginda-yangin-cikti\/"},"modified":"2024-11-25T09:22:10","modified_gmt":"2024-11-25T07:22:10","slug":"antalya-havalimaninda-rus-yolcu-ucaginda-yangin-cikti","status":"publish","type":"post","link":"https:\/\/kuzeyinsesi.org\/index.php\/2024\/11\/25\/antalya-havalimaninda-rus-yolcu-ucaginda-yangin-cikti\/","title":{"rendered":"Antalya Havaliman\u0131\u2019nda Rus yolcu u\u00e7a\u011f\u0131nda yang\u0131n \u00e7\u0131kt\u0131"},"content":{"rendered":"<div>\n<p>\u00a0<\/p>\n<div class=\"mariselle-image-container center\">\n                                            <\/div>\n<p>Antalya\u2019da havaliman\u0131na ini\u015fe ge\u00e7en Rus yolcu u\u00e7a\u011f\u0131n\u0131n sol motor k\u0131sm\u0131nda ini\u015f s\u0131ras\u0131nda yang\u0131n \u00e7\u0131kt\u0131.<\/p>\n<p>\u00a0<\/p>\n<p>Havaliman\u0131 itfaiye birimlerinin h\u0131zla m\u00fcdahale etti\u011fi yang\u0131n s\u00f6nd\u00fcr\u00fcl\u00fcrken, u\u00e7aktaki 89 yolcu ve 6 m\u00fcrettebat tahliye edildi.<\/p>\n<p>Yaralanan olmazken, yang\u0131n\u0131n \u00e7\u0131k\u0131\u015f sebebi ara\u015ft\u0131r\u0131l\u0131yor.<\/p>\n<p><strong>\u201c\u00c7ok \u015f\u00fck\u00fcr kimseye bir \u015fey olmad\u0131\u201d<\/strong><br \/>Antalya Havaliman\u0131 M\u00fclki \u0130dare Amiri Vali Yard\u0131mc\u0131s\u0131 Suat Seyito\u011flu, Rusya Federasyonu\u2019na ait Azamut Havayollar\u0131\u2019na ait u\u00e7a\u011f\u0131n ini\u015f an\u0131nda motorunda yang\u0131n \u00e7\u0131kt\u0131\u011f\u0131n\u0131 ve an\u0131nda m\u00fcdahalenin ger\u00e7ekle\u015ftirilip, alevlerin s\u00f6nd\u00fcr\u00fcld\u00fc\u011f\u00fcn\u00fc s\u00f6yledi.<\/p>\n<p>Yang\u0131n\u0131n tam ini\u015f s\u0131ras\u0131nda meydana geldi\u011fini anlatan Seyito\u011flu, \u201cU\u00e7aktaki t\u00fcm yolcular yara almadan tahliye edildi, \u00e7ok \u015f\u00fck\u00fcr kimseye bir \u015fey olmad\u0131. \u015eu an olumsuz bir durum yok\u201d dedi.<\/p>\n<p><strong>Havaliman\u0131na ini\u015fler saat 03.00\u2019e (TS\u0130) kadar iptal edildi<\/strong><br \/>TC Ula\u015ft\u0131rma ve Altyap\u0131 Bakanl\u0131\u011f\u0131\u2019ndan yap\u0131lan a\u00e7\u0131klamada, Yang\u0131na h\u0131zl\u0131 bir \u015fekilde m\u00fcdahale edildi\u011fi vurguland\u0131.<\/p>\n<p>A\u00e7\u0131klamada \u015fu ifadeler yer ald\u0131:<\/p>\n<p>\u201cU\u00e7akta bulunan 89 yolcu ve 6 m\u00fcrettebat saat 21.43\u2019te (TS\u0130) g\u00fcvenli bir \u015fekilde tahliye edilmi\u015f olup herhangi bir yaralanma ya\u015fanmam\u0131\u015ft\u0131r.<\/p>\n<p>U\u00e7a\u011f\u0131n pistten \u00e7ekilmesi i\u00e7in \u00e7al\u0131\u015fmalar devam etmekte olup, havaliman\u0131na ini\u015fler gece saat 03.00\u2019a kadar iptal edilmi\u015ftir. Havaliman\u0131ndan kalk\u0131\u015flar ise askeri pistten ger\u00e7ekle\u015ftirilmektedir.\u201d<\/p>\n<\/p><\/div>\n<p><script async\n                    defer\n                    crossorigin=\"anonymous\"\n                    src=\"https:\/\/connect.facebook.net\/tr_TR\/sdk.js#xfbml=1&#038;version=v3.3\"\n            ><\/script><\/p>\n","protected":false},"excerpt":{"rendered":"<p>\u00a0 Antalya\u2019da havaliman\u0131na ini\u015fe ge\u00e7en Rus yolcu u\u00e7a\u011f\u0131n\u0131n sol motor k\u0131sm\u0131nda ini\u015f s\u0131ras\u0131nda yang\u0131n \u00e7\u0131kt\u0131. \u00a0 Havaliman\u0131 itfaiye birimlerinin h\u0131zla m\u00fcdahale etti\u011fi yang\u0131n s\u00f6nd\u00fcr\u00fcl\u00fcrken, u\u00e7aktaki 89 yolcu ve 6 m\u00fcrettebat tahliye edildi. Yaralanan olmazken, yang\u0131n\u0131n \u00e7\u0131k\u0131\u015f sebebi ara\u015ft\u0131r\u0131l\u0131yor. \u201c\u00c7ok \u015f\u00fck\u00fcr kimseye bir \u015fey olmad\u0131\u201dAntalya Havaliman\u0131 M\u00fclki \u0130dare Amiri Vali Yard\u0131mc\u0131s\u0131 Suat Seyito\u011flu, Rusya Federasyonu\u2019na ait [&hellip;]<\/p>\n","protected":false},"author":1,"featured_media":14232,"comment_status":"open","ping_status":"open","sticky":false,"template":"","format":"standard","meta":{"jnews-multi-image_gallery":[],"jnews_single_post":[],"jnews_primary_category":[],"jnews_social_meta":[],"jnews_override_counter":[],"footnotes":""},"categories":[5],"tags":[],"class_list":["post-14231","post","type-post","status-publish","format-standard","has-post-thumbnail","hentry","category-turkiye"],"yoast_head":"<!-- This site is optimized with the Yoast SEO plugin v27.4 - https:\/\/yoast.com\/product\/yoast-seo-wordpress\/ -->\n<title>Antalya Havaliman\u0131\u2019nda Rus yolcu u\u00e7a\u011f\u0131nda yang\u0131n \u00e7\u0131kt\u0131 - Kuzeyin Sesi<\/title>\n<meta name=\"robots\" content=\"index, follow, max-snippet:-1, max-image-preview:large, max-video-preview:-1\" \/>\n<link rel=\"canonical\" href=\"https:\/\/kuzeyinsesi.org\/index.php\/2024\/11\/25\/antalya-havalimaninda-rus-yolcu-ucaginda-yangin-cikti\/\" \/>\n<meta property=\"og:locale\" content=\"tr_TR\" \/>\n<meta property=\"og:type\" content=\"article\" \/>\n<meta property=\"og:title\" content=\"Antalya Havaliman\u0131\u2019nda Rus yolcu u\u00e7a\u011f\u0131nda yang\u0131n \u00e7\u0131kt\u0131 - Kuzeyin Sesi\" \/>\n<meta property=\"og:description\" content=\"\u00a0 Antalya\u2019da havaliman\u0131na ini\u015fe ge\u00e7en Rus yolcu u\u00e7a\u011f\u0131n\u0131n sol motor k\u0131sm\u0131nda ini\u015f s\u0131ras\u0131nda yang\u0131n \u00e7\u0131kt\u0131. \u00a0 Havaliman\u0131 itfaiye birimlerinin h\u0131zla m\u00fcdahale etti\u011fi yang\u0131n s\u00f6nd\u00fcr\u00fcl\u00fcrken, u\u00e7aktaki 89 yolcu ve 6 m\u00fcrettebat tahliye edildi. Yaralanan olmazken, yang\u0131n\u0131n \u00e7\u0131k\u0131\u015f sebebi ara\u015ft\u0131r\u0131l\u0131yor. \u201c\u00c7ok \u015f\u00fck\u00fcr kimseye bir \u015fey olmad\u0131\u201dAntalya Havaliman\u0131 M\u00fclki \u0130dare Amiri Vali Yard\u0131mc\u0131s\u0131 Suat Seyito\u011flu, Rusya Federasyonu\u2019na ait [&hellip;]\" \/>\n<meta property=\"og:url\" content=\"https:\/\/kuzeyinsesi.org\/index.php\/2024\/11\/25\/antalya-havalimaninda-rus-yolcu-ucaginda-yangin-cikti\/\" \/>\n<meta property=\"og:site_name\" content=\"Kuzeyin Sesi\" \/>\n<meta property=\"article:publisher\" content=\"https:\/\/www.facebook.com\/kuzeyinsesii\" \/>\n<meta property=\"article:published_time\" content=\"2024-11-25T07:22:10+00:00\" \/>\n<meta property=\"og:image\" content=\"https:\/\/brtk.net\/wp-content\/uploads\/2024\/11\/25\/2024-11-24-antalya-ucak-yangin-X.webp?ver=36bfa056f6ed0b8d8c79779c6ace758d\" \/>\n<meta name=\"author\" content=\"Kuzeyin Sesi\" \/>\n<meta name=\"twitter:card\" content=\"summary_large_image\" \/>\n<meta name=\"twitter:creator\" content=\"@kuzeyinsesii\" \/>\n<meta name=\"twitter:site\" content=\"@kuzeyinsesii\" \/>\n<meta name=\"twitter:label1\" content=\"Yazan:\" \/>\n\t<meta name=\"twitter:data1\" content=\"Kuzeyin Sesi\" \/>\n\t<meta name=\"twitter:label2\" content=\"Tahmini okuma s\u00fcresi\" \/>\n\t<meta name=\"twitter:data2\" content=\"1 dakika\" \/>\n<script type=\"application\/ld+json\" class=\"yoast-schema-graph\">{\"@context\":\"https:\\\/\\\/schema.org\",\"@graph\":[{\"@type\":\"Article\",\"@id\":\"https:\\\/\\\/kuzeyinsesi.org\\\/index.php\\\/2024\\\/11\\\/25\\\/antalya-havalimaninda-rus-yolcu-ucaginda-yangin-cikti\\\/#article\",\"isPartOf\":{\"@id\":\"https:\\\/\\\/kuzeyinsesi.org\\\/index.php\\\/2024\\\/11\\\/25\\\/antalya-havalimaninda-rus-yolcu-ucaginda-yangin-cikti\\\/\"},\"author\":{\"name\":\"Kuzeyin Sesi\",\"@id\":\"https:\\\/\\\/kuzeyinsesi.org\\\/#\\\/schema\\\/person\\\/9f859689cdf01485597712386e37f5aa\"},\"headline\":\"Antalya Havaliman\u0131\u2019nda Rus yolcu u\u00e7a\u011f\u0131nda yang\u0131n \u00e7\u0131kt\u0131\",\"datePublished\":\"2024-11-25T07:22:10+00:00\",\"mainEntityOfPage\":{\"@id\":\"https:\\\/\\\/kuzeyinsesi.org\\\/index.php\\\/2024\\\/11\\\/25\\\/antalya-havalimaninda-rus-yolcu-ucaginda-yangin-cikti\\\/\"},\"wordCount\":261,\"commentCount\":0,\"image\":{\"@id\":\"https:\\\/\\\/kuzeyinsesi.org\\\/index.php\\\/2024\\\/11\\\/25\\\/antalya-havalimaninda-rus-yolcu-ucaginda-yangin-cikti\\\/#primaryimage\"},\"thumbnailUrl\":\"https:\\\/\\\/kuzeyinsesi.org\\\/wp-content\\\/uploads\\\/2024\\\/11\\\/2024-11-24-antalya-ucak-yangin-X.webp.webp\",\"articleSection\":[\"T\u00fcrkiye\"],\"inLanguage\":\"tr\",\"potentialAction\":[{\"@type\":\"CommentAction\",\"name\":\"Comment\",\"target\":[\"https:\\\/\\\/kuzeyinsesi.org\\\/index.php\\\/2024\\\/11\\\/25\\\/antalya-havalimaninda-rus-yolcu-ucaginda-yangin-cikti\\\/#respond\"]}]},{\"@type\":\"WebPage\",\"@id\":\"https:\\\/\\\/kuzeyinsesi.org\\\/index.php\\\/2024\\\/11\\\/25\\\/antalya-havalimaninda-rus-yolcu-ucaginda-yangin-cikti\\\/\",\"url\":\"https:\\\/\\\/kuzeyinsesi.org\\\/index.php\\\/2024\\\/11\\\/25\\\/antalya-havalimaninda-rus-yolcu-ucaginda-yangin-cikti\\\/\",\"name\":\"Antalya Havaliman\u0131\u2019nda Rus yolcu u\u00e7a\u011f\u0131nda yang\u0131n \u00e7\u0131kt\u0131 - Kuzeyin Sesi\",\"isPartOf\":{\"@id\":\"https:\\\/\\\/kuzeyinsesi.org\\\/#website\"},\"primaryImageOfPage\":{\"@id\":\"https:\\\/\\\/kuzeyinsesi.org\\\/index.php\\\/2024\\\/11\\\/25\\\/antalya-havalimaninda-rus-yolcu-ucaginda-yangin-cikti\\\/#primaryimage\"},\"image\":{\"@id\":\"https:\\\/\\\/kuzeyinsesi.org\\\/index.php\\\/2024\\\/11\\\/25\\\/antalya-havalimaninda-rus-yolcu-ucaginda-yangin-cikti\\\/#primaryimage\"},\"thumbnailUrl\":\"https:\\\/\\\/kuzeyinsesi.org\\\/wp-content\\\/uploads\\\/2024\\\/11\\\/2024-11-24-antalya-ucak-yangin-X.webp.webp\",\"datePublished\":\"2024-11-25T07:22:10+00:00\",\"author\":{\"@id\":\"https:\\\/\\\/kuzeyinsesi.org\\\/#\\\/schema\\\/person\\\/9f859689cdf01485597712386e37f5aa\"},\"breadcrumb\":{\"@id\":\"https:\\\/\\\/kuzeyinsesi.org\\\/index.php\\\/2024\\\/11\\\/25\\\/antalya-havalimaninda-rus-yolcu-ucaginda-yangin-cikti\\\/#breadcrumb\"},\"inLanguage\":\"tr\",\"potentialAction\":[{\"@type\":\"ReadAction\",\"target\":[\"https:\\\/\\\/kuzeyinsesi.org\\\/index.php\\\/2024\\\/11\\\/25\\\/antalya-havalimaninda-rus-yolcu-ucaginda-yangin-cikti\\\/\"]}]},{\"@type\":\"ImageObject\",\"inLanguage\":\"tr\",\"@id\":\"https:\\\/\\\/kuzeyinsesi.org\\\/index.php\\\/2024\\\/11\\\/25\\\/antalya-havalimaninda-rus-yolcu-ucaginda-yangin-cikti\\\/#primaryimage\",\"url\":\"https:\\\/\\\/kuzeyinsesi.org\\\/wp-content\\\/uploads\\\/2024\\\/11\\\/2024-11-24-antalya-ucak-yangin-X.webp.webp\",\"contentUrl\":\"https:\\\/\\\/kuzeyinsesi.org\\\/wp-content\\\/uploads\\\/2024\\\/11\\\/2024-11-24-antalya-ucak-yangin-X.webp.webp\",\"width\":740,\"height\":400},{\"@type\":\"BreadcrumbList\",\"@id\":\"https:\\\/\\\/kuzeyinsesi.org\\\/index.php\\\/2024\\\/11\\\/25\\\/antalya-havalimaninda-rus-yolcu-ucaginda-yangin-cikti\\\/#breadcrumb\",\"itemListElement\":[{\"@type\":\"ListItem\",\"position\":1,\"name\":\"Anasayfa\",\"item\":\"https:\\\/\\\/kuzeyinsesi.org\\\/\"},{\"@type\":\"ListItem\",\"position\":2,\"name\":\"Antalya Havaliman\u0131\u2019nda Rus yolcu u\u00e7a\u011f\u0131nda yang\u0131n \u00e7\u0131kt\u0131\"}]},{\"@type\":\"WebSite\",\"@id\":\"https:\\\/\\\/kuzeyinsesi.org\\\/#website\",\"url\":\"https:\\\/\\\/kuzeyinsesi.org\\\/\",\"name\":\"Kuzeyin Sesi\",\"description\":\"Do\u011fru Haberin Adresi\",\"potentialAction\":[{\"@type\":\"SearchAction\",\"target\":{\"@type\":\"EntryPoint\",\"urlTemplate\":\"https:\\\/\\\/kuzeyinsesi.org\\\/?s={search_term_string}\"},\"query-input\":{\"@type\":\"PropertyValueSpecification\",\"valueRequired\":true,\"valueName\":\"search_term_string\"}}],\"inLanguage\":\"tr\"},{\"@type\":\"Person\",\"@id\":\"https:\\\/\\\/kuzeyinsesi.org\\\/#\\\/schema\\\/person\\\/9f859689cdf01485597712386e37f5aa\",\"name\":\"Kuzeyin Sesi\",\"image\":{\"@type\":\"ImageObject\",\"inLanguage\":\"tr\",\"@id\":\"https:\\\/\\\/secure.gravatar.com\\\/avatar\\\/bab33852abfd8b282518d6ed81826833d77c3c882d9ab608add591ccace47a44?s=96&d=mm&r=g\",\"url\":\"https:\\\/\\\/secure.gravatar.com\\\/avatar\\\/bab33852abfd8b282518d6ed81826833d77c3c882d9ab608add591ccace47a44?s=96&d=mm&r=g\",\"contentUrl\":\"https:\\\/\\\/secure.gravatar.com\\\/avatar\\\/bab33852abfd8b282518d6ed81826833d77c3c882d9ab608add591ccace47a44?s=96&d=mm&r=g\",\"caption\":\"Kuzeyin Sesi\"},\"sameAs\":[\"https:\\\/\\\/kuzeyinsesi.org\"],\"url\":\"https:\\\/\\\/kuzeyinsesi.org\\\/index.php\\\/author\\\/guven\\\/\"}]}<\/script>\n<!-- \/ Yoast SEO plugin. -->","yoast_head_json":{"title":"Antalya Havaliman\u0131\u2019nda Rus yolcu u\u00e7a\u011f\u0131nda yang\u0131n \u00e7\u0131kt\u0131 - Kuzeyin Sesi","robots":{"index":"index","follow":"follow","max-snippet":"max-snippet:-1","max-image-preview":"max-image-preview:large","max-video-preview":"max-video-preview:-1"},"canonical":"https:\/\/kuzeyinsesi.org\/index.php\/2024\/11\/25\/antalya-havalimaninda-rus-yolcu-ucaginda-yangin-cikti\/","og_locale":"tr_TR","og_type":"article","og_title":"Antalya Havaliman\u0131\u2019nda Rus yolcu u\u00e7a\u011f\u0131nda yang\u0131n \u00e7\u0131kt\u0131 - Kuzeyin Sesi","og_description":"\u00a0 Antalya\u2019da havaliman\u0131na ini\u015fe ge\u00e7en Rus yolcu u\u00e7a\u011f\u0131n\u0131n sol motor k\u0131sm\u0131nda ini\u015f s\u0131ras\u0131nda yang\u0131n \u00e7\u0131kt\u0131. \u00a0 Havaliman\u0131 itfaiye birimlerinin h\u0131zla m\u00fcdahale etti\u011fi yang\u0131n s\u00f6nd\u00fcr\u00fcl\u00fcrken, u\u00e7aktaki 89 yolcu ve 6 m\u00fcrettebat tahliye edildi. Yaralanan olmazken, yang\u0131n\u0131n \u00e7\u0131k\u0131\u015f sebebi ara\u015ft\u0131r\u0131l\u0131yor. \u201c\u00c7ok \u015f\u00fck\u00fcr kimseye bir \u015fey olmad\u0131\u201dAntalya Havaliman\u0131 M\u00fclki \u0130dare Amiri Vali Yard\u0131mc\u0131s\u0131 Suat Seyito\u011flu, Rusya Federasyonu\u2019na ait [&hellip;]","og_url":"https:\/\/kuzeyinsesi.org\/index.php\/2024\/11\/25\/antalya-havalimaninda-rus-yolcu-ucaginda-yangin-cikti\/","og_site_name":"Kuzeyin Sesi","article_publisher":"https:\/\/www.facebook.com\/kuzeyinsesii","article_published_time":"2024-11-25T07:22:10+00:00","og_image":[{"url":"https:\/\/brtk.net\/wp-content\/uploads\/2024\/11\/25\/2024-11-24-antalya-ucak-yangin-X.webp?ver=36bfa056f6ed0b8d8c79779c6ace758d","type":"","width":"","height":""}],"author":"Kuzeyin Sesi","twitter_card":"summary_large_image","twitter_creator":"@kuzeyinsesii","twitter_site":"@kuzeyinsesii","twitter_misc":{"Yazan:":"Kuzeyin Sesi","Tahmini okuma s\u00fcresi":"1 dakika"},"schema":{"@context":"https:\/\/schema.org","@graph":[{"@type":"Article","@id":"https:\/\/kuzeyinsesi.org\/index.php\/2024\/11\/25\/antalya-havalimaninda-rus-yolcu-ucaginda-yangin-cikti\/#article","isPartOf":{"@id":"https:\/\/kuzeyinsesi.org\/index.php\/2024\/11\/25\/antalya-havalimaninda-rus-yolcu-ucaginda-yangin-cikti\/"},"author":{"name":"Kuzeyin Sesi","@id":"https:\/\/kuzeyinsesi.org\/#\/schema\/person\/9f859689cdf01485597712386e37f5aa"},"headline":"Antalya Havaliman\u0131\u2019nda Rus yolcu u\u00e7a\u011f\u0131nda yang\u0131n \u00e7\u0131kt\u0131","datePublished":"2024-11-25T07:22:10+00:00","mainEntityOfPage":{"@id":"https:\/\/kuzeyinsesi.org\/index.php\/2024\/11\/25\/antalya-havalimaninda-rus-yolcu-ucaginda-yangin-cikti\/"},"wordCount":261,"commentCount":0,"image":{"@id":"https:\/\/kuzeyinsesi.org\/index.php\/2024\/11\/25\/antalya-havalimaninda-rus-yolcu-ucaginda-yangin-cikti\/#primaryimage"},"thumbnailUrl":"https:\/\/kuzeyinsesi.org\/wp-content\/uploads\/2024\/11\/2024-11-24-antalya-ucak-yangin-X.webp.webp","articleSection":["T\u00fcrkiye"],"inLanguage":"tr","potentialAction":[{"@type":"CommentAction","name":"Comment","target":["https:\/\/kuzeyinsesi.org\/index.php\/2024\/11\/25\/antalya-havalimaninda-rus-yolcu-ucaginda-yangin-cikti\/#respond"]}]},{"@type":"WebPage","@id":"https:\/\/kuzeyinsesi.org\/index.php\/2024\/11\/25\/antalya-havalimaninda-rus-yolcu-ucaginda-yangin-cikti\/","url":"https:\/\/kuzeyinsesi.org\/index.php\/2024\/11\/25\/antalya-havalimaninda-rus-yolcu-ucaginda-yangin-cikti\/","name":"Antalya Havaliman\u0131\u2019nda Rus yolcu u\u00e7a\u011f\u0131nda yang\u0131n \u00e7\u0131kt\u0131 - Kuzeyin Sesi","isPartOf":{"@id":"https:\/\/kuzeyinsesi.org\/#website"},"primaryImageOfPage":{"@id":"https:\/\/kuzeyinsesi.org\/index.php\/2024\/11\/25\/antalya-havalimaninda-rus-yolcu-ucaginda-yangin-cikti\/#primaryimage"},"image":{"@id":"https:\/\/kuzeyinsesi.org\/index.php\/2024\/11\/25\/antalya-havalimaninda-rus-yolcu-ucaginda-yangin-cikti\/#primaryimage"},"thumbnailUrl":"https:\/\/kuzeyinsesi.org\/wp-content\/uploads\/2024\/11\/2024-11-24-antalya-ucak-yangin-X.webp.webp","datePublished":"2024-11-25T07:22:10+00:00","author":{"@id":"https:\/\/kuzeyinsesi.org\/#\/schema\/person\/9f859689cdf01485597712386e37f5aa"},"breadcrumb":{"@id":"https:\/\/kuzeyinsesi.org\/index.php\/2024\/11\/25\/antalya-havalimaninda-rus-yolcu-ucaginda-yangin-cikti\/#breadcrumb"},"inLanguage":"tr","potentialAction":[{"@type":"ReadAction","target":["https:\/\/kuzeyinsesi.org\/index.php\/2024\/11\/25\/antalya-havalimaninda-rus-yolcu-ucaginda-yangin-cikti\/"]}]},{"@type":"ImageObject","inLanguage":"tr","@id":"https:\/\/kuzeyinsesi.org\/index.php\/2024\/11\/25\/antalya-havalimaninda-rus-yolcu-ucaginda-yangin-cikti\/#primaryimage","url":"https:\/\/kuzeyinsesi.org\/wp-content\/uploads\/2024\/11\/2024-11-24-antalya-ucak-yangin-X.webp.webp","contentUrl":"https:\/\/kuzeyinsesi.org\/wp-content\/uploads\/2024\/11\/2024-11-24-antalya-ucak-yangin-X.webp.webp","width":740,"height":400},{"@type":"BreadcrumbList","@id":"https:\/\/kuzeyinsesi.org\/index.php\/2024\/11\/25\/antalya-havalimaninda-rus-yolcu-ucaginda-yangin-cikti\/#breadcrumb","itemListElement":[{"@type":"ListItem","position":1,"name":"Anasayfa","item":"https:\/\/kuzeyinsesi.org\/"},{"@type":"ListItem","position":2,"name":"Antalya Havaliman\u0131\u2019nda Rus yolcu u\u00e7a\u011f\u0131nda yang\u0131n \u00e7\u0131kt\u0131"}]},{"@type":"WebSite","@id":"https:\/\/kuzeyinsesi.org\/#website","url":"https:\/\/kuzeyinsesi.org\/","name":"Kuzeyin Sesi","description":"Do\u011fru Haberin Adresi","potentialAction":[{"@type":"SearchAction","target":{"@type":"EntryPoint","urlTemplate":"https:\/\/kuzeyinsesi.org\/?s={search_term_string}"},"query-input":{"@type":"PropertyValueSpecification","valueRequired":true,"valueName":"search_term_string"}}],"inLanguage":"tr"},{"@type":"Person","@id":"https:\/\/kuzeyinsesi.org\/#\/schema\/person\/9f859689cdf01485597712386e37f5aa","name":"Kuzeyin Sesi","image":{"@type":"ImageObject","inLanguage":"tr","@id":"https:\/\/secure.gravatar.com\/avatar\/bab33852abfd8b282518d6ed81826833d77c3c882d9ab608add591ccace47a44?s=96&d=mm&r=g","url":"https:\/\/secure.gravatar.com\/avatar\/bab33852abfd8b282518d6ed81826833d77c3c882d9ab608add591ccace47a44?s=96&d=mm&r=g","contentUrl":"https:\/\/secure.gravatar.com\/avatar\/bab33852abfd8b282518d6ed81826833d77c3c882d9ab608add591ccace47a44?s=96&d=mm&r=g","caption":"Kuzeyin Sesi"},"sameAs":["https:\/\/kuzeyinsesi.org"],"url":"https:\/\/kuzeyinsesi.org\/index.php\/author\/guven\/"}]}},"_links":{"self":[{"href":"https:\/\/kuzeyinsesi.org\/index.php\/wp-json\/wp\/v2\/posts\/14231","targetHints":{"allow":["GET"]}}],"collection":[{"href":"https:\/\/kuzeyinsesi.org\/index.php\/wp-json\/wp\/v2\/posts"}],"about":[{"href":"https:\/\/kuzeyinsesi.org\/index.php\/wp-json\/wp\/v2\/types\/post"}],"author":[{"embeddable":true,"href":"https:\/\/kuzeyinsesi.org\/index.php\/wp-json\/wp\/v2\/users\/1"}],"replies":[{"embeddable":true,"href":"https:\/\/kuzeyinsesi.org\/index.php\/wp-json\/wp\/v2\/comments?post=14231"}],"version-history":[{"count":0,"href":"https:\/\/kuzeyinsesi.org\/index.php\/wp-json\/wp\/v2\/posts\/14231\/revisions"}],"wp:featuredmedia":[{"embeddable":true,"href":"https:\/\/kuzeyinsesi.org\/index.php\/wp-json\/wp\/v2\/media\/14232"}],"wp:attachment":[{"href":"https:\/\/kuzeyinsesi.org\/index.php\/wp-json\/wp\/v2\/media?parent=14231"}],"wp:term":[{"taxonomy":"category","embeddable":true,"href":"https:\/\/kuzeyinsesi.org\/index.php\/wp-json\/wp\/v2\/categories?post=14231"},{"taxonomy":"post_tag","embeddable":true,"href":"https:\/\/kuzeyinsesi.org\/index.php\/wp-json\/wp\/v2\/tags?post=14231"}],"curies":[{"name":"wp","href":"https:\/\/api.w.org\/{rel}","templated":true}]}}