{"id":14182,"date":"2024-11-24T16:52:05","date_gmt":"2024-11-24T14:52:05","guid":{"rendered":"https:\/\/kuzeyinsesi.org\/index.php\/2024\/11\/24\/tc-cumhurbaskani-erdogan-rusya-devlet-baskani-putin-ile-telefonda-gorustu-2\/"},"modified":"2024-11-24T16:52:05","modified_gmt":"2024-11-24T14:52:05","slug":"tc-cumhurbaskani-erdogan-rusya-devlet-baskani-putin-ile-telefonda-gorustu-2","status":"publish","type":"post","link":"https:\/\/kuzeyinsesi.org\/index.php\/2024\/11\/24\/tc-cumhurbaskani-erdogan-rusya-devlet-baskani-putin-ile-telefonda-gorustu-2\/","title":{"rendered":"TC Cumhurba\u015fkan\u0131 Erdo\u011fan, Rusya Devlet Ba\u015fkan\u0131 Putin ile telefonda g\u00f6r\u00fc\u015ft\u00fc"},"content":{"rendered":"<div>\n<div class=\"mariselle-image-container center\">\n                                            <\/div>\n<p>\nTC Cumhurba\u015fkan\u0131 Recep Tayyip Erdo\u011fan, Rusya Devlet Ba\u015fkan\u0131 Putin\u2019le telefonda g\u00f6r\u00fc\u015ft\u00fc.<\/p>\n<p>Erdo\u011fan-Putin g\u00f6r\u00fc\u015fmesinde, T\u00fcrkiye ile Rusya ikili ili\u015fkileri, b\u00f6lgesel ve k\u00fcresel konular ele al\u0131nd\u0131.<\/p>\n<p>Erdo\u011fan, g\u00f6r\u00fc\u015fmede, T\u00fcrkiye\u2019nin b\u00f6lgedeki gerilimleri sonland\u0131rmak i\u00e7in gayretlerini s\u00fcrd\u00fcrd\u00fc\u011f\u00fcn\u00fc, bar\u0131\u015f s\u00fcre\u00e7lerine katk\u0131 vermeye devam edilece\u011fini belirtti.<\/p>\n<\/p><\/div>\n<p><script async\n                    defer\n                    crossorigin=\"anonymous\"\n                    src=\"https:\/\/connect.facebook.net\/tr_TR\/sdk.js#xfbml=1&#038;version=v3.3\"\n            ><\/script><\/p>\n","protected":false},"excerpt":{"rendered":"<p>TC Cumhurba\u015fkan\u0131 Recep Tayyip Erdo\u011fan, Rusya Devlet Ba\u015fkan\u0131 Putin\u2019le telefonda g\u00f6r\u00fc\u015ft\u00fc. Erdo\u011fan-Putin g\u00f6r\u00fc\u015fmesinde, T\u00fcrkiye ile Rusya ikili ili\u015fkileri, b\u00f6lgesel ve k\u00fcresel konular ele al\u0131nd\u0131. Erdo\u011fan, g\u00f6r\u00fc\u015fmede, T\u00fcrkiye\u2019nin b\u00f6lgedeki gerilimleri sonland\u0131rmak i\u00e7in gayretlerini s\u00fcrd\u00fcrd\u00fc\u011f\u00fcn\u00fc, bar\u0131\u015f s\u00fcre\u00e7lerine katk\u0131 vermeye devam edilece\u011fini belirtti.<\/p>\n","protected":false},"author":1,"featured_media":14183,"comment_status":"open","ping_status":"open","sticky":false,"template":"","format":"standard","meta":{"jnews-multi-image_gallery":[],"jnews_single_post":[],"jnews_primary_category":[],"jnews_social_meta":[],"jnews_override_counter":[],"footnotes":""},"categories":[5],"tags":[],"class_list":["post-14182","post","type-post","status-publish","format-standard","has-post-thumbnail","hentry","category-turkiye"],"yoast_head":"<!-- This site is optimized with the Yoast SEO plugin v27.4 - https:\/\/yoast.com\/product\/yoast-seo-wordpress\/ -->\n<title>TC Cumhurba\u015fkan\u0131 Erdo\u011fan, Rusya Devlet Ba\u015fkan\u0131 Putin ile telefonda g\u00f6r\u00fc\u015ft\u00fc - Kuzeyin Sesi<\/title>\n<meta name=\"robots\" content=\"index, follow, max-snippet:-1, max-image-preview:large, max-video-preview:-1\" \/>\n<link rel=\"canonical\" href=\"https:\/\/kuzeyinsesi.org\/index.php\/2024\/11\/24\/tc-cumhurbaskani-erdogan-rusya-devlet-baskani-putin-ile-telefonda-gorustu-2\/\" \/>\n<meta property=\"og:locale\" content=\"tr_TR\" \/>\n<meta property=\"og:type\" content=\"article\" \/>\n<meta property=\"og:title\" content=\"TC Cumhurba\u015fkan\u0131 Erdo\u011fan, Rusya Devlet Ba\u015fkan\u0131 Putin ile telefonda g\u00f6r\u00fc\u015ft\u00fc - Kuzeyin Sesi\" \/>\n<meta property=\"og:description\" content=\"TC Cumhurba\u015fkan\u0131 Recep Tayyip Erdo\u011fan, Rusya Devlet Ba\u015fkan\u0131 Putin\u2019le telefonda g\u00f6r\u00fc\u015ft\u00fc. Erdo\u011fan-Putin g\u00f6r\u00fc\u015fmesinde, T\u00fcrkiye ile Rusya ikili ili\u015fkileri, b\u00f6lgesel ve k\u00fcresel konular ele al\u0131nd\u0131. Erdo\u011fan, g\u00f6r\u00fc\u015fmede, T\u00fcrkiye\u2019nin b\u00f6lgedeki gerilimleri sonland\u0131rmak i\u00e7in gayretlerini s\u00fcrd\u00fcrd\u00fc\u011f\u00fcn\u00fc, bar\u0131\u015f s\u00fcre\u00e7lerine katk\u0131 vermeye devam edilece\u011fini belirtti.\" \/>\n<meta property=\"og:url\" content=\"https:\/\/kuzeyinsesi.org\/index.php\/2024\/11\/24\/tc-cumhurbaskani-erdogan-rusya-devlet-baskani-putin-ile-telefonda-gorustu-2\/\" \/>\n<meta property=\"og:site_name\" content=\"Kuzeyin Sesi\" \/>\n<meta property=\"article:publisher\" content=\"https:\/\/www.facebook.com\/kuzeyinsesii\" \/>\n<meta property=\"article:published_time\" content=\"2024-11-24T14:52:05+00:00\" \/>\n<meta property=\"og:image\" content=\"https:\/\/brtk.net\/wp-content\/uploads\/2024\/11\/24\/thumbs-b-c-0ecde2348304d747cc4d67280f615e7b.jpg?ver=4687ff2c0a7af6988878c56985343242\" \/>\n<meta name=\"author\" content=\"Kuzeyin Sesi\" \/>\n<meta name=\"twitter:card\" content=\"summary_large_image\" \/>\n<meta name=\"twitter:creator\" content=\"@kuzeyinsesii\" \/>\n<meta name=\"twitter:site\" content=\"@kuzeyinsesii\" \/>\n<meta name=\"twitter:label1\" content=\"Yazan:\" \/>\n\t<meta name=\"twitter:data1\" content=\"Kuzeyin Sesi\" \/>\n<script type=\"application\/ld+json\" class=\"yoast-schema-graph\">{\"@context\":\"https:\\\/\\\/schema.org\",\"@graph\":[{\"@type\":\"Article\",\"@id\":\"https:\\\/\\\/kuzeyinsesi.org\\\/index.php\\\/2024\\\/11\\\/24\\\/tc-cumhurbaskani-erdogan-rusya-devlet-baskani-putin-ile-telefonda-gorustu-2\\\/#article\",\"isPartOf\":{\"@id\":\"https:\\\/\\\/kuzeyinsesi.org\\\/index.php\\\/2024\\\/11\\\/24\\\/tc-cumhurbaskani-erdogan-rusya-devlet-baskani-putin-ile-telefonda-gorustu-2\\\/\"},\"author\":{\"name\":\"Kuzeyin Sesi\",\"@id\":\"https:\\\/\\\/kuzeyinsesi.org\\\/#\\\/schema\\\/person\\\/9f859689cdf01485597712386e37f5aa\"},\"headline\":\"TC Cumhurba\u015fkan\u0131 Erdo\u011fan, Rusya Devlet Ba\u015fkan\u0131 Putin ile telefonda g\u00f6r\u00fc\u015ft\u00fc\",\"datePublished\":\"2024-11-24T14:52:05+00:00\",\"mainEntityOfPage\":{\"@id\":\"https:\\\/\\\/kuzeyinsesi.org\\\/index.php\\\/2024\\\/11\\\/24\\\/tc-cumhurbaskani-erdogan-rusya-devlet-baskani-putin-ile-telefonda-gorustu-2\\\/\"},\"wordCount\":83,\"commentCount\":0,\"image\":{\"@id\":\"https:\\\/\\\/kuzeyinsesi.org\\\/index.php\\\/2024\\\/11\\\/24\\\/tc-cumhurbaskani-erdogan-rusya-devlet-baskani-putin-ile-telefonda-gorustu-2\\\/#primaryimage\"},\"thumbnailUrl\":\"https:\\\/\\\/kuzeyinsesi.org\\\/wp-content\\\/uploads\\\/2024\\\/11\\\/thumbs-b-c-0ecde2348304d747cc4d67280f615e7b.jpg\",\"articleSection\":[\"T\u00fcrkiye\"],\"inLanguage\":\"tr\",\"potentialAction\":[{\"@type\":\"CommentAction\",\"name\":\"Comment\",\"target\":[\"https:\\\/\\\/kuzeyinsesi.org\\\/index.php\\\/2024\\\/11\\\/24\\\/tc-cumhurbaskani-erdogan-rusya-devlet-baskani-putin-ile-telefonda-gorustu-2\\\/#respond\"]}]},{\"@type\":\"WebPage\",\"@id\":\"https:\\\/\\\/kuzeyinsesi.org\\\/index.php\\\/2024\\\/11\\\/24\\\/tc-cumhurbaskani-erdogan-rusya-devlet-baskani-putin-ile-telefonda-gorustu-2\\\/\",\"url\":\"https:\\\/\\\/kuzeyinsesi.org\\\/index.php\\\/2024\\\/11\\\/24\\\/tc-cumhurbaskani-erdogan-rusya-devlet-baskani-putin-ile-telefonda-gorustu-2\\\/\",\"name\":\"TC Cumhurba\u015fkan\u0131 Erdo\u011fan, Rusya Devlet Ba\u015fkan\u0131 Putin ile telefonda g\u00f6r\u00fc\u015ft\u00fc - Kuzeyin Sesi\",\"isPartOf\":{\"@id\":\"https:\\\/\\\/kuzeyinsesi.org\\\/#website\"},\"primaryImageOfPage\":{\"@id\":\"https:\\\/\\\/kuzeyinsesi.org\\\/index.php\\\/2024\\\/11\\\/24\\\/tc-cumhurbaskani-erdogan-rusya-devlet-baskani-putin-ile-telefonda-gorustu-2\\\/#primaryimage\"},\"image\":{\"@id\":\"https:\\\/\\\/kuzeyinsesi.org\\\/index.php\\\/2024\\\/11\\\/24\\\/tc-cumhurbaskani-erdogan-rusya-devlet-baskani-putin-ile-telefonda-gorustu-2\\\/#primaryimage\"},\"thumbnailUrl\":\"https:\\\/\\\/kuzeyinsesi.org\\\/wp-content\\\/uploads\\\/2024\\\/11\\\/thumbs-b-c-0ecde2348304d747cc4d67280f615e7b.jpg\",\"datePublished\":\"2024-11-24T14:52:05+00:00\",\"author\":{\"@id\":\"https:\\\/\\\/kuzeyinsesi.org\\\/#\\\/schema\\\/person\\\/9f859689cdf01485597712386e37f5aa\"},\"breadcrumb\":{\"@id\":\"https:\\\/\\\/kuzeyinsesi.org\\\/index.php\\\/2024\\\/11\\\/24\\\/tc-cumhurbaskani-erdogan-rusya-devlet-baskani-putin-ile-telefonda-gorustu-2\\\/#breadcrumb\"},\"inLanguage\":\"tr\",\"potentialAction\":[{\"@type\":\"ReadAction\",\"target\":[\"https:\\\/\\\/kuzeyinsesi.org\\\/index.php\\\/2024\\\/11\\\/24\\\/tc-cumhurbaskani-erdogan-rusya-devlet-baskani-putin-ile-telefonda-gorustu-2\\\/\"]}]},{\"@type\":\"ImageObject\",\"inLanguage\":\"tr\",\"@id\":\"https:\\\/\\\/kuzeyinsesi.org\\\/index.php\\\/2024\\\/11\\\/24\\\/tc-cumhurbaskani-erdogan-rusya-devlet-baskani-putin-ile-telefonda-gorustu-2\\\/#primaryimage\",\"url\":\"https:\\\/\\\/kuzeyinsesi.org\\\/wp-content\\\/uploads\\\/2024\\\/11\\\/thumbs-b-c-0ecde2348304d747cc4d67280f615e7b.jpg\",\"contentUrl\":\"https:\\\/\\\/kuzeyinsesi.org\\\/wp-content\\\/uploads\\\/2024\\\/11\\\/thumbs-b-c-0ecde2348304d747cc4d67280f615e7b.jpg\",\"width\":864,\"height\":486},{\"@type\":\"BreadcrumbList\",\"@id\":\"https:\\\/\\\/kuzeyinsesi.org\\\/index.php\\\/2024\\\/11\\\/24\\\/tc-cumhurbaskani-erdogan-rusya-devlet-baskani-putin-ile-telefonda-gorustu-2\\\/#breadcrumb\",\"itemListElement\":[{\"@type\":\"ListItem\",\"position\":1,\"name\":\"Anasayfa\",\"item\":\"https:\\\/\\\/kuzeyinsesi.org\\\/\"},{\"@type\":\"ListItem\",\"position\":2,\"name\":\"TC Cumhurba\u015fkan\u0131 Erdo\u011fan, Rusya Devlet Ba\u015fkan\u0131 Putin ile telefonda g\u00f6r\u00fc\u015ft\u00fc\"}]},{\"@type\":\"WebSite\",\"@id\":\"https:\\\/\\\/kuzeyinsesi.org\\\/#website\",\"url\":\"https:\\\/\\\/kuzeyinsesi.org\\\/\",\"name\":\"Kuzeyin Sesi\",\"description\":\"Do\u011fru Haberin Adresi\",\"potentialAction\":[{\"@type\":\"SearchAction\",\"target\":{\"@type\":\"EntryPoint\",\"urlTemplate\":\"https:\\\/\\\/kuzeyinsesi.org\\\/?s={search_term_string}\"},\"query-input\":{\"@type\":\"PropertyValueSpecification\",\"valueRequired\":true,\"valueName\":\"search_term_string\"}}],\"inLanguage\":\"tr\"},{\"@type\":\"Person\",\"@id\":\"https:\\\/\\\/kuzeyinsesi.org\\\/#\\\/schema\\\/person\\\/9f859689cdf01485597712386e37f5aa\",\"name\":\"Kuzeyin Sesi\",\"image\":{\"@type\":\"ImageObject\",\"inLanguage\":\"tr\",\"@id\":\"https:\\\/\\\/secure.gravatar.com\\\/avatar\\\/bab33852abfd8b282518d6ed81826833d77c3c882d9ab608add591ccace47a44?s=96&d=mm&r=g\",\"url\":\"https:\\\/\\\/secure.gravatar.com\\\/avatar\\\/bab33852abfd8b282518d6ed81826833d77c3c882d9ab608add591ccace47a44?s=96&d=mm&r=g\",\"contentUrl\":\"https:\\\/\\\/secure.gravatar.com\\\/avatar\\\/bab33852abfd8b282518d6ed81826833d77c3c882d9ab608add591ccace47a44?s=96&d=mm&r=g\",\"caption\":\"Kuzeyin Sesi\"},\"sameAs\":[\"https:\\\/\\\/kuzeyinsesi.org\"],\"url\":\"https:\\\/\\\/kuzeyinsesi.org\\\/index.php\\\/author\\\/guven\\\/\"}]}<\/script>\n<!-- \/ Yoast SEO plugin. -->","yoast_head_json":{"title":"TC Cumhurba\u015fkan\u0131 Erdo\u011fan, Rusya Devlet Ba\u015fkan\u0131 Putin ile telefonda g\u00f6r\u00fc\u015ft\u00fc - Kuzeyin Sesi","robots":{"index":"index","follow":"follow","max-snippet":"max-snippet:-1","max-image-preview":"max-image-preview:large","max-video-preview":"max-video-preview:-1"},"canonical":"https:\/\/kuzeyinsesi.org\/index.php\/2024\/11\/24\/tc-cumhurbaskani-erdogan-rusya-devlet-baskani-putin-ile-telefonda-gorustu-2\/","og_locale":"tr_TR","og_type":"article","og_title":"TC Cumhurba\u015fkan\u0131 Erdo\u011fan, Rusya Devlet Ba\u015fkan\u0131 Putin ile telefonda g\u00f6r\u00fc\u015ft\u00fc - Kuzeyin Sesi","og_description":"TC Cumhurba\u015fkan\u0131 Recep Tayyip Erdo\u011fan, Rusya Devlet Ba\u015fkan\u0131 Putin\u2019le telefonda g\u00f6r\u00fc\u015ft\u00fc. Erdo\u011fan-Putin g\u00f6r\u00fc\u015fmesinde, T\u00fcrkiye ile Rusya ikili ili\u015fkileri, b\u00f6lgesel ve k\u00fcresel konular ele al\u0131nd\u0131. Erdo\u011fan, g\u00f6r\u00fc\u015fmede, T\u00fcrkiye\u2019nin b\u00f6lgedeki gerilimleri sonland\u0131rmak i\u00e7in gayretlerini s\u00fcrd\u00fcrd\u00fc\u011f\u00fcn\u00fc, bar\u0131\u015f s\u00fcre\u00e7lerine katk\u0131 vermeye devam edilece\u011fini belirtti.","og_url":"https:\/\/kuzeyinsesi.org\/index.php\/2024\/11\/24\/tc-cumhurbaskani-erdogan-rusya-devlet-baskani-putin-ile-telefonda-gorustu-2\/","og_site_name":"Kuzeyin Sesi","article_publisher":"https:\/\/www.facebook.com\/kuzeyinsesii","article_published_time":"2024-11-24T14:52:05+00:00","og_image":[{"url":"https:\/\/brtk.net\/wp-content\/uploads\/2024\/11\/24\/thumbs-b-c-0ecde2348304d747cc4d67280f615e7b.jpg?ver=4687ff2c0a7af6988878c56985343242","type":"","width":"","height":""}],"author":"Kuzeyin Sesi","twitter_card":"summary_large_image","twitter_creator":"@kuzeyinsesii","twitter_site":"@kuzeyinsesii","twitter_misc":{"Yazan:":"Kuzeyin Sesi"},"schema":{"@context":"https:\/\/schema.org","@graph":[{"@type":"Article","@id":"https:\/\/kuzeyinsesi.org\/index.php\/2024\/11\/24\/tc-cumhurbaskani-erdogan-rusya-devlet-baskani-putin-ile-telefonda-gorustu-2\/#article","isPartOf":{"@id":"https:\/\/kuzeyinsesi.org\/index.php\/2024\/11\/24\/tc-cumhurbaskani-erdogan-rusya-devlet-baskani-putin-ile-telefonda-gorustu-2\/"},"author":{"name":"Kuzeyin Sesi","@id":"https:\/\/kuzeyinsesi.org\/#\/schema\/person\/9f859689cdf01485597712386e37f5aa"},"headline":"TC Cumhurba\u015fkan\u0131 Erdo\u011fan, Rusya Devlet Ba\u015fkan\u0131 Putin ile telefonda g\u00f6r\u00fc\u015ft\u00fc","datePublished":"2024-11-24T14:52:05+00:00","mainEntityOfPage":{"@id":"https:\/\/kuzeyinsesi.org\/index.php\/2024\/11\/24\/tc-cumhurbaskani-erdogan-rusya-devlet-baskani-putin-ile-telefonda-gorustu-2\/"},"wordCount":83,"commentCount":0,"image":{"@id":"https:\/\/kuzeyinsesi.org\/index.php\/2024\/11\/24\/tc-cumhurbaskani-erdogan-rusya-devlet-baskani-putin-ile-telefonda-gorustu-2\/#primaryimage"},"thumbnailUrl":"https:\/\/kuzeyinsesi.org\/wp-content\/uploads\/2024\/11\/thumbs-b-c-0ecde2348304d747cc4d67280f615e7b.jpg","articleSection":["T\u00fcrkiye"],"inLanguage":"tr","potentialAction":[{"@type":"CommentAction","name":"Comment","target":["https:\/\/kuzeyinsesi.org\/index.php\/2024\/11\/24\/tc-cumhurbaskani-erdogan-rusya-devlet-baskani-putin-ile-telefonda-gorustu-2\/#respond"]}]},{"@type":"WebPage","@id":"https:\/\/kuzeyinsesi.org\/index.php\/2024\/11\/24\/tc-cumhurbaskani-erdogan-rusya-devlet-baskani-putin-ile-telefonda-gorustu-2\/","url":"https:\/\/kuzeyinsesi.org\/index.php\/2024\/11\/24\/tc-cumhurbaskani-erdogan-rusya-devlet-baskani-putin-ile-telefonda-gorustu-2\/","name":"TC Cumhurba\u015fkan\u0131 Erdo\u011fan, Rusya Devlet Ba\u015fkan\u0131 Putin ile telefonda g\u00f6r\u00fc\u015ft\u00fc - Kuzeyin Sesi","isPartOf":{"@id":"https:\/\/kuzeyinsesi.org\/#website"},"primaryImageOfPage":{"@id":"https:\/\/kuzeyinsesi.org\/index.php\/2024\/11\/24\/tc-cumhurbaskani-erdogan-rusya-devlet-baskani-putin-ile-telefonda-gorustu-2\/#primaryimage"},"image":{"@id":"https:\/\/kuzeyinsesi.org\/index.php\/2024\/11\/24\/tc-cumhurbaskani-erdogan-rusya-devlet-baskani-putin-ile-telefonda-gorustu-2\/#primaryimage"},"thumbnailUrl":"https:\/\/kuzeyinsesi.org\/wp-content\/uploads\/2024\/11\/thumbs-b-c-0ecde2348304d747cc4d67280f615e7b.jpg","datePublished":"2024-11-24T14:52:05+00:00","author":{"@id":"https:\/\/kuzeyinsesi.org\/#\/schema\/person\/9f859689cdf01485597712386e37f5aa"},"breadcrumb":{"@id":"https:\/\/kuzeyinsesi.org\/index.php\/2024\/11\/24\/tc-cumhurbaskani-erdogan-rusya-devlet-baskani-putin-ile-telefonda-gorustu-2\/#breadcrumb"},"inLanguage":"tr","potentialAction":[{"@type":"ReadAction","target":["https:\/\/kuzeyinsesi.org\/index.php\/2024\/11\/24\/tc-cumhurbaskani-erdogan-rusya-devlet-baskani-putin-ile-telefonda-gorustu-2\/"]}]},{"@type":"ImageObject","inLanguage":"tr","@id":"https:\/\/kuzeyinsesi.org\/index.php\/2024\/11\/24\/tc-cumhurbaskani-erdogan-rusya-devlet-baskani-putin-ile-telefonda-gorustu-2\/#primaryimage","url":"https:\/\/kuzeyinsesi.org\/wp-content\/uploads\/2024\/11\/thumbs-b-c-0ecde2348304d747cc4d67280f615e7b.jpg","contentUrl":"https:\/\/kuzeyinsesi.org\/wp-content\/uploads\/2024\/11\/thumbs-b-c-0ecde2348304d747cc4d67280f615e7b.jpg","width":864,"height":486},{"@type":"BreadcrumbList","@id":"https:\/\/kuzeyinsesi.org\/index.php\/2024\/11\/24\/tc-cumhurbaskani-erdogan-rusya-devlet-baskani-putin-ile-telefonda-gorustu-2\/#breadcrumb","itemListElement":[{"@type":"ListItem","position":1,"name":"Anasayfa","item":"https:\/\/kuzeyinsesi.org\/"},{"@type":"ListItem","position":2,"name":"TC Cumhurba\u015fkan\u0131 Erdo\u011fan, Rusya Devlet Ba\u015fkan\u0131 Putin ile telefonda g\u00f6r\u00fc\u015ft\u00fc"}]},{"@type":"WebSite","@id":"https:\/\/kuzeyinsesi.org\/#website","url":"https:\/\/kuzeyinsesi.org\/","name":"Kuzeyin Sesi","description":"Do\u011fru Haberin Adresi","potentialAction":[{"@type":"SearchAction","target":{"@type":"EntryPoint","urlTemplate":"https:\/\/kuzeyinsesi.org\/?s={search_term_string}"},"query-input":{"@type":"PropertyValueSpecification","valueRequired":true,"valueName":"search_term_string"}}],"inLanguage":"tr"},{"@type":"Person","@id":"https:\/\/kuzeyinsesi.org\/#\/schema\/person\/9f859689cdf01485597712386e37f5aa","name":"Kuzeyin Sesi","image":{"@type":"ImageObject","inLanguage":"tr","@id":"https:\/\/secure.gravatar.com\/avatar\/bab33852abfd8b282518d6ed81826833d77c3c882d9ab608add591ccace47a44?s=96&d=mm&r=g","url":"https:\/\/secure.gravatar.com\/avatar\/bab33852abfd8b282518d6ed81826833d77c3c882d9ab608add591ccace47a44?s=96&d=mm&r=g","contentUrl":"https:\/\/secure.gravatar.com\/avatar\/bab33852abfd8b282518d6ed81826833d77c3c882d9ab608add591ccace47a44?s=96&d=mm&r=g","caption":"Kuzeyin Sesi"},"sameAs":["https:\/\/kuzeyinsesi.org"],"url":"https:\/\/kuzeyinsesi.org\/index.php\/author\/guven\/"}]}},"_links":{"self":[{"href":"https:\/\/kuzeyinsesi.org\/index.php\/wp-json\/wp\/v2\/posts\/14182","targetHints":{"allow":["GET"]}}],"collection":[{"href":"https:\/\/kuzeyinsesi.org\/index.php\/wp-json\/wp\/v2\/posts"}],"about":[{"href":"https:\/\/kuzeyinsesi.org\/index.php\/wp-json\/wp\/v2\/types\/post"}],"author":[{"embeddable":true,"href":"https:\/\/kuzeyinsesi.org\/index.php\/wp-json\/wp\/v2\/users\/1"}],"replies":[{"embeddable":true,"href":"https:\/\/kuzeyinsesi.org\/index.php\/wp-json\/wp\/v2\/comments?post=14182"}],"version-history":[{"count":0,"href":"https:\/\/kuzeyinsesi.org\/index.php\/wp-json\/wp\/v2\/posts\/14182\/revisions"}],"wp:featuredmedia":[{"embeddable":true,"href":"https:\/\/kuzeyinsesi.org\/index.php\/wp-json\/wp\/v2\/media\/14183"}],"wp:attachment":[{"href":"https:\/\/kuzeyinsesi.org\/index.php\/wp-json\/wp\/v2\/media?parent=14182"}],"wp:term":[{"taxonomy":"category","embeddable":true,"href":"https:\/\/kuzeyinsesi.org\/index.php\/wp-json\/wp\/v2\/categories?post=14182"},{"taxonomy":"post_tag","embeddable":true,"href":"https:\/\/kuzeyinsesi.org\/index.php\/wp-json\/wp\/v2\/tags?post=14182"}],"curies":[{"name":"wp","href":"https:\/\/api.w.org\/{rel}","templated":true}]}}