{"id":14178,"date":"2024-11-24T15:19:18","date_gmt":"2024-11-24T13:19:18","guid":{"rendered":"https:\/\/kuzeyinsesi.org\/index.php\/2024\/11\/24\/akincinin-yasandigi-gibi-kitabinin-3-cildi-ciktitanitim-etkinligi-sali-gunu\/"},"modified":"2024-11-24T15:19:18","modified_gmt":"2024-11-24T13:19:18","slug":"akincinin-yasandigi-gibi-kitabinin-3-cildi-ciktitanitim-etkinligi-sali-gunu","status":"publish","type":"post","link":"https:\/\/kuzeyinsesi.org\/index.php\/2024\/11\/24\/akincinin-yasandigi-gibi-kitabinin-3-cildi-ciktitanitim-etkinligi-sali-gunu\/","title":{"rendered":"Ak\u0131nc\u0131\u2019n\u0131n \u201cYa\u015fand\u0131\u011f\u0131 Gibi\u201d kitab\u0131n\u0131n 3. cildi \u00e7\u0131kt\u0131\u2026Tan\u0131t\u0131m etkinli\u011fi sal\u0131 g\u00fcn\u00fc"},"content":{"rendered":"<div>\n<div class=\"mariselle-image-container center\">\n                                            <\/div>\n<p>D\u00f6rd\u00fcnc\u00fc Cumhurba\u015fkan\u0131 Mustafa Ak\u0131nc\u0131\u2019n\u0131n 1975-2009 y\u0131llar\u0131 aras\u0131ndaki siyasi an\u0131lar\u0131n\u0131n yer ald\u0131\u011f\u0131 \u201cYa\u015fand\u0131\u011f\u0131 Gibi\u201d adl\u0131 kitab\u0131n\u0131n 3. cildi S\u00f6ylem Yay\u0131nlar\u0131\u2019ndan \u00e7\u0131kt\u0131. <\/p>\n<p>Ak\u0131nc\u0131, 26 Kas\u0131m Sal\u0131 g\u00fcn\u00fc saat 17.30\u2019da Merkez Lefko\u015fa (A\u00e7\u0131k Pazar) salonundaki tan\u0131t\u0131m ve imza etkinli\u011finde kitapseverlerle bir araya gelecek.<\/p>\n<p>S\u00f6ylem Yay\u0131nlar\u0131\u2019ndan yap\u0131lan a\u00e7\u0131klamaya g\u00f6re, siyasete girdi\u011fi 1975\u2019ten ba\u015flayarak, milletvekilli\u011finden ayr\u0131ld\u0131\u011f\u0131 2009 y\u0131l\u0131na kadar olan an\u0131lar\u0131n\u0131 \u00fc\u00e7 cilde s\u0131\u011fd\u0131ran Mustafa Ak\u0131nc\u0131, \u201cYa\u015fand\u0131\u011f\u0131 Gibi\u201dnin \u00fc\u00e7\u00fcnc\u00fc ve son cildinde 2001-2009 aras\u0131ndaki ya\u015fanm\u0131\u015fl\u0131klar\u0131n\u0131 okurlarla payla\u015f\u0131yor.<\/p>\n<p>Birinci ciltte 1975-1990, ikinci ciltte 1991-2000 d\u00f6nemini anlatan Ak\u0131nc\u0131, bu kez K\u0131br\u0131s siyasetinde k\u0131r\u0131lma noktalar\u0131ndan birisini olu\u015fturan Annan Plan\u0131\u2019n\u0131n da i\u00e7inde yer ald\u0131\u011f\u0131 2000\u2019li y\u0131llara dair ayr\u0131nt\u0131lara ve Rumlar\u0131n idaresindeki K\u0131br\u0131s Cumhuriyeti\u2019nin AB\u2019ye \u00fcye oldu\u011fu bu d\u00f6neme ait ya\u015fanm\u0131\u015fl\u0131klara yer veriyor.<\/p>\n<p>Bu kitapla birlikte Cumhurba\u015fkan\u0131 se\u00e7ilmeden \u00f6nceki 34 y\u0131ll\u0131k kesintisiz aktif siyasi ya\u015fam\u0131n\u0131 okurlar\u0131 ve toplumla payla\u015fan Mustafa Ak\u0131nc\u0131, muhalefette ve ard\u0131ndan 2015-2020 y\u0131llar\u0131 aras\u0131nda Cumhurba\u015fkan\u0131 olarak y\u00fcr\u00fctt\u00fc\u011f\u00fc siyasetin daha iyi anla\u015f\u0131lmas\u0131n\u0131 sa\u011flayan geni\u015f bir arka plan sunmu\u015f oluyor.<\/p>\n<\/p><\/div>\n<p><script async\n                    defer\n                    crossorigin=\"anonymous\"\n                    src=\"https:\/\/connect.facebook.net\/tr_TR\/sdk.js#xfbml=1&#038;version=v3.3\"\n            ><\/script><\/p>\n","protected":false},"excerpt":{"rendered":"<p>D\u00f6rd\u00fcnc\u00fc Cumhurba\u015fkan\u0131 Mustafa Ak\u0131nc\u0131\u2019n\u0131n 1975-2009 y\u0131llar\u0131 aras\u0131ndaki siyasi an\u0131lar\u0131n\u0131n yer ald\u0131\u011f\u0131 \u201cYa\u015fand\u0131\u011f\u0131 Gibi\u201d adl\u0131 kitab\u0131n\u0131n 3. cildi S\u00f6ylem Yay\u0131nlar\u0131\u2019ndan \u00e7\u0131kt\u0131. Ak\u0131nc\u0131, 26 Kas\u0131m Sal\u0131 g\u00fcn\u00fc saat 17.30\u2019da Merkez Lefko\u015fa (A\u00e7\u0131k Pazar) salonundaki tan\u0131t\u0131m ve imza etkinli\u011finde kitapseverlerle bir araya gelecek. S\u00f6ylem Yay\u0131nlar\u0131\u2019ndan yap\u0131lan a\u00e7\u0131klamaya g\u00f6re, siyasete girdi\u011fi 1975\u2019ten ba\u015flayarak, milletvekilli\u011finden ayr\u0131ld\u0131\u011f\u0131 2009 y\u0131l\u0131na kadar olan [&hellip;]<\/p>\n","protected":false},"author":1,"featured_media":14179,"comment_status":"open","ping_status":"open","sticky":false,"template":"","format":"standard","meta":{"jnews-multi-image_gallery":[],"jnews_single_post":[],"jnews_primary_category":[],"jnews_social_meta":[],"jnews_override_counter":[],"footnotes":""},"categories":[6],"tags":[],"class_list":["post-14178","post","type-post","status-publish","format-standard","has-post-thumbnail","hentry","category-yasam"],"yoast_head":"<!-- This site is optimized with the Yoast SEO plugin v27.4 - https:\/\/yoast.com\/product\/yoast-seo-wordpress\/ -->\n<title>Ak\u0131nc\u0131\u2019n\u0131n \u201cYa\u015fand\u0131\u011f\u0131 Gibi\u201d kitab\u0131n\u0131n 3. cildi \u00e7\u0131kt\u0131\u2026Tan\u0131t\u0131m etkinli\u011fi sal\u0131 g\u00fcn\u00fc - Kuzeyin Sesi<\/title>\n<meta name=\"robots\" content=\"index, follow, max-snippet:-1, max-image-preview:large, max-video-preview:-1\" \/>\n<link rel=\"canonical\" href=\"https:\/\/kuzeyinsesi.org\/index.php\/2024\/11\/24\/akincinin-yasandigi-gibi-kitabinin-3-cildi-ciktitanitim-etkinligi-sali-gunu\/\" \/>\n<meta property=\"og:locale\" content=\"tr_TR\" \/>\n<meta property=\"og:type\" content=\"article\" \/>\n<meta property=\"og:title\" content=\"Ak\u0131nc\u0131\u2019n\u0131n \u201cYa\u015fand\u0131\u011f\u0131 Gibi\u201d kitab\u0131n\u0131n 3. cildi \u00e7\u0131kt\u0131\u2026Tan\u0131t\u0131m etkinli\u011fi sal\u0131 g\u00fcn\u00fc - Kuzeyin Sesi\" \/>\n<meta property=\"og:description\" content=\"D\u00f6rd\u00fcnc\u00fc Cumhurba\u015fkan\u0131 Mustafa Ak\u0131nc\u0131\u2019n\u0131n 1975-2009 y\u0131llar\u0131 aras\u0131ndaki siyasi an\u0131lar\u0131n\u0131n yer ald\u0131\u011f\u0131 \u201cYa\u015fand\u0131\u011f\u0131 Gibi\u201d adl\u0131 kitab\u0131n\u0131n 3. cildi S\u00f6ylem Yay\u0131nlar\u0131\u2019ndan \u00e7\u0131kt\u0131. Ak\u0131nc\u0131, 26 Kas\u0131m Sal\u0131 g\u00fcn\u00fc saat 17.30\u2019da Merkez Lefko\u015fa (A\u00e7\u0131k Pazar) salonundaki tan\u0131t\u0131m ve imza etkinli\u011finde kitapseverlerle bir araya gelecek. S\u00f6ylem Yay\u0131nlar\u0131\u2019ndan yap\u0131lan a\u00e7\u0131klamaya g\u00f6re, siyasete girdi\u011fi 1975\u2019ten ba\u015flayarak, milletvekilli\u011finden ayr\u0131ld\u0131\u011f\u0131 2009 y\u0131l\u0131na kadar olan [&hellip;]\" \/>\n<meta property=\"og:url\" content=\"https:\/\/kuzeyinsesi.org\/index.php\/2024\/11\/24\/akincinin-yasandigi-gibi-kitabinin-3-cildi-ciktitanitim-etkinligi-sali-gunu\/\" \/>\n<meta property=\"og:site_name\" content=\"Kuzeyin Sesi\" \/>\n<meta property=\"article:publisher\" content=\"https:\/\/www.facebook.com\/kuzeyinsesii\" \/>\n<meta property=\"article:published_time\" content=\"2024-11-24T13:19:18+00:00\" \/>\n<meta property=\"og:image\" content=\"https:\/\/brtk.net\/wp-content\/uploads\/2024\/11\/24\/AKINCI-KITAP.webp?ver=0b18d190623215e1545252d50a928a7e\" \/>\n<meta name=\"author\" content=\"Kuzeyin Sesi\" \/>\n<meta name=\"twitter:card\" content=\"summary_large_image\" \/>\n<meta name=\"twitter:creator\" content=\"@kuzeyinsesii\" \/>\n<meta name=\"twitter:site\" content=\"@kuzeyinsesii\" \/>\n<meta name=\"twitter:label1\" content=\"Yazan:\" \/>\n\t<meta name=\"twitter:data1\" content=\"Kuzeyin Sesi\" \/>\n\t<meta name=\"twitter:label2\" content=\"Tahmini okuma s\u00fcresi\" \/>\n\t<meta name=\"twitter:data2\" content=\"1 dakika\" \/>\n<script type=\"application\/ld+json\" class=\"yoast-schema-graph\">{\"@context\":\"https:\\\/\\\/schema.org\",\"@graph\":[{\"@type\":\"Article\",\"@id\":\"https:\\\/\\\/kuzeyinsesi.org\\\/index.php\\\/2024\\\/11\\\/24\\\/akincinin-yasandigi-gibi-kitabinin-3-cildi-ciktitanitim-etkinligi-sali-gunu\\\/#article\",\"isPartOf\":{\"@id\":\"https:\\\/\\\/kuzeyinsesi.org\\\/index.php\\\/2024\\\/11\\\/24\\\/akincinin-yasandigi-gibi-kitabinin-3-cildi-ciktitanitim-etkinligi-sali-gunu\\\/\"},\"author\":{\"name\":\"Kuzeyin Sesi\",\"@id\":\"https:\\\/\\\/kuzeyinsesi.org\\\/#\\\/schema\\\/person\\\/9f859689cdf01485597712386e37f5aa\"},\"headline\":\"Ak\u0131nc\u0131\u2019n\u0131n \u201cYa\u015fand\u0131\u011f\u0131 Gibi\u201d kitab\u0131n\u0131n 3. cildi \u00e7\u0131kt\u0131\u2026Tan\u0131t\u0131m etkinli\u011fi sal\u0131 g\u00fcn\u00fc\",\"datePublished\":\"2024-11-24T13:19:18+00:00\",\"mainEntityOfPage\":{\"@id\":\"https:\\\/\\\/kuzeyinsesi.org\\\/index.php\\\/2024\\\/11\\\/24\\\/akincinin-yasandigi-gibi-kitabinin-3-cildi-ciktitanitim-etkinligi-sali-gunu\\\/\"},\"wordCount\":257,\"commentCount\":0,\"image\":{\"@id\":\"https:\\\/\\\/kuzeyinsesi.org\\\/index.php\\\/2024\\\/11\\\/24\\\/akincinin-yasandigi-gibi-kitabinin-3-cildi-ciktitanitim-etkinligi-sali-gunu\\\/#primaryimage\"},\"thumbnailUrl\":\"https:\\\/\\\/kuzeyinsesi.org\\\/wp-content\\\/uploads\\\/2024\\\/11\\\/AKINCI-KITAP.webp.webp\",\"articleSection\":[\"Ya\u015fam\"],\"inLanguage\":\"tr\",\"potentialAction\":[{\"@type\":\"CommentAction\",\"name\":\"Comment\",\"target\":[\"https:\\\/\\\/kuzeyinsesi.org\\\/index.php\\\/2024\\\/11\\\/24\\\/akincinin-yasandigi-gibi-kitabinin-3-cildi-ciktitanitim-etkinligi-sali-gunu\\\/#respond\"]}]},{\"@type\":\"WebPage\",\"@id\":\"https:\\\/\\\/kuzeyinsesi.org\\\/index.php\\\/2024\\\/11\\\/24\\\/akincinin-yasandigi-gibi-kitabinin-3-cildi-ciktitanitim-etkinligi-sali-gunu\\\/\",\"url\":\"https:\\\/\\\/kuzeyinsesi.org\\\/index.php\\\/2024\\\/11\\\/24\\\/akincinin-yasandigi-gibi-kitabinin-3-cildi-ciktitanitim-etkinligi-sali-gunu\\\/\",\"name\":\"Ak\u0131nc\u0131\u2019n\u0131n \u201cYa\u015fand\u0131\u011f\u0131 Gibi\u201d kitab\u0131n\u0131n 3. cildi \u00e7\u0131kt\u0131\u2026Tan\u0131t\u0131m etkinli\u011fi sal\u0131 g\u00fcn\u00fc - Kuzeyin Sesi\",\"isPartOf\":{\"@id\":\"https:\\\/\\\/kuzeyinsesi.org\\\/#website\"},\"primaryImageOfPage\":{\"@id\":\"https:\\\/\\\/kuzeyinsesi.org\\\/index.php\\\/2024\\\/11\\\/24\\\/akincinin-yasandigi-gibi-kitabinin-3-cildi-ciktitanitim-etkinligi-sali-gunu\\\/#primaryimage\"},\"image\":{\"@id\":\"https:\\\/\\\/kuzeyinsesi.org\\\/index.php\\\/2024\\\/11\\\/24\\\/akincinin-yasandigi-gibi-kitabinin-3-cildi-ciktitanitim-etkinligi-sali-gunu\\\/#primaryimage\"},\"thumbnailUrl\":\"https:\\\/\\\/kuzeyinsesi.org\\\/wp-content\\\/uploads\\\/2024\\\/11\\\/AKINCI-KITAP.webp.webp\",\"datePublished\":\"2024-11-24T13:19:18+00:00\",\"author\":{\"@id\":\"https:\\\/\\\/kuzeyinsesi.org\\\/#\\\/schema\\\/person\\\/9f859689cdf01485597712386e37f5aa\"},\"breadcrumb\":{\"@id\":\"https:\\\/\\\/kuzeyinsesi.org\\\/index.php\\\/2024\\\/11\\\/24\\\/akincinin-yasandigi-gibi-kitabinin-3-cildi-ciktitanitim-etkinligi-sali-gunu\\\/#breadcrumb\"},\"inLanguage\":\"tr\",\"potentialAction\":[{\"@type\":\"ReadAction\",\"target\":[\"https:\\\/\\\/kuzeyinsesi.org\\\/index.php\\\/2024\\\/11\\\/24\\\/akincinin-yasandigi-gibi-kitabinin-3-cildi-ciktitanitim-etkinligi-sali-gunu\\\/\"]}]},{\"@type\":\"ImageObject\",\"inLanguage\":\"tr\",\"@id\":\"https:\\\/\\\/kuzeyinsesi.org\\\/index.php\\\/2024\\\/11\\\/24\\\/akincinin-yasandigi-gibi-kitabinin-3-cildi-ciktitanitim-etkinligi-sali-gunu\\\/#primaryimage\",\"url\":\"https:\\\/\\\/kuzeyinsesi.org\\\/wp-content\\\/uploads\\\/2024\\\/11\\\/AKINCI-KITAP.webp.webp\",\"contentUrl\":\"https:\\\/\\\/kuzeyinsesi.org\\\/wp-content\\\/uploads\\\/2024\\\/11\\\/AKINCI-KITAP.webp.webp\",\"width\":971,\"height\":551},{\"@type\":\"BreadcrumbList\",\"@id\":\"https:\\\/\\\/kuzeyinsesi.org\\\/index.php\\\/2024\\\/11\\\/24\\\/akincinin-yasandigi-gibi-kitabinin-3-cildi-ciktitanitim-etkinligi-sali-gunu\\\/#breadcrumb\",\"itemListElement\":[{\"@type\":\"ListItem\",\"position\":1,\"name\":\"Anasayfa\",\"item\":\"https:\\\/\\\/kuzeyinsesi.org\\\/\"},{\"@type\":\"ListItem\",\"position\":2,\"name\":\"Ak\u0131nc\u0131\u2019n\u0131n \u201cYa\u015fand\u0131\u011f\u0131 Gibi\u201d kitab\u0131n\u0131n 3. cildi \u00e7\u0131kt\u0131\u2026Tan\u0131t\u0131m etkinli\u011fi sal\u0131 g\u00fcn\u00fc\"}]},{\"@type\":\"WebSite\",\"@id\":\"https:\\\/\\\/kuzeyinsesi.org\\\/#website\",\"url\":\"https:\\\/\\\/kuzeyinsesi.org\\\/\",\"name\":\"Kuzeyin Sesi\",\"description\":\"Do\u011fru Haberin Adresi\",\"potentialAction\":[{\"@type\":\"SearchAction\",\"target\":{\"@type\":\"EntryPoint\",\"urlTemplate\":\"https:\\\/\\\/kuzeyinsesi.org\\\/?s={search_term_string}\"},\"query-input\":{\"@type\":\"PropertyValueSpecification\",\"valueRequired\":true,\"valueName\":\"search_term_string\"}}],\"inLanguage\":\"tr\"},{\"@type\":\"Person\",\"@id\":\"https:\\\/\\\/kuzeyinsesi.org\\\/#\\\/schema\\\/person\\\/9f859689cdf01485597712386e37f5aa\",\"name\":\"Kuzeyin Sesi\",\"image\":{\"@type\":\"ImageObject\",\"inLanguage\":\"tr\",\"@id\":\"https:\\\/\\\/secure.gravatar.com\\\/avatar\\\/bab33852abfd8b282518d6ed81826833d77c3c882d9ab608add591ccace47a44?s=96&d=mm&r=g\",\"url\":\"https:\\\/\\\/secure.gravatar.com\\\/avatar\\\/bab33852abfd8b282518d6ed81826833d77c3c882d9ab608add591ccace47a44?s=96&d=mm&r=g\",\"contentUrl\":\"https:\\\/\\\/secure.gravatar.com\\\/avatar\\\/bab33852abfd8b282518d6ed81826833d77c3c882d9ab608add591ccace47a44?s=96&d=mm&r=g\",\"caption\":\"Kuzeyin Sesi\"},\"sameAs\":[\"https:\\\/\\\/kuzeyinsesi.org\"],\"url\":\"https:\\\/\\\/kuzeyinsesi.org\\\/index.php\\\/author\\\/guven\\\/\"}]}<\/script>\n<!-- \/ Yoast SEO plugin. -->","yoast_head_json":{"title":"Ak\u0131nc\u0131\u2019n\u0131n \u201cYa\u015fand\u0131\u011f\u0131 Gibi\u201d kitab\u0131n\u0131n 3. cildi \u00e7\u0131kt\u0131\u2026Tan\u0131t\u0131m etkinli\u011fi sal\u0131 g\u00fcn\u00fc - Kuzeyin Sesi","robots":{"index":"index","follow":"follow","max-snippet":"max-snippet:-1","max-image-preview":"max-image-preview:large","max-video-preview":"max-video-preview:-1"},"canonical":"https:\/\/kuzeyinsesi.org\/index.php\/2024\/11\/24\/akincinin-yasandigi-gibi-kitabinin-3-cildi-ciktitanitim-etkinligi-sali-gunu\/","og_locale":"tr_TR","og_type":"article","og_title":"Ak\u0131nc\u0131\u2019n\u0131n \u201cYa\u015fand\u0131\u011f\u0131 Gibi\u201d kitab\u0131n\u0131n 3. cildi \u00e7\u0131kt\u0131\u2026Tan\u0131t\u0131m etkinli\u011fi sal\u0131 g\u00fcn\u00fc - Kuzeyin Sesi","og_description":"D\u00f6rd\u00fcnc\u00fc Cumhurba\u015fkan\u0131 Mustafa Ak\u0131nc\u0131\u2019n\u0131n 1975-2009 y\u0131llar\u0131 aras\u0131ndaki siyasi an\u0131lar\u0131n\u0131n yer ald\u0131\u011f\u0131 \u201cYa\u015fand\u0131\u011f\u0131 Gibi\u201d adl\u0131 kitab\u0131n\u0131n 3. cildi S\u00f6ylem Yay\u0131nlar\u0131\u2019ndan \u00e7\u0131kt\u0131. Ak\u0131nc\u0131, 26 Kas\u0131m Sal\u0131 g\u00fcn\u00fc saat 17.30\u2019da Merkez Lefko\u015fa (A\u00e7\u0131k Pazar) salonundaki tan\u0131t\u0131m ve imza etkinli\u011finde kitapseverlerle bir araya gelecek. S\u00f6ylem Yay\u0131nlar\u0131\u2019ndan yap\u0131lan a\u00e7\u0131klamaya g\u00f6re, siyasete girdi\u011fi 1975\u2019ten ba\u015flayarak, milletvekilli\u011finden ayr\u0131ld\u0131\u011f\u0131 2009 y\u0131l\u0131na kadar olan [&hellip;]","og_url":"https:\/\/kuzeyinsesi.org\/index.php\/2024\/11\/24\/akincinin-yasandigi-gibi-kitabinin-3-cildi-ciktitanitim-etkinligi-sali-gunu\/","og_site_name":"Kuzeyin Sesi","article_publisher":"https:\/\/www.facebook.com\/kuzeyinsesii","article_published_time":"2024-11-24T13:19:18+00:00","og_image":[{"url":"https:\/\/brtk.net\/wp-content\/uploads\/2024\/11\/24\/AKINCI-KITAP.webp?ver=0b18d190623215e1545252d50a928a7e","type":"","width":"","height":""}],"author":"Kuzeyin Sesi","twitter_card":"summary_large_image","twitter_creator":"@kuzeyinsesii","twitter_site":"@kuzeyinsesii","twitter_misc":{"Yazan:":"Kuzeyin Sesi","Tahmini okuma s\u00fcresi":"1 dakika"},"schema":{"@context":"https:\/\/schema.org","@graph":[{"@type":"Article","@id":"https:\/\/kuzeyinsesi.org\/index.php\/2024\/11\/24\/akincinin-yasandigi-gibi-kitabinin-3-cildi-ciktitanitim-etkinligi-sali-gunu\/#article","isPartOf":{"@id":"https:\/\/kuzeyinsesi.org\/index.php\/2024\/11\/24\/akincinin-yasandigi-gibi-kitabinin-3-cildi-ciktitanitim-etkinligi-sali-gunu\/"},"author":{"name":"Kuzeyin Sesi","@id":"https:\/\/kuzeyinsesi.org\/#\/schema\/person\/9f859689cdf01485597712386e37f5aa"},"headline":"Ak\u0131nc\u0131\u2019n\u0131n \u201cYa\u015fand\u0131\u011f\u0131 Gibi\u201d kitab\u0131n\u0131n 3. cildi \u00e7\u0131kt\u0131\u2026Tan\u0131t\u0131m etkinli\u011fi sal\u0131 g\u00fcn\u00fc","datePublished":"2024-11-24T13:19:18+00:00","mainEntityOfPage":{"@id":"https:\/\/kuzeyinsesi.org\/index.php\/2024\/11\/24\/akincinin-yasandigi-gibi-kitabinin-3-cildi-ciktitanitim-etkinligi-sali-gunu\/"},"wordCount":257,"commentCount":0,"image":{"@id":"https:\/\/kuzeyinsesi.org\/index.php\/2024\/11\/24\/akincinin-yasandigi-gibi-kitabinin-3-cildi-ciktitanitim-etkinligi-sali-gunu\/#primaryimage"},"thumbnailUrl":"https:\/\/kuzeyinsesi.org\/wp-content\/uploads\/2024\/11\/AKINCI-KITAP.webp.webp","articleSection":["Ya\u015fam"],"inLanguage":"tr","potentialAction":[{"@type":"CommentAction","name":"Comment","target":["https:\/\/kuzeyinsesi.org\/index.php\/2024\/11\/24\/akincinin-yasandigi-gibi-kitabinin-3-cildi-ciktitanitim-etkinligi-sali-gunu\/#respond"]}]},{"@type":"WebPage","@id":"https:\/\/kuzeyinsesi.org\/index.php\/2024\/11\/24\/akincinin-yasandigi-gibi-kitabinin-3-cildi-ciktitanitim-etkinligi-sali-gunu\/","url":"https:\/\/kuzeyinsesi.org\/index.php\/2024\/11\/24\/akincinin-yasandigi-gibi-kitabinin-3-cildi-ciktitanitim-etkinligi-sali-gunu\/","name":"Ak\u0131nc\u0131\u2019n\u0131n \u201cYa\u015fand\u0131\u011f\u0131 Gibi\u201d kitab\u0131n\u0131n 3. cildi \u00e7\u0131kt\u0131\u2026Tan\u0131t\u0131m etkinli\u011fi sal\u0131 g\u00fcn\u00fc - Kuzeyin Sesi","isPartOf":{"@id":"https:\/\/kuzeyinsesi.org\/#website"},"primaryImageOfPage":{"@id":"https:\/\/kuzeyinsesi.org\/index.php\/2024\/11\/24\/akincinin-yasandigi-gibi-kitabinin-3-cildi-ciktitanitim-etkinligi-sali-gunu\/#primaryimage"},"image":{"@id":"https:\/\/kuzeyinsesi.org\/index.php\/2024\/11\/24\/akincinin-yasandigi-gibi-kitabinin-3-cildi-ciktitanitim-etkinligi-sali-gunu\/#primaryimage"},"thumbnailUrl":"https:\/\/kuzeyinsesi.org\/wp-content\/uploads\/2024\/11\/AKINCI-KITAP.webp.webp","datePublished":"2024-11-24T13:19:18+00:00","author":{"@id":"https:\/\/kuzeyinsesi.org\/#\/schema\/person\/9f859689cdf01485597712386e37f5aa"},"breadcrumb":{"@id":"https:\/\/kuzeyinsesi.org\/index.php\/2024\/11\/24\/akincinin-yasandigi-gibi-kitabinin-3-cildi-ciktitanitim-etkinligi-sali-gunu\/#breadcrumb"},"inLanguage":"tr","potentialAction":[{"@type":"ReadAction","target":["https:\/\/kuzeyinsesi.org\/index.php\/2024\/11\/24\/akincinin-yasandigi-gibi-kitabinin-3-cildi-ciktitanitim-etkinligi-sali-gunu\/"]}]},{"@type":"ImageObject","inLanguage":"tr","@id":"https:\/\/kuzeyinsesi.org\/index.php\/2024\/11\/24\/akincinin-yasandigi-gibi-kitabinin-3-cildi-ciktitanitim-etkinligi-sali-gunu\/#primaryimage","url":"https:\/\/kuzeyinsesi.org\/wp-content\/uploads\/2024\/11\/AKINCI-KITAP.webp.webp","contentUrl":"https:\/\/kuzeyinsesi.org\/wp-content\/uploads\/2024\/11\/AKINCI-KITAP.webp.webp","width":971,"height":551},{"@type":"BreadcrumbList","@id":"https:\/\/kuzeyinsesi.org\/index.php\/2024\/11\/24\/akincinin-yasandigi-gibi-kitabinin-3-cildi-ciktitanitim-etkinligi-sali-gunu\/#breadcrumb","itemListElement":[{"@type":"ListItem","position":1,"name":"Anasayfa","item":"https:\/\/kuzeyinsesi.org\/"},{"@type":"ListItem","position":2,"name":"Ak\u0131nc\u0131\u2019n\u0131n \u201cYa\u015fand\u0131\u011f\u0131 Gibi\u201d kitab\u0131n\u0131n 3. cildi \u00e7\u0131kt\u0131\u2026Tan\u0131t\u0131m etkinli\u011fi sal\u0131 g\u00fcn\u00fc"}]},{"@type":"WebSite","@id":"https:\/\/kuzeyinsesi.org\/#website","url":"https:\/\/kuzeyinsesi.org\/","name":"Kuzeyin Sesi","description":"Do\u011fru Haberin Adresi","potentialAction":[{"@type":"SearchAction","target":{"@type":"EntryPoint","urlTemplate":"https:\/\/kuzeyinsesi.org\/?s={search_term_string}"},"query-input":{"@type":"PropertyValueSpecification","valueRequired":true,"valueName":"search_term_string"}}],"inLanguage":"tr"},{"@type":"Person","@id":"https:\/\/kuzeyinsesi.org\/#\/schema\/person\/9f859689cdf01485597712386e37f5aa","name":"Kuzeyin Sesi","image":{"@type":"ImageObject","inLanguage":"tr","@id":"https:\/\/secure.gravatar.com\/avatar\/bab33852abfd8b282518d6ed81826833d77c3c882d9ab608add591ccace47a44?s=96&d=mm&r=g","url":"https:\/\/secure.gravatar.com\/avatar\/bab33852abfd8b282518d6ed81826833d77c3c882d9ab608add591ccace47a44?s=96&d=mm&r=g","contentUrl":"https:\/\/secure.gravatar.com\/avatar\/bab33852abfd8b282518d6ed81826833d77c3c882d9ab608add591ccace47a44?s=96&d=mm&r=g","caption":"Kuzeyin Sesi"},"sameAs":["https:\/\/kuzeyinsesi.org"],"url":"https:\/\/kuzeyinsesi.org\/index.php\/author\/guven\/"}]}},"_links":{"self":[{"href":"https:\/\/kuzeyinsesi.org\/index.php\/wp-json\/wp\/v2\/posts\/14178","targetHints":{"allow":["GET"]}}],"collection":[{"href":"https:\/\/kuzeyinsesi.org\/index.php\/wp-json\/wp\/v2\/posts"}],"about":[{"href":"https:\/\/kuzeyinsesi.org\/index.php\/wp-json\/wp\/v2\/types\/post"}],"author":[{"embeddable":true,"href":"https:\/\/kuzeyinsesi.org\/index.php\/wp-json\/wp\/v2\/users\/1"}],"replies":[{"embeddable":true,"href":"https:\/\/kuzeyinsesi.org\/index.php\/wp-json\/wp\/v2\/comments?post=14178"}],"version-history":[{"count":0,"href":"https:\/\/kuzeyinsesi.org\/index.php\/wp-json\/wp\/v2\/posts\/14178\/revisions"}],"wp:featuredmedia":[{"embeddable":true,"href":"https:\/\/kuzeyinsesi.org\/index.php\/wp-json\/wp\/v2\/media\/14179"}],"wp:attachment":[{"href":"https:\/\/kuzeyinsesi.org\/index.php\/wp-json\/wp\/v2\/media?parent=14178"}],"wp:term":[{"taxonomy":"category","embeddable":true,"href":"https:\/\/kuzeyinsesi.org\/index.php\/wp-json\/wp\/v2\/categories?post=14178"},{"taxonomy":"post_tag","embeddable":true,"href":"https:\/\/kuzeyinsesi.org\/index.php\/wp-json\/wp\/v2\/tags?post=14178"}],"curies":[{"name":"wp","href":"https:\/\/api.w.org\/{rel}","templated":true}]}}