{"id":14166,"date":"2024-11-24T12:16:16","date_gmt":"2024-11-24T10:16:16","guid":{"rendered":"https:\/\/kuzeyinsesi.org\/index.php\/2024\/11\/24\/levekusen-jazz-festivalinde-3-konser-veren-oytun-ersana-yogun-ilgi\/"},"modified":"2024-11-24T12:16:16","modified_gmt":"2024-11-24T10:16:16","slug":"levekusen-jazz-festivalinde-3-konser-veren-oytun-ersana-yogun-ilgi","status":"publish","type":"post","link":"https:\/\/kuzeyinsesi.org\/index.php\/2024\/11\/24\/levekusen-jazz-festivalinde-3-konser-veren-oytun-ersana-yogun-ilgi\/","title":{"rendered":"Levekusen Jazz Festivali\u2019nde 3 konser veren Oytun Ersan\u2019a yo\u011fun ilgi"},"content":{"rendered":"<div>\n<div class=\"mariselle-image-container center\">\n                                            <\/div>\n<p>\nBas gitarist Oytun Ersan, Almanya\u2019n\u0131n Leverkusen kentinde bu y\u0131l 45\u2019incisi d\u00fczenlenen Jazz Festivali\u2019nde 3 konser verdi.<\/p>\n<p>K\u0131br\u0131sl\u0131 T\u00fcrk m\u00fczisyen Oytun Ersan ve d\u00f6rt Alman m\u00fczisyenden olu\u015fan \u201cOytun Ersan &amp; Band \u2013 Cyprus Deja Vu\u201d 6 Kas\u0131m\u2019da Topos Jazz Club\u2019ta, 7 Kas\u0131m\u2019da Aalen\u2019de, 8 Kas\u0131m\u2019da ise Laverkusen Jazz Stage\u2019te m\u00fczikseverlerle bulu\u015ftu.<\/p>\n<p>Avrupa\u2019nun en b\u00fcy\u00fck jazz festivali olarak bilinen Leverkusen Jazz Festivali\u2019nde, Oytun Ersan sanatseverlerden yo\u011fun ilgi g\u00f6rd\u00fc.  Ersan\u2019\u0131n konserlerine binlerce ki\u015fi kat\u0131ld\u0131. <\/p>\n<p>-Oytun Ersan kimdir?<\/p>\n<p>Grammy Recording Akademisi \u00fcyesi ve Grammy oy verme hakk\u0131na sahip \u00fcye olan Oytun Ersan, 25 y\u0131l\u0131 a\u015fk\u0131n bir m\u00fczisyenlik ge\u00e7mi\u015fine sahip. Sanat\u00e7\u0131, hen\u00fcz 15 ya\u015f\u0131ndayken halen g\u00f6rev yapt\u0131\u011f\u0131 Lefko\u015fa T\u00fcrk Belediyesi Orkestras\u0131\u2019na kat\u0131ld\u0131.<\/p>\n<p>Do\u011fu Akdeniz \u00dcniversitesi M\u00fczik Akademisi\u2019nden mezun olan Ersan, genel e\u011fitmenlik \u00fczerine y\u00fcksek lisans e\u011fitimini ba\u015far\u0131yla tamamlad\u0131.<\/p>\n<p>Ersan, ayn\u0131 zamanda Royal College of Music\u2019in \u015eeflik Profes\u00f6r\u00fc ve European Union Youth Orchestra \u015eefi Prof. Dr. Peter Stark taraf\u0131ndan Birle\u015fik Krall\u0131k\u2019ta d\u00fczenlenen \u015eeflik Master Class Kursunu ba\u015far\u0131yla tamamlad\u0131.<\/p>\n<p>Sanat\u00e7\u0131, ba\u015fta d\u00fcnyaca \u00fcnl\u00fc Jazz Fusion gitaristi olan abisi Okan Ersan olmak \u00fczere, Dave Weckl, Eric Marienthal, Gerry Etkins, Gary Husband, Karen Briggs, Dean Brown, Mike Miller, Wycliffe Gordon, Brett Garsed, \u00c7a\u011fr\u0131 Sertel, Tony Jones, Ola Onabule gibi bir\u00e7ok de\u011ferli isimle \u00e7al\u0131\u015ft\u0131.<\/p>\n<p>Oytun Ersan, 2013 y\u0131l\u0131nda d\u00fcnyan\u0131n en prestijli bass gitar \u00fcreticilerinden olan ve Brooklyn ABD\u2019de bulunan Fodera firmas\u0131 taraf\u0131ndan Fodera Artisti ve Tan\u0131t\u0131m Sanat\u00e7\u0131s\u0131 ve hemen ard\u0131ndan yine ABD\u2019de bulunan d\u00fcnyaca \u00fcnl\u00fc GruvGear firmas\u0131n\u0131n artist ve tan\u0131t\u0131m sanat\u00e7\u0131s\u0131 ilan edildi.<\/p>\n<p>Yine ayn\u0131 y\u0131l i\u00e7erisinde Aguilar firmas\u0131 da Oytun Ersan\u2019\u0131 K\u0131br\u0131s tan\u0131t\u0131m sanat\u00e7\u0131s\u0131 ilan etti. Sanat\u00e7\u0131, Bass Musician Magazine, Bass Guitar Magazine, All About Jazz ve Jazz Dergisi gibi platformlara haber konusu olmay\u0131 ba\u015fard\u0131.<\/p>\n<p>Melis \u00dcnal\u2019\u0131n menajerli\u011finde \u00e7al\u0131\u015fmalar\u0131n\u0131 y\u00fcr\u00fcten Ersan, 23-25 Ocak 2015 tarihleri aras\u0131nda Los Angeles, California ABD\u2019de ger\u00e7ekle\u015ftirilen ve d\u00fcnyan\u0131n en b\u00fcy\u00fck m\u00fczik fuar\u0131 olarak bilinen The Namm Show\u2019da da sahne alm\u0131\u015ft\u0131.<\/p>\n<p>Uzun y\u0131llard\u0131r Fusion Jazz t\u00fcr\u00fcnde m\u00fczik yapan Oytun Ersan, d\u00fcnyan\u0131n en prestijli m\u00fczik \u00f6d\u00fcl\u00fc olan Grammy\u2019e tam alt\u0131 dalda aday aday\u0131 olmay\u0131 ba\u015farm\u0131\u015ft\u0131.<\/p>\n<\/p><\/div>\n<p><script async\n                    defer\n                    crossorigin=\"anonymous\"\n                    src=\"https:\/\/connect.facebook.net\/tr_TR\/sdk.js#xfbml=1&#038;version=v3.3\"\n            ><\/script><\/p>\n","protected":false},"excerpt":{"rendered":"<p>Bas gitarist Oytun Ersan, Almanya\u2019n\u0131n Leverkusen kentinde bu y\u0131l 45\u2019incisi d\u00fczenlenen Jazz Festivali\u2019nde 3 konser verdi. K\u0131br\u0131sl\u0131 T\u00fcrk m\u00fczisyen Oytun Ersan ve d\u00f6rt Alman m\u00fczisyenden olu\u015fan \u201cOytun Ersan &amp; Band \u2013 Cyprus Deja Vu\u201d 6 Kas\u0131m\u2019da Topos Jazz Club\u2019ta, 7 Kas\u0131m\u2019da Aalen\u2019de, 8 Kas\u0131m\u2019da ise Laverkusen Jazz Stage\u2019te m\u00fczikseverlerle bulu\u015ftu. Avrupa\u2019nun en b\u00fcy\u00fck jazz festivali [&hellip;]<\/p>\n","protected":false},"author":1,"featured_media":14167,"comment_status":"open","ping_status":"open","sticky":false,"template":"","format":"standard","meta":{"jnews-multi-image_gallery":[],"jnews_single_post":[],"jnews_primary_category":[],"jnews_social_meta":[],"jnews_override_counter":[],"footnotes":""},"categories":[6],"tags":[],"class_list":["post-14166","post","type-post","status-publish","format-standard","has-post-thumbnail","hentry","category-yasam"],"yoast_head":"<!-- This site is optimized with the Yoast SEO plugin v27.4 - https:\/\/yoast.com\/product\/yoast-seo-wordpress\/ -->\n<title>Levekusen Jazz Festivali\u2019nde 3 konser veren Oytun Ersan\u2019a yo\u011fun ilgi - Kuzeyin Sesi<\/title>\n<meta name=\"robots\" content=\"index, follow, max-snippet:-1, max-image-preview:large, max-video-preview:-1\" \/>\n<link rel=\"canonical\" href=\"https:\/\/kuzeyinsesi.org\/index.php\/2024\/11\/24\/levekusen-jazz-festivalinde-3-konser-veren-oytun-ersana-yogun-ilgi\/\" \/>\n<meta property=\"og:locale\" content=\"tr_TR\" \/>\n<meta property=\"og:type\" content=\"article\" \/>\n<meta property=\"og:title\" content=\"Levekusen Jazz Festivali\u2019nde 3 konser veren Oytun Ersan\u2019a yo\u011fun ilgi - Kuzeyin Sesi\" \/>\n<meta property=\"og:description\" content=\"Bas gitarist Oytun Ersan, Almanya\u2019n\u0131n Leverkusen kentinde bu y\u0131l 45\u2019incisi d\u00fczenlenen Jazz Festivali\u2019nde 3 konser verdi. K\u0131br\u0131sl\u0131 T\u00fcrk m\u00fczisyen Oytun Ersan ve d\u00f6rt Alman m\u00fczisyenden olu\u015fan \u201cOytun Ersan &amp; Band \u2013 Cyprus Deja Vu\u201d 6 Kas\u0131m\u2019da Topos Jazz Club\u2019ta, 7 Kas\u0131m\u2019da Aalen\u2019de, 8 Kas\u0131m\u2019da ise Laverkusen Jazz Stage\u2019te m\u00fczikseverlerle bulu\u015ftu. Avrupa\u2019nun en b\u00fcy\u00fck jazz festivali [&hellip;]\" \/>\n<meta property=\"og:url\" content=\"https:\/\/kuzeyinsesi.org\/index.php\/2024\/11\/24\/levekusen-jazz-festivalinde-3-konser-veren-oytun-ersana-yogun-ilgi\/\" \/>\n<meta property=\"og:site_name\" content=\"Kuzeyin Sesi\" \/>\n<meta property=\"article:publisher\" content=\"https:\/\/www.facebook.com\/kuzeyinsesii\" \/>\n<meta property=\"article:published_time\" content=\"2024-11-24T10:16:16+00:00\" \/>\n<meta property=\"og:image\" content=\"https:\/\/brtk.net\/wp-content\/uploads\/2024\/11\/24\/oytun-3.png?ver=797022456770ef55d5c71681e33ff4e4\" \/>\n<meta name=\"author\" content=\"Kuzeyin Sesi\" \/>\n<meta name=\"twitter:card\" content=\"summary_large_image\" \/>\n<meta name=\"twitter:creator\" content=\"@kuzeyinsesii\" \/>\n<meta name=\"twitter:site\" content=\"@kuzeyinsesii\" \/>\n<meta name=\"twitter:label1\" content=\"Yazan:\" \/>\n\t<meta name=\"twitter:data1\" content=\"Kuzeyin Sesi\" \/>\n\t<meta name=\"twitter:label2\" content=\"Tahmini okuma s\u00fcresi\" \/>\n\t<meta name=\"twitter:data2\" content=\"2 dakika\" \/>\n<script type=\"application\/ld+json\" class=\"yoast-schema-graph\">{\"@context\":\"https:\\\/\\\/schema.org\",\"@graph\":[{\"@type\":\"Article\",\"@id\":\"https:\\\/\\\/kuzeyinsesi.org\\\/index.php\\\/2024\\\/11\\\/24\\\/levekusen-jazz-festivalinde-3-konser-veren-oytun-ersana-yogun-ilgi\\\/#article\",\"isPartOf\":{\"@id\":\"https:\\\/\\\/kuzeyinsesi.org\\\/index.php\\\/2024\\\/11\\\/24\\\/levekusen-jazz-festivalinde-3-konser-veren-oytun-ersana-yogun-ilgi\\\/\"},\"author\":{\"name\":\"Kuzeyin Sesi\",\"@id\":\"https:\\\/\\\/kuzeyinsesi.org\\\/#\\\/schema\\\/person\\\/9f859689cdf01485597712386e37f5aa\"},\"headline\":\"Levekusen Jazz Festivali\u2019nde 3 konser veren Oytun Ersan\u2019a yo\u011fun ilgi\",\"datePublished\":\"2024-11-24T10:16:16+00:00\",\"mainEntityOfPage\":{\"@id\":\"https:\\\/\\\/kuzeyinsesi.org\\\/index.php\\\/2024\\\/11\\\/24\\\/levekusen-jazz-festivalinde-3-konser-veren-oytun-ersana-yogun-ilgi\\\/\"},\"wordCount\":445,\"commentCount\":0,\"image\":{\"@id\":\"https:\\\/\\\/kuzeyinsesi.org\\\/index.php\\\/2024\\\/11\\\/24\\\/levekusen-jazz-festivalinde-3-konser-veren-oytun-ersana-yogun-ilgi\\\/#primaryimage\"},\"thumbnailUrl\":\"https:\\\/\\\/kuzeyinsesi.org\\\/wp-content\\\/uploads\\\/2024\\\/11\\\/oytun-3.png\",\"articleSection\":[\"Ya\u015fam\"],\"inLanguage\":\"tr\",\"potentialAction\":[{\"@type\":\"CommentAction\",\"name\":\"Comment\",\"target\":[\"https:\\\/\\\/kuzeyinsesi.org\\\/index.php\\\/2024\\\/11\\\/24\\\/levekusen-jazz-festivalinde-3-konser-veren-oytun-ersana-yogun-ilgi\\\/#respond\"]}]},{\"@type\":\"WebPage\",\"@id\":\"https:\\\/\\\/kuzeyinsesi.org\\\/index.php\\\/2024\\\/11\\\/24\\\/levekusen-jazz-festivalinde-3-konser-veren-oytun-ersana-yogun-ilgi\\\/\",\"url\":\"https:\\\/\\\/kuzeyinsesi.org\\\/index.php\\\/2024\\\/11\\\/24\\\/levekusen-jazz-festivalinde-3-konser-veren-oytun-ersana-yogun-ilgi\\\/\",\"name\":\"Levekusen Jazz Festivali\u2019nde 3 konser veren Oytun Ersan\u2019a yo\u011fun ilgi - Kuzeyin Sesi\",\"isPartOf\":{\"@id\":\"https:\\\/\\\/kuzeyinsesi.org\\\/#website\"},\"primaryImageOfPage\":{\"@id\":\"https:\\\/\\\/kuzeyinsesi.org\\\/index.php\\\/2024\\\/11\\\/24\\\/levekusen-jazz-festivalinde-3-konser-veren-oytun-ersana-yogun-ilgi\\\/#primaryimage\"},\"image\":{\"@id\":\"https:\\\/\\\/kuzeyinsesi.org\\\/index.php\\\/2024\\\/11\\\/24\\\/levekusen-jazz-festivalinde-3-konser-veren-oytun-ersana-yogun-ilgi\\\/#primaryimage\"},\"thumbnailUrl\":\"https:\\\/\\\/kuzeyinsesi.org\\\/wp-content\\\/uploads\\\/2024\\\/11\\\/oytun-3.png\",\"datePublished\":\"2024-11-24T10:16:16+00:00\",\"author\":{\"@id\":\"https:\\\/\\\/kuzeyinsesi.org\\\/#\\\/schema\\\/person\\\/9f859689cdf01485597712386e37f5aa\"},\"breadcrumb\":{\"@id\":\"https:\\\/\\\/kuzeyinsesi.org\\\/index.php\\\/2024\\\/11\\\/24\\\/levekusen-jazz-festivalinde-3-konser-veren-oytun-ersana-yogun-ilgi\\\/#breadcrumb\"},\"inLanguage\":\"tr\",\"potentialAction\":[{\"@type\":\"ReadAction\",\"target\":[\"https:\\\/\\\/kuzeyinsesi.org\\\/index.php\\\/2024\\\/11\\\/24\\\/levekusen-jazz-festivalinde-3-konser-veren-oytun-ersana-yogun-ilgi\\\/\"]}]},{\"@type\":\"ImageObject\",\"inLanguage\":\"tr\",\"@id\":\"https:\\\/\\\/kuzeyinsesi.org\\\/index.php\\\/2024\\\/11\\\/24\\\/levekusen-jazz-festivalinde-3-konser-veren-oytun-ersana-yogun-ilgi\\\/#primaryimage\",\"url\":\"https:\\\/\\\/kuzeyinsesi.org\\\/wp-content\\\/uploads\\\/2024\\\/11\\\/oytun-3.png\",\"contentUrl\":\"https:\\\/\\\/kuzeyinsesi.org\\\/wp-content\\\/uploads\\\/2024\\\/11\\\/oytun-3.png\",\"width\":1204,\"height\":699},{\"@type\":\"BreadcrumbList\",\"@id\":\"https:\\\/\\\/kuzeyinsesi.org\\\/index.php\\\/2024\\\/11\\\/24\\\/levekusen-jazz-festivalinde-3-konser-veren-oytun-ersana-yogun-ilgi\\\/#breadcrumb\",\"itemListElement\":[{\"@type\":\"ListItem\",\"position\":1,\"name\":\"Anasayfa\",\"item\":\"https:\\\/\\\/kuzeyinsesi.org\\\/\"},{\"@type\":\"ListItem\",\"position\":2,\"name\":\"Levekusen Jazz Festivali\u2019nde 3 konser veren Oytun Ersan\u2019a yo\u011fun ilgi\"}]},{\"@type\":\"WebSite\",\"@id\":\"https:\\\/\\\/kuzeyinsesi.org\\\/#website\",\"url\":\"https:\\\/\\\/kuzeyinsesi.org\\\/\",\"name\":\"Kuzeyin Sesi\",\"description\":\"Do\u011fru Haberin Adresi\",\"potentialAction\":[{\"@type\":\"SearchAction\",\"target\":{\"@type\":\"EntryPoint\",\"urlTemplate\":\"https:\\\/\\\/kuzeyinsesi.org\\\/?s={search_term_string}\"},\"query-input\":{\"@type\":\"PropertyValueSpecification\",\"valueRequired\":true,\"valueName\":\"search_term_string\"}}],\"inLanguage\":\"tr\"},{\"@type\":\"Person\",\"@id\":\"https:\\\/\\\/kuzeyinsesi.org\\\/#\\\/schema\\\/person\\\/9f859689cdf01485597712386e37f5aa\",\"name\":\"Kuzeyin Sesi\",\"image\":{\"@type\":\"ImageObject\",\"inLanguage\":\"tr\",\"@id\":\"https:\\\/\\\/secure.gravatar.com\\\/avatar\\\/bab33852abfd8b282518d6ed81826833d77c3c882d9ab608add591ccace47a44?s=96&d=mm&r=g\",\"url\":\"https:\\\/\\\/secure.gravatar.com\\\/avatar\\\/bab33852abfd8b282518d6ed81826833d77c3c882d9ab608add591ccace47a44?s=96&d=mm&r=g\",\"contentUrl\":\"https:\\\/\\\/secure.gravatar.com\\\/avatar\\\/bab33852abfd8b282518d6ed81826833d77c3c882d9ab608add591ccace47a44?s=96&d=mm&r=g\",\"caption\":\"Kuzeyin Sesi\"},\"sameAs\":[\"https:\\\/\\\/kuzeyinsesi.org\"],\"url\":\"https:\\\/\\\/kuzeyinsesi.org\\\/index.php\\\/author\\\/guven\\\/\"}]}<\/script>\n<!-- \/ Yoast SEO plugin. -->","yoast_head_json":{"title":"Levekusen Jazz Festivali\u2019nde 3 konser veren Oytun Ersan\u2019a yo\u011fun ilgi - Kuzeyin Sesi","robots":{"index":"index","follow":"follow","max-snippet":"max-snippet:-1","max-image-preview":"max-image-preview:large","max-video-preview":"max-video-preview:-1"},"canonical":"https:\/\/kuzeyinsesi.org\/index.php\/2024\/11\/24\/levekusen-jazz-festivalinde-3-konser-veren-oytun-ersana-yogun-ilgi\/","og_locale":"tr_TR","og_type":"article","og_title":"Levekusen Jazz Festivali\u2019nde 3 konser veren Oytun Ersan\u2019a yo\u011fun ilgi - Kuzeyin Sesi","og_description":"Bas gitarist Oytun Ersan, Almanya\u2019n\u0131n Leverkusen kentinde bu y\u0131l 45\u2019incisi d\u00fczenlenen Jazz Festivali\u2019nde 3 konser verdi. K\u0131br\u0131sl\u0131 T\u00fcrk m\u00fczisyen Oytun Ersan ve d\u00f6rt Alman m\u00fczisyenden olu\u015fan \u201cOytun Ersan &amp; Band \u2013 Cyprus Deja Vu\u201d 6 Kas\u0131m\u2019da Topos Jazz Club\u2019ta, 7 Kas\u0131m\u2019da Aalen\u2019de, 8 Kas\u0131m\u2019da ise Laverkusen Jazz Stage\u2019te m\u00fczikseverlerle bulu\u015ftu. Avrupa\u2019nun en b\u00fcy\u00fck jazz festivali [&hellip;]","og_url":"https:\/\/kuzeyinsesi.org\/index.php\/2024\/11\/24\/levekusen-jazz-festivalinde-3-konser-veren-oytun-ersana-yogun-ilgi\/","og_site_name":"Kuzeyin Sesi","article_publisher":"https:\/\/www.facebook.com\/kuzeyinsesii","article_published_time":"2024-11-24T10:16:16+00:00","og_image":[{"url":"https:\/\/brtk.net\/wp-content\/uploads\/2024\/11\/24\/oytun-3.png?ver=797022456770ef55d5c71681e33ff4e4","type":"","width":"","height":""}],"author":"Kuzeyin Sesi","twitter_card":"summary_large_image","twitter_creator":"@kuzeyinsesii","twitter_site":"@kuzeyinsesii","twitter_misc":{"Yazan:":"Kuzeyin Sesi","Tahmini okuma s\u00fcresi":"2 dakika"},"schema":{"@context":"https:\/\/schema.org","@graph":[{"@type":"Article","@id":"https:\/\/kuzeyinsesi.org\/index.php\/2024\/11\/24\/levekusen-jazz-festivalinde-3-konser-veren-oytun-ersana-yogun-ilgi\/#article","isPartOf":{"@id":"https:\/\/kuzeyinsesi.org\/index.php\/2024\/11\/24\/levekusen-jazz-festivalinde-3-konser-veren-oytun-ersana-yogun-ilgi\/"},"author":{"name":"Kuzeyin Sesi","@id":"https:\/\/kuzeyinsesi.org\/#\/schema\/person\/9f859689cdf01485597712386e37f5aa"},"headline":"Levekusen Jazz Festivali\u2019nde 3 konser veren Oytun Ersan\u2019a yo\u011fun ilgi","datePublished":"2024-11-24T10:16:16+00:00","mainEntityOfPage":{"@id":"https:\/\/kuzeyinsesi.org\/index.php\/2024\/11\/24\/levekusen-jazz-festivalinde-3-konser-veren-oytun-ersana-yogun-ilgi\/"},"wordCount":445,"commentCount":0,"image":{"@id":"https:\/\/kuzeyinsesi.org\/index.php\/2024\/11\/24\/levekusen-jazz-festivalinde-3-konser-veren-oytun-ersana-yogun-ilgi\/#primaryimage"},"thumbnailUrl":"https:\/\/kuzeyinsesi.org\/wp-content\/uploads\/2024\/11\/oytun-3.png","articleSection":["Ya\u015fam"],"inLanguage":"tr","potentialAction":[{"@type":"CommentAction","name":"Comment","target":["https:\/\/kuzeyinsesi.org\/index.php\/2024\/11\/24\/levekusen-jazz-festivalinde-3-konser-veren-oytun-ersana-yogun-ilgi\/#respond"]}]},{"@type":"WebPage","@id":"https:\/\/kuzeyinsesi.org\/index.php\/2024\/11\/24\/levekusen-jazz-festivalinde-3-konser-veren-oytun-ersana-yogun-ilgi\/","url":"https:\/\/kuzeyinsesi.org\/index.php\/2024\/11\/24\/levekusen-jazz-festivalinde-3-konser-veren-oytun-ersana-yogun-ilgi\/","name":"Levekusen Jazz Festivali\u2019nde 3 konser veren Oytun Ersan\u2019a yo\u011fun ilgi - Kuzeyin Sesi","isPartOf":{"@id":"https:\/\/kuzeyinsesi.org\/#website"},"primaryImageOfPage":{"@id":"https:\/\/kuzeyinsesi.org\/index.php\/2024\/11\/24\/levekusen-jazz-festivalinde-3-konser-veren-oytun-ersana-yogun-ilgi\/#primaryimage"},"image":{"@id":"https:\/\/kuzeyinsesi.org\/index.php\/2024\/11\/24\/levekusen-jazz-festivalinde-3-konser-veren-oytun-ersana-yogun-ilgi\/#primaryimage"},"thumbnailUrl":"https:\/\/kuzeyinsesi.org\/wp-content\/uploads\/2024\/11\/oytun-3.png","datePublished":"2024-11-24T10:16:16+00:00","author":{"@id":"https:\/\/kuzeyinsesi.org\/#\/schema\/person\/9f859689cdf01485597712386e37f5aa"},"breadcrumb":{"@id":"https:\/\/kuzeyinsesi.org\/index.php\/2024\/11\/24\/levekusen-jazz-festivalinde-3-konser-veren-oytun-ersana-yogun-ilgi\/#breadcrumb"},"inLanguage":"tr","potentialAction":[{"@type":"ReadAction","target":["https:\/\/kuzeyinsesi.org\/index.php\/2024\/11\/24\/levekusen-jazz-festivalinde-3-konser-veren-oytun-ersana-yogun-ilgi\/"]}]},{"@type":"ImageObject","inLanguage":"tr","@id":"https:\/\/kuzeyinsesi.org\/index.php\/2024\/11\/24\/levekusen-jazz-festivalinde-3-konser-veren-oytun-ersana-yogun-ilgi\/#primaryimage","url":"https:\/\/kuzeyinsesi.org\/wp-content\/uploads\/2024\/11\/oytun-3.png","contentUrl":"https:\/\/kuzeyinsesi.org\/wp-content\/uploads\/2024\/11\/oytun-3.png","width":1204,"height":699},{"@type":"BreadcrumbList","@id":"https:\/\/kuzeyinsesi.org\/index.php\/2024\/11\/24\/levekusen-jazz-festivalinde-3-konser-veren-oytun-ersana-yogun-ilgi\/#breadcrumb","itemListElement":[{"@type":"ListItem","position":1,"name":"Anasayfa","item":"https:\/\/kuzeyinsesi.org\/"},{"@type":"ListItem","position":2,"name":"Levekusen Jazz Festivali\u2019nde 3 konser veren Oytun Ersan\u2019a yo\u011fun ilgi"}]},{"@type":"WebSite","@id":"https:\/\/kuzeyinsesi.org\/#website","url":"https:\/\/kuzeyinsesi.org\/","name":"Kuzeyin Sesi","description":"Do\u011fru Haberin Adresi","potentialAction":[{"@type":"SearchAction","target":{"@type":"EntryPoint","urlTemplate":"https:\/\/kuzeyinsesi.org\/?s={search_term_string}"},"query-input":{"@type":"PropertyValueSpecification","valueRequired":true,"valueName":"search_term_string"}}],"inLanguage":"tr"},{"@type":"Person","@id":"https:\/\/kuzeyinsesi.org\/#\/schema\/person\/9f859689cdf01485597712386e37f5aa","name":"Kuzeyin Sesi","image":{"@type":"ImageObject","inLanguage":"tr","@id":"https:\/\/secure.gravatar.com\/avatar\/bab33852abfd8b282518d6ed81826833d77c3c882d9ab608add591ccace47a44?s=96&d=mm&r=g","url":"https:\/\/secure.gravatar.com\/avatar\/bab33852abfd8b282518d6ed81826833d77c3c882d9ab608add591ccace47a44?s=96&d=mm&r=g","contentUrl":"https:\/\/secure.gravatar.com\/avatar\/bab33852abfd8b282518d6ed81826833d77c3c882d9ab608add591ccace47a44?s=96&d=mm&r=g","caption":"Kuzeyin Sesi"},"sameAs":["https:\/\/kuzeyinsesi.org"],"url":"https:\/\/kuzeyinsesi.org\/index.php\/author\/guven\/"}]}},"_links":{"self":[{"href":"https:\/\/kuzeyinsesi.org\/index.php\/wp-json\/wp\/v2\/posts\/14166","targetHints":{"allow":["GET"]}}],"collection":[{"href":"https:\/\/kuzeyinsesi.org\/index.php\/wp-json\/wp\/v2\/posts"}],"about":[{"href":"https:\/\/kuzeyinsesi.org\/index.php\/wp-json\/wp\/v2\/types\/post"}],"author":[{"embeddable":true,"href":"https:\/\/kuzeyinsesi.org\/index.php\/wp-json\/wp\/v2\/users\/1"}],"replies":[{"embeddable":true,"href":"https:\/\/kuzeyinsesi.org\/index.php\/wp-json\/wp\/v2\/comments?post=14166"}],"version-history":[{"count":0,"href":"https:\/\/kuzeyinsesi.org\/index.php\/wp-json\/wp\/v2\/posts\/14166\/revisions"}],"wp:featuredmedia":[{"embeddable":true,"href":"https:\/\/kuzeyinsesi.org\/index.php\/wp-json\/wp\/v2\/media\/14167"}],"wp:attachment":[{"href":"https:\/\/kuzeyinsesi.org\/index.php\/wp-json\/wp\/v2\/media?parent=14166"}],"wp:term":[{"taxonomy":"category","embeddable":true,"href":"https:\/\/kuzeyinsesi.org\/index.php\/wp-json\/wp\/v2\/categories?post=14166"},{"taxonomy":"post_tag","embeddable":true,"href":"https:\/\/kuzeyinsesi.org\/index.php\/wp-json\/wp\/v2\/tags?post=14166"}],"curies":[{"name":"wp","href":"https:\/\/api.w.org\/{rel}","templated":true}]}}