{"id":14128,"date":"2024-11-23T18:41:49","date_gmt":"2024-11-23T16:41:49","guid":{"rendered":"https:\/\/kuzeyinsesi.org\/index.php\/2024\/11\/23\/fidan-kibrista-su-andaki-gercekligi-yansitacak-bir-cozum-istiyoruz\/"},"modified":"2024-11-23T18:41:49","modified_gmt":"2024-11-23T16:41:49","slug":"fidan-kibrista-su-andaki-gercekligi-yansitacak-bir-cozum-istiyoruz","status":"publish","type":"post","link":"https:\/\/kuzeyinsesi.org\/index.php\/2024\/11\/23\/fidan-kibrista-su-andaki-gercekligi-yansitacak-bir-cozum-istiyoruz\/","title":{"rendered":"Fidan: K\u0131br\u0131s\u2019ta \u015fu andaki ger\u00e7ekli\u011fi yans\u0131tacak bir \u00e7\u00f6z\u00fcm istiyoruz"},"content":{"rendered":"<div>\n<div class=\"mariselle-image-container center\">\n                                            <\/div>\n<p>\u00a0<\/p>\n<p>T\u00fcrkiye D\u0131\u015fi\u015fleri Bakan\u0131 Hakan Fidan, D\u0131\u015fi\u015fleri Bakanl\u0131\u011f\u0131\u2019nda Ankara\u2019daki bas\u0131n temsilcileriyle bir araya gelerek g\u00fcndeme dair sorular\u0131 yan\u0131tlad\u0131.<\/p>\n<p>K\u0131br\u0131s meselesine ili\u015fkin de a\u00e7\u0131klamalarda bulunan Fidan, Avrupa Birli\u011fi\u2019nin K\u0131br\u0131s meselesinde tarihi bir hata yapt\u0131\u011f\u0131n\u0131 ve bu nedenle bu konuda pozisyon almaya itildi\u011fini belirterek, T\u00fcrkiye\u2019nin \u00e7\u00f6z\u00fcm\u00fc AB ile de\u011fil Birle\u015fmi\u015f Milletler ile g\u00f6t\u00fcrmeyi tercih etti\u011fini dile getirdi.<\/p>\n<p>T\u00fcrkiye D\u0131\u015fi\u015fleri Bakan\u0131 Fidan, iyi niyetlere a\u00e7\u0131k olduklar\u0131n\u0131 ve Ada\u2019da \u015fu andaki pratikteki ger\u00e7ekli\u011fi yans\u0131tacak bir \u00e7\u00f6z\u00fcm istediklerini belirtti.<\/p>\n<p>\u201cYani biz oraya bir \u00e7\u00f6z\u00fcm empoze etmiyoruz. Dolay\u0131s\u0131yla T\u00fcrkiye\u2019nin \u00f6n\u00fcn\u00fc t\u0131kad\u0131\u011f\u0131m\u0131z y\u00f6n\u00fcndeki iddia t\u00fcm\u00fcyle ger\u00e7ek d\u0131\u015f\u0131d\u0131r\u201d diyen Fidan federasyon meselesinde Rumlar\u0131n kayb\u0131n\u0131n daha fazla olaca\u011f\u0131n\u0131 da s\u00f6yledi.<\/p>\n<p>\u00a0<\/p>\n<\/p><\/div>\n<p><script async\n                    defer\n                    crossorigin=\"anonymous\"\n                    src=\"https:\/\/connect.facebook.net\/tr_TR\/sdk.js#xfbml=1&#038;version=v3.3\"\n            ><\/script><\/p>\n","protected":false},"excerpt":{"rendered":"<p>\u00a0 T\u00fcrkiye D\u0131\u015fi\u015fleri Bakan\u0131 Hakan Fidan, D\u0131\u015fi\u015fleri Bakanl\u0131\u011f\u0131\u2019nda Ankara\u2019daki bas\u0131n temsilcileriyle bir araya gelerek g\u00fcndeme dair sorular\u0131 yan\u0131tlad\u0131. K\u0131br\u0131s meselesine ili\u015fkin de a\u00e7\u0131klamalarda bulunan Fidan, Avrupa Birli\u011fi\u2019nin K\u0131br\u0131s meselesinde tarihi bir hata yapt\u0131\u011f\u0131n\u0131 ve bu nedenle bu konuda pozisyon almaya itildi\u011fini belirterek, T\u00fcrkiye\u2019nin \u00e7\u00f6z\u00fcm\u00fc AB ile de\u011fil Birle\u015fmi\u015f Milletler ile g\u00f6t\u00fcrmeyi tercih etti\u011fini dile getirdi. [&hellip;]<\/p>\n","protected":false},"author":1,"featured_media":14129,"comment_status":"open","ping_status":"open","sticky":false,"template":"","format":"standard","meta":{"jnews-multi-image_gallery":[],"jnews_single_post":[],"jnews_primary_category":[],"jnews_social_meta":[],"jnews_override_counter":[],"footnotes":""},"categories":[5],"tags":[],"class_list":["post-14128","post","type-post","status-publish","format-standard","has-post-thumbnail","hentry","category-turkiye"],"yoast_head":"<!-- This site is optimized with the Yoast SEO plugin v27.4 - https:\/\/yoast.com\/product\/yoast-seo-wordpress\/ -->\n<title>Fidan: K\u0131br\u0131s\u2019ta \u015fu andaki ger\u00e7ekli\u011fi yans\u0131tacak bir \u00e7\u00f6z\u00fcm istiyoruz - Kuzeyin Sesi<\/title>\n<meta name=\"robots\" content=\"index, follow, max-snippet:-1, max-image-preview:large, max-video-preview:-1\" \/>\n<link rel=\"canonical\" href=\"https:\/\/kuzeyinsesi.org\/index.php\/2024\/11\/23\/fidan-kibrista-su-andaki-gercekligi-yansitacak-bir-cozum-istiyoruz\/\" \/>\n<meta property=\"og:locale\" content=\"tr_TR\" \/>\n<meta property=\"og:type\" content=\"article\" \/>\n<meta property=\"og:title\" content=\"Fidan: K\u0131br\u0131s\u2019ta \u015fu andaki ger\u00e7ekli\u011fi yans\u0131tacak bir \u00e7\u00f6z\u00fcm istiyoruz - Kuzeyin Sesi\" \/>\n<meta property=\"og:description\" content=\"\u00a0 T\u00fcrkiye D\u0131\u015fi\u015fleri Bakan\u0131 Hakan Fidan, D\u0131\u015fi\u015fleri Bakanl\u0131\u011f\u0131\u2019nda Ankara\u2019daki bas\u0131n temsilcileriyle bir araya gelerek g\u00fcndeme dair sorular\u0131 yan\u0131tlad\u0131. K\u0131br\u0131s meselesine ili\u015fkin de a\u00e7\u0131klamalarda bulunan Fidan, Avrupa Birli\u011fi\u2019nin K\u0131br\u0131s meselesinde tarihi bir hata yapt\u0131\u011f\u0131n\u0131 ve bu nedenle bu konuda pozisyon almaya itildi\u011fini belirterek, T\u00fcrkiye\u2019nin \u00e7\u00f6z\u00fcm\u00fc AB ile de\u011fil Birle\u015fmi\u015f Milletler ile g\u00f6t\u00fcrmeyi tercih etti\u011fini dile getirdi. [&hellip;]\" \/>\n<meta property=\"og:url\" content=\"https:\/\/kuzeyinsesi.org\/index.php\/2024\/11\/23\/fidan-kibrista-su-andaki-gercekligi-yansitacak-bir-cozum-istiyoruz\/\" \/>\n<meta property=\"og:site_name\" content=\"Kuzeyin Sesi\" \/>\n<meta property=\"article:publisher\" content=\"https:\/\/www.facebook.com\/kuzeyinsesii\" \/>\n<meta property=\"article:published_time\" content=\"2024-11-23T16:41:49+00:00\" \/>\n<meta property=\"og:image\" content=\"https:\/\/brtk.net\/wp-content\/uploads\/2024\/11\/22\/hakan-fidan-aa-2108073-1.jpg?ver=287475573e2a8671181ddffaa8635653\" \/>\n<meta name=\"author\" content=\"Kuzeyin Sesi\" \/>\n<meta name=\"twitter:card\" content=\"summary_large_image\" \/>\n<meta name=\"twitter:creator\" content=\"@kuzeyinsesii\" \/>\n<meta name=\"twitter:site\" content=\"@kuzeyinsesii\" \/>\n<meta name=\"twitter:label1\" content=\"Yazan:\" \/>\n\t<meta name=\"twitter:data1\" content=\"Kuzeyin Sesi\" \/>\n\t<meta name=\"twitter:label2\" content=\"Tahmini okuma s\u00fcresi\" \/>\n\t<meta name=\"twitter:data2\" content=\"1 dakika\" \/>\n<script type=\"application\/ld+json\" class=\"yoast-schema-graph\">{\"@context\":\"https:\\\/\\\/schema.org\",\"@graph\":[{\"@type\":\"Article\",\"@id\":\"https:\\\/\\\/kuzeyinsesi.org\\\/index.php\\\/2024\\\/11\\\/23\\\/fidan-kibrista-su-andaki-gercekligi-yansitacak-bir-cozum-istiyoruz\\\/#article\",\"isPartOf\":{\"@id\":\"https:\\\/\\\/kuzeyinsesi.org\\\/index.php\\\/2024\\\/11\\\/23\\\/fidan-kibrista-su-andaki-gercekligi-yansitacak-bir-cozum-istiyoruz\\\/\"},\"author\":{\"name\":\"Kuzeyin Sesi\",\"@id\":\"https:\\\/\\\/kuzeyinsesi.org\\\/#\\\/schema\\\/person\\\/9f859689cdf01485597712386e37f5aa\"},\"headline\":\"Fidan: K\u0131br\u0131s\u2019ta \u015fu andaki ger\u00e7ekli\u011fi yans\u0131tacak bir \u00e7\u00f6z\u00fcm istiyoruz\",\"datePublished\":\"2024-11-23T16:41:49+00:00\",\"mainEntityOfPage\":{\"@id\":\"https:\\\/\\\/kuzeyinsesi.org\\\/index.php\\\/2024\\\/11\\\/23\\\/fidan-kibrista-su-andaki-gercekligi-yansitacak-bir-cozum-istiyoruz\\\/\"},\"wordCount\":175,\"commentCount\":0,\"image\":{\"@id\":\"https:\\\/\\\/kuzeyinsesi.org\\\/index.php\\\/2024\\\/11\\\/23\\\/fidan-kibrista-su-andaki-gercekligi-yansitacak-bir-cozum-istiyoruz\\\/#primaryimage\"},\"thumbnailUrl\":\"https:\\\/\\\/kuzeyinsesi.org\\\/wp-content\\\/uploads\\\/2024\\\/11\\\/hakan-fidan-aa-2108073-1.jpg\",\"articleSection\":[\"T\u00fcrkiye\"],\"inLanguage\":\"tr\",\"potentialAction\":[{\"@type\":\"CommentAction\",\"name\":\"Comment\",\"target\":[\"https:\\\/\\\/kuzeyinsesi.org\\\/index.php\\\/2024\\\/11\\\/23\\\/fidan-kibrista-su-andaki-gercekligi-yansitacak-bir-cozum-istiyoruz\\\/#respond\"]}]},{\"@type\":\"WebPage\",\"@id\":\"https:\\\/\\\/kuzeyinsesi.org\\\/index.php\\\/2024\\\/11\\\/23\\\/fidan-kibrista-su-andaki-gercekligi-yansitacak-bir-cozum-istiyoruz\\\/\",\"url\":\"https:\\\/\\\/kuzeyinsesi.org\\\/index.php\\\/2024\\\/11\\\/23\\\/fidan-kibrista-su-andaki-gercekligi-yansitacak-bir-cozum-istiyoruz\\\/\",\"name\":\"Fidan: K\u0131br\u0131s\u2019ta \u015fu andaki ger\u00e7ekli\u011fi yans\u0131tacak bir \u00e7\u00f6z\u00fcm istiyoruz - Kuzeyin Sesi\",\"isPartOf\":{\"@id\":\"https:\\\/\\\/kuzeyinsesi.org\\\/#website\"},\"primaryImageOfPage\":{\"@id\":\"https:\\\/\\\/kuzeyinsesi.org\\\/index.php\\\/2024\\\/11\\\/23\\\/fidan-kibrista-su-andaki-gercekligi-yansitacak-bir-cozum-istiyoruz\\\/#primaryimage\"},\"image\":{\"@id\":\"https:\\\/\\\/kuzeyinsesi.org\\\/index.php\\\/2024\\\/11\\\/23\\\/fidan-kibrista-su-andaki-gercekligi-yansitacak-bir-cozum-istiyoruz\\\/#primaryimage\"},\"thumbnailUrl\":\"https:\\\/\\\/kuzeyinsesi.org\\\/wp-content\\\/uploads\\\/2024\\\/11\\\/hakan-fidan-aa-2108073-1.jpg\",\"datePublished\":\"2024-11-23T16:41:49+00:00\",\"author\":{\"@id\":\"https:\\\/\\\/kuzeyinsesi.org\\\/#\\\/schema\\\/person\\\/9f859689cdf01485597712386e37f5aa\"},\"breadcrumb\":{\"@id\":\"https:\\\/\\\/kuzeyinsesi.org\\\/index.php\\\/2024\\\/11\\\/23\\\/fidan-kibrista-su-andaki-gercekligi-yansitacak-bir-cozum-istiyoruz\\\/#breadcrumb\"},\"inLanguage\":\"tr\",\"potentialAction\":[{\"@type\":\"ReadAction\",\"target\":[\"https:\\\/\\\/kuzeyinsesi.org\\\/index.php\\\/2024\\\/11\\\/23\\\/fidan-kibrista-su-andaki-gercekligi-yansitacak-bir-cozum-istiyoruz\\\/\"]}]},{\"@type\":\"ImageObject\",\"inLanguage\":\"tr\",\"@id\":\"https:\\\/\\\/kuzeyinsesi.org\\\/index.php\\\/2024\\\/11\\\/23\\\/fidan-kibrista-su-andaki-gercekligi-yansitacak-bir-cozum-istiyoruz\\\/#primaryimage\",\"url\":\"https:\\\/\\\/kuzeyinsesi.org\\\/wp-content\\\/uploads\\\/2024\\\/11\\\/hakan-fidan-aa-2108073-1.jpg\",\"contentUrl\":\"https:\\\/\\\/kuzeyinsesi.org\\\/wp-content\\\/uploads\\\/2024\\\/11\\\/hakan-fidan-aa-2108073-1.jpg\",\"width\":1280,\"height\":720},{\"@type\":\"BreadcrumbList\",\"@id\":\"https:\\\/\\\/kuzeyinsesi.org\\\/index.php\\\/2024\\\/11\\\/23\\\/fidan-kibrista-su-andaki-gercekligi-yansitacak-bir-cozum-istiyoruz\\\/#breadcrumb\",\"itemListElement\":[{\"@type\":\"ListItem\",\"position\":1,\"name\":\"Anasayfa\",\"item\":\"https:\\\/\\\/kuzeyinsesi.org\\\/\"},{\"@type\":\"ListItem\",\"position\":2,\"name\":\"Fidan: K\u0131br\u0131s\u2019ta \u015fu andaki ger\u00e7ekli\u011fi yans\u0131tacak bir \u00e7\u00f6z\u00fcm istiyoruz\"}]},{\"@type\":\"WebSite\",\"@id\":\"https:\\\/\\\/kuzeyinsesi.org\\\/#website\",\"url\":\"https:\\\/\\\/kuzeyinsesi.org\\\/\",\"name\":\"Kuzeyin Sesi\",\"description\":\"Do\u011fru Haberin Adresi\",\"potentialAction\":[{\"@type\":\"SearchAction\",\"target\":{\"@type\":\"EntryPoint\",\"urlTemplate\":\"https:\\\/\\\/kuzeyinsesi.org\\\/?s={search_term_string}\"},\"query-input\":{\"@type\":\"PropertyValueSpecification\",\"valueRequired\":true,\"valueName\":\"search_term_string\"}}],\"inLanguage\":\"tr\"},{\"@type\":\"Person\",\"@id\":\"https:\\\/\\\/kuzeyinsesi.org\\\/#\\\/schema\\\/person\\\/9f859689cdf01485597712386e37f5aa\",\"name\":\"Kuzeyin Sesi\",\"image\":{\"@type\":\"ImageObject\",\"inLanguage\":\"tr\",\"@id\":\"https:\\\/\\\/secure.gravatar.com\\\/avatar\\\/bab33852abfd8b282518d6ed81826833d77c3c882d9ab608add591ccace47a44?s=96&d=mm&r=g\",\"url\":\"https:\\\/\\\/secure.gravatar.com\\\/avatar\\\/bab33852abfd8b282518d6ed81826833d77c3c882d9ab608add591ccace47a44?s=96&d=mm&r=g\",\"contentUrl\":\"https:\\\/\\\/secure.gravatar.com\\\/avatar\\\/bab33852abfd8b282518d6ed81826833d77c3c882d9ab608add591ccace47a44?s=96&d=mm&r=g\",\"caption\":\"Kuzeyin Sesi\"},\"sameAs\":[\"https:\\\/\\\/kuzeyinsesi.org\"],\"url\":\"https:\\\/\\\/kuzeyinsesi.org\\\/index.php\\\/author\\\/guven\\\/\"}]}<\/script>\n<!-- \/ Yoast SEO plugin. -->","yoast_head_json":{"title":"Fidan: K\u0131br\u0131s\u2019ta \u015fu andaki ger\u00e7ekli\u011fi yans\u0131tacak bir \u00e7\u00f6z\u00fcm istiyoruz - Kuzeyin Sesi","robots":{"index":"index","follow":"follow","max-snippet":"max-snippet:-1","max-image-preview":"max-image-preview:large","max-video-preview":"max-video-preview:-1"},"canonical":"https:\/\/kuzeyinsesi.org\/index.php\/2024\/11\/23\/fidan-kibrista-su-andaki-gercekligi-yansitacak-bir-cozum-istiyoruz\/","og_locale":"tr_TR","og_type":"article","og_title":"Fidan: K\u0131br\u0131s\u2019ta \u015fu andaki ger\u00e7ekli\u011fi yans\u0131tacak bir \u00e7\u00f6z\u00fcm istiyoruz - Kuzeyin Sesi","og_description":"\u00a0 T\u00fcrkiye D\u0131\u015fi\u015fleri Bakan\u0131 Hakan Fidan, D\u0131\u015fi\u015fleri Bakanl\u0131\u011f\u0131\u2019nda Ankara\u2019daki bas\u0131n temsilcileriyle bir araya gelerek g\u00fcndeme dair sorular\u0131 yan\u0131tlad\u0131. K\u0131br\u0131s meselesine ili\u015fkin de a\u00e7\u0131klamalarda bulunan Fidan, Avrupa Birli\u011fi\u2019nin K\u0131br\u0131s meselesinde tarihi bir hata yapt\u0131\u011f\u0131n\u0131 ve bu nedenle bu konuda pozisyon almaya itildi\u011fini belirterek, T\u00fcrkiye\u2019nin \u00e7\u00f6z\u00fcm\u00fc AB ile de\u011fil Birle\u015fmi\u015f Milletler ile g\u00f6t\u00fcrmeyi tercih etti\u011fini dile getirdi. [&hellip;]","og_url":"https:\/\/kuzeyinsesi.org\/index.php\/2024\/11\/23\/fidan-kibrista-su-andaki-gercekligi-yansitacak-bir-cozum-istiyoruz\/","og_site_name":"Kuzeyin Sesi","article_publisher":"https:\/\/www.facebook.com\/kuzeyinsesii","article_published_time":"2024-11-23T16:41:49+00:00","og_image":[{"url":"https:\/\/brtk.net\/wp-content\/uploads\/2024\/11\/22\/hakan-fidan-aa-2108073-1.jpg?ver=287475573e2a8671181ddffaa8635653","type":"","width":"","height":""}],"author":"Kuzeyin Sesi","twitter_card":"summary_large_image","twitter_creator":"@kuzeyinsesii","twitter_site":"@kuzeyinsesii","twitter_misc":{"Yazan:":"Kuzeyin Sesi","Tahmini okuma s\u00fcresi":"1 dakika"},"schema":{"@context":"https:\/\/schema.org","@graph":[{"@type":"Article","@id":"https:\/\/kuzeyinsesi.org\/index.php\/2024\/11\/23\/fidan-kibrista-su-andaki-gercekligi-yansitacak-bir-cozum-istiyoruz\/#article","isPartOf":{"@id":"https:\/\/kuzeyinsesi.org\/index.php\/2024\/11\/23\/fidan-kibrista-su-andaki-gercekligi-yansitacak-bir-cozum-istiyoruz\/"},"author":{"name":"Kuzeyin Sesi","@id":"https:\/\/kuzeyinsesi.org\/#\/schema\/person\/9f859689cdf01485597712386e37f5aa"},"headline":"Fidan: K\u0131br\u0131s\u2019ta \u015fu andaki ger\u00e7ekli\u011fi yans\u0131tacak bir \u00e7\u00f6z\u00fcm istiyoruz","datePublished":"2024-11-23T16:41:49+00:00","mainEntityOfPage":{"@id":"https:\/\/kuzeyinsesi.org\/index.php\/2024\/11\/23\/fidan-kibrista-su-andaki-gercekligi-yansitacak-bir-cozum-istiyoruz\/"},"wordCount":175,"commentCount":0,"image":{"@id":"https:\/\/kuzeyinsesi.org\/index.php\/2024\/11\/23\/fidan-kibrista-su-andaki-gercekligi-yansitacak-bir-cozum-istiyoruz\/#primaryimage"},"thumbnailUrl":"https:\/\/kuzeyinsesi.org\/wp-content\/uploads\/2024\/11\/hakan-fidan-aa-2108073-1.jpg","articleSection":["T\u00fcrkiye"],"inLanguage":"tr","potentialAction":[{"@type":"CommentAction","name":"Comment","target":["https:\/\/kuzeyinsesi.org\/index.php\/2024\/11\/23\/fidan-kibrista-su-andaki-gercekligi-yansitacak-bir-cozum-istiyoruz\/#respond"]}]},{"@type":"WebPage","@id":"https:\/\/kuzeyinsesi.org\/index.php\/2024\/11\/23\/fidan-kibrista-su-andaki-gercekligi-yansitacak-bir-cozum-istiyoruz\/","url":"https:\/\/kuzeyinsesi.org\/index.php\/2024\/11\/23\/fidan-kibrista-su-andaki-gercekligi-yansitacak-bir-cozum-istiyoruz\/","name":"Fidan: K\u0131br\u0131s\u2019ta \u015fu andaki ger\u00e7ekli\u011fi yans\u0131tacak bir \u00e7\u00f6z\u00fcm istiyoruz - Kuzeyin Sesi","isPartOf":{"@id":"https:\/\/kuzeyinsesi.org\/#website"},"primaryImageOfPage":{"@id":"https:\/\/kuzeyinsesi.org\/index.php\/2024\/11\/23\/fidan-kibrista-su-andaki-gercekligi-yansitacak-bir-cozum-istiyoruz\/#primaryimage"},"image":{"@id":"https:\/\/kuzeyinsesi.org\/index.php\/2024\/11\/23\/fidan-kibrista-su-andaki-gercekligi-yansitacak-bir-cozum-istiyoruz\/#primaryimage"},"thumbnailUrl":"https:\/\/kuzeyinsesi.org\/wp-content\/uploads\/2024\/11\/hakan-fidan-aa-2108073-1.jpg","datePublished":"2024-11-23T16:41:49+00:00","author":{"@id":"https:\/\/kuzeyinsesi.org\/#\/schema\/person\/9f859689cdf01485597712386e37f5aa"},"breadcrumb":{"@id":"https:\/\/kuzeyinsesi.org\/index.php\/2024\/11\/23\/fidan-kibrista-su-andaki-gercekligi-yansitacak-bir-cozum-istiyoruz\/#breadcrumb"},"inLanguage":"tr","potentialAction":[{"@type":"ReadAction","target":["https:\/\/kuzeyinsesi.org\/index.php\/2024\/11\/23\/fidan-kibrista-su-andaki-gercekligi-yansitacak-bir-cozum-istiyoruz\/"]}]},{"@type":"ImageObject","inLanguage":"tr","@id":"https:\/\/kuzeyinsesi.org\/index.php\/2024\/11\/23\/fidan-kibrista-su-andaki-gercekligi-yansitacak-bir-cozum-istiyoruz\/#primaryimage","url":"https:\/\/kuzeyinsesi.org\/wp-content\/uploads\/2024\/11\/hakan-fidan-aa-2108073-1.jpg","contentUrl":"https:\/\/kuzeyinsesi.org\/wp-content\/uploads\/2024\/11\/hakan-fidan-aa-2108073-1.jpg","width":1280,"height":720},{"@type":"BreadcrumbList","@id":"https:\/\/kuzeyinsesi.org\/index.php\/2024\/11\/23\/fidan-kibrista-su-andaki-gercekligi-yansitacak-bir-cozum-istiyoruz\/#breadcrumb","itemListElement":[{"@type":"ListItem","position":1,"name":"Anasayfa","item":"https:\/\/kuzeyinsesi.org\/"},{"@type":"ListItem","position":2,"name":"Fidan: K\u0131br\u0131s\u2019ta \u015fu andaki ger\u00e7ekli\u011fi yans\u0131tacak bir \u00e7\u00f6z\u00fcm istiyoruz"}]},{"@type":"WebSite","@id":"https:\/\/kuzeyinsesi.org\/#website","url":"https:\/\/kuzeyinsesi.org\/","name":"Kuzeyin Sesi","description":"Do\u011fru Haberin Adresi","potentialAction":[{"@type":"SearchAction","target":{"@type":"EntryPoint","urlTemplate":"https:\/\/kuzeyinsesi.org\/?s={search_term_string}"},"query-input":{"@type":"PropertyValueSpecification","valueRequired":true,"valueName":"search_term_string"}}],"inLanguage":"tr"},{"@type":"Person","@id":"https:\/\/kuzeyinsesi.org\/#\/schema\/person\/9f859689cdf01485597712386e37f5aa","name":"Kuzeyin Sesi","image":{"@type":"ImageObject","inLanguage":"tr","@id":"https:\/\/secure.gravatar.com\/avatar\/bab33852abfd8b282518d6ed81826833d77c3c882d9ab608add591ccace47a44?s=96&d=mm&r=g","url":"https:\/\/secure.gravatar.com\/avatar\/bab33852abfd8b282518d6ed81826833d77c3c882d9ab608add591ccace47a44?s=96&d=mm&r=g","contentUrl":"https:\/\/secure.gravatar.com\/avatar\/bab33852abfd8b282518d6ed81826833d77c3c882d9ab608add591ccace47a44?s=96&d=mm&r=g","caption":"Kuzeyin Sesi"},"sameAs":["https:\/\/kuzeyinsesi.org"],"url":"https:\/\/kuzeyinsesi.org\/index.php\/author\/guven\/"}]}},"_links":{"self":[{"href":"https:\/\/kuzeyinsesi.org\/index.php\/wp-json\/wp\/v2\/posts\/14128","targetHints":{"allow":["GET"]}}],"collection":[{"href":"https:\/\/kuzeyinsesi.org\/index.php\/wp-json\/wp\/v2\/posts"}],"about":[{"href":"https:\/\/kuzeyinsesi.org\/index.php\/wp-json\/wp\/v2\/types\/post"}],"author":[{"embeddable":true,"href":"https:\/\/kuzeyinsesi.org\/index.php\/wp-json\/wp\/v2\/users\/1"}],"replies":[{"embeddable":true,"href":"https:\/\/kuzeyinsesi.org\/index.php\/wp-json\/wp\/v2\/comments?post=14128"}],"version-history":[{"count":0,"href":"https:\/\/kuzeyinsesi.org\/index.php\/wp-json\/wp\/v2\/posts\/14128\/revisions"}],"wp:featuredmedia":[{"embeddable":true,"href":"https:\/\/kuzeyinsesi.org\/index.php\/wp-json\/wp\/v2\/media\/14129"}],"wp:attachment":[{"href":"https:\/\/kuzeyinsesi.org\/index.php\/wp-json\/wp\/v2\/media?parent=14128"}],"wp:term":[{"taxonomy":"category","embeddable":true,"href":"https:\/\/kuzeyinsesi.org\/index.php\/wp-json\/wp\/v2\/categories?post=14128"},{"taxonomy":"post_tag","embeddable":true,"href":"https:\/\/kuzeyinsesi.org\/index.php\/wp-json\/wp\/v2\/tags?post=14128"}],"curies":[{"name":"wp","href":"https:\/\/api.w.org\/{rel}","templated":true}]}}