{"id":14122,"date":"2024-11-23T15:58:49","date_gmt":"2024-11-23T13:58:49","guid":{"rendered":"https:\/\/kuzeyinsesi.org\/index.php\/2024\/11\/23\/istanbulda-saganak-ve-ruzgar-etkili-oluyor\/"},"modified":"2024-11-23T15:58:49","modified_gmt":"2024-11-23T13:58:49","slug":"istanbulda-saganak-ve-ruzgar-etkili-oluyor","status":"publish","type":"post","link":"https:\/\/kuzeyinsesi.org\/index.php\/2024\/11\/23\/istanbulda-saganak-ve-ruzgar-etkili-oluyor\/","title":{"rendered":"\u0130stanbul\u2019da sa\u011fanak ve r\u00fczgar etkili oluyor"},"content":{"rendered":"<div>\n<div class=\"mariselle-image-container none\">\n                                            <\/div>\n<p>\u0130stanbul\u2019da, etkili olan sa\u011fanak ve r\u00fczgar nedeniyle baz\u0131 yerlerde a\u011fa\u00e7lar yola devrildi, binalar\u0131n \u00e7at\u0131lar\u0131ndan par\u00e7alar u\u00e7tu ve ula\u015f\u0131mda aksamalar ya\u015fand\u0131.<\/p>\n<p>Kent genelinde sabah\u0131n erken saatlerinde ba\u015flayan sa\u011fanak ve lodos aksakl\u0131klara neden oluyor.<\/p>\n<p>Be\u015fikta\u015f Ak Merkez Ba\u011flant\u0131 Yolu\u2019nda yola devrilen a\u011fa\u00e7 s\u00fcr\u00fcc\u00fclere zor anlar ya\u015fatt\u0131.<\/p>\n<p>Ortak\u00f6y \u015eehit Muhtar Ali R\u0131za Sokak\u2019ta park halindeki otomobilin \u00fczerine a\u011fa\u00e7 devrildi. \u0130tfaiye ve belediye ekiplerinin m\u00fcdahalesiyle a\u011fa\u00e7 kesilirken, ara\u00e7ta hafif hasar olu\u015ftu.<\/p>\n<p>\u00dcsk\u00fcdar Cumhuriyet Mahallesi Karl\u0131dere Caddesi\u2019ndeki 5 katl\u0131 apartman\u0131n \u00e7at\u0131s\u0131ndaki membran par\u00e7alar\u0131 biti\u015fi\u011findeki binan\u0131n \u00e7at\u0131s\u0131na d\u00fc\u015ft\u00fc. \u0130hbar \u00fczerine olay yerine gelen itfaiye ekiplerinin \u00e7al\u0131\u015fmas\u0131 s\u00fcr\u00fcyor.<\/p>\n<p>A\u015f\u0131r\u0131 ya\u011f\u0131\u015f ve r\u00fczgar nedeniyle Bah\u00e7elievler\u2019de hem otob\u00fcs hem de metrob\u00fcs duraklar\u0131nda yolcular zor anlar ya\u015fad\u0131.<\/p>\n<p>Ya\u011f\u0131\u015ftan etkilenmemek i\u00e7in vatanda\u015flar d\u00fckkanlar\u0131n tentelerine ve bina altlar\u0131na s\u0131\u011f\u0131nd\u0131.<\/p>\n<p>Sa\u011fanak, s\u00fcr\u00fcc\u00fclere de zor anlar ya\u015fat\u0131rken, D-100 kara yolu Merter mevkisinde trafikte aksakl\u0131klar\u0131n ya\u015fand\u0131\u011f\u0131 g\u00f6r\u00fcld\u00fc.<\/p>\n<p>\u00d6te yandan hava muhalefeti nedeniyle TF1 Ma\u00e7ka-Ta\u015fk\u0131\u015fla ve TF2 Ey\u00fcp-Piyer Loti Teleferik hatlar\u0131nda seferler yap\u0131lam\u0131yor.<\/p>\n<p>\u00a0<\/p>\n<p>Elveri\u015fsiz hava ko\u015fullar\u0131 sebebiyle \u015eehir Hatlar\u0131n\u0131n B\u00fcy\u00fckada-Sedef Adas\u0131 Hatt\u0131, Maltepe-B\u00fcy\u00fckada-Heybeliada-Burgazada-K\u0131nal\u0131ada Hatt\u0131, Adalar-Be\u015fikta\u015f seferleri yap\u0131lam\u0131yor.<\/p>\n<p>\u00a0<\/p>\n<p>A\u015fiyan-\u00dcsk\u00fcdar Hatt\u0131 seferleri ikinci bir duyuruya kadar Bebek-\u00dcsk\u00fcdar, Bebek-K\u00fc\u00e7\u00fcksu-Anadolu Hisar\u0131-Bebek seferleri ise K\u00fc\u00e7\u00fcksu\u2019ya u\u011framadan ger\u00e7ekle\u015ftiriliyor.<\/p>\n<p>Be\u015fikta\u015f\u2019ta kuvvetli r\u00fczgar\u0131n etkisiyle binan\u0131n \u00e7at\u0131s\u0131ndan par\u00e7alar koptu.<\/p>\n<p>Kent genelinde etkili olan kuvvetli r\u00fczgar ve ya\u011f\u0131\u015f nedeniyle Dikilita\u015f Mahallesi Yeni gelin Sokak\u2019ta bulunan 8 katl\u0131 binan\u0131n \u00e7at\u0131s\u0131ndan par\u00e7alar koptu.<\/p>\n<p>Bosna Hersek\u2019in \u0130stanbul Ba\u015fkonsoloslu\u011fu\u2019nun da bulundu\u011fu binan\u0131n \u00e7at\u0131s\u0131ndan kopan par\u00e7alar\u0131n bir k\u0131sm\u0131 yere d\u00fc\u015ferken, baz\u0131lar\u0131 da as\u0131l\u0131 kald\u0131.<\/p>\n<p>Yaralanan\u0131n olmad\u0131\u011f\u0131 olayda itfaiye ekiplerine haber verildi. Ekipler, \u00e7at\u0131da as\u0131l\u0131 kalan par\u00e7alar\u0131 keserek al\u0131rken, yola d\u00fc\u015fen par\u00e7alar\u0131 da kald\u0131rd\u0131.<\/p>\n<p><strong>-\u0130stanbul\u2019da kuvvetli lodos hava trafi\u011fini olumsuz etkiliyor<\/strong><\/p>\n<p>Sabah saatlerinde etkisini artt\u0131ran lodos ve sa\u011fanak, hava trafi\u011fini olumsuz etkiledi. \u0130stanbul Havaliman\u0131\u2019na gelen baz\u0131 u\u00e7aklar ini\u015f yapamay\u0131p pisti pas ge\u00e7erken, baz\u0131lar\u0131 da bir s\u00fcre havada tur atmak zorunda kald\u0131.<\/p>\n<p>Havada tur atan ve bu y\u00fczden yak\u0131t kriti\u011fine giren THY\u2019nin TK626 Lagos-\u0130stanbul, TK775 sefer say\u0131l\u0131 Maskat-\u0130stanbul, TK186 \u015eikago-\u0130stanbul, TK6032 Stockholm-\u0130stanbul, TK185 Manila-\u0130stanbul seferlerini yapan u\u00e7aklar\u0131 ini\u015f i\u00e7in \u0130zmir Adnan Menderes Havaliman\u0131\u2019na y\u00f6nlendirildi.<\/p>\n<p>Sabiha G\u00f6k\u00e7en Havaliman\u0131\u2019na ini\u015f yapmak isteyen u\u00e7aklar da bir s\u00fcre havada tur atmak zorunda kal\u0131rken, kalk\u0131\u015f seferlerinde ise k\u0131sa s\u00fcreli gecikmeler ya\u015fand\u0131.<\/p>\n<p>Marmara B\u00f6lgesi\u2019ni etkisi alt\u0131na alan kuvvetli lodos ve f\u0131rt\u0131nan\u0131n etkisiyle Sabiha G\u00f6k\u00e7en Havaliman\u0131 ve \u0130stanbul Havaliman\u0131\u2019nda ini\u015f yapamayan baz\u0131 u\u00e7aklar da civardaki havalimanlar\u0131na y\u00f6nlendiriliyor.<\/p>\n<\/p><\/div>\n<p><script async\n                    defer\n                    crossorigin=\"anonymous\"\n                    src=\"https:\/\/connect.facebook.net\/tr_TR\/sdk.js#xfbml=1&#038;version=v3.3\"\n            ><\/script><\/p>\n","protected":false},"excerpt":{"rendered":"<p>\u0130stanbul\u2019da, etkili olan sa\u011fanak ve r\u00fczgar nedeniyle baz\u0131 yerlerde a\u011fa\u00e7lar yola devrildi, binalar\u0131n \u00e7at\u0131lar\u0131ndan par\u00e7alar u\u00e7tu ve ula\u015f\u0131mda aksamalar ya\u015fand\u0131. Kent genelinde sabah\u0131n erken saatlerinde ba\u015flayan sa\u011fanak ve lodos aksakl\u0131klara neden oluyor. Be\u015fikta\u015f Ak Merkez Ba\u011flant\u0131 Yolu\u2019nda yola devrilen a\u011fa\u00e7 s\u00fcr\u00fcc\u00fclere zor anlar ya\u015fatt\u0131. Ortak\u00f6y \u015eehit Muhtar Ali R\u0131za Sokak\u2019ta park halindeki otomobilin \u00fczerine a\u011fa\u00e7 [&hellip;]<\/p>\n","protected":false},"author":1,"featured_media":14123,"comment_status":"open","ping_status":"open","sticky":false,"template":"","format":"standard","meta":{"jnews-multi-image_gallery":[],"jnews_single_post":[],"jnews_primary_category":[],"jnews_social_meta":[],"jnews_override_counter":[],"footnotes":""},"categories":[5],"tags":[],"class_list":["post-14122","post","type-post","status-publish","format-standard","has-post-thumbnail","hentry","category-turkiye"],"yoast_head":"<!-- This site is optimized with the Yoast SEO plugin v27.4 - https:\/\/yoast.com\/product\/yoast-seo-wordpress\/ -->\n<title>\u0130stanbul\u2019da sa\u011fanak ve r\u00fczgar etkili oluyor - Kuzeyin Sesi<\/title>\n<meta name=\"robots\" content=\"index, follow, max-snippet:-1, max-image-preview:large, max-video-preview:-1\" \/>\n<link rel=\"canonical\" href=\"https:\/\/kuzeyinsesi.org\/index.php\/2024\/11\/23\/istanbulda-saganak-ve-ruzgar-etkili-oluyor\/\" \/>\n<meta property=\"og:locale\" content=\"tr_TR\" \/>\n<meta property=\"og:type\" content=\"article\" \/>\n<meta property=\"og:title\" content=\"\u0130stanbul\u2019da sa\u011fanak ve r\u00fczgar etkili oluyor - Kuzeyin Sesi\" \/>\n<meta property=\"og:description\" content=\"\u0130stanbul\u2019da, etkili olan sa\u011fanak ve r\u00fczgar nedeniyle baz\u0131 yerlerde a\u011fa\u00e7lar yola devrildi, binalar\u0131n \u00e7at\u0131lar\u0131ndan par\u00e7alar u\u00e7tu ve ula\u015f\u0131mda aksamalar ya\u015fand\u0131. Kent genelinde sabah\u0131n erken saatlerinde ba\u015flayan sa\u011fanak ve lodos aksakl\u0131klara neden oluyor. Be\u015fikta\u015f Ak Merkez Ba\u011flant\u0131 Yolu\u2019nda yola devrilen a\u011fa\u00e7 s\u00fcr\u00fcc\u00fclere zor anlar ya\u015fatt\u0131. Ortak\u00f6y \u015eehit Muhtar Ali R\u0131za Sokak\u2019ta park halindeki otomobilin \u00fczerine a\u011fa\u00e7 [&hellip;]\" \/>\n<meta property=\"og:url\" content=\"https:\/\/kuzeyinsesi.org\/index.php\/2024\/11\/23\/istanbulda-saganak-ve-ruzgar-etkili-oluyor\/\" \/>\n<meta property=\"og:site_name\" content=\"Kuzeyin Sesi\" \/>\n<meta property=\"article:publisher\" content=\"https:\/\/www.facebook.com\/kuzeyinsesii\" \/>\n<meta property=\"article:published_time\" content=\"2024-11-23T13:58:49+00:00\" \/>\n<meta property=\"og:image\" content=\"https:\/\/brtk.net\/wp-content\/uploads\/2024\/11\/23\/istanbul1.jpg?ver=9ff63146f31c636bdbb81224e15312b0\" \/>\n<meta name=\"author\" content=\"Kuzeyin Sesi\" \/>\n<meta name=\"twitter:card\" content=\"summary_large_image\" \/>\n<meta name=\"twitter:creator\" content=\"@kuzeyinsesii\" \/>\n<meta name=\"twitter:site\" content=\"@kuzeyinsesii\" \/>\n<meta name=\"twitter:label1\" content=\"Yazan:\" \/>\n\t<meta name=\"twitter:data1\" content=\"Kuzeyin Sesi\" \/>\n\t<meta name=\"twitter:label2\" content=\"Tahmini okuma s\u00fcresi\" \/>\n\t<meta name=\"twitter:data2\" content=\"3 dakika\" \/>\n<script type=\"application\/ld+json\" class=\"yoast-schema-graph\">{\"@context\":\"https:\\\/\\\/schema.org\",\"@graph\":[{\"@type\":\"Article\",\"@id\":\"https:\\\/\\\/kuzeyinsesi.org\\\/index.php\\\/2024\\\/11\\\/23\\\/istanbulda-saganak-ve-ruzgar-etkili-oluyor\\\/#article\",\"isPartOf\":{\"@id\":\"https:\\\/\\\/kuzeyinsesi.org\\\/index.php\\\/2024\\\/11\\\/23\\\/istanbulda-saganak-ve-ruzgar-etkili-oluyor\\\/\"},\"author\":{\"name\":\"Kuzeyin Sesi\",\"@id\":\"https:\\\/\\\/kuzeyinsesi.org\\\/#\\\/schema\\\/person\\\/9f859689cdf01485597712386e37f5aa\"},\"headline\":\"\u0130stanbul\u2019da sa\u011fanak ve r\u00fczgar etkili oluyor\",\"datePublished\":\"2024-11-23T13:58:49+00:00\",\"mainEntityOfPage\":{\"@id\":\"https:\\\/\\\/kuzeyinsesi.org\\\/index.php\\\/2024\\\/11\\\/23\\\/istanbulda-saganak-ve-ruzgar-etkili-oluyor\\\/\"},\"wordCount\":553,\"commentCount\":0,\"image\":{\"@id\":\"https:\\\/\\\/kuzeyinsesi.org\\\/index.php\\\/2024\\\/11\\\/23\\\/istanbulda-saganak-ve-ruzgar-etkili-oluyor\\\/#primaryimage\"},\"thumbnailUrl\":\"https:\\\/\\\/kuzeyinsesi.org\\\/wp-content\\\/uploads\\\/2024\\\/11\\\/istanbul1.jpg\",\"articleSection\":[\"T\u00fcrkiye\"],\"inLanguage\":\"tr\",\"potentialAction\":[{\"@type\":\"CommentAction\",\"name\":\"Comment\",\"target\":[\"https:\\\/\\\/kuzeyinsesi.org\\\/index.php\\\/2024\\\/11\\\/23\\\/istanbulda-saganak-ve-ruzgar-etkili-oluyor\\\/#respond\"]}]},{\"@type\":\"WebPage\",\"@id\":\"https:\\\/\\\/kuzeyinsesi.org\\\/index.php\\\/2024\\\/11\\\/23\\\/istanbulda-saganak-ve-ruzgar-etkili-oluyor\\\/\",\"url\":\"https:\\\/\\\/kuzeyinsesi.org\\\/index.php\\\/2024\\\/11\\\/23\\\/istanbulda-saganak-ve-ruzgar-etkili-oluyor\\\/\",\"name\":\"\u0130stanbul\u2019da sa\u011fanak ve r\u00fczgar etkili oluyor - Kuzeyin Sesi\",\"isPartOf\":{\"@id\":\"https:\\\/\\\/kuzeyinsesi.org\\\/#website\"},\"primaryImageOfPage\":{\"@id\":\"https:\\\/\\\/kuzeyinsesi.org\\\/index.php\\\/2024\\\/11\\\/23\\\/istanbulda-saganak-ve-ruzgar-etkili-oluyor\\\/#primaryimage\"},\"image\":{\"@id\":\"https:\\\/\\\/kuzeyinsesi.org\\\/index.php\\\/2024\\\/11\\\/23\\\/istanbulda-saganak-ve-ruzgar-etkili-oluyor\\\/#primaryimage\"},\"thumbnailUrl\":\"https:\\\/\\\/kuzeyinsesi.org\\\/wp-content\\\/uploads\\\/2024\\\/11\\\/istanbul1.jpg\",\"datePublished\":\"2024-11-23T13:58:49+00:00\",\"author\":{\"@id\":\"https:\\\/\\\/kuzeyinsesi.org\\\/#\\\/schema\\\/person\\\/9f859689cdf01485597712386e37f5aa\"},\"breadcrumb\":{\"@id\":\"https:\\\/\\\/kuzeyinsesi.org\\\/index.php\\\/2024\\\/11\\\/23\\\/istanbulda-saganak-ve-ruzgar-etkili-oluyor\\\/#breadcrumb\"},\"inLanguage\":\"tr\",\"potentialAction\":[{\"@type\":\"ReadAction\",\"target\":[\"https:\\\/\\\/kuzeyinsesi.org\\\/index.php\\\/2024\\\/11\\\/23\\\/istanbulda-saganak-ve-ruzgar-etkili-oluyor\\\/\"]}]},{\"@type\":\"ImageObject\",\"inLanguage\":\"tr\",\"@id\":\"https:\\\/\\\/kuzeyinsesi.org\\\/index.php\\\/2024\\\/11\\\/23\\\/istanbulda-saganak-ve-ruzgar-etkili-oluyor\\\/#primaryimage\",\"url\":\"https:\\\/\\\/kuzeyinsesi.org\\\/wp-content\\\/uploads\\\/2024\\\/11\\\/istanbul1.jpg\",\"contentUrl\":\"https:\\\/\\\/kuzeyinsesi.org\\\/wp-content\\\/uploads\\\/2024\\\/11\\\/istanbul1.jpg\",\"width\":864,\"height\":486},{\"@type\":\"BreadcrumbList\",\"@id\":\"https:\\\/\\\/kuzeyinsesi.org\\\/index.php\\\/2024\\\/11\\\/23\\\/istanbulda-saganak-ve-ruzgar-etkili-oluyor\\\/#breadcrumb\",\"itemListElement\":[{\"@type\":\"ListItem\",\"position\":1,\"name\":\"Anasayfa\",\"item\":\"https:\\\/\\\/kuzeyinsesi.org\\\/\"},{\"@type\":\"ListItem\",\"position\":2,\"name\":\"\u0130stanbul\u2019da sa\u011fanak ve r\u00fczgar etkili oluyor\"}]},{\"@type\":\"WebSite\",\"@id\":\"https:\\\/\\\/kuzeyinsesi.org\\\/#website\",\"url\":\"https:\\\/\\\/kuzeyinsesi.org\\\/\",\"name\":\"Kuzeyin Sesi\",\"description\":\"Do\u011fru Haberin Adresi\",\"potentialAction\":[{\"@type\":\"SearchAction\",\"target\":{\"@type\":\"EntryPoint\",\"urlTemplate\":\"https:\\\/\\\/kuzeyinsesi.org\\\/?s={search_term_string}\"},\"query-input\":{\"@type\":\"PropertyValueSpecification\",\"valueRequired\":true,\"valueName\":\"search_term_string\"}}],\"inLanguage\":\"tr\"},{\"@type\":\"Person\",\"@id\":\"https:\\\/\\\/kuzeyinsesi.org\\\/#\\\/schema\\\/person\\\/9f859689cdf01485597712386e37f5aa\",\"name\":\"Kuzeyin Sesi\",\"image\":{\"@type\":\"ImageObject\",\"inLanguage\":\"tr\",\"@id\":\"https:\\\/\\\/secure.gravatar.com\\\/avatar\\\/bab33852abfd8b282518d6ed81826833d77c3c882d9ab608add591ccace47a44?s=96&d=mm&r=g\",\"url\":\"https:\\\/\\\/secure.gravatar.com\\\/avatar\\\/bab33852abfd8b282518d6ed81826833d77c3c882d9ab608add591ccace47a44?s=96&d=mm&r=g\",\"contentUrl\":\"https:\\\/\\\/secure.gravatar.com\\\/avatar\\\/bab33852abfd8b282518d6ed81826833d77c3c882d9ab608add591ccace47a44?s=96&d=mm&r=g\",\"caption\":\"Kuzeyin Sesi\"},\"sameAs\":[\"https:\\\/\\\/kuzeyinsesi.org\"],\"url\":\"https:\\\/\\\/kuzeyinsesi.org\\\/index.php\\\/author\\\/guven\\\/\"}]}<\/script>\n<!-- \/ Yoast SEO plugin. -->","yoast_head_json":{"title":"\u0130stanbul\u2019da sa\u011fanak ve r\u00fczgar etkili oluyor - Kuzeyin Sesi","robots":{"index":"index","follow":"follow","max-snippet":"max-snippet:-1","max-image-preview":"max-image-preview:large","max-video-preview":"max-video-preview:-1"},"canonical":"https:\/\/kuzeyinsesi.org\/index.php\/2024\/11\/23\/istanbulda-saganak-ve-ruzgar-etkili-oluyor\/","og_locale":"tr_TR","og_type":"article","og_title":"\u0130stanbul\u2019da sa\u011fanak ve r\u00fczgar etkili oluyor - Kuzeyin Sesi","og_description":"\u0130stanbul\u2019da, etkili olan sa\u011fanak ve r\u00fczgar nedeniyle baz\u0131 yerlerde a\u011fa\u00e7lar yola devrildi, binalar\u0131n \u00e7at\u0131lar\u0131ndan par\u00e7alar u\u00e7tu ve ula\u015f\u0131mda aksamalar ya\u015fand\u0131. Kent genelinde sabah\u0131n erken saatlerinde ba\u015flayan sa\u011fanak ve lodos aksakl\u0131klara neden oluyor. Be\u015fikta\u015f Ak Merkez Ba\u011flant\u0131 Yolu\u2019nda yola devrilen a\u011fa\u00e7 s\u00fcr\u00fcc\u00fclere zor anlar ya\u015fatt\u0131. Ortak\u00f6y \u015eehit Muhtar Ali R\u0131za Sokak\u2019ta park halindeki otomobilin \u00fczerine a\u011fa\u00e7 [&hellip;]","og_url":"https:\/\/kuzeyinsesi.org\/index.php\/2024\/11\/23\/istanbulda-saganak-ve-ruzgar-etkili-oluyor\/","og_site_name":"Kuzeyin Sesi","article_publisher":"https:\/\/www.facebook.com\/kuzeyinsesii","article_published_time":"2024-11-23T13:58:49+00:00","og_image":[{"url":"https:\/\/brtk.net\/wp-content\/uploads\/2024\/11\/23\/istanbul1.jpg?ver=9ff63146f31c636bdbb81224e15312b0","type":"","width":"","height":""}],"author":"Kuzeyin Sesi","twitter_card":"summary_large_image","twitter_creator":"@kuzeyinsesii","twitter_site":"@kuzeyinsesii","twitter_misc":{"Yazan:":"Kuzeyin Sesi","Tahmini okuma s\u00fcresi":"3 dakika"},"schema":{"@context":"https:\/\/schema.org","@graph":[{"@type":"Article","@id":"https:\/\/kuzeyinsesi.org\/index.php\/2024\/11\/23\/istanbulda-saganak-ve-ruzgar-etkili-oluyor\/#article","isPartOf":{"@id":"https:\/\/kuzeyinsesi.org\/index.php\/2024\/11\/23\/istanbulda-saganak-ve-ruzgar-etkili-oluyor\/"},"author":{"name":"Kuzeyin Sesi","@id":"https:\/\/kuzeyinsesi.org\/#\/schema\/person\/9f859689cdf01485597712386e37f5aa"},"headline":"\u0130stanbul\u2019da sa\u011fanak ve r\u00fczgar etkili oluyor","datePublished":"2024-11-23T13:58:49+00:00","mainEntityOfPage":{"@id":"https:\/\/kuzeyinsesi.org\/index.php\/2024\/11\/23\/istanbulda-saganak-ve-ruzgar-etkili-oluyor\/"},"wordCount":553,"commentCount":0,"image":{"@id":"https:\/\/kuzeyinsesi.org\/index.php\/2024\/11\/23\/istanbulda-saganak-ve-ruzgar-etkili-oluyor\/#primaryimage"},"thumbnailUrl":"https:\/\/kuzeyinsesi.org\/wp-content\/uploads\/2024\/11\/istanbul1.jpg","articleSection":["T\u00fcrkiye"],"inLanguage":"tr","potentialAction":[{"@type":"CommentAction","name":"Comment","target":["https:\/\/kuzeyinsesi.org\/index.php\/2024\/11\/23\/istanbulda-saganak-ve-ruzgar-etkili-oluyor\/#respond"]}]},{"@type":"WebPage","@id":"https:\/\/kuzeyinsesi.org\/index.php\/2024\/11\/23\/istanbulda-saganak-ve-ruzgar-etkili-oluyor\/","url":"https:\/\/kuzeyinsesi.org\/index.php\/2024\/11\/23\/istanbulda-saganak-ve-ruzgar-etkili-oluyor\/","name":"\u0130stanbul\u2019da sa\u011fanak ve r\u00fczgar etkili oluyor - Kuzeyin Sesi","isPartOf":{"@id":"https:\/\/kuzeyinsesi.org\/#website"},"primaryImageOfPage":{"@id":"https:\/\/kuzeyinsesi.org\/index.php\/2024\/11\/23\/istanbulda-saganak-ve-ruzgar-etkili-oluyor\/#primaryimage"},"image":{"@id":"https:\/\/kuzeyinsesi.org\/index.php\/2024\/11\/23\/istanbulda-saganak-ve-ruzgar-etkili-oluyor\/#primaryimage"},"thumbnailUrl":"https:\/\/kuzeyinsesi.org\/wp-content\/uploads\/2024\/11\/istanbul1.jpg","datePublished":"2024-11-23T13:58:49+00:00","author":{"@id":"https:\/\/kuzeyinsesi.org\/#\/schema\/person\/9f859689cdf01485597712386e37f5aa"},"breadcrumb":{"@id":"https:\/\/kuzeyinsesi.org\/index.php\/2024\/11\/23\/istanbulda-saganak-ve-ruzgar-etkili-oluyor\/#breadcrumb"},"inLanguage":"tr","potentialAction":[{"@type":"ReadAction","target":["https:\/\/kuzeyinsesi.org\/index.php\/2024\/11\/23\/istanbulda-saganak-ve-ruzgar-etkili-oluyor\/"]}]},{"@type":"ImageObject","inLanguage":"tr","@id":"https:\/\/kuzeyinsesi.org\/index.php\/2024\/11\/23\/istanbulda-saganak-ve-ruzgar-etkili-oluyor\/#primaryimage","url":"https:\/\/kuzeyinsesi.org\/wp-content\/uploads\/2024\/11\/istanbul1.jpg","contentUrl":"https:\/\/kuzeyinsesi.org\/wp-content\/uploads\/2024\/11\/istanbul1.jpg","width":864,"height":486},{"@type":"BreadcrumbList","@id":"https:\/\/kuzeyinsesi.org\/index.php\/2024\/11\/23\/istanbulda-saganak-ve-ruzgar-etkili-oluyor\/#breadcrumb","itemListElement":[{"@type":"ListItem","position":1,"name":"Anasayfa","item":"https:\/\/kuzeyinsesi.org\/"},{"@type":"ListItem","position":2,"name":"\u0130stanbul\u2019da sa\u011fanak ve r\u00fczgar etkili oluyor"}]},{"@type":"WebSite","@id":"https:\/\/kuzeyinsesi.org\/#website","url":"https:\/\/kuzeyinsesi.org\/","name":"Kuzeyin Sesi","description":"Do\u011fru Haberin Adresi","potentialAction":[{"@type":"SearchAction","target":{"@type":"EntryPoint","urlTemplate":"https:\/\/kuzeyinsesi.org\/?s={search_term_string}"},"query-input":{"@type":"PropertyValueSpecification","valueRequired":true,"valueName":"search_term_string"}}],"inLanguage":"tr"},{"@type":"Person","@id":"https:\/\/kuzeyinsesi.org\/#\/schema\/person\/9f859689cdf01485597712386e37f5aa","name":"Kuzeyin Sesi","image":{"@type":"ImageObject","inLanguage":"tr","@id":"https:\/\/secure.gravatar.com\/avatar\/bab33852abfd8b282518d6ed81826833d77c3c882d9ab608add591ccace47a44?s=96&d=mm&r=g","url":"https:\/\/secure.gravatar.com\/avatar\/bab33852abfd8b282518d6ed81826833d77c3c882d9ab608add591ccace47a44?s=96&d=mm&r=g","contentUrl":"https:\/\/secure.gravatar.com\/avatar\/bab33852abfd8b282518d6ed81826833d77c3c882d9ab608add591ccace47a44?s=96&d=mm&r=g","caption":"Kuzeyin Sesi"},"sameAs":["https:\/\/kuzeyinsesi.org"],"url":"https:\/\/kuzeyinsesi.org\/index.php\/author\/guven\/"}]}},"_links":{"self":[{"href":"https:\/\/kuzeyinsesi.org\/index.php\/wp-json\/wp\/v2\/posts\/14122","targetHints":{"allow":["GET"]}}],"collection":[{"href":"https:\/\/kuzeyinsesi.org\/index.php\/wp-json\/wp\/v2\/posts"}],"about":[{"href":"https:\/\/kuzeyinsesi.org\/index.php\/wp-json\/wp\/v2\/types\/post"}],"author":[{"embeddable":true,"href":"https:\/\/kuzeyinsesi.org\/index.php\/wp-json\/wp\/v2\/users\/1"}],"replies":[{"embeddable":true,"href":"https:\/\/kuzeyinsesi.org\/index.php\/wp-json\/wp\/v2\/comments?post=14122"}],"version-history":[{"count":0,"href":"https:\/\/kuzeyinsesi.org\/index.php\/wp-json\/wp\/v2\/posts\/14122\/revisions"}],"wp:featuredmedia":[{"embeddable":true,"href":"https:\/\/kuzeyinsesi.org\/index.php\/wp-json\/wp\/v2\/media\/14123"}],"wp:attachment":[{"href":"https:\/\/kuzeyinsesi.org\/index.php\/wp-json\/wp\/v2\/media?parent=14122"}],"wp:term":[{"taxonomy":"category","embeddable":true,"href":"https:\/\/kuzeyinsesi.org\/index.php\/wp-json\/wp\/v2\/categories?post=14122"},{"taxonomy":"post_tag","embeddable":true,"href":"https:\/\/kuzeyinsesi.org\/index.php\/wp-json\/wp\/v2\/tags?post=14122"}],"curies":[{"name":"wp","href":"https:\/\/api.w.org\/{rel}","templated":true}]}}