{"id":14112,"date":"2024-11-23T11:37:12","date_gmt":"2024-11-23T09:37:12","guid":{"rendered":"https:\/\/kuzeyinsesi.org\/index.php\/2024\/11\/23\/sabiha-gokcen-havalimaninda-lodos-ve-saganak-nedeniyle-ucak-trafiginde-gecikmeler-yasaniyor\/"},"modified":"2024-11-23T11:37:12","modified_gmt":"2024-11-23T09:37:12","slug":"sabiha-gokcen-havalimaninda-lodos-ve-saganak-nedeniyle-ucak-trafiginde-gecikmeler-yasaniyor","status":"publish","type":"post","link":"https:\/\/kuzeyinsesi.org\/index.php\/2024\/11\/23\/sabiha-gokcen-havalimaninda-lodos-ve-saganak-nedeniyle-ucak-trafiginde-gecikmeler-yasaniyor\/","title":{"rendered":"Sabiha G\u00f6k\u00e7en Havaliman\u0131\u2019nda lodos ve sa\u011fanak nedeniyle u\u00e7ak trafi\u011finde gecikmeler ya\u015fan\u0131yor"},"content":{"rendered":"<div>\n<div class=\"mariselle-image-container none\">\n                                            <\/div>\n<p>Etkisini artt\u0131ran lodos ve sa\u011fanak nedeniyle Sabiha G\u00f6k\u00e7en Havaliman\u0131\u2019na ini\u015f yapamay\u0131p uzun s\u00fcre havada tur atmak zorunda kalan u\u00e7aklar ba\u015fka meydanlara y\u00f6nlendiriliyor.<\/p>\n<p>Marmara B\u00f6lgesi\u2019ni etkisi alt\u0131na alan kuvvetli lodos ve f\u0131rt\u0131nan\u0131n etkisiyle Sabiha G\u00f6k\u00e7en Havaliman\u0131\u2019ndaki u\u00e7ak trafi\u011finde zaman zaman gecikmeler ya\u015fan\u0131yor.<\/p>\n<p>Pegasus Hava Yollar\u0131n\u0131n PC2183 sefer say\u0131l\u0131 \u0130zmir-Sabiha G\u00f6k\u00e7en u\u00e7a\u011f\u0131 olumsuz hava ko\u015fullar\u0131 nedeniyle uzun s\u00fcre \u0130stanbul \u00fczerinde havada bekledikten sonra ini\u015f yapamayarak \u0130zmir\u2019e geri d\u00f6nd\u00fc.<\/p>\n<p>Pegasus Hava Yollar\u0131n\u0131n Trabzon-Sabiha G\u00f6k\u00e7en seferi ile AJet\u2019in Riyad-Sabiha G\u00f6k\u00e7en u\u00e7aklar\u0131 da ini\u015f i\u00e7in Ankara Esenbo\u011fa Havaliman\u0131\u2019na y\u00f6nlendirildi.<\/p>\n<\/p><\/div>\n<p><script async\n                    defer\n                    crossorigin=\"anonymous\"\n                    src=\"https:\/\/connect.facebook.net\/tr_TR\/sdk.js#xfbml=1&#038;version=v3.3\"\n            ><\/script><\/p>\n","protected":false},"excerpt":{"rendered":"<p>Etkisini artt\u0131ran lodos ve sa\u011fanak nedeniyle Sabiha G\u00f6k\u00e7en Havaliman\u0131\u2019na ini\u015f yapamay\u0131p uzun s\u00fcre havada tur atmak zorunda kalan u\u00e7aklar ba\u015fka meydanlara y\u00f6nlendiriliyor. Marmara B\u00f6lgesi\u2019ni etkisi alt\u0131na alan kuvvetli lodos ve f\u0131rt\u0131nan\u0131n etkisiyle Sabiha G\u00f6k\u00e7en Havaliman\u0131\u2019ndaki u\u00e7ak trafi\u011finde zaman zaman gecikmeler ya\u015fan\u0131yor. Pegasus Hava Yollar\u0131n\u0131n PC2183 sefer say\u0131l\u0131 \u0130zmir-Sabiha G\u00f6k\u00e7en u\u00e7a\u011f\u0131 olumsuz hava ko\u015fullar\u0131 nedeniyle uzun [&hellip;]<\/p>\n","protected":false},"author":1,"featured_media":14113,"comment_status":"open","ping_status":"open","sticky":false,"template":"","format":"standard","meta":{"jnews-multi-image_gallery":[],"jnews_single_post":[],"jnews_primary_category":[],"jnews_social_meta":[],"jnews_override_counter":[],"footnotes":""},"categories":[5],"tags":[],"class_list":["post-14112","post","type-post","status-publish","format-standard","has-post-thumbnail","hentry","category-turkiye"],"yoast_head":"<!-- This site is optimized with the Yoast SEO plugin v27.4 - https:\/\/yoast.com\/product\/yoast-seo-wordpress\/ -->\n<title>Sabiha G\u00f6k\u00e7en Havaliman\u0131\u2019nda lodos ve sa\u011fanak nedeniyle u\u00e7ak trafi\u011finde gecikmeler ya\u015fan\u0131yor - Kuzeyin Sesi<\/title>\n<meta name=\"robots\" content=\"index, follow, max-snippet:-1, max-image-preview:large, max-video-preview:-1\" \/>\n<link rel=\"canonical\" href=\"https:\/\/kuzeyinsesi.org\/index.php\/2024\/11\/23\/sabiha-gokcen-havalimaninda-lodos-ve-saganak-nedeniyle-ucak-trafiginde-gecikmeler-yasaniyor\/\" \/>\n<meta property=\"og:locale\" content=\"tr_TR\" \/>\n<meta property=\"og:type\" content=\"article\" \/>\n<meta property=\"og:title\" content=\"Sabiha G\u00f6k\u00e7en Havaliman\u0131\u2019nda lodos ve sa\u011fanak nedeniyle u\u00e7ak trafi\u011finde gecikmeler ya\u015fan\u0131yor - Kuzeyin Sesi\" \/>\n<meta property=\"og:description\" content=\"Etkisini artt\u0131ran lodos ve sa\u011fanak nedeniyle Sabiha G\u00f6k\u00e7en Havaliman\u0131\u2019na ini\u015f yapamay\u0131p uzun s\u00fcre havada tur atmak zorunda kalan u\u00e7aklar ba\u015fka meydanlara y\u00f6nlendiriliyor. Marmara B\u00f6lgesi\u2019ni etkisi alt\u0131na alan kuvvetli lodos ve f\u0131rt\u0131nan\u0131n etkisiyle Sabiha G\u00f6k\u00e7en Havaliman\u0131\u2019ndaki u\u00e7ak trafi\u011finde zaman zaman gecikmeler ya\u015fan\u0131yor. Pegasus Hava Yollar\u0131n\u0131n PC2183 sefer say\u0131l\u0131 \u0130zmir-Sabiha G\u00f6k\u00e7en u\u00e7a\u011f\u0131 olumsuz hava ko\u015fullar\u0131 nedeniyle uzun [&hellip;]\" \/>\n<meta property=\"og:url\" content=\"https:\/\/kuzeyinsesi.org\/index.php\/2024\/11\/23\/sabiha-gokcen-havalimaninda-lodos-ve-saganak-nedeniyle-ucak-trafiginde-gecikmeler-yasaniyor\/\" \/>\n<meta property=\"og:site_name\" content=\"Kuzeyin Sesi\" \/>\n<meta property=\"article:publisher\" content=\"https:\/\/www.facebook.com\/kuzeyinsesii\" \/>\n<meta property=\"article:published_time\" content=\"2024-11-23T09:37:12+00:00\" \/>\n<meta property=\"og:image\" content=\"https:\/\/brtk.net\/wp-content\/uploads\/2024\/11\/23\/ucak-son-scaled.jpg?ver=50fd6a291452793fddeb10af032bc91c\" \/>\n<meta name=\"author\" content=\"Kuzeyin Sesi\" \/>\n<meta name=\"twitter:card\" content=\"summary_large_image\" \/>\n<meta name=\"twitter:creator\" content=\"@kuzeyinsesii\" \/>\n<meta name=\"twitter:site\" content=\"@kuzeyinsesii\" \/>\n<meta name=\"twitter:label1\" content=\"Yazan:\" \/>\n\t<meta name=\"twitter:data1\" content=\"Kuzeyin Sesi\" \/>\n\t<meta name=\"twitter:label2\" content=\"Tahmini okuma s\u00fcresi\" \/>\n\t<meta name=\"twitter:data2\" content=\"1 dakika\" \/>\n<script type=\"application\/ld+json\" class=\"yoast-schema-graph\">{\"@context\":\"https:\\\/\\\/schema.org\",\"@graph\":[{\"@type\":\"Article\",\"@id\":\"https:\\\/\\\/kuzeyinsesi.org\\\/index.php\\\/2024\\\/11\\\/23\\\/sabiha-gokcen-havalimaninda-lodos-ve-saganak-nedeniyle-ucak-trafiginde-gecikmeler-yasaniyor\\\/#article\",\"isPartOf\":{\"@id\":\"https:\\\/\\\/kuzeyinsesi.org\\\/index.php\\\/2024\\\/11\\\/23\\\/sabiha-gokcen-havalimaninda-lodos-ve-saganak-nedeniyle-ucak-trafiginde-gecikmeler-yasaniyor\\\/\"},\"author\":{\"name\":\"Kuzeyin Sesi\",\"@id\":\"https:\\\/\\\/kuzeyinsesi.org\\\/#\\\/schema\\\/person\\\/9f859689cdf01485597712386e37f5aa\"},\"headline\":\"Sabiha G\u00f6k\u00e7en Havaliman\u0131\u2019nda lodos ve sa\u011fanak nedeniyle u\u00e7ak trafi\u011finde gecikmeler ya\u015fan\u0131yor\",\"datePublished\":\"2024-11-23T09:37:12+00:00\",\"mainEntityOfPage\":{\"@id\":\"https:\\\/\\\/kuzeyinsesi.org\\\/index.php\\\/2024\\\/11\\\/23\\\/sabiha-gokcen-havalimaninda-lodos-ve-saganak-nedeniyle-ucak-trafiginde-gecikmeler-yasaniyor\\\/\"},\"wordCount\":148,\"commentCount\":0,\"image\":{\"@id\":\"https:\\\/\\\/kuzeyinsesi.org\\\/index.php\\\/2024\\\/11\\\/23\\\/sabiha-gokcen-havalimaninda-lodos-ve-saganak-nedeniyle-ucak-trafiginde-gecikmeler-yasaniyor\\\/#primaryimage\"},\"thumbnailUrl\":\"https:\\\/\\\/kuzeyinsesi.org\\\/wp-content\\\/uploads\\\/2024\\\/11\\\/ucak-son-scaled.jpg\",\"articleSection\":[\"T\u00fcrkiye\"],\"inLanguage\":\"tr\",\"potentialAction\":[{\"@type\":\"CommentAction\",\"name\":\"Comment\",\"target\":[\"https:\\\/\\\/kuzeyinsesi.org\\\/index.php\\\/2024\\\/11\\\/23\\\/sabiha-gokcen-havalimaninda-lodos-ve-saganak-nedeniyle-ucak-trafiginde-gecikmeler-yasaniyor\\\/#respond\"]}]},{\"@type\":\"WebPage\",\"@id\":\"https:\\\/\\\/kuzeyinsesi.org\\\/index.php\\\/2024\\\/11\\\/23\\\/sabiha-gokcen-havalimaninda-lodos-ve-saganak-nedeniyle-ucak-trafiginde-gecikmeler-yasaniyor\\\/\",\"url\":\"https:\\\/\\\/kuzeyinsesi.org\\\/index.php\\\/2024\\\/11\\\/23\\\/sabiha-gokcen-havalimaninda-lodos-ve-saganak-nedeniyle-ucak-trafiginde-gecikmeler-yasaniyor\\\/\",\"name\":\"Sabiha G\u00f6k\u00e7en Havaliman\u0131\u2019nda lodos ve sa\u011fanak nedeniyle u\u00e7ak trafi\u011finde gecikmeler ya\u015fan\u0131yor - Kuzeyin Sesi\",\"isPartOf\":{\"@id\":\"https:\\\/\\\/kuzeyinsesi.org\\\/#website\"},\"primaryImageOfPage\":{\"@id\":\"https:\\\/\\\/kuzeyinsesi.org\\\/index.php\\\/2024\\\/11\\\/23\\\/sabiha-gokcen-havalimaninda-lodos-ve-saganak-nedeniyle-ucak-trafiginde-gecikmeler-yasaniyor\\\/#primaryimage\"},\"image\":{\"@id\":\"https:\\\/\\\/kuzeyinsesi.org\\\/index.php\\\/2024\\\/11\\\/23\\\/sabiha-gokcen-havalimaninda-lodos-ve-saganak-nedeniyle-ucak-trafiginde-gecikmeler-yasaniyor\\\/#primaryimage\"},\"thumbnailUrl\":\"https:\\\/\\\/kuzeyinsesi.org\\\/wp-content\\\/uploads\\\/2024\\\/11\\\/ucak-son-scaled.jpg\",\"datePublished\":\"2024-11-23T09:37:12+00:00\",\"author\":{\"@id\":\"https:\\\/\\\/kuzeyinsesi.org\\\/#\\\/schema\\\/person\\\/9f859689cdf01485597712386e37f5aa\"},\"breadcrumb\":{\"@id\":\"https:\\\/\\\/kuzeyinsesi.org\\\/index.php\\\/2024\\\/11\\\/23\\\/sabiha-gokcen-havalimaninda-lodos-ve-saganak-nedeniyle-ucak-trafiginde-gecikmeler-yasaniyor\\\/#breadcrumb\"},\"inLanguage\":\"tr\",\"potentialAction\":[{\"@type\":\"ReadAction\",\"target\":[\"https:\\\/\\\/kuzeyinsesi.org\\\/index.php\\\/2024\\\/11\\\/23\\\/sabiha-gokcen-havalimaninda-lodos-ve-saganak-nedeniyle-ucak-trafiginde-gecikmeler-yasaniyor\\\/\"]}]},{\"@type\":\"ImageObject\",\"inLanguage\":\"tr\",\"@id\":\"https:\\\/\\\/kuzeyinsesi.org\\\/index.php\\\/2024\\\/11\\\/23\\\/sabiha-gokcen-havalimaninda-lodos-ve-saganak-nedeniyle-ucak-trafiginde-gecikmeler-yasaniyor\\\/#primaryimage\",\"url\":\"https:\\\/\\\/kuzeyinsesi.org\\\/wp-content\\\/uploads\\\/2024\\\/11\\\/ucak-son-scaled.jpg\",\"contentUrl\":\"https:\\\/\\\/kuzeyinsesi.org\\\/wp-content\\\/uploads\\\/2024\\\/11\\\/ucak-son-scaled.jpg\",\"width\":2560,\"height\":1434},{\"@type\":\"BreadcrumbList\",\"@id\":\"https:\\\/\\\/kuzeyinsesi.org\\\/index.php\\\/2024\\\/11\\\/23\\\/sabiha-gokcen-havalimaninda-lodos-ve-saganak-nedeniyle-ucak-trafiginde-gecikmeler-yasaniyor\\\/#breadcrumb\",\"itemListElement\":[{\"@type\":\"ListItem\",\"position\":1,\"name\":\"Anasayfa\",\"item\":\"https:\\\/\\\/kuzeyinsesi.org\\\/\"},{\"@type\":\"ListItem\",\"position\":2,\"name\":\"Sabiha G\u00f6k\u00e7en Havaliman\u0131\u2019nda lodos ve sa\u011fanak nedeniyle u\u00e7ak trafi\u011finde gecikmeler ya\u015fan\u0131yor\"}]},{\"@type\":\"WebSite\",\"@id\":\"https:\\\/\\\/kuzeyinsesi.org\\\/#website\",\"url\":\"https:\\\/\\\/kuzeyinsesi.org\\\/\",\"name\":\"Kuzeyin Sesi\",\"description\":\"Do\u011fru Haberin Adresi\",\"potentialAction\":[{\"@type\":\"SearchAction\",\"target\":{\"@type\":\"EntryPoint\",\"urlTemplate\":\"https:\\\/\\\/kuzeyinsesi.org\\\/?s={search_term_string}\"},\"query-input\":{\"@type\":\"PropertyValueSpecification\",\"valueRequired\":true,\"valueName\":\"search_term_string\"}}],\"inLanguage\":\"tr\"},{\"@type\":\"Person\",\"@id\":\"https:\\\/\\\/kuzeyinsesi.org\\\/#\\\/schema\\\/person\\\/9f859689cdf01485597712386e37f5aa\",\"name\":\"Kuzeyin Sesi\",\"image\":{\"@type\":\"ImageObject\",\"inLanguage\":\"tr\",\"@id\":\"https:\\\/\\\/secure.gravatar.com\\\/avatar\\\/bab33852abfd8b282518d6ed81826833d77c3c882d9ab608add591ccace47a44?s=96&d=mm&r=g\",\"url\":\"https:\\\/\\\/secure.gravatar.com\\\/avatar\\\/bab33852abfd8b282518d6ed81826833d77c3c882d9ab608add591ccace47a44?s=96&d=mm&r=g\",\"contentUrl\":\"https:\\\/\\\/secure.gravatar.com\\\/avatar\\\/bab33852abfd8b282518d6ed81826833d77c3c882d9ab608add591ccace47a44?s=96&d=mm&r=g\",\"caption\":\"Kuzeyin Sesi\"},\"sameAs\":[\"https:\\\/\\\/kuzeyinsesi.org\"],\"url\":\"https:\\\/\\\/kuzeyinsesi.org\\\/index.php\\\/author\\\/guven\\\/\"}]}<\/script>\n<!-- \/ Yoast SEO plugin. -->","yoast_head_json":{"title":"Sabiha G\u00f6k\u00e7en Havaliman\u0131\u2019nda lodos ve sa\u011fanak nedeniyle u\u00e7ak trafi\u011finde gecikmeler ya\u015fan\u0131yor - Kuzeyin Sesi","robots":{"index":"index","follow":"follow","max-snippet":"max-snippet:-1","max-image-preview":"max-image-preview:large","max-video-preview":"max-video-preview:-1"},"canonical":"https:\/\/kuzeyinsesi.org\/index.php\/2024\/11\/23\/sabiha-gokcen-havalimaninda-lodos-ve-saganak-nedeniyle-ucak-trafiginde-gecikmeler-yasaniyor\/","og_locale":"tr_TR","og_type":"article","og_title":"Sabiha G\u00f6k\u00e7en Havaliman\u0131\u2019nda lodos ve sa\u011fanak nedeniyle u\u00e7ak trafi\u011finde gecikmeler ya\u015fan\u0131yor - Kuzeyin Sesi","og_description":"Etkisini artt\u0131ran lodos ve sa\u011fanak nedeniyle Sabiha G\u00f6k\u00e7en Havaliman\u0131\u2019na ini\u015f yapamay\u0131p uzun s\u00fcre havada tur atmak zorunda kalan u\u00e7aklar ba\u015fka meydanlara y\u00f6nlendiriliyor. Marmara B\u00f6lgesi\u2019ni etkisi alt\u0131na alan kuvvetli lodos ve f\u0131rt\u0131nan\u0131n etkisiyle Sabiha G\u00f6k\u00e7en Havaliman\u0131\u2019ndaki u\u00e7ak trafi\u011finde zaman zaman gecikmeler ya\u015fan\u0131yor. Pegasus Hava Yollar\u0131n\u0131n PC2183 sefer say\u0131l\u0131 \u0130zmir-Sabiha G\u00f6k\u00e7en u\u00e7a\u011f\u0131 olumsuz hava ko\u015fullar\u0131 nedeniyle uzun [&hellip;]","og_url":"https:\/\/kuzeyinsesi.org\/index.php\/2024\/11\/23\/sabiha-gokcen-havalimaninda-lodos-ve-saganak-nedeniyle-ucak-trafiginde-gecikmeler-yasaniyor\/","og_site_name":"Kuzeyin Sesi","article_publisher":"https:\/\/www.facebook.com\/kuzeyinsesii","article_published_time":"2024-11-23T09:37:12+00:00","og_image":[{"url":"https:\/\/brtk.net\/wp-content\/uploads\/2024\/11\/23\/ucak-son-scaled.jpg?ver=50fd6a291452793fddeb10af032bc91c","type":"","width":"","height":""}],"author":"Kuzeyin Sesi","twitter_card":"summary_large_image","twitter_creator":"@kuzeyinsesii","twitter_site":"@kuzeyinsesii","twitter_misc":{"Yazan:":"Kuzeyin Sesi","Tahmini okuma s\u00fcresi":"1 dakika"},"schema":{"@context":"https:\/\/schema.org","@graph":[{"@type":"Article","@id":"https:\/\/kuzeyinsesi.org\/index.php\/2024\/11\/23\/sabiha-gokcen-havalimaninda-lodos-ve-saganak-nedeniyle-ucak-trafiginde-gecikmeler-yasaniyor\/#article","isPartOf":{"@id":"https:\/\/kuzeyinsesi.org\/index.php\/2024\/11\/23\/sabiha-gokcen-havalimaninda-lodos-ve-saganak-nedeniyle-ucak-trafiginde-gecikmeler-yasaniyor\/"},"author":{"name":"Kuzeyin Sesi","@id":"https:\/\/kuzeyinsesi.org\/#\/schema\/person\/9f859689cdf01485597712386e37f5aa"},"headline":"Sabiha G\u00f6k\u00e7en Havaliman\u0131\u2019nda lodos ve sa\u011fanak nedeniyle u\u00e7ak trafi\u011finde gecikmeler ya\u015fan\u0131yor","datePublished":"2024-11-23T09:37:12+00:00","mainEntityOfPage":{"@id":"https:\/\/kuzeyinsesi.org\/index.php\/2024\/11\/23\/sabiha-gokcen-havalimaninda-lodos-ve-saganak-nedeniyle-ucak-trafiginde-gecikmeler-yasaniyor\/"},"wordCount":148,"commentCount":0,"image":{"@id":"https:\/\/kuzeyinsesi.org\/index.php\/2024\/11\/23\/sabiha-gokcen-havalimaninda-lodos-ve-saganak-nedeniyle-ucak-trafiginde-gecikmeler-yasaniyor\/#primaryimage"},"thumbnailUrl":"https:\/\/kuzeyinsesi.org\/wp-content\/uploads\/2024\/11\/ucak-son-scaled.jpg","articleSection":["T\u00fcrkiye"],"inLanguage":"tr","potentialAction":[{"@type":"CommentAction","name":"Comment","target":["https:\/\/kuzeyinsesi.org\/index.php\/2024\/11\/23\/sabiha-gokcen-havalimaninda-lodos-ve-saganak-nedeniyle-ucak-trafiginde-gecikmeler-yasaniyor\/#respond"]}]},{"@type":"WebPage","@id":"https:\/\/kuzeyinsesi.org\/index.php\/2024\/11\/23\/sabiha-gokcen-havalimaninda-lodos-ve-saganak-nedeniyle-ucak-trafiginde-gecikmeler-yasaniyor\/","url":"https:\/\/kuzeyinsesi.org\/index.php\/2024\/11\/23\/sabiha-gokcen-havalimaninda-lodos-ve-saganak-nedeniyle-ucak-trafiginde-gecikmeler-yasaniyor\/","name":"Sabiha G\u00f6k\u00e7en Havaliman\u0131\u2019nda lodos ve sa\u011fanak nedeniyle u\u00e7ak trafi\u011finde gecikmeler ya\u015fan\u0131yor - Kuzeyin Sesi","isPartOf":{"@id":"https:\/\/kuzeyinsesi.org\/#website"},"primaryImageOfPage":{"@id":"https:\/\/kuzeyinsesi.org\/index.php\/2024\/11\/23\/sabiha-gokcen-havalimaninda-lodos-ve-saganak-nedeniyle-ucak-trafiginde-gecikmeler-yasaniyor\/#primaryimage"},"image":{"@id":"https:\/\/kuzeyinsesi.org\/index.php\/2024\/11\/23\/sabiha-gokcen-havalimaninda-lodos-ve-saganak-nedeniyle-ucak-trafiginde-gecikmeler-yasaniyor\/#primaryimage"},"thumbnailUrl":"https:\/\/kuzeyinsesi.org\/wp-content\/uploads\/2024\/11\/ucak-son-scaled.jpg","datePublished":"2024-11-23T09:37:12+00:00","author":{"@id":"https:\/\/kuzeyinsesi.org\/#\/schema\/person\/9f859689cdf01485597712386e37f5aa"},"breadcrumb":{"@id":"https:\/\/kuzeyinsesi.org\/index.php\/2024\/11\/23\/sabiha-gokcen-havalimaninda-lodos-ve-saganak-nedeniyle-ucak-trafiginde-gecikmeler-yasaniyor\/#breadcrumb"},"inLanguage":"tr","potentialAction":[{"@type":"ReadAction","target":["https:\/\/kuzeyinsesi.org\/index.php\/2024\/11\/23\/sabiha-gokcen-havalimaninda-lodos-ve-saganak-nedeniyle-ucak-trafiginde-gecikmeler-yasaniyor\/"]}]},{"@type":"ImageObject","inLanguage":"tr","@id":"https:\/\/kuzeyinsesi.org\/index.php\/2024\/11\/23\/sabiha-gokcen-havalimaninda-lodos-ve-saganak-nedeniyle-ucak-trafiginde-gecikmeler-yasaniyor\/#primaryimage","url":"https:\/\/kuzeyinsesi.org\/wp-content\/uploads\/2024\/11\/ucak-son-scaled.jpg","contentUrl":"https:\/\/kuzeyinsesi.org\/wp-content\/uploads\/2024\/11\/ucak-son-scaled.jpg","width":2560,"height":1434},{"@type":"BreadcrumbList","@id":"https:\/\/kuzeyinsesi.org\/index.php\/2024\/11\/23\/sabiha-gokcen-havalimaninda-lodos-ve-saganak-nedeniyle-ucak-trafiginde-gecikmeler-yasaniyor\/#breadcrumb","itemListElement":[{"@type":"ListItem","position":1,"name":"Anasayfa","item":"https:\/\/kuzeyinsesi.org\/"},{"@type":"ListItem","position":2,"name":"Sabiha G\u00f6k\u00e7en Havaliman\u0131\u2019nda lodos ve sa\u011fanak nedeniyle u\u00e7ak trafi\u011finde gecikmeler ya\u015fan\u0131yor"}]},{"@type":"WebSite","@id":"https:\/\/kuzeyinsesi.org\/#website","url":"https:\/\/kuzeyinsesi.org\/","name":"Kuzeyin Sesi","description":"Do\u011fru Haberin Adresi","potentialAction":[{"@type":"SearchAction","target":{"@type":"EntryPoint","urlTemplate":"https:\/\/kuzeyinsesi.org\/?s={search_term_string}"},"query-input":{"@type":"PropertyValueSpecification","valueRequired":true,"valueName":"search_term_string"}}],"inLanguage":"tr"},{"@type":"Person","@id":"https:\/\/kuzeyinsesi.org\/#\/schema\/person\/9f859689cdf01485597712386e37f5aa","name":"Kuzeyin Sesi","image":{"@type":"ImageObject","inLanguage":"tr","@id":"https:\/\/secure.gravatar.com\/avatar\/bab33852abfd8b282518d6ed81826833d77c3c882d9ab608add591ccace47a44?s=96&d=mm&r=g","url":"https:\/\/secure.gravatar.com\/avatar\/bab33852abfd8b282518d6ed81826833d77c3c882d9ab608add591ccace47a44?s=96&d=mm&r=g","contentUrl":"https:\/\/secure.gravatar.com\/avatar\/bab33852abfd8b282518d6ed81826833d77c3c882d9ab608add591ccace47a44?s=96&d=mm&r=g","caption":"Kuzeyin Sesi"},"sameAs":["https:\/\/kuzeyinsesi.org"],"url":"https:\/\/kuzeyinsesi.org\/index.php\/author\/guven\/"}]}},"_links":{"self":[{"href":"https:\/\/kuzeyinsesi.org\/index.php\/wp-json\/wp\/v2\/posts\/14112","targetHints":{"allow":["GET"]}}],"collection":[{"href":"https:\/\/kuzeyinsesi.org\/index.php\/wp-json\/wp\/v2\/posts"}],"about":[{"href":"https:\/\/kuzeyinsesi.org\/index.php\/wp-json\/wp\/v2\/types\/post"}],"author":[{"embeddable":true,"href":"https:\/\/kuzeyinsesi.org\/index.php\/wp-json\/wp\/v2\/users\/1"}],"replies":[{"embeddable":true,"href":"https:\/\/kuzeyinsesi.org\/index.php\/wp-json\/wp\/v2\/comments?post=14112"}],"version-history":[{"count":0,"href":"https:\/\/kuzeyinsesi.org\/index.php\/wp-json\/wp\/v2\/posts\/14112\/revisions"}],"wp:featuredmedia":[{"embeddable":true,"href":"https:\/\/kuzeyinsesi.org\/index.php\/wp-json\/wp\/v2\/media\/14113"}],"wp:attachment":[{"href":"https:\/\/kuzeyinsesi.org\/index.php\/wp-json\/wp\/v2\/media?parent=14112"}],"wp:term":[{"taxonomy":"category","embeddable":true,"href":"https:\/\/kuzeyinsesi.org\/index.php\/wp-json\/wp\/v2\/categories?post=14112"},{"taxonomy":"post_tag","embeddable":true,"href":"https:\/\/kuzeyinsesi.org\/index.php\/wp-json\/wp\/v2\/tags?post=14112"}],"curies":[{"name":"wp","href":"https:\/\/api.w.org\/{rel}","templated":true}]}}