{"id":14108,"date":"2024-11-23T10:41:06","date_gmt":"2024-11-23T08:41:06","guid":{"rendered":"https:\/\/kuzeyinsesi.org\/index.php\/2024\/11\/23\/odtu-kuzey-kibris-kampusunde-cumhuriyet-konseri-duzenlendi\/"},"modified":"2024-11-23T10:41:06","modified_gmt":"2024-11-23T08:41:06","slug":"odtu-kuzey-kibris-kampusunde-cumhuriyet-konseri-duzenlendi","status":"publish","type":"post","link":"https:\/\/kuzeyinsesi.org\/index.php\/2024\/11\/23\/odtu-kuzey-kibris-kampusunde-cumhuriyet-konseri-duzenlendi\/","title":{"rendered":"ODT\u00dc Kuzey K\u0131br\u0131s Kamp\u00fcs\u00fc\u2019nde, \u2018Cumhuriyet Konseri\u2019 d\u00fczenlendi"},"content":{"rendered":"<div>\n<div class=\"mariselle-image-container center\">\n                                            <\/div>\n<p>Kuzey K\u0131br\u0131s T\u00fcrk Cumhuriyeti\u2019 nin 41.y\u0131l\u0131 kurulu\u015f y\u0131ld\u00f6n\u00fcm\u00fc etkinlikleri devam ediyor.<\/p>\n<p>Bu \u00e7er\u00e7evede Girne Belediyesi ve Yeni Filarmoni Orkestras\u0131 \u00e7ok sesli korosu konser verdi.<\/p>\n<p>ODT\u00dc Kuzey K\u0131br\u0131s Kamp\u00fcs\u00fc\u2019nde yer alan Cumhuriyet Konseri, b\u00fcy\u00fck be\u011feni toplad\u0131.<\/p>\n<p>\u015eef Y\u0131lmaz Taner \u00f6nderli\u011finde birbirinden g\u00fczel par\u00e7alar icra eden \u00e7ok sesli koro, kat\u0131lanlara e\u011flence dolu bir gece ya\u015fatt\u0131.<\/p>\n<p>Konser, halka a\u00e7\u0131k \u00fccretsiz olarak ger\u00e7ekle\u015ftirildi.<\/p>\n<\/p><\/div>\n<p><script async\n                    defer\n                    crossorigin=\"anonymous\"\n                    src=\"https:\/\/connect.facebook.net\/tr_TR\/sdk.js#xfbml=1&#038;version=v3.3\"\n            ><\/script><\/p>\n","protected":false},"excerpt":{"rendered":"<p>Kuzey K\u0131br\u0131s T\u00fcrk Cumhuriyeti\u2019 nin 41.y\u0131l\u0131 kurulu\u015f y\u0131ld\u00f6n\u00fcm\u00fc etkinlikleri devam ediyor. Bu \u00e7er\u00e7evede Girne Belediyesi ve Yeni Filarmoni Orkestras\u0131 \u00e7ok sesli korosu konser verdi. ODT\u00dc Kuzey K\u0131br\u0131s Kamp\u00fcs\u00fc\u2019nde yer alan Cumhuriyet Konseri, b\u00fcy\u00fck be\u011feni toplad\u0131. \u015eef Y\u0131lmaz Taner \u00f6nderli\u011finde birbirinden g\u00fczel par\u00e7alar icra eden \u00e7ok sesli koro, kat\u0131lanlara e\u011flence dolu bir gece ya\u015fatt\u0131. Konser, halka [&hellip;]<\/p>\n","protected":false},"author":1,"featured_media":14109,"comment_status":"open","ping_status":"open","sticky":false,"template":"","format":"standard","meta":{"jnews-multi-image_gallery":[],"jnews_single_post":[],"jnews_primary_category":[],"jnews_social_meta":[],"jnews_override_counter":[],"footnotes":""},"categories":[6],"tags":[],"class_list":["post-14108","post","type-post","status-publish","format-standard","has-post-thumbnail","hentry","category-yasam"],"yoast_head":"<!-- This site is optimized with the Yoast SEO plugin v27.4 - https:\/\/yoast.com\/product\/yoast-seo-wordpress\/ -->\n<title>ODT\u00dc Kuzey K\u0131br\u0131s Kamp\u00fcs\u00fc\u2019nde, \u2018Cumhuriyet Konseri\u2019 d\u00fczenlendi - Kuzeyin Sesi<\/title>\n<meta name=\"robots\" content=\"index, follow, max-snippet:-1, max-image-preview:large, max-video-preview:-1\" \/>\n<link rel=\"canonical\" href=\"https:\/\/kuzeyinsesi.org\/index.php\/2024\/11\/23\/odtu-kuzey-kibris-kampusunde-cumhuriyet-konseri-duzenlendi\/\" \/>\n<meta property=\"og:locale\" content=\"tr_TR\" \/>\n<meta property=\"og:type\" content=\"article\" \/>\n<meta property=\"og:title\" content=\"ODT\u00dc Kuzey K\u0131br\u0131s Kamp\u00fcs\u00fc\u2019nde, \u2018Cumhuriyet Konseri\u2019 d\u00fczenlendi - Kuzeyin Sesi\" \/>\n<meta property=\"og:description\" content=\"Kuzey K\u0131br\u0131s T\u00fcrk Cumhuriyeti\u2019 nin 41.y\u0131l\u0131 kurulu\u015f y\u0131ld\u00f6n\u00fcm\u00fc etkinlikleri devam ediyor. Bu \u00e7er\u00e7evede Girne Belediyesi ve Yeni Filarmoni Orkestras\u0131 \u00e7ok sesli korosu konser verdi. ODT\u00dc Kuzey K\u0131br\u0131s Kamp\u00fcs\u00fc\u2019nde yer alan Cumhuriyet Konseri, b\u00fcy\u00fck be\u011feni toplad\u0131. \u015eef Y\u0131lmaz Taner \u00f6nderli\u011finde birbirinden g\u00fczel par\u00e7alar icra eden \u00e7ok sesli koro, kat\u0131lanlara e\u011flence dolu bir gece ya\u015fatt\u0131. Konser, halka [&hellip;]\" \/>\n<meta property=\"og:url\" content=\"https:\/\/kuzeyinsesi.org\/index.php\/2024\/11\/23\/odtu-kuzey-kibris-kampusunde-cumhuriyet-konseri-duzenlendi\/\" \/>\n<meta property=\"og:site_name\" content=\"Kuzeyin Sesi\" \/>\n<meta property=\"article:publisher\" content=\"https:\/\/www.facebook.com\/kuzeyinsesii\" \/>\n<meta property=\"article:published_time\" content=\"2024-11-23T08:41:06+00:00\" \/>\n<meta property=\"og:image\" content=\"https:\/\/brtk.net\/wp-content\/uploads\/2024\/11\/23\/sa.jpg?ver=7dbfdf1808a498296eb3f3c9a96de505\" \/>\n<meta name=\"author\" content=\"Kuzeyin Sesi\" \/>\n<meta name=\"twitter:card\" content=\"summary_large_image\" \/>\n<meta name=\"twitter:creator\" content=\"@kuzeyinsesii\" \/>\n<meta name=\"twitter:site\" content=\"@kuzeyinsesii\" \/>\n<meta name=\"twitter:label1\" content=\"Yazan:\" \/>\n\t<meta name=\"twitter:data1\" content=\"Kuzeyin Sesi\" \/>\n<script type=\"application\/ld+json\" class=\"yoast-schema-graph\">{\"@context\":\"https:\\\/\\\/schema.org\",\"@graph\":[{\"@type\":\"Article\",\"@id\":\"https:\\\/\\\/kuzeyinsesi.org\\\/index.php\\\/2024\\\/11\\\/23\\\/odtu-kuzey-kibris-kampusunde-cumhuriyet-konseri-duzenlendi\\\/#article\",\"isPartOf\":{\"@id\":\"https:\\\/\\\/kuzeyinsesi.org\\\/index.php\\\/2024\\\/11\\\/23\\\/odtu-kuzey-kibris-kampusunde-cumhuriyet-konseri-duzenlendi\\\/\"},\"author\":{\"name\":\"Kuzeyin Sesi\",\"@id\":\"https:\\\/\\\/kuzeyinsesi.org\\\/#\\\/schema\\\/person\\\/9f859689cdf01485597712386e37f5aa\"},\"headline\":\"ODT\u00dc Kuzey K\u0131br\u0131s Kamp\u00fcs\u00fc\u2019nde, \u2018Cumhuriyet Konseri\u2019 d\u00fczenlendi\",\"datePublished\":\"2024-11-23T08:41:06+00:00\",\"mainEntityOfPage\":{\"@id\":\"https:\\\/\\\/kuzeyinsesi.org\\\/index.php\\\/2024\\\/11\\\/23\\\/odtu-kuzey-kibris-kampusunde-cumhuriyet-konseri-duzenlendi\\\/\"},\"wordCount\":96,\"commentCount\":0,\"image\":{\"@id\":\"https:\\\/\\\/kuzeyinsesi.org\\\/index.php\\\/2024\\\/11\\\/23\\\/odtu-kuzey-kibris-kampusunde-cumhuriyet-konseri-duzenlendi\\\/#primaryimage\"},\"thumbnailUrl\":\"https:\\\/\\\/kuzeyinsesi.org\\\/wp-content\\\/uploads\\\/2024\\\/11\\\/sa.jpg\",\"articleSection\":[\"Ya\u015fam\"],\"inLanguage\":\"tr\",\"potentialAction\":[{\"@type\":\"CommentAction\",\"name\":\"Comment\",\"target\":[\"https:\\\/\\\/kuzeyinsesi.org\\\/index.php\\\/2024\\\/11\\\/23\\\/odtu-kuzey-kibris-kampusunde-cumhuriyet-konseri-duzenlendi\\\/#respond\"]}]},{\"@type\":\"WebPage\",\"@id\":\"https:\\\/\\\/kuzeyinsesi.org\\\/index.php\\\/2024\\\/11\\\/23\\\/odtu-kuzey-kibris-kampusunde-cumhuriyet-konseri-duzenlendi\\\/\",\"url\":\"https:\\\/\\\/kuzeyinsesi.org\\\/index.php\\\/2024\\\/11\\\/23\\\/odtu-kuzey-kibris-kampusunde-cumhuriyet-konseri-duzenlendi\\\/\",\"name\":\"ODT\u00dc Kuzey K\u0131br\u0131s Kamp\u00fcs\u00fc\u2019nde, \u2018Cumhuriyet Konseri\u2019 d\u00fczenlendi - Kuzeyin Sesi\",\"isPartOf\":{\"@id\":\"https:\\\/\\\/kuzeyinsesi.org\\\/#website\"},\"primaryImageOfPage\":{\"@id\":\"https:\\\/\\\/kuzeyinsesi.org\\\/index.php\\\/2024\\\/11\\\/23\\\/odtu-kuzey-kibris-kampusunde-cumhuriyet-konseri-duzenlendi\\\/#primaryimage\"},\"image\":{\"@id\":\"https:\\\/\\\/kuzeyinsesi.org\\\/index.php\\\/2024\\\/11\\\/23\\\/odtu-kuzey-kibris-kampusunde-cumhuriyet-konseri-duzenlendi\\\/#primaryimage\"},\"thumbnailUrl\":\"https:\\\/\\\/kuzeyinsesi.org\\\/wp-content\\\/uploads\\\/2024\\\/11\\\/sa.jpg\",\"datePublished\":\"2024-11-23T08:41:06+00:00\",\"author\":{\"@id\":\"https:\\\/\\\/kuzeyinsesi.org\\\/#\\\/schema\\\/person\\\/9f859689cdf01485597712386e37f5aa\"},\"breadcrumb\":{\"@id\":\"https:\\\/\\\/kuzeyinsesi.org\\\/index.php\\\/2024\\\/11\\\/23\\\/odtu-kuzey-kibris-kampusunde-cumhuriyet-konseri-duzenlendi\\\/#breadcrumb\"},\"inLanguage\":\"tr\",\"potentialAction\":[{\"@type\":\"ReadAction\",\"target\":[\"https:\\\/\\\/kuzeyinsesi.org\\\/index.php\\\/2024\\\/11\\\/23\\\/odtu-kuzey-kibris-kampusunde-cumhuriyet-konseri-duzenlendi\\\/\"]}]},{\"@type\":\"ImageObject\",\"inLanguage\":\"tr\",\"@id\":\"https:\\\/\\\/kuzeyinsesi.org\\\/index.php\\\/2024\\\/11\\\/23\\\/odtu-kuzey-kibris-kampusunde-cumhuriyet-konseri-duzenlendi\\\/#primaryimage\",\"url\":\"https:\\\/\\\/kuzeyinsesi.org\\\/wp-content\\\/uploads\\\/2024\\\/11\\\/sa.jpg\",\"contentUrl\":\"https:\\\/\\\/kuzeyinsesi.org\\\/wp-content\\\/uploads\\\/2024\\\/11\\\/sa.jpg\",\"width\":930,\"height\":397},{\"@type\":\"BreadcrumbList\",\"@id\":\"https:\\\/\\\/kuzeyinsesi.org\\\/index.php\\\/2024\\\/11\\\/23\\\/odtu-kuzey-kibris-kampusunde-cumhuriyet-konseri-duzenlendi\\\/#breadcrumb\",\"itemListElement\":[{\"@type\":\"ListItem\",\"position\":1,\"name\":\"Anasayfa\",\"item\":\"https:\\\/\\\/kuzeyinsesi.org\\\/\"},{\"@type\":\"ListItem\",\"position\":2,\"name\":\"ODT\u00dc Kuzey K\u0131br\u0131s Kamp\u00fcs\u00fc\u2019nde, \u2018Cumhuriyet Konseri\u2019 d\u00fczenlendi\"}]},{\"@type\":\"WebSite\",\"@id\":\"https:\\\/\\\/kuzeyinsesi.org\\\/#website\",\"url\":\"https:\\\/\\\/kuzeyinsesi.org\\\/\",\"name\":\"Kuzeyin Sesi\",\"description\":\"Do\u011fru Haberin Adresi\",\"potentialAction\":[{\"@type\":\"SearchAction\",\"target\":{\"@type\":\"EntryPoint\",\"urlTemplate\":\"https:\\\/\\\/kuzeyinsesi.org\\\/?s={search_term_string}\"},\"query-input\":{\"@type\":\"PropertyValueSpecification\",\"valueRequired\":true,\"valueName\":\"search_term_string\"}}],\"inLanguage\":\"tr\"},{\"@type\":\"Person\",\"@id\":\"https:\\\/\\\/kuzeyinsesi.org\\\/#\\\/schema\\\/person\\\/9f859689cdf01485597712386e37f5aa\",\"name\":\"Kuzeyin Sesi\",\"image\":{\"@type\":\"ImageObject\",\"inLanguage\":\"tr\",\"@id\":\"https:\\\/\\\/secure.gravatar.com\\\/avatar\\\/bab33852abfd8b282518d6ed81826833d77c3c882d9ab608add591ccace47a44?s=96&d=mm&r=g\",\"url\":\"https:\\\/\\\/secure.gravatar.com\\\/avatar\\\/bab33852abfd8b282518d6ed81826833d77c3c882d9ab608add591ccace47a44?s=96&d=mm&r=g\",\"contentUrl\":\"https:\\\/\\\/secure.gravatar.com\\\/avatar\\\/bab33852abfd8b282518d6ed81826833d77c3c882d9ab608add591ccace47a44?s=96&d=mm&r=g\",\"caption\":\"Kuzeyin Sesi\"},\"sameAs\":[\"https:\\\/\\\/kuzeyinsesi.org\"],\"url\":\"https:\\\/\\\/kuzeyinsesi.org\\\/index.php\\\/author\\\/guven\\\/\"}]}<\/script>\n<!-- \/ Yoast SEO plugin. -->","yoast_head_json":{"title":"ODT\u00dc Kuzey K\u0131br\u0131s Kamp\u00fcs\u00fc\u2019nde, \u2018Cumhuriyet Konseri\u2019 d\u00fczenlendi - Kuzeyin Sesi","robots":{"index":"index","follow":"follow","max-snippet":"max-snippet:-1","max-image-preview":"max-image-preview:large","max-video-preview":"max-video-preview:-1"},"canonical":"https:\/\/kuzeyinsesi.org\/index.php\/2024\/11\/23\/odtu-kuzey-kibris-kampusunde-cumhuriyet-konseri-duzenlendi\/","og_locale":"tr_TR","og_type":"article","og_title":"ODT\u00dc Kuzey K\u0131br\u0131s Kamp\u00fcs\u00fc\u2019nde, \u2018Cumhuriyet Konseri\u2019 d\u00fczenlendi - Kuzeyin Sesi","og_description":"Kuzey K\u0131br\u0131s T\u00fcrk Cumhuriyeti\u2019 nin 41.y\u0131l\u0131 kurulu\u015f y\u0131ld\u00f6n\u00fcm\u00fc etkinlikleri devam ediyor. Bu \u00e7er\u00e7evede Girne Belediyesi ve Yeni Filarmoni Orkestras\u0131 \u00e7ok sesli korosu konser verdi. ODT\u00dc Kuzey K\u0131br\u0131s Kamp\u00fcs\u00fc\u2019nde yer alan Cumhuriyet Konseri, b\u00fcy\u00fck be\u011feni toplad\u0131. \u015eef Y\u0131lmaz Taner \u00f6nderli\u011finde birbirinden g\u00fczel par\u00e7alar icra eden \u00e7ok sesli koro, kat\u0131lanlara e\u011flence dolu bir gece ya\u015fatt\u0131. Konser, halka [&hellip;]","og_url":"https:\/\/kuzeyinsesi.org\/index.php\/2024\/11\/23\/odtu-kuzey-kibris-kampusunde-cumhuriyet-konseri-duzenlendi\/","og_site_name":"Kuzeyin Sesi","article_publisher":"https:\/\/www.facebook.com\/kuzeyinsesii","article_published_time":"2024-11-23T08:41:06+00:00","og_image":[{"url":"https:\/\/brtk.net\/wp-content\/uploads\/2024\/11\/23\/sa.jpg?ver=7dbfdf1808a498296eb3f3c9a96de505","type":"","width":"","height":""}],"author":"Kuzeyin Sesi","twitter_card":"summary_large_image","twitter_creator":"@kuzeyinsesii","twitter_site":"@kuzeyinsesii","twitter_misc":{"Yazan:":"Kuzeyin Sesi"},"schema":{"@context":"https:\/\/schema.org","@graph":[{"@type":"Article","@id":"https:\/\/kuzeyinsesi.org\/index.php\/2024\/11\/23\/odtu-kuzey-kibris-kampusunde-cumhuriyet-konseri-duzenlendi\/#article","isPartOf":{"@id":"https:\/\/kuzeyinsesi.org\/index.php\/2024\/11\/23\/odtu-kuzey-kibris-kampusunde-cumhuriyet-konseri-duzenlendi\/"},"author":{"name":"Kuzeyin Sesi","@id":"https:\/\/kuzeyinsesi.org\/#\/schema\/person\/9f859689cdf01485597712386e37f5aa"},"headline":"ODT\u00dc Kuzey K\u0131br\u0131s Kamp\u00fcs\u00fc\u2019nde, \u2018Cumhuriyet Konseri\u2019 d\u00fczenlendi","datePublished":"2024-11-23T08:41:06+00:00","mainEntityOfPage":{"@id":"https:\/\/kuzeyinsesi.org\/index.php\/2024\/11\/23\/odtu-kuzey-kibris-kampusunde-cumhuriyet-konseri-duzenlendi\/"},"wordCount":96,"commentCount":0,"image":{"@id":"https:\/\/kuzeyinsesi.org\/index.php\/2024\/11\/23\/odtu-kuzey-kibris-kampusunde-cumhuriyet-konseri-duzenlendi\/#primaryimage"},"thumbnailUrl":"https:\/\/kuzeyinsesi.org\/wp-content\/uploads\/2024\/11\/sa.jpg","articleSection":["Ya\u015fam"],"inLanguage":"tr","potentialAction":[{"@type":"CommentAction","name":"Comment","target":["https:\/\/kuzeyinsesi.org\/index.php\/2024\/11\/23\/odtu-kuzey-kibris-kampusunde-cumhuriyet-konseri-duzenlendi\/#respond"]}]},{"@type":"WebPage","@id":"https:\/\/kuzeyinsesi.org\/index.php\/2024\/11\/23\/odtu-kuzey-kibris-kampusunde-cumhuriyet-konseri-duzenlendi\/","url":"https:\/\/kuzeyinsesi.org\/index.php\/2024\/11\/23\/odtu-kuzey-kibris-kampusunde-cumhuriyet-konseri-duzenlendi\/","name":"ODT\u00dc Kuzey K\u0131br\u0131s Kamp\u00fcs\u00fc\u2019nde, \u2018Cumhuriyet Konseri\u2019 d\u00fczenlendi - Kuzeyin Sesi","isPartOf":{"@id":"https:\/\/kuzeyinsesi.org\/#website"},"primaryImageOfPage":{"@id":"https:\/\/kuzeyinsesi.org\/index.php\/2024\/11\/23\/odtu-kuzey-kibris-kampusunde-cumhuriyet-konseri-duzenlendi\/#primaryimage"},"image":{"@id":"https:\/\/kuzeyinsesi.org\/index.php\/2024\/11\/23\/odtu-kuzey-kibris-kampusunde-cumhuriyet-konseri-duzenlendi\/#primaryimage"},"thumbnailUrl":"https:\/\/kuzeyinsesi.org\/wp-content\/uploads\/2024\/11\/sa.jpg","datePublished":"2024-11-23T08:41:06+00:00","author":{"@id":"https:\/\/kuzeyinsesi.org\/#\/schema\/person\/9f859689cdf01485597712386e37f5aa"},"breadcrumb":{"@id":"https:\/\/kuzeyinsesi.org\/index.php\/2024\/11\/23\/odtu-kuzey-kibris-kampusunde-cumhuriyet-konseri-duzenlendi\/#breadcrumb"},"inLanguage":"tr","potentialAction":[{"@type":"ReadAction","target":["https:\/\/kuzeyinsesi.org\/index.php\/2024\/11\/23\/odtu-kuzey-kibris-kampusunde-cumhuriyet-konseri-duzenlendi\/"]}]},{"@type":"ImageObject","inLanguage":"tr","@id":"https:\/\/kuzeyinsesi.org\/index.php\/2024\/11\/23\/odtu-kuzey-kibris-kampusunde-cumhuriyet-konseri-duzenlendi\/#primaryimage","url":"https:\/\/kuzeyinsesi.org\/wp-content\/uploads\/2024\/11\/sa.jpg","contentUrl":"https:\/\/kuzeyinsesi.org\/wp-content\/uploads\/2024\/11\/sa.jpg","width":930,"height":397},{"@type":"BreadcrumbList","@id":"https:\/\/kuzeyinsesi.org\/index.php\/2024\/11\/23\/odtu-kuzey-kibris-kampusunde-cumhuriyet-konseri-duzenlendi\/#breadcrumb","itemListElement":[{"@type":"ListItem","position":1,"name":"Anasayfa","item":"https:\/\/kuzeyinsesi.org\/"},{"@type":"ListItem","position":2,"name":"ODT\u00dc Kuzey K\u0131br\u0131s Kamp\u00fcs\u00fc\u2019nde, \u2018Cumhuriyet Konseri\u2019 d\u00fczenlendi"}]},{"@type":"WebSite","@id":"https:\/\/kuzeyinsesi.org\/#website","url":"https:\/\/kuzeyinsesi.org\/","name":"Kuzeyin Sesi","description":"Do\u011fru Haberin Adresi","potentialAction":[{"@type":"SearchAction","target":{"@type":"EntryPoint","urlTemplate":"https:\/\/kuzeyinsesi.org\/?s={search_term_string}"},"query-input":{"@type":"PropertyValueSpecification","valueRequired":true,"valueName":"search_term_string"}}],"inLanguage":"tr"},{"@type":"Person","@id":"https:\/\/kuzeyinsesi.org\/#\/schema\/person\/9f859689cdf01485597712386e37f5aa","name":"Kuzeyin Sesi","image":{"@type":"ImageObject","inLanguage":"tr","@id":"https:\/\/secure.gravatar.com\/avatar\/bab33852abfd8b282518d6ed81826833d77c3c882d9ab608add591ccace47a44?s=96&d=mm&r=g","url":"https:\/\/secure.gravatar.com\/avatar\/bab33852abfd8b282518d6ed81826833d77c3c882d9ab608add591ccace47a44?s=96&d=mm&r=g","contentUrl":"https:\/\/secure.gravatar.com\/avatar\/bab33852abfd8b282518d6ed81826833d77c3c882d9ab608add591ccace47a44?s=96&d=mm&r=g","caption":"Kuzeyin Sesi"},"sameAs":["https:\/\/kuzeyinsesi.org"],"url":"https:\/\/kuzeyinsesi.org\/index.php\/author\/guven\/"}]}},"_links":{"self":[{"href":"https:\/\/kuzeyinsesi.org\/index.php\/wp-json\/wp\/v2\/posts\/14108","targetHints":{"allow":["GET"]}}],"collection":[{"href":"https:\/\/kuzeyinsesi.org\/index.php\/wp-json\/wp\/v2\/posts"}],"about":[{"href":"https:\/\/kuzeyinsesi.org\/index.php\/wp-json\/wp\/v2\/types\/post"}],"author":[{"embeddable":true,"href":"https:\/\/kuzeyinsesi.org\/index.php\/wp-json\/wp\/v2\/users\/1"}],"replies":[{"embeddable":true,"href":"https:\/\/kuzeyinsesi.org\/index.php\/wp-json\/wp\/v2\/comments?post=14108"}],"version-history":[{"count":0,"href":"https:\/\/kuzeyinsesi.org\/index.php\/wp-json\/wp\/v2\/posts\/14108\/revisions"}],"wp:featuredmedia":[{"embeddable":true,"href":"https:\/\/kuzeyinsesi.org\/index.php\/wp-json\/wp\/v2\/media\/14109"}],"wp:attachment":[{"href":"https:\/\/kuzeyinsesi.org\/index.php\/wp-json\/wp\/v2\/media?parent=14108"}],"wp:term":[{"taxonomy":"category","embeddable":true,"href":"https:\/\/kuzeyinsesi.org\/index.php\/wp-json\/wp\/v2\/categories?post=14108"},{"taxonomy":"post_tag","embeddable":true,"href":"https:\/\/kuzeyinsesi.org\/index.php\/wp-json\/wp\/v2\/tags?post=14108"}],"curies":[{"name":"wp","href":"https:\/\/api.w.org\/{rel}","templated":true}]}}