{"id":1409,"date":"2024-05-05T21:56:10","date_gmt":"2024-05-05T18:56:10","guid":{"rendered":"https:\/\/kuzeyinsesi.com\/index.php\/2024\/05\/05\/sibel-tatar-24-geleneksel-eko-gun-etkinligine-katildi\/"},"modified":"2024-05-05T21:56:10","modified_gmt":"2024-05-05T18:56:10","slug":"sibel-tatar-24-geleneksel-eko-gun-etkinligine-katildi","status":"publish","type":"post","link":"https:\/\/kuzeyinsesi.org\/index.php\/2024\/05\/05\/sibel-tatar-24-geleneksel-eko-gun-etkinligine-katildi\/","title":{"rendered":"Sibel Tatar, 24.Geleneksel Eko G\u00fcn etkinli\u011fine kat\u0131ld\u0131"},"content":{"rendered":"<div>\n<div class=\"mariselle-image-container center\">\n                                            <\/div>\n<p>Cumhurba\u015fkan\u0131 Ersin Tatar\u2019\u0131n e\u015fi Sibel Tatar, Mehmet\u00e7ik B\u00fcy\u00fckkonuk Belediyesi taraf\u0131ndan d\u00fczenlenen \u201c24. Geleneksel Eko G\u00fcn\u201d etkinli\u011fine kat\u0131ld\u0131.<\/p>\n<p>Festivalin a\u00e7\u0131l\u0131\u015f\u0131na kat\u0131lan Sibel Tatar, festival kapsam\u0131nda d\u00fczenlenen stantlar\u0131 gezdi ve vatanda\u015flarla sohbet etti.<\/p>\n<p>Sibel Tatar ayr\u0131ca Cumhurba\u015fkanl\u0131\u011f\u0131 himayelerinde ve Sibel Tatar \u00f6nc\u00fcl\u00fc\u011f\u00fcnde ilki Ak\u00e7ay\u2019da ba\u015flat\u0131lan ikinci etab\u0131 Mehmet\u00e7ik B\u00fcy\u00fckkonuk Belediyesi b\u00fcnyesinde Mehmet\u00e7ik\u2019e ba\u011fl\u0131 Pamuklu k\u00f6y\u00fcnde hayata ge\u00e7irilen festival alan\u0131ndaki \u201c\u0130pe\u011fin Kuzey K\u0131br\u0131s\u2019ta Yeniden Do\u011fu\u015fu\u201d projesinin stant\u0131n\u0131 gezdi.<\/p>\n<p>\u0130pe\u011fin Kuzey K\u0131br\u0131s\u2019ta Yeniden Do\u011fu\u015fu projesi kapsam\u0131nda yeti\u015ftirilen ipek b\u00f6ceklerinden elde edilecek koza, ipe\u011fe d\u00f6n\u00fc\u015ft\u00fcr\u00fcld\u00fckten sonra ipekten yap\u0131lacak \u00fcr\u00fcnler \u201cKozada\u201d markas\u0131 ad\u0131 alt\u0131nda sat\u0131\u015fa sunulacak.<\/p>\n<\/p><\/div>\n<p><script async\n                    defer\n                    crossorigin=\"anonymous\"\n                    src=\"https:\/\/connect.facebook.net\/tr_TR\/sdk.js#xfbml=1&#038;version=v3.3\"\n            ><\/script><\/p>\n","protected":false},"excerpt":{"rendered":"<p>Cumhurba\u015fkan\u0131 Ersin Tatar\u2019\u0131n e\u015fi Sibel Tatar, Mehmet\u00e7ik B\u00fcy\u00fckkonuk Belediyesi taraf\u0131ndan d\u00fczenlenen \u201c24. Geleneksel Eko G\u00fcn\u201d etkinli\u011fine kat\u0131ld\u0131. Festivalin a\u00e7\u0131l\u0131\u015f\u0131na kat\u0131lan Sibel Tatar, festival kapsam\u0131nda d\u00fczenlenen stantlar\u0131 gezdi ve vatanda\u015flarla sohbet etti. Sibel Tatar ayr\u0131ca Cumhurba\u015fkanl\u0131\u011f\u0131 himayelerinde ve Sibel Tatar \u00f6nc\u00fcl\u00fc\u011f\u00fcnde ilki Ak\u00e7ay\u2019da ba\u015flat\u0131lan ikinci etab\u0131 Mehmet\u00e7ik B\u00fcy\u00fckkonuk Belediyesi b\u00fcnyesinde Mehmet\u00e7ik\u2019e ba\u011fl\u0131 Pamuklu k\u00f6y\u00fcnde hayata ge\u00e7irilen [&hellip;]<\/p>\n","protected":false},"author":1,"featured_media":1410,"comment_status":"open","ping_status":"open","sticky":false,"template":"","format":"standard","meta":{"jnews-multi-image_gallery":[],"jnews_single_post":[],"jnews_primary_category":[],"jnews_social_meta":[],"jnews_override_counter":[],"footnotes":""},"categories":[1],"tags":[],"class_list":["post-1409","post","type-post","status-publish","format-standard","has-post-thumbnail","hentry","category-kibris"],"yoast_head":"<!-- This site is optimized with the Yoast SEO plugin v27.5 - https:\/\/yoast.com\/product\/yoast-seo-wordpress\/ -->\n<title>Sibel Tatar, 24.Geleneksel Eko G\u00fcn etkinli\u011fine kat\u0131ld\u0131 - Kuzeyin Sesi<\/title>\n<meta name=\"robots\" content=\"index, follow, max-snippet:-1, max-image-preview:large, max-video-preview:-1\" \/>\n<link rel=\"canonical\" href=\"https:\/\/kuzeyinsesi.org\/index.php\/2024\/05\/05\/sibel-tatar-24-geleneksel-eko-gun-etkinligine-katildi\/\" \/>\n<meta property=\"og:locale\" content=\"tr_TR\" \/>\n<meta property=\"og:type\" content=\"article\" \/>\n<meta property=\"og:title\" content=\"Sibel Tatar, 24.Geleneksel Eko G\u00fcn etkinli\u011fine kat\u0131ld\u0131 - Kuzeyin Sesi\" \/>\n<meta property=\"og:description\" content=\"Cumhurba\u015fkan\u0131 Ersin Tatar\u2019\u0131n e\u015fi Sibel Tatar, Mehmet\u00e7ik B\u00fcy\u00fckkonuk Belediyesi taraf\u0131ndan d\u00fczenlenen \u201c24. Geleneksel Eko G\u00fcn\u201d etkinli\u011fine kat\u0131ld\u0131. Festivalin a\u00e7\u0131l\u0131\u015f\u0131na kat\u0131lan Sibel Tatar, festival kapsam\u0131nda d\u00fczenlenen stantlar\u0131 gezdi ve vatanda\u015flarla sohbet etti. Sibel Tatar ayr\u0131ca Cumhurba\u015fkanl\u0131\u011f\u0131 himayelerinde ve Sibel Tatar \u00f6nc\u00fcl\u00fc\u011f\u00fcnde ilki Ak\u00e7ay\u2019da ba\u015flat\u0131lan ikinci etab\u0131 Mehmet\u00e7ik B\u00fcy\u00fckkonuk Belediyesi b\u00fcnyesinde Mehmet\u00e7ik\u2019e ba\u011fl\u0131 Pamuklu k\u00f6y\u00fcnde hayata ge\u00e7irilen [&hellip;]\" \/>\n<meta property=\"og:url\" content=\"https:\/\/kuzeyinsesi.org\/index.php\/2024\/05\/05\/sibel-tatar-24-geleneksel-eko-gun-etkinligine-katildi\/\" \/>\n<meta property=\"og:site_name\" content=\"Kuzeyin Sesi\" \/>\n<meta property=\"article:publisher\" content=\"https:\/\/www.facebook.com\/kuzeyinsesii\" \/>\n<meta property=\"article:published_time\" content=\"2024-05-05T18:56:10+00:00\" \/>\n<meta property=\"og:image\" content=\"https:\/\/kuzeyinsesi.org\/wp-content\/uploads\/2024\/05\/IMG-20240505-WA0013.jpg\" \/>\n\t<meta property=\"og:image:width\" content=\"1600\" \/>\n\t<meta property=\"og:image:height\" content=\"1066\" \/>\n\t<meta property=\"og:image:type\" content=\"image\/jpeg\" \/>\n<meta name=\"author\" content=\"Kuzeyin Sesi\" \/>\n<meta name=\"twitter:card\" content=\"summary_large_image\" \/>\n<meta name=\"twitter:creator\" content=\"@kuzeyinsesii\" \/>\n<meta name=\"twitter:site\" content=\"@kuzeyinsesii\" \/>\n<meta name=\"twitter:label1\" content=\"Yazan:\" \/>\n\t<meta name=\"twitter:data1\" content=\"Kuzeyin Sesi\" \/>\n\t<meta name=\"twitter:label2\" content=\"Tahmini okuma s\u00fcresi\" \/>\n\t<meta name=\"twitter:data2\" content=\"1 dakika\" \/>\n<script type=\"application\/ld+json\" class=\"yoast-schema-graph\">{\"@context\":\"https:\\\/\\\/schema.org\",\"@graph\":[{\"@type\":\"Article\",\"@id\":\"https:\\\/\\\/kuzeyinsesi.org\\\/index.php\\\/2024\\\/05\\\/05\\\/sibel-tatar-24-geleneksel-eko-gun-etkinligine-katildi\\\/#article\",\"isPartOf\":{\"@id\":\"https:\\\/\\\/kuzeyinsesi.org\\\/index.php\\\/2024\\\/05\\\/05\\\/sibel-tatar-24-geleneksel-eko-gun-etkinligine-katildi\\\/\"},\"author\":{\"name\":\"Kuzeyin Sesi\",\"@id\":\"https:\\\/\\\/kuzeyinsesi.org\\\/#\\\/schema\\\/person\\\/9f859689cdf01485597712386e37f5aa\"},\"headline\":\"Sibel Tatar, 24.Geleneksel Eko G\u00fcn etkinli\u011fine kat\u0131ld\u0131\",\"datePublished\":\"2024-05-05T18:56:10+00:00\",\"mainEntityOfPage\":{\"@id\":\"https:\\\/\\\/kuzeyinsesi.org\\\/index.php\\\/2024\\\/05\\\/05\\\/sibel-tatar-24-geleneksel-eko-gun-etkinligine-katildi\\\/\"},\"wordCount\":161,\"commentCount\":0,\"image\":{\"@id\":\"https:\\\/\\\/kuzeyinsesi.org\\\/index.php\\\/2024\\\/05\\\/05\\\/sibel-tatar-24-geleneksel-eko-gun-etkinligine-katildi\\\/#primaryimage\"},\"thumbnailUrl\":\"https:\\\/\\\/kuzeyinsesi.org\\\/wp-content\\\/uploads\\\/2024\\\/05\\\/IMG-20240505-WA0013.jpg\",\"articleSection\":[\"K\u0131br\u0131s\"],\"inLanguage\":\"tr\",\"potentialAction\":[{\"@type\":\"CommentAction\",\"name\":\"Comment\",\"target\":[\"https:\\\/\\\/kuzeyinsesi.org\\\/index.php\\\/2024\\\/05\\\/05\\\/sibel-tatar-24-geleneksel-eko-gun-etkinligine-katildi\\\/#respond\"]}]},{\"@type\":\"WebPage\",\"@id\":\"https:\\\/\\\/kuzeyinsesi.org\\\/index.php\\\/2024\\\/05\\\/05\\\/sibel-tatar-24-geleneksel-eko-gun-etkinligine-katildi\\\/\",\"url\":\"https:\\\/\\\/kuzeyinsesi.org\\\/index.php\\\/2024\\\/05\\\/05\\\/sibel-tatar-24-geleneksel-eko-gun-etkinligine-katildi\\\/\",\"name\":\"Sibel Tatar, 24.Geleneksel Eko G\u00fcn etkinli\u011fine kat\u0131ld\u0131 - Kuzeyin Sesi\",\"isPartOf\":{\"@id\":\"https:\\\/\\\/kuzeyinsesi.org\\\/#website\"},\"primaryImageOfPage\":{\"@id\":\"https:\\\/\\\/kuzeyinsesi.org\\\/index.php\\\/2024\\\/05\\\/05\\\/sibel-tatar-24-geleneksel-eko-gun-etkinligine-katildi\\\/#primaryimage\"},\"image\":{\"@id\":\"https:\\\/\\\/kuzeyinsesi.org\\\/index.php\\\/2024\\\/05\\\/05\\\/sibel-tatar-24-geleneksel-eko-gun-etkinligine-katildi\\\/#primaryimage\"},\"thumbnailUrl\":\"https:\\\/\\\/kuzeyinsesi.org\\\/wp-content\\\/uploads\\\/2024\\\/05\\\/IMG-20240505-WA0013.jpg\",\"datePublished\":\"2024-05-05T18:56:10+00:00\",\"author\":{\"@id\":\"https:\\\/\\\/kuzeyinsesi.org\\\/#\\\/schema\\\/person\\\/9f859689cdf01485597712386e37f5aa\"},\"breadcrumb\":{\"@id\":\"https:\\\/\\\/kuzeyinsesi.org\\\/index.php\\\/2024\\\/05\\\/05\\\/sibel-tatar-24-geleneksel-eko-gun-etkinligine-katildi\\\/#breadcrumb\"},\"inLanguage\":\"tr\",\"potentialAction\":[{\"@type\":\"ReadAction\",\"target\":[\"https:\\\/\\\/kuzeyinsesi.org\\\/index.php\\\/2024\\\/05\\\/05\\\/sibel-tatar-24-geleneksel-eko-gun-etkinligine-katildi\\\/\"]}]},{\"@type\":\"ImageObject\",\"inLanguage\":\"tr\",\"@id\":\"https:\\\/\\\/kuzeyinsesi.org\\\/index.php\\\/2024\\\/05\\\/05\\\/sibel-tatar-24-geleneksel-eko-gun-etkinligine-katildi\\\/#primaryimage\",\"url\":\"https:\\\/\\\/kuzeyinsesi.org\\\/wp-content\\\/uploads\\\/2024\\\/05\\\/IMG-20240505-WA0013.jpg\",\"contentUrl\":\"https:\\\/\\\/kuzeyinsesi.org\\\/wp-content\\\/uploads\\\/2024\\\/05\\\/IMG-20240505-WA0013.jpg\",\"width\":1600,\"height\":1066},{\"@type\":\"BreadcrumbList\",\"@id\":\"https:\\\/\\\/kuzeyinsesi.org\\\/index.php\\\/2024\\\/05\\\/05\\\/sibel-tatar-24-geleneksel-eko-gun-etkinligine-katildi\\\/#breadcrumb\",\"itemListElement\":[{\"@type\":\"ListItem\",\"position\":1,\"name\":\"Anasayfa\",\"item\":\"https:\\\/\\\/kuzeyinsesi.org\\\/\"},{\"@type\":\"ListItem\",\"position\":2,\"name\":\"Sibel Tatar, 24.Geleneksel Eko G\u00fcn etkinli\u011fine kat\u0131ld\u0131\"}]},{\"@type\":\"WebSite\",\"@id\":\"https:\\\/\\\/kuzeyinsesi.org\\\/#website\",\"url\":\"https:\\\/\\\/kuzeyinsesi.org\\\/\",\"name\":\"Kuzeyin Sesi\",\"description\":\"Do\u011fru Haberin Adresi\",\"potentialAction\":[{\"@type\":\"SearchAction\",\"target\":{\"@type\":\"EntryPoint\",\"urlTemplate\":\"https:\\\/\\\/kuzeyinsesi.org\\\/?s={search_term_string}\"},\"query-input\":{\"@type\":\"PropertyValueSpecification\",\"valueRequired\":true,\"valueName\":\"search_term_string\"}}],\"inLanguage\":\"tr\"},{\"@type\":\"Person\",\"@id\":\"https:\\\/\\\/kuzeyinsesi.org\\\/#\\\/schema\\\/person\\\/9f859689cdf01485597712386e37f5aa\",\"name\":\"Kuzeyin Sesi\",\"image\":{\"@type\":\"ImageObject\",\"inLanguage\":\"tr\",\"@id\":\"https:\\\/\\\/secure.gravatar.com\\\/avatar\\\/bab33852abfd8b282518d6ed81826833d77c3c882d9ab608add591ccace47a44?s=96&d=mm&r=g\",\"url\":\"https:\\\/\\\/secure.gravatar.com\\\/avatar\\\/bab33852abfd8b282518d6ed81826833d77c3c882d9ab608add591ccace47a44?s=96&d=mm&r=g\",\"contentUrl\":\"https:\\\/\\\/secure.gravatar.com\\\/avatar\\\/bab33852abfd8b282518d6ed81826833d77c3c882d9ab608add591ccace47a44?s=96&d=mm&r=g\",\"caption\":\"Kuzeyin Sesi\"},\"sameAs\":[\"https:\\\/\\\/kuzeyinsesi.org\"],\"url\":\"https:\\\/\\\/kuzeyinsesi.org\\\/index.php\\\/author\\\/guven\\\/\"}]}<\/script>\n<!-- \/ Yoast SEO plugin. -->","yoast_head_json":{"title":"Sibel Tatar, 24.Geleneksel Eko G\u00fcn etkinli\u011fine kat\u0131ld\u0131 - Kuzeyin Sesi","robots":{"index":"index","follow":"follow","max-snippet":"max-snippet:-1","max-image-preview":"max-image-preview:large","max-video-preview":"max-video-preview:-1"},"canonical":"https:\/\/kuzeyinsesi.org\/index.php\/2024\/05\/05\/sibel-tatar-24-geleneksel-eko-gun-etkinligine-katildi\/","og_locale":"tr_TR","og_type":"article","og_title":"Sibel Tatar, 24.Geleneksel Eko G\u00fcn etkinli\u011fine kat\u0131ld\u0131 - Kuzeyin Sesi","og_description":"Cumhurba\u015fkan\u0131 Ersin Tatar\u2019\u0131n e\u015fi Sibel Tatar, Mehmet\u00e7ik B\u00fcy\u00fckkonuk Belediyesi taraf\u0131ndan d\u00fczenlenen \u201c24. Geleneksel Eko G\u00fcn\u201d etkinli\u011fine kat\u0131ld\u0131. Festivalin a\u00e7\u0131l\u0131\u015f\u0131na kat\u0131lan Sibel Tatar, festival kapsam\u0131nda d\u00fczenlenen stantlar\u0131 gezdi ve vatanda\u015flarla sohbet etti. Sibel Tatar ayr\u0131ca Cumhurba\u015fkanl\u0131\u011f\u0131 himayelerinde ve Sibel Tatar \u00f6nc\u00fcl\u00fc\u011f\u00fcnde ilki Ak\u00e7ay\u2019da ba\u015flat\u0131lan ikinci etab\u0131 Mehmet\u00e7ik B\u00fcy\u00fckkonuk Belediyesi b\u00fcnyesinde Mehmet\u00e7ik\u2019e ba\u011fl\u0131 Pamuklu k\u00f6y\u00fcnde hayata ge\u00e7irilen [&hellip;]","og_url":"https:\/\/kuzeyinsesi.org\/index.php\/2024\/05\/05\/sibel-tatar-24-geleneksel-eko-gun-etkinligine-katildi\/","og_site_name":"Kuzeyin Sesi","article_publisher":"https:\/\/www.facebook.com\/kuzeyinsesii","article_published_time":"2024-05-05T18:56:10+00:00","og_image":[{"width":1600,"height":1066,"url":"https:\/\/kuzeyinsesi.org\/wp-content\/uploads\/2024\/05\/IMG-20240505-WA0013.jpg","type":"image\/jpeg"}],"author":"Kuzeyin Sesi","twitter_card":"summary_large_image","twitter_creator":"@kuzeyinsesii","twitter_site":"@kuzeyinsesii","twitter_misc":{"Yazan:":"Kuzeyin Sesi","Tahmini okuma s\u00fcresi":"1 dakika"},"schema":{"@context":"https:\/\/schema.org","@graph":[{"@type":"Article","@id":"https:\/\/kuzeyinsesi.org\/index.php\/2024\/05\/05\/sibel-tatar-24-geleneksel-eko-gun-etkinligine-katildi\/#article","isPartOf":{"@id":"https:\/\/kuzeyinsesi.org\/index.php\/2024\/05\/05\/sibel-tatar-24-geleneksel-eko-gun-etkinligine-katildi\/"},"author":{"name":"Kuzeyin Sesi","@id":"https:\/\/kuzeyinsesi.org\/#\/schema\/person\/9f859689cdf01485597712386e37f5aa"},"headline":"Sibel Tatar, 24.Geleneksel Eko G\u00fcn etkinli\u011fine kat\u0131ld\u0131","datePublished":"2024-05-05T18:56:10+00:00","mainEntityOfPage":{"@id":"https:\/\/kuzeyinsesi.org\/index.php\/2024\/05\/05\/sibel-tatar-24-geleneksel-eko-gun-etkinligine-katildi\/"},"wordCount":161,"commentCount":0,"image":{"@id":"https:\/\/kuzeyinsesi.org\/index.php\/2024\/05\/05\/sibel-tatar-24-geleneksel-eko-gun-etkinligine-katildi\/#primaryimage"},"thumbnailUrl":"https:\/\/kuzeyinsesi.org\/wp-content\/uploads\/2024\/05\/IMG-20240505-WA0013.jpg","articleSection":["K\u0131br\u0131s"],"inLanguage":"tr","potentialAction":[{"@type":"CommentAction","name":"Comment","target":["https:\/\/kuzeyinsesi.org\/index.php\/2024\/05\/05\/sibel-tatar-24-geleneksel-eko-gun-etkinligine-katildi\/#respond"]}]},{"@type":"WebPage","@id":"https:\/\/kuzeyinsesi.org\/index.php\/2024\/05\/05\/sibel-tatar-24-geleneksel-eko-gun-etkinligine-katildi\/","url":"https:\/\/kuzeyinsesi.org\/index.php\/2024\/05\/05\/sibel-tatar-24-geleneksel-eko-gun-etkinligine-katildi\/","name":"Sibel Tatar, 24.Geleneksel Eko G\u00fcn etkinli\u011fine kat\u0131ld\u0131 - Kuzeyin Sesi","isPartOf":{"@id":"https:\/\/kuzeyinsesi.org\/#website"},"primaryImageOfPage":{"@id":"https:\/\/kuzeyinsesi.org\/index.php\/2024\/05\/05\/sibel-tatar-24-geleneksel-eko-gun-etkinligine-katildi\/#primaryimage"},"image":{"@id":"https:\/\/kuzeyinsesi.org\/index.php\/2024\/05\/05\/sibel-tatar-24-geleneksel-eko-gun-etkinligine-katildi\/#primaryimage"},"thumbnailUrl":"https:\/\/kuzeyinsesi.org\/wp-content\/uploads\/2024\/05\/IMG-20240505-WA0013.jpg","datePublished":"2024-05-05T18:56:10+00:00","author":{"@id":"https:\/\/kuzeyinsesi.org\/#\/schema\/person\/9f859689cdf01485597712386e37f5aa"},"breadcrumb":{"@id":"https:\/\/kuzeyinsesi.org\/index.php\/2024\/05\/05\/sibel-tatar-24-geleneksel-eko-gun-etkinligine-katildi\/#breadcrumb"},"inLanguage":"tr","potentialAction":[{"@type":"ReadAction","target":["https:\/\/kuzeyinsesi.org\/index.php\/2024\/05\/05\/sibel-tatar-24-geleneksel-eko-gun-etkinligine-katildi\/"]}]},{"@type":"ImageObject","inLanguage":"tr","@id":"https:\/\/kuzeyinsesi.org\/index.php\/2024\/05\/05\/sibel-tatar-24-geleneksel-eko-gun-etkinligine-katildi\/#primaryimage","url":"https:\/\/kuzeyinsesi.org\/wp-content\/uploads\/2024\/05\/IMG-20240505-WA0013.jpg","contentUrl":"https:\/\/kuzeyinsesi.org\/wp-content\/uploads\/2024\/05\/IMG-20240505-WA0013.jpg","width":1600,"height":1066},{"@type":"BreadcrumbList","@id":"https:\/\/kuzeyinsesi.org\/index.php\/2024\/05\/05\/sibel-tatar-24-geleneksel-eko-gun-etkinligine-katildi\/#breadcrumb","itemListElement":[{"@type":"ListItem","position":1,"name":"Anasayfa","item":"https:\/\/kuzeyinsesi.org\/"},{"@type":"ListItem","position":2,"name":"Sibel Tatar, 24.Geleneksel Eko G\u00fcn etkinli\u011fine kat\u0131ld\u0131"}]},{"@type":"WebSite","@id":"https:\/\/kuzeyinsesi.org\/#website","url":"https:\/\/kuzeyinsesi.org\/","name":"Kuzeyin Sesi","description":"Do\u011fru Haberin Adresi","potentialAction":[{"@type":"SearchAction","target":{"@type":"EntryPoint","urlTemplate":"https:\/\/kuzeyinsesi.org\/?s={search_term_string}"},"query-input":{"@type":"PropertyValueSpecification","valueRequired":true,"valueName":"search_term_string"}}],"inLanguage":"tr"},{"@type":"Person","@id":"https:\/\/kuzeyinsesi.org\/#\/schema\/person\/9f859689cdf01485597712386e37f5aa","name":"Kuzeyin Sesi","image":{"@type":"ImageObject","inLanguage":"tr","@id":"https:\/\/secure.gravatar.com\/avatar\/bab33852abfd8b282518d6ed81826833d77c3c882d9ab608add591ccace47a44?s=96&d=mm&r=g","url":"https:\/\/secure.gravatar.com\/avatar\/bab33852abfd8b282518d6ed81826833d77c3c882d9ab608add591ccace47a44?s=96&d=mm&r=g","contentUrl":"https:\/\/secure.gravatar.com\/avatar\/bab33852abfd8b282518d6ed81826833d77c3c882d9ab608add591ccace47a44?s=96&d=mm&r=g","caption":"Kuzeyin Sesi"},"sameAs":["https:\/\/kuzeyinsesi.org"],"url":"https:\/\/kuzeyinsesi.org\/index.php\/author\/guven\/"}]}},"_links":{"self":[{"href":"https:\/\/kuzeyinsesi.org\/index.php\/wp-json\/wp\/v2\/posts\/1409","targetHints":{"allow":["GET"]}}],"collection":[{"href":"https:\/\/kuzeyinsesi.org\/index.php\/wp-json\/wp\/v2\/posts"}],"about":[{"href":"https:\/\/kuzeyinsesi.org\/index.php\/wp-json\/wp\/v2\/types\/post"}],"author":[{"embeddable":true,"href":"https:\/\/kuzeyinsesi.org\/index.php\/wp-json\/wp\/v2\/users\/1"}],"replies":[{"embeddable":true,"href":"https:\/\/kuzeyinsesi.org\/index.php\/wp-json\/wp\/v2\/comments?post=1409"}],"version-history":[{"count":0,"href":"https:\/\/kuzeyinsesi.org\/index.php\/wp-json\/wp\/v2\/posts\/1409\/revisions"}],"wp:featuredmedia":[{"embeddable":true,"href":"https:\/\/kuzeyinsesi.org\/index.php\/wp-json\/wp\/v2\/media\/1410"}],"wp:attachment":[{"href":"https:\/\/kuzeyinsesi.org\/index.php\/wp-json\/wp\/v2\/media?parent=1409"}],"wp:term":[{"taxonomy":"category","embeddable":true,"href":"https:\/\/kuzeyinsesi.org\/index.php\/wp-json\/wp\/v2\/categories?post=1409"},{"taxonomy":"post_tag","embeddable":true,"href":"https:\/\/kuzeyinsesi.org\/index.php\/wp-json\/wp\/v2\/tags?post=1409"}],"curies":[{"name":"wp","href":"https:\/\/api.w.org\/{rel}","templated":true}]}}