{"id":14088,"date":"2024-11-22T18:14:34","date_gmt":"2024-11-22T16:14:34","guid":{"rendered":"https:\/\/kuzeyinsesi.org\/index.php\/2024\/11\/22\/maliye-bakani-berova-tumgis-yonetim-kurulu-baskani-kadooglu-ile-gorustu\/"},"modified":"2024-11-22T18:14:34","modified_gmt":"2024-11-22T16:14:34","slug":"maliye-bakani-berova-tumgis-yonetim-kurulu-baskani-kadooglu-ile-gorustu","status":"publish","type":"post","link":"https:\/\/kuzeyinsesi.org\/index.php\/2024\/11\/22\/maliye-bakani-berova-tumgis-yonetim-kurulu-baskani-kadooglu-ile-gorustu\/","title":{"rendered":"Maliye Bakan\u0131 Berova, T\u00dcMG\u0130\u015e Y\u00f6netim Kurulu Ba\u015fkan\u0131 Kadoo\u011flu ile g\u00f6r\u00fc\u015ft\u00fc"},"content":{"rendered":"<div>\n<div class=\"mariselle-image-container center\">\n                                            <\/div>\n<p>Maliye Bakan\u0131 \u00d6zdemir Berova, T\u00fcrkiye\u2019den gelen T\u00fcm Global \u0130\u015f D\u00fcnyas\u0131 Derne\u011fi (T\u00dcMG\u0130\u015e) Y\u00f6netim Kurulu Ba\u015fkan\u0131 \u015eanser Kadoo\u011flu ve beraberindeki heyeti kabul etti.<\/p>\n<p>Bakanl\u0131ktan yap\u0131lan yaz\u0131l\u0131 a\u00e7\u0131klamaya g\u00f6re, T\u00fcm Global \u0130\u015f D\u00fcnyas\u0131 Derne\u011fi (T\u00dcMG\u0130\u015e) Y\u00f6netim Kurulu Ba\u015fkan\u0131 \u015eanser Kadoo\u011flu ziyaretteki konu\u015fmas\u0131nda, derne\u011fin global i\u015f d\u00fcnyas\u0131yla b\u00fct\u00fcnle\u015fmek ve do\u011fru projeleri do\u011fru yat\u0131r\u0131mc\u0131larla bulu\u015fturmak amac\u0131yla kuruldu\u011funu, kendi alan\u0131nda bir\u00e7ok meslek dal\u0131nda \u00fcyeleri ile geni\u015f yelpazeye sahip olduklar\u0131n\u0131 belirtti.<\/p>\n<p>KKTC\u2019de d\u00e2hil, d\u00fcnyan\u0131n her yerinde T\u00fcrk i\u015f d\u00fcnyas\u0131yla hareket etmek i\u00e7in g\u00fc\u00e7l\u00fc bir birlik olu\u015fturma hedefinde olduklar\u0131n\u0131n alt\u0131n\u0131 \u00e7izen T\u00dcMG\u0130\u015e Y\u00f6netim Kurulu Ba\u015fkan\u0131 Kadoo\u011flu, \u00e7al\u0131\u015fmalar\u0131 hakk\u0131nda Maliye Bakan\u0131 Berova\u2019ya geni\u015f bir bilgi sundu.<\/p>\n<p>Maliye Bakan\u0131 \u00d6zdemir Berova da konu\u015fmas\u0131nda, T\u00fcrkiye Cumhuriyeti\u2019nden gelen sivil toplum kurulu\u015flar\u0131 ile bir arada olman\u0131n \u00f6nemine dikkat \u00e7ekti.<\/p>\n<p>Geli\u015fen d\u00fcnyada, K\u0131br\u0131s adas\u0131n\u0131n jeopolitik \u00f6neminin her ge\u00e7en g\u00fcn daha da artt\u0131\u011f\u0131n\u0131 kaydeden Berova, \u201cDo\u011fu Akdeniz\u2019de KKTC\u2019nin ve K\u0131br\u0131s T\u00fcrk Halk\u0131\u2019n\u0131n varl\u0131\u011f\u0131, t\u00fcm T\u00fcrk Milleti i\u00e7inde \u00e7ok de\u011ferli ve k\u0131ymetli, ayn\u0131 derecede deniz yollar\u0131n\u0131n g\u00fcvenli\u011fi i\u00e7inde kilit bir co\u011frafya hasebiyle \u00e7ok \u00f6nemli\u201d dedi.<\/p>\n<p>K\u0131br\u0131s Rum kesiminin ambargolar\u0131 nedeniyle KKTC ekonomisinin daha \u00e7ok kapal\u0131 bir ekonomi oldu\u011funu belirten Berova, bundan tek \u00e7\u0131k\u0131\u015f noktas\u0131n\u0131n Anavatan T\u00fcrkiye Cumhuriyeti oldu\u011funu belirterek \u015funlar\u0131 s\u00f6yledi:<\/p>\n<p>\u201cKKTC\u2019de \u00e7e\u015fitli alanlarda yat\u0131r\u0131m alanlar\u0131 mevcut. Bu olanaklar\u0131n geli\u015ftirilmesi, Ada\u2019ya yat\u0131r\u0131m yap\u0131lmas\u0131 ve yine Ada\u2019ya katma de\u011fer katarak \u00fcretimin art\u0131r\u0131lmas\u0131 h\u00fck\u00fcmetimizin de arzulad\u0131\u011f\u0131 ve destekledi\u011fi ana konulardan bir tanesi. Bunun i\u00e7in gerek Maliye, gerekse Ekonomi Bakanl\u0131klar\u0131m\u0131z, T\u00fcrkiye Ticaret Bakan\u0131 Sn. \u00d6mer Bolat ile s\u0131k\u0131 ve yak\u0131n bir i\u015fbirli\u011fi ve yak\u0131n bir \u00e7al\u0131\u015fma anlay\u0131\u015f\u0131 i\u00e7erisindeyiz.<\/p>\n<p>Burada temel hedefimiz KKTC\u2019deki i\u015f insanlar\u0131m\u0131z ile Anavatan T\u00fcrkiye Cumhuriyeti\u2019ndeki i\u015f insanlar\u0131n\u0131n yak\u0131n temas kurmas\u0131, i\u015f birli\u011fi yapmas\u0131 ve geli\u015ftirmesi.\u201d dedi.<\/p>\n<p>Maliye Bakan\u0131 \u00d6zdemir Berova konu\u015fmas\u0131n\u0131n devam\u0131nda, T\u00fcrkiye\u2019den gelen, T\u00dcMG\u0130\u015e heyetinin KKTC\u2019de, K\u0131br\u0131s T\u00fcrk Ticaret Odas\u0131, K\u0131br\u0131s T\u00fcrk Sanayi Odas\u0131 ve di\u011fer sivil toplum \u00f6rg\u00fct\u00fc temsilcilerini de ziyaret etmeleri tavsiyesinde bulundu ve her iki \u00fclkenin i\u015f d\u00fcnyas\u0131n\u0131n ortak \u00e7al\u0131\u015fmalar\u0131n\u0131 \u00f6nemsediklerini ve desteklediklerini s\u00f6yledi.<\/p>\n<\/p><\/div>\n<p><script async\n                    defer\n                    crossorigin=\"anonymous\"\n                    src=\"https:\/\/connect.facebook.net\/tr_TR\/sdk.js#xfbml=1&#038;version=v3.3\"\n            ><\/script><\/p>\n","protected":false},"excerpt":{"rendered":"<p>Maliye Bakan\u0131 \u00d6zdemir Berova, T\u00fcrkiye\u2019den gelen T\u00fcm Global \u0130\u015f D\u00fcnyas\u0131 Derne\u011fi (T\u00dcMG\u0130\u015e) Y\u00f6netim Kurulu Ba\u015fkan\u0131 \u015eanser Kadoo\u011flu ve beraberindeki heyeti kabul etti. Bakanl\u0131ktan yap\u0131lan yaz\u0131l\u0131 a\u00e7\u0131klamaya g\u00f6re, T\u00fcm Global \u0130\u015f D\u00fcnyas\u0131 Derne\u011fi (T\u00dcMG\u0130\u015e) Y\u00f6netim Kurulu Ba\u015fkan\u0131 \u015eanser Kadoo\u011flu ziyaretteki konu\u015fmas\u0131nda, derne\u011fin global i\u015f d\u00fcnyas\u0131yla b\u00fct\u00fcnle\u015fmek ve do\u011fru projeleri do\u011fru yat\u0131r\u0131mc\u0131larla bulu\u015fturmak amac\u0131yla kuruldu\u011funu, kendi alan\u0131nda [&hellip;]<\/p>\n","protected":false},"author":1,"featured_media":14089,"comment_status":"open","ping_status":"open","sticky":false,"template":"","format":"standard","meta":{"jnews-multi-image_gallery":[],"jnews_single_post":[],"jnews_primary_category":[],"jnews_social_meta":[],"jnews_override_counter":[],"footnotes":""},"categories":[5],"tags":[],"class_list":["post-14088","post","type-post","status-publish","format-standard","has-post-thumbnail","hentry","category-turkiye"],"yoast_head":"<!-- This site is optimized with the Yoast SEO plugin v27.4 - https:\/\/yoast.com\/product\/yoast-seo-wordpress\/ -->\n<title>Maliye Bakan\u0131 Berova, T\u00dcMG\u0130\u015e Y\u00f6netim Kurulu Ba\u015fkan\u0131 Kadoo\u011flu ile g\u00f6r\u00fc\u015ft\u00fc - Kuzeyin Sesi<\/title>\n<meta name=\"robots\" content=\"index, follow, max-snippet:-1, max-image-preview:large, max-video-preview:-1\" \/>\n<link rel=\"canonical\" href=\"https:\/\/kuzeyinsesi.org\/index.php\/2024\/11\/22\/maliye-bakani-berova-tumgis-yonetim-kurulu-baskani-kadooglu-ile-gorustu\/\" \/>\n<meta property=\"og:locale\" content=\"tr_TR\" \/>\n<meta property=\"og:type\" content=\"article\" \/>\n<meta property=\"og:title\" content=\"Maliye Bakan\u0131 Berova, T\u00dcMG\u0130\u015e Y\u00f6netim Kurulu Ba\u015fkan\u0131 Kadoo\u011flu ile g\u00f6r\u00fc\u015ft\u00fc - Kuzeyin Sesi\" \/>\n<meta property=\"og:description\" content=\"Maliye Bakan\u0131 \u00d6zdemir Berova, T\u00fcrkiye\u2019den gelen T\u00fcm Global \u0130\u015f D\u00fcnyas\u0131 Derne\u011fi (T\u00dcMG\u0130\u015e) Y\u00f6netim Kurulu Ba\u015fkan\u0131 \u015eanser Kadoo\u011flu ve beraberindeki heyeti kabul etti. Bakanl\u0131ktan yap\u0131lan yaz\u0131l\u0131 a\u00e7\u0131klamaya g\u00f6re, T\u00fcm Global \u0130\u015f D\u00fcnyas\u0131 Derne\u011fi (T\u00dcMG\u0130\u015e) Y\u00f6netim Kurulu Ba\u015fkan\u0131 \u015eanser Kadoo\u011flu ziyaretteki konu\u015fmas\u0131nda, derne\u011fin global i\u015f d\u00fcnyas\u0131yla b\u00fct\u00fcnle\u015fmek ve do\u011fru projeleri do\u011fru yat\u0131r\u0131mc\u0131larla bulu\u015fturmak amac\u0131yla kuruldu\u011funu, kendi alan\u0131nda [&hellip;]\" \/>\n<meta property=\"og:url\" content=\"https:\/\/kuzeyinsesi.org\/index.php\/2024\/11\/22\/maliye-bakani-berova-tumgis-yonetim-kurulu-baskani-kadooglu-ile-gorustu\/\" \/>\n<meta property=\"og:site_name\" content=\"Kuzeyin Sesi\" \/>\n<meta property=\"article:publisher\" content=\"https:\/\/www.facebook.com\/kuzeyinsesii\" \/>\n<meta property=\"article:published_time\" content=\"2024-11-22T16:14:34+00:00\" \/>\n<meta property=\"og:image\" content=\"https:\/\/brtk.net\/wp-content\/uploads\/2024\/11\/22\/jdlajdsljasda.jpg?ver=de2ffd6beae9f7e33898384b36191a05\" \/>\n<meta name=\"author\" content=\"Kuzeyin Sesi\" \/>\n<meta name=\"twitter:card\" content=\"summary_large_image\" \/>\n<meta name=\"twitter:creator\" content=\"@kuzeyinsesii\" \/>\n<meta name=\"twitter:site\" content=\"@kuzeyinsesii\" \/>\n<meta name=\"twitter:label1\" content=\"Yazan:\" \/>\n\t<meta name=\"twitter:data1\" content=\"Kuzeyin Sesi\" \/>\n\t<meta name=\"twitter:label2\" content=\"Tahmini okuma s\u00fcresi\" \/>\n\t<meta name=\"twitter:data2\" content=\"2 dakika\" \/>\n<script type=\"application\/ld+json\" class=\"yoast-schema-graph\">{\"@context\":\"https:\\\/\\\/schema.org\",\"@graph\":[{\"@type\":\"Article\",\"@id\":\"https:\\\/\\\/kuzeyinsesi.org\\\/index.php\\\/2024\\\/11\\\/22\\\/maliye-bakani-berova-tumgis-yonetim-kurulu-baskani-kadooglu-ile-gorustu\\\/#article\",\"isPartOf\":{\"@id\":\"https:\\\/\\\/kuzeyinsesi.org\\\/index.php\\\/2024\\\/11\\\/22\\\/maliye-bakani-berova-tumgis-yonetim-kurulu-baskani-kadooglu-ile-gorustu\\\/\"},\"author\":{\"name\":\"Kuzeyin Sesi\",\"@id\":\"https:\\\/\\\/kuzeyinsesi.org\\\/#\\\/schema\\\/person\\\/9f859689cdf01485597712386e37f5aa\"},\"headline\":\"Maliye Bakan\u0131 Berova, T\u00dcMG\u0130\u015e Y\u00f6netim Kurulu Ba\u015fkan\u0131 Kadoo\u011flu ile g\u00f6r\u00fc\u015ft\u00fc\",\"datePublished\":\"2024-11-22T16:14:34+00:00\",\"mainEntityOfPage\":{\"@id\":\"https:\\\/\\\/kuzeyinsesi.org\\\/index.php\\\/2024\\\/11\\\/22\\\/maliye-bakani-berova-tumgis-yonetim-kurulu-baskani-kadooglu-ile-gorustu\\\/\"},\"wordCount\":481,\"commentCount\":0,\"image\":{\"@id\":\"https:\\\/\\\/kuzeyinsesi.org\\\/index.php\\\/2024\\\/11\\\/22\\\/maliye-bakani-berova-tumgis-yonetim-kurulu-baskani-kadooglu-ile-gorustu\\\/#primaryimage\"},\"thumbnailUrl\":\"https:\\\/\\\/kuzeyinsesi.org\\\/wp-content\\\/uploads\\\/2024\\\/11\\\/jdlajdsljasda.jpg\",\"articleSection\":[\"T\u00fcrkiye\"],\"inLanguage\":\"tr\",\"potentialAction\":[{\"@type\":\"CommentAction\",\"name\":\"Comment\",\"target\":[\"https:\\\/\\\/kuzeyinsesi.org\\\/index.php\\\/2024\\\/11\\\/22\\\/maliye-bakani-berova-tumgis-yonetim-kurulu-baskani-kadooglu-ile-gorustu\\\/#respond\"]}]},{\"@type\":\"WebPage\",\"@id\":\"https:\\\/\\\/kuzeyinsesi.org\\\/index.php\\\/2024\\\/11\\\/22\\\/maliye-bakani-berova-tumgis-yonetim-kurulu-baskani-kadooglu-ile-gorustu\\\/\",\"url\":\"https:\\\/\\\/kuzeyinsesi.org\\\/index.php\\\/2024\\\/11\\\/22\\\/maliye-bakani-berova-tumgis-yonetim-kurulu-baskani-kadooglu-ile-gorustu\\\/\",\"name\":\"Maliye Bakan\u0131 Berova, T\u00dcMG\u0130\u015e Y\u00f6netim Kurulu Ba\u015fkan\u0131 Kadoo\u011flu ile g\u00f6r\u00fc\u015ft\u00fc - Kuzeyin Sesi\",\"isPartOf\":{\"@id\":\"https:\\\/\\\/kuzeyinsesi.org\\\/#website\"},\"primaryImageOfPage\":{\"@id\":\"https:\\\/\\\/kuzeyinsesi.org\\\/index.php\\\/2024\\\/11\\\/22\\\/maliye-bakani-berova-tumgis-yonetim-kurulu-baskani-kadooglu-ile-gorustu\\\/#primaryimage\"},\"image\":{\"@id\":\"https:\\\/\\\/kuzeyinsesi.org\\\/index.php\\\/2024\\\/11\\\/22\\\/maliye-bakani-berova-tumgis-yonetim-kurulu-baskani-kadooglu-ile-gorustu\\\/#primaryimage\"},\"thumbnailUrl\":\"https:\\\/\\\/kuzeyinsesi.org\\\/wp-content\\\/uploads\\\/2024\\\/11\\\/jdlajdsljasda.jpg\",\"datePublished\":\"2024-11-22T16:14:34+00:00\",\"author\":{\"@id\":\"https:\\\/\\\/kuzeyinsesi.org\\\/#\\\/schema\\\/person\\\/9f859689cdf01485597712386e37f5aa\"},\"breadcrumb\":{\"@id\":\"https:\\\/\\\/kuzeyinsesi.org\\\/index.php\\\/2024\\\/11\\\/22\\\/maliye-bakani-berova-tumgis-yonetim-kurulu-baskani-kadooglu-ile-gorustu\\\/#breadcrumb\"},\"inLanguage\":\"tr\",\"potentialAction\":[{\"@type\":\"ReadAction\",\"target\":[\"https:\\\/\\\/kuzeyinsesi.org\\\/index.php\\\/2024\\\/11\\\/22\\\/maliye-bakani-berova-tumgis-yonetim-kurulu-baskani-kadooglu-ile-gorustu\\\/\"]}]},{\"@type\":\"ImageObject\",\"inLanguage\":\"tr\",\"@id\":\"https:\\\/\\\/kuzeyinsesi.org\\\/index.php\\\/2024\\\/11\\\/22\\\/maliye-bakani-berova-tumgis-yonetim-kurulu-baskani-kadooglu-ile-gorustu\\\/#primaryimage\",\"url\":\"https:\\\/\\\/kuzeyinsesi.org\\\/wp-content\\\/uploads\\\/2024\\\/11\\\/jdlajdsljasda.jpg\",\"contentUrl\":\"https:\\\/\\\/kuzeyinsesi.org\\\/wp-content\\\/uploads\\\/2024\\\/11\\\/jdlajdsljasda.jpg\",\"width\":1514,\"height\":797},{\"@type\":\"BreadcrumbList\",\"@id\":\"https:\\\/\\\/kuzeyinsesi.org\\\/index.php\\\/2024\\\/11\\\/22\\\/maliye-bakani-berova-tumgis-yonetim-kurulu-baskani-kadooglu-ile-gorustu\\\/#breadcrumb\",\"itemListElement\":[{\"@type\":\"ListItem\",\"position\":1,\"name\":\"Anasayfa\",\"item\":\"https:\\\/\\\/kuzeyinsesi.org\\\/\"},{\"@type\":\"ListItem\",\"position\":2,\"name\":\"Maliye Bakan\u0131 Berova, T\u00dcMG\u0130\u015e Y\u00f6netim Kurulu Ba\u015fkan\u0131 Kadoo\u011flu ile g\u00f6r\u00fc\u015ft\u00fc\"}]},{\"@type\":\"WebSite\",\"@id\":\"https:\\\/\\\/kuzeyinsesi.org\\\/#website\",\"url\":\"https:\\\/\\\/kuzeyinsesi.org\\\/\",\"name\":\"Kuzeyin Sesi\",\"description\":\"Do\u011fru Haberin Adresi\",\"potentialAction\":[{\"@type\":\"SearchAction\",\"target\":{\"@type\":\"EntryPoint\",\"urlTemplate\":\"https:\\\/\\\/kuzeyinsesi.org\\\/?s={search_term_string}\"},\"query-input\":{\"@type\":\"PropertyValueSpecification\",\"valueRequired\":true,\"valueName\":\"search_term_string\"}}],\"inLanguage\":\"tr\"},{\"@type\":\"Person\",\"@id\":\"https:\\\/\\\/kuzeyinsesi.org\\\/#\\\/schema\\\/person\\\/9f859689cdf01485597712386e37f5aa\",\"name\":\"Kuzeyin Sesi\",\"image\":{\"@type\":\"ImageObject\",\"inLanguage\":\"tr\",\"@id\":\"https:\\\/\\\/secure.gravatar.com\\\/avatar\\\/bab33852abfd8b282518d6ed81826833d77c3c882d9ab608add591ccace47a44?s=96&d=mm&r=g\",\"url\":\"https:\\\/\\\/secure.gravatar.com\\\/avatar\\\/bab33852abfd8b282518d6ed81826833d77c3c882d9ab608add591ccace47a44?s=96&d=mm&r=g\",\"contentUrl\":\"https:\\\/\\\/secure.gravatar.com\\\/avatar\\\/bab33852abfd8b282518d6ed81826833d77c3c882d9ab608add591ccace47a44?s=96&d=mm&r=g\",\"caption\":\"Kuzeyin Sesi\"},\"sameAs\":[\"https:\\\/\\\/kuzeyinsesi.org\"],\"url\":\"https:\\\/\\\/kuzeyinsesi.org\\\/index.php\\\/author\\\/guven\\\/\"}]}<\/script>\n<!-- \/ Yoast SEO plugin. -->","yoast_head_json":{"title":"Maliye Bakan\u0131 Berova, T\u00dcMG\u0130\u015e Y\u00f6netim Kurulu Ba\u015fkan\u0131 Kadoo\u011flu ile g\u00f6r\u00fc\u015ft\u00fc - Kuzeyin Sesi","robots":{"index":"index","follow":"follow","max-snippet":"max-snippet:-1","max-image-preview":"max-image-preview:large","max-video-preview":"max-video-preview:-1"},"canonical":"https:\/\/kuzeyinsesi.org\/index.php\/2024\/11\/22\/maliye-bakani-berova-tumgis-yonetim-kurulu-baskani-kadooglu-ile-gorustu\/","og_locale":"tr_TR","og_type":"article","og_title":"Maliye Bakan\u0131 Berova, T\u00dcMG\u0130\u015e Y\u00f6netim Kurulu Ba\u015fkan\u0131 Kadoo\u011flu ile g\u00f6r\u00fc\u015ft\u00fc - Kuzeyin Sesi","og_description":"Maliye Bakan\u0131 \u00d6zdemir Berova, T\u00fcrkiye\u2019den gelen T\u00fcm Global \u0130\u015f D\u00fcnyas\u0131 Derne\u011fi (T\u00dcMG\u0130\u015e) Y\u00f6netim Kurulu Ba\u015fkan\u0131 \u015eanser Kadoo\u011flu ve beraberindeki heyeti kabul etti. Bakanl\u0131ktan yap\u0131lan yaz\u0131l\u0131 a\u00e7\u0131klamaya g\u00f6re, T\u00fcm Global \u0130\u015f D\u00fcnyas\u0131 Derne\u011fi (T\u00dcMG\u0130\u015e) Y\u00f6netim Kurulu Ba\u015fkan\u0131 \u015eanser Kadoo\u011flu ziyaretteki konu\u015fmas\u0131nda, derne\u011fin global i\u015f d\u00fcnyas\u0131yla b\u00fct\u00fcnle\u015fmek ve do\u011fru projeleri do\u011fru yat\u0131r\u0131mc\u0131larla bulu\u015fturmak amac\u0131yla kuruldu\u011funu, kendi alan\u0131nda [&hellip;]","og_url":"https:\/\/kuzeyinsesi.org\/index.php\/2024\/11\/22\/maliye-bakani-berova-tumgis-yonetim-kurulu-baskani-kadooglu-ile-gorustu\/","og_site_name":"Kuzeyin Sesi","article_publisher":"https:\/\/www.facebook.com\/kuzeyinsesii","article_published_time":"2024-11-22T16:14:34+00:00","og_image":[{"url":"https:\/\/brtk.net\/wp-content\/uploads\/2024\/11\/22\/jdlajdsljasda.jpg?ver=de2ffd6beae9f7e33898384b36191a05","type":"","width":"","height":""}],"author":"Kuzeyin Sesi","twitter_card":"summary_large_image","twitter_creator":"@kuzeyinsesii","twitter_site":"@kuzeyinsesii","twitter_misc":{"Yazan:":"Kuzeyin Sesi","Tahmini okuma s\u00fcresi":"2 dakika"},"schema":{"@context":"https:\/\/schema.org","@graph":[{"@type":"Article","@id":"https:\/\/kuzeyinsesi.org\/index.php\/2024\/11\/22\/maliye-bakani-berova-tumgis-yonetim-kurulu-baskani-kadooglu-ile-gorustu\/#article","isPartOf":{"@id":"https:\/\/kuzeyinsesi.org\/index.php\/2024\/11\/22\/maliye-bakani-berova-tumgis-yonetim-kurulu-baskani-kadooglu-ile-gorustu\/"},"author":{"name":"Kuzeyin Sesi","@id":"https:\/\/kuzeyinsesi.org\/#\/schema\/person\/9f859689cdf01485597712386e37f5aa"},"headline":"Maliye Bakan\u0131 Berova, T\u00dcMG\u0130\u015e Y\u00f6netim Kurulu Ba\u015fkan\u0131 Kadoo\u011flu ile g\u00f6r\u00fc\u015ft\u00fc","datePublished":"2024-11-22T16:14:34+00:00","mainEntityOfPage":{"@id":"https:\/\/kuzeyinsesi.org\/index.php\/2024\/11\/22\/maliye-bakani-berova-tumgis-yonetim-kurulu-baskani-kadooglu-ile-gorustu\/"},"wordCount":481,"commentCount":0,"image":{"@id":"https:\/\/kuzeyinsesi.org\/index.php\/2024\/11\/22\/maliye-bakani-berova-tumgis-yonetim-kurulu-baskani-kadooglu-ile-gorustu\/#primaryimage"},"thumbnailUrl":"https:\/\/kuzeyinsesi.org\/wp-content\/uploads\/2024\/11\/jdlajdsljasda.jpg","articleSection":["T\u00fcrkiye"],"inLanguage":"tr","potentialAction":[{"@type":"CommentAction","name":"Comment","target":["https:\/\/kuzeyinsesi.org\/index.php\/2024\/11\/22\/maliye-bakani-berova-tumgis-yonetim-kurulu-baskani-kadooglu-ile-gorustu\/#respond"]}]},{"@type":"WebPage","@id":"https:\/\/kuzeyinsesi.org\/index.php\/2024\/11\/22\/maliye-bakani-berova-tumgis-yonetim-kurulu-baskani-kadooglu-ile-gorustu\/","url":"https:\/\/kuzeyinsesi.org\/index.php\/2024\/11\/22\/maliye-bakani-berova-tumgis-yonetim-kurulu-baskani-kadooglu-ile-gorustu\/","name":"Maliye Bakan\u0131 Berova, T\u00dcMG\u0130\u015e Y\u00f6netim Kurulu Ba\u015fkan\u0131 Kadoo\u011flu ile g\u00f6r\u00fc\u015ft\u00fc - Kuzeyin Sesi","isPartOf":{"@id":"https:\/\/kuzeyinsesi.org\/#website"},"primaryImageOfPage":{"@id":"https:\/\/kuzeyinsesi.org\/index.php\/2024\/11\/22\/maliye-bakani-berova-tumgis-yonetim-kurulu-baskani-kadooglu-ile-gorustu\/#primaryimage"},"image":{"@id":"https:\/\/kuzeyinsesi.org\/index.php\/2024\/11\/22\/maliye-bakani-berova-tumgis-yonetim-kurulu-baskani-kadooglu-ile-gorustu\/#primaryimage"},"thumbnailUrl":"https:\/\/kuzeyinsesi.org\/wp-content\/uploads\/2024\/11\/jdlajdsljasda.jpg","datePublished":"2024-11-22T16:14:34+00:00","author":{"@id":"https:\/\/kuzeyinsesi.org\/#\/schema\/person\/9f859689cdf01485597712386e37f5aa"},"breadcrumb":{"@id":"https:\/\/kuzeyinsesi.org\/index.php\/2024\/11\/22\/maliye-bakani-berova-tumgis-yonetim-kurulu-baskani-kadooglu-ile-gorustu\/#breadcrumb"},"inLanguage":"tr","potentialAction":[{"@type":"ReadAction","target":["https:\/\/kuzeyinsesi.org\/index.php\/2024\/11\/22\/maliye-bakani-berova-tumgis-yonetim-kurulu-baskani-kadooglu-ile-gorustu\/"]}]},{"@type":"ImageObject","inLanguage":"tr","@id":"https:\/\/kuzeyinsesi.org\/index.php\/2024\/11\/22\/maliye-bakani-berova-tumgis-yonetim-kurulu-baskani-kadooglu-ile-gorustu\/#primaryimage","url":"https:\/\/kuzeyinsesi.org\/wp-content\/uploads\/2024\/11\/jdlajdsljasda.jpg","contentUrl":"https:\/\/kuzeyinsesi.org\/wp-content\/uploads\/2024\/11\/jdlajdsljasda.jpg","width":1514,"height":797},{"@type":"BreadcrumbList","@id":"https:\/\/kuzeyinsesi.org\/index.php\/2024\/11\/22\/maliye-bakani-berova-tumgis-yonetim-kurulu-baskani-kadooglu-ile-gorustu\/#breadcrumb","itemListElement":[{"@type":"ListItem","position":1,"name":"Anasayfa","item":"https:\/\/kuzeyinsesi.org\/"},{"@type":"ListItem","position":2,"name":"Maliye Bakan\u0131 Berova, T\u00dcMG\u0130\u015e Y\u00f6netim Kurulu Ba\u015fkan\u0131 Kadoo\u011flu ile g\u00f6r\u00fc\u015ft\u00fc"}]},{"@type":"WebSite","@id":"https:\/\/kuzeyinsesi.org\/#website","url":"https:\/\/kuzeyinsesi.org\/","name":"Kuzeyin Sesi","description":"Do\u011fru Haberin Adresi","potentialAction":[{"@type":"SearchAction","target":{"@type":"EntryPoint","urlTemplate":"https:\/\/kuzeyinsesi.org\/?s={search_term_string}"},"query-input":{"@type":"PropertyValueSpecification","valueRequired":true,"valueName":"search_term_string"}}],"inLanguage":"tr"},{"@type":"Person","@id":"https:\/\/kuzeyinsesi.org\/#\/schema\/person\/9f859689cdf01485597712386e37f5aa","name":"Kuzeyin Sesi","image":{"@type":"ImageObject","inLanguage":"tr","@id":"https:\/\/secure.gravatar.com\/avatar\/bab33852abfd8b282518d6ed81826833d77c3c882d9ab608add591ccace47a44?s=96&d=mm&r=g","url":"https:\/\/secure.gravatar.com\/avatar\/bab33852abfd8b282518d6ed81826833d77c3c882d9ab608add591ccace47a44?s=96&d=mm&r=g","contentUrl":"https:\/\/secure.gravatar.com\/avatar\/bab33852abfd8b282518d6ed81826833d77c3c882d9ab608add591ccace47a44?s=96&d=mm&r=g","caption":"Kuzeyin Sesi"},"sameAs":["https:\/\/kuzeyinsesi.org"],"url":"https:\/\/kuzeyinsesi.org\/index.php\/author\/guven\/"}]}},"_links":{"self":[{"href":"https:\/\/kuzeyinsesi.org\/index.php\/wp-json\/wp\/v2\/posts\/14088","targetHints":{"allow":["GET"]}}],"collection":[{"href":"https:\/\/kuzeyinsesi.org\/index.php\/wp-json\/wp\/v2\/posts"}],"about":[{"href":"https:\/\/kuzeyinsesi.org\/index.php\/wp-json\/wp\/v2\/types\/post"}],"author":[{"embeddable":true,"href":"https:\/\/kuzeyinsesi.org\/index.php\/wp-json\/wp\/v2\/users\/1"}],"replies":[{"embeddable":true,"href":"https:\/\/kuzeyinsesi.org\/index.php\/wp-json\/wp\/v2\/comments?post=14088"}],"version-history":[{"count":0,"href":"https:\/\/kuzeyinsesi.org\/index.php\/wp-json\/wp\/v2\/posts\/14088\/revisions"}],"wp:featuredmedia":[{"embeddable":true,"href":"https:\/\/kuzeyinsesi.org\/index.php\/wp-json\/wp\/v2\/media\/14089"}],"wp:attachment":[{"href":"https:\/\/kuzeyinsesi.org\/index.php\/wp-json\/wp\/v2\/media?parent=14088"}],"wp:term":[{"taxonomy":"category","embeddable":true,"href":"https:\/\/kuzeyinsesi.org\/index.php\/wp-json\/wp\/v2\/categories?post=14088"},{"taxonomy":"post_tag","embeddable":true,"href":"https:\/\/kuzeyinsesi.org\/index.php\/wp-json\/wp\/v2\/tags?post=14088"}],"curies":[{"name":"wp","href":"https:\/\/api.w.org\/{rel}","templated":true}]}}