{"id":14086,"date":"2024-11-22T18:03:00","date_gmt":"2024-11-22T16:03:00","guid":{"rendered":"https:\/\/kuzeyinsesi.org\/index.php\/2024\/11\/22\/berova-turab-genel-baskani-kus-ve-heyetini-kabul-etti\/"},"modified":"2024-11-22T18:03:00","modified_gmt":"2024-11-22T16:03:00","slug":"berova-turab-genel-baskani-kus-ve-heyetini-kabul-etti","status":"publish","type":"post","link":"https:\/\/kuzeyinsesi.org\/index.php\/2024\/11\/22\/berova-turab-genel-baskani-kus-ve-heyetini-kabul-etti\/","title":{"rendered":"Berova, TURAB Genel Ba\u015fkan\u0131 Ku\u015f ve heyetini kabul etti"},"content":{"rendered":"<div>\n<div class=\"mariselle-image-container center\">\n                                            <\/div>\n<p>Maliye Bakan\u0131 \u00d6zdemir Berova, T\u00fcrk-Arap ve Avrupa Birli\u011fi \u00dclkeleri \u0130\u015f \u0130nsanlar\u0131 Derne\u011fi (TURAB) Genel Ba\u015fkan\u0131 Fahri Ku\u015f, KKTC Temsilcisi Umut Vehit ve beraberindeki heyeti kabul etti.<\/p>\n<p>Bakanl\u0131ktan yap\u0131lan a\u00e7\u0131klamaya g\u00f6re, TURAB Genel Ba\u015fkan\u0131 Ku\u015f konu\u015fmas\u0131nda, 2003 y\u0131l\u0131nda, Genel Merkezi Mersin\u2019de kurulan TURAB\u2019\u0131n tek uluslararas\u0131 dernek oldu\u011funu ifade ederek, T\u00fcrki Cumhuriyetler, Arap \u00fclkeleri ve son olarak Avrupa Birli\u011fi \u00fclkeleri ile birlikte toplam 56 \u00fclke ile isti\u015fareleri bulundu\u011funu kaydetti.<\/p>\n<p>Ku\u015f, \u201cAmac\u0131m\u0131z, ihracat\u0131m\u0131z\u0131 art\u0131rmak, gerekli ticari i\u015fbirliklerini sa\u011flamak, \u00fcyelerimizin yapt\u0131\u011f\u0131 ihracatlar\u0131 korumak\u201d diye konu\u015ftu.<\/p>\n<p>Bu y\u0131l 21\u2019inci kurulu\u015f y\u0131l d\u00f6n\u00fcmlerini KKTC\u2019de kutlayacaklar\u0131n\u0131 belirten Fahri Ku\u015f, Maliye Bakan\u0131 \u00d6zdemir Berova\u2019y\u0131 kurulu\u015f balosuna davet etti, \u201cKat\u0131l\u0131m\u0131n\u0131z bizleri onurland\u0131racakt\u0131r\u201d dedi.<\/p>\n<p><strong>-Berova: \u201cKKTC yat\u0131r\u0131m alan\u0131nda da \u00f6nemli f\u0131rsatlar sunabilecek bir \u00fclke\u201d<\/strong><\/p>\n<p>Maliye Bakan\u0131 \u00d6zdemir Berova da, T\u00fcrkiye Cumhuriyeti ile her alanda i\u015f birli\u011fini \u00f6nemsediklerini ve desteklerini belirterek, \u00f6zellikle Mersin ilinin KKTC i\u00e7in \u00f6nemine dikkat \u00e7ekti.<\/p>\n<p>Berova, \u201cAnavatan T\u00fcrkiye Cumhuriyeti\u2019nin Mersin ili bizim i\u00e7in \u00e7ok \u00f6nemli. \u00c7\u00fcnk\u00fc KKTC\u2019nin giri\u015f ve \u00e7\u0131k\u0131\u015f kap\u0131s\u0131n\u0131 olu\u015fturuyor. Ve bu ba\u011flamda \u00f6zellikle KKTC G\u00fcmr\u00fc\u011f\u00fc ile Mersin G\u00fcmr\u00fc\u011f\u00fc yak\u0131n i\u015f birli\u011fi i\u00e7indeyiz. Ge\u00e7ti\u011fimiz y\u0131llarda da kar\u015f\u0131l\u0131kl\u0131 ziyaretlerde i\u015f birli\u011fimizin geli\u015fmesi ve artmas\u0131 i\u00e7in \u00e7e\u015fitli temaslar\u0131m\u0131z oldu. Bu devam ediyor\u201d \u015feklinde konu\u015ftu.<\/p>\n<p>\u201cKKTC yat\u0131r\u0131m alan\u0131nda da \u00f6nemli f\u0131rsatlar sunabilecek bir \u00fclke\u201d diyen Bakan Berova, T\u00fcrkiye Cumhuriyeti ve Kuzey K\u0131br\u0131s T\u00fcrk Cumhuriyeti aras\u0131nda ticaretin geli\u015fmesi ve yat\u0131r\u0131mlar\u0131n artmas\u0131n\u0131 hedeflediklerini kaydetti.<\/p>\n<p>Berova, \u201c\u0130ki \u00fclke sivil toplum kurulu\u015flar\u0131n\u0131n ortak hareket edebilme kabiliyeti sa\u011flamas\u0131n\u0131, i\u015f \u0130nsanlar\u0131n\u0131n bir araya gelerek, ticaret ve yat\u0131r\u0131m a\u00e7\u0131s\u0131ndan i\u015f yapabilmesini hem KKTC olarak biz, hem de Anavatan T\u00fcrkiye Cumhuriyeti destekliyor\u201d dedi.<\/p>\n<p>TURAB heyetini a\u011f\u0131rlamaktan duydu\u011fu memnuniyeti belirten Berova, derne\u011fin, 21\u2019inci kurulu\u015f y\u0131l\u0131n\u0131n hay\u0131rlara vesile olmas\u0131n\u0131 diledi.<\/p>\n<\/p><\/div>\n<p><script async\n                    defer\n                    crossorigin=\"anonymous\"\n                    src=\"https:\/\/connect.facebook.net\/tr_TR\/sdk.js#xfbml=1&#038;version=v3.3\"\n            ><\/script><\/p>\n","protected":false},"excerpt":{"rendered":"<p>Maliye Bakan\u0131 \u00d6zdemir Berova, T\u00fcrk-Arap ve Avrupa Birli\u011fi \u00dclkeleri \u0130\u015f \u0130nsanlar\u0131 Derne\u011fi (TURAB) Genel Ba\u015fkan\u0131 Fahri Ku\u015f, KKTC Temsilcisi Umut Vehit ve beraberindeki heyeti kabul etti. Bakanl\u0131ktan yap\u0131lan a\u00e7\u0131klamaya g\u00f6re, TURAB Genel Ba\u015fkan\u0131 Ku\u015f konu\u015fmas\u0131nda, 2003 y\u0131l\u0131nda, Genel Merkezi Mersin\u2019de kurulan TURAB\u2019\u0131n tek uluslararas\u0131 dernek oldu\u011funu ifade ederek, T\u00fcrki Cumhuriyetler, Arap \u00fclkeleri ve son olarak [&hellip;]<\/p>\n","protected":false},"author":1,"featured_media":14087,"comment_status":"open","ping_status":"open","sticky":false,"template":"","format":"standard","meta":{"jnews-multi-image_gallery":[],"jnews_single_post":[],"jnews_primary_category":[],"jnews_social_meta":[],"jnews_override_counter":[],"footnotes":""},"categories":[5],"tags":[],"class_list":["post-14086","post","type-post","status-publish","format-standard","has-post-thumbnail","hentry","category-turkiye"],"yoast_head":"<!-- This site is optimized with the Yoast SEO plugin v27.4 - https:\/\/yoast.com\/product\/yoast-seo-wordpress\/ -->\n<title>Berova, TURAB Genel Ba\u015fkan\u0131 Ku\u015f ve heyetini kabul etti - Kuzeyin Sesi<\/title>\n<meta name=\"robots\" content=\"index, follow, max-snippet:-1, max-image-preview:large, max-video-preview:-1\" \/>\n<link rel=\"canonical\" href=\"https:\/\/kuzeyinsesi.org\/index.php\/2024\/11\/22\/berova-turab-genel-baskani-kus-ve-heyetini-kabul-etti\/\" \/>\n<meta property=\"og:locale\" content=\"tr_TR\" \/>\n<meta property=\"og:type\" content=\"article\" \/>\n<meta property=\"og:title\" content=\"Berova, TURAB Genel Ba\u015fkan\u0131 Ku\u015f ve heyetini kabul etti - Kuzeyin Sesi\" \/>\n<meta property=\"og:description\" content=\"Maliye Bakan\u0131 \u00d6zdemir Berova, T\u00fcrk-Arap ve Avrupa Birli\u011fi \u00dclkeleri \u0130\u015f \u0130nsanlar\u0131 Derne\u011fi (TURAB) Genel Ba\u015fkan\u0131 Fahri Ku\u015f, KKTC Temsilcisi Umut Vehit ve beraberindeki heyeti kabul etti. Bakanl\u0131ktan yap\u0131lan a\u00e7\u0131klamaya g\u00f6re, TURAB Genel Ba\u015fkan\u0131 Ku\u015f konu\u015fmas\u0131nda, 2003 y\u0131l\u0131nda, Genel Merkezi Mersin\u2019de kurulan TURAB\u2019\u0131n tek uluslararas\u0131 dernek oldu\u011funu ifade ederek, T\u00fcrki Cumhuriyetler, Arap \u00fclkeleri ve son olarak [&hellip;]\" \/>\n<meta property=\"og:url\" content=\"https:\/\/kuzeyinsesi.org\/index.php\/2024\/11\/22\/berova-turab-genel-baskani-kus-ve-heyetini-kabul-etti\/\" \/>\n<meta property=\"og:site_name\" content=\"Kuzeyin Sesi\" \/>\n<meta property=\"article:publisher\" content=\"https:\/\/www.facebook.com\/kuzeyinsesii\" \/>\n<meta property=\"article:published_time\" content=\"2024-11-22T16:03:00+00:00\" \/>\n<meta property=\"og:image\" content=\"https:\/\/brtk.net\/wp-content\/uploads\/2024\/11\/22\/AIDA.jpg?ver=bd9cd6fe4c92af0e050d0b2b20efa00a\" \/>\n<meta name=\"author\" content=\"Kuzeyin Sesi\" \/>\n<meta name=\"twitter:card\" content=\"summary_large_image\" \/>\n<meta name=\"twitter:creator\" content=\"@kuzeyinsesii\" \/>\n<meta name=\"twitter:site\" content=\"@kuzeyinsesii\" \/>\n<meta name=\"twitter:label1\" content=\"Yazan:\" \/>\n\t<meta name=\"twitter:data1\" content=\"Kuzeyin Sesi\" \/>\n\t<meta name=\"twitter:label2\" content=\"Tahmini okuma s\u00fcresi\" \/>\n\t<meta name=\"twitter:data2\" content=\"2 dakika\" \/>\n<script type=\"application\/ld+json\" class=\"yoast-schema-graph\">{\"@context\":\"https:\\\/\\\/schema.org\",\"@graph\":[{\"@type\":\"Article\",\"@id\":\"https:\\\/\\\/kuzeyinsesi.org\\\/index.php\\\/2024\\\/11\\\/22\\\/berova-turab-genel-baskani-kus-ve-heyetini-kabul-etti\\\/#article\",\"isPartOf\":{\"@id\":\"https:\\\/\\\/kuzeyinsesi.org\\\/index.php\\\/2024\\\/11\\\/22\\\/berova-turab-genel-baskani-kus-ve-heyetini-kabul-etti\\\/\"},\"author\":{\"name\":\"Kuzeyin Sesi\",\"@id\":\"https:\\\/\\\/kuzeyinsesi.org\\\/#\\\/schema\\\/person\\\/9f859689cdf01485597712386e37f5aa\"},\"headline\":\"Berova, TURAB Genel Ba\u015fkan\u0131 Ku\u015f ve heyetini kabul etti\",\"datePublished\":\"2024-11-22T16:03:00+00:00\",\"mainEntityOfPage\":{\"@id\":\"https:\\\/\\\/kuzeyinsesi.org\\\/index.php\\\/2024\\\/11\\\/22\\\/berova-turab-genel-baskani-kus-ve-heyetini-kabul-etti\\\/\"},\"wordCount\":376,\"commentCount\":0,\"image\":{\"@id\":\"https:\\\/\\\/kuzeyinsesi.org\\\/index.php\\\/2024\\\/11\\\/22\\\/berova-turab-genel-baskani-kus-ve-heyetini-kabul-etti\\\/#primaryimage\"},\"thumbnailUrl\":\"https:\\\/\\\/kuzeyinsesi.org\\\/wp-content\\\/uploads\\\/2024\\\/11\\\/AIDA.jpg\",\"articleSection\":[\"T\u00fcrkiye\"],\"inLanguage\":\"tr\",\"potentialAction\":[{\"@type\":\"CommentAction\",\"name\":\"Comment\",\"target\":[\"https:\\\/\\\/kuzeyinsesi.org\\\/index.php\\\/2024\\\/11\\\/22\\\/berova-turab-genel-baskani-kus-ve-heyetini-kabul-etti\\\/#respond\"]}]},{\"@type\":\"WebPage\",\"@id\":\"https:\\\/\\\/kuzeyinsesi.org\\\/index.php\\\/2024\\\/11\\\/22\\\/berova-turab-genel-baskani-kus-ve-heyetini-kabul-etti\\\/\",\"url\":\"https:\\\/\\\/kuzeyinsesi.org\\\/index.php\\\/2024\\\/11\\\/22\\\/berova-turab-genel-baskani-kus-ve-heyetini-kabul-etti\\\/\",\"name\":\"Berova, TURAB Genel Ba\u015fkan\u0131 Ku\u015f ve heyetini kabul etti - Kuzeyin Sesi\",\"isPartOf\":{\"@id\":\"https:\\\/\\\/kuzeyinsesi.org\\\/#website\"},\"primaryImageOfPage\":{\"@id\":\"https:\\\/\\\/kuzeyinsesi.org\\\/index.php\\\/2024\\\/11\\\/22\\\/berova-turab-genel-baskani-kus-ve-heyetini-kabul-etti\\\/#primaryimage\"},\"image\":{\"@id\":\"https:\\\/\\\/kuzeyinsesi.org\\\/index.php\\\/2024\\\/11\\\/22\\\/berova-turab-genel-baskani-kus-ve-heyetini-kabul-etti\\\/#primaryimage\"},\"thumbnailUrl\":\"https:\\\/\\\/kuzeyinsesi.org\\\/wp-content\\\/uploads\\\/2024\\\/11\\\/AIDA.jpg\",\"datePublished\":\"2024-11-22T16:03:00+00:00\",\"author\":{\"@id\":\"https:\\\/\\\/kuzeyinsesi.org\\\/#\\\/schema\\\/person\\\/9f859689cdf01485597712386e37f5aa\"},\"breadcrumb\":{\"@id\":\"https:\\\/\\\/kuzeyinsesi.org\\\/index.php\\\/2024\\\/11\\\/22\\\/berova-turab-genel-baskani-kus-ve-heyetini-kabul-etti\\\/#breadcrumb\"},\"inLanguage\":\"tr\",\"potentialAction\":[{\"@type\":\"ReadAction\",\"target\":[\"https:\\\/\\\/kuzeyinsesi.org\\\/index.php\\\/2024\\\/11\\\/22\\\/berova-turab-genel-baskani-kus-ve-heyetini-kabul-etti\\\/\"]}]},{\"@type\":\"ImageObject\",\"inLanguage\":\"tr\",\"@id\":\"https:\\\/\\\/kuzeyinsesi.org\\\/index.php\\\/2024\\\/11\\\/22\\\/berova-turab-genel-baskani-kus-ve-heyetini-kabul-etti\\\/#primaryimage\",\"url\":\"https:\\\/\\\/kuzeyinsesi.org\\\/wp-content\\\/uploads\\\/2024\\\/11\\\/AIDA.jpg\",\"contentUrl\":\"https:\\\/\\\/kuzeyinsesi.org\\\/wp-content\\\/uploads\\\/2024\\\/11\\\/AIDA.jpg\",\"width\":1024,\"height\":465},{\"@type\":\"BreadcrumbList\",\"@id\":\"https:\\\/\\\/kuzeyinsesi.org\\\/index.php\\\/2024\\\/11\\\/22\\\/berova-turab-genel-baskani-kus-ve-heyetini-kabul-etti\\\/#breadcrumb\",\"itemListElement\":[{\"@type\":\"ListItem\",\"position\":1,\"name\":\"Anasayfa\",\"item\":\"https:\\\/\\\/kuzeyinsesi.org\\\/\"},{\"@type\":\"ListItem\",\"position\":2,\"name\":\"Berova, TURAB Genel Ba\u015fkan\u0131 Ku\u015f ve heyetini kabul etti\"}]},{\"@type\":\"WebSite\",\"@id\":\"https:\\\/\\\/kuzeyinsesi.org\\\/#website\",\"url\":\"https:\\\/\\\/kuzeyinsesi.org\\\/\",\"name\":\"Kuzeyin Sesi\",\"description\":\"Do\u011fru Haberin Adresi\",\"potentialAction\":[{\"@type\":\"SearchAction\",\"target\":{\"@type\":\"EntryPoint\",\"urlTemplate\":\"https:\\\/\\\/kuzeyinsesi.org\\\/?s={search_term_string}\"},\"query-input\":{\"@type\":\"PropertyValueSpecification\",\"valueRequired\":true,\"valueName\":\"search_term_string\"}}],\"inLanguage\":\"tr\"},{\"@type\":\"Person\",\"@id\":\"https:\\\/\\\/kuzeyinsesi.org\\\/#\\\/schema\\\/person\\\/9f859689cdf01485597712386e37f5aa\",\"name\":\"Kuzeyin Sesi\",\"image\":{\"@type\":\"ImageObject\",\"inLanguage\":\"tr\",\"@id\":\"https:\\\/\\\/secure.gravatar.com\\\/avatar\\\/bab33852abfd8b282518d6ed81826833d77c3c882d9ab608add591ccace47a44?s=96&d=mm&r=g\",\"url\":\"https:\\\/\\\/secure.gravatar.com\\\/avatar\\\/bab33852abfd8b282518d6ed81826833d77c3c882d9ab608add591ccace47a44?s=96&d=mm&r=g\",\"contentUrl\":\"https:\\\/\\\/secure.gravatar.com\\\/avatar\\\/bab33852abfd8b282518d6ed81826833d77c3c882d9ab608add591ccace47a44?s=96&d=mm&r=g\",\"caption\":\"Kuzeyin Sesi\"},\"sameAs\":[\"https:\\\/\\\/kuzeyinsesi.org\"],\"url\":\"https:\\\/\\\/kuzeyinsesi.org\\\/index.php\\\/author\\\/guven\\\/\"}]}<\/script>\n<!-- \/ Yoast SEO plugin. -->","yoast_head_json":{"title":"Berova, TURAB Genel Ba\u015fkan\u0131 Ku\u015f ve heyetini kabul etti - Kuzeyin Sesi","robots":{"index":"index","follow":"follow","max-snippet":"max-snippet:-1","max-image-preview":"max-image-preview:large","max-video-preview":"max-video-preview:-1"},"canonical":"https:\/\/kuzeyinsesi.org\/index.php\/2024\/11\/22\/berova-turab-genel-baskani-kus-ve-heyetini-kabul-etti\/","og_locale":"tr_TR","og_type":"article","og_title":"Berova, TURAB Genel Ba\u015fkan\u0131 Ku\u015f ve heyetini kabul etti - Kuzeyin Sesi","og_description":"Maliye Bakan\u0131 \u00d6zdemir Berova, T\u00fcrk-Arap ve Avrupa Birli\u011fi \u00dclkeleri \u0130\u015f \u0130nsanlar\u0131 Derne\u011fi (TURAB) Genel Ba\u015fkan\u0131 Fahri Ku\u015f, KKTC Temsilcisi Umut Vehit ve beraberindeki heyeti kabul etti. Bakanl\u0131ktan yap\u0131lan a\u00e7\u0131klamaya g\u00f6re, TURAB Genel Ba\u015fkan\u0131 Ku\u015f konu\u015fmas\u0131nda, 2003 y\u0131l\u0131nda, Genel Merkezi Mersin\u2019de kurulan TURAB\u2019\u0131n tek uluslararas\u0131 dernek oldu\u011funu ifade ederek, T\u00fcrki Cumhuriyetler, Arap \u00fclkeleri ve son olarak [&hellip;]","og_url":"https:\/\/kuzeyinsesi.org\/index.php\/2024\/11\/22\/berova-turab-genel-baskani-kus-ve-heyetini-kabul-etti\/","og_site_name":"Kuzeyin Sesi","article_publisher":"https:\/\/www.facebook.com\/kuzeyinsesii","article_published_time":"2024-11-22T16:03:00+00:00","og_image":[{"url":"https:\/\/brtk.net\/wp-content\/uploads\/2024\/11\/22\/AIDA.jpg?ver=bd9cd6fe4c92af0e050d0b2b20efa00a","type":"","width":"","height":""}],"author":"Kuzeyin Sesi","twitter_card":"summary_large_image","twitter_creator":"@kuzeyinsesii","twitter_site":"@kuzeyinsesii","twitter_misc":{"Yazan:":"Kuzeyin Sesi","Tahmini okuma s\u00fcresi":"2 dakika"},"schema":{"@context":"https:\/\/schema.org","@graph":[{"@type":"Article","@id":"https:\/\/kuzeyinsesi.org\/index.php\/2024\/11\/22\/berova-turab-genel-baskani-kus-ve-heyetini-kabul-etti\/#article","isPartOf":{"@id":"https:\/\/kuzeyinsesi.org\/index.php\/2024\/11\/22\/berova-turab-genel-baskani-kus-ve-heyetini-kabul-etti\/"},"author":{"name":"Kuzeyin Sesi","@id":"https:\/\/kuzeyinsesi.org\/#\/schema\/person\/9f859689cdf01485597712386e37f5aa"},"headline":"Berova, TURAB Genel Ba\u015fkan\u0131 Ku\u015f ve heyetini kabul etti","datePublished":"2024-11-22T16:03:00+00:00","mainEntityOfPage":{"@id":"https:\/\/kuzeyinsesi.org\/index.php\/2024\/11\/22\/berova-turab-genel-baskani-kus-ve-heyetini-kabul-etti\/"},"wordCount":376,"commentCount":0,"image":{"@id":"https:\/\/kuzeyinsesi.org\/index.php\/2024\/11\/22\/berova-turab-genel-baskani-kus-ve-heyetini-kabul-etti\/#primaryimage"},"thumbnailUrl":"https:\/\/kuzeyinsesi.org\/wp-content\/uploads\/2024\/11\/AIDA.jpg","articleSection":["T\u00fcrkiye"],"inLanguage":"tr","potentialAction":[{"@type":"CommentAction","name":"Comment","target":["https:\/\/kuzeyinsesi.org\/index.php\/2024\/11\/22\/berova-turab-genel-baskani-kus-ve-heyetini-kabul-etti\/#respond"]}]},{"@type":"WebPage","@id":"https:\/\/kuzeyinsesi.org\/index.php\/2024\/11\/22\/berova-turab-genel-baskani-kus-ve-heyetini-kabul-etti\/","url":"https:\/\/kuzeyinsesi.org\/index.php\/2024\/11\/22\/berova-turab-genel-baskani-kus-ve-heyetini-kabul-etti\/","name":"Berova, TURAB Genel Ba\u015fkan\u0131 Ku\u015f ve heyetini kabul etti - Kuzeyin Sesi","isPartOf":{"@id":"https:\/\/kuzeyinsesi.org\/#website"},"primaryImageOfPage":{"@id":"https:\/\/kuzeyinsesi.org\/index.php\/2024\/11\/22\/berova-turab-genel-baskani-kus-ve-heyetini-kabul-etti\/#primaryimage"},"image":{"@id":"https:\/\/kuzeyinsesi.org\/index.php\/2024\/11\/22\/berova-turab-genel-baskani-kus-ve-heyetini-kabul-etti\/#primaryimage"},"thumbnailUrl":"https:\/\/kuzeyinsesi.org\/wp-content\/uploads\/2024\/11\/AIDA.jpg","datePublished":"2024-11-22T16:03:00+00:00","author":{"@id":"https:\/\/kuzeyinsesi.org\/#\/schema\/person\/9f859689cdf01485597712386e37f5aa"},"breadcrumb":{"@id":"https:\/\/kuzeyinsesi.org\/index.php\/2024\/11\/22\/berova-turab-genel-baskani-kus-ve-heyetini-kabul-etti\/#breadcrumb"},"inLanguage":"tr","potentialAction":[{"@type":"ReadAction","target":["https:\/\/kuzeyinsesi.org\/index.php\/2024\/11\/22\/berova-turab-genel-baskani-kus-ve-heyetini-kabul-etti\/"]}]},{"@type":"ImageObject","inLanguage":"tr","@id":"https:\/\/kuzeyinsesi.org\/index.php\/2024\/11\/22\/berova-turab-genel-baskani-kus-ve-heyetini-kabul-etti\/#primaryimage","url":"https:\/\/kuzeyinsesi.org\/wp-content\/uploads\/2024\/11\/AIDA.jpg","contentUrl":"https:\/\/kuzeyinsesi.org\/wp-content\/uploads\/2024\/11\/AIDA.jpg","width":1024,"height":465},{"@type":"BreadcrumbList","@id":"https:\/\/kuzeyinsesi.org\/index.php\/2024\/11\/22\/berova-turab-genel-baskani-kus-ve-heyetini-kabul-etti\/#breadcrumb","itemListElement":[{"@type":"ListItem","position":1,"name":"Anasayfa","item":"https:\/\/kuzeyinsesi.org\/"},{"@type":"ListItem","position":2,"name":"Berova, TURAB Genel Ba\u015fkan\u0131 Ku\u015f ve heyetini kabul etti"}]},{"@type":"WebSite","@id":"https:\/\/kuzeyinsesi.org\/#website","url":"https:\/\/kuzeyinsesi.org\/","name":"Kuzeyin Sesi","description":"Do\u011fru Haberin Adresi","potentialAction":[{"@type":"SearchAction","target":{"@type":"EntryPoint","urlTemplate":"https:\/\/kuzeyinsesi.org\/?s={search_term_string}"},"query-input":{"@type":"PropertyValueSpecification","valueRequired":true,"valueName":"search_term_string"}}],"inLanguage":"tr"},{"@type":"Person","@id":"https:\/\/kuzeyinsesi.org\/#\/schema\/person\/9f859689cdf01485597712386e37f5aa","name":"Kuzeyin Sesi","image":{"@type":"ImageObject","inLanguage":"tr","@id":"https:\/\/secure.gravatar.com\/avatar\/bab33852abfd8b282518d6ed81826833d77c3c882d9ab608add591ccace47a44?s=96&d=mm&r=g","url":"https:\/\/secure.gravatar.com\/avatar\/bab33852abfd8b282518d6ed81826833d77c3c882d9ab608add591ccace47a44?s=96&d=mm&r=g","contentUrl":"https:\/\/secure.gravatar.com\/avatar\/bab33852abfd8b282518d6ed81826833d77c3c882d9ab608add591ccace47a44?s=96&d=mm&r=g","caption":"Kuzeyin Sesi"},"sameAs":["https:\/\/kuzeyinsesi.org"],"url":"https:\/\/kuzeyinsesi.org\/index.php\/author\/guven\/"}]}},"_links":{"self":[{"href":"https:\/\/kuzeyinsesi.org\/index.php\/wp-json\/wp\/v2\/posts\/14086","targetHints":{"allow":["GET"]}}],"collection":[{"href":"https:\/\/kuzeyinsesi.org\/index.php\/wp-json\/wp\/v2\/posts"}],"about":[{"href":"https:\/\/kuzeyinsesi.org\/index.php\/wp-json\/wp\/v2\/types\/post"}],"author":[{"embeddable":true,"href":"https:\/\/kuzeyinsesi.org\/index.php\/wp-json\/wp\/v2\/users\/1"}],"replies":[{"embeddable":true,"href":"https:\/\/kuzeyinsesi.org\/index.php\/wp-json\/wp\/v2\/comments?post=14086"}],"version-history":[{"count":0,"href":"https:\/\/kuzeyinsesi.org\/index.php\/wp-json\/wp\/v2\/posts\/14086\/revisions"}],"wp:featuredmedia":[{"embeddable":true,"href":"https:\/\/kuzeyinsesi.org\/index.php\/wp-json\/wp\/v2\/media\/14087"}],"wp:attachment":[{"href":"https:\/\/kuzeyinsesi.org\/index.php\/wp-json\/wp\/v2\/media?parent=14086"}],"wp:term":[{"taxonomy":"category","embeddable":true,"href":"https:\/\/kuzeyinsesi.org\/index.php\/wp-json\/wp\/v2\/categories?post=14086"},{"taxonomy":"post_tag","embeddable":true,"href":"https:\/\/kuzeyinsesi.org\/index.php\/wp-json\/wp\/v2\/tags?post=14086"}],"curies":[{"name":"wp","href":"https:\/\/api.w.org\/{rel}","templated":true}]}}