{"id":14070,"date":"2024-11-22T17:00:47","date_gmt":"2024-11-22T15:00:47","guid":{"rendered":"https:\/\/kuzeyinsesi.org\/index.php\/2024\/11\/22\/dau-muzik-ogretmenligi-programi-kktcnin-41-yilina-ozel-konser-gerceklestirdi\/"},"modified":"2024-11-22T17:00:47","modified_gmt":"2024-11-22T15:00:47","slug":"dau-muzik-ogretmenligi-programi-kktcnin-41-yilina-ozel-konser-gerceklestirdi","status":"publish","type":"post","link":"https:\/\/kuzeyinsesi.org\/index.php\/2024\/11\/22\/dau-muzik-ogretmenligi-programi-kktcnin-41-yilina-ozel-konser-gerceklestirdi\/","title":{"rendered":"DA\u00dc M\u00fczik \u00d6\u011fretmenli\u011fi Program\u0131 KKTC\u2019nin 41. y\u0131l\u0131na \u00f6zel konser ger\u00e7ekle\u015ftirdi"},"content":{"rendered":"<div>\n<div class=\"mariselle-image-container center\">\n                                            <\/div>\n<p>Do\u011fu Akdeniz \u00dcniversitesi (DA\u00dc) E\u011fitim Fak\u00fcltesi, G\u00fczel Sanatlar E\u011fitimi B\u00f6l\u00fcm\u00fc, M\u00fczik \u00d6\u011fretmenli\u011fi Program\u0131 \u00f6\u011frencileri ile korosu, Kuzey K\u0131br\u0131s T\u00fcrk Cumhuriyeti\u2019nin (KKTC) 41. kurulu\u015f y\u0131ld\u00f6n\u00fcm\u00fcne \u00f6zel konser ger\u00e7ekle\u015ftirdi.<\/p>\n<p>DA\u00dc\u2019den verilen bilgiye g\u00f6re, ge\u00e7ti\u011fimiz sal\u0131 g\u00fcn\u00fc, saat 12.00\u2019de, DA\u00dc Merkezi Derslikler Binas\u0131\u2019nda ger\u00e7ekle\u015fen konsere DA\u00dc E\u011fitim Fak\u00fcltesi Dekan\u0131 Prof. Dr. Ahmet Pehlivan, G\u00fczel Sanatlar E\u011fitimi B\u00f6l\u00fcm Ba\u015fkan\u0131 Prof. Serdar \u00c7etin Aydar, akademik ve y\u00f6netsel personel ile \u00f6\u011frenciler kat\u0131ld\u0131.<\/p>\n<p>Konserde, M\u00fczik \u00d6\u011fretmenli\u011fi Program\u0131 \u00f6\u011frencileri ve Koro \u015eefi Erkan Da\u011fl\u0131 y\u00f6netimindeki M\u00fczik \u00d6\u011fretmenli\u011fi Program\u0131 korosu taraf\u0131ndan, Pachelbel ve Piazzolla\u2019n\u0131n eserleri, K\u0131br\u0131s T\u00fcrk\u00fcleri ve mar\u015flar seslendirildi.<\/p>\n<\/p><\/div>\n<p><script async\n                    defer\n                    crossorigin=\"anonymous\"\n                    src=\"https:\/\/connect.facebook.net\/tr_TR\/sdk.js#xfbml=1&#038;version=v3.3\"\n            ><\/script><\/p>\n","protected":false},"excerpt":{"rendered":"<p>Do\u011fu Akdeniz \u00dcniversitesi (DA\u00dc) E\u011fitim Fak\u00fcltesi, G\u00fczel Sanatlar E\u011fitimi B\u00f6l\u00fcm\u00fc, M\u00fczik \u00d6\u011fretmenli\u011fi Program\u0131 \u00f6\u011frencileri ile korosu, Kuzey K\u0131br\u0131s T\u00fcrk Cumhuriyeti\u2019nin (KKTC) 41. kurulu\u015f y\u0131ld\u00f6n\u00fcm\u00fcne \u00f6zel konser ger\u00e7ekle\u015ftirdi. DA\u00dc\u2019den verilen bilgiye g\u00f6re, ge\u00e7ti\u011fimiz sal\u0131 g\u00fcn\u00fc, saat 12.00\u2019de, DA\u00dc Merkezi Derslikler Binas\u0131\u2019nda ger\u00e7ekle\u015fen konsere DA\u00dc E\u011fitim Fak\u00fcltesi Dekan\u0131 Prof. Dr. Ahmet Pehlivan, G\u00fczel Sanatlar E\u011fitimi B\u00f6l\u00fcm Ba\u015fkan\u0131 [&hellip;]<\/p>\n","protected":false},"author":1,"featured_media":14071,"comment_status":"open","ping_status":"open","sticky":false,"template":"","format":"standard","meta":{"jnews-multi-image_gallery":[],"jnews_single_post":[],"jnews_primary_category":[],"jnews_social_meta":[],"jnews_override_counter":[],"footnotes":""},"categories":[6],"tags":[],"class_list":["post-14070","post","type-post","status-publish","format-standard","has-post-thumbnail","hentry","category-yasam"],"yoast_head":"<!-- This site is optimized with the Yoast SEO plugin v27.4 - https:\/\/yoast.com\/product\/yoast-seo-wordpress\/ -->\n<title>DA\u00dc M\u00fczik \u00d6\u011fretmenli\u011fi Program\u0131 KKTC\u2019nin 41. y\u0131l\u0131na \u00f6zel konser ger\u00e7ekle\u015ftirdi - Kuzeyin Sesi<\/title>\n<meta name=\"robots\" content=\"index, follow, max-snippet:-1, max-image-preview:large, max-video-preview:-1\" \/>\n<link rel=\"canonical\" href=\"https:\/\/kuzeyinsesi.org\/index.php\/2024\/11\/22\/dau-muzik-ogretmenligi-programi-kktcnin-41-yilina-ozel-konser-gerceklestirdi\/\" \/>\n<meta property=\"og:locale\" content=\"tr_TR\" \/>\n<meta property=\"og:type\" content=\"article\" \/>\n<meta property=\"og:title\" content=\"DA\u00dc M\u00fczik \u00d6\u011fretmenli\u011fi Program\u0131 KKTC\u2019nin 41. y\u0131l\u0131na \u00f6zel konser ger\u00e7ekle\u015ftirdi - Kuzeyin Sesi\" \/>\n<meta property=\"og:description\" content=\"Do\u011fu Akdeniz \u00dcniversitesi (DA\u00dc) E\u011fitim Fak\u00fcltesi, G\u00fczel Sanatlar E\u011fitimi B\u00f6l\u00fcm\u00fc, M\u00fczik \u00d6\u011fretmenli\u011fi Program\u0131 \u00f6\u011frencileri ile korosu, Kuzey K\u0131br\u0131s T\u00fcrk Cumhuriyeti\u2019nin (KKTC) 41. kurulu\u015f y\u0131ld\u00f6n\u00fcm\u00fcne \u00f6zel konser ger\u00e7ekle\u015ftirdi. DA\u00dc\u2019den verilen bilgiye g\u00f6re, ge\u00e7ti\u011fimiz sal\u0131 g\u00fcn\u00fc, saat 12.00\u2019de, DA\u00dc Merkezi Derslikler Binas\u0131\u2019nda ger\u00e7ekle\u015fen konsere DA\u00dc E\u011fitim Fak\u00fcltesi Dekan\u0131 Prof. Dr. Ahmet Pehlivan, G\u00fczel Sanatlar E\u011fitimi B\u00f6l\u00fcm Ba\u015fkan\u0131 [&hellip;]\" \/>\n<meta property=\"og:url\" content=\"https:\/\/kuzeyinsesi.org\/index.php\/2024\/11\/22\/dau-muzik-ogretmenligi-programi-kktcnin-41-yilina-ozel-konser-gerceklestirdi\/\" \/>\n<meta property=\"og:site_name\" content=\"Kuzeyin Sesi\" \/>\n<meta property=\"article:publisher\" content=\"https:\/\/www.facebook.com\/kuzeyinsesii\" \/>\n<meta property=\"article:published_time\" content=\"2024-11-22T15:00:47+00:00\" \/>\n<meta property=\"og:image\" content=\"https:\/\/brtk.net\/wp-content\/uploads\/2024\/11\/22\/gqa.jpg?ver=1bdf254173e9b6c40e08debb345f0d73\" \/>\n<meta name=\"author\" content=\"Kuzeyin Sesi\" \/>\n<meta name=\"twitter:card\" content=\"summary_large_image\" \/>\n<meta name=\"twitter:creator\" content=\"@kuzeyinsesii\" \/>\n<meta name=\"twitter:site\" content=\"@kuzeyinsesii\" \/>\n<meta name=\"twitter:label1\" content=\"Yazan:\" \/>\n\t<meta name=\"twitter:data1\" content=\"Kuzeyin Sesi\" \/>\n\t<meta name=\"twitter:label2\" content=\"Tahmini okuma s\u00fcresi\" \/>\n\t<meta name=\"twitter:data2\" content=\"1 dakika\" \/>\n<script type=\"application\/ld+json\" class=\"yoast-schema-graph\">{\"@context\":\"https:\\\/\\\/schema.org\",\"@graph\":[{\"@type\":\"Article\",\"@id\":\"https:\\\/\\\/kuzeyinsesi.org\\\/index.php\\\/2024\\\/11\\\/22\\\/dau-muzik-ogretmenligi-programi-kktcnin-41-yilina-ozel-konser-gerceklestirdi\\\/#article\",\"isPartOf\":{\"@id\":\"https:\\\/\\\/kuzeyinsesi.org\\\/index.php\\\/2024\\\/11\\\/22\\\/dau-muzik-ogretmenligi-programi-kktcnin-41-yilina-ozel-konser-gerceklestirdi\\\/\"},\"author\":{\"name\":\"Kuzeyin Sesi\",\"@id\":\"https:\\\/\\\/kuzeyinsesi.org\\\/#\\\/schema\\\/person\\\/9f859689cdf01485597712386e37f5aa\"},\"headline\":\"DA\u00dc M\u00fczik \u00d6\u011fretmenli\u011fi Program\u0131 KKTC\u2019nin 41. y\u0131l\u0131na \u00f6zel konser ger\u00e7ekle\u015ftirdi\",\"datePublished\":\"2024-11-22T15:00:47+00:00\",\"mainEntityOfPage\":{\"@id\":\"https:\\\/\\\/kuzeyinsesi.org\\\/index.php\\\/2024\\\/11\\\/22\\\/dau-muzik-ogretmenligi-programi-kktcnin-41-yilina-ozel-konser-gerceklestirdi\\\/\"},\"wordCount\":156,\"commentCount\":0,\"image\":{\"@id\":\"https:\\\/\\\/kuzeyinsesi.org\\\/index.php\\\/2024\\\/11\\\/22\\\/dau-muzik-ogretmenligi-programi-kktcnin-41-yilina-ozel-konser-gerceklestirdi\\\/#primaryimage\"},\"thumbnailUrl\":\"https:\\\/\\\/kuzeyinsesi.org\\\/wp-content\\\/uploads\\\/2024\\\/11\\\/gqa.jpg\",\"articleSection\":[\"Ya\u015fam\"],\"inLanguage\":\"tr\",\"potentialAction\":[{\"@type\":\"CommentAction\",\"name\":\"Comment\",\"target\":[\"https:\\\/\\\/kuzeyinsesi.org\\\/index.php\\\/2024\\\/11\\\/22\\\/dau-muzik-ogretmenligi-programi-kktcnin-41-yilina-ozel-konser-gerceklestirdi\\\/#respond\"]}]},{\"@type\":\"WebPage\",\"@id\":\"https:\\\/\\\/kuzeyinsesi.org\\\/index.php\\\/2024\\\/11\\\/22\\\/dau-muzik-ogretmenligi-programi-kktcnin-41-yilina-ozel-konser-gerceklestirdi\\\/\",\"url\":\"https:\\\/\\\/kuzeyinsesi.org\\\/index.php\\\/2024\\\/11\\\/22\\\/dau-muzik-ogretmenligi-programi-kktcnin-41-yilina-ozel-konser-gerceklestirdi\\\/\",\"name\":\"DA\u00dc M\u00fczik \u00d6\u011fretmenli\u011fi Program\u0131 KKTC\u2019nin 41. y\u0131l\u0131na \u00f6zel konser ger\u00e7ekle\u015ftirdi - Kuzeyin Sesi\",\"isPartOf\":{\"@id\":\"https:\\\/\\\/kuzeyinsesi.org\\\/#website\"},\"primaryImageOfPage\":{\"@id\":\"https:\\\/\\\/kuzeyinsesi.org\\\/index.php\\\/2024\\\/11\\\/22\\\/dau-muzik-ogretmenligi-programi-kktcnin-41-yilina-ozel-konser-gerceklestirdi\\\/#primaryimage\"},\"image\":{\"@id\":\"https:\\\/\\\/kuzeyinsesi.org\\\/index.php\\\/2024\\\/11\\\/22\\\/dau-muzik-ogretmenligi-programi-kktcnin-41-yilina-ozel-konser-gerceklestirdi\\\/#primaryimage\"},\"thumbnailUrl\":\"https:\\\/\\\/kuzeyinsesi.org\\\/wp-content\\\/uploads\\\/2024\\\/11\\\/gqa.jpg\",\"datePublished\":\"2024-11-22T15:00:47+00:00\",\"author\":{\"@id\":\"https:\\\/\\\/kuzeyinsesi.org\\\/#\\\/schema\\\/person\\\/9f859689cdf01485597712386e37f5aa\"},\"breadcrumb\":{\"@id\":\"https:\\\/\\\/kuzeyinsesi.org\\\/index.php\\\/2024\\\/11\\\/22\\\/dau-muzik-ogretmenligi-programi-kktcnin-41-yilina-ozel-konser-gerceklestirdi\\\/#breadcrumb\"},\"inLanguage\":\"tr\",\"potentialAction\":[{\"@type\":\"ReadAction\",\"target\":[\"https:\\\/\\\/kuzeyinsesi.org\\\/index.php\\\/2024\\\/11\\\/22\\\/dau-muzik-ogretmenligi-programi-kktcnin-41-yilina-ozel-konser-gerceklestirdi\\\/\"]}]},{\"@type\":\"ImageObject\",\"inLanguage\":\"tr\",\"@id\":\"https:\\\/\\\/kuzeyinsesi.org\\\/index.php\\\/2024\\\/11\\\/22\\\/dau-muzik-ogretmenligi-programi-kktcnin-41-yilina-ozel-konser-gerceklestirdi\\\/#primaryimage\",\"url\":\"https:\\\/\\\/kuzeyinsesi.org\\\/wp-content\\\/uploads\\\/2024\\\/11\\\/gqa.jpg\",\"contentUrl\":\"https:\\\/\\\/kuzeyinsesi.org\\\/wp-content\\\/uploads\\\/2024\\\/11\\\/gqa.jpg\",\"width\":1722,\"height\":1041},{\"@type\":\"BreadcrumbList\",\"@id\":\"https:\\\/\\\/kuzeyinsesi.org\\\/index.php\\\/2024\\\/11\\\/22\\\/dau-muzik-ogretmenligi-programi-kktcnin-41-yilina-ozel-konser-gerceklestirdi\\\/#breadcrumb\",\"itemListElement\":[{\"@type\":\"ListItem\",\"position\":1,\"name\":\"Anasayfa\",\"item\":\"https:\\\/\\\/kuzeyinsesi.org\\\/\"},{\"@type\":\"ListItem\",\"position\":2,\"name\":\"DA\u00dc M\u00fczik \u00d6\u011fretmenli\u011fi Program\u0131 KKTC\u2019nin 41. y\u0131l\u0131na \u00f6zel konser ger\u00e7ekle\u015ftirdi\"}]},{\"@type\":\"WebSite\",\"@id\":\"https:\\\/\\\/kuzeyinsesi.org\\\/#website\",\"url\":\"https:\\\/\\\/kuzeyinsesi.org\\\/\",\"name\":\"Kuzeyin Sesi\",\"description\":\"Do\u011fru Haberin Adresi\",\"potentialAction\":[{\"@type\":\"SearchAction\",\"target\":{\"@type\":\"EntryPoint\",\"urlTemplate\":\"https:\\\/\\\/kuzeyinsesi.org\\\/?s={search_term_string}\"},\"query-input\":{\"@type\":\"PropertyValueSpecification\",\"valueRequired\":true,\"valueName\":\"search_term_string\"}}],\"inLanguage\":\"tr\"},{\"@type\":\"Person\",\"@id\":\"https:\\\/\\\/kuzeyinsesi.org\\\/#\\\/schema\\\/person\\\/9f859689cdf01485597712386e37f5aa\",\"name\":\"Kuzeyin Sesi\",\"image\":{\"@type\":\"ImageObject\",\"inLanguage\":\"tr\",\"@id\":\"https:\\\/\\\/secure.gravatar.com\\\/avatar\\\/bab33852abfd8b282518d6ed81826833d77c3c882d9ab608add591ccace47a44?s=96&d=mm&r=g\",\"url\":\"https:\\\/\\\/secure.gravatar.com\\\/avatar\\\/bab33852abfd8b282518d6ed81826833d77c3c882d9ab608add591ccace47a44?s=96&d=mm&r=g\",\"contentUrl\":\"https:\\\/\\\/secure.gravatar.com\\\/avatar\\\/bab33852abfd8b282518d6ed81826833d77c3c882d9ab608add591ccace47a44?s=96&d=mm&r=g\",\"caption\":\"Kuzeyin Sesi\"},\"sameAs\":[\"https:\\\/\\\/kuzeyinsesi.org\"],\"url\":\"https:\\\/\\\/kuzeyinsesi.org\\\/index.php\\\/author\\\/guven\\\/\"}]}<\/script>\n<!-- \/ Yoast SEO plugin. -->","yoast_head_json":{"title":"DA\u00dc M\u00fczik \u00d6\u011fretmenli\u011fi Program\u0131 KKTC\u2019nin 41. y\u0131l\u0131na \u00f6zel konser ger\u00e7ekle\u015ftirdi - Kuzeyin Sesi","robots":{"index":"index","follow":"follow","max-snippet":"max-snippet:-1","max-image-preview":"max-image-preview:large","max-video-preview":"max-video-preview:-1"},"canonical":"https:\/\/kuzeyinsesi.org\/index.php\/2024\/11\/22\/dau-muzik-ogretmenligi-programi-kktcnin-41-yilina-ozel-konser-gerceklestirdi\/","og_locale":"tr_TR","og_type":"article","og_title":"DA\u00dc M\u00fczik \u00d6\u011fretmenli\u011fi Program\u0131 KKTC\u2019nin 41. y\u0131l\u0131na \u00f6zel konser ger\u00e7ekle\u015ftirdi - Kuzeyin Sesi","og_description":"Do\u011fu Akdeniz \u00dcniversitesi (DA\u00dc) E\u011fitim Fak\u00fcltesi, G\u00fczel Sanatlar E\u011fitimi B\u00f6l\u00fcm\u00fc, M\u00fczik \u00d6\u011fretmenli\u011fi Program\u0131 \u00f6\u011frencileri ile korosu, Kuzey K\u0131br\u0131s T\u00fcrk Cumhuriyeti\u2019nin (KKTC) 41. kurulu\u015f y\u0131ld\u00f6n\u00fcm\u00fcne \u00f6zel konser ger\u00e7ekle\u015ftirdi. DA\u00dc\u2019den verilen bilgiye g\u00f6re, ge\u00e7ti\u011fimiz sal\u0131 g\u00fcn\u00fc, saat 12.00\u2019de, DA\u00dc Merkezi Derslikler Binas\u0131\u2019nda ger\u00e7ekle\u015fen konsere DA\u00dc E\u011fitim Fak\u00fcltesi Dekan\u0131 Prof. Dr. Ahmet Pehlivan, G\u00fczel Sanatlar E\u011fitimi B\u00f6l\u00fcm Ba\u015fkan\u0131 [&hellip;]","og_url":"https:\/\/kuzeyinsesi.org\/index.php\/2024\/11\/22\/dau-muzik-ogretmenligi-programi-kktcnin-41-yilina-ozel-konser-gerceklestirdi\/","og_site_name":"Kuzeyin Sesi","article_publisher":"https:\/\/www.facebook.com\/kuzeyinsesii","article_published_time":"2024-11-22T15:00:47+00:00","og_image":[{"url":"https:\/\/brtk.net\/wp-content\/uploads\/2024\/11\/22\/gqa.jpg?ver=1bdf254173e9b6c40e08debb345f0d73","type":"","width":"","height":""}],"author":"Kuzeyin Sesi","twitter_card":"summary_large_image","twitter_creator":"@kuzeyinsesii","twitter_site":"@kuzeyinsesii","twitter_misc":{"Yazan:":"Kuzeyin Sesi","Tahmini okuma s\u00fcresi":"1 dakika"},"schema":{"@context":"https:\/\/schema.org","@graph":[{"@type":"Article","@id":"https:\/\/kuzeyinsesi.org\/index.php\/2024\/11\/22\/dau-muzik-ogretmenligi-programi-kktcnin-41-yilina-ozel-konser-gerceklestirdi\/#article","isPartOf":{"@id":"https:\/\/kuzeyinsesi.org\/index.php\/2024\/11\/22\/dau-muzik-ogretmenligi-programi-kktcnin-41-yilina-ozel-konser-gerceklestirdi\/"},"author":{"name":"Kuzeyin Sesi","@id":"https:\/\/kuzeyinsesi.org\/#\/schema\/person\/9f859689cdf01485597712386e37f5aa"},"headline":"DA\u00dc M\u00fczik \u00d6\u011fretmenli\u011fi Program\u0131 KKTC\u2019nin 41. y\u0131l\u0131na \u00f6zel konser ger\u00e7ekle\u015ftirdi","datePublished":"2024-11-22T15:00:47+00:00","mainEntityOfPage":{"@id":"https:\/\/kuzeyinsesi.org\/index.php\/2024\/11\/22\/dau-muzik-ogretmenligi-programi-kktcnin-41-yilina-ozel-konser-gerceklestirdi\/"},"wordCount":156,"commentCount":0,"image":{"@id":"https:\/\/kuzeyinsesi.org\/index.php\/2024\/11\/22\/dau-muzik-ogretmenligi-programi-kktcnin-41-yilina-ozel-konser-gerceklestirdi\/#primaryimage"},"thumbnailUrl":"https:\/\/kuzeyinsesi.org\/wp-content\/uploads\/2024\/11\/gqa.jpg","articleSection":["Ya\u015fam"],"inLanguage":"tr","potentialAction":[{"@type":"CommentAction","name":"Comment","target":["https:\/\/kuzeyinsesi.org\/index.php\/2024\/11\/22\/dau-muzik-ogretmenligi-programi-kktcnin-41-yilina-ozel-konser-gerceklestirdi\/#respond"]}]},{"@type":"WebPage","@id":"https:\/\/kuzeyinsesi.org\/index.php\/2024\/11\/22\/dau-muzik-ogretmenligi-programi-kktcnin-41-yilina-ozel-konser-gerceklestirdi\/","url":"https:\/\/kuzeyinsesi.org\/index.php\/2024\/11\/22\/dau-muzik-ogretmenligi-programi-kktcnin-41-yilina-ozel-konser-gerceklestirdi\/","name":"DA\u00dc M\u00fczik \u00d6\u011fretmenli\u011fi Program\u0131 KKTC\u2019nin 41. y\u0131l\u0131na \u00f6zel konser ger\u00e7ekle\u015ftirdi - Kuzeyin Sesi","isPartOf":{"@id":"https:\/\/kuzeyinsesi.org\/#website"},"primaryImageOfPage":{"@id":"https:\/\/kuzeyinsesi.org\/index.php\/2024\/11\/22\/dau-muzik-ogretmenligi-programi-kktcnin-41-yilina-ozel-konser-gerceklestirdi\/#primaryimage"},"image":{"@id":"https:\/\/kuzeyinsesi.org\/index.php\/2024\/11\/22\/dau-muzik-ogretmenligi-programi-kktcnin-41-yilina-ozel-konser-gerceklestirdi\/#primaryimage"},"thumbnailUrl":"https:\/\/kuzeyinsesi.org\/wp-content\/uploads\/2024\/11\/gqa.jpg","datePublished":"2024-11-22T15:00:47+00:00","author":{"@id":"https:\/\/kuzeyinsesi.org\/#\/schema\/person\/9f859689cdf01485597712386e37f5aa"},"breadcrumb":{"@id":"https:\/\/kuzeyinsesi.org\/index.php\/2024\/11\/22\/dau-muzik-ogretmenligi-programi-kktcnin-41-yilina-ozel-konser-gerceklestirdi\/#breadcrumb"},"inLanguage":"tr","potentialAction":[{"@type":"ReadAction","target":["https:\/\/kuzeyinsesi.org\/index.php\/2024\/11\/22\/dau-muzik-ogretmenligi-programi-kktcnin-41-yilina-ozel-konser-gerceklestirdi\/"]}]},{"@type":"ImageObject","inLanguage":"tr","@id":"https:\/\/kuzeyinsesi.org\/index.php\/2024\/11\/22\/dau-muzik-ogretmenligi-programi-kktcnin-41-yilina-ozel-konser-gerceklestirdi\/#primaryimage","url":"https:\/\/kuzeyinsesi.org\/wp-content\/uploads\/2024\/11\/gqa.jpg","contentUrl":"https:\/\/kuzeyinsesi.org\/wp-content\/uploads\/2024\/11\/gqa.jpg","width":1722,"height":1041},{"@type":"BreadcrumbList","@id":"https:\/\/kuzeyinsesi.org\/index.php\/2024\/11\/22\/dau-muzik-ogretmenligi-programi-kktcnin-41-yilina-ozel-konser-gerceklestirdi\/#breadcrumb","itemListElement":[{"@type":"ListItem","position":1,"name":"Anasayfa","item":"https:\/\/kuzeyinsesi.org\/"},{"@type":"ListItem","position":2,"name":"DA\u00dc M\u00fczik \u00d6\u011fretmenli\u011fi Program\u0131 KKTC\u2019nin 41. y\u0131l\u0131na \u00f6zel konser ger\u00e7ekle\u015ftirdi"}]},{"@type":"WebSite","@id":"https:\/\/kuzeyinsesi.org\/#website","url":"https:\/\/kuzeyinsesi.org\/","name":"Kuzeyin Sesi","description":"Do\u011fru Haberin Adresi","potentialAction":[{"@type":"SearchAction","target":{"@type":"EntryPoint","urlTemplate":"https:\/\/kuzeyinsesi.org\/?s={search_term_string}"},"query-input":{"@type":"PropertyValueSpecification","valueRequired":true,"valueName":"search_term_string"}}],"inLanguage":"tr"},{"@type":"Person","@id":"https:\/\/kuzeyinsesi.org\/#\/schema\/person\/9f859689cdf01485597712386e37f5aa","name":"Kuzeyin Sesi","image":{"@type":"ImageObject","inLanguage":"tr","@id":"https:\/\/secure.gravatar.com\/avatar\/bab33852abfd8b282518d6ed81826833d77c3c882d9ab608add591ccace47a44?s=96&d=mm&r=g","url":"https:\/\/secure.gravatar.com\/avatar\/bab33852abfd8b282518d6ed81826833d77c3c882d9ab608add591ccace47a44?s=96&d=mm&r=g","contentUrl":"https:\/\/secure.gravatar.com\/avatar\/bab33852abfd8b282518d6ed81826833d77c3c882d9ab608add591ccace47a44?s=96&d=mm&r=g","caption":"Kuzeyin Sesi"},"sameAs":["https:\/\/kuzeyinsesi.org"],"url":"https:\/\/kuzeyinsesi.org\/index.php\/author\/guven\/"}]}},"_links":{"self":[{"href":"https:\/\/kuzeyinsesi.org\/index.php\/wp-json\/wp\/v2\/posts\/14070","targetHints":{"allow":["GET"]}}],"collection":[{"href":"https:\/\/kuzeyinsesi.org\/index.php\/wp-json\/wp\/v2\/posts"}],"about":[{"href":"https:\/\/kuzeyinsesi.org\/index.php\/wp-json\/wp\/v2\/types\/post"}],"author":[{"embeddable":true,"href":"https:\/\/kuzeyinsesi.org\/index.php\/wp-json\/wp\/v2\/users\/1"}],"replies":[{"embeddable":true,"href":"https:\/\/kuzeyinsesi.org\/index.php\/wp-json\/wp\/v2\/comments?post=14070"}],"version-history":[{"count":0,"href":"https:\/\/kuzeyinsesi.org\/index.php\/wp-json\/wp\/v2\/posts\/14070\/revisions"}],"wp:featuredmedia":[{"embeddable":true,"href":"https:\/\/kuzeyinsesi.org\/index.php\/wp-json\/wp\/v2\/media\/14071"}],"wp:attachment":[{"href":"https:\/\/kuzeyinsesi.org\/index.php\/wp-json\/wp\/v2\/media?parent=14070"}],"wp:term":[{"taxonomy":"category","embeddable":true,"href":"https:\/\/kuzeyinsesi.org\/index.php\/wp-json\/wp\/v2\/categories?post=14070"},{"taxonomy":"post_tag","embeddable":true,"href":"https:\/\/kuzeyinsesi.org\/index.php\/wp-json\/wp\/v2\/tags?post=14070"}],"curies":[{"name":"wp","href":"https:\/\/api.w.org\/{rel}","templated":true}]}}