{"id":14066,"date":"2024-11-22T15:27:59","date_gmt":"2024-11-22T13:27:59","guid":{"rendered":"https:\/\/kuzeyinsesi.org\/index.php\/2024\/11\/22\/erbas-turkiye-disisleri-bakanligi-butce-gorusmelerinde-kibrisla-ilgili-konustu\/"},"modified":"2024-11-22T15:27:59","modified_gmt":"2024-11-22T13:27:59","slug":"erbas-turkiye-disisleri-bakanligi-butce-gorusmelerinde-kibrisla-ilgili-konustu","status":"publish","type":"post","link":"https:\/\/kuzeyinsesi.org\/index.php\/2024\/11\/22\/erbas-turkiye-disisleri-bakanligi-butce-gorusmelerinde-kibrisla-ilgili-konustu\/","title":{"rendered":"Erba\u015f, T\u00fcrkiye D\u0131\u015fi\u015fleri Bakanl\u0131\u011f\u0131 b\u00fct\u00e7e g\u00f6r\u00fc\u015fmelerinde K\u0131br\u0131s\u2019la ilgili konu\u015ftu"},"content":{"rendered":"<div>\n<div class=\"mariselle-image-container center\">\n                                            <\/div>\n<p>TBMM Plan ve B\u00fct\u00e7e Komisyonunda milletvekilleri, T\u00fcrkiye D\u0131\u015fi\u015fleri Bakanl\u0131\u011f\u0131n\u0131n 2025 y\u0131l\u0131 b\u00fct\u00e7esi \u00fczerinde g\u00f6r\u00fc\u015flerini dile getirdi.<\/p>\n<p>Bu \u00e7er\u00e7evede s\u00f6z alan MHP K\u00fctahya Milletvekili Ahmet Erba\u015f, ayn\u0131 zamanda Kuzey K\u0131br\u0131s T\u00fcrk Cumhuriyeti vatanda\u015f\u0131 olmam nedeniyle her platformda K\u0131br\u0131sl\u0131 T\u00fcrklerin sesi olmay\u0131 g\u00f6rev sayd\u0131\u011f\u0131n\u0131 belirtti.<\/p>\n<p>\u201cK\u0131br\u0131s Rum taraf\u0131 K\u0131br\u0131sl\u0131 T\u00fcrklerle e\u015fitlik zeminini reddetmekte, kas\u0131tl\u0131 olarak \u00e7\u00f6z\u00fcm s\u00fcrecini baltalamaktad\u0131r\u201d diyen Erba\u015f, K\u0131br\u0131s T\u00fcrk halk\u0131n\u0131n uluslararas\u0131 alanda maruz kald\u0131\u011f\u0131 izolasyonlar\u0131 da gayr\u0131 insani olarak niteledi ve ele\u015ftirdi.  <\/p>\n<p>\u201cSay\u0131n Cumhurba\u015fkan\u0131m\u0131z\u0131n ifade ettikleri gibi T\u00fcrkiye olarak K\u0131br\u0131sl\u0131 karde\u015flerimizle, ekme\u011fimizi, suyumuzu ve gelece\u011fimizi payla\u015fmaya devam edece\u011fiz\u201d diyen Erba\u015f, \u201cK\u0131br\u0131s T\u00fcrk halk\u0131n\u0131n egemen e\u015fitli\u011fi ve e\u015fit uluslararas\u0131 stat\u00fcs\u00fc ivedilikle tescil edilmelidir. Bu ba\u011flamda, Say\u0131n Cumhurba\u015fkan\u0131m\u0131z\u0131n Birle\u015fmi\u015f Milletler Genel Kurulunda yapt\u0131\u011f\u0131 Kuzey K\u0131br\u0131s T\u00fcrk Cumhuriyeti\u2019nin ba\u011f\u0131ms\u0131zl\u0131\u011f\u0131n\u0131n tan\u0131nmas\u0131 \u00e7a\u011fr\u0131s\u0131n\u0131 y\u00fcrekten destekliyoruz\u201d \u015feklinde konu\u015ftu.<\/p>\n<p>Erba\u015f konu\u015fmas\u0131n\u0131 \u015f\u00f6yle s\u00fcrd\u00fcrd\u00fc:<\/p>\n<p>\u201c\u00d6zellikle G\u00fcney K\u0131br\u0131s Rum Y\u00f6netimi\u2019nin Do\u011fu Akdeniz\u2019de do\u011fal gaz aray\u0131\u015flar\u0131, deniz alanlar\u0131n\u0131n belirlenmesi ve do\u011falgaz\u0131n ta\u015f\u0131naca\u011f\u0131 boru hatt\u0131n\u0131n in\u015fas\u0131 gibi konularda T\u00fcrkiye\u2019yi d\u0131\u015flayarak b\u00f6lge \u00fclkeleriyle bir araya gelmesi son derece rahats\u0131z edicidir. Bu nedenle, KKTC\u2019nin uluslararas\u0131 arenada g\u00f6r\u00fcn\u00fcrl\u00fc\u011f\u00fcn\u00fc art\u0131rmak ad\u0131na yapt\u0131\u011f\u0131n\u0131z giri\u015fimlerin \u00e7ok k\u0131ymetli oldu\u011funu buradan vurgulamak isterim. Azerbaycan Cumhurba\u015fkan\u0131 Aliyev\u2019in, KKTC\u2018nin T\u00fcrk Devletleri Te\u015fkilat\u0131\u2019na asil \u00fcye olmas\u0131n\u0131 destekledi\u011fini belirtmesi son derece \u00f6nemlidir. Yine \u201cAzerbaycan-KKTC Parlamentolar Aras\u0131 \u0130li\u015fkiler Dostluk Grubu\u201d kurulmas\u0131 da tarihi bir ad\u0131md\u0131r\u201d<\/p>\n<p>\u201cDepremde Ad\u0131yaman \u0130sias Otel\u2019in \u00e7\u00f6kmesiyle kaybetti\u011fimiz \u015eampiyon Meleklerimiz\u2019in ailelerine verdi\u011fimiz bir s\u00f6z var\u201d diyen Erba\u015f, \u201cOnlar\u0131 unutmayaca\u011f\u0131z ve adalet m\u00fccadelesinde sonuna kadar yanlar\u0131nda olmaya devam edece\u011fiz\u201d ifadelerini de kulland\u0131.<\/p>\n<p>Erba\u015f, \u201cCumhurba\u015fkan\u0131 Ersin Tatar\u2019\u0131n T\u00fcrkiye\u2019nin deste\u011fini alarak ileriye g\u00f6t\u00fcrd\u00fc\u011f\u00fc egemen e\u015fitlik ve e\u015fit uluslararas\u0131 stat\u00fc siyasetimiz, t\u00fcm partiler taraf\u0131ndan desteklenmesi gereken tutarl\u0131 bir siyasettir. K\u0131br\u0131s\u2019ta bar\u0131\u015f vard\u0131r. K\u0131br\u0131s T\u00fcrk halk\u0131 1974 \u00f6ncesi \u00e7ok zor ko\u015fullarda, m\u00fccadeleden pes etmedi. Bundan sonra hi\u00e7 etmez\u201d s\u00f6zleriyle konu\u015fmas\u0131n\u0131 noktalad\u0131.<\/p>\n<\/p><\/div>\n<p><script async\n                    defer\n                    crossorigin=\"anonymous\"\n                    src=\"https:\/\/connect.facebook.net\/tr_TR\/sdk.js#xfbml=1&#038;version=v3.3\"\n            ><\/script><\/p>\n","protected":false},"excerpt":{"rendered":"<p>TBMM Plan ve B\u00fct\u00e7e Komisyonunda milletvekilleri, T\u00fcrkiye D\u0131\u015fi\u015fleri Bakanl\u0131\u011f\u0131n\u0131n 2025 y\u0131l\u0131 b\u00fct\u00e7esi \u00fczerinde g\u00f6r\u00fc\u015flerini dile getirdi. Bu \u00e7er\u00e7evede s\u00f6z alan MHP K\u00fctahya Milletvekili Ahmet Erba\u015f, ayn\u0131 zamanda Kuzey K\u0131br\u0131s T\u00fcrk Cumhuriyeti vatanda\u015f\u0131 olmam nedeniyle her platformda K\u0131br\u0131sl\u0131 T\u00fcrklerin sesi olmay\u0131 g\u00f6rev sayd\u0131\u011f\u0131n\u0131 belirtti. \u201cK\u0131br\u0131s Rum taraf\u0131 K\u0131br\u0131sl\u0131 T\u00fcrklerle e\u015fitlik zeminini reddetmekte, kas\u0131tl\u0131 olarak \u00e7\u00f6z\u00fcm s\u00fcrecini [&hellip;]<\/p>\n","protected":false},"author":1,"featured_media":14067,"comment_status":"open","ping_status":"open","sticky":false,"template":"","format":"standard","meta":{"jnews-multi-image_gallery":[],"jnews_single_post":[],"jnews_primary_category":[],"jnews_social_meta":[],"jnews_override_counter":[],"footnotes":""},"categories":[5],"tags":[],"class_list":["post-14066","post","type-post","status-publish","format-standard","has-post-thumbnail","hentry","category-turkiye"],"yoast_head":"<!-- This site is optimized with the Yoast SEO plugin v27.4 - https:\/\/yoast.com\/product\/yoast-seo-wordpress\/ -->\n<title>Erba\u015f, T\u00fcrkiye D\u0131\u015fi\u015fleri Bakanl\u0131\u011f\u0131 b\u00fct\u00e7e g\u00f6r\u00fc\u015fmelerinde K\u0131br\u0131s\u2019la ilgili konu\u015ftu - Kuzeyin Sesi<\/title>\n<meta name=\"robots\" content=\"index, follow, max-snippet:-1, max-image-preview:large, max-video-preview:-1\" \/>\n<link rel=\"canonical\" href=\"https:\/\/kuzeyinsesi.org\/index.php\/2024\/11\/22\/erbas-turkiye-disisleri-bakanligi-butce-gorusmelerinde-kibrisla-ilgili-konustu\/\" \/>\n<meta property=\"og:locale\" content=\"tr_TR\" \/>\n<meta property=\"og:type\" content=\"article\" \/>\n<meta property=\"og:title\" content=\"Erba\u015f, T\u00fcrkiye D\u0131\u015fi\u015fleri Bakanl\u0131\u011f\u0131 b\u00fct\u00e7e g\u00f6r\u00fc\u015fmelerinde K\u0131br\u0131s\u2019la ilgili konu\u015ftu - Kuzeyin Sesi\" \/>\n<meta property=\"og:description\" content=\"TBMM Plan ve B\u00fct\u00e7e Komisyonunda milletvekilleri, T\u00fcrkiye D\u0131\u015fi\u015fleri Bakanl\u0131\u011f\u0131n\u0131n 2025 y\u0131l\u0131 b\u00fct\u00e7esi \u00fczerinde g\u00f6r\u00fc\u015flerini dile getirdi. Bu \u00e7er\u00e7evede s\u00f6z alan MHP K\u00fctahya Milletvekili Ahmet Erba\u015f, ayn\u0131 zamanda Kuzey K\u0131br\u0131s T\u00fcrk Cumhuriyeti vatanda\u015f\u0131 olmam nedeniyle her platformda K\u0131br\u0131sl\u0131 T\u00fcrklerin sesi olmay\u0131 g\u00f6rev sayd\u0131\u011f\u0131n\u0131 belirtti. \u201cK\u0131br\u0131s Rum taraf\u0131 K\u0131br\u0131sl\u0131 T\u00fcrklerle e\u015fitlik zeminini reddetmekte, kas\u0131tl\u0131 olarak \u00e7\u00f6z\u00fcm s\u00fcrecini [&hellip;]\" \/>\n<meta property=\"og:url\" content=\"https:\/\/kuzeyinsesi.org\/index.php\/2024\/11\/22\/erbas-turkiye-disisleri-bakanligi-butce-gorusmelerinde-kibrisla-ilgili-konustu\/\" \/>\n<meta property=\"og:site_name\" content=\"Kuzeyin Sesi\" \/>\n<meta property=\"article:publisher\" content=\"https:\/\/www.facebook.com\/kuzeyinsesii\" \/>\n<meta property=\"article:published_time\" content=\"2024-11-22T13:27:59+00:00\" \/>\n<meta property=\"og:image\" content=\"https:\/\/brtk.net\/wp-content\/uploads\/2024\/11\/22\/erbas.png?ver=23f156708ad4d2b037ba1280aadbed0d\" \/>\n<meta name=\"author\" content=\"Kuzeyin Sesi\" \/>\n<meta name=\"twitter:card\" content=\"summary_large_image\" \/>\n<meta name=\"twitter:creator\" content=\"@kuzeyinsesii\" \/>\n<meta name=\"twitter:site\" content=\"@kuzeyinsesii\" \/>\n<meta name=\"twitter:label1\" content=\"Yazan:\" \/>\n\t<meta name=\"twitter:data1\" content=\"Kuzeyin Sesi\" \/>\n\t<meta name=\"twitter:label2\" content=\"Tahmini okuma s\u00fcresi\" \/>\n\t<meta name=\"twitter:data2\" content=\"2 dakika\" \/>\n<script type=\"application\/ld+json\" class=\"yoast-schema-graph\">{\"@context\":\"https:\\\/\\\/schema.org\",\"@graph\":[{\"@type\":\"Article\",\"@id\":\"https:\\\/\\\/kuzeyinsesi.org\\\/index.php\\\/2024\\\/11\\\/22\\\/erbas-turkiye-disisleri-bakanligi-butce-gorusmelerinde-kibrisla-ilgili-konustu\\\/#article\",\"isPartOf\":{\"@id\":\"https:\\\/\\\/kuzeyinsesi.org\\\/index.php\\\/2024\\\/11\\\/22\\\/erbas-turkiye-disisleri-bakanligi-butce-gorusmelerinde-kibrisla-ilgili-konustu\\\/\"},\"author\":{\"name\":\"Kuzeyin Sesi\",\"@id\":\"https:\\\/\\\/kuzeyinsesi.org\\\/#\\\/schema\\\/person\\\/9f859689cdf01485597712386e37f5aa\"},\"headline\":\"Erba\u015f, T\u00fcrkiye D\u0131\u015fi\u015fleri Bakanl\u0131\u011f\u0131 b\u00fct\u00e7e g\u00f6r\u00fc\u015fmelerinde K\u0131br\u0131s\u2019la ilgili konu\u015ftu\",\"datePublished\":\"2024-11-22T13:27:59+00:00\",\"mainEntityOfPage\":{\"@id\":\"https:\\\/\\\/kuzeyinsesi.org\\\/index.php\\\/2024\\\/11\\\/22\\\/erbas-turkiye-disisleri-bakanligi-butce-gorusmelerinde-kibrisla-ilgili-konustu\\\/\"},\"wordCount\":458,\"commentCount\":0,\"image\":{\"@id\":\"https:\\\/\\\/kuzeyinsesi.org\\\/index.php\\\/2024\\\/11\\\/22\\\/erbas-turkiye-disisleri-bakanligi-butce-gorusmelerinde-kibrisla-ilgili-konustu\\\/#primaryimage\"},\"thumbnailUrl\":\"https:\\\/\\\/kuzeyinsesi.org\\\/wp-content\\\/uploads\\\/2024\\\/11\\\/erbas.png\",\"articleSection\":[\"T\u00fcrkiye\"],\"inLanguage\":\"tr\",\"potentialAction\":[{\"@type\":\"CommentAction\",\"name\":\"Comment\",\"target\":[\"https:\\\/\\\/kuzeyinsesi.org\\\/index.php\\\/2024\\\/11\\\/22\\\/erbas-turkiye-disisleri-bakanligi-butce-gorusmelerinde-kibrisla-ilgili-konustu\\\/#respond\"]}]},{\"@type\":\"WebPage\",\"@id\":\"https:\\\/\\\/kuzeyinsesi.org\\\/index.php\\\/2024\\\/11\\\/22\\\/erbas-turkiye-disisleri-bakanligi-butce-gorusmelerinde-kibrisla-ilgili-konustu\\\/\",\"url\":\"https:\\\/\\\/kuzeyinsesi.org\\\/index.php\\\/2024\\\/11\\\/22\\\/erbas-turkiye-disisleri-bakanligi-butce-gorusmelerinde-kibrisla-ilgili-konustu\\\/\",\"name\":\"Erba\u015f, T\u00fcrkiye D\u0131\u015fi\u015fleri Bakanl\u0131\u011f\u0131 b\u00fct\u00e7e g\u00f6r\u00fc\u015fmelerinde K\u0131br\u0131s\u2019la ilgili konu\u015ftu - Kuzeyin Sesi\",\"isPartOf\":{\"@id\":\"https:\\\/\\\/kuzeyinsesi.org\\\/#website\"},\"primaryImageOfPage\":{\"@id\":\"https:\\\/\\\/kuzeyinsesi.org\\\/index.php\\\/2024\\\/11\\\/22\\\/erbas-turkiye-disisleri-bakanligi-butce-gorusmelerinde-kibrisla-ilgili-konustu\\\/#primaryimage\"},\"image\":{\"@id\":\"https:\\\/\\\/kuzeyinsesi.org\\\/index.php\\\/2024\\\/11\\\/22\\\/erbas-turkiye-disisleri-bakanligi-butce-gorusmelerinde-kibrisla-ilgili-konustu\\\/#primaryimage\"},\"thumbnailUrl\":\"https:\\\/\\\/kuzeyinsesi.org\\\/wp-content\\\/uploads\\\/2024\\\/11\\\/erbas.png\",\"datePublished\":\"2024-11-22T13:27:59+00:00\",\"author\":{\"@id\":\"https:\\\/\\\/kuzeyinsesi.org\\\/#\\\/schema\\\/person\\\/9f859689cdf01485597712386e37f5aa\"},\"breadcrumb\":{\"@id\":\"https:\\\/\\\/kuzeyinsesi.org\\\/index.php\\\/2024\\\/11\\\/22\\\/erbas-turkiye-disisleri-bakanligi-butce-gorusmelerinde-kibrisla-ilgili-konustu\\\/#breadcrumb\"},\"inLanguage\":\"tr\",\"potentialAction\":[{\"@type\":\"ReadAction\",\"target\":[\"https:\\\/\\\/kuzeyinsesi.org\\\/index.php\\\/2024\\\/11\\\/22\\\/erbas-turkiye-disisleri-bakanligi-butce-gorusmelerinde-kibrisla-ilgili-konustu\\\/\"]}]},{\"@type\":\"ImageObject\",\"inLanguage\":\"tr\",\"@id\":\"https:\\\/\\\/kuzeyinsesi.org\\\/index.php\\\/2024\\\/11\\\/22\\\/erbas-turkiye-disisleri-bakanligi-butce-gorusmelerinde-kibrisla-ilgili-konustu\\\/#primaryimage\",\"url\":\"https:\\\/\\\/kuzeyinsesi.org\\\/wp-content\\\/uploads\\\/2024\\\/11\\\/erbas.png\",\"contentUrl\":\"https:\\\/\\\/kuzeyinsesi.org\\\/wp-content\\\/uploads\\\/2024\\\/11\\\/erbas.png\",\"width\":546,\"height\":291},{\"@type\":\"BreadcrumbList\",\"@id\":\"https:\\\/\\\/kuzeyinsesi.org\\\/index.php\\\/2024\\\/11\\\/22\\\/erbas-turkiye-disisleri-bakanligi-butce-gorusmelerinde-kibrisla-ilgili-konustu\\\/#breadcrumb\",\"itemListElement\":[{\"@type\":\"ListItem\",\"position\":1,\"name\":\"Anasayfa\",\"item\":\"https:\\\/\\\/kuzeyinsesi.org\\\/\"},{\"@type\":\"ListItem\",\"position\":2,\"name\":\"Erba\u015f, T\u00fcrkiye D\u0131\u015fi\u015fleri Bakanl\u0131\u011f\u0131 b\u00fct\u00e7e g\u00f6r\u00fc\u015fmelerinde K\u0131br\u0131s\u2019la ilgili konu\u015ftu\"}]},{\"@type\":\"WebSite\",\"@id\":\"https:\\\/\\\/kuzeyinsesi.org\\\/#website\",\"url\":\"https:\\\/\\\/kuzeyinsesi.org\\\/\",\"name\":\"Kuzeyin Sesi\",\"description\":\"Do\u011fru Haberin Adresi\",\"potentialAction\":[{\"@type\":\"SearchAction\",\"target\":{\"@type\":\"EntryPoint\",\"urlTemplate\":\"https:\\\/\\\/kuzeyinsesi.org\\\/?s={search_term_string}\"},\"query-input\":{\"@type\":\"PropertyValueSpecification\",\"valueRequired\":true,\"valueName\":\"search_term_string\"}}],\"inLanguage\":\"tr\"},{\"@type\":\"Person\",\"@id\":\"https:\\\/\\\/kuzeyinsesi.org\\\/#\\\/schema\\\/person\\\/9f859689cdf01485597712386e37f5aa\",\"name\":\"Kuzeyin Sesi\",\"image\":{\"@type\":\"ImageObject\",\"inLanguage\":\"tr\",\"@id\":\"https:\\\/\\\/secure.gravatar.com\\\/avatar\\\/bab33852abfd8b282518d6ed81826833d77c3c882d9ab608add591ccace47a44?s=96&d=mm&r=g\",\"url\":\"https:\\\/\\\/secure.gravatar.com\\\/avatar\\\/bab33852abfd8b282518d6ed81826833d77c3c882d9ab608add591ccace47a44?s=96&d=mm&r=g\",\"contentUrl\":\"https:\\\/\\\/secure.gravatar.com\\\/avatar\\\/bab33852abfd8b282518d6ed81826833d77c3c882d9ab608add591ccace47a44?s=96&d=mm&r=g\",\"caption\":\"Kuzeyin Sesi\"},\"sameAs\":[\"https:\\\/\\\/kuzeyinsesi.org\"],\"url\":\"https:\\\/\\\/kuzeyinsesi.org\\\/index.php\\\/author\\\/guven\\\/\"}]}<\/script>\n<!-- \/ Yoast SEO plugin. -->","yoast_head_json":{"title":"Erba\u015f, T\u00fcrkiye D\u0131\u015fi\u015fleri Bakanl\u0131\u011f\u0131 b\u00fct\u00e7e g\u00f6r\u00fc\u015fmelerinde K\u0131br\u0131s\u2019la ilgili konu\u015ftu - Kuzeyin Sesi","robots":{"index":"index","follow":"follow","max-snippet":"max-snippet:-1","max-image-preview":"max-image-preview:large","max-video-preview":"max-video-preview:-1"},"canonical":"https:\/\/kuzeyinsesi.org\/index.php\/2024\/11\/22\/erbas-turkiye-disisleri-bakanligi-butce-gorusmelerinde-kibrisla-ilgili-konustu\/","og_locale":"tr_TR","og_type":"article","og_title":"Erba\u015f, T\u00fcrkiye D\u0131\u015fi\u015fleri Bakanl\u0131\u011f\u0131 b\u00fct\u00e7e g\u00f6r\u00fc\u015fmelerinde K\u0131br\u0131s\u2019la ilgili konu\u015ftu - Kuzeyin Sesi","og_description":"TBMM Plan ve B\u00fct\u00e7e Komisyonunda milletvekilleri, T\u00fcrkiye D\u0131\u015fi\u015fleri Bakanl\u0131\u011f\u0131n\u0131n 2025 y\u0131l\u0131 b\u00fct\u00e7esi \u00fczerinde g\u00f6r\u00fc\u015flerini dile getirdi. Bu \u00e7er\u00e7evede s\u00f6z alan MHP K\u00fctahya Milletvekili Ahmet Erba\u015f, ayn\u0131 zamanda Kuzey K\u0131br\u0131s T\u00fcrk Cumhuriyeti vatanda\u015f\u0131 olmam nedeniyle her platformda K\u0131br\u0131sl\u0131 T\u00fcrklerin sesi olmay\u0131 g\u00f6rev sayd\u0131\u011f\u0131n\u0131 belirtti. \u201cK\u0131br\u0131s Rum taraf\u0131 K\u0131br\u0131sl\u0131 T\u00fcrklerle e\u015fitlik zeminini reddetmekte, kas\u0131tl\u0131 olarak \u00e7\u00f6z\u00fcm s\u00fcrecini [&hellip;]","og_url":"https:\/\/kuzeyinsesi.org\/index.php\/2024\/11\/22\/erbas-turkiye-disisleri-bakanligi-butce-gorusmelerinde-kibrisla-ilgili-konustu\/","og_site_name":"Kuzeyin Sesi","article_publisher":"https:\/\/www.facebook.com\/kuzeyinsesii","article_published_time":"2024-11-22T13:27:59+00:00","og_image":[{"url":"https:\/\/brtk.net\/wp-content\/uploads\/2024\/11\/22\/erbas.png?ver=23f156708ad4d2b037ba1280aadbed0d","type":"","width":"","height":""}],"author":"Kuzeyin Sesi","twitter_card":"summary_large_image","twitter_creator":"@kuzeyinsesii","twitter_site":"@kuzeyinsesii","twitter_misc":{"Yazan:":"Kuzeyin Sesi","Tahmini okuma s\u00fcresi":"2 dakika"},"schema":{"@context":"https:\/\/schema.org","@graph":[{"@type":"Article","@id":"https:\/\/kuzeyinsesi.org\/index.php\/2024\/11\/22\/erbas-turkiye-disisleri-bakanligi-butce-gorusmelerinde-kibrisla-ilgili-konustu\/#article","isPartOf":{"@id":"https:\/\/kuzeyinsesi.org\/index.php\/2024\/11\/22\/erbas-turkiye-disisleri-bakanligi-butce-gorusmelerinde-kibrisla-ilgili-konustu\/"},"author":{"name":"Kuzeyin Sesi","@id":"https:\/\/kuzeyinsesi.org\/#\/schema\/person\/9f859689cdf01485597712386e37f5aa"},"headline":"Erba\u015f, T\u00fcrkiye D\u0131\u015fi\u015fleri Bakanl\u0131\u011f\u0131 b\u00fct\u00e7e g\u00f6r\u00fc\u015fmelerinde K\u0131br\u0131s\u2019la ilgili konu\u015ftu","datePublished":"2024-11-22T13:27:59+00:00","mainEntityOfPage":{"@id":"https:\/\/kuzeyinsesi.org\/index.php\/2024\/11\/22\/erbas-turkiye-disisleri-bakanligi-butce-gorusmelerinde-kibrisla-ilgili-konustu\/"},"wordCount":458,"commentCount":0,"image":{"@id":"https:\/\/kuzeyinsesi.org\/index.php\/2024\/11\/22\/erbas-turkiye-disisleri-bakanligi-butce-gorusmelerinde-kibrisla-ilgili-konustu\/#primaryimage"},"thumbnailUrl":"https:\/\/kuzeyinsesi.org\/wp-content\/uploads\/2024\/11\/erbas.png","articleSection":["T\u00fcrkiye"],"inLanguage":"tr","potentialAction":[{"@type":"CommentAction","name":"Comment","target":["https:\/\/kuzeyinsesi.org\/index.php\/2024\/11\/22\/erbas-turkiye-disisleri-bakanligi-butce-gorusmelerinde-kibrisla-ilgili-konustu\/#respond"]}]},{"@type":"WebPage","@id":"https:\/\/kuzeyinsesi.org\/index.php\/2024\/11\/22\/erbas-turkiye-disisleri-bakanligi-butce-gorusmelerinde-kibrisla-ilgili-konustu\/","url":"https:\/\/kuzeyinsesi.org\/index.php\/2024\/11\/22\/erbas-turkiye-disisleri-bakanligi-butce-gorusmelerinde-kibrisla-ilgili-konustu\/","name":"Erba\u015f, T\u00fcrkiye D\u0131\u015fi\u015fleri Bakanl\u0131\u011f\u0131 b\u00fct\u00e7e g\u00f6r\u00fc\u015fmelerinde K\u0131br\u0131s\u2019la ilgili konu\u015ftu - Kuzeyin Sesi","isPartOf":{"@id":"https:\/\/kuzeyinsesi.org\/#website"},"primaryImageOfPage":{"@id":"https:\/\/kuzeyinsesi.org\/index.php\/2024\/11\/22\/erbas-turkiye-disisleri-bakanligi-butce-gorusmelerinde-kibrisla-ilgili-konustu\/#primaryimage"},"image":{"@id":"https:\/\/kuzeyinsesi.org\/index.php\/2024\/11\/22\/erbas-turkiye-disisleri-bakanligi-butce-gorusmelerinde-kibrisla-ilgili-konustu\/#primaryimage"},"thumbnailUrl":"https:\/\/kuzeyinsesi.org\/wp-content\/uploads\/2024\/11\/erbas.png","datePublished":"2024-11-22T13:27:59+00:00","author":{"@id":"https:\/\/kuzeyinsesi.org\/#\/schema\/person\/9f859689cdf01485597712386e37f5aa"},"breadcrumb":{"@id":"https:\/\/kuzeyinsesi.org\/index.php\/2024\/11\/22\/erbas-turkiye-disisleri-bakanligi-butce-gorusmelerinde-kibrisla-ilgili-konustu\/#breadcrumb"},"inLanguage":"tr","potentialAction":[{"@type":"ReadAction","target":["https:\/\/kuzeyinsesi.org\/index.php\/2024\/11\/22\/erbas-turkiye-disisleri-bakanligi-butce-gorusmelerinde-kibrisla-ilgili-konustu\/"]}]},{"@type":"ImageObject","inLanguage":"tr","@id":"https:\/\/kuzeyinsesi.org\/index.php\/2024\/11\/22\/erbas-turkiye-disisleri-bakanligi-butce-gorusmelerinde-kibrisla-ilgili-konustu\/#primaryimage","url":"https:\/\/kuzeyinsesi.org\/wp-content\/uploads\/2024\/11\/erbas.png","contentUrl":"https:\/\/kuzeyinsesi.org\/wp-content\/uploads\/2024\/11\/erbas.png","width":546,"height":291},{"@type":"BreadcrumbList","@id":"https:\/\/kuzeyinsesi.org\/index.php\/2024\/11\/22\/erbas-turkiye-disisleri-bakanligi-butce-gorusmelerinde-kibrisla-ilgili-konustu\/#breadcrumb","itemListElement":[{"@type":"ListItem","position":1,"name":"Anasayfa","item":"https:\/\/kuzeyinsesi.org\/"},{"@type":"ListItem","position":2,"name":"Erba\u015f, T\u00fcrkiye D\u0131\u015fi\u015fleri Bakanl\u0131\u011f\u0131 b\u00fct\u00e7e g\u00f6r\u00fc\u015fmelerinde K\u0131br\u0131s\u2019la ilgili konu\u015ftu"}]},{"@type":"WebSite","@id":"https:\/\/kuzeyinsesi.org\/#website","url":"https:\/\/kuzeyinsesi.org\/","name":"Kuzeyin Sesi","description":"Do\u011fru Haberin Adresi","potentialAction":[{"@type":"SearchAction","target":{"@type":"EntryPoint","urlTemplate":"https:\/\/kuzeyinsesi.org\/?s={search_term_string}"},"query-input":{"@type":"PropertyValueSpecification","valueRequired":true,"valueName":"search_term_string"}}],"inLanguage":"tr"},{"@type":"Person","@id":"https:\/\/kuzeyinsesi.org\/#\/schema\/person\/9f859689cdf01485597712386e37f5aa","name":"Kuzeyin Sesi","image":{"@type":"ImageObject","inLanguage":"tr","@id":"https:\/\/secure.gravatar.com\/avatar\/bab33852abfd8b282518d6ed81826833d77c3c882d9ab608add591ccace47a44?s=96&d=mm&r=g","url":"https:\/\/secure.gravatar.com\/avatar\/bab33852abfd8b282518d6ed81826833d77c3c882d9ab608add591ccace47a44?s=96&d=mm&r=g","contentUrl":"https:\/\/secure.gravatar.com\/avatar\/bab33852abfd8b282518d6ed81826833d77c3c882d9ab608add591ccace47a44?s=96&d=mm&r=g","caption":"Kuzeyin Sesi"},"sameAs":["https:\/\/kuzeyinsesi.org"],"url":"https:\/\/kuzeyinsesi.org\/index.php\/author\/guven\/"}]}},"_links":{"self":[{"href":"https:\/\/kuzeyinsesi.org\/index.php\/wp-json\/wp\/v2\/posts\/14066","targetHints":{"allow":["GET"]}}],"collection":[{"href":"https:\/\/kuzeyinsesi.org\/index.php\/wp-json\/wp\/v2\/posts"}],"about":[{"href":"https:\/\/kuzeyinsesi.org\/index.php\/wp-json\/wp\/v2\/types\/post"}],"author":[{"embeddable":true,"href":"https:\/\/kuzeyinsesi.org\/index.php\/wp-json\/wp\/v2\/users\/1"}],"replies":[{"embeddable":true,"href":"https:\/\/kuzeyinsesi.org\/index.php\/wp-json\/wp\/v2\/comments?post=14066"}],"version-history":[{"count":0,"href":"https:\/\/kuzeyinsesi.org\/index.php\/wp-json\/wp\/v2\/posts\/14066\/revisions"}],"wp:featuredmedia":[{"embeddable":true,"href":"https:\/\/kuzeyinsesi.org\/index.php\/wp-json\/wp\/v2\/media\/14067"}],"wp:attachment":[{"href":"https:\/\/kuzeyinsesi.org\/index.php\/wp-json\/wp\/v2\/media?parent=14066"}],"wp:term":[{"taxonomy":"category","embeddable":true,"href":"https:\/\/kuzeyinsesi.org\/index.php\/wp-json\/wp\/v2\/categories?post=14066"},{"taxonomy":"post_tag","embeddable":true,"href":"https:\/\/kuzeyinsesi.org\/index.php\/wp-json\/wp\/v2\/tags?post=14066"}],"curies":[{"name":"wp","href":"https:\/\/api.w.org\/{rel}","templated":true}]}}