{"id":13999,"date":"2024-11-21T18:32:33","date_gmt":"2024-11-21T16:32:33","guid":{"rendered":"https:\/\/kuzeyinsesi.org\/index.php\/2024\/11\/21\/kibris-uzlasim-filmleri-gosterimleri-dun-aksam-basladi\/"},"modified":"2024-11-21T18:32:33","modified_gmt":"2024-11-21T16:32:33","slug":"kibris-uzlasim-filmleri-gosterimleri-dun-aksam-basladi","status":"publish","type":"post","link":"https:\/\/kuzeyinsesi.org\/index.php\/2024\/11\/21\/kibris-uzlasim-filmleri-gosterimleri-dun-aksam-basladi\/","title":{"rendered":"\u201cK\u0131br\u0131s Uzla\u015f\u0131m Filmleri\u201d g\u00f6sterimleri d\u00fcn ak\u015fam ba\u015flad\u0131"},"content":{"rendered":"<div>\n<div class=\"mariselle-image-container none\">\n                                            <\/div>\n<p style=\"font-weight: 300;\">Gazima\u011fusa Belediyesi ile G\u00fcney K\u0131br\u0131s\u2019taki \u201cMa\u011fusa Belediyesi\u201d i\u015f birli\u011finde d\u00fczenlenen 2 b\u00f6lgeli \u201cK\u0131br\u0131s Uzla\u015f\u0131m Filmleri\u201d g\u00f6sterimleri d\u00fcn ak\u015fam ba\u015flad\u0131.<\/p>\n<p style=\"font-weight: 300;\">A\u00e7\u0131l\u0131\u015f t\u00f6reniyle birlikte ilk film g\u00f6sterimi Derinya\u2019daki Ma\u011fusa K\u00fclt\u00fcr Merkezi\u2019nde yap\u0131ld\u0131. \u201cSineman\u0131n ye\u015fil hatt\u0131 a\u015f\u0131p temas ve kar\u015f\u0131l\u0131kl\u0131 anlay\u0131\u015f\u0131n eseri\u201d olarak \u201cUmut ve Bar\u0131\u015f \u0130n\u015fas\u0131n\u0131 Bir Ad\u0131m Daha \u0130leriye Ta\u015f\u0131yoruz\u201d temas\u0131yla d\u00fczenlenen 2 b\u00f6lgeli film g\u00f6sterimi etkinli\u011finin a\u00e7\u0131l\u0131\u015f\u0131nda Gazima\u011fusa Belediyesi Ba\u015fkan\u0131 Dr. S\u00fcleyman Ulu\u00e7ay ile G\u00fcney K\u0131br\u0131s\u2019taki \u201cMa\u011fusa Belediyesi\u201d Ba\u015fkan\u0131 Dr. Simos Ioannou konu\u015fma yapt\u0131.<\/p>\n<p style=\"font-weight: 300;\">K\u0131br\u0131sl\u0131 y\u00f6netmenlerin \u00e7ekti\u011fi 5 bar\u0131\u015f temal\u0131 film Gazima\u011fusa Bandabuliya\u2019da, 5 film ise Derinya\u2019daki Ma\u011fusa K\u00fclt\u00fcr Merkezi\u2019nde g\u00f6sterilecek. Her g\u00fcn 19.00\u2019de ba\u015flayacak g\u00f6steriler \u00fccretsiz olacak.<\/p>\n<p style=\"font-weight: 300;\">Gazima\u011fusa Belediyesi Ba\u015fkan\u0131 Dr. S\u00fcleyman Ulu\u00e7ay, konu\u015fmas\u0131na, Frenaros b\u00f6lgesinde meydana gelen elim kazada hayat\u0131n\u0131 kaybeden Martinou Martis, Irinaios Adamos and Nikolas Koutsos isimli gen\u00e7lere Tanr\u0131dan rahmet, yasl\u0131 ailelerine sab\u0131r ve g\u00fc\u00e7 dile\u011finde bulunarak ba\u015flad\u0131.<\/p>\n<p style=\"font-weight: 300;\">Farkl\u0131l\u0131klar\u0131n, birlikte olmaya engel olmad\u0131\u011f\u0131n\u0131 belirten Ulu\u00e7ay, ihtiya\u00e7 duyulan \u015feyin anlay\u0131\u015f ve kar\u015f\u0131l\u0131kl\u0131 sayg\u0131 oldu\u011funa vurgu yapt\u0131.<\/p>\n<p style=\"font-weight: 300;\">Ulu\u00e7ay, \u2018\u2019Bu yaln\u0131zca vatan\u0131m\u0131z K\u0131br\u0131s i\u00e7in de\u011fil, t\u00fcm b\u00f6lgenin refah ve huzuru i\u00e7in gereklidir. K\u0131br\u0131s, b\u00f6lgenin iki b\u00fcy\u00fck demokrasisi Yunanistan ve T\u00fcrkiye aras\u0131nda \u00e7at\u0131\u015fmaya neden olan bir pozisyonda de\u011fil, i\u015f birli\u011fi k\u00f6pr\u00fcs\u00fc olmas\u0131 gerekir. B\u00f6lgenin halklar\u0131 olan Filistin halk\u0131, Yahudi halk\u0131, Arap halk\u0131 ve di\u011fer halklar i\u00e7in bu iki b\u00fcy\u00fck \u00fclkenin i\u015f birli\u011fi umut kayna\u011f\u0131 olacakt\u0131r\u2019\u2019 ifadelerine yer verdi.<\/p>\n<p style=\"font-weight: 300;\">Ortak \u00e7al\u0131\u015fmalar y\u00fcr\u00fctmeye kararl\u0131l\u0131kla devam edeceklerini belirten Ulu\u00e7ay, \u2018\u2019Ma\u011fusam\u0131z\u0131n bir, yurdumuzun bir olmas\u0131n\u0131 istiyoruz\u2019\u2019 \u015feklinde konu\u015ftu. Gen\u00e7lik y\u0131llar\u0131ndan bu yana bunun i\u00e7in m\u00fccadele eden biri olarak bundan asla vazge\u00e7meyece\u011fini belirten Ulu\u00e7ay, \u2018\u2019Dr. Simos ile aram\u0131zdaki dostluk, iki belediyenin olu\u015fturdu\u011fu ortak \u00e7al\u0131\u015fma komitesinin dayan\u0131\u015fmas\u0131 ve herkesin deste\u011fiyle Ma\u011fusa\u2019n\u0131n par\u00e7alara b\u00f6l\u00fcnen de\u011fil, gelece\u011fin, bir olman\u0131n \u00f6rne\u011fi olsun istiyoruz\u2019\u2019 dedi.<\/p>\n<p style=\"font-weight: 300;\">G\u00fcney K\u0131br\u0131s\u2019taki \u201cMa\u011fusa\u201d Belediyesi Ba\u015fkan\u0131 Dr. Simos Ioannou da konu\u015fmas\u0131na \u2018\u2019ortak bir vatan\u0131n yurtta\u015flar\u0131, bar\u0131\u015f ve \u00f6zg\u00fcrl\u00fc\u011fe susam\u0131\u015f harika \u015fehrin \u00e7ocuklar\u0131 bir kez daha bir araday\u0131z\u2019\u2019 ifadesiyle ba\u015flad\u0131.<\/p>\n<p style=\"font-weight: 300;\">Ge\u00e7mi\u015fte halka zenginlik ve refah kazand\u0131ran Ma\u011fusa\u2019nin gelecekte de ihti\u015fam ve geli\u015fme \u00e7a\u011flar\u0131 vadeden bir \u015fehir oldu\u011funu vurgulayan Dr. Ioannou, \u2018\u2019Yeter ki \u015fu gelecekte birlikte ilerleyelim, yeter ki jeostratejik \u00e7\u0131karlar\u0131n, rekabetin, yabanc\u0131 ordular\u0131n, \u015f\u00fcphenin, nefretin \u00f6n\u00fcm\u00fcze koydu\u011fu g\u00fcnl\u00fck engellerden, kendilerine sa\u011flad\u0131\u011f\u0131 \u015fanstan memnun olanlar\u0131n koydu\u011fu engellerden daha g\u00fc\u00e7l\u00fc g\u00f6r\u00fcnelim\u2019\u2019 ifadelerini kulland\u0131.<\/p>\n<p style=\"font-weight: 300;\">Ulu\u00e7ay\u2019a \u2018\u2019Biliyorum Ma\u011fusa\u2019n\u0131n \u00e7ocuklar\u0131n\u0131 orada tutmay\u0131 hayal ediyorsun. Buran\u0131n onlara yeni ufuklar a\u00e7mas\u0131 i\u00e7in, bar\u0131\u015f i\u00e7in nas\u0131l \u00e7al\u0131\u015ft\u0131\u011f\u0131n\u0131z\u0131 da biliyorum\u2019\u2019 sesleni\u015finde bulunan Dr. Ioannou, Ma\u011fusal\u0131lar\u2019\u0131n evlerinden uzaklara defnedilmelerinden yorulduklar\u0131n\u0131 kaydetti.<\/p>\n<p style=\"font-weight: 300;\">Dr. Ioannou, bu film festivali arac\u0131l\u0131\u011f\u0131yla ortak ac\u0131lar\u0131n\u0131 payla\u015fmay\u0131 ama\u00e7lad\u0131klar\u0131n\u0131 belirterek, \u201cYeniden birle\u015fmi\u015f bir vatanda herkes i\u00e7in \u00f6zg\u00fcr ve bar\u0131\u015f dolu bir Ma\u011fusa\u2019da ortak bir gelecek arzumuzu payla\u015fmak i\u00e7in buraday\u0131z. Ma\u011fusa\u2019dan t\u00fcm K\u0131br\u0131s\u2019a b\u00f6ylelikle bir umut ate\u015fi parlayacak\u2019\u2019 dedi.<\/p>\n<p style=\"font-weight: 300;\">-Chrysanthou<\/p>\n<p style=\"font-weight: 300;\">K\u0131br\u0131sl\u0131 Y\u00f6netmen Panicos Chrysanthou da konu\u015fmas\u0131nda, Dervi\u015f Zaim ile y\u00f6netmenliklerini birlikte yapt\u0131klar\u0131 \u201cParalele Yolculuklar\u201d filminin hikayesini anlatt\u0131. Ac\u0131tsa da yaralar\u0131n dokunularak iyile\u015ftirildi\u011fini belirten Chrysanthou \u2018\u2019Umar\u0131m bu filmlerle yaralar\u0131m\u0131za dokunarak iyile\u015firiz\u2019\u2019 temennisinde bulundu.<\/p>\n<p style=\"font-weight: 300;\">A\u00e7\u0131l\u0131\u015f t\u00f6reni konu\u015fmalar\u0131n\u0131n ard\u0131ndan Dr. Simos Ioannou, Gazima\u011fusa Belediyesi Ba\u015fkan\u0131 Dr. S\u00fcleyman Ulu\u00e7ay ile y\u00f6netmen Panicos Chrysanthou\u2019ya \u00e7i\u00e7ek; Ulu\u00e7ay da Ioannou ve Chrysanthou\u2019ya bar\u0131\u015f\u0131n simgesi zeytin fidesi takdim etti.<\/p>\n<p style=\"font-weight: 300;\">-Program<\/p>\n<p style=\"font-weight: 300;\">K\u0131br\u0131s Uzla\u015f\u0131m Filmleri g\u00f6sterim program\u0131 \u015f\u00f6yle:<\/p>\n<p style=\"font-weight: 300;\">\u201cGazima\u011fusa\u2019da bug\u00fcn \u2018\u00c7amur\u2019 (Dervis Zaim); pazar g\u00fcn\u00fc Gazima\u011fusa\u2019da \u2018Duvar\u0131m\u0131z\u2019 (Panicos Chrysanthou);\u00a0 pazartesi Derinya\u2019da \u2018S\u00fct Babam\u2019 (Cemal Y\u0131ld\u0131r\u0131m); \u00e7ar\u015famba g\u00fcn\u00fc Gazima\u011fusa\u2019da \u201cYe\u015fil Hat Hikayesi\u201d (Panicos Chrysanthou); per\u015fembe g\u00fcn\u00fc Derinya\u2019d \u2018Mendil\u2019 (Chrystalla Avgusti); 29 Kas\u0131m cuma g\u00fcn\u00fc Gazima\u011fusa\u2019da \u2018Akama\u2019 (Panicos Chrysanthou); 1 Aral\u0131k Pazar g\u00fcn\u00fc Gazima\u011fusa\u2019da \u2018\u00c7i\u00e7ekler ve Kur\u015funlar\u2019 (Panicos Chrysanthou ve Niyazi Kizilyurek); 2 Aral\u0131k Pazartesi Derinya\u2019da \u2018Hendrix\u2019i Ararken\u2019 (Marios Piperides); 4 Aral\u0131k \u00c7ar\u015famba g\u00fcn\u00fc Derinya\u2019de \u2018Olivia\u2019 (Mine Balman) ve \u2018S\u0131k\u0131nt\u0131l\u0131 r\u00fczgarlar\u2019 (Yiannis Ioannou)\u201d<\/p>\n<p>\u00a0<\/p>\n<p>\u00a0<\/p>\n<\/p><\/div>\n<p><script async\n                    defer\n                    crossorigin=\"anonymous\"\n                    src=\"https:\/\/connect.facebook.net\/tr_TR\/sdk.js#xfbml=1&#038;version=v3.3\"\n            ><\/script><\/p>\n","protected":false},"excerpt":{"rendered":"<p>Gazima\u011fusa Belediyesi ile G\u00fcney K\u0131br\u0131s\u2019taki \u201cMa\u011fusa Belediyesi\u201d i\u015f birli\u011finde d\u00fczenlenen 2 b\u00f6lgeli \u201cK\u0131br\u0131s Uzla\u015f\u0131m Filmleri\u201d g\u00f6sterimleri d\u00fcn ak\u015fam ba\u015flad\u0131. A\u00e7\u0131l\u0131\u015f t\u00f6reniyle birlikte ilk film g\u00f6sterimi Derinya\u2019daki Ma\u011fusa K\u00fclt\u00fcr Merkezi\u2019nde yap\u0131ld\u0131. \u201cSineman\u0131n ye\u015fil hatt\u0131 a\u015f\u0131p temas ve kar\u015f\u0131l\u0131kl\u0131 anlay\u0131\u015f\u0131n eseri\u201d olarak \u201cUmut ve Bar\u0131\u015f \u0130n\u015fas\u0131n\u0131 Bir Ad\u0131m Daha \u0130leriye Ta\u015f\u0131yoruz\u201d temas\u0131yla d\u00fczenlenen 2 b\u00f6lgeli film g\u00f6sterimi [&hellip;]<\/p>\n","protected":false},"author":1,"featured_media":14000,"comment_status":"open","ping_status":"open","sticky":false,"template":"","format":"standard","meta":{"jnews-multi-image_gallery":[],"jnews_single_post":[],"jnews_primary_category":[],"jnews_social_meta":[],"jnews_override_counter":[],"footnotes":""},"categories":[6],"tags":[],"class_list":["post-13999","post","type-post","status-publish","format-standard","has-post-thumbnail","hentry","category-yasam"],"yoast_head":"<!-- This site is optimized with the Yoast SEO plugin v27.4 - https:\/\/yoast.com\/product\/yoast-seo-wordpress\/ -->\n<title>\u201cK\u0131br\u0131s Uzla\u015f\u0131m Filmleri\u201d g\u00f6sterimleri d\u00fcn ak\u015fam ba\u015flad\u0131 - Kuzeyin Sesi<\/title>\n<meta name=\"robots\" content=\"index, follow, max-snippet:-1, max-image-preview:large, max-video-preview:-1\" \/>\n<link rel=\"canonical\" href=\"https:\/\/kuzeyinsesi.org\/index.php\/2024\/11\/21\/kibris-uzlasim-filmleri-gosterimleri-dun-aksam-basladi\/\" \/>\n<meta property=\"og:locale\" content=\"tr_TR\" \/>\n<meta property=\"og:type\" content=\"article\" \/>\n<meta property=\"og:title\" content=\"\u201cK\u0131br\u0131s Uzla\u015f\u0131m Filmleri\u201d g\u00f6sterimleri d\u00fcn ak\u015fam ba\u015flad\u0131 - Kuzeyin Sesi\" \/>\n<meta property=\"og:description\" content=\"Gazima\u011fusa Belediyesi ile G\u00fcney K\u0131br\u0131s\u2019taki \u201cMa\u011fusa Belediyesi\u201d i\u015f birli\u011finde d\u00fczenlenen 2 b\u00f6lgeli \u201cK\u0131br\u0131s Uzla\u015f\u0131m Filmleri\u201d g\u00f6sterimleri d\u00fcn ak\u015fam ba\u015flad\u0131. A\u00e7\u0131l\u0131\u015f t\u00f6reniyle birlikte ilk film g\u00f6sterimi Derinya\u2019daki Ma\u011fusa K\u00fclt\u00fcr Merkezi\u2019nde yap\u0131ld\u0131. \u201cSineman\u0131n ye\u015fil hatt\u0131 a\u015f\u0131p temas ve kar\u015f\u0131l\u0131kl\u0131 anlay\u0131\u015f\u0131n eseri\u201d olarak \u201cUmut ve Bar\u0131\u015f \u0130n\u015fas\u0131n\u0131 Bir Ad\u0131m Daha \u0130leriye Ta\u015f\u0131yoruz\u201d temas\u0131yla d\u00fczenlenen 2 b\u00f6lgeli film g\u00f6sterimi [&hellip;]\" \/>\n<meta property=\"og:url\" content=\"https:\/\/kuzeyinsesi.org\/index.php\/2024\/11\/21\/kibris-uzlasim-filmleri-gosterimleri-dun-aksam-basladi\/\" \/>\n<meta property=\"og:site_name\" content=\"Kuzeyin Sesi\" \/>\n<meta property=\"article:publisher\" content=\"https:\/\/www.facebook.com\/kuzeyinsesii\" \/>\n<meta property=\"article:published_time\" content=\"2024-11-21T16:32:33+00:00\" \/>\n<meta property=\"og:image\" content=\"https:\/\/brtk.net\/wp-content\/uploads\/2024\/11\/21\/magusa-bld-2-bolgeli-film-gosterimi21-11-2024-12-00-55-2-8-.jpeg?ver=8439f41d8202f3284207a05052b3b105\" \/>\n<meta name=\"author\" content=\"Kuzeyin Sesi\" \/>\n<meta name=\"twitter:card\" content=\"summary_large_image\" \/>\n<meta name=\"twitter:creator\" content=\"@kuzeyinsesii\" \/>\n<meta name=\"twitter:site\" content=\"@kuzeyinsesii\" \/>\n<meta name=\"twitter:label1\" content=\"Yazan:\" \/>\n\t<meta name=\"twitter:data1\" content=\"Kuzeyin Sesi\" \/>\n\t<meta name=\"twitter:label2\" content=\"Tahmini okuma s\u00fcresi\" \/>\n\t<meta name=\"twitter:data2\" content=\"4 dakika\" \/>\n<script type=\"application\/ld+json\" class=\"yoast-schema-graph\">{\"@context\":\"https:\\\/\\\/schema.org\",\"@graph\":[{\"@type\":\"Article\",\"@id\":\"https:\\\/\\\/kuzeyinsesi.org\\\/index.php\\\/2024\\\/11\\\/21\\\/kibris-uzlasim-filmleri-gosterimleri-dun-aksam-basladi\\\/#article\",\"isPartOf\":{\"@id\":\"https:\\\/\\\/kuzeyinsesi.org\\\/index.php\\\/2024\\\/11\\\/21\\\/kibris-uzlasim-filmleri-gosterimleri-dun-aksam-basladi\\\/\"},\"author\":{\"name\":\"Kuzeyin Sesi\",\"@id\":\"https:\\\/\\\/kuzeyinsesi.org\\\/#\\\/schema\\\/person\\\/9f859689cdf01485597712386e37f5aa\"},\"headline\":\"\u201cK\u0131br\u0131s Uzla\u015f\u0131m Filmleri\u201d g\u00f6sterimleri d\u00fcn ak\u015fam ba\u015flad\u0131\",\"datePublished\":\"2024-11-21T16:32:33+00:00\",\"mainEntityOfPage\":{\"@id\":\"https:\\\/\\\/kuzeyinsesi.org\\\/index.php\\\/2024\\\/11\\\/21\\\/kibris-uzlasim-filmleri-gosterimleri-dun-aksam-basladi\\\/\"},\"wordCount\":871,\"commentCount\":0,\"image\":{\"@id\":\"https:\\\/\\\/kuzeyinsesi.org\\\/index.php\\\/2024\\\/11\\\/21\\\/kibris-uzlasim-filmleri-gosterimleri-dun-aksam-basladi\\\/#primaryimage\"},\"thumbnailUrl\":\"https:\\\/\\\/kuzeyinsesi.org\\\/wp-content\\\/uploads\\\/2024\\\/11\\\/magusa-bld-2-bolgeli-film-gosterimi21-11-2024-12-00-55-2-8-.jpeg\",\"articleSection\":[\"Ya\u015fam\"],\"inLanguage\":\"tr\",\"potentialAction\":[{\"@type\":\"CommentAction\",\"name\":\"Comment\",\"target\":[\"https:\\\/\\\/kuzeyinsesi.org\\\/index.php\\\/2024\\\/11\\\/21\\\/kibris-uzlasim-filmleri-gosterimleri-dun-aksam-basladi\\\/#respond\"]}]},{\"@type\":\"WebPage\",\"@id\":\"https:\\\/\\\/kuzeyinsesi.org\\\/index.php\\\/2024\\\/11\\\/21\\\/kibris-uzlasim-filmleri-gosterimleri-dun-aksam-basladi\\\/\",\"url\":\"https:\\\/\\\/kuzeyinsesi.org\\\/index.php\\\/2024\\\/11\\\/21\\\/kibris-uzlasim-filmleri-gosterimleri-dun-aksam-basladi\\\/\",\"name\":\"\u201cK\u0131br\u0131s Uzla\u015f\u0131m Filmleri\u201d g\u00f6sterimleri d\u00fcn ak\u015fam ba\u015flad\u0131 - Kuzeyin Sesi\",\"isPartOf\":{\"@id\":\"https:\\\/\\\/kuzeyinsesi.org\\\/#website\"},\"primaryImageOfPage\":{\"@id\":\"https:\\\/\\\/kuzeyinsesi.org\\\/index.php\\\/2024\\\/11\\\/21\\\/kibris-uzlasim-filmleri-gosterimleri-dun-aksam-basladi\\\/#primaryimage\"},\"image\":{\"@id\":\"https:\\\/\\\/kuzeyinsesi.org\\\/index.php\\\/2024\\\/11\\\/21\\\/kibris-uzlasim-filmleri-gosterimleri-dun-aksam-basladi\\\/#primaryimage\"},\"thumbnailUrl\":\"https:\\\/\\\/kuzeyinsesi.org\\\/wp-content\\\/uploads\\\/2024\\\/11\\\/magusa-bld-2-bolgeli-film-gosterimi21-11-2024-12-00-55-2-8-.jpeg\",\"datePublished\":\"2024-11-21T16:32:33+00:00\",\"author\":{\"@id\":\"https:\\\/\\\/kuzeyinsesi.org\\\/#\\\/schema\\\/person\\\/9f859689cdf01485597712386e37f5aa\"},\"breadcrumb\":{\"@id\":\"https:\\\/\\\/kuzeyinsesi.org\\\/index.php\\\/2024\\\/11\\\/21\\\/kibris-uzlasim-filmleri-gosterimleri-dun-aksam-basladi\\\/#breadcrumb\"},\"inLanguage\":\"tr\",\"potentialAction\":[{\"@type\":\"ReadAction\",\"target\":[\"https:\\\/\\\/kuzeyinsesi.org\\\/index.php\\\/2024\\\/11\\\/21\\\/kibris-uzlasim-filmleri-gosterimleri-dun-aksam-basladi\\\/\"]}]},{\"@type\":\"ImageObject\",\"inLanguage\":\"tr\",\"@id\":\"https:\\\/\\\/kuzeyinsesi.org\\\/index.php\\\/2024\\\/11\\\/21\\\/kibris-uzlasim-filmleri-gosterimleri-dun-aksam-basladi\\\/#primaryimage\",\"url\":\"https:\\\/\\\/kuzeyinsesi.org\\\/wp-content\\\/uploads\\\/2024\\\/11\\\/magusa-bld-2-bolgeli-film-gosterimi21-11-2024-12-00-55-2-8-.jpeg\",\"contentUrl\":\"https:\\\/\\\/kuzeyinsesi.org\\\/wp-content\\\/uploads\\\/2024\\\/11\\\/magusa-bld-2-bolgeli-film-gosterimi21-11-2024-12-00-55-2-8-.jpeg\",\"width\":930,\"height\":642},{\"@type\":\"BreadcrumbList\",\"@id\":\"https:\\\/\\\/kuzeyinsesi.org\\\/index.php\\\/2024\\\/11\\\/21\\\/kibris-uzlasim-filmleri-gosterimleri-dun-aksam-basladi\\\/#breadcrumb\",\"itemListElement\":[{\"@type\":\"ListItem\",\"position\":1,\"name\":\"Anasayfa\",\"item\":\"https:\\\/\\\/kuzeyinsesi.org\\\/\"},{\"@type\":\"ListItem\",\"position\":2,\"name\":\"\u201cK\u0131br\u0131s Uzla\u015f\u0131m Filmleri\u201d g\u00f6sterimleri d\u00fcn ak\u015fam ba\u015flad\u0131\"}]},{\"@type\":\"WebSite\",\"@id\":\"https:\\\/\\\/kuzeyinsesi.org\\\/#website\",\"url\":\"https:\\\/\\\/kuzeyinsesi.org\\\/\",\"name\":\"Kuzeyin Sesi\",\"description\":\"Do\u011fru Haberin Adresi\",\"potentialAction\":[{\"@type\":\"SearchAction\",\"target\":{\"@type\":\"EntryPoint\",\"urlTemplate\":\"https:\\\/\\\/kuzeyinsesi.org\\\/?s={search_term_string}\"},\"query-input\":{\"@type\":\"PropertyValueSpecification\",\"valueRequired\":true,\"valueName\":\"search_term_string\"}}],\"inLanguage\":\"tr\"},{\"@type\":\"Person\",\"@id\":\"https:\\\/\\\/kuzeyinsesi.org\\\/#\\\/schema\\\/person\\\/9f859689cdf01485597712386e37f5aa\",\"name\":\"Kuzeyin Sesi\",\"image\":{\"@type\":\"ImageObject\",\"inLanguage\":\"tr\",\"@id\":\"https:\\\/\\\/secure.gravatar.com\\\/avatar\\\/bab33852abfd8b282518d6ed81826833d77c3c882d9ab608add591ccace47a44?s=96&d=mm&r=g\",\"url\":\"https:\\\/\\\/secure.gravatar.com\\\/avatar\\\/bab33852abfd8b282518d6ed81826833d77c3c882d9ab608add591ccace47a44?s=96&d=mm&r=g\",\"contentUrl\":\"https:\\\/\\\/secure.gravatar.com\\\/avatar\\\/bab33852abfd8b282518d6ed81826833d77c3c882d9ab608add591ccace47a44?s=96&d=mm&r=g\",\"caption\":\"Kuzeyin Sesi\"},\"sameAs\":[\"https:\\\/\\\/kuzeyinsesi.org\"],\"url\":\"https:\\\/\\\/kuzeyinsesi.org\\\/index.php\\\/author\\\/guven\\\/\"}]}<\/script>\n<!-- \/ Yoast SEO plugin. -->","yoast_head_json":{"title":"\u201cK\u0131br\u0131s Uzla\u015f\u0131m Filmleri\u201d g\u00f6sterimleri d\u00fcn ak\u015fam ba\u015flad\u0131 - Kuzeyin Sesi","robots":{"index":"index","follow":"follow","max-snippet":"max-snippet:-1","max-image-preview":"max-image-preview:large","max-video-preview":"max-video-preview:-1"},"canonical":"https:\/\/kuzeyinsesi.org\/index.php\/2024\/11\/21\/kibris-uzlasim-filmleri-gosterimleri-dun-aksam-basladi\/","og_locale":"tr_TR","og_type":"article","og_title":"\u201cK\u0131br\u0131s Uzla\u015f\u0131m Filmleri\u201d g\u00f6sterimleri d\u00fcn ak\u015fam ba\u015flad\u0131 - Kuzeyin Sesi","og_description":"Gazima\u011fusa Belediyesi ile G\u00fcney K\u0131br\u0131s\u2019taki \u201cMa\u011fusa Belediyesi\u201d i\u015f birli\u011finde d\u00fczenlenen 2 b\u00f6lgeli \u201cK\u0131br\u0131s Uzla\u015f\u0131m Filmleri\u201d g\u00f6sterimleri d\u00fcn ak\u015fam ba\u015flad\u0131. A\u00e7\u0131l\u0131\u015f t\u00f6reniyle birlikte ilk film g\u00f6sterimi Derinya\u2019daki Ma\u011fusa K\u00fclt\u00fcr Merkezi\u2019nde yap\u0131ld\u0131. \u201cSineman\u0131n ye\u015fil hatt\u0131 a\u015f\u0131p temas ve kar\u015f\u0131l\u0131kl\u0131 anlay\u0131\u015f\u0131n eseri\u201d olarak \u201cUmut ve Bar\u0131\u015f \u0130n\u015fas\u0131n\u0131 Bir Ad\u0131m Daha \u0130leriye Ta\u015f\u0131yoruz\u201d temas\u0131yla d\u00fczenlenen 2 b\u00f6lgeli film g\u00f6sterimi [&hellip;]","og_url":"https:\/\/kuzeyinsesi.org\/index.php\/2024\/11\/21\/kibris-uzlasim-filmleri-gosterimleri-dun-aksam-basladi\/","og_site_name":"Kuzeyin Sesi","article_publisher":"https:\/\/www.facebook.com\/kuzeyinsesii","article_published_time":"2024-11-21T16:32:33+00:00","og_image":[{"url":"https:\/\/brtk.net\/wp-content\/uploads\/2024\/11\/21\/magusa-bld-2-bolgeli-film-gosterimi21-11-2024-12-00-55-2-8-.jpeg?ver=8439f41d8202f3284207a05052b3b105","type":"","width":"","height":""}],"author":"Kuzeyin Sesi","twitter_card":"summary_large_image","twitter_creator":"@kuzeyinsesii","twitter_site":"@kuzeyinsesii","twitter_misc":{"Yazan:":"Kuzeyin Sesi","Tahmini okuma s\u00fcresi":"4 dakika"},"schema":{"@context":"https:\/\/schema.org","@graph":[{"@type":"Article","@id":"https:\/\/kuzeyinsesi.org\/index.php\/2024\/11\/21\/kibris-uzlasim-filmleri-gosterimleri-dun-aksam-basladi\/#article","isPartOf":{"@id":"https:\/\/kuzeyinsesi.org\/index.php\/2024\/11\/21\/kibris-uzlasim-filmleri-gosterimleri-dun-aksam-basladi\/"},"author":{"name":"Kuzeyin Sesi","@id":"https:\/\/kuzeyinsesi.org\/#\/schema\/person\/9f859689cdf01485597712386e37f5aa"},"headline":"\u201cK\u0131br\u0131s Uzla\u015f\u0131m Filmleri\u201d g\u00f6sterimleri d\u00fcn ak\u015fam ba\u015flad\u0131","datePublished":"2024-11-21T16:32:33+00:00","mainEntityOfPage":{"@id":"https:\/\/kuzeyinsesi.org\/index.php\/2024\/11\/21\/kibris-uzlasim-filmleri-gosterimleri-dun-aksam-basladi\/"},"wordCount":871,"commentCount":0,"image":{"@id":"https:\/\/kuzeyinsesi.org\/index.php\/2024\/11\/21\/kibris-uzlasim-filmleri-gosterimleri-dun-aksam-basladi\/#primaryimage"},"thumbnailUrl":"https:\/\/kuzeyinsesi.org\/wp-content\/uploads\/2024\/11\/magusa-bld-2-bolgeli-film-gosterimi21-11-2024-12-00-55-2-8-.jpeg","articleSection":["Ya\u015fam"],"inLanguage":"tr","potentialAction":[{"@type":"CommentAction","name":"Comment","target":["https:\/\/kuzeyinsesi.org\/index.php\/2024\/11\/21\/kibris-uzlasim-filmleri-gosterimleri-dun-aksam-basladi\/#respond"]}]},{"@type":"WebPage","@id":"https:\/\/kuzeyinsesi.org\/index.php\/2024\/11\/21\/kibris-uzlasim-filmleri-gosterimleri-dun-aksam-basladi\/","url":"https:\/\/kuzeyinsesi.org\/index.php\/2024\/11\/21\/kibris-uzlasim-filmleri-gosterimleri-dun-aksam-basladi\/","name":"\u201cK\u0131br\u0131s Uzla\u015f\u0131m Filmleri\u201d g\u00f6sterimleri d\u00fcn ak\u015fam ba\u015flad\u0131 - Kuzeyin Sesi","isPartOf":{"@id":"https:\/\/kuzeyinsesi.org\/#website"},"primaryImageOfPage":{"@id":"https:\/\/kuzeyinsesi.org\/index.php\/2024\/11\/21\/kibris-uzlasim-filmleri-gosterimleri-dun-aksam-basladi\/#primaryimage"},"image":{"@id":"https:\/\/kuzeyinsesi.org\/index.php\/2024\/11\/21\/kibris-uzlasim-filmleri-gosterimleri-dun-aksam-basladi\/#primaryimage"},"thumbnailUrl":"https:\/\/kuzeyinsesi.org\/wp-content\/uploads\/2024\/11\/magusa-bld-2-bolgeli-film-gosterimi21-11-2024-12-00-55-2-8-.jpeg","datePublished":"2024-11-21T16:32:33+00:00","author":{"@id":"https:\/\/kuzeyinsesi.org\/#\/schema\/person\/9f859689cdf01485597712386e37f5aa"},"breadcrumb":{"@id":"https:\/\/kuzeyinsesi.org\/index.php\/2024\/11\/21\/kibris-uzlasim-filmleri-gosterimleri-dun-aksam-basladi\/#breadcrumb"},"inLanguage":"tr","potentialAction":[{"@type":"ReadAction","target":["https:\/\/kuzeyinsesi.org\/index.php\/2024\/11\/21\/kibris-uzlasim-filmleri-gosterimleri-dun-aksam-basladi\/"]}]},{"@type":"ImageObject","inLanguage":"tr","@id":"https:\/\/kuzeyinsesi.org\/index.php\/2024\/11\/21\/kibris-uzlasim-filmleri-gosterimleri-dun-aksam-basladi\/#primaryimage","url":"https:\/\/kuzeyinsesi.org\/wp-content\/uploads\/2024\/11\/magusa-bld-2-bolgeli-film-gosterimi21-11-2024-12-00-55-2-8-.jpeg","contentUrl":"https:\/\/kuzeyinsesi.org\/wp-content\/uploads\/2024\/11\/magusa-bld-2-bolgeli-film-gosterimi21-11-2024-12-00-55-2-8-.jpeg","width":930,"height":642},{"@type":"BreadcrumbList","@id":"https:\/\/kuzeyinsesi.org\/index.php\/2024\/11\/21\/kibris-uzlasim-filmleri-gosterimleri-dun-aksam-basladi\/#breadcrumb","itemListElement":[{"@type":"ListItem","position":1,"name":"Anasayfa","item":"https:\/\/kuzeyinsesi.org\/"},{"@type":"ListItem","position":2,"name":"\u201cK\u0131br\u0131s Uzla\u015f\u0131m Filmleri\u201d g\u00f6sterimleri d\u00fcn ak\u015fam ba\u015flad\u0131"}]},{"@type":"WebSite","@id":"https:\/\/kuzeyinsesi.org\/#website","url":"https:\/\/kuzeyinsesi.org\/","name":"Kuzeyin Sesi","description":"Do\u011fru Haberin Adresi","potentialAction":[{"@type":"SearchAction","target":{"@type":"EntryPoint","urlTemplate":"https:\/\/kuzeyinsesi.org\/?s={search_term_string}"},"query-input":{"@type":"PropertyValueSpecification","valueRequired":true,"valueName":"search_term_string"}}],"inLanguage":"tr"},{"@type":"Person","@id":"https:\/\/kuzeyinsesi.org\/#\/schema\/person\/9f859689cdf01485597712386e37f5aa","name":"Kuzeyin Sesi","image":{"@type":"ImageObject","inLanguage":"tr","@id":"https:\/\/secure.gravatar.com\/avatar\/bab33852abfd8b282518d6ed81826833d77c3c882d9ab608add591ccace47a44?s=96&d=mm&r=g","url":"https:\/\/secure.gravatar.com\/avatar\/bab33852abfd8b282518d6ed81826833d77c3c882d9ab608add591ccace47a44?s=96&d=mm&r=g","contentUrl":"https:\/\/secure.gravatar.com\/avatar\/bab33852abfd8b282518d6ed81826833d77c3c882d9ab608add591ccace47a44?s=96&d=mm&r=g","caption":"Kuzeyin Sesi"},"sameAs":["https:\/\/kuzeyinsesi.org"],"url":"https:\/\/kuzeyinsesi.org\/index.php\/author\/guven\/"}]}},"_links":{"self":[{"href":"https:\/\/kuzeyinsesi.org\/index.php\/wp-json\/wp\/v2\/posts\/13999","targetHints":{"allow":["GET"]}}],"collection":[{"href":"https:\/\/kuzeyinsesi.org\/index.php\/wp-json\/wp\/v2\/posts"}],"about":[{"href":"https:\/\/kuzeyinsesi.org\/index.php\/wp-json\/wp\/v2\/types\/post"}],"author":[{"embeddable":true,"href":"https:\/\/kuzeyinsesi.org\/index.php\/wp-json\/wp\/v2\/users\/1"}],"replies":[{"embeddable":true,"href":"https:\/\/kuzeyinsesi.org\/index.php\/wp-json\/wp\/v2\/comments?post=13999"}],"version-history":[{"count":0,"href":"https:\/\/kuzeyinsesi.org\/index.php\/wp-json\/wp\/v2\/posts\/13999\/revisions"}],"wp:featuredmedia":[{"embeddable":true,"href":"https:\/\/kuzeyinsesi.org\/index.php\/wp-json\/wp\/v2\/media\/14000"}],"wp:attachment":[{"href":"https:\/\/kuzeyinsesi.org\/index.php\/wp-json\/wp\/v2\/media?parent=13999"}],"wp:term":[{"taxonomy":"category","embeddable":true,"href":"https:\/\/kuzeyinsesi.org\/index.php\/wp-json\/wp\/v2\/categories?post=13999"},{"taxonomy":"post_tag","embeddable":true,"href":"https:\/\/kuzeyinsesi.org\/index.php\/wp-json\/wp\/v2\/tags?post=13999"}],"curies":[{"name":"wp","href":"https:\/\/api.w.org\/{rel}","templated":true}]}}