{"id":13993,"date":"2024-11-21T17:31:26","date_gmt":"2024-11-21T15:31:26","guid":{"rendered":"https:\/\/kuzeyinsesi.org\/index.php\/2024\/11\/21\/kadin-oykulerinden-4-kitap-26-belgesel-hazirlayan-koder-4-yasinda-yasanmisliklar-cesaret-ve-motivasyon-yuklu\/"},"modified":"2024-11-21T17:31:26","modified_gmt":"2024-11-21T15:31:26","slug":"kadin-oykulerinden-4-kitap-26-belgesel-hazirlayan-koder-4-yasinda-yasanmisliklar-cesaret-ve-motivasyon-yuklu","status":"publish","type":"post","link":"https:\/\/kuzeyinsesi.org\/index.php\/2024\/11\/21\/kadin-oykulerinden-4-kitap-26-belgesel-hazirlayan-koder-4-yasinda-yasanmisliklar-cesaret-ve-motivasyon-yuklu\/","title":{"rendered":"Kad\u0131n \u00f6yk\u00fclerinden 4 kitap, 26 belgesel haz\u0131rlayan K\u00d6DER 4 ya\u015f\u0131nda: \u201cYa\u015fanm\u0131\u015fl\u0131klar cesaret ve motivasyon y\u00fckl\u00fc\u201d"},"content":{"rendered":"<div>\n<div class=\"mariselle-image-container none\">\n                                            <\/div>\n<p style=\"font-weight: 300;\"><span style=\"font-weight: 300 !important;\">K\u0131br\u0131sl\u0131\u00a0<\/span><span style=\"font-weight: 300 !important;\">kad\u0131nlar\u0131n hayat \u00f6yk\u00fclerinden kitaplar ve belgeseller haz\u0131rlayarak ya\u015fanm\u0131\u015fl\u0131klar\u0131 gen\u00e7 ku\u015faklara aktarmak \u00fczere kurulan\u00a0Kad\u0131n \u00d6yk\u00fcleri Derne\u011fi (K\u00d6DER), 4\u2019\u00fcnc\u00fc ya\u015f\u0131n\u0131 kutluyor.<\/span><\/p>\n<p style=\"font-weight: 300;\"><span style=\"font-weight: 300 !important;\">4\u2019\u00fcnc\u00fc kurulu\u015f y\u0131l d\u00f6n\u00fcm\u00fcn\u00fc Girne\u2019de, Ramadan Cemil \u0130\u015fletmeleri Merkez Ofisi\u2019nde bu sabah d\u00fczenlenen bas\u0131n toplant\u0131s\u0131 ve kokteylle kutlayan K\u00d6DER, faaliyetlerini de payla\u015ft\u0131.<\/span><\/p>\n<p style=\"font-weight: 300;\"><span style=\"font-weight: 300 !important;\">K\u00d6DER\u2019in kurucu \u00fcyelerinden olan I\u015f\u0131n Ramadan Cemil\u2019e etkinli\u011fe ev sahipli\u011fi yapt\u0131\u011f\u0131 i\u00e7in te\u015fekk\u00fcr edildi.<\/span><\/p>\n<p style=\"font-weight: 300;\"><span style=\"font-weight: 300 !important;\">-Cemil: \u201c\u00c7ok g\u00fczel insanlarla kar\u015f\u0131la\u015ft\u0131k\u201d<\/span><\/p>\n<p style=\"font-weight: 300;\"><span style=\"font-weight: 300 !important;\">K\u0131sa bir konu\u015fma yapan I\u015f\u0131n Ramadan Cemil, K\u00d6DER\u2019in Baf\u2019tan Ma\u011fusa\u2019ya \u0130skele\u2019den Larnaka\u2019ya her kad\u0131na ula\u015fmak, onlar\u0131 topluma tan\u0131tmak hedefiyle kuruldu\u011funu belirterek, \u201c\u00c7ok g\u00fczel insanlarla kar\u015f\u0131la\u015ft\u0131k\u201d dedi.<\/span><\/p>\n<p style=\"font-weight: 300;\"><span style=\"font-weight: 300 !important;\">Cemil, K\u00d6DER\u2019in gurur kayna\u011f\u0131 bir\u00e7ok kad\u0131n\u0131 g\u00fcn y\u00fcz\u00fcne \u00e7\u0131kard\u0131\u011f\u0131n\u0131, ailelerin bundan b\u00fcy\u00fck mutluluk duydu\u011funu da s\u00f6yledi.<\/span><\/p>\n<p style=\"font-weight: 300;\"><span style=\"font-weight: 300 !important;\">K\u00d6DER Ba\u015fkan\u0131 \u015eenay Ekingen, K\u00d6DER Asba\u015fkan\u0131 G\u00fclev S\u0131dal ve K\u00d6DER Genel Sekteri G\u00f6ksel D\u00fczg\u00fcn, K\u00d6DER\u2019in kitap, belgesel ve sergi olmak \u00fczere \u00fc\u00e7 ana ba\u015fl\u0131kta y\u00fcr\u00fctt\u00fc\u011f\u00fc faaliyetleri bas\u0131n mensuplar\u0131yla payla\u015ft\u0131.<\/span><\/p>\n<p style=\"font-weight: 300;\"><span style=\"font-weight: 300 !important;\">-Her kitapta 41 kad\u0131n\u0131n hikayesi anlat\u0131ld\u0131<\/span><\/p>\n<p style=\"font-weight: 300;\"><span style=\"font-weight: 300 !important;\">Bas\u0131n toplant\u0131s\u0131nda verilen bilgiye g\u00f6re, K\u00d6DER\u00a0<\/span><span style=\"font-weight: 300 !important;\">\u201cHayat\u0131m\u0131za De\u011fer Katan Kad\u0131nlar\u0131m\u0131z\u201d adl\u0131 kitap serisiyle bug\u00fcne kadar her birinde 41 kad\u0131n\u0131n hayat \u00f6yk\u00fcs\u00fcn\u00fcn yer ald\u0131\u011f\u0131 \u00fc\u00e7 kitap bast\u0131. D\u00f6rd\u00fcnc\u00fc kitapsa bask\u0131 i\u00e7in haz\u0131rlan\u0131yor. K\u00d6DER ayr\u0131ca hayat\u0131 kitaplarla tan\u0131t\u0131lan kad\u0131nlar\u0131n foto\u011fraflar\u0131 ve \u00f6zel e\u015fyalar\u0131ndan olu\u015fan sergiler de haz\u0131rlad\u0131.<\/span><\/p>\n<p style=\"font-weight: 300;\"><span style=\"font-weight: 300 !important;\">Derne\u011fin, \u201cHayat\u0131m\u0131za De\u011fer Katan Kad\u0131nlar\u0131m\u0131z\u201d kitaplar\u0131ndan birincisi ve ikincisi Milli E\u011fitim Bakanl\u0131\u011f\u0131 Genel Orta\u00f6\u011fretim Dairesi M\u00fcd\u00fcrl\u00fc\u011f\u00fc taraf\u0131ndan \u00f6\u011fretmen ve \u00f6\u011frencilerin yararlanabilmesi i\u00e7in kaynak kitap olarak onayland\u0131.<\/span><\/p>\n<p style=\"font-weight: 300;\"><span style=\"font-weight: 300 !important;\">Milli E\u011fitim Bakanl\u0131\u011f\u0131 Talim-Terbiye Dairesi, K\u00d6DER\u2019in \u00fc\u00e7\u00fcnc\u00fc kitab\u0131n\u0131 \u00f6\u011fretmenler taraf\u0131ndan kaynak materyal olarak kullanmas\u0131n\u0131 ve okul k\u00fct\u00fcphanelerinde bulundurulmas\u0131 da uygun buldu.<\/span><\/p>\n<p style=\"font-weight: 300;\"><span style=\"font-weight: 300 !important;\">-26 belgesel \u00e7ekildi<\/span><\/p>\n<p style=\"font-weight: 300;\"><span style=\"font-weight: 300 !important;\">K\u00d6DER \u201cHayat\u0131m\u0131za De\u011fer Katan Kad\u0131nlar\u201d kapsam\u0131nda\u00a0<\/span><span style=\"font-weight: 300 !important;\">bug\u00fcne kadar 26 belgesel haz\u0131rlad\u0131. Suna Erensu\u2019nun hayat\u0131n\u0131 konu alan 25\u2019inci belgesel 10 Aral\u0131k\u2019ta G\u00f6nyeli Alayk\u00f6y Belediyesi Konferans Salonu\u2019nda g\u00f6sterilecek.<\/span><\/p>\n<p style=\"font-weight: 300;\"><span style=\"font-weight: 300 !important;\">Faaliyetlerin finansman\u0131n sponsorlar ve destek\u00e7iler taraf\u0131ndan kar\u015f\u0131land\u0131\u011f\u0131 K\u00d6DER\u2019de hayat \u00f6yk\u00fcleri ara\u015ft\u0131r\u0131lan ve kayda al\u0131nan kad\u0131nlar oy birli\u011fiyle belirleniyor.<\/span><\/p>\n<p style=\"font-weight: 300;\"><span style=\"font-weight: 300 !important;\">-Ekingen: \u201cHer \u00f6yk\u00fcden etkilendik\u2026 Bilmedi\u011fimiz \u00e7ok \u015feylerle kar\u015f\u0131la\u015ft\u0131k\u2026.\u201d<\/span><\/p>\n<p style=\"font-weight: 300;\"><span style=\"font-weight: 300 !important;\">Bas\u0131n toplant\u0131s\u0131nda verilen bilgilerin ard\u0131ndan soru cevap k\u0131sm\u0131na ge\u00e7ildi.<\/span><\/p>\n<p style=\"font-weight: 300;\"><span style=\"font-weight: 300 !important;\">K\u00d6DER Ba\u015fkan\u0131 \u015eenay Ekingen, ya\u015fanm\u0131\u015fl\u0131klar\u0131n cesaret ve motivasyon y\u00fckl\u00fc oldu\u011funu kaydederek, bunlar\u0131n gen\u00e7lere motivasyon olmas\u0131n\u0131 istediklerini, bu ama\u00e7 i\u00e7in \u00e7al\u0131\u015ft\u0131klar\u0131n\u0131 belirtti.<\/span><\/p>\n<p style=\"font-weight: 300;\"><span style=\"font-weight: 300 !important;\">Kad\u0131nlar\u0131n ortak hikayesiyle ilgili de\u011ferlendirmesinin sorulmas\u0131 \u00fczerine Ekingen, \u015funlar\u0131 payla\u015ft\u0131:<\/span><\/p>\n<p style=\"font-weight: 300;\"><span style=\"font-weight: 300 !important;\">\u201cBana g\u00f6re, ortak hikayede K\u0131br\u0131sl\u0131lar\u0131n yapt\u0131\u011f\u0131n\u0131 da ya\u015fad\u0131\u011f\u0131n\u0131 da g\u00f6stermeyen m\u00fctevazi, muhafazakar hali var\u2026 S\u0131k\u0131nt\u0131 ya\u015fayan kad\u0131nlar da ba\u015fkalar\u0131na ilham vermi\u015f. Nas\u0131l oluyor bilmiyorum ama kendi kendilerini g\u00fc\u00e7lendirmi\u015fler. Her \u00f6n g\u00f6r\u00fc\u015fmeden, her r\u00f6portajdan, her belgesel \u00e7ekiminden hayretle \u00e7\u0131kt\u0131k. Her \u00f6yk\u00fcden, g\u00fczellikten de h\u00fcz\u00fcnden de, etkilendik. Bilmedi\u011fimiz \u00e7ok \u015feylerle kar\u015f\u0131la\u015ft\u0131k\u2026.\u201d<\/span><\/p>\n<p style=\"font-weight: 300;\"><span style=\"font-weight: 300 !important;\">Kitaplar\u0131n bas\u0131m\u0131, belgesellerin \u00e7ekimi i\u00e7in \u00e7ok emekler verildi\u011fini de belirten Ekingen, \u201c\u00dcretmi\u015fsek, \u00fcretmeye devam ediyorsak bunu mali komitenizin istikrarl\u0131 \u00e7al\u0131\u015fmas\u0131na ve bize her zaman g\u00fcvenen sponsorlar\u0131m\u0131za bor\u00e7luyuz. Hepsine te\u015fekk\u00fcr ediyorum\u201d dedi.<\/span><\/p>\n<p>\u00a0<\/p>\n<p>\u00a0<\/p>\n<\/p><\/div>\n<p><script async\n                    defer\n                    crossorigin=\"anonymous\"\n                    src=\"https:\/\/connect.facebook.net\/tr_TR\/sdk.js#xfbml=1&#038;version=v3.3\"\n            ><\/script><\/p>\n","protected":false},"excerpt":{"rendered":"<p>K\u0131br\u0131sl\u0131\u00a0kad\u0131nlar\u0131n hayat \u00f6yk\u00fclerinden kitaplar ve belgeseller haz\u0131rlayarak ya\u015fanm\u0131\u015fl\u0131klar\u0131 gen\u00e7 ku\u015faklara aktarmak \u00fczere kurulan\u00a0Kad\u0131n \u00d6yk\u00fcleri Derne\u011fi (K\u00d6DER), 4\u2019\u00fcnc\u00fc ya\u015f\u0131n\u0131 kutluyor. 4\u2019\u00fcnc\u00fc kurulu\u015f y\u0131l d\u00f6n\u00fcm\u00fcn\u00fc Girne\u2019de, Ramadan Cemil \u0130\u015fletmeleri Merkez Ofisi\u2019nde bu sabah d\u00fczenlenen bas\u0131n toplant\u0131s\u0131 ve kokteylle kutlayan K\u00d6DER, faaliyetlerini de payla\u015ft\u0131. K\u00d6DER\u2019in kurucu \u00fcyelerinden olan I\u015f\u0131n Ramadan Cemil\u2019e etkinli\u011fe ev sahipli\u011fi yapt\u0131\u011f\u0131 i\u00e7in te\u015fekk\u00fcr edildi. [&hellip;]<\/p>\n","protected":false},"author":1,"featured_media":13994,"comment_status":"open","ping_status":"open","sticky":false,"template":"","format":"standard","meta":{"jnews-multi-image_gallery":[],"jnews_single_post":[],"jnews_primary_category":[],"jnews_social_meta":[],"jnews_override_counter":[],"footnotes":""},"categories":[6],"tags":[],"class_list":["post-13993","post","type-post","status-publish","format-standard","has-post-thumbnail","hentry","category-yasam"],"yoast_head":"<!-- This site is optimized with the Yoast SEO plugin v27.4 - https:\/\/yoast.com\/product\/yoast-seo-wordpress\/ -->\n<title>Kad\u0131n \u00f6yk\u00fclerinden 4 kitap, 26 belgesel haz\u0131rlayan K\u00d6DER 4 ya\u015f\u0131nda: \u201cYa\u015fanm\u0131\u015fl\u0131klar cesaret ve motivasyon y\u00fckl\u00fc\u201d - Kuzeyin Sesi<\/title>\n<meta name=\"robots\" content=\"index, follow, max-snippet:-1, max-image-preview:large, max-video-preview:-1\" \/>\n<link rel=\"canonical\" href=\"https:\/\/kuzeyinsesi.org\/index.php\/2024\/11\/21\/kadin-oykulerinden-4-kitap-26-belgesel-hazirlayan-koder-4-yasinda-yasanmisliklar-cesaret-ve-motivasyon-yuklu\/\" \/>\n<meta property=\"og:locale\" content=\"tr_TR\" \/>\n<meta property=\"og:type\" content=\"article\" \/>\n<meta property=\"og:title\" content=\"Kad\u0131n \u00f6yk\u00fclerinden 4 kitap, 26 belgesel haz\u0131rlayan K\u00d6DER 4 ya\u015f\u0131nda: \u201cYa\u015fanm\u0131\u015fl\u0131klar cesaret ve motivasyon y\u00fckl\u00fc\u201d - Kuzeyin Sesi\" \/>\n<meta property=\"og:description\" content=\"K\u0131br\u0131sl\u0131\u00a0kad\u0131nlar\u0131n hayat \u00f6yk\u00fclerinden kitaplar ve belgeseller haz\u0131rlayarak ya\u015fanm\u0131\u015fl\u0131klar\u0131 gen\u00e7 ku\u015faklara aktarmak \u00fczere kurulan\u00a0Kad\u0131n \u00d6yk\u00fcleri Derne\u011fi (K\u00d6DER), 4\u2019\u00fcnc\u00fc ya\u015f\u0131n\u0131 kutluyor. 4\u2019\u00fcnc\u00fc kurulu\u015f y\u0131l d\u00f6n\u00fcm\u00fcn\u00fc Girne\u2019de, Ramadan Cemil \u0130\u015fletmeleri Merkez Ofisi\u2019nde bu sabah d\u00fczenlenen bas\u0131n toplant\u0131s\u0131 ve kokteylle kutlayan K\u00d6DER, faaliyetlerini de payla\u015ft\u0131. K\u00d6DER\u2019in kurucu \u00fcyelerinden olan I\u015f\u0131n Ramadan Cemil\u2019e etkinli\u011fe ev sahipli\u011fi yapt\u0131\u011f\u0131 i\u00e7in te\u015fekk\u00fcr edildi. [&hellip;]\" \/>\n<meta property=\"og:url\" content=\"https:\/\/kuzeyinsesi.org\/index.php\/2024\/11\/21\/kadin-oykulerinden-4-kitap-26-belgesel-hazirlayan-koder-4-yasinda-yasanmisliklar-cesaret-ve-motivasyon-yuklu\/\" \/>\n<meta property=\"og:site_name\" content=\"Kuzeyin Sesi\" \/>\n<meta property=\"article:publisher\" content=\"https:\/\/www.facebook.com\/kuzeyinsesii\" \/>\n<meta property=\"article:published_time\" content=\"2024-11-21T15:31:26+00:00\" \/>\n<meta property=\"og:image\" content=\"https:\/\/brtk.net\/wp-content\/uploads\/2024\/11\/21\/koder-tim-6-.jpg?ver=b6eb2f71912f68574f3ed5f3aa7d5b08\" \/>\n<meta name=\"author\" content=\"Kuzeyin Sesi\" \/>\n<meta name=\"twitter:card\" content=\"summary_large_image\" \/>\n<meta name=\"twitter:creator\" content=\"@kuzeyinsesii\" \/>\n<meta name=\"twitter:site\" content=\"@kuzeyinsesii\" \/>\n<meta name=\"twitter:label1\" content=\"Yazan:\" \/>\n\t<meta name=\"twitter:data1\" content=\"Kuzeyin Sesi\" \/>\n\t<meta name=\"twitter:label2\" content=\"Tahmini okuma s\u00fcresi\" \/>\n\t<meta name=\"twitter:data2\" content=\"3 dakika\" \/>\n<script type=\"application\/ld+json\" class=\"yoast-schema-graph\">{\"@context\":\"https:\\\/\\\/schema.org\",\"@graph\":[{\"@type\":\"Article\",\"@id\":\"https:\\\/\\\/kuzeyinsesi.org\\\/index.php\\\/2024\\\/11\\\/21\\\/kadin-oykulerinden-4-kitap-26-belgesel-hazirlayan-koder-4-yasinda-yasanmisliklar-cesaret-ve-motivasyon-yuklu\\\/#article\",\"isPartOf\":{\"@id\":\"https:\\\/\\\/kuzeyinsesi.org\\\/index.php\\\/2024\\\/11\\\/21\\\/kadin-oykulerinden-4-kitap-26-belgesel-hazirlayan-koder-4-yasinda-yasanmisliklar-cesaret-ve-motivasyon-yuklu\\\/\"},\"author\":{\"name\":\"Kuzeyin Sesi\",\"@id\":\"https:\\\/\\\/kuzeyinsesi.org\\\/#\\\/schema\\\/person\\\/9f859689cdf01485597712386e37f5aa\"},\"headline\":\"Kad\u0131n \u00f6yk\u00fclerinden 4 kitap, 26 belgesel haz\u0131rlayan K\u00d6DER 4 ya\u015f\u0131nda: \u201cYa\u015fanm\u0131\u015fl\u0131klar cesaret ve motivasyon y\u00fckl\u00fc\u201d\",\"datePublished\":\"2024-11-21T15:31:26+00:00\",\"mainEntityOfPage\":{\"@id\":\"https:\\\/\\\/kuzeyinsesi.org\\\/index.php\\\/2024\\\/11\\\/21\\\/kadin-oykulerinden-4-kitap-26-belgesel-hazirlayan-koder-4-yasinda-yasanmisliklar-cesaret-ve-motivasyon-yuklu\\\/\"},\"wordCount\":671,\"commentCount\":0,\"image\":{\"@id\":\"https:\\\/\\\/kuzeyinsesi.org\\\/index.php\\\/2024\\\/11\\\/21\\\/kadin-oykulerinden-4-kitap-26-belgesel-hazirlayan-koder-4-yasinda-yasanmisliklar-cesaret-ve-motivasyon-yuklu\\\/#primaryimage\"},\"thumbnailUrl\":\"https:\\\/\\\/kuzeyinsesi.org\\\/wp-content\\\/uploads\\\/2024\\\/11\\\/koder-tim-6-.jpg\",\"articleSection\":[\"Ya\u015fam\"],\"inLanguage\":\"tr\",\"potentialAction\":[{\"@type\":\"CommentAction\",\"name\":\"Comment\",\"target\":[\"https:\\\/\\\/kuzeyinsesi.org\\\/index.php\\\/2024\\\/11\\\/21\\\/kadin-oykulerinden-4-kitap-26-belgesel-hazirlayan-koder-4-yasinda-yasanmisliklar-cesaret-ve-motivasyon-yuklu\\\/#respond\"]}]},{\"@type\":\"WebPage\",\"@id\":\"https:\\\/\\\/kuzeyinsesi.org\\\/index.php\\\/2024\\\/11\\\/21\\\/kadin-oykulerinden-4-kitap-26-belgesel-hazirlayan-koder-4-yasinda-yasanmisliklar-cesaret-ve-motivasyon-yuklu\\\/\",\"url\":\"https:\\\/\\\/kuzeyinsesi.org\\\/index.php\\\/2024\\\/11\\\/21\\\/kadin-oykulerinden-4-kitap-26-belgesel-hazirlayan-koder-4-yasinda-yasanmisliklar-cesaret-ve-motivasyon-yuklu\\\/\",\"name\":\"Kad\u0131n \u00f6yk\u00fclerinden 4 kitap, 26 belgesel haz\u0131rlayan K\u00d6DER 4 ya\u015f\u0131nda: \u201cYa\u015fanm\u0131\u015fl\u0131klar cesaret ve motivasyon y\u00fckl\u00fc\u201d - Kuzeyin Sesi\",\"isPartOf\":{\"@id\":\"https:\\\/\\\/kuzeyinsesi.org\\\/#website\"},\"primaryImageOfPage\":{\"@id\":\"https:\\\/\\\/kuzeyinsesi.org\\\/index.php\\\/2024\\\/11\\\/21\\\/kadin-oykulerinden-4-kitap-26-belgesel-hazirlayan-koder-4-yasinda-yasanmisliklar-cesaret-ve-motivasyon-yuklu\\\/#primaryimage\"},\"image\":{\"@id\":\"https:\\\/\\\/kuzeyinsesi.org\\\/index.php\\\/2024\\\/11\\\/21\\\/kadin-oykulerinden-4-kitap-26-belgesel-hazirlayan-koder-4-yasinda-yasanmisliklar-cesaret-ve-motivasyon-yuklu\\\/#primaryimage\"},\"thumbnailUrl\":\"https:\\\/\\\/kuzeyinsesi.org\\\/wp-content\\\/uploads\\\/2024\\\/11\\\/koder-tim-6-.jpg\",\"datePublished\":\"2024-11-21T15:31:26+00:00\",\"author\":{\"@id\":\"https:\\\/\\\/kuzeyinsesi.org\\\/#\\\/schema\\\/person\\\/9f859689cdf01485597712386e37f5aa\"},\"breadcrumb\":{\"@id\":\"https:\\\/\\\/kuzeyinsesi.org\\\/index.php\\\/2024\\\/11\\\/21\\\/kadin-oykulerinden-4-kitap-26-belgesel-hazirlayan-koder-4-yasinda-yasanmisliklar-cesaret-ve-motivasyon-yuklu\\\/#breadcrumb\"},\"inLanguage\":\"tr\",\"potentialAction\":[{\"@type\":\"ReadAction\",\"target\":[\"https:\\\/\\\/kuzeyinsesi.org\\\/index.php\\\/2024\\\/11\\\/21\\\/kadin-oykulerinden-4-kitap-26-belgesel-hazirlayan-koder-4-yasinda-yasanmisliklar-cesaret-ve-motivasyon-yuklu\\\/\"]}]},{\"@type\":\"ImageObject\",\"inLanguage\":\"tr\",\"@id\":\"https:\\\/\\\/kuzeyinsesi.org\\\/index.php\\\/2024\\\/11\\\/21\\\/kadin-oykulerinden-4-kitap-26-belgesel-hazirlayan-koder-4-yasinda-yasanmisliklar-cesaret-ve-motivasyon-yuklu\\\/#primaryimage\",\"url\":\"https:\\\/\\\/kuzeyinsesi.org\\\/wp-content\\\/uploads\\\/2024\\\/11\\\/koder-tim-6-.jpg\",\"contentUrl\":\"https:\\\/\\\/kuzeyinsesi.org\\\/wp-content\\\/uploads\\\/2024\\\/11\\\/koder-tim-6-.jpg\",\"width\":1654,\"height\":1104},{\"@type\":\"BreadcrumbList\",\"@id\":\"https:\\\/\\\/kuzeyinsesi.org\\\/index.php\\\/2024\\\/11\\\/21\\\/kadin-oykulerinden-4-kitap-26-belgesel-hazirlayan-koder-4-yasinda-yasanmisliklar-cesaret-ve-motivasyon-yuklu\\\/#breadcrumb\",\"itemListElement\":[{\"@type\":\"ListItem\",\"position\":1,\"name\":\"Anasayfa\",\"item\":\"https:\\\/\\\/kuzeyinsesi.org\\\/\"},{\"@type\":\"ListItem\",\"position\":2,\"name\":\"Kad\u0131n \u00f6yk\u00fclerinden 4 kitap, 26 belgesel haz\u0131rlayan K\u00d6DER 4 ya\u015f\u0131nda: \u201cYa\u015fanm\u0131\u015fl\u0131klar cesaret ve motivasyon y\u00fckl\u00fc\u201d\"}]},{\"@type\":\"WebSite\",\"@id\":\"https:\\\/\\\/kuzeyinsesi.org\\\/#website\",\"url\":\"https:\\\/\\\/kuzeyinsesi.org\\\/\",\"name\":\"Kuzeyin Sesi\",\"description\":\"Do\u011fru Haberin Adresi\",\"potentialAction\":[{\"@type\":\"SearchAction\",\"target\":{\"@type\":\"EntryPoint\",\"urlTemplate\":\"https:\\\/\\\/kuzeyinsesi.org\\\/?s={search_term_string}\"},\"query-input\":{\"@type\":\"PropertyValueSpecification\",\"valueRequired\":true,\"valueName\":\"search_term_string\"}}],\"inLanguage\":\"tr\"},{\"@type\":\"Person\",\"@id\":\"https:\\\/\\\/kuzeyinsesi.org\\\/#\\\/schema\\\/person\\\/9f859689cdf01485597712386e37f5aa\",\"name\":\"Kuzeyin Sesi\",\"image\":{\"@type\":\"ImageObject\",\"inLanguage\":\"tr\",\"@id\":\"https:\\\/\\\/secure.gravatar.com\\\/avatar\\\/bab33852abfd8b282518d6ed81826833d77c3c882d9ab608add591ccace47a44?s=96&d=mm&r=g\",\"url\":\"https:\\\/\\\/secure.gravatar.com\\\/avatar\\\/bab33852abfd8b282518d6ed81826833d77c3c882d9ab608add591ccace47a44?s=96&d=mm&r=g\",\"contentUrl\":\"https:\\\/\\\/secure.gravatar.com\\\/avatar\\\/bab33852abfd8b282518d6ed81826833d77c3c882d9ab608add591ccace47a44?s=96&d=mm&r=g\",\"caption\":\"Kuzeyin Sesi\"},\"sameAs\":[\"https:\\\/\\\/kuzeyinsesi.org\"],\"url\":\"https:\\\/\\\/kuzeyinsesi.org\\\/index.php\\\/author\\\/guven\\\/\"}]}<\/script>\n<!-- \/ Yoast SEO plugin. -->","yoast_head_json":{"title":"Kad\u0131n \u00f6yk\u00fclerinden 4 kitap, 26 belgesel haz\u0131rlayan K\u00d6DER 4 ya\u015f\u0131nda: \u201cYa\u015fanm\u0131\u015fl\u0131klar cesaret ve motivasyon y\u00fckl\u00fc\u201d - Kuzeyin Sesi","robots":{"index":"index","follow":"follow","max-snippet":"max-snippet:-1","max-image-preview":"max-image-preview:large","max-video-preview":"max-video-preview:-1"},"canonical":"https:\/\/kuzeyinsesi.org\/index.php\/2024\/11\/21\/kadin-oykulerinden-4-kitap-26-belgesel-hazirlayan-koder-4-yasinda-yasanmisliklar-cesaret-ve-motivasyon-yuklu\/","og_locale":"tr_TR","og_type":"article","og_title":"Kad\u0131n \u00f6yk\u00fclerinden 4 kitap, 26 belgesel haz\u0131rlayan K\u00d6DER 4 ya\u015f\u0131nda: \u201cYa\u015fanm\u0131\u015fl\u0131klar cesaret ve motivasyon y\u00fckl\u00fc\u201d - Kuzeyin Sesi","og_description":"K\u0131br\u0131sl\u0131\u00a0kad\u0131nlar\u0131n hayat \u00f6yk\u00fclerinden kitaplar ve belgeseller haz\u0131rlayarak ya\u015fanm\u0131\u015fl\u0131klar\u0131 gen\u00e7 ku\u015faklara aktarmak \u00fczere kurulan\u00a0Kad\u0131n \u00d6yk\u00fcleri Derne\u011fi (K\u00d6DER), 4\u2019\u00fcnc\u00fc ya\u015f\u0131n\u0131 kutluyor. 4\u2019\u00fcnc\u00fc kurulu\u015f y\u0131l d\u00f6n\u00fcm\u00fcn\u00fc Girne\u2019de, Ramadan Cemil \u0130\u015fletmeleri Merkez Ofisi\u2019nde bu sabah d\u00fczenlenen bas\u0131n toplant\u0131s\u0131 ve kokteylle kutlayan K\u00d6DER, faaliyetlerini de payla\u015ft\u0131. K\u00d6DER\u2019in kurucu \u00fcyelerinden olan I\u015f\u0131n Ramadan Cemil\u2019e etkinli\u011fe ev sahipli\u011fi yapt\u0131\u011f\u0131 i\u00e7in te\u015fekk\u00fcr edildi. [&hellip;]","og_url":"https:\/\/kuzeyinsesi.org\/index.php\/2024\/11\/21\/kadin-oykulerinden-4-kitap-26-belgesel-hazirlayan-koder-4-yasinda-yasanmisliklar-cesaret-ve-motivasyon-yuklu\/","og_site_name":"Kuzeyin Sesi","article_publisher":"https:\/\/www.facebook.com\/kuzeyinsesii","article_published_time":"2024-11-21T15:31:26+00:00","og_image":[{"url":"https:\/\/brtk.net\/wp-content\/uploads\/2024\/11\/21\/koder-tim-6-.jpg?ver=b6eb2f71912f68574f3ed5f3aa7d5b08","type":"","width":"","height":""}],"author":"Kuzeyin Sesi","twitter_card":"summary_large_image","twitter_creator":"@kuzeyinsesii","twitter_site":"@kuzeyinsesii","twitter_misc":{"Yazan:":"Kuzeyin Sesi","Tahmini okuma s\u00fcresi":"3 dakika"},"schema":{"@context":"https:\/\/schema.org","@graph":[{"@type":"Article","@id":"https:\/\/kuzeyinsesi.org\/index.php\/2024\/11\/21\/kadin-oykulerinden-4-kitap-26-belgesel-hazirlayan-koder-4-yasinda-yasanmisliklar-cesaret-ve-motivasyon-yuklu\/#article","isPartOf":{"@id":"https:\/\/kuzeyinsesi.org\/index.php\/2024\/11\/21\/kadin-oykulerinden-4-kitap-26-belgesel-hazirlayan-koder-4-yasinda-yasanmisliklar-cesaret-ve-motivasyon-yuklu\/"},"author":{"name":"Kuzeyin Sesi","@id":"https:\/\/kuzeyinsesi.org\/#\/schema\/person\/9f859689cdf01485597712386e37f5aa"},"headline":"Kad\u0131n \u00f6yk\u00fclerinden 4 kitap, 26 belgesel haz\u0131rlayan K\u00d6DER 4 ya\u015f\u0131nda: \u201cYa\u015fanm\u0131\u015fl\u0131klar cesaret ve motivasyon y\u00fckl\u00fc\u201d","datePublished":"2024-11-21T15:31:26+00:00","mainEntityOfPage":{"@id":"https:\/\/kuzeyinsesi.org\/index.php\/2024\/11\/21\/kadin-oykulerinden-4-kitap-26-belgesel-hazirlayan-koder-4-yasinda-yasanmisliklar-cesaret-ve-motivasyon-yuklu\/"},"wordCount":671,"commentCount":0,"image":{"@id":"https:\/\/kuzeyinsesi.org\/index.php\/2024\/11\/21\/kadin-oykulerinden-4-kitap-26-belgesel-hazirlayan-koder-4-yasinda-yasanmisliklar-cesaret-ve-motivasyon-yuklu\/#primaryimage"},"thumbnailUrl":"https:\/\/kuzeyinsesi.org\/wp-content\/uploads\/2024\/11\/koder-tim-6-.jpg","articleSection":["Ya\u015fam"],"inLanguage":"tr","potentialAction":[{"@type":"CommentAction","name":"Comment","target":["https:\/\/kuzeyinsesi.org\/index.php\/2024\/11\/21\/kadin-oykulerinden-4-kitap-26-belgesel-hazirlayan-koder-4-yasinda-yasanmisliklar-cesaret-ve-motivasyon-yuklu\/#respond"]}]},{"@type":"WebPage","@id":"https:\/\/kuzeyinsesi.org\/index.php\/2024\/11\/21\/kadin-oykulerinden-4-kitap-26-belgesel-hazirlayan-koder-4-yasinda-yasanmisliklar-cesaret-ve-motivasyon-yuklu\/","url":"https:\/\/kuzeyinsesi.org\/index.php\/2024\/11\/21\/kadin-oykulerinden-4-kitap-26-belgesel-hazirlayan-koder-4-yasinda-yasanmisliklar-cesaret-ve-motivasyon-yuklu\/","name":"Kad\u0131n \u00f6yk\u00fclerinden 4 kitap, 26 belgesel haz\u0131rlayan K\u00d6DER 4 ya\u015f\u0131nda: \u201cYa\u015fanm\u0131\u015fl\u0131klar cesaret ve motivasyon y\u00fckl\u00fc\u201d - Kuzeyin Sesi","isPartOf":{"@id":"https:\/\/kuzeyinsesi.org\/#website"},"primaryImageOfPage":{"@id":"https:\/\/kuzeyinsesi.org\/index.php\/2024\/11\/21\/kadin-oykulerinden-4-kitap-26-belgesel-hazirlayan-koder-4-yasinda-yasanmisliklar-cesaret-ve-motivasyon-yuklu\/#primaryimage"},"image":{"@id":"https:\/\/kuzeyinsesi.org\/index.php\/2024\/11\/21\/kadin-oykulerinden-4-kitap-26-belgesel-hazirlayan-koder-4-yasinda-yasanmisliklar-cesaret-ve-motivasyon-yuklu\/#primaryimage"},"thumbnailUrl":"https:\/\/kuzeyinsesi.org\/wp-content\/uploads\/2024\/11\/koder-tim-6-.jpg","datePublished":"2024-11-21T15:31:26+00:00","author":{"@id":"https:\/\/kuzeyinsesi.org\/#\/schema\/person\/9f859689cdf01485597712386e37f5aa"},"breadcrumb":{"@id":"https:\/\/kuzeyinsesi.org\/index.php\/2024\/11\/21\/kadin-oykulerinden-4-kitap-26-belgesel-hazirlayan-koder-4-yasinda-yasanmisliklar-cesaret-ve-motivasyon-yuklu\/#breadcrumb"},"inLanguage":"tr","potentialAction":[{"@type":"ReadAction","target":["https:\/\/kuzeyinsesi.org\/index.php\/2024\/11\/21\/kadin-oykulerinden-4-kitap-26-belgesel-hazirlayan-koder-4-yasinda-yasanmisliklar-cesaret-ve-motivasyon-yuklu\/"]}]},{"@type":"ImageObject","inLanguage":"tr","@id":"https:\/\/kuzeyinsesi.org\/index.php\/2024\/11\/21\/kadin-oykulerinden-4-kitap-26-belgesel-hazirlayan-koder-4-yasinda-yasanmisliklar-cesaret-ve-motivasyon-yuklu\/#primaryimage","url":"https:\/\/kuzeyinsesi.org\/wp-content\/uploads\/2024\/11\/koder-tim-6-.jpg","contentUrl":"https:\/\/kuzeyinsesi.org\/wp-content\/uploads\/2024\/11\/koder-tim-6-.jpg","width":1654,"height":1104},{"@type":"BreadcrumbList","@id":"https:\/\/kuzeyinsesi.org\/index.php\/2024\/11\/21\/kadin-oykulerinden-4-kitap-26-belgesel-hazirlayan-koder-4-yasinda-yasanmisliklar-cesaret-ve-motivasyon-yuklu\/#breadcrumb","itemListElement":[{"@type":"ListItem","position":1,"name":"Anasayfa","item":"https:\/\/kuzeyinsesi.org\/"},{"@type":"ListItem","position":2,"name":"Kad\u0131n \u00f6yk\u00fclerinden 4 kitap, 26 belgesel haz\u0131rlayan K\u00d6DER 4 ya\u015f\u0131nda: \u201cYa\u015fanm\u0131\u015fl\u0131klar cesaret ve motivasyon y\u00fckl\u00fc\u201d"}]},{"@type":"WebSite","@id":"https:\/\/kuzeyinsesi.org\/#website","url":"https:\/\/kuzeyinsesi.org\/","name":"Kuzeyin Sesi","description":"Do\u011fru Haberin Adresi","potentialAction":[{"@type":"SearchAction","target":{"@type":"EntryPoint","urlTemplate":"https:\/\/kuzeyinsesi.org\/?s={search_term_string}"},"query-input":{"@type":"PropertyValueSpecification","valueRequired":true,"valueName":"search_term_string"}}],"inLanguage":"tr"},{"@type":"Person","@id":"https:\/\/kuzeyinsesi.org\/#\/schema\/person\/9f859689cdf01485597712386e37f5aa","name":"Kuzeyin Sesi","image":{"@type":"ImageObject","inLanguage":"tr","@id":"https:\/\/secure.gravatar.com\/avatar\/bab33852abfd8b282518d6ed81826833d77c3c882d9ab608add591ccace47a44?s=96&d=mm&r=g","url":"https:\/\/secure.gravatar.com\/avatar\/bab33852abfd8b282518d6ed81826833d77c3c882d9ab608add591ccace47a44?s=96&d=mm&r=g","contentUrl":"https:\/\/secure.gravatar.com\/avatar\/bab33852abfd8b282518d6ed81826833d77c3c882d9ab608add591ccace47a44?s=96&d=mm&r=g","caption":"Kuzeyin Sesi"},"sameAs":["https:\/\/kuzeyinsesi.org"],"url":"https:\/\/kuzeyinsesi.org\/index.php\/author\/guven\/"}]}},"_links":{"self":[{"href":"https:\/\/kuzeyinsesi.org\/index.php\/wp-json\/wp\/v2\/posts\/13993","targetHints":{"allow":["GET"]}}],"collection":[{"href":"https:\/\/kuzeyinsesi.org\/index.php\/wp-json\/wp\/v2\/posts"}],"about":[{"href":"https:\/\/kuzeyinsesi.org\/index.php\/wp-json\/wp\/v2\/types\/post"}],"author":[{"embeddable":true,"href":"https:\/\/kuzeyinsesi.org\/index.php\/wp-json\/wp\/v2\/users\/1"}],"replies":[{"embeddable":true,"href":"https:\/\/kuzeyinsesi.org\/index.php\/wp-json\/wp\/v2\/comments?post=13993"}],"version-history":[{"count":0,"href":"https:\/\/kuzeyinsesi.org\/index.php\/wp-json\/wp\/v2\/posts\/13993\/revisions"}],"wp:featuredmedia":[{"embeddable":true,"href":"https:\/\/kuzeyinsesi.org\/index.php\/wp-json\/wp\/v2\/media\/13994"}],"wp:attachment":[{"href":"https:\/\/kuzeyinsesi.org\/index.php\/wp-json\/wp\/v2\/media?parent=13993"}],"wp:term":[{"taxonomy":"category","embeddable":true,"href":"https:\/\/kuzeyinsesi.org\/index.php\/wp-json\/wp\/v2\/categories?post=13993"},{"taxonomy":"post_tag","embeddable":true,"href":"https:\/\/kuzeyinsesi.org\/index.php\/wp-json\/wp\/v2\/tags?post=13993"}],"curies":[{"name":"wp","href":"https:\/\/api.w.org\/{rel}","templated":true}]}}