{"id":13979,"date":"2024-11-21T14:24:21","date_gmt":"2024-11-21T12:24:21","guid":{"rendered":"https:\/\/kuzeyinsesi.org\/index.php\/2024\/11\/21\/dimed-karabag-mirasi-konulu-sergi-duzenliyor\/"},"modified":"2024-11-21T14:24:21","modified_gmt":"2024-11-21T12:24:21","slug":"dimed-karabag-mirasi-konulu-sergi-duzenliyor","status":"publish","type":"post","link":"https:\/\/kuzeyinsesi.org\/index.php\/2024\/11\/21\/dimed-karabag-mirasi-konulu-sergi-duzenliyor\/","title":{"rendered":"D\u0130MED \u201cKaraba\u011f Miras\u0131\u201d konulu sergi d\u00fczenliyor"},"content":{"rendered":"<div>\n<div class=\"mariselle-image-container none\">\n                                            <\/div>\n<p style=\"font-weight: 300;\"><span style=\"font-weight: 300 !important;\">D\u0131\u015fi\u015fleri Bakanl\u0131\u011f\u0131 Mensuplar\u0131 ve E\u015fleri Derne\u011fi (D\u0130MED), 15 Kas\u0131m Cumhuriyet Bayram\u0131 kutlama etkinlikleri \u00e7er\u00e7evesinde Azerbaycanl\u0131 ressam ve tasar\u0131mc\u0131 Nigar Helmi Abbasbeyli\u2019nin eserlerinden olu\u015fan \u201cKaraba\u011f Miras\u0131\u201d konulu sergi d\u00fczenliyor.<\/span><\/p>\n<p style=\"font-weight: 300;\"><span style=\"font-weight: 300 !important;\">D\u0130MED Ba\u015fkan\u0131 Prof. Dr. Oya Ertu\u011frulo\u011flu himayelerinde d\u00fczenlenecek sergi, yar\u0131n saat 16.00\u2019da D\u0131\u015fi\u015fleri Bakanl\u0131\u011f\u0131\u2019nda yer alacak.<\/span><\/p>\n<p>\u00a0<\/p>\n<\/p><\/div>\n<p><script async\n                    defer\n                    crossorigin=\"anonymous\"\n                    src=\"https:\/\/connect.facebook.net\/tr_TR\/sdk.js#xfbml=1&#038;version=v3.3\"\n            ><\/script><\/p>\n","protected":false},"excerpt":{"rendered":"<p>D\u0131\u015fi\u015fleri Bakanl\u0131\u011f\u0131 Mensuplar\u0131 ve E\u015fleri Derne\u011fi (D\u0130MED), 15 Kas\u0131m Cumhuriyet Bayram\u0131 kutlama etkinlikleri \u00e7er\u00e7evesinde Azerbaycanl\u0131 ressam ve tasar\u0131mc\u0131 Nigar Helmi Abbasbeyli\u2019nin eserlerinden olu\u015fan \u201cKaraba\u011f Miras\u0131\u201d konulu sergi d\u00fczenliyor. D\u0130MED Ba\u015fkan\u0131 Prof. Dr. Oya Ertu\u011frulo\u011flu himayelerinde d\u00fczenlenecek sergi, yar\u0131n saat 16.00\u2019da D\u0131\u015fi\u015fleri Bakanl\u0131\u011f\u0131\u2019nda yer alacak. \u00a0<\/p>\n","protected":false},"author":1,"featured_media":13980,"comment_status":"open","ping_status":"open","sticky":false,"template":"","format":"standard","meta":{"jnews-multi-image_gallery":[],"jnews_single_post":[],"jnews_primary_category":[],"jnews_social_meta":[],"jnews_override_counter":[],"footnotes":""},"categories":[6],"tags":[],"class_list":["post-13979","post","type-post","status-publish","format-standard","has-post-thumbnail","hentry","category-yasam"],"yoast_head":"<!-- This site is optimized with the Yoast SEO plugin v27.4 - https:\/\/yoast.com\/product\/yoast-seo-wordpress\/ -->\n<title>D\u0130MED \u201cKaraba\u011f Miras\u0131\u201d konulu sergi d\u00fczenliyor - Kuzeyin Sesi<\/title>\n<meta name=\"robots\" content=\"index, follow, max-snippet:-1, max-image-preview:large, max-video-preview:-1\" \/>\n<link rel=\"canonical\" href=\"https:\/\/kuzeyinsesi.org\/index.php\/2024\/11\/21\/dimed-karabag-mirasi-konulu-sergi-duzenliyor\/\" \/>\n<meta property=\"og:locale\" content=\"tr_TR\" \/>\n<meta property=\"og:type\" content=\"article\" \/>\n<meta property=\"og:title\" content=\"D\u0130MED \u201cKaraba\u011f Miras\u0131\u201d konulu sergi d\u00fczenliyor - Kuzeyin Sesi\" \/>\n<meta property=\"og:description\" content=\"D\u0131\u015fi\u015fleri Bakanl\u0131\u011f\u0131 Mensuplar\u0131 ve E\u015fleri Derne\u011fi (D\u0130MED), 15 Kas\u0131m Cumhuriyet Bayram\u0131 kutlama etkinlikleri \u00e7er\u00e7evesinde Azerbaycanl\u0131 ressam ve tasar\u0131mc\u0131 Nigar Helmi Abbasbeyli\u2019nin eserlerinden olu\u015fan \u201cKaraba\u011f Miras\u0131\u201d konulu sergi d\u00fczenliyor. D\u0130MED Ba\u015fkan\u0131 Prof. Dr. Oya Ertu\u011frulo\u011flu himayelerinde d\u00fczenlenecek sergi, yar\u0131n saat 16.00\u2019da D\u0131\u015fi\u015fleri Bakanl\u0131\u011f\u0131\u2019nda yer alacak. \u00a0\" \/>\n<meta property=\"og:url\" content=\"https:\/\/kuzeyinsesi.org\/index.php\/2024\/11\/21\/dimed-karabag-mirasi-konulu-sergi-duzenliyor\/\" \/>\n<meta property=\"og:site_name\" content=\"Kuzeyin Sesi\" \/>\n<meta property=\"article:publisher\" content=\"https:\/\/www.facebook.com\/kuzeyinsesii\" \/>\n<meta property=\"article:published_time\" content=\"2024-11-21T12:24:21+00:00\" \/>\n<meta property=\"og:image\" content=\"https:\/\/brtk.net\/wp-content\/uploads\/2024\/11\/21\/dimed-karabag-mirasi-sergisi.png?ver=d14e74bd090b422eae0e58c57eb910ef\" \/>\n<meta name=\"author\" content=\"Kuzeyin Sesi\" \/>\n<meta name=\"twitter:card\" content=\"summary_large_image\" \/>\n<meta name=\"twitter:creator\" content=\"@kuzeyinsesii\" \/>\n<meta name=\"twitter:site\" content=\"@kuzeyinsesii\" \/>\n<meta name=\"twitter:label1\" content=\"Yazan:\" \/>\n\t<meta name=\"twitter:data1\" content=\"Kuzeyin Sesi\" \/>\n<script type=\"application\/ld+json\" class=\"yoast-schema-graph\">{\"@context\":\"https:\\\/\\\/schema.org\",\"@graph\":[{\"@type\":\"Article\",\"@id\":\"https:\\\/\\\/kuzeyinsesi.org\\\/index.php\\\/2024\\\/11\\\/21\\\/dimed-karabag-mirasi-konulu-sergi-duzenliyor\\\/#article\",\"isPartOf\":{\"@id\":\"https:\\\/\\\/kuzeyinsesi.org\\\/index.php\\\/2024\\\/11\\\/21\\\/dimed-karabag-mirasi-konulu-sergi-duzenliyor\\\/\"},\"author\":{\"name\":\"Kuzeyin Sesi\",\"@id\":\"https:\\\/\\\/kuzeyinsesi.org\\\/#\\\/schema\\\/person\\\/9f859689cdf01485597712386e37f5aa\"},\"headline\":\"D\u0130MED \u201cKaraba\u011f Miras\u0131\u201d konulu sergi d\u00fczenliyor\",\"datePublished\":\"2024-11-21T12:24:21+00:00\",\"mainEntityOfPage\":{\"@id\":\"https:\\\/\\\/kuzeyinsesi.org\\\/index.php\\\/2024\\\/11\\\/21\\\/dimed-karabag-mirasi-konulu-sergi-duzenliyor\\\/\"},\"wordCount\":71,\"commentCount\":0,\"image\":{\"@id\":\"https:\\\/\\\/kuzeyinsesi.org\\\/index.php\\\/2024\\\/11\\\/21\\\/dimed-karabag-mirasi-konulu-sergi-duzenliyor\\\/#primaryimage\"},\"thumbnailUrl\":\"https:\\\/\\\/kuzeyinsesi.org\\\/wp-content\\\/uploads\\\/2024\\\/11\\\/dimed-karabag-mirasi-sergisi.png\",\"articleSection\":[\"Ya\u015fam\"],\"inLanguage\":\"tr\",\"potentialAction\":[{\"@type\":\"CommentAction\",\"name\":\"Comment\",\"target\":[\"https:\\\/\\\/kuzeyinsesi.org\\\/index.php\\\/2024\\\/11\\\/21\\\/dimed-karabag-mirasi-konulu-sergi-duzenliyor\\\/#respond\"]}]},{\"@type\":\"WebPage\",\"@id\":\"https:\\\/\\\/kuzeyinsesi.org\\\/index.php\\\/2024\\\/11\\\/21\\\/dimed-karabag-mirasi-konulu-sergi-duzenliyor\\\/\",\"url\":\"https:\\\/\\\/kuzeyinsesi.org\\\/index.php\\\/2024\\\/11\\\/21\\\/dimed-karabag-mirasi-konulu-sergi-duzenliyor\\\/\",\"name\":\"D\u0130MED \u201cKaraba\u011f Miras\u0131\u201d konulu sergi d\u00fczenliyor - Kuzeyin Sesi\",\"isPartOf\":{\"@id\":\"https:\\\/\\\/kuzeyinsesi.org\\\/#website\"},\"primaryImageOfPage\":{\"@id\":\"https:\\\/\\\/kuzeyinsesi.org\\\/index.php\\\/2024\\\/11\\\/21\\\/dimed-karabag-mirasi-konulu-sergi-duzenliyor\\\/#primaryimage\"},\"image\":{\"@id\":\"https:\\\/\\\/kuzeyinsesi.org\\\/index.php\\\/2024\\\/11\\\/21\\\/dimed-karabag-mirasi-konulu-sergi-duzenliyor\\\/#primaryimage\"},\"thumbnailUrl\":\"https:\\\/\\\/kuzeyinsesi.org\\\/wp-content\\\/uploads\\\/2024\\\/11\\\/dimed-karabag-mirasi-sergisi.png\",\"datePublished\":\"2024-11-21T12:24:21+00:00\",\"author\":{\"@id\":\"https:\\\/\\\/kuzeyinsesi.org\\\/#\\\/schema\\\/person\\\/9f859689cdf01485597712386e37f5aa\"},\"breadcrumb\":{\"@id\":\"https:\\\/\\\/kuzeyinsesi.org\\\/index.php\\\/2024\\\/11\\\/21\\\/dimed-karabag-mirasi-konulu-sergi-duzenliyor\\\/#breadcrumb\"},\"inLanguage\":\"tr\",\"potentialAction\":[{\"@type\":\"ReadAction\",\"target\":[\"https:\\\/\\\/kuzeyinsesi.org\\\/index.php\\\/2024\\\/11\\\/21\\\/dimed-karabag-mirasi-konulu-sergi-duzenliyor\\\/\"]}]},{\"@type\":\"ImageObject\",\"inLanguage\":\"tr\",\"@id\":\"https:\\\/\\\/kuzeyinsesi.org\\\/index.php\\\/2024\\\/11\\\/21\\\/dimed-karabag-mirasi-konulu-sergi-duzenliyor\\\/#primaryimage\",\"url\":\"https:\\\/\\\/kuzeyinsesi.org\\\/wp-content\\\/uploads\\\/2024\\\/11\\\/dimed-karabag-mirasi-sergisi.png\",\"contentUrl\":\"https:\\\/\\\/kuzeyinsesi.org\\\/wp-content\\\/uploads\\\/2024\\\/11\\\/dimed-karabag-mirasi-sergisi.png\",\"width\":714,\"height\":410},{\"@type\":\"BreadcrumbList\",\"@id\":\"https:\\\/\\\/kuzeyinsesi.org\\\/index.php\\\/2024\\\/11\\\/21\\\/dimed-karabag-mirasi-konulu-sergi-duzenliyor\\\/#breadcrumb\",\"itemListElement\":[{\"@type\":\"ListItem\",\"position\":1,\"name\":\"Anasayfa\",\"item\":\"https:\\\/\\\/kuzeyinsesi.org\\\/\"},{\"@type\":\"ListItem\",\"position\":2,\"name\":\"D\u0130MED \u201cKaraba\u011f Miras\u0131\u201d konulu sergi d\u00fczenliyor\"}]},{\"@type\":\"WebSite\",\"@id\":\"https:\\\/\\\/kuzeyinsesi.org\\\/#website\",\"url\":\"https:\\\/\\\/kuzeyinsesi.org\\\/\",\"name\":\"Kuzeyin Sesi\",\"description\":\"Do\u011fru Haberin Adresi\",\"potentialAction\":[{\"@type\":\"SearchAction\",\"target\":{\"@type\":\"EntryPoint\",\"urlTemplate\":\"https:\\\/\\\/kuzeyinsesi.org\\\/?s={search_term_string}\"},\"query-input\":{\"@type\":\"PropertyValueSpecification\",\"valueRequired\":true,\"valueName\":\"search_term_string\"}}],\"inLanguage\":\"tr\"},{\"@type\":\"Person\",\"@id\":\"https:\\\/\\\/kuzeyinsesi.org\\\/#\\\/schema\\\/person\\\/9f859689cdf01485597712386e37f5aa\",\"name\":\"Kuzeyin Sesi\",\"image\":{\"@type\":\"ImageObject\",\"inLanguage\":\"tr\",\"@id\":\"https:\\\/\\\/secure.gravatar.com\\\/avatar\\\/bab33852abfd8b282518d6ed81826833d77c3c882d9ab608add591ccace47a44?s=96&d=mm&r=g\",\"url\":\"https:\\\/\\\/secure.gravatar.com\\\/avatar\\\/bab33852abfd8b282518d6ed81826833d77c3c882d9ab608add591ccace47a44?s=96&d=mm&r=g\",\"contentUrl\":\"https:\\\/\\\/secure.gravatar.com\\\/avatar\\\/bab33852abfd8b282518d6ed81826833d77c3c882d9ab608add591ccace47a44?s=96&d=mm&r=g\",\"caption\":\"Kuzeyin Sesi\"},\"sameAs\":[\"https:\\\/\\\/kuzeyinsesi.org\"],\"url\":\"https:\\\/\\\/kuzeyinsesi.org\\\/index.php\\\/author\\\/guven\\\/\"}]}<\/script>\n<!-- \/ Yoast SEO plugin. -->","yoast_head_json":{"title":"D\u0130MED \u201cKaraba\u011f Miras\u0131\u201d konulu sergi d\u00fczenliyor - Kuzeyin Sesi","robots":{"index":"index","follow":"follow","max-snippet":"max-snippet:-1","max-image-preview":"max-image-preview:large","max-video-preview":"max-video-preview:-1"},"canonical":"https:\/\/kuzeyinsesi.org\/index.php\/2024\/11\/21\/dimed-karabag-mirasi-konulu-sergi-duzenliyor\/","og_locale":"tr_TR","og_type":"article","og_title":"D\u0130MED \u201cKaraba\u011f Miras\u0131\u201d konulu sergi d\u00fczenliyor - Kuzeyin Sesi","og_description":"D\u0131\u015fi\u015fleri Bakanl\u0131\u011f\u0131 Mensuplar\u0131 ve E\u015fleri Derne\u011fi (D\u0130MED), 15 Kas\u0131m Cumhuriyet Bayram\u0131 kutlama etkinlikleri \u00e7er\u00e7evesinde Azerbaycanl\u0131 ressam ve tasar\u0131mc\u0131 Nigar Helmi Abbasbeyli\u2019nin eserlerinden olu\u015fan \u201cKaraba\u011f Miras\u0131\u201d konulu sergi d\u00fczenliyor. D\u0130MED Ba\u015fkan\u0131 Prof. Dr. Oya Ertu\u011frulo\u011flu himayelerinde d\u00fczenlenecek sergi, yar\u0131n saat 16.00\u2019da D\u0131\u015fi\u015fleri Bakanl\u0131\u011f\u0131\u2019nda yer alacak. \u00a0","og_url":"https:\/\/kuzeyinsesi.org\/index.php\/2024\/11\/21\/dimed-karabag-mirasi-konulu-sergi-duzenliyor\/","og_site_name":"Kuzeyin Sesi","article_publisher":"https:\/\/www.facebook.com\/kuzeyinsesii","article_published_time":"2024-11-21T12:24:21+00:00","og_image":[{"url":"https:\/\/brtk.net\/wp-content\/uploads\/2024\/11\/21\/dimed-karabag-mirasi-sergisi.png?ver=d14e74bd090b422eae0e58c57eb910ef","type":"","width":"","height":""}],"author":"Kuzeyin Sesi","twitter_card":"summary_large_image","twitter_creator":"@kuzeyinsesii","twitter_site":"@kuzeyinsesii","twitter_misc":{"Yazan:":"Kuzeyin Sesi"},"schema":{"@context":"https:\/\/schema.org","@graph":[{"@type":"Article","@id":"https:\/\/kuzeyinsesi.org\/index.php\/2024\/11\/21\/dimed-karabag-mirasi-konulu-sergi-duzenliyor\/#article","isPartOf":{"@id":"https:\/\/kuzeyinsesi.org\/index.php\/2024\/11\/21\/dimed-karabag-mirasi-konulu-sergi-duzenliyor\/"},"author":{"name":"Kuzeyin Sesi","@id":"https:\/\/kuzeyinsesi.org\/#\/schema\/person\/9f859689cdf01485597712386e37f5aa"},"headline":"D\u0130MED \u201cKaraba\u011f Miras\u0131\u201d konulu sergi d\u00fczenliyor","datePublished":"2024-11-21T12:24:21+00:00","mainEntityOfPage":{"@id":"https:\/\/kuzeyinsesi.org\/index.php\/2024\/11\/21\/dimed-karabag-mirasi-konulu-sergi-duzenliyor\/"},"wordCount":71,"commentCount":0,"image":{"@id":"https:\/\/kuzeyinsesi.org\/index.php\/2024\/11\/21\/dimed-karabag-mirasi-konulu-sergi-duzenliyor\/#primaryimage"},"thumbnailUrl":"https:\/\/kuzeyinsesi.org\/wp-content\/uploads\/2024\/11\/dimed-karabag-mirasi-sergisi.png","articleSection":["Ya\u015fam"],"inLanguage":"tr","potentialAction":[{"@type":"CommentAction","name":"Comment","target":["https:\/\/kuzeyinsesi.org\/index.php\/2024\/11\/21\/dimed-karabag-mirasi-konulu-sergi-duzenliyor\/#respond"]}]},{"@type":"WebPage","@id":"https:\/\/kuzeyinsesi.org\/index.php\/2024\/11\/21\/dimed-karabag-mirasi-konulu-sergi-duzenliyor\/","url":"https:\/\/kuzeyinsesi.org\/index.php\/2024\/11\/21\/dimed-karabag-mirasi-konulu-sergi-duzenliyor\/","name":"D\u0130MED \u201cKaraba\u011f Miras\u0131\u201d konulu sergi d\u00fczenliyor - Kuzeyin Sesi","isPartOf":{"@id":"https:\/\/kuzeyinsesi.org\/#website"},"primaryImageOfPage":{"@id":"https:\/\/kuzeyinsesi.org\/index.php\/2024\/11\/21\/dimed-karabag-mirasi-konulu-sergi-duzenliyor\/#primaryimage"},"image":{"@id":"https:\/\/kuzeyinsesi.org\/index.php\/2024\/11\/21\/dimed-karabag-mirasi-konulu-sergi-duzenliyor\/#primaryimage"},"thumbnailUrl":"https:\/\/kuzeyinsesi.org\/wp-content\/uploads\/2024\/11\/dimed-karabag-mirasi-sergisi.png","datePublished":"2024-11-21T12:24:21+00:00","author":{"@id":"https:\/\/kuzeyinsesi.org\/#\/schema\/person\/9f859689cdf01485597712386e37f5aa"},"breadcrumb":{"@id":"https:\/\/kuzeyinsesi.org\/index.php\/2024\/11\/21\/dimed-karabag-mirasi-konulu-sergi-duzenliyor\/#breadcrumb"},"inLanguage":"tr","potentialAction":[{"@type":"ReadAction","target":["https:\/\/kuzeyinsesi.org\/index.php\/2024\/11\/21\/dimed-karabag-mirasi-konulu-sergi-duzenliyor\/"]}]},{"@type":"ImageObject","inLanguage":"tr","@id":"https:\/\/kuzeyinsesi.org\/index.php\/2024\/11\/21\/dimed-karabag-mirasi-konulu-sergi-duzenliyor\/#primaryimage","url":"https:\/\/kuzeyinsesi.org\/wp-content\/uploads\/2024\/11\/dimed-karabag-mirasi-sergisi.png","contentUrl":"https:\/\/kuzeyinsesi.org\/wp-content\/uploads\/2024\/11\/dimed-karabag-mirasi-sergisi.png","width":714,"height":410},{"@type":"BreadcrumbList","@id":"https:\/\/kuzeyinsesi.org\/index.php\/2024\/11\/21\/dimed-karabag-mirasi-konulu-sergi-duzenliyor\/#breadcrumb","itemListElement":[{"@type":"ListItem","position":1,"name":"Anasayfa","item":"https:\/\/kuzeyinsesi.org\/"},{"@type":"ListItem","position":2,"name":"D\u0130MED \u201cKaraba\u011f Miras\u0131\u201d konulu sergi d\u00fczenliyor"}]},{"@type":"WebSite","@id":"https:\/\/kuzeyinsesi.org\/#website","url":"https:\/\/kuzeyinsesi.org\/","name":"Kuzeyin Sesi","description":"Do\u011fru Haberin Adresi","potentialAction":[{"@type":"SearchAction","target":{"@type":"EntryPoint","urlTemplate":"https:\/\/kuzeyinsesi.org\/?s={search_term_string}"},"query-input":{"@type":"PropertyValueSpecification","valueRequired":true,"valueName":"search_term_string"}}],"inLanguage":"tr"},{"@type":"Person","@id":"https:\/\/kuzeyinsesi.org\/#\/schema\/person\/9f859689cdf01485597712386e37f5aa","name":"Kuzeyin Sesi","image":{"@type":"ImageObject","inLanguage":"tr","@id":"https:\/\/secure.gravatar.com\/avatar\/bab33852abfd8b282518d6ed81826833d77c3c882d9ab608add591ccace47a44?s=96&d=mm&r=g","url":"https:\/\/secure.gravatar.com\/avatar\/bab33852abfd8b282518d6ed81826833d77c3c882d9ab608add591ccace47a44?s=96&d=mm&r=g","contentUrl":"https:\/\/secure.gravatar.com\/avatar\/bab33852abfd8b282518d6ed81826833d77c3c882d9ab608add591ccace47a44?s=96&d=mm&r=g","caption":"Kuzeyin Sesi"},"sameAs":["https:\/\/kuzeyinsesi.org"],"url":"https:\/\/kuzeyinsesi.org\/index.php\/author\/guven\/"}]}},"_links":{"self":[{"href":"https:\/\/kuzeyinsesi.org\/index.php\/wp-json\/wp\/v2\/posts\/13979","targetHints":{"allow":["GET"]}}],"collection":[{"href":"https:\/\/kuzeyinsesi.org\/index.php\/wp-json\/wp\/v2\/posts"}],"about":[{"href":"https:\/\/kuzeyinsesi.org\/index.php\/wp-json\/wp\/v2\/types\/post"}],"author":[{"embeddable":true,"href":"https:\/\/kuzeyinsesi.org\/index.php\/wp-json\/wp\/v2\/users\/1"}],"replies":[{"embeddable":true,"href":"https:\/\/kuzeyinsesi.org\/index.php\/wp-json\/wp\/v2\/comments?post=13979"}],"version-history":[{"count":0,"href":"https:\/\/kuzeyinsesi.org\/index.php\/wp-json\/wp\/v2\/posts\/13979\/revisions"}],"wp:featuredmedia":[{"embeddable":true,"href":"https:\/\/kuzeyinsesi.org\/index.php\/wp-json\/wp\/v2\/media\/13980"}],"wp:attachment":[{"href":"https:\/\/kuzeyinsesi.org\/index.php\/wp-json\/wp\/v2\/media?parent=13979"}],"wp:term":[{"taxonomy":"category","embeddable":true,"href":"https:\/\/kuzeyinsesi.org\/index.php\/wp-json\/wp\/v2\/categories?post=13979"},{"taxonomy":"post_tag","embeddable":true,"href":"https:\/\/kuzeyinsesi.org\/index.php\/wp-json\/wp\/v2\/tags?post=13979"}],"curies":[{"name":"wp","href":"https:\/\/api.w.org\/{rel}","templated":true}]}}