{"id":13963,"date":"2024-11-21T12:23:00","date_gmt":"2024-11-21T10:23:00","guid":{"rendered":"https:\/\/kuzeyinsesi.org\/index.php\/2024\/11\/21\/yasam-sahneleri-ve-manzaralar-fotograf-sergisi-acildi\/"},"modified":"2024-11-21T12:23:00","modified_gmt":"2024-11-21T10:23:00","slug":"yasam-sahneleri-ve-manzaralar-fotograf-sergisi-acildi","status":"publish","type":"post","link":"https:\/\/kuzeyinsesi.org\/index.php\/2024\/11\/21\/yasam-sahneleri-ve-manzaralar-fotograf-sergisi-acildi\/","title":{"rendered":"\u201cYa\u015fam Sahneleri ve Manzaralar\u201d foto\u011fraf sergisi a\u00e7\u0131ld\u0131"},"content":{"rendered":"<div>\n<div class=\"mariselle-image-container center\">\n                                            <\/div>\n<p>Amat\u00f6r foto\u011fraf\u00e7\u0131lar \u0130brahim Yap\u0131c\u0131o\u011flu ve Stuart Jhonson\u2019un birlikte haz\u0131rlad\u0131klar\u0131 \u201cYa\u015fam Sahneleri ve Manzaralar\u201d isimli foto\u011fraf sergisi Girne\u2019de izlenime a\u00e7\u0131ld\u0131.<\/p>\n<p>Girne Belediyesi Sanat Galerisi\u2019nde yer alan a\u00e7\u0131l\u0131\u015fa, Girne Belediye Ba\u015fkan\u0131 Murat \u015eenkul ve sanatseverler kat\u0131ld\u0131.<\/p>\n<p>Girne Belediyesi K\u00fclt\u00fcr \u0130\u015fleri \u015eubesi\u2019nden verilen bilgiye g\u00f6re sergi bug\u00fcn ve yar\u0131n  09.00 \u2013 16.:00 saatleri aras\u0131nda; cumartesi ise 09.:00 \u2013 14.00 saatleri aras\u0131nda ziyaret edilebilecek.<\/p>\n<\/p><\/div>\n<p><script async\n                    defer\n                    crossorigin=\"anonymous\"\n                    src=\"https:\/\/connect.facebook.net\/tr_TR\/sdk.js#xfbml=1&#038;version=v3.3\"\n            ><\/script><\/p>\n","protected":false},"excerpt":{"rendered":"<p>Amat\u00f6r foto\u011fraf\u00e7\u0131lar \u0130brahim Yap\u0131c\u0131o\u011flu ve Stuart Jhonson\u2019un birlikte haz\u0131rlad\u0131klar\u0131 \u201cYa\u015fam Sahneleri ve Manzaralar\u201d isimli foto\u011fraf sergisi Girne\u2019de izlenime a\u00e7\u0131ld\u0131. Girne Belediyesi Sanat Galerisi\u2019nde yer alan a\u00e7\u0131l\u0131\u015fa, Girne Belediye Ba\u015fkan\u0131 Murat \u015eenkul ve sanatseverler kat\u0131ld\u0131. Girne Belediyesi K\u00fclt\u00fcr \u0130\u015fleri \u015eubesi\u2019nden verilen bilgiye g\u00f6re sergi bug\u00fcn ve yar\u0131n 09.00 \u2013 16.:00 saatleri aras\u0131nda; cumartesi ise 09.:00 \u2013 [&hellip;]<\/p>\n","protected":false},"author":1,"featured_media":13964,"comment_status":"open","ping_status":"open","sticky":false,"template":"","format":"standard","meta":{"jnews-multi-image_gallery":[],"jnews_single_post":[],"jnews_primary_category":[],"jnews_social_meta":[],"jnews_override_counter":[],"footnotes":""},"categories":[6],"tags":[],"class_list":["post-13963","post","type-post","status-publish","format-standard","has-post-thumbnail","hentry","category-yasam"],"yoast_head":"<!-- This site is optimized with the Yoast SEO plugin v27.4 - https:\/\/yoast.com\/product\/yoast-seo-wordpress\/ -->\n<title>\u201cYa\u015fam Sahneleri ve Manzaralar\u201d foto\u011fraf sergisi a\u00e7\u0131ld\u0131 - Kuzeyin Sesi<\/title>\n<meta name=\"robots\" content=\"index, follow, max-snippet:-1, max-image-preview:large, max-video-preview:-1\" \/>\n<link rel=\"canonical\" href=\"https:\/\/kuzeyinsesi.org\/index.php\/2024\/11\/21\/yasam-sahneleri-ve-manzaralar-fotograf-sergisi-acildi\/\" \/>\n<meta property=\"og:locale\" content=\"tr_TR\" \/>\n<meta property=\"og:type\" content=\"article\" \/>\n<meta property=\"og:title\" content=\"\u201cYa\u015fam Sahneleri ve Manzaralar\u201d foto\u011fraf sergisi a\u00e7\u0131ld\u0131 - Kuzeyin Sesi\" \/>\n<meta property=\"og:description\" content=\"Amat\u00f6r foto\u011fraf\u00e7\u0131lar \u0130brahim Yap\u0131c\u0131o\u011flu ve Stuart Jhonson\u2019un birlikte haz\u0131rlad\u0131klar\u0131 \u201cYa\u015fam Sahneleri ve Manzaralar\u201d isimli foto\u011fraf sergisi Girne\u2019de izlenime a\u00e7\u0131ld\u0131. Girne Belediyesi Sanat Galerisi\u2019nde yer alan a\u00e7\u0131l\u0131\u015fa, Girne Belediye Ba\u015fkan\u0131 Murat \u015eenkul ve sanatseverler kat\u0131ld\u0131. Girne Belediyesi K\u00fclt\u00fcr \u0130\u015fleri \u015eubesi\u2019nden verilen bilgiye g\u00f6re sergi bug\u00fcn ve yar\u0131n 09.00 \u2013 16.:00 saatleri aras\u0131nda; cumartesi ise 09.:00 \u2013 [&hellip;]\" \/>\n<meta property=\"og:url\" content=\"https:\/\/kuzeyinsesi.org\/index.php\/2024\/11\/21\/yasam-sahneleri-ve-manzaralar-fotograf-sergisi-acildi\/\" \/>\n<meta property=\"og:site_name\" content=\"Kuzeyin Sesi\" \/>\n<meta property=\"article:publisher\" content=\"https:\/\/www.facebook.com\/kuzeyinsesii\" \/>\n<meta property=\"article:published_time\" content=\"2024-11-21T10:23:00+00:00\" \/>\n<meta property=\"og:image\" content=\"https:\/\/brtk.net\/wp-content\/uploads\/2024\/11\/21\/3333333333333333333333333333333333333333333333-scaled.jpg?ver=376ba7649ceebbe5584102faba81c831\" \/>\n<meta name=\"author\" content=\"Kuzeyin Sesi\" \/>\n<meta name=\"twitter:card\" content=\"summary_large_image\" \/>\n<meta name=\"twitter:creator\" content=\"@kuzeyinsesii\" \/>\n<meta name=\"twitter:site\" content=\"@kuzeyinsesii\" \/>\n<meta name=\"twitter:label1\" content=\"Yazan:\" \/>\n\t<meta name=\"twitter:data1\" content=\"Kuzeyin Sesi\" \/>\n<script type=\"application\/ld+json\" class=\"yoast-schema-graph\">{\"@context\":\"https:\\\/\\\/schema.org\",\"@graph\":[{\"@type\":\"Article\",\"@id\":\"https:\\\/\\\/kuzeyinsesi.org\\\/index.php\\\/2024\\\/11\\\/21\\\/yasam-sahneleri-ve-manzaralar-fotograf-sergisi-acildi\\\/#article\",\"isPartOf\":{\"@id\":\"https:\\\/\\\/kuzeyinsesi.org\\\/index.php\\\/2024\\\/11\\\/21\\\/yasam-sahneleri-ve-manzaralar-fotograf-sergisi-acildi\\\/\"},\"author\":{\"name\":\"Kuzeyin Sesi\",\"@id\":\"https:\\\/\\\/kuzeyinsesi.org\\\/#\\\/schema\\\/person\\\/9f859689cdf01485597712386e37f5aa\"},\"headline\":\"\u201cYa\u015fam Sahneleri ve Manzaralar\u201d foto\u011fraf sergisi a\u00e7\u0131ld\u0131\",\"datePublished\":\"2024-11-21T10:23:00+00:00\",\"mainEntityOfPage\":{\"@id\":\"https:\\\/\\\/kuzeyinsesi.org\\\/index.php\\\/2024\\\/11\\\/21\\\/yasam-sahneleri-ve-manzaralar-fotograf-sergisi-acildi\\\/\"},\"wordCount\":90,\"commentCount\":0,\"image\":{\"@id\":\"https:\\\/\\\/kuzeyinsesi.org\\\/index.php\\\/2024\\\/11\\\/21\\\/yasam-sahneleri-ve-manzaralar-fotograf-sergisi-acildi\\\/#primaryimage\"},\"thumbnailUrl\":\"https:\\\/\\\/kuzeyinsesi.org\\\/wp-content\\\/uploads\\\/2024\\\/11\\\/3333333333333333333333333333333333333333333333-scaled.jpg\",\"articleSection\":[\"Ya\u015fam\"],\"inLanguage\":\"tr\",\"potentialAction\":[{\"@type\":\"CommentAction\",\"name\":\"Comment\",\"target\":[\"https:\\\/\\\/kuzeyinsesi.org\\\/index.php\\\/2024\\\/11\\\/21\\\/yasam-sahneleri-ve-manzaralar-fotograf-sergisi-acildi\\\/#respond\"]}]},{\"@type\":\"WebPage\",\"@id\":\"https:\\\/\\\/kuzeyinsesi.org\\\/index.php\\\/2024\\\/11\\\/21\\\/yasam-sahneleri-ve-manzaralar-fotograf-sergisi-acildi\\\/\",\"url\":\"https:\\\/\\\/kuzeyinsesi.org\\\/index.php\\\/2024\\\/11\\\/21\\\/yasam-sahneleri-ve-manzaralar-fotograf-sergisi-acildi\\\/\",\"name\":\"\u201cYa\u015fam Sahneleri ve Manzaralar\u201d foto\u011fraf sergisi a\u00e7\u0131ld\u0131 - Kuzeyin Sesi\",\"isPartOf\":{\"@id\":\"https:\\\/\\\/kuzeyinsesi.org\\\/#website\"},\"primaryImageOfPage\":{\"@id\":\"https:\\\/\\\/kuzeyinsesi.org\\\/index.php\\\/2024\\\/11\\\/21\\\/yasam-sahneleri-ve-manzaralar-fotograf-sergisi-acildi\\\/#primaryimage\"},\"image\":{\"@id\":\"https:\\\/\\\/kuzeyinsesi.org\\\/index.php\\\/2024\\\/11\\\/21\\\/yasam-sahneleri-ve-manzaralar-fotograf-sergisi-acildi\\\/#primaryimage\"},\"thumbnailUrl\":\"https:\\\/\\\/kuzeyinsesi.org\\\/wp-content\\\/uploads\\\/2024\\\/11\\\/3333333333333333333333333333333333333333333333-scaled.jpg\",\"datePublished\":\"2024-11-21T10:23:00+00:00\",\"author\":{\"@id\":\"https:\\\/\\\/kuzeyinsesi.org\\\/#\\\/schema\\\/person\\\/9f859689cdf01485597712386e37f5aa\"},\"breadcrumb\":{\"@id\":\"https:\\\/\\\/kuzeyinsesi.org\\\/index.php\\\/2024\\\/11\\\/21\\\/yasam-sahneleri-ve-manzaralar-fotograf-sergisi-acildi\\\/#breadcrumb\"},\"inLanguage\":\"tr\",\"potentialAction\":[{\"@type\":\"ReadAction\",\"target\":[\"https:\\\/\\\/kuzeyinsesi.org\\\/index.php\\\/2024\\\/11\\\/21\\\/yasam-sahneleri-ve-manzaralar-fotograf-sergisi-acildi\\\/\"]}]},{\"@type\":\"ImageObject\",\"inLanguage\":\"tr\",\"@id\":\"https:\\\/\\\/kuzeyinsesi.org\\\/index.php\\\/2024\\\/11\\\/21\\\/yasam-sahneleri-ve-manzaralar-fotograf-sergisi-acildi\\\/#primaryimage\",\"url\":\"https:\\\/\\\/kuzeyinsesi.org\\\/wp-content\\\/uploads\\\/2024\\\/11\\\/3333333333333333333333333333333333333333333333-scaled.jpg\",\"contentUrl\":\"https:\\\/\\\/kuzeyinsesi.org\\\/wp-content\\\/uploads\\\/2024\\\/11\\\/3333333333333333333333333333333333333333333333-scaled.jpg\",\"width\":2560,\"height\":1711},{\"@type\":\"BreadcrumbList\",\"@id\":\"https:\\\/\\\/kuzeyinsesi.org\\\/index.php\\\/2024\\\/11\\\/21\\\/yasam-sahneleri-ve-manzaralar-fotograf-sergisi-acildi\\\/#breadcrumb\",\"itemListElement\":[{\"@type\":\"ListItem\",\"position\":1,\"name\":\"Anasayfa\",\"item\":\"https:\\\/\\\/kuzeyinsesi.org\\\/\"},{\"@type\":\"ListItem\",\"position\":2,\"name\":\"\u201cYa\u015fam Sahneleri ve Manzaralar\u201d foto\u011fraf sergisi a\u00e7\u0131ld\u0131\"}]},{\"@type\":\"WebSite\",\"@id\":\"https:\\\/\\\/kuzeyinsesi.org\\\/#website\",\"url\":\"https:\\\/\\\/kuzeyinsesi.org\\\/\",\"name\":\"Kuzeyin Sesi\",\"description\":\"Do\u011fru Haberin Adresi\",\"potentialAction\":[{\"@type\":\"SearchAction\",\"target\":{\"@type\":\"EntryPoint\",\"urlTemplate\":\"https:\\\/\\\/kuzeyinsesi.org\\\/?s={search_term_string}\"},\"query-input\":{\"@type\":\"PropertyValueSpecification\",\"valueRequired\":true,\"valueName\":\"search_term_string\"}}],\"inLanguage\":\"tr\"},{\"@type\":\"Person\",\"@id\":\"https:\\\/\\\/kuzeyinsesi.org\\\/#\\\/schema\\\/person\\\/9f859689cdf01485597712386e37f5aa\",\"name\":\"Kuzeyin Sesi\",\"image\":{\"@type\":\"ImageObject\",\"inLanguage\":\"tr\",\"@id\":\"https:\\\/\\\/secure.gravatar.com\\\/avatar\\\/bab33852abfd8b282518d6ed81826833d77c3c882d9ab608add591ccace47a44?s=96&d=mm&r=g\",\"url\":\"https:\\\/\\\/secure.gravatar.com\\\/avatar\\\/bab33852abfd8b282518d6ed81826833d77c3c882d9ab608add591ccace47a44?s=96&d=mm&r=g\",\"contentUrl\":\"https:\\\/\\\/secure.gravatar.com\\\/avatar\\\/bab33852abfd8b282518d6ed81826833d77c3c882d9ab608add591ccace47a44?s=96&d=mm&r=g\",\"caption\":\"Kuzeyin Sesi\"},\"sameAs\":[\"https:\\\/\\\/kuzeyinsesi.org\"],\"url\":\"https:\\\/\\\/kuzeyinsesi.org\\\/index.php\\\/author\\\/guven\\\/\"}]}<\/script>\n<!-- \/ Yoast SEO plugin. -->","yoast_head_json":{"title":"\u201cYa\u015fam Sahneleri ve Manzaralar\u201d foto\u011fraf sergisi a\u00e7\u0131ld\u0131 - Kuzeyin Sesi","robots":{"index":"index","follow":"follow","max-snippet":"max-snippet:-1","max-image-preview":"max-image-preview:large","max-video-preview":"max-video-preview:-1"},"canonical":"https:\/\/kuzeyinsesi.org\/index.php\/2024\/11\/21\/yasam-sahneleri-ve-manzaralar-fotograf-sergisi-acildi\/","og_locale":"tr_TR","og_type":"article","og_title":"\u201cYa\u015fam Sahneleri ve Manzaralar\u201d foto\u011fraf sergisi a\u00e7\u0131ld\u0131 - Kuzeyin Sesi","og_description":"Amat\u00f6r foto\u011fraf\u00e7\u0131lar \u0130brahim Yap\u0131c\u0131o\u011flu ve Stuart Jhonson\u2019un birlikte haz\u0131rlad\u0131klar\u0131 \u201cYa\u015fam Sahneleri ve Manzaralar\u201d isimli foto\u011fraf sergisi Girne\u2019de izlenime a\u00e7\u0131ld\u0131. Girne Belediyesi Sanat Galerisi\u2019nde yer alan a\u00e7\u0131l\u0131\u015fa, Girne Belediye Ba\u015fkan\u0131 Murat \u015eenkul ve sanatseverler kat\u0131ld\u0131. Girne Belediyesi K\u00fclt\u00fcr \u0130\u015fleri \u015eubesi\u2019nden verilen bilgiye g\u00f6re sergi bug\u00fcn ve yar\u0131n 09.00 \u2013 16.:00 saatleri aras\u0131nda; cumartesi ise 09.:00 \u2013 [&hellip;]","og_url":"https:\/\/kuzeyinsesi.org\/index.php\/2024\/11\/21\/yasam-sahneleri-ve-manzaralar-fotograf-sergisi-acildi\/","og_site_name":"Kuzeyin Sesi","article_publisher":"https:\/\/www.facebook.com\/kuzeyinsesii","article_published_time":"2024-11-21T10:23:00+00:00","og_image":[{"url":"https:\/\/brtk.net\/wp-content\/uploads\/2024\/11\/21\/3333333333333333333333333333333333333333333333-scaled.jpg?ver=376ba7649ceebbe5584102faba81c831","type":"","width":"","height":""}],"author":"Kuzeyin Sesi","twitter_card":"summary_large_image","twitter_creator":"@kuzeyinsesii","twitter_site":"@kuzeyinsesii","twitter_misc":{"Yazan:":"Kuzeyin Sesi"},"schema":{"@context":"https:\/\/schema.org","@graph":[{"@type":"Article","@id":"https:\/\/kuzeyinsesi.org\/index.php\/2024\/11\/21\/yasam-sahneleri-ve-manzaralar-fotograf-sergisi-acildi\/#article","isPartOf":{"@id":"https:\/\/kuzeyinsesi.org\/index.php\/2024\/11\/21\/yasam-sahneleri-ve-manzaralar-fotograf-sergisi-acildi\/"},"author":{"name":"Kuzeyin Sesi","@id":"https:\/\/kuzeyinsesi.org\/#\/schema\/person\/9f859689cdf01485597712386e37f5aa"},"headline":"\u201cYa\u015fam Sahneleri ve Manzaralar\u201d foto\u011fraf sergisi a\u00e7\u0131ld\u0131","datePublished":"2024-11-21T10:23:00+00:00","mainEntityOfPage":{"@id":"https:\/\/kuzeyinsesi.org\/index.php\/2024\/11\/21\/yasam-sahneleri-ve-manzaralar-fotograf-sergisi-acildi\/"},"wordCount":90,"commentCount":0,"image":{"@id":"https:\/\/kuzeyinsesi.org\/index.php\/2024\/11\/21\/yasam-sahneleri-ve-manzaralar-fotograf-sergisi-acildi\/#primaryimage"},"thumbnailUrl":"https:\/\/kuzeyinsesi.org\/wp-content\/uploads\/2024\/11\/3333333333333333333333333333333333333333333333-scaled.jpg","articleSection":["Ya\u015fam"],"inLanguage":"tr","potentialAction":[{"@type":"CommentAction","name":"Comment","target":["https:\/\/kuzeyinsesi.org\/index.php\/2024\/11\/21\/yasam-sahneleri-ve-manzaralar-fotograf-sergisi-acildi\/#respond"]}]},{"@type":"WebPage","@id":"https:\/\/kuzeyinsesi.org\/index.php\/2024\/11\/21\/yasam-sahneleri-ve-manzaralar-fotograf-sergisi-acildi\/","url":"https:\/\/kuzeyinsesi.org\/index.php\/2024\/11\/21\/yasam-sahneleri-ve-manzaralar-fotograf-sergisi-acildi\/","name":"\u201cYa\u015fam Sahneleri ve Manzaralar\u201d foto\u011fraf sergisi a\u00e7\u0131ld\u0131 - Kuzeyin Sesi","isPartOf":{"@id":"https:\/\/kuzeyinsesi.org\/#website"},"primaryImageOfPage":{"@id":"https:\/\/kuzeyinsesi.org\/index.php\/2024\/11\/21\/yasam-sahneleri-ve-manzaralar-fotograf-sergisi-acildi\/#primaryimage"},"image":{"@id":"https:\/\/kuzeyinsesi.org\/index.php\/2024\/11\/21\/yasam-sahneleri-ve-manzaralar-fotograf-sergisi-acildi\/#primaryimage"},"thumbnailUrl":"https:\/\/kuzeyinsesi.org\/wp-content\/uploads\/2024\/11\/3333333333333333333333333333333333333333333333-scaled.jpg","datePublished":"2024-11-21T10:23:00+00:00","author":{"@id":"https:\/\/kuzeyinsesi.org\/#\/schema\/person\/9f859689cdf01485597712386e37f5aa"},"breadcrumb":{"@id":"https:\/\/kuzeyinsesi.org\/index.php\/2024\/11\/21\/yasam-sahneleri-ve-manzaralar-fotograf-sergisi-acildi\/#breadcrumb"},"inLanguage":"tr","potentialAction":[{"@type":"ReadAction","target":["https:\/\/kuzeyinsesi.org\/index.php\/2024\/11\/21\/yasam-sahneleri-ve-manzaralar-fotograf-sergisi-acildi\/"]}]},{"@type":"ImageObject","inLanguage":"tr","@id":"https:\/\/kuzeyinsesi.org\/index.php\/2024\/11\/21\/yasam-sahneleri-ve-manzaralar-fotograf-sergisi-acildi\/#primaryimage","url":"https:\/\/kuzeyinsesi.org\/wp-content\/uploads\/2024\/11\/3333333333333333333333333333333333333333333333-scaled.jpg","contentUrl":"https:\/\/kuzeyinsesi.org\/wp-content\/uploads\/2024\/11\/3333333333333333333333333333333333333333333333-scaled.jpg","width":2560,"height":1711},{"@type":"BreadcrumbList","@id":"https:\/\/kuzeyinsesi.org\/index.php\/2024\/11\/21\/yasam-sahneleri-ve-manzaralar-fotograf-sergisi-acildi\/#breadcrumb","itemListElement":[{"@type":"ListItem","position":1,"name":"Anasayfa","item":"https:\/\/kuzeyinsesi.org\/"},{"@type":"ListItem","position":2,"name":"\u201cYa\u015fam Sahneleri ve Manzaralar\u201d foto\u011fraf sergisi a\u00e7\u0131ld\u0131"}]},{"@type":"WebSite","@id":"https:\/\/kuzeyinsesi.org\/#website","url":"https:\/\/kuzeyinsesi.org\/","name":"Kuzeyin Sesi","description":"Do\u011fru Haberin Adresi","potentialAction":[{"@type":"SearchAction","target":{"@type":"EntryPoint","urlTemplate":"https:\/\/kuzeyinsesi.org\/?s={search_term_string}"},"query-input":{"@type":"PropertyValueSpecification","valueRequired":true,"valueName":"search_term_string"}}],"inLanguage":"tr"},{"@type":"Person","@id":"https:\/\/kuzeyinsesi.org\/#\/schema\/person\/9f859689cdf01485597712386e37f5aa","name":"Kuzeyin Sesi","image":{"@type":"ImageObject","inLanguage":"tr","@id":"https:\/\/secure.gravatar.com\/avatar\/bab33852abfd8b282518d6ed81826833d77c3c882d9ab608add591ccace47a44?s=96&d=mm&r=g","url":"https:\/\/secure.gravatar.com\/avatar\/bab33852abfd8b282518d6ed81826833d77c3c882d9ab608add591ccace47a44?s=96&d=mm&r=g","contentUrl":"https:\/\/secure.gravatar.com\/avatar\/bab33852abfd8b282518d6ed81826833d77c3c882d9ab608add591ccace47a44?s=96&d=mm&r=g","caption":"Kuzeyin Sesi"},"sameAs":["https:\/\/kuzeyinsesi.org"],"url":"https:\/\/kuzeyinsesi.org\/index.php\/author\/guven\/"}]}},"_links":{"self":[{"href":"https:\/\/kuzeyinsesi.org\/index.php\/wp-json\/wp\/v2\/posts\/13963","targetHints":{"allow":["GET"]}}],"collection":[{"href":"https:\/\/kuzeyinsesi.org\/index.php\/wp-json\/wp\/v2\/posts"}],"about":[{"href":"https:\/\/kuzeyinsesi.org\/index.php\/wp-json\/wp\/v2\/types\/post"}],"author":[{"embeddable":true,"href":"https:\/\/kuzeyinsesi.org\/index.php\/wp-json\/wp\/v2\/users\/1"}],"replies":[{"embeddable":true,"href":"https:\/\/kuzeyinsesi.org\/index.php\/wp-json\/wp\/v2\/comments?post=13963"}],"version-history":[{"count":0,"href":"https:\/\/kuzeyinsesi.org\/index.php\/wp-json\/wp\/v2\/posts\/13963\/revisions"}],"wp:featuredmedia":[{"embeddable":true,"href":"https:\/\/kuzeyinsesi.org\/index.php\/wp-json\/wp\/v2\/media\/13964"}],"wp:attachment":[{"href":"https:\/\/kuzeyinsesi.org\/index.php\/wp-json\/wp\/v2\/media?parent=13963"}],"wp:term":[{"taxonomy":"category","embeddable":true,"href":"https:\/\/kuzeyinsesi.org\/index.php\/wp-json\/wp\/v2\/categories?post=13963"},{"taxonomy":"post_tag","embeddable":true,"href":"https:\/\/kuzeyinsesi.org\/index.php\/wp-json\/wp\/v2\/tags?post=13963"}],"curies":[{"name":"wp","href":"https:\/\/api.w.org\/{rel}","templated":true}]}}