{"id":13941,"date":"2024-11-20T21:06:20","date_gmt":"2024-11-20T19:06:20","guid":{"rendered":"https:\/\/kuzeyinsesi.org\/index.php\/2024\/11\/20\/baris-harekatinin-50-yildonumu-dolayisiyla-ankara-esenboga-havalimaninda-sergi-acildi\/"},"modified":"2024-11-20T21:06:20","modified_gmt":"2024-11-20T19:06:20","slug":"baris-harekatinin-50-yildonumu-dolayisiyla-ankara-esenboga-havalimaninda-sergi-acildi","status":"publish","type":"post","link":"https:\/\/kuzeyinsesi.org\/index.php\/2024\/11\/20\/baris-harekatinin-50-yildonumu-dolayisiyla-ankara-esenboga-havalimaninda-sergi-acildi\/","title":{"rendered":"Bar\u0131\u015f Harekat\u0131\u2019n\u0131n 50. Y\u0131ld\u00f6n\u00fcm\u00fc dolay\u0131s\u0131yla Ankara Esenbo\u011fa Havaliman\u0131\u2019nda  sergi a\u00e7\u0131ld\u0131"},"content":{"rendered":"<div>\n<div class=\"mariselle-image-container center\">\n                                            <\/div>\n<p>K\u0131br\u0131s Bar\u0131\u015f Harekat\u0131\u2019n\u0131n 50. Y\u0131ld\u00f6n\u00fcm\u00fc dolay\u0131s\u0131yla, Ankara Esenbo\u011fa Hava Liman\u0131\u2019nda  sergi a\u00e7\u0131ld\u0131.<\/p>\n<p>K\u0131br\u0131s T\u00fcrk K\u00fclt\u00fcr Derne\u011fi Genel Merkezi taraf\u0131ndan organize edilen sergi K\u0131br\u0131s T\u00fcrk\u00fc\u2019n\u00fcn hakl\u0131 davas\u0131n\u0131 anlatmak ve bu konudaki fark\u0131ndal\u0131\u011f\u0131 art\u0131rmay\u0131 hedefliyor.<\/p>\n<p>B\u00fcy\u00fck ilgi g\u00f6ren \u201cBar\u0131\u015fa Giden Yolda 50 Y\u0131l \u201c isimli foto\u011fraf sergisi binlerce ki\u015fi taraf\u0131ndan gezildi .<\/p>\n<\/p><\/div>\n<p><script async\n                    defer\n                    crossorigin=\"anonymous\"\n                    src=\"https:\/\/connect.facebook.net\/tr_TR\/sdk.js#xfbml=1&#038;version=v3.3\"\n            ><\/script><\/p>\n","protected":false},"excerpt":{"rendered":"<p>K\u0131br\u0131s Bar\u0131\u015f Harekat\u0131\u2019n\u0131n 50. Y\u0131ld\u00f6n\u00fcm\u00fc dolay\u0131s\u0131yla, Ankara Esenbo\u011fa Hava Liman\u0131\u2019nda sergi a\u00e7\u0131ld\u0131. K\u0131br\u0131s T\u00fcrk K\u00fclt\u00fcr Derne\u011fi Genel Merkezi taraf\u0131ndan organize edilen sergi K\u0131br\u0131s T\u00fcrk\u00fc\u2019n\u00fcn hakl\u0131 davas\u0131n\u0131 anlatmak ve bu konudaki fark\u0131ndal\u0131\u011f\u0131 art\u0131rmay\u0131 hedefliyor. B\u00fcy\u00fck ilgi g\u00f6ren \u201cBar\u0131\u015fa Giden Yolda 50 Y\u0131l \u201c isimli foto\u011fraf sergisi binlerce ki\u015fi taraf\u0131ndan gezildi .<\/p>\n","protected":false},"author":1,"featured_media":13942,"comment_status":"open","ping_status":"open","sticky":false,"template":"","format":"standard","meta":{"jnews-multi-image_gallery":[],"jnews_single_post":[],"jnews_primary_category":[],"jnews_social_meta":[],"jnews_override_counter":[],"footnotes":""},"categories":[6],"tags":[],"class_list":["post-13941","post","type-post","status-publish","format-standard","has-post-thumbnail","hentry","category-yasam"],"yoast_head":"<!-- This site is optimized with the Yoast SEO plugin v27.4 - https:\/\/yoast.com\/product\/yoast-seo-wordpress\/ -->\n<title>Bar\u0131\u015f Harekat\u0131\u2019n\u0131n 50. Y\u0131ld\u00f6n\u00fcm\u00fc dolay\u0131s\u0131yla Ankara Esenbo\u011fa Havaliman\u0131\u2019nda sergi a\u00e7\u0131ld\u0131 - Kuzeyin Sesi<\/title>\n<meta name=\"robots\" content=\"index, follow, max-snippet:-1, max-image-preview:large, max-video-preview:-1\" \/>\n<link rel=\"canonical\" href=\"https:\/\/kuzeyinsesi.org\/index.php\/2024\/11\/20\/baris-harekatinin-50-yildonumu-dolayisiyla-ankara-esenboga-havalimaninda-sergi-acildi\/\" \/>\n<meta property=\"og:locale\" content=\"tr_TR\" \/>\n<meta property=\"og:type\" content=\"article\" \/>\n<meta property=\"og:title\" content=\"Bar\u0131\u015f Harekat\u0131\u2019n\u0131n 50. Y\u0131ld\u00f6n\u00fcm\u00fc dolay\u0131s\u0131yla Ankara Esenbo\u011fa Havaliman\u0131\u2019nda sergi a\u00e7\u0131ld\u0131 - Kuzeyin Sesi\" \/>\n<meta property=\"og:description\" content=\"K\u0131br\u0131s Bar\u0131\u015f Harekat\u0131\u2019n\u0131n 50. Y\u0131ld\u00f6n\u00fcm\u00fc dolay\u0131s\u0131yla, Ankara Esenbo\u011fa Hava Liman\u0131\u2019nda sergi a\u00e7\u0131ld\u0131. K\u0131br\u0131s T\u00fcrk K\u00fclt\u00fcr Derne\u011fi Genel Merkezi taraf\u0131ndan organize edilen sergi K\u0131br\u0131s T\u00fcrk\u00fc\u2019n\u00fcn hakl\u0131 davas\u0131n\u0131 anlatmak ve bu konudaki fark\u0131ndal\u0131\u011f\u0131 art\u0131rmay\u0131 hedefliyor. B\u00fcy\u00fck ilgi g\u00f6ren \u201cBar\u0131\u015fa Giden Yolda 50 Y\u0131l \u201c isimli foto\u011fraf sergisi binlerce ki\u015fi taraf\u0131ndan gezildi .\" \/>\n<meta property=\"og:url\" content=\"https:\/\/kuzeyinsesi.org\/index.php\/2024\/11\/20\/baris-harekatinin-50-yildonumu-dolayisiyla-ankara-esenboga-havalimaninda-sergi-acildi\/\" \/>\n<meta property=\"og:site_name\" content=\"Kuzeyin Sesi\" \/>\n<meta property=\"article:publisher\" content=\"https:\/\/www.facebook.com\/kuzeyinsesii\" \/>\n<meta property=\"article:published_time\" content=\"2024-11-20T19:06:20+00:00\" \/>\n<meta property=\"og:image\" content=\"https:\/\/brtk.net\/wp-content\/uploads\/2024\/11\/20\/bas.jpg?ver=4cf04cab0db97614a2f8da2b7c7732db\" \/>\n<meta name=\"author\" content=\"Kuzeyin Sesi\" \/>\n<meta name=\"twitter:card\" content=\"summary_large_image\" \/>\n<meta name=\"twitter:creator\" content=\"@kuzeyinsesii\" \/>\n<meta name=\"twitter:site\" content=\"@kuzeyinsesii\" \/>\n<meta name=\"twitter:label1\" content=\"Yazan:\" \/>\n\t<meta name=\"twitter:data1\" content=\"Kuzeyin Sesi\" \/>\n<script type=\"application\/ld+json\" class=\"yoast-schema-graph\">{\"@context\":\"https:\\\/\\\/schema.org\",\"@graph\":[{\"@type\":\"Article\",\"@id\":\"https:\\\/\\\/kuzeyinsesi.org\\\/index.php\\\/2024\\\/11\\\/20\\\/baris-harekatinin-50-yildonumu-dolayisiyla-ankara-esenboga-havalimaninda-sergi-acildi\\\/#article\",\"isPartOf\":{\"@id\":\"https:\\\/\\\/kuzeyinsesi.org\\\/index.php\\\/2024\\\/11\\\/20\\\/baris-harekatinin-50-yildonumu-dolayisiyla-ankara-esenboga-havalimaninda-sergi-acildi\\\/\"},\"author\":{\"name\":\"Kuzeyin Sesi\",\"@id\":\"https:\\\/\\\/kuzeyinsesi.org\\\/#\\\/schema\\\/person\\\/9f859689cdf01485597712386e37f5aa\"},\"headline\":\"Bar\u0131\u015f Harekat\u0131\u2019n\u0131n 50. Y\u0131ld\u00f6n\u00fcm\u00fc dolay\u0131s\u0131yla Ankara Esenbo\u011fa Havaliman\u0131\u2019nda sergi a\u00e7\u0131ld\u0131\",\"datePublished\":\"2024-11-20T19:06:20+00:00\",\"mainEntityOfPage\":{\"@id\":\"https:\\\/\\\/kuzeyinsesi.org\\\/index.php\\\/2024\\\/11\\\/20\\\/baris-harekatinin-50-yildonumu-dolayisiyla-ankara-esenboga-havalimaninda-sergi-acildi\\\/\"},\"wordCount\":100,\"commentCount\":0,\"image\":{\"@id\":\"https:\\\/\\\/kuzeyinsesi.org\\\/index.php\\\/2024\\\/11\\\/20\\\/baris-harekatinin-50-yildonumu-dolayisiyla-ankara-esenboga-havalimaninda-sergi-acildi\\\/#primaryimage\"},\"thumbnailUrl\":\"https:\\\/\\\/kuzeyinsesi.org\\\/wp-content\\\/uploads\\\/2024\\\/11\\\/bas.jpg\",\"articleSection\":[\"Ya\u015fam\"],\"inLanguage\":\"tr\",\"potentialAction\":[{\"@type\":\"CommentAction\",\"name\":\"Comment\",\"target\":[\"https:\\\/\\\/kuzeyinsesi.org\\\/index.php\\\/2024\\\/11\\\/20\\\/baris-harekatinin-50-yildonumu-dolayisiyla-ankara-esenboga-havalimaninda-sergi-acildi\\\/#respond\"]}]},{\"@type\":\"WebPage\",\"@id\":\"https:\\\/\\\/kuzeyinsesi.org\\\/index.php\\\/2024\\\/11\\\/20\\\/baris-harekatinin-50-yildonumu-dolayisiyla-ankara-esenboga-havalimaninda-sergi-acildi\\\/\",\"url\":\"https:\\\/\\\/kuzeyinsesi.org\\\/index.php\\\/2024\\\/11\\\/20\\\/baris-harekatinin-50-yildonumu-dolayisiyla-ankara-esenboga-havalimaninda-sergi-acildi\\\/\",\"name\":\"Bar\u0131\u015f Harekat\u0131\u2019n\u0131n 50. Y\u0131ld\u00f6n\u00fcm\u00fc dolay\u0131s\u0131yla Ankara Esenbo\u011fa Havaliman\u0131\u2019nda sergi a\u00e7\u0131ld\u0131 - Kuzeyin Sesi\",\"isPartOf\":{\"@id\":\"https:\\\/\\\/kuzeyinsesi.org\\\/#website\"},\"primaryImageOfPage\":{\"@id\":\"https:\\\/\\\/kuzeyinsesi.org\\\/index.php\\\/2024\\\/11\\\/20\\\/baris-harekatinin-50-yildonumu-dolayisiyla-ankara-esenboga-havalimaninda-sergi-acildi\\\/#primaryimage\"},\"image\":{\"@id\":\"https:\\\/\\\/kuzeyinsesi.org\\\/index.php\\\/2024\\\/11\\\/20\\\/baris-harekatinin-50-yildonumu-dolayisiyla-ankara-esenboga-havalimaninda-sergi-acildi\\\/#primaryimage\"},\"thumbnailUrl\":\"https:\\\/\\\/kuzeyinsesi.org\\\/wp-content\\\/uploads\\\/2024\\\/11\\\/bas.jpg\",\"datePublished\":\"2024-11-20T19:06:20+00:00\",\"author\":{\"@id\":\"https:\\\/\\\/kuzeyinsesi.org\\\/#\\\/schema\\\/person\\\/9f859689cdf01485597712386e37f5aa\"},\"breadcrumb\":{\"@id\":\"https:\\\/\\\/kuzeyinsesi.org\\\/index.php\\\/2024\\\/11\\\/20\\\/baris-harekatinin-50-yildonumu-dolayisiyla-ankara-esenboga-havalimaninda-sergi-acildi\\\/#breadcrumb\"},\"inLanguage\":\"tr\",\"potentialAction\":[{\"@type\":\"ReadAction\",\"target\":[\"https:\\\/\\\/kuzeyinsesi.org\\\/index.php\\\/2024\\\/11\\\/20\\\/baris-harekatinin-50-yildonumu-dolayisiyla-ankara-esenboga-havalimaninda-sergi-acildi\\\/\"]}]},{\"@type\":\"ImageObject\",\"inLanguage\":\"tr\",\"@id\":\"https:\\\/\\\/kuzeyinsesi.org\\\/index.php\\\/2024\\\/11\\\/20\\\/baris-harekatinin-50-yildonumu-dolayisiyla-ankara-esenboga-havalimaninda-sergi-acildi\\\/#primaryimage\",\"url\":\"https:\\\/\\\/kuzeyinsesi.org\\\/wp-content\\\/uploads\\\/2024\\\/11\\\/bas.jpg\",\"contentUrl\":\"https:\\\/\\\/kuzeyinsesi.org\\\/wp-content\\\/uploads\\\/2024\\\/11\\\/bas.jpg\",\"width\":1052,\"height\":548},{\"@type\":\"BreadcrumbList\",\"@id\":\"https:\\\/\\\/kuzeyinsesi.org\\\/index.php\\\/2024\\\/11\\\/20\\\/baris-harekatinin-50-yildonumu-dolayisiyla-ankara-esenboga-havalimaninda-sergi-acildi\\\/#breadcrumb\",\"itemListElement\":[{\"@type\":\"ListItem\",\"position\":1,\"name\":\"Anasayfa\",\"item\":\"https:\\\/\\\/kuzeyinsesi.org\\\/\"},{\"@type\":\"ListItem\",\"position\":2,\"name\":\"Bar\u0131\u015f Harekat\u0131\u2019n\u0131n 50. Y\u0131ld\u00f6n\u00fcm\u00fc dolay\u0131s\u0131yla Ankara Esenbo\u011fa Havaliman\u0131\u2019nda sergi a\u00e7\u0131ld\u0131\"}]},{\"@type\":\"WebSite\",\"@id\":\"https:\\\/\\\/kuzeyinsesi.org\\\/#website\",\"url\":\"https:\\\/\\\/kuzeyinsesi.org\\\/\",\"name\":\"Kuzeyin Sesi\",\"description\":\"Do\u011fru Haberin Adresi\",\"potentialAction\":[{\"@type\":\"SearchAction\",\"target\":{\"@type\":\"EntryPoint\",\"urlTemplate\":\"https:\\\/\\\/kuzeyinsesi.org\\\/?s={search_term_string}\"},\"query-input\":{\"@type\":\"PropertyValueSpecification\",\"valueRequired\":true,\"valueName\":\"search_term_string\"}}],\"inLanguage\":\"tr\"},{\"@type\":\"Person\",\"@id\":\"https:\\\/\\\/kuzeyinsesi.org\\\/#\\\/schema\\\/person\\\/9f859689cdf01485597712386e37f5aa\",\"name\":\"Kuzeyin Sesi\",\"image\":{\"@type\":\"ImageObject\",\"inLanguage\":\"tr\",\"@id\":\"https:\\\/\\\/secure.gravatar.com\\\/avatar\\\/bab33852abfd8b282518d6ed81826833d77c3c882d9ab608add591ccace47a44?s=96&d=mm&r=g\",\"url\":\"https:\\\/\\\/secure.gravatar.com\\\/avatar\\\/bab33852abfd8b282518d6ed81826833d77c3c882d9ab608add591ccace47a44?s=96&d=mm&r=g\",\"contentUrl\":\"https:\\\/\\\/secure.gravatar.com\\\/avatar\\\/bab33852abfd8b282518d6ed81826833d77c3c882d9ab608add591ccace47a44?s=96&d=mm&r=g\",\"caption\":\"Kuzeyin Sesi\"},\"sameAs\":[\"https:\\\/\\\/kuzeyinsesi.org\"],\"url\":\"https:\\\/\\\/kuzeyinsesi.org\\\/index.php\\\/author\\\/guven\\\/\"}]}<\/script>\n<!-- \/ Yoast SEO plugin. -->","yoast_head_json":{"title":"Bar\u0131\u015f Harekat\u0131\u2019n\u0131n 50. Y\u0131ld\u00f6n\u00fcm\u00fc dolay\u0131s\u0131yla Ankara Esenbo\u011fa Havaliman\u0131\u2019nda sergi a\u00e7\u0131ld\u0131 - Kuzeyin Sesi","robots":{"index":"index","follow":"follow","max-snippet":"max-snippet:-1","max-image-preview":"max-image-preview:large","max-video-preview":"max-video-preview:-1"},"canonical":"https:\/\/kuzeyinsesi.org\/index.php\/2024\/11\/20\/baris-harekatinin-50-yildonumu-dolayisiyla-ankara-esenboga-havalimaninda-sergi-acildi\/","og_locale":"tr_TR","og_type":"article","og_title":"Bar\u0131\u015f Harekat\u0131\u2019n\u0131n 50. Y\u0131ld\u00f6n\u00fcm\u00fc dolay\u0131s\u0131yla Ankara Esenbo\u011fa Havaliman\u0131\u2019nda sergi a\u00e7\u0131ld\u0131 - Kuzeyin Sesi","og_description":"K\u0131br\u0131s Bar\u0131\u015f Harekat\u0131\u2019n\u0131n 50. Y\u0131ld\u00f6n\u00fcm\u00fc dolay\u0131s\u0131yla, Ankara Esenbo\u011fa Hava Liman\u0131\u2019nda sergi a\u00e7\u0131ld\u0131. K\u0131br\u0131s T\u00fcrk K\u00fclt\u00fcr Derne\u011fi Genel Merkezi taraf\u0131ndan organize edilen sergi K\u0131br\u0131s T\u00fcrk\u00fc\u2019n\u00fcn hakl\u0131 davas\u0131n\u0131 anlatmak ve bu konudaki fark\u0131ndal\u0131\u011f\u0131 art\u0131rmay\u0131 hedefliyor. B\u00fcy\u00fck ilgi g\u00f6ren \u201cBar\u0131\u015fa Giden Yolda 50 Y\u0131l \u201c isimli foto\u011fraf sergisi binlerce ki\u015fi taraf\u0131ndan gezildi .","og_url":"https:\/\/kuzeyinsesi.org\/index.php\/2024\/11\/20\/baris-harekatinin-50-yildonumu-dolayisiyla-ankara-esenboga-havalimaninda-sergi-acildi\/","og_site_name":"Kuzeyin Sesi","article_publisher":"https:\/\/www.facebook.com\/kuzeyinsesii","article_published_time":"2024-11-20T19:06:20+00:00","og_image":[{"url":"https:\/\/brtk.net\/wp-content\/uploads\/2024\/11\/20\/bas.jpg?ver=4cf04cab0db97614a2f8da2b7c7732db","type":"","width":"","height":""}],"author":"Kuzeyin Sesi","twitter_card":"summary_large_image","twitter_creator":"@kuzeyinsesii","twitter_site":"@kuzeyinsesii","twitter_misc":{"Yazan:":"Kuzeyin Sesi"},"schema":{"@context":"https:\/\/schema.org","@graph":[{"@type":"Article","@id":"https:\/\/kuzeyinsesi.org\/index.php\/2024\/11\/20\/baris-harekatinin-50-yildonumu-dolayisiyla-ankara-esenboga-havalimaninda-sergi-acildi\/#article","isPartOf":{"@id":"https:\/\/kuzeyinsesi.org\/index.php\/2024\/11\/20\/baris-harekatinin-50-yildonumu-dolayisiyla-ankara-esenboga-havalimaninda-sergi-acildi\/"},"author":{"name":"Kuzeyin Sesi","@id":"https:\/\/kuzeyinsesi.org\/#\/schema\/person\/9f859689cdf01485597712386e37f5aa"},"headline":"Bar\u0131\u015f Harekat\u0131\u2019n\u0131n 50. Y\u0131ld\u00f6n\u00fcm\u00fc dolay\u0131s\u0131yla Ankara Esenbo\u011fa Havaliman\u0131\u2019nda sergi a\u00e7\u0131ld\u0131","datePublished":"2024-11-20T19:06:20+00:00","mainEntityOfPage":{"@id":"https:\/\/kuzeyinsesi.org\/index.php\/2024\/11\/20\/baris-harekatinin-50-yildonumu-dolayisiyla-ankara-esenboga-havalimaninda-sergi-acildi\/"},"wordCount":100,"commentCount":0,"image":{"@id":"https:\/\/kuzeyinsesi.org\/index.php\/2024\/11\/20\/baris-harekatinin-50-yildonumu-dolayisiyla-ankara-esenboga-havalimaninda-sergi-acildi\/#primaryimage"},"thumbnailUrl":"https:\/\/kuzeyinsesi.org\/wp-content\/uploads\/2024\/11\/bas.jpg","articleSection":["Ya\u015fam"],"inLanguage":"tr","potentialAction":[{"@type":"CommentAction","name":"Comment","target":["https:\/\/kuzeyinsesi.org\/index.php\/2024\/11\/20\/baris-harekatinin-50-yildonumu-dolayisiyla-ankara-esenboga-havalimaninda-sergi-acildi\/#respond"]}]},{"@type":"WebPage","@id":"https:\/\/kuzeyinsesi.org\/index.php\/2024\/11\/20\/baris-harekatinin-50-yildonumu-dolayisiyla-ankara-esenboga-havalimaninda-sergi-acildi\/","url":"https:\/\/kuzeyinsesi.org\/index.php\/2024\/11\/20\/baris-harekatinin-50-yildonumu-dolayisiyla-ankara-esenboga-havalimaninda-sergi-acildi\/","name":"Bar\u0131\u015f Harekat\u0131\u2019n\u0131n 50. Y\u0131ld\u00f6n\u00fcm\u00fc dolay\u0131s\u0131yla Ankara Esenbo\u011fa Havaliman\u0131\u2019nda sergi a\u00e7\u0131ld\u0131 - Kuzeyin Sesi","isPartOf":{"@id":"https:\/\/kuzeyinsesi.org\/#website"},"primaryImageOfPage":{"@id":"https:\/\/kuzeyinsesi.org\/index.php\/2024\/11\/20\/baris-harekatinin-50-yildonumu-dolayisiyla-ankara-esenboga-havalimaninda-sergi-acildi\/#primaryimage"},"image":{"@id":"https:\/\/kuzeyinsesi.org\/index.php\/2024\/11\/20\/baris-harekatinin-50-yildonumu-dolayisiyla-ankara-esenboga-havalimaninda-sergi-acildi\/#primaryimage"},"thumbnailUrl":"https:\/\/kuzeyinsesi.org\/wp-content\/uploads\/2024\/11\/bas.jpg","datePublished":"2024-11-20T19:06:20+00:00","author":{"@id":"https:\/\/kuzeyinsesi.org\/#\/schema\/person\/9f859689cdf01485597712386e37f5aa"},"breadcrumb":{"@id":"https:\/\/kuzeyinsesi.org\/index.php\/2024\/11\/20\/baris-harekatinin-50-yildonumu-dolayisiyla-ankara-esenboga-havalimaninda-sergi-acildi\/#breadcrumb"},"inLanguage":"tr","potentialAction":[{"@type":"ReadAction","target":["https:\/\/kuzeyinsesi.org\/index.php\/2024\/11\/20\/baris-harekatinin-50-yildonumu-dolayisiyla-ankara-esenboga-havalimaninda-sergi-acildi\/"]}]},{"@type":"ImageObject","inLanguage":"tr","@id":"https:\/\/kuzeyinsesi.org\/index.php\/2024\/11\/20\/baris-harekatinin-50-yildonumu-dolayisiyla-ankara-esenboga-havalimaninda-sergi-acildi\/#primaryimage","url":"https:\/\/kuzeyinsesi.org\/wp-content\/uploads\/2024\/11\/bas.jpg","contentUrl":"https:\/\/kuzeyinsesi.org\/wp-content\/uploads\/2024\/11\/bas.jpg","width":1052,"height":548},{"@type":"BreadcrumbList","@id":"https:\/\/kuzeyinsesi.org\/index.php\/2024\/11\/20\/baris-harekatinin-50-yildonumu-dolayisiyla-ankara-esenboga-havalimaninda-sergi-acildi\/#breadcrumb","itemListElement":[{"@type":"ListItem","position":1,"name":"Anasayfa","item":"https:\/\/kuzeyinsesi.org\/"},{"@type":"ListItem","position":2,"name":"Bar\u0131\u015f Harekat\u0131\u2019n\u0131n 50. Y\u0131ld\u00f6n\u00fcm\u00fc dolay\u0131s\u0131yla Ankara Esenbo\u011fa Havaliman\u0131\u2019nda sergi a\u00e7\u0131ld\u0131"}]},{"@type":"WebSite","@id":"https:\/\/kuzeyinsesi.org\/#website","url":"https:\/\/kuzeyinsesi.org\/","name":"Kuzeyin Sesi","description":"Do\u011fru Haberin Adresi","potentialAction":[{"@type":"SearchAction","target":{"@type":"EntryPoint","urlTemplate":"https:\/\/kuzeyinsesi.org\/?s={search_term_string}"},"query-input":{"@type":"PropertyValueSpecification","valueRequired":true,"valueName":"search_term_string"}}],"inLanguage":"tr"},{"@type":"Person","@id":"https:\/\/kuzeyinsesi.org\/#\/schema\/person\/9f859689cdf01485597712386e37f5aa","name":"Kuzeyin Sesi","image":{"@type":"ImageObject","inLanguage":"tr","@id":"https:\/\/secure.gravatar.com\/avatar\/bab33852abfd8b282518d6ed81826833d77c3c882d9ab608add591ccace47a44?s=96&d=mm&r=g","url":"https:\/\/secure.gravatar.com\/avatar\/bab33852abfd8b282518d6ed81826833d77c3c882d9ab608add591ccace47a44?s=96&d=mm&r=g","contentUrl":"https:\/\/secure.gravatar.com\/avatar\/bab33852abfd8b282518d6ed81826833d77c3c882d9ab608add591ccace47a44?s=96&d=mm&r=g","caption":"Kuzeyin Sesi"},"sameAs":["https:\/\/kuzeyinsesi.org"],"url":"https:\/\/kuzeyinsesi.org\/index.php\/author\/guven\/"}]}},"_links":{"self":[{"href":"https:\/\/kuzeyinsesi.org\/index.php\/wp-json\/wp\/v2\/posts\/13941","targetHints":{"allow":["GET"]}}],"collection":[{"href":"https:\/\/kuzeyinsesi.org\/index.php\/wp-json\/wp\/v2\/posts"}],"about":[{"href":"https:\/\/kuzeyinsesi.org\/index.php\/wp-json\/wp\/v2\/types\/post"}],"author":[{"embeddable":true,"href":"https:\/\/kuzeyinsesi.org\/index.php\/wp-json\/wp\/v2\/users\/1"}],"replies":[{"embeddable":true,"href":"https:\/\/kuzeyinsesi.org\/index.php\/wp-json\/wp\/v2\/comments?post=13941"}],"version-history":[{"count":0,"href":"https:\/\/kuzeyinsesi.org\/index.php\/wp-json\/wp\/v2\/posts\/13941\/revisions"}],"wp:featuredmedia":[{"embeddable":true,"href":"https:\/\/kuzeyinsesi.org\/index.php\/wp-json\/wp\/v2\/media\/13942"}],"wp:attachment":[{"href":"https:\/\/kuzeyinsesi.org\/index.php\/wp-json\/wp\/v2\/media?parent=13941"}],"wp:term":[{"taxonomy":"category","embeddable":true,"href":"https:\/\/kuzeyinsesi.org\/index.php\/wp-json\/wp\/v2\/categories?post=13941"},{"taxonomy":"post_tag","embeddable":true,"href":"https:\/\/kuzeyinsesi.org\/index.php\/wp-json\/wp\/v2\/tags?post=13941"}],"curies":[{"name":"wp","href":"https:\/\/api.w.org\/{rel}","templated":true}]}}