{"id":13838,"date":"2024-11-19T14:43:16","date_gmt":"2024-11-19T12:43:16","guid":{"rendered":"https:\/\/kuzeyinsesi.org\/index.php\/2024\/11\/19\/kibrisin-klasik-bisikletleri-sergisi-ve-kitap-tanitimi\/"},"modified":"2024-11-19T14:43:16","modified_gmt":"2024-11-19T12:43:16","slug":"kibrisin-klasik-bisikletleri-sergisi-ve-kitap-tanitimi","status":"publish","type":"post","link":"https:\/\/kuzeyinsesi.org\/index.php\/2024\/11\/19\/kibrisin-klasik-bisikletleri-sergisi-ve-kitap-tanitimi\/","title":{"rendered":"\u2018K\u0131br\u0131s\u2019\u0131n Klasik Bisikletleri\u2019 sergisi ve kitap tan\u0131t\u0131m\u0131"},"content":{"rendered":"<div>\n<div class=\"mariselle-image-container none\">\n                                            <\/div>\n<p style=\"font-weight: 300;\"><span style=\"font-weight: 300 !important;\">Dr. Kenan Arifo\u011flu taraf\u0131ndan kaleme al\u0131nan \u2018\u0130ki Tekerlek \u00dczerinde Uzun Bir Zaman\u2019 isimli kitab\u0131n tan\u0131t\u0131m\u0131 ve \u2018K\u0131br\u0131s\u2019\u0131n Klasik Bisikletleri\u2019 sergisi, Girne\u2019de sanatseverlerle bulu\u015fuyor.<\/span><\/p>\n<p style=\"font-weight: 300;\"><span style=\"font-weight: 300 !important;\">Girne Belediyesi\u2019nden yap\u0131lan yaz\u0131l\u0131 a\u00e7\u0131klamaya g\u00f6re, 28 Kas\u0131m tarihine kadar s\u00fcrecek serginin a\u00e7\u0131l\u0131\u015f kokteyli ve kitap tan\u0131t\u0131m\u0131, d\u00fcn ak\u015fam Girne Belediyesi Yeni Hizmet Binas\u0131 Sergi Salonu\u2019nda yap\u0131ld\u0131.<\/span><\/p>\n<p style=\"font-weight: 300;\"><span style=\"font-weight: 300 !important;\">Sergi mesai saatleri i\u00e7erisinde, \u00fccretsiz olarak ziyaret edilebilecek.<\/span><\/p>\n<p>\u00a0<\/p>\n<\/p><\/div>\n<p><script async\n                    defer\n                    crossorigin=\"anonymous\"\n                    src=\"https:\/\/connect.facebook.net\/tr_TR\/sdk.js#xfbml=1&#038;version=v3.3\"\n            ><\/script><\/p>\n","protected":false},"excerpt":{"rendered":"<p>Dr. Kenan Arifo\u011flu taraf\u0131ndan kaleme al\u0131nan \u2018\u0130ki Tekerlek \u00dczerinde Uzun Bir Zaman\u2019 isimli kitab\u0131n tan\u0131t\u0131m\u0131 ve \u2018K\u0131br\u0131s\u2019\u0131n Klasik Bisikletleri\u2019 sergisi, Girne\u2019de sanatseverlerle bulu\u015fuyor. Girne Belediyesi\u2019nden yap\u0131lan yaz\u0131l\u0131 a\u00e7\u0131klamaya g\u00f6re, 28 Kas\u0131m tarihine kadar s\u00fcrecek serginin a\u00e7\u0131l\u0131\u015f kokteyli ve kitap tan\u0131t\u0131m\u0131, d\u00fcn ak\u015fam Girne Belediyesi Yeni Hizmet Binas\u0131 Sergi Salonu\u2019nda yap\u0131ld\u0131. Sergi mesai saatleri i\u00e7erisinde, \u00fccretsiz [&hellip;]<\/p>\n","protected":false},"author":1,"featured_media":13839,"comment_status":"open","ping_status":"open","sticky":false,"template":"","format":"standard","meta":{"jnews-multi-image_gallery":[],"jnews_single_post":[],"jnews_primary_category":[],"jnews_social_meta":[],"jnews_override_counter":[],"footnotes":""},"categories":[6],"tags":[],"class_list":["post-13838","post","type-post","status-publish","format-standard","has-post-thumbnail","hentry","category-yasam"],"yoast_head":"<!-- This site is optimized with the Yoast SEO plugin v27.4 - https:\/\/yoast.com\/product\/yoast-seo-wordpress\/ -->\n<title>\u2018K\u0131br\u0131s\u2019\u0131n Klasik Bisikletleri\u2019 sergisi ve kitap tan\u0131t\u0131m\u0131 - Kuzeyin Sesi<\/title>\n<meta name=\"robots\" content=\"index, follow, max-snippet:-1, max-image-preview:large, max-video-preview:-1\" \/>\n<link rel=\"canonical\" href=\"https:\/\/kuzeyinsesi.org\/index.php\/2024\/11\/19\/kibrisin-klasik-bisikletleri-sergisi-ve-kitap-tanitimi\/\" \/>\n<meta property=\"og:locale\" content=\"tr_TR\" \/>\n<meta property=\"og:type\" content=\"article\" \/>\n<meta property=\"og:title\" content=\"\u2018K\u0131br\u0131s\u2019\u0131n Klasik Bisikletleri\u2019 sergisi ve kitap tan\u0131t\u0131m\u0131 - Kuzeyin Sesi\" \/>\n<meta property=\"og:description\" content=\"Dr. Kenan Arifo\u011flu taraf\u0131ndan kaleme al\u0131nan \u2018\u0130ki Tekerlek \u00dczerinde Uzun Bir Zaman\u2019 isimli kitab\u0131n tan\u0131t\u0131m\u0131 ve \u2018K\u0131br\u0131s\u2019\u0131n Klasik Bisikletleri\u2019 sergisi, Girne\u2019de sanatseverlerle bulu\u015fuyor. Girne Belediyesi\u2019nden yap\u0131lan yaz\u0131l\u0131 a\u00e7\u0131klamaya g\u00f6re, 28 Kas\u0131m tarihine kadar s\u00fcrecek serginin a\u00e7\u0131l\u0131\u015f kokteyli ve kitap tan\u0131t\u0131m\u0131, d\u00fcn ak\u015fam Girne Belediyesi Yeni Hizmet Binas\u0131 Sergi Salonu\u2019nda yap\u0131ld\u0131. Sergi mesai saatleri i\u00e7erisinde, \u00fccretsiz [&hellip;]\" \/>\n<meta property=\"og:url\" content=\"https:\/\/kuzeyinsesi.org\/index.php\/2024\/11\/19\/kibrisin-klasik-bisikletleri-sergisi-ve-kitap-tanitimi\/\" \/>\n<meta property=\"og:site_name\" content=\"Kuzeyin Sesi\" \/>\n<meta property=\"article:publisher\" content=\"https:\/\/www.facebook.com\/kuzeyinsesii\" \/>\n<meta property=\"article:published_time\" content=\"2024-11-19T12:43:16+00:00\" \/>\n<meta property=\"og:image\" content=\"https:\/\/brtk.net\/wp-content\/uploads\/2024\/11\/19\/girne-belediyesi-bisiklet-sergisi-2-.jpg?ver=a6968e1884b3dabd25c7c0710a6ce62f\" \/>\n<meta name=\"author\" content=\"Kuzeyin Sesi\" \/>\n<meta name=\"twitter:card\" content=\"summary_large_image\" \/>\n<meta name=\"twitter:creator\" content=\"@kuzeyinsesii\" \/>\n<meta name=\"twitter:site\" content=\"@kuzeyinsesii\" \/>\n<meta name=\"twitter:label1\" content=\"Yazan:\" \/>\n\t<meta name=\"twitter:data1\" content=\"Kuzeyin Sesi\" \/>\n<script type=\"application\/ld+json\" class=\"yoast-schema-graph\">{\"@context\":\"https:\\\/\\\/schema.org\",\"@graph\":[{\"@type\":\"Article\",\"@id\":\"https:\\\/\\\/kuzeyinsesi.org\\\/index.php\\\/2024\\\/11\\\/19\\\/kibrisin-klasik-bisikletleri-sergisi-ve-kitap-tanitimi\\\/#article\",\"isPartOf\":{\"@id\":\"https:\\\/\\\/kuzeyinsesi.org\\\/index.php\\\/2024\\\/11\\\/19\\\/kibrisin-klasik-bisikletleri-sergisi-ve-kitap-tanitimi\\\/\"},\"author\":{\"name\":\"Kuzeyin Sesi\",\"@id\":\"https:\\\/\\\/kuzeyinsesi.org\\\/#\\\/schema\\\/person\\\/9f859689cdf01485597712386e37f5aa\"},\"headline\":\"\u2018K\u0131br\u0131s\u2019\u0131n Klasik Bisikletleri\u2019 sergisi ve kitap tan\u0131t\u0131m\u0131\",\"datePublished\":\"2024-11-19T12:43:16+00:00\",\"mainEntityOfPage\":{\"@id\":\"https:\\\/\\\/kuzeyinsesi.org\\\/index.php\\\/2024\\\/11\\\/19\\\/kibrisin-klasik-bisikletleri-sergisi-ve-kitap-tanitimi\\\/\"},\"wordCount\":95,\"commentCount\":0,\"image\":{\"@id\":\"https:\\\/\\\/kuzeyinsesi.org\\\/index.php\\\/2024\\\/11\\\/19\\\/kibrisin-klasik-bisikletleri-sergisi-ve-kitap-tanitimi\\\/#primaryimage\"},\"thumbnailUrl\":\"https:\\\/\\\/kuzeyinsesi.org\\\/wp-content\\\/uploads\\\/2024\\\/11\\\/girne-belediyesi-bisiklet-sergisi-2-.jpg\",\"articleSection\":[\"Ya\u015fam\"],\"inLanguage\":\"tr\",\"potentialAction\":[{\"@type\":\"CommentAction\",\"name\":\"Comment\",\"target\":[\"https:\\\/\\\/kuzeyinsesi.org\\\/index.php\\\/2024\\\/11\\\/19\\\/kibrisin-klasik-bisikletleri-sergisi-ve-kitap-tanitimi\\\/#respond\"]}]},{\"@type\":\"WebPage\",\"@id\":\"https:\\\/\\\/kuzeyinsesi.org\\\/index.php\\\/2024\\\/11\\\/19\\\/kibrisin-klasik-bisikletleri-sergisi-ve-kitap-tanitimi\\\/\",\"url\":\"https:\\\/\\\/kuzeyinsesi.org\\\/index.php\\\/2024\\\/11\\\/19\\\/kibrisin-klasik-bisikletleri-sergisi-ve-kitap-tanitimi\\\/\",\"name\":\"\u2018K\u0131br\u0131s\u2019\u0131n Klasik Bisikletleri\u2019 sergisi ve kitap tan\u0131t\u0131m\u0131 - Kuzeyin Sesi\",\"isPartOf\":{\"@id\":\"https:\\\/\\\/kuzeyinsesi.org\\\/#website\"},\"primaryImageOfPage\":{\"@id\":\"https:\\\/\\\/kuzeyinsesi.org\\\/index.php\\\/2024\\\/11\\\/19\\\/kibrisin-klasik-bisikletleri-sergisi-ve-kitap-tanitimi\\\/#primaryimage\"},\"image\":{\"@id\":\"https:\\\/\\\/kuzeyinsesi.org\\\/index.php\\\/2024\\\/11\\\/19\\\/kibrisin-klasik-bisikletleri-sergisi-ve-kitap-tanitimi\\\/#primaryimage\"},\"thumbnailUrl\":\"https:\\\/\\\/kuzeyinsesi.org\\\/wp-content\\\/uploads\\\/2024\\\/11\\\/girne-belediyesi-bisiklet-sergisi-2-.jpg\",\"datePublished\":\"2024-11-19T12:43:16+00:00\",\"author\":{\"@id\":\"https:\\\/\\\/kuzeyinsesi.org\\\/#\\\/schema\\\/person\\\/9f859689cdf01485597712386e37f5aa\"},\"breadcrumb\":{\"@id\":\"https:\\\/\\\/kuzeyinsesi.org\\\/index.php\\\/2024\\\/11\\\/19\\\/kibrisin-klasik-bisikletleri-sergisi-ve-kitap-tanitimi\\\/#breadcrumb\"},\"inLanguage\":\"tr\",\"potentialAction\":[{\"@type\":\"ReadAction\",\"target\":[\"https:\\\/\\\/kuzeyinsesi.org\\\/index.php\\\/2024\\\/11\\\/19\\\/kibrisin-klasik-bisikletleri-sergisi-ve-kitap-tanitimi\\\/\"]}]},{\"@type\":\"ImageObject\",\"inLanguage\":\"tr\",\"@id\":\"https:\\\/\\\/kuzeyinsesi.org\\\/index.php\\\/2024\\\/11\\\/19\\\/kibrisin-klasik-bisikletleri-sergisi-ve-kitap-tanitimi\\\/#primaryimage\",\"url\":\"https:\\\/\\\/kuzeyinsesi.org\\\/wp-content\\\/uploads\\\/2024\\\/11\\\/girne-belediyesi-bisiklet-sergisi-2-.jpg\",\"contentUrl\":\"https:\\\/\\\/kuzeyinsesi.org\\\/wp-content\\\/uploads\\\/2024\\\/11\\\/girne-belediyesi-bisiklet-sergisi-2-.jpg\",\"width\":928,\"height\":523},{\"@type\":\"BreadcrumbList\",\"@id\":\"https:\\\/\\\/kuzeyinsesi.org\\\/index.php\\\/2024\\\/11\\\/19\\\/kibrisin-klasik-bisikletleri-sergisi-ve-kitap-tanitimi\\\/#breadcrumb\",\"itemListElement\":[{\"@type\":\"ListItem\",\"position\":1,\"name\":\"Anasayfa\",\"item\":\"https:\\\/\\\/kuzeyinsesi.org\\\/\"},{\"@type\":\"ListItem\",\"position\":2,\"name\":\"\u2018K\u0131br\u0131s\u2019\u0131n Klasik Bisikletleri\u2019 sergisi ve kitap tan\u0131t\u0131m\u0131\"}]},{\"@type\":\"WebSite\",\"@id\":\"https:\\\/\\\/kuzeyinsesi.org\\\/#website\",\"url\":\"https:\\\/\\\/kuzeyinsesi.org\\\/\",\"name\":\"Kuzeyin Sesi\",\"description\":\"Do\u011fru Haberin Adresi\",\"potentialAction\":[{\"@type\":\"SearchAction\",\"target\":{\"@type\":\"EntryPoint\",\"urlTemplate\":\"https:\\\/\\\/kuzeyinsesi.org\\\/?s={search_term_string}\"},\"query-input\":{\"@type\":\"PropertyValueSpecification\",\"valueRequired\":true,\"valueName\":\"search_term_string\"}}],\"inLanguage\":\"tr\"},{\"@type\":\"Person\",\"@id\":\"https:\\\/\\\/kuzeyinsesi.org\\\/#\\\/schema\\\/person\\\/9f859689cdf01485597712386e37f5aa\",\"name\":\"Kuzeyin Sesi\",\"image\":{\"@type\":\"ImageObject\",\"inLanguage\":\"tr\",\"@id\":\"https:\\\/\\\/secure.gravatar.com\\\/avatar\\\/bab33852abfd8b282518d6ed81826833d77c3c882d9ab608add591ccace47a44?s=96&d=mm&r=g\",\"url\":\"https:\\\/\\\/secure.gravatar.com\\\/avatar\\\/bab33852abfd8b282518d6ed81826833d77c3c882d9ab608add591ccace47a44?s=96&d=mm&r=g\",\"contentUrl\":\"https:\\\/\\\/secure.gravatar.com\\\/avatar\\\/bab33852abfd8b282518d6ed81826833d77c3c882d9ab608add591ccace47a44?s=96&d=mm&r=g\",\"caption\":\"Kuzeyin Sesi\"},\"sameAs\":[\"https:\\\/\\\/kuzeyinsesi.org\"],\"url\":\"https:\\\/\\\/kuzeyinsesi.org\\\/index.php\\\/author\\\/guven\\\/\"}]}<\/script>\n<!-- \/ Yoast SEO plugin. -->","yoast_head_json":{"title":"\u2018K\u0131br\u0131s\u2019\u0131n Klasik Bisikletleri\u2019 sergisi ve kitap tan\u0131t\u0131m\u0131 - Kuzeyin Sesi","robots":{"index":"index","follow":"follow","max-snippet":"max-snippet:-1","max-image-preview":"max-image-preview:large","max-video-preview":"max-video-preview:-1"},"canonical":"https:\/\/kuzeyinsesi.org\/index.php\/2024\/11\/19\/kibrisin-klasik-bisikletleri-sergisi-ve-kitap-tanitimi\/","og_locale":"tr_TR","og_type":"article","og_title":"\u2018K\u0131br\u0131s\u2019\u0131n Klasik Bisikletleri\u2019 sergisi ve kitap tan\u0131t\u0131m\u0131 - Kuzeyin Sesi","og_description":"Dr. Kenan Arifo\u011flu taraf\u0131ndan kaleme al\u0131nan \u2018\u0130ki Tekerlek \u00dczerinde Uzun Bir Zaman\u2019 isimli kitab\u0131n tan\u0131t\u0131m\u0131 ve \u2018K\u0131br\u0131s\u2019\u0131n Klasik Bisikletleri\u2019 sergisi, Girne\u2019de sanatseverlerle bulu\u015fuyor. Girne Belediyesi\u2019nden yap\u0131lan yaz\u0131l\u0131 a\u00e7\u0131klamaya g\u00f6re, 28 Kas\u0131m tarihine kadar s\u00fcrecek serginin a\u00e7\u0131l\u0131\u015f kokteyli ve kitap tan\u0131t\u0131m\u0131, d\u00fcn ak\u015fam Girne Belediyesi Yeni Hizmet Binas\u0131 Sergi Salonu\u2019nda yap\u0131ld\u0131. Sergi mesai saatleri i\u00e7erisinde, \u00fccretsiz [&hellip;]","og_url":"https:\/\/kuzeyinsesi.org\/index.php\/2024\/11\/19\/kibrisin-klasik-bisikletleri-sergisi-ve-kitap-tanitimi\/","og_site_name":"Kuzeyin Sesi","article_publisher":"https:\/\/www.facebook.com\/kuzeyinsesii","article_published_time":"2024-11-19T12:43:16+00:00","og_image":[{"url":"https:\/\/brtk.net\/wp-content\/uploads\/2024\/11\/19\/girne-belediyesi-bisiklet-sergisi-2-.jpg?ver=a6968e1884b3dabd25c7c0710a6ce62f","type":"","width":"","height":""}],"author":"Kuzeyin Sesi","twitter_card":"summary_large_image","twitter_creator":"@kuzeyinsesii","twitter_site":"@kuzeyinsesii","twitter_misc":{"Yazan:":"Kuzeyin Sesi"},"schema":{"@context":"https:\/\/schema.org","@graph":[{"@type":"Article","@id":"https:\/\/kuzeyinsesi.org\/index.php\/2024\/11\/19\/kibrisin-klasik-bisikletleri-sergisi-ve-kitap-tanitimi\/#article","isPartOf":{"@id":"https:\/\/kuzeyinsesi.org\/index.php\/2024\/11\/19\/kibrisin-klasik-bisikletleri-sergisi-ve-kitap-tanitimi\/"},"author":{"name":"Kuzeyin Sesi","@id":"https:\/\/kuzeyinsesi.org\/#\/schema\/person\/9f859689cdf01485597712386e37f5aa"},"headline":"\u2018K\u0131br\u0131s\u2019\u0131n Klasik Bisikletleri\u2019 sergisi ve kitap tan\u0131t\u0131m\u0131","datePublished":"2024-11-19T12:43:16+00:00","mainEntityOfPage":{"@id":"https:\/\/kuzeyinsesi.org\/index.php\/2024\/11\/19\/kibrisin-klasik-bisikletleri-sergisi-ve-kitap-tanitimi\/"},"wordCount":95,"commentCount":0,"image":{"@id":"https:\/\/kuzeyinsesi.org\/index.php\/2024\/11\/19\/kibrisin-klasik-bisikletleri-sergisi-ve-kitap-tanitimi\/#primaryimage"},"thumbnailUrl":"https:\/\/kuzeyinsesi.org\/wp-content\/uploads\/2024\/11\/girne-belediyesi-bisiklet-sergisi-2-.jpg","articleSection":["Ya\u015fam"],"inLanguage":"tr","potentialAction":[{"@type":"CommentAction","name":"Comment","target":["https:\/\/kuzeyinsesi.org\/index.php\/2024\/11\/19\/kibrisin-klasik-bisikletleri-sergisi-ve-kitap-tanitimi\/#respond"]}]},{"@type":"WebPage","@id":"https:\/\/kuzeyinsesi.org\/index.php\/2024\/11\/19\/kibrisin-klasik-bisikletleri-sergisi-ve-kitap-tanitimi\/","url":"https:\/\/kuzeyinsesi.org\/index.php\/2024\/11\/19\/kibrisin-klasik-bisikletleri-sergisi-ve-kitap-tanitimi\/","name":"\u2018K\u0131br\u0131s\u2019\u0131n Klasik Bisikletleri\u2019 sergisi ve kitap tan\u0131t\u0131m\u0131 - Kuzeyin Sesi","isPartOf":{"@id":"https:\/\/kuzeyinsesi.org\/#website"},"primaryImageOfPage":{"@id":"https:\/\/kuzeyinsesi.org\/index.php\/2024\/11\/19\/kibrisin-klasik-bisikletleri-sergisi-ve-kitap-tanitimi\/#primaryimage"},"image":{"@id":"https:\/\/kuzeyinsesi.org\/index.php\/2024\/11\/19\/kibrisin-klasik-bisikletleri-sergisi-ve-kitap-tanitimi\/#primaryimage"},"thumbnailUrl":"https:\/\/kuzeyinsesi.org\/wp-content\/uploads\/2024\/11\/girne-belediyesi-bisiklet-sergisi-2-.jpg","datePublished":"2024-11-19T12:43:16+00:00","author":{"@id":"https:\/\/kuzeyinsesi.org\/#\/schema\/person\/9f859689cdf01485597712386e37f5aa"},"breadcrumb":{"@id":"https:\/\/kuzeyinsesi.org\/index.php\/2024\/11\/19\/kibrisin-klasik-bisikletleri-sergisi-ve-kitap-tanitimi\/#breadcrumb"},"inLanguage":"tr","potentialAction":[{"@type":"ReadAction","target":["https:\/\/kuzeyinsesi.org\/index.php\/2024\/11\/19\/kibrisin-klasik-bisikletleri-sergisi-ve-kitap-tanitimi\/"]}]},{"@type":"ImageObject","inLanguage":"tr","@id":"https:\/\/kuzeyinsesi.org\/index.php\/2024\/11\/19\/kibrisin-klasik-bisikletleri-sergisi-ve-kitap-tanitimi\/#primaryimage","url":"https:\/\/kuzeyinsesi.org\/wp-content\/uploads\/2024\/11\/girne-belediyesi-bisiklet-sergisi-2-.jpg","contentUrl":"https:\/\/kuzeyinsesi.org\/wp-content\/uploads\/2024\/11\/girne-belediyesi-bisiklet-sergisi-2-.jpg","width":928,"height":523},{"@type":"BreadcrumbList","@id":"https:\/\/kuzeyinsesi.org\/index.php\/2024\/11\/19\/kibrisin-klasik-bisikletleri-sergisi-ve-kitap-tanitimi\/#breadcrumb","itemListElement":[{"@type":"ListItem","position":1,"name":"Anasayfa","item":"https:\/\/kuzeyinsesi.org\/"},{"@type":"ListItem","position":2,"name":"\u2018K\u0131br\u0131s\u2019\u0131n Klasik Bisikletleri\u2019 sergisi ve kitap tan\u0131t\u0131m\u0131"}]},{"@type":"WebSite","@id":"https:\/\/kuzeyinsesi.org\/#website","url":"https:\/\/kuzeyinsesi.org\/","name":"Kuzeyin Sesi","description":"Do\u011fru Haberin Adresi","potentialAction":[{"@type":"SearchAction","target":{"@type":"EntryPoint","urlTemplate":"https:\/\/kuzeyinsesi.org\/?s={search_term_string}"},"query-input":{"@type":"PropertyValueSpecification","valueRequired":true,"valueName":"search_term_string"}}],"inLanguage":"tr"},{"@type":"Person","@id":"https:\/\/kuzeyinsesi.org\/#\/schema\/person\/9f859689cdf01485597712386e37f5aa","name":"Kuzeyin Sesi","image":{"@type":"ImageObject","inLanguage":"tr","@id":"https:\/\/secure.gravatar.com\/avatar\/bab33852abfd8b282518d6ed81826833d77c3c882d9ab608add591ccace47a44?s=96&d=mm&r=g","url":"https:\/\/secure.gravatar.com\/avatar\/bab33852abfd8b282518d6ed81826833d77c3c882d9ab608add591ccace47a44?s=96&d=mm&r=g","contentUrl":"https:\/\/secure.gravatar.com\/avatar\/bab33852abfd8b282518d6ed81826833d77c3c882d9ab608add591ccace47a44?s=96&d=mm&r=g","caption":"Kuzeyin Sesi"},"sameAs":["https:\/\/kuzeyinsesi.org"],"url":"https:\/\/kuzeyinsesi.org\/index.php\/author\/guven\/"}]}},"_links":{"self":[{"href":"https:\/\/kuzeyinsesi.org\/index.php\/wp-json\/wp\/v2\/posts\/13838","targetHints":{"allow":["GET"]}}],"collection":[{"href":"https:\/\/kuzeyinsesi.org\/index.php\/wp-json\/wp\/v2\/posts"}],"about":[{"href":"https:\/\/kuzeyinsesi.org\/index.php\/wp-json\/wp\/v2\/types\/post"}],"author":[{"embeddable":true,"href":"https:\/\/kuzeyinsesi.org\/index.php\/wp-json\/wp\/v2\/users\/1"}],"replies":[{"embeddable":true,"href":"https:\/\/kuzeyinsesi.org\/index.php\/wp-json\/wp\/v2\/comments?post=13838"}],"version-history":[{"count":0,"href":"https:\/\/kuzeyinsesi.org\/index.php\/wp-json\/wp\/v2\/posts\/13838\/revisions"}],"wp:featuredmedia":[{"embeddable":true,"href":"https:\/\/kuzeyinsesi.org\/index.php\/wp-json\/wp\/v2\/media\/13839"}],"wp:attachment":[{"href":"https:\/\/kuzeyinsesi.org\/index.php\/wp-json\/wp\/v2\/media?parent=13838"}],"wp:term":[{"taxonomy":"category","embeddable":true,"href":"https:\/\/kuzeyinsesi.org\/index.php\/wp-json\/wp\/v2\/categories?post=13838"},{"taxonomy":"post_tag","embeddable":true,"href":"https:\/\/kuzeyinsesi.org\/index.php\/wp-json\/wp\/v2\/tags?post=13838"}],"curies":[{"name":"wp","href":"https:\/\/api.w.org\/{rel}","templated":true}]}}