{"id":1383,"date":"2024-05-05T14:09:26","date_gmt":"2024-05-05T11:09:26","guid":{"rendered":"https:\/\/kuzeyinsesi.com\/index.php\/2024\/05\/05\/meclis-baskani-tore-24-geleneksel-eko-gun-etkinligine-katildi\/"},"modified":"2024-05-05T14:09:26","modified_gmt":"2024-05-05T11:09:26","slug":"meclis-baskani-tore-24-geleneksel-eko-gun-etkinligine-katildi","status":"publish","type":"post","link":"https:\/\/kuzeyinsesi.org\/index.php\/2024\/05\/05\/meclis-baskani-tore-24-geleneksel-eko-gun-etkinligine-katildi\/","title":{"rendered":"Meclis Ba\u015fkan\u0131 T\u00f6re \u201c24. Geleneksel Eko G\u00fcn\u201d etkinli\u011fine kat\u0131ld\u0131"},"content":{"rendered":"<div>\n<div class=\"mariselle-image-container center\">\n                                            <\/div>\n<p>Cumhurba\u015fkan\u0131 Vekili Cumhuriyet Meclisi Ba\u015fkan\u0131 Zorlu T\u00f6re, Mehmet\u00e7ik B\u00fcy\u00fckkonuk Belediyesi taraf\u0131ndan d\u00fczenlenen \u201c24. Geleneksel Eko G\u00fcn\u201d etkinli\u011fine kat\u0131ld\u0131.<\/p>\n<p>Meclisten verilen bilgiye g\u00f6re, B\u00fcy\u00fckkonuk\u2019ta d\u00fczenlenen etkinlikte Meclis Ba\u015fkan\u0131 T\u00f6re, kat\u0131l\u0131mc\u0131lara hitaben konu\u015fma da yapt\u0131.<\/p>\n<p>T\u00f6re, ya\u011fmurun bereket anlam\u0131na geldi\u011fini ancak eko g\u00fcnde ya\u011fmur ya\u011fmas\u0131n\u0131n takdir oldu\u011funu ifade etti. T\u00f6re, festivallerin \u00fclkenin k\u00fclt\u00fcrel zenginli\u011finin payla\u015f\u0131m\u0131 noktas\u0131nda \u00f6nemli bir yeri oldu\u011funa dikkat \u00e7ekti.<\/p>\n<p>T\u00f6re, insanlar aras\u0131 etkile\u015fimin bu t\u00fcr etkinliklerle daha da fark edildi\u011fini  dile getirerek, t\u00fcm stant a\u00e7an esnafa bereketli kazan\u00e7lar diledi.<\/p>\n<p>T\u00f6re, etkinlik d\u00fczenlenen k\u00f6ylerin ve civar b\u00f6lgelerin \u00fclke genelinde dayan\u0131\u015fmay\u0131 art\u0131rd\u0131\u011f\u0131na vurgu yaparak, bir dahaki eko g\u00fcn\u00fcn g\u00fcne\u015fli bir g\u00fcne denk gelmesini temenni etti.<\/p>\n<\/p><\/div>\n<p><script async\n                    defer\n                    crossorigin=\"anonymous\"\n                    src=\"https:\/\/connect.facebook.net\/tr_TR\/sdk.js#xfbml=1&#038;version=v3.3\"\n            ><\/script><\/p>\n","protected":false},"excerpt":{"rendered":"<p>Cumhurba\u015fkan\u0131 Vekili Cumhuriyet Meclisi Ba\u015fkan\u0131 Zorlu T\u00f6re, Mehmet\u00e7ik B\u00fcy\u00fckkonuk Belediyesi taraf\u0131ndan d\u00fczenlenen \u201c24. Geleneksel Eko G\u00fcn\u201d etkinli\u011fine kat\u0131ld\u0131. Meclisten verilen bilgiye g\u00f6re, B\u00fcy\u00fckkonuk\u2019ta d\u00fczenlenen etkinlikte Meclis Ba\u015fkan\u0131 T\u00f6re, kat\u0131l\u0131mc\u0131lara hitaben konu\u015fma da yapt\u0131. T\u00f6re, ya\u011fmurun bereket anlam\u0131na geldi\u011fini ancak eko g\u00fcnde ya\u011fmur ya\u011fmas\u0131n\u0131n takdir oldu\u011funu ifade etti. T\u00f6re, festivallerin \u00fclkenin k\u00fclt\u00fcrel zenginli\u011finin payla\u015f\u0131m\u0131 noktas\u0131nda \u00f6nemli [&hellip;]<\/p>\n","protected":false},"author":1,"featured_media":1384,"comment_status":"open","ping_status":"open","sticky":false,"template":"","format":"standard","meta":{"jnews-multi-image_gallery":[],"jnews_single_post":[],"jnews_primary_category":[],"jnews_social_meta":[],"jnews_override_counter":[],"footnotes":""},"categories":[1],"tags":[],"class_list":["post-1383","post","type-post","status-publish","format-standard","has-post-thumbnail","hentry","category-kibris"],"yoast_head":"<!-- This site is optimized with the Yoast SEO plugin v27.5 - https:\/\/yoast.com\/product\/yoast-seo-wordpress\/ -->\n<title>Meclis Ba\u015fkan\u0131 T\u00f6re \u201c24. Geleneksel Eko G\u00fcn\u201d etkinli\u011fine kat\u0131ld\u0131 - Kuzeyin Sesi<\/title>\n<meta name=\"robots\" content=\"index, follow, max-snippet:-1, max-image-preview:large, max-video-preview:-1\" \/>\n<link rel=\"canonical\" href=\"https:\/\/kuzeyinsesi.org\/index.php\/2024\/05\/05\/meclis-baskani-tore-24-geleneksel-eko-gun-etkinligine-katildi\/\" \/>\n<meta property=\"og:locale\" content=\"tr_TR\" \/>\n<meta property=\"og:type\" content=\"article\" \/>\n<meta property=\"og:title\" content=\"Meclis Ba\u015fkan\u0131 T\u00f6re \u201c24. Geleneksel Eko G\u00fcn\u201d etkinli\u011fine kat\u0131ld\u0131 - Kuzeyin Sesi\" \/>\n<meta property=\"og:description\" content=\"Cumhurba\u015fkan\u0131 Vekili Cumhuriyet Meclisi Ba\u015fkan\u0131 Zorlu T\u00f6re, Mehmet\u00e7ik B\u00fcy\u00fckkonuk Belediyesi taraf\u0131ndan d\u00fczenlenen \u201c24. Geleneksel Eko G\u00fcn\u201d etkinli\u011fine kat\u0131ld\u0131. Meclisten verilen bilgiye g\u00f6re, B\u00fcy\u00fckkonuk\u2019ta d\u00fczenlenen etkinlikte Meclis Ba\u015fkan\u0131 T\u00f6re, kat\u0131l\u0131mc\u0131lara hitaben konu\u015fma da yapt\u0131. T\u00f6re, ya\u011fmurun bereket anlam\u0131na geldi\u011fini ancak eko g\u00fcnde ya\u011fmur ya\u011fmas\u0131n\u0131n takdir oldu\u011funu ifade etti. T\u00f6re, festivallerin \u00fclkenin k\u00fclt\u00fcrel zenginli\u011finin payla\u015f\u0131m\u0131 noktas\u0131nda \u00f6nemli [&hellip;]\" \/>\n<meta property=\"og:url\" content=\"https:\/\/kuzeyinsesi.org\/index.php\/2024\/05\/05\/meclis-baskani-tore-24-geleneksel-eko-gun-etkinligine-katildi\/\" \/>\n<meta property=\"og:site_name\" content=\"Kuzeyin Sesi\" \/>\n<meta property=\"article:publisher\" content=\"https:\/\/www.facebook.com\/kuzeyinsesii\" \/>\n<meta property=\"article:published_time\" content=\"2024-05-05T11:09:26+00:00\" \/>\n<meta property=\"og:image\" content=\"https:\/\/kuzeyinsesi.org\/wp-content\/uploads\/2024\/05\/tore-eko-gun-1-.jpg\" \/>\n\t<meta property=\"og:image:width\" content=\"2560\" \/>\n\t<meta property=\"og:image:height\" content=\"1706\" \/>\n\t<meta property=\"og:image:type\" content=\"image\/jpeg\" \/>\n<meta name=\"author\" content=\"Kuzeyin Sesi\" \/>\n<meta name=\"twitter:card\" content=\"summary_large_image\" \/>\n<meta name=\"twitter:creator\" content=\"@kuzeyinsesii\" \/>\n<meta name=\"twitter:site\" content=\"@kuzeyinsesii\" \/>\n<meta name=\"twitter:label1\" content=\"Yazan:\" \/>\n\t<meta name=\"twitter:data1\" content=\"Kuzeyin Sesi\" \/>\n\t<meta name=\"twitter:label2\" content=\"Tahmini okuma s\u00fcresi\" \/>\n\t<meta name=\"twitter:data2\" content=\"1 dakika\" \/>\n<script type=\"application\/ld+json\" class=\"yoast-schema-graph\">{\"@context\":\"https:\\\/\\\/schema.org\",\"@graph\":[{\"@type\":\"Article\",\"@id\":\"https:\\\/\\\/kuzeyinsesi.org\\\/index.php\\\/2024\\\/05\\\/05\\\/meclis-baskani-tore-24-geleneksel-eko-gun-etkinligine-katildi\\\/#article\",\"isPartOf\":{\"@id\":\"https:\\\/\\\/kuzeyinsesi.org\\\/index.php\\\/2024\\\/05\\\/05\\\/meclis-baskani-tore-24-geleneksel-eko-gun-etkinligine-katildi\\\/\"},\"author\":{\"name\":\"Kuzeyin Sesi\",\"@id\":\"https:\\\/\\\/kuzeyinsesi.org\\\/#\\\/schema\\\/person\\\/9f859689cdf01485597712386e37f5aa\"},\"headline\":\"Meclis Ba\u015fkan\u0131 T\u00f6re \u201c24. Geleneksel Eko G\u00fcn\u201d etkinli\u011fine kat\u0131ld\u0131\",\"datePublished\":\"2024-05-05T11:09:26+00:00\",\"mainEntityOfPage\":{\"@id\":\"https:\\\/\\\/kuzeyinsesi.org\\\/index.php\\\/2024\\\/05\\\/05\\\/meclis-baskani-tore-24-geleneksel-eko-gun-etkinligine-katildi\\\/\"},\"wordCount\":174,\"commentCount\":0,\"image\":{\"@id\":\"https:\\\/\\\/kuzeyinsesi.org\\\/index.php\\\/2024\\\/05\\\/05\\\/meclis-baskani-tore-24-geleneksel-eko-gun-etkinligine-katildi\\\/#primaryimage\"},\"thumbnailUrl\":\"https:\\\/\\\/kuzeyinsesi.org\\\/wp-content\\\/uploads\\\/2024\\\/05\\\/tore-eko-gun-1-.jpg\",\"articleSection\":[\"K\u0131br\u0131s\"],\"inLanguage\":\"tr\",\"potentialAction\":[{\"@type\":\"CommentAction\",\"name\":\"Comment\",\"target\":[\"https:\\\/\\\/kuzeyinsesi.org\\\/index.php\\\/2024\\\/05\\\/05\\\/meclis-baskani-tore-24-geleneksel-eko-gun-etkinligine-katildi\\\/#respond\"]}]},{\"@type\":\"WebPage\",\"@id\":\"https:\\\/\\\/kuzeyinsesi.org\\\/index.php\\\/2024\\\/05\\\/05\\\/meclis-baskani-tore-24-geleneksel-eko-gun-etkinligine-katildi\\\/\",\"url\":\"https:\\\/\\\/kuzeyinsesi.org\\\/index.php\\\/2024\\\/05\\\/05\\\/meclis-baskani-tore-24-geleneksel-eko-gun-etkinligine-katildi\\\/\",\"name\":\"Meclis Ba\u015fkan\u0131 T\u00f6re \u201c24. Geleneksel Eko G\u00fcn\u201d etkinli\u011fine kat\u0131ld\u0131 - Kuzeyin Sesi\",\"isPartOf\":{\"@id\":\"https:\\\/\\\/kuzeyinsesi.org\\\/#website\"},\"primaryImageOfPage\":{\"@id\":\"https:\\\/\\\/kuzeyinsesi.org\\\/index.php\\\/2024\\\/05\\\/05\\\/meclis-baskani-tore-24-geleneksel-eko-gun-etkinligine-katildi\\\/#primaryimage\"},\"image\":{\"@id\":\"https:\\\/\\\/kuzeyinsesi.org\\\/index.php\\\/2024\\\/05\\\/05\\\/meclis-baskani-tore-24-geleneksel-eko-gun-etkinligine-katildi\\\/#primaryimage\"},\"thumbnailUrl\":\"https:\\\/\\\/kuzeyinsesi.org\\\/wp-content\\\/uploads\\\/2024\\\/05\\\/tore-eko-gun-1-.jpg\",\"datePublished\":\"2024-05-05T11:09:26+00:00\",\"author\":{\"@id\":\"https:\\\/\\\/kuzeyinsesi.org\\\/#\\\/schema\\\/person\\\/9f859689cdf01485597712386e37f5aa\"},\"breadcrumb\":{\"@id\":\"https:\\\/\\\/kuzeyinsesi.org\\\/index.php\\\/2024\\\/05\\\/05\\\/meclis-baskani-tore-24-geleneksel-eko-gun-etkinligine-katildi\\\/#breadcrumb\"},\"inLanguage\":\"tr\",\"potentialAction\":[{\"@type\":\"ReadAction\",\"target\":[\"https:\\\/\\\/kuzeyinsesi.org\\\/index.php\\\/2024\\\/05\\\/05\\\/meclis-baskani-tore-24-geleneksel-eko-gun-etkinligine-katildi\\\/\"]}]},{\"@type\":\"ImageObject\",\"inLanguage\":\"tr\",\"@id\":\"https:\\\/\\\/kuzeyinsesi.org\\\/index.php\\\/2024\\\/05\\\/05\\\/meclis-baskani-tore-24-geleneksel-eko-gun-etkinligine-katildi\\\/#primaryimage\",\"url\":\"https:\\\/\\\/kuzeyinsesi.org\\\/wp-content\\\/uploads\\\/2024\\\/05\\\/tore-eko-gun-1-.jpg\",\"contentUrl\":\"https:\\\/\\\/kuzeyinsesi.org\\\/wp-content\\\/uploads\\\/2024\\\/05\\\/tore-eko-gun-1-.jpg\",\"width\":2560,\"height\":1706},{\"@type\":\"BreadcrumbList\",\"@id\":\"https:\\\/\\\/kuzeyinsesi.org\\\/index.php\\\/2024\\\/05\\\/05\\\/meclis-baskani-tore-24-geleneksel-eko-gun-etkinligine-katildi\\\/#breadcrumb\",\"itemListElement\":[{\"@type\":\"ListItem\",\"position\":1,\"name\":\"Anasayfa\",\"item\":\"https:\\\/\\\/kuzeyinsesi.org\\\/\"},{\"@type\":\"ListItem\",\"position\":2,\"name\":\"Meclis Ba\u015fkan\u0131 T\u00f6re \u201c24. Geleneksel Eko G\u00fcn\u201d etkinli\u011fine kat\u0131ld\u0131\"}]},{\"@type\":\"WebSite\",\"@id\":\"https:\\\/\\\/kuzeyinsesi.org\\\/#website\",\"url\":\"https:\\\/\\\/kuzeyinsesi.org\\\/\",\"name\":\"Kuzeyin Sesi\",\"description\":\"Do\u011fru Haberin Adresi\",\"potentialAction\":[{\"@type\":\"SearchAction\",\"target\":{\"@type\":\"EntryPoint\",\"urlTemplate\":\"https:\\\/\\\/kuzeyinsesi.org\\\/?s={search_term_string}\"},\"query-input\":{\"@type\":\"PropertyValueSpecification\",\"valueRequired\":true,\"valueName\":\"search_term_string\"}}],\"inLanguage\":\"tr\"},{\"@type\":\"Person\",\"@id\":\"https:\\\/\\\/kuzeyinsesi.org\\\/#\\\/schema\\\/person\\\/9f859689cdf01485597712386e37f5aa\",\"name\":\"Kuzeyin Sesi\",\"image\":{\"@type\":\"ImageObject\",\"inLanguage\":\"tr\",\"@id\":\"https:\\\/\\\/secure.gravatar.com\\\/avatar\\\/bab33852abfd8b282518d6ed81826833d77c3c882d9ab608add591ccace47a44?s=96&d=mm&r=g\",\"url\":\"https:\\\/\\\/secure.gravatar.com\\\/avatar\\\/bab33852abfd8b282518d6ed81826833d77c3c882d9ab608add591ccace47a44?s=96&d=mm&r=g\",\"contentUrl\":\"https:\\\/\\\/secure.gravatar.com\\\/avatar\\\/bab33852abfd8b282518d6ed81826833d77c3c882d9ab608add591ccace47a44?s=96&d=mm&r=g\",\"caption\":\"Kuzeyin Sesi\"},\"sameAs\":[\"https:\\\/\\\/kuzeyinsesi.org\"],\"url\":\"https:\\\/\\\/kuzeyinsesi.org\\\/index.php\\\/author\\\/guven\\\/\"}]}<\/script>\n<!-- \/ Yoast SEO plugin. -->","yoast_head_json":{"title":"Meclis Ba\u015fkan\u0131 T\u00f6re \u201c24. Geleneksel Eko G\u00fcn\u201d etkinli\u011fine kat\u0131ld\u0131 - Kuzeyin Sesi","robots":{"index":"index","follow":"follow","max-snippet":"max-snippet:-1","max-image-preview":"max-image-preview:large","max-video-preview":"max-video-preview:-1"},"canonical":"https:\/\/kuzeyinsesi.org\/index.php\/2024\/05\/05\/meclis-baskani-tore-24-geleneksel-eko-gun-etkinligine-katildi\/","og_locale":"tr_TR","og_type":"article","og_title":"Meclis Ba\u015fkan\u0131 T\u00f6re \u201c24. Geleneksel Eko G\u00fcn\u201d etkinli\u011fine kat\u0131ld\u0131 - Kuzeyin Sesi","og_description":"Cumhurba\u015fkan\u0131 Vekili Cumhuriyet Meclisi Ba\u015fkan\u0131 Zorlu T\u00f6re, Mehmet\u00e7ik B\u00fcy\u00fckkonuk Belediyesi taraf\u0131ndan d\u00fczenlenen \u201c24. Geleneksel Eko G\u00fcn\u201d etkinli\u011fine kat\u0131ld\u0131. Meclisten verilen bilgiye g\u00f6re, B\u00fcy\u00fckkonuk\u2019ta d\u00fczenlenen etkinlikte Meclis Ba\u015fkan\u0131 T\u00f6re, kat\u0131l\u0131mc\u0131lara hitaben konu\u015fma da yapt\u0131. T\u00f6re, ya\u011fmurun bereket anlam\u0131na geldi\u011fini ancak eko g\u00fcnde ya\u011fmur ya\u011fmas\u0131n\u0131n takdir oldu\u011funu ifade etti. T\u00f6re, festivallerin \u00fclkenin k\u00fclt\u00fcrel zenginli\u011finin payla\u015f\u0131m\u0131 noktas\u0131nda \u00f6nemli [&hellip;]","og_url":"https:\/\/kuzeyinsesi.org\/index.php\/2024\/05\/05\/meclis-baskani-tore-24-geleneksel-eko-gun-etkinligine-katildi\/","og_site_name":"Kuzeyin Sesi","article_publisher":"https:\/\/www.facebook.com\/kuzeyinsesii","article_published_time":"2024-05-05T11:09:26+00:00","og_image":[{"width":2560,"height":1706,"url":"https:\/\/kuzeyinsesi.org\/wp-content\/uploads\/2024\/05\/tore-eko-gun-1-.jpg","type":"image\/jpeg"}],"author":"Kuzeyin Sesi","twitter_card":"summary_large_image","twitter_creator":"@kuzeyinsesii","twitter_site":"@kuzeyinsesii","twitter_misc":{"Yazan:":"Kuzeyin Sesi","Tahmini okuma s\u00fcresi":"1 dakika"},"schema":{"@context":"https:\/\/schema.org","@graph":[{"@type":"Article","@id":"https:\/\/kuzeyinsesi.org\/index.php\/2024\/05\/05\/meclis-baskani-tore-24-geleneksel-eko-gun-etkinligine-katildi\/#article","isPartOf":{"@id":"https:\/\/kuzeyinsesi.org\/index.php\/2024\/05\/05\/meclis-baskani-tore-24-geleneksel-eko-gun-etkinligine-katildi\/"},"author":{"name":"Kuzeyin Sesi","@id":"https:\/\/kuzeyinsesi.org\/#\/schema\/person\/9f859689cdf01485597712386e37f5aa"},"headline":"Meclis Ba\u015fkan\u0131 T\u00f6re \u201c24. Geleneksel Eko G\u00fcn\u201d etkinli\u011fine kat\u0131ld\u0131","datePublished":"2024-05-05T11:09:26+00:00","mainEntityOfPage":{"@id":"https:\/\/kuzeyinsesi.org\/index.php\/2024\/05\/05\/meclis-baskani-tore-24-geleneksel-eko-gun-etkinligine-katildi\/"},"wordCount":174,"commentCount":0,"image":{"@id":"https:\/\/kuzeyinsesi.org\/index.php\/2024\/05\/05\/meclis-baskani-tore-24-geleneksel-eko-gun-etkinligine-katildi\/#primaryimage"},"thumbnailUrl":"https:\/\/kuzeyinsesi.org\/wp-content\/uploads\/2024\/05\/tore-eko-gun-1-.jpg","articleSection":["K\u0131br\u0131s"],"inLanguage":"tr","potentialAction":[{"@type":"CommentAction","name":"Comment","target":["https:\/\/kuzeyinsesi.org\/index.php\/2024\/05\/05\/meclis-baskani-tore-24-geleneksel-eko-gun-etkinligine-katildi\/#respond"]}]},{"@type":"WebPage","@id":"https:\/\/kuzeyinsesi.org\/index.php\/2024\/05\/05\/meclis-baskani-tore-24-geleneksel-eko-gun-etkinligine-katildi\/","url":"https:\/\/kuzeyinsesi.org\/index.php\/2024\/05\/05\/meclis-baskani-tore-24-geleneksel-eko-gun-etkinligine-katildi\/","name":"Meclis Ba\u015fkan\u0131 T\u00f6re \u201c24. Geleneksel Eko G\u00fcn\u201d etkinli\u011fine kat\u0131ld\u0131 - Kuzeyin Sesi","isPartOf":{"@id":"https:\/\/kuzeyinsesi.org\/#website"},"primaryImageOfPage":{"@id":"https:\/\/kuzeyinsesi.org\/index.php\/2024\/05\/05\/meclis-baskani-tore-24-geleneksel-eko-gun-etkinligine-katildi\/#primaryimage"},"image":{"@id":"https:\/\/kuzeyinsesi.org\/index.php\/2024\/05\/05\/meclis-baskani-tore-24-geleneksel-eko-gun-etkinligine-katildi\/#primaryimage"},"thumbnailUrl":"https:\/\/kuzeyinsesi.org\/wp-content\/uploads\/2024\/05\/tore-eko-gun-1-.jpg","datePublished":"2024-05-05T11:09:26+00:00","author":{"@id":"https:\/\/kuzeyinsesi.org\/#\/schema\/person\/9f859689cdf01485597712386e37f5aa"},"breadcrumb":{"@id":"https:\/\/kuzeyinsesi.org\/index.php\/2024\/05\/05\/meclis-baskani-tore-24-geleneksel-eko-gun-etkinligine-katildi\/#breadcrumb"},"inLanguage":"tr","potentialAction":[{"@type":"ReadAction","target":["https:\/\/kuzeyinsesi.org\/index.php\/2024\/05\/05\/meclis-baskani-tore-24-geleneksel-eko-gun-etkinligine-katildi\/"]}]},{"@type":"ImageObject","inLanguage":"tr","@id":"https:\/\/kuzeyinsesi.org\/index.php\/2024\/05\/05\/meclis-baskani-tore-24-geleneksel-eko-gun-etkinligine-katildi\/#primaryimage","url":"https:\/\/kuzeyinsesi.org\/wp-content\/uploads\/2024\/05\/tore-eko-gun-1-.jpg","contentUrl":"https:\/\/kuzeyinsesi.org\/wp-content\/uploads\/2024\/05\/tore-eko-gun-1-.jpg","width":2560,"height":1706},{"@type":"BreadcrumbList","@id":"https:\/\/kuzeyinsesi.org\/index.php\/2024\/05\/05\/meclis-baskani-tore-24-geleneksel-eko-gun-etkinligine-katildi\/#breadcrumb","itemListElement":[{"@type":"ListItem","position":1,"name":"Anasayfa","item":"https:\/\/kuzeyinsesi.org\/"},{"@type":"ListItem","position":2,"name":"Meclis Ba\u015fkan\u0131 T\u00f6re \u201c24. Geleneksel Eko G\u00fcn\u201d etkinli\u011fine kat\u0131ld\u0131"}]},{"@type":"WebSite","@id":"https:\/\/kuzeyinsesi.org\/#website","url":"https:\/\/kuzeyinsesi.org\/","name":"Kuzeyin Sesi","description":"Do\u011fru Haberin Adresi","potentialAction":[{"@type":"SearchAction","target":{"@type":"EntryPoint","urlTemplate":"https:\/\/kuzeyinsesi.org\/?s={search_term_string}"},"query-input":{"@type":"PropertyValueSpecification","valueRequired":true,"valueName":"search_term_string"}}],"inLanguage":"tr"},{"@type":"Person","@id":"https:\/\/kuzeyinsesi.org\/#\/schema\/person\/9f859689cdf01485597712386e37f5aa","name":"Kuzeyin Sesi","image":{"@type":"ImageObject","inLanguage":"tr","@id":"https:\/\/secure.gravatar.com\/avatar\/bab33852abfd8b282518d6ed81826833d77c3c882d9ab608add591ccace47a44?s=96&d=mm&r=g","url":"https:\/\/secure.gravatar.com\/avatar\/bab33852abfd8b282518d6ed81826833d77c3c882d9ab608add591ccace47a44?s=96&d=mm&r=g","contentUrl":"https:\/\/secure.gravatar.com\/avatar\/bab33852abfd8b282518d6ed81826833d77c3c882d9ab608add591ccace47a44?s=96&d=mm&r=g","caption":"Kuzeyin Sesi"},"sameAs":["https:\/\/kuzeyinsesi.org"],"url":"https:\/\/kuzeyinsesi.org\/index.php\/author\/guven\/"}]}},"_links":{"self":[{"href":"https:\/\/kuzeyinsesi.org\/index.php\/wp-json\/wp\/v2\/posts\/1383","targetHints":{"allow":["GET"]}}],"collection":[{"href":"https:\/\/kuzeyinsesi.org\/index.php\/wp-json\/wp\/v2\/posts"}],"about":[{"href":"https:\/\/kuzeyinsesi.org\/index.php\/wp-json\/wp\/v2\/types\/post"}],"author":[{"embeddable":true,"href":"https:\/\/kuzeyinsesi.org\/index.php\/wp-json\/wp\/v2\/users\/1"}],"replies":[{"embeddable":true,"href":"https:\/\/kuzeyinsesi.org\/index.php\/wp-json\/wp\/v2\/comments?post=1383"}],"version-history":[{"count":0,"href":"https:\/\/kuzeyinsesi.org\/index.php\/wp-json\/wp\/v2\/posts\/1383\/revisions"}],"wp:featuredmedia":[{"embeddable":true,"href":"https:\/\/kuzeyinsesi.org\/index.php\/wp-json\/wp\/v2\/media\/1384"}],"wp:attachment":[{"href":"https:\/\/kuzeyinsesi.org\/index.php\/wp-json\/wp\/v2\/media?parent=1383"}],"wp:term":[{"taxonomy":"category","embeddable":true,"href":"https:\/\/kuzeyinsesi.org\/index.php\/wp-json\/wp\/v2\/categories?post=1383"},{"taxonomy":"post_tag","embeddable":true,"href":"https:\/\/kuzeyinsesi.org\/index.php\/wp-json\/wp\/v2\/tags?post=1383"}],"curies":[{"name":"wp","href":"https:\/\/api.w.org\/{rel}","templated":true}]}}