{"id":13817,"date":"2024-11-19T11:36:14","date_gmt":"2024-11-19T09:36:14","guid":{"rendered":"https:\/\/kuzeyinsesi.org\/index.php\/2024\/11\/19\/feryal-sukanin-15-kisisel-resim-sergisi-aciliyor\/"},"modified":"2024-11-19T11:36:14","modified_gmt":"2024-11-19T09:36:14","slug":"feryal-sukanin-15-kisisel-resim-sergisi-aciliyor","status":"publish","type":"post","link":"https:\/\/kuzeyinsesi.org\/index.php\/2024\/11\/19\/feryal-sukanin-15-kisisel-resim-sergisi-aciliyor\/","title":{"rendered":"Feryal S\u00fckan\u2019\u0131n 15. Ki\u015fisel Resim Sergisi a\u00e7\u0131l\u0131yor"},"content":{"rendered":"<div>\n<div class=\"mariselle-image-container center\">\n                                            <\/div>\n<p> Feryal S\u00fckan\u2019\u0131n 15\u2019inci Ki\u015fisel Resim Sergisi a\u00e7\u0131l\u0131yor.<\/p>\n<p>S\u00fckan\u2019dan verilen bilgiye g\u00f6re, R\u00fcstem Kitabevi Sanat Galeri\u2019sinde yer alacak serginin a\u00e7\u0131l\u0131\u015f\u0131 27 Kas\u0131m \u00c7ar\u015famba g\u00fcn\u00fc saat 18.30\u2019da yap\u0131lacak. A\u00e7\u0131l\u0131\u015f sonras\u0131 kokteyl yer alacak.<\/p>\n<p>Sergi 10 Aral\u0131k tarihine kadar 09.00-18.00 saatleri aras\u0131nda ziyaret edilebilecek.<\/p>\n<\/p><\/div>\n<p><script async\n                    defer\n                    crossorigin=\"anonymous\"\n                    src=\"https:\/\/connect.facebook.net\/tr_TR\/sdk.js#xfbml=1&#038;version=v3.3\"\n            ><\/script><\/p>\n","protected":false},"excerpt":{"rendered":"<p>Feryal S\u00fckan\u2019\u0131n 15\u2019inci Ki\u015fisel Resim Sergisi a\u00e7\u0131l\u0131yor. S\u00fckan\u2019dan verilen bilgiye g\u00f6re, R\u00fcstem Kitabevi Sanat Galeri\u2019sinde yer alacak serginin a\u00e7\u0131l\u0131\u015f\u0131 27 Kas\u0131m \u00c7ar\u015famba g\u00fcn\u00fc saat 18.30\u2019da yap\u0131lacak. A\u00e7\u0131l\u0131\u015f sonras\u0131 kokteyl yer alacak. Sergi 10 Aral\u0131k tarihine kadar 09.00-18.00 saatleri aras\u0131nda ziyaret edilebilecek.<\/p>\n","protected":false},"author":1,"featured_media":13818,"comment_status":"open","ping_status":"open","sticky":false,"template":"","format":"standard","meta":{"jnews-multi-image_gallery":[],"jnews_single_post":[],"jnews_primary_category":[],"jnews_social_meta":[],"jnews_override_counter":[],"footnotes":""},"categories":[6],"tags":[],"class_list":["post-13817","post","type-post","status-publish","format-standard","has-post-thumbnail","hentry","category-yasam"],"yoast_head":"<!-- This site is optimized with the Yoast SEO plugin v27.4 - https:\/\/yoast.com\/product\/yoast-seo-wordpress\/ -->\n<title>Feryal S\u00fckan\u2019\u0131n 15. Ki\u015fisel Resim Sergisi a\u00e7\u0131l\u0131yor - Kuzeyin Sesi<\/title>\n<meta name=\"robots\" content=\"index, follow, max-snippet:-1, max-image-preview:large, max-video-preview:-1\" \/>\n<link rel=\"canonical\" href=\"https:\/\/kuzeyinsesi.org\/index.php\/2024\/11\/19\/feryal-sukanin-15-kisisel-resim-sergisi-aciliyor\/\" \/>\n<meta property=\"og:locale\" content=\"tr_TR\" \/>\n<meta property=\"og:type\" content=\"article\" \/>\n<meta property=\"og:title\" content=\"Feryal S\u00fckan\u2019\u0131n 15. Ki\u015fisel Resim Sergisi a\u00e7\u0131l\u0131yor - Kuzeyin Sesi\" \/>\n<meta property=\"og:description\" content=\"Feryal S\u00fckan\u2019\u0131n 15\u2019inci Ki\u015fisel Resim Sergisi a\u00e7\u0131l\u0131yor. S\u00fckan\u2019dan verilen bilgiye g\u00f6re, R\u00fcstem Kitabevi Sanat Galeri\u2019sinde yer alacak serginin a\u00e7\u0131l\u0131\u015f\u0131 27 Kas\u0131m \u00c7ar\u015famba g\u00fcn\u00fc saat 18.30\u2019da yap\u0131lacak. A\u00e7\u0131l\u0131\u015f sonras\u0131 kokteyl yer alacak. Sergi 10 Aral\u0131k tarihine kadar 09.00-18.00 saatleri aras\u0131nda ziyaret edilebilecek.\" \/>\n<meta property=\"og:url\" content=\"https:\/\/kuzeyinsesi.org\/index.php\/2024\/11\/19\/feryal-sukanin-15-kisisel-resim-sergisi-aciliyor\/\" \/>\n<meta property=\"og:site_name\" content=\"Kuzeyin Sesi\" \/>\n<meta property=\"article:publisher\" content=\"https:\/\/www.facebook.com\/kuzeyinsesii\" \/>\n<meta property=\"article:published_time\" content=\"2024-11-19T09:36:14+00:00\" \/>\n<meta property=\"og:image\" content=\"https:\/\/brtk.net\/wp-content\/uploads\/2024\/11\/19\/feryal-sukanin-15-kisisel-resim-sergisi-aciliyor.webp?ver=1bfb470a0112b2a4b65aeded3fc727dc\" \/>\n<meta name=\"author\" content=\"Kuzeyin Sesi\" \/>\n<meta name=\"twitter:card\" content=\"summary_large_image\" \/>\n<meta name=\"twitter:creator\" content=\"@kuzeyinsesii\" \/>\n<meta name=\"twitter:site\" content=\"@kuzeyinsesii\" \/>\n<meta name=\"twitter:label1\" content=\"Yazan:\" \/>\n\t<meta name=\"twitter:data1\" content=\"Kuzeyin Sesi\" \/>\n<script type=\"application\/ld+json\" class=\"yoast-schema-graph\">{\"@context\":\"https:\\\/\\\/schema.org\",\"@graph\":[{\"@type\":\"Article\",\"@id\":\"https:\\\/\\\/kuzeyinsesi.org\\\/index.php\\\/2024\\\/11\\\/19\\\/feryal-sukanin-15-kisisel-resim-sergisi-aciliyor\\\/#article\",\"isPartOf\":{\"@id\":\"https:\\\/\\\/kuzeyinsesi.org\\\/index.php\\\/2024\\\/11\\\/19\\\/feryal-sukanin-15-kisisel-resim-sergisi-aciliyor\\\/\"},\"author\":{\"name\":\"Kuzeyin Sesi\",\"@id\":\"https:\\\/\\\/kuzeyinsesi.org\\\/#\\\/schema\\\/person\\\/9f859689cdf01485597712386e37f5aa\"},\"headline\":\"Feryal S\u00fckan\u2019\u0131n 15. Ki\u015fisel Resim Sergisi a\u00e7\u0131l\u0131yor\",\"datePublished\":\"2024-11-19T09:36:14+00:00\",\"mainEntityOfPage\":{\"@id\":\"https:\\\/\\\/kuzeyinsesi.org\\\/index.php\\\/2024\\\/11\\\/19\\\/feryal-sukanin-15-kisisel-resim-sergisi-aciliyor\\\/\"},\"wordCount\":68,\"commentCount\":0,\"image\":{\"@id\":\"https:\\\/\\\/kuzeyinsesi.org\\\/index.php\\\/2024\\\/11\\\/19\\\/feryal-sukanin-15-kisisel-resim-sergisi-aciliyor\\\/#primaryimage\"},\"thumbnailUrl\":\"https:\\\/\\\/kuzeyinsesi.org\\\/wp-content\\\/uploads\\\/2024\\\/11\\\/feryal-sukanin-15-kisisel-resim-sergisi-aciliyor.webp.webp\",\"articleSection\":[\"Ya\u015fam\"],\"inLanguage\":\"tr\",\"potentialAction\":[{\"@type\":\"CommentAction\",\"name\":\"Comment\",\"target\":[\"https:\\\/\\\/kuzeyinsesi.org\\\/index.php\\\/2024\\\/11\\\/19\\\/feryal-sukanin-15-kisisel-resim-sergisi-aciliyor\\\/#respond\"]}]},{\"@type\":\"WebPage\",\"@id\":\"https:\\\/\\\/kuzeyinsesi.org\\\/index.php\\\/2024\\\/11\\\/19\\\/feryal-sukanin-15-kisisel-resim-sergisi-aciliyor\\\/\",\"url\":\"https:\\\/\\\/kuzeyinsesi.org\\\/index.php\\\/2024\\\/11\\\/19\\\/feryal-sukanin-15-kisisel-resim-sergisi-aciliyor\\\/\",\"name\":\"Feryal S\u00fckan\u2019\u0131n 15. Ki\u015fisel Resim Sergisi a\u00e7\u0131l\u0131yor - Kuzeyin Sesi\",\"isPartOf\":{\"@id\":\"https:\\\/\\\/kuzeyinsesi.org\\\/#website\"},\"primaryImageOfPage\":{\"@id\":\"https:\\\/\\\/kuzeyinsesi.org\\\/index.php\\\/2024\\\/11\\\/19\\\/feryal-sukanin-15-kisisel-resim-sergisi-aciliyor\\\/#primaryimage\"},\"image\":{\"@id\":\"https:\\\/\\\/kuzeyinsesi.org\\\/index.php\\\/2024\\\/11\\\/19\\\/feryal-sukanin-15-kisisel-resim-sergisi-aciliyor\\\/#primaryimage\"},\"thumbnailUrl\":\"https:\\\/\\\/kuzeyinsesi.org\\\/wp-content\\\/uploads\\\/2024\\\/11\\\/feryal-sukanin-15-kisisel-resim-sergisi-aciliyor.webp.webp\",\"datePublished\":\"2024-11-19T09:36:14+00:00\",\"author\":{\"@id\":\"https:\\\/\\\/kuzeyinsesi.org\\\/#\\\/schema\\\/person\\\/9f859689cdf01485597712386e37f5aa\"},\"breadcrumb\":{\"@id\":\"https:\\\/\\\/kuzeyinsesi.org\\\/index.php\\\/2024\\\/11\\\/19\\\/feryal-sukanin-15-kisisel-resim-sergisi-aciliyor\\\/#breadcrumb\"},\"inLanguage\":\"tr\",\"potentialAction\":[{\"@type\":\"ReadAction\",\"target\":[\"https:\\\/\\\/kuzeyinsesi.org\\\/index.php\\\/2024\\\/11\\\/19\\\/feryal-sukanin-15-kisisel-resim-sergisi-aciliyor\\\/\"]}]},{\"@type\":\"ImageObject\",\"inLanguage\":\"tr\",\"@id\":\"https:\\\/\\\/kuzeyinsesi.org\\\/index.php\\\/2024\\\/11\\\/19\\\/feryal-sukanin-15-kisisel-resim-sergisi-aciliyor\\\/#primaryimage\",\"url\":\"https:\\\/\\\/kuzeyinsesi.org\\\/wp-content\\\/uploads\\\/2024\\\/11\\\/feryal-sukanin-15-kisisel-resim-sergisi-aciliyor.webp.webp\",\"contentUrl\":\"https:\\\/\\\/kuzeyinsesi.org\\\/wp-content\\\/uploads\\\/2024\\\/11\\\/feryal-sukanin-15-kisisel-resim-sergisi-aciliyor.webp.webp\",\"width\":1280,\"height\":720},{\"@type\":\"BreadcrumbList\",\"@id\":\"https:\\\/\\\/kuzeyinsesi.org\\\/index.php\\\/2024\\\/11\\\/19\\\/feryal-sukanin-15-kisisel-resim-sergisi-aciliyor\\\/#breadcrumb\",\"itemListElement\":[{\"@type\":\"ListItem\",\"position\":1,\"name\":\"Anasayfa\",\"item\":\"https:\\\/\\\/kuzeyinsesi.org\\\/\"},{\"@type\":\"ListItem\",\"position\":2,\"name\":\"Feryal S\u00fckan\u2019\u0131n 15. Ki\u015fisel Resim Sergisi a\u00e7\u0131l\u0131yor\"}]},{\"@type\":\"WebSite\",\"@id\":\"https:\\\/\\\/kuzeyinsesi.org\\\/#website\",\"url\":\"https:\\\/\\\/kuzeyinsesi.org\\\/\",\"name\":\"Kuzeyin Sesi\",\"description\":\"Do\u011fru Haberin Adresi\",\"potentialAction\":[{\"@type\":\"SearchAction\",\"target\":{\"@type\":\"EntryPoint\",\"urlTemplate\":\"https:\\\/\\\/kuzeyinsesi.org\\\/?s={search_term_string}\"},\"query-input\":{\"@type\":\"PropertyValueSpecification\",\"valueRequired\":true,\"valueName\":\"search_term_string\"}}],\"inLanguage\":\"tr\"},{\"@type\":\"Person\",\"@id\":\"https:\\\/\\\/kuzeyinsesi.org\\\/#\\\/schema\\\/person\\\/9f859689cdf01485597712386e37f5aa\",\"name\":\"Kuzeyin Sesi\",\"image\":{\"@type\":\"ImageObject\",\"inLanguage\":\"tr\",\"@id\":\"https:\\\/\\\/secure.gravatar.com\\\/avatar\\\/bab33852abfd8b282518d6ed81826833d77c3c882d9ab608add591ccace47a44?s=96&d=mm&r=g\",\"url\":\"https:\\\/\\\/secure.gravatar.com\\\/avatar\\\/bab33852abfd8b282518d6ed81826833d77c3c882d9ab608add591ccace47a44?s=96&d=mm&r=g\",\"contentUrl\":\"https:\\\/\\\/secure.gravatar.com\\\/avatar\\\/bab33852abfd8b282518d6ed81826833d77c3c882d9ab608add591ccace47a44?s=96&d=mm&r=g\",\"caption\":\"Kuzeyin Sesi\"},\"sameAs\":[\"https:\\\/\\\/kuzeyinsesi.org\"],\"url\":\"https:\\\/\\\/kuzeyinsesi.org\\\/index.php\\\/author\\\/guven\\\/\"}]}<\/script>\n<!-- \/ Yoast SEO plugin. -->","yoast_head_json":{"title":"Feryal S\u00fckan\u2019\u0131n 15. Ki\u015fisel Resim Sergisi a\u00e7\u0131l\u0131yor - Kuzeyin Sesi","robots":{"index":"index","follow":"follow","max-snippet":"max-snippet:-1","max-image-preview":"max-image-preview:large","max-video-preview":"max-video-preview:-1"},"canonical":"https:\/\/kuzeyinsesi.org\/index.php\/2024\/11\/19\/feryal-sukanin-15-kisisel-resim-sergisi-aciliyor\/","og_locale":"tr_TR","og_type":"article","og_title":"Feryal S\u00fckan\u2019\u0131n 15. Ki\u015fisel Resim Sergisi a\u00e7\u0131l\u0131yor - Kuzeyin Sesi","og_description":"Feryal S\u00fckan\u2019\u0131n 15\u2019inci Ki\u015fisel Resim Sergisi a\u00e7\u0131l\u0131yor. S\u00fckan\u2019dan verilen bilgiye g\u00f6re, R\u00fcstem Kitabevi Sanat Galeri\u2019sinde yer alacak serginin a\u00e7\u0131l\u0131\u015f\u0131 27 Kas\u0131m \u00c7ar\u015famba g\u00fcn\u00fc saat 18.30\u2019da yap\u0131lacak. A\u00e7\u0131l\u0131\u015f sonras\u0131 kokteyl yer alacak. Sergi 10 Aral\u0131k tarihine kadar 09.00-18.00 saatleri aras\u0131nda ziyaret edilebilecek.","og_url":"https:\/\/kuzeyinsesi.org\/index.php\/2024\/11\/19\/feryal-sukanin-15-kisisel-resim-sergisi-aciliyor\/","og_site_name":"Kuzeyin Sesi","article_publisher":"https:\/\/www.facebook.com\/kuzeyinsesii","article_published_time":"2024-11-19T09:36:14+00:00","og_image":[{"url":"https:\/\/brtk.net\/wp-content\/uploads\/2024\/11\/19\/feryal-sukanin-15-kisisel-resim-sergisi-aciliyor.webp?ver=1bfb470a0112b2a4b65aeded3fc727dc","type":"","width":"","height":""}],"author":"Kuzeyin Sesi","twitter_card":"summary_large_image","twitter_creator":"@kuzeyinsesii","twitter_site":"@kuzeyinsesii","twitter_misc":{"Yazan:":"Kuzeyin Sesi"},"schema":{"@context":"https:\/\/schema.org","@graph":[{"@type":"Article","@id":"https:\/\/kuzeyinsesi.org\/index.php\/2024\/11\/19\/feryal-sukanin-15-kisisel-resim-sergisi-aciliyor\/#article","isPartOf":{"@id":"https:\/\/kuzeyinsesi.org\/index.php\/2024\/11\/19\/feryal-sukanin-15-kisisel-resim-sergisi-aciliyor\/"},"author":{"name":"Kuzeyin Sesi","@id":"https:\/\/kuzeyinsesi.org\/#\/schema\/person\/9f859689cdf01485597712386e37f5aa"},"headline":"Feryal S\u00fckan\u2019\u0131n 15. Ki\u015fisel Resim Sergisi a\u00e7\u0131l\u0131yor","datePublished":"2024-11-19T09:36:14+00:00","mainEntityOfPage":{"@id":"https:\/\/kuzeyinsesi.org\/index.php\/2024\/11\/19\/feryal-sukanin-15-kisisel-resim-sergisi-aciliyor\/"},"wordCount":68,"commentCount":0,"image":{"@id":"https:\/\/kuzeyinsesi.org\/index.php\/2024\/11\/19\/feryal-sukanin-15-kisisel-resim-sergisi-aciliyor\/#primaryimage"},"thumbnailUrl":"https:\/\/kuzeyinsesi.org\/wp-content\/uploads\/2024\/11\/feryal-sukanin-15-kisisel-resim-sergisi-aciliyor.webp.webp","articleSection":["Ya\u015fam"],"inLanguage":"tr","potentialAction":[{"@type":"CommentAction","name":"Comment","target":["https:\/\/kuzeyinsesi.org\/index.php\/2024\/11\/19\/feryal-sukanin-15-kisisel-resim-sergisi-aciliyor\/#respond"]}]},{"@type":"WebPage","@id":"https:\/\/kuzeyinsesi.org\/index.php\/2024\/11\/19\/feryal-sukanin-15-kisisel-resim-sergisi-aciliyor\/","url":"https:\/\/kuzeyinsesi.org\/index.php\/2024\/11\/19\/feryal-sukanin-15-kisisel-resim-sergisi-aciliyor\/","name":"Feryal S\u00fckan\u2019\u0131n 15. Ki\u015fisel Resim Sergisi a\u00e7\u0131l\u0131yor - Kuzeyin Sesi","isPartOf":{"@id":"https:\/\/kuzeyinsesi.org\/#website"},"primaryImageOfPage":{"@id":"https:\/\/kuzeyinsesi.org\/index.php\/2024\/11\/19\/feryal-sukanin-15-kisisel-resim-sergisi-aciliyor\/#primaryimage"},"image":{"@id":"https:\/\/kuzeyinsesi.org\/index.php\/2024\/11\/19\/feryal-sukanin-15-kisisel-resim-sergisi-aciliyor\/#primaryimage"},"thumbnailUrl":"https:\/\/kuzeyinsesi.org\/wp-content\/uploads\/2024\/11\/feryal-sukanin-15-kisisel-resim-sergisi-aciliyor.webp.webp","datePublished":"2024-11-19T09:36:14+00:00","author":{"@id":"https:\/\/kuzeyinsesi.org\/#\/schema\/person\/9f859689cdf01485597712386e37f5aa"},"breadcrumb":{"@id":"https:\/\/kuzeyinsesi.org\/index.php\/2024\/11\/19\/feryal-sukanin-15-kisisel-resim-sergisi-aciliyor\/#breadcrumb"},"inLanguage":"tr","potentialAction":[{"@type":"ReadAction","target":["https:\/\/kuzeyinsesi.org\/index.php\/2024\/11\/19\/feryal-sukanin-15-kisisel-resim-sergisi-aciliyor\/"]}]},{"@type":"ImageObject","inLanguage":"tr","@id":"https:\/\/kuzeyinsesi.org\/index.php\/2024\/11\/19\/feryal-sukanin-15-kisisel-resim-sergisi-aciliyor\/#primaryimage","url":"https:\/\/kuzeyinsesi.org\/wp-content\/uploads\/2024\/11\/feryal-sukanin-15-kisisel-resim-sergisi-aciliyor.webp.webp","contentUrl":"https:\/\/kuzeyinsesi.org\/wp-content\/uploads\/2024\/11\/feryal-sukanin-15-kisisel-resim-sergisi-aciliyor.webp.webp","width":1280,"height":720},{"@type":"BreadcrumbList","@id":"https:\/\/kuzeyinsesi.org\/index.php\/2024\/11\/19\/feryal-sukanin-15-kisisel-resim-sergisi-aciliyor\/#breadcrumb","itemListElement":[{"@type":"ListItem","position":1,"name":"Anasayfa","item":"https:\/\/kuzeyinsesi.org\/"},{"@type":"ListItem","position":2,"name":"Feryal S\u00fckan\u2019\u0131n 15. Ki\u015fisel Resim Sergisi a\u00e7\u0131l\u0131yor"}]},{"@type":"WebSite","@id":"https:\/\/kuzeyinsesi.org\/#website","url":"https:\/\/kuzeyinsesi.org\/","name":"Kuzeyin Sesi","description":"Do\u011fru Haberin Adresi","potentialAction":[{"@type":"SearchAction","target":{"@type":"EntryPoint","urlTemplate":"https:\/\/kuzeyinsesi.org\/?s={search_term_string}"},"query-input":{"@type":"PropertyValueSpecification","valueRequired":true,"valueName":"search_term_string"}}],"inLanguage":"tr"},{"@type":"Person","@id":"https:\/\/kuzeyinsesi.org\/#\/schema\/person\/9f859689cdf01485597712386e37f5aa","name":"Kuzeyin Sesi","image":{"@type":"ImageObject","inLanguage":"tr","@id":"https:\/\/secure.gravatar.com\/avatar\/bab33852abfd8b282518d6ed81826833d77c3c882d9ab608add591ccace47a44?s=96&d=mm&r=g","url":"https:\/\/secure.gravatar.com\/avatar\/bab33852abfd8b282518d6ed81826833d77c3c882d9ab608add591ccace47a44?s=96&d=mm&r=g","contentUrl":"https:\/\/secure.gravatar.com\/avatar\/bab33852abfd8b282518d6ed81826833d77c3c882d9ab608add591ccace47a44?s=96&d=mm&r=g","caption":"Kuzeyin Sesi"},"sameAs":["https:\/\/kuzeyinsesi.org"],"url":"https:\/\/kuzeyinsesi.org\/index.php\/author\/guven\/"}]}},"_links":{"self":[{"href":"https:\/\/kuzeyinsesi.org\/index.php\/wp-json\/wp\/v2\/posts\/13817","targetHints":{"allow":["GET"]}}],"collection":[{"href":"https:\/\/kuzeyinsesi.org\/index.php\/wp-json\/wp\/v2\/posts"}],"about":[{"href":"https:\/\/kuzeyinsesi.org\/index.php\/wp-json\/wp\/v2\/types\/post"}],"author":[{"embeddable":true,"href":"https:\/\/kuzeyinsesi.org\/index.php\/wp-json\/wp\/v2\/users\/1"}],"replies":[{"embeddable":true,"href":"https:\/\/kuzeyinsesi.org\/index.php\/wp-json\/wp\/v2\/comments?post=13817"}],"version-history":[{"count":0,"href":"https:\/\/kuzeyinsesi.org\/index.php\/wp-json\/wp\/v2\/posts\/13817\/revisions"}],"wp:featuredmedia":[{"embeddable":true,"href":"https:\/\/kuzeyinsesi.org\/index.php\/wp-json\/wp\/v2\/media\/13818"}],"wp:attachment":[{"href":"https:\/\/kuzeyinsesi.org\/index.php\/wp-json\/wp\/v2\/media?parent=13817"}],"wp:term":[{"taxonomy":"category","embeddable":true,"href":"https:\/\/kuzeyinsesi.org\/index.php\/wp-json\/wp\/v2\/categories?post=13817"},{"taxonomy":"post_tag","embeddable":true,"href":"https:\/\/kuzeyinsesi.org\/index.php\/wp-json\/wp\/v2\/tags?post=13817"}],"curies":[{"name":"wp","href":"https:\/\/api.w.org\/{rel}","templated":true}]}}