{"id":13811,"date":"2024-11-19T10:34:48","date_gmt":"2024-11-19T08:34:48","guid":{"rendered":"https:\/\/kuzeyinsesi.org\/index.php\/2024\/11\/19\/girne-belediyesi-cok-sesli-korosu-ve-filarmoni-cok-sesli-korolari-cuma-aksami-cumhuriyet-konseri-verecek\/"},"modified":"2024-11-19T10:34:48","modified_gmt":"2024-11-19T08:34:48","slug":"girne-belediyesi-cok-sesli-korosu-ve-filarmoni-cok-sesli-korolari-cuma-aksami-cumhuriyet-konseri-verecek","status":"publish","type":"post","link":"https:\/\/kuzeyinsesi.org\/index.php\/2024\/11\/19\/girne-belediyesi-cok-sesli-korosu-ve-filarmoni-cok-sesli-korolari-cuma-aksami-cumhuriyet-konseri-verecek\/","title":{"rendered":"Girne Belediyesi \u00c7ok Sesli Korosu ve Filarmoni \u00c7ok Sesli Korolar\u0131 cuma ak\u015fam\u0131 \u201cCumhuriyet Konseri\u201d verecek"},"content":{"rendered":"<div>\n<div class=\"mariselle-image-container center\">\n                                            <\/div>\n<p> Girne Belediyesi \u00c7ok Sesli Korosu ve Filarmoni \u00c7ok Sesli Korolar\u0131, \u015eef Y\u0131lmaz Taner y\u00f6netiminde \u201cCumhuriyet Konseri\u201d verecek.<\/p>\n<p>Belediyeden yap\u0131lan a\u00e7\u0131klamaya g\u00f6re, cuma g\u00fcn\u00fc saat 19.00\u2019da \u00fccretsiz olarak ger\u00e7ekle\u015ftirilecek konser, Orta Do\u011fu Teknik \u00dcniversitesi Kuzey K\u0131br\u0131s Kamp\u00fcs\u00fc\u2019ndeki Rauf Raif Denkta\u015f K\u00fclt\u00fcr ve Kongre Merkezi\u2019nde yer alacak.<\/p>\n<\/p><\/div>\n<p><script async\n                    defer\n                    crossorigin=\"anonymous\"\n                    src=\"https:\/\/connect.facebook.net\/tr_TR\/sdk.js#xfbml=1&#038;version=v3.3\"\n            ><\/script><\/p>\n","protected":false},"excerpt":{"rendered":"<p>Girne Belediyesi \u00c7ok Sesli Korosu ve Filarmoni \u00c7ok Sesli Korolar\u0131, \u015eef Y\u0131lmaz Taner y\u00f6netiminde \u201cCumhuriyet Konseri\u201d verecek. Belediyeden yap\u0131lan a\u00e7\u0131klamaya g\u00f6re, cuma g\u00fcn\u00fc saat 19.00\u2019da \u00fccretsiz olarak ger\u00e7ekle\u015ftirilecek konser, Orta Do\u011fu Teknik \u00dcniversitesi Kuzey K\u0131br\u0131s Kamp\u00fcs\u00fc\u2019ndeki Rauf Raif Denkta\u015f K\u00fclt\u00fcr ve Kongre Merkezi\u2019nde yer alacak.<\/p>\n","protected":false},"author":1,"featured_media":13812,"comment_status":"open","ping_status":"open","sticky":false,"template":"","format":"standard","meta":{"jnews-multi-image_gallery":[],"jnews_single_post":[],"jnews_primary_category":[],"jnews_social_meta":[],"jnews_override_counter":[],"footnotes":""},"categories":[6],"tags":[],"class_list":["post-13811","post","type-post","status-publish","format-standard","has-post-thumbnail","hentry","category-yasam"],"yoast_head":"<!-- This site is optimized with the Yoast SEO plugin v27.4 - https:\/\/yoast.com\/product\/yoast-seo-wordpress\/ -->\n<title>Girne Belediyesi \u00c7ok Sesli Korosu ve Filarmoni \u00c7ok Sesli Korolar\u0131 cuma ak\u015fam\u0131 \u201cCumhuriyet Konseri\u201d verecek - Kuzeyin Sesi<\/title>\n<meta name=\"robots\" content=\"index, follow, max-snippet:-1, max-image-preview:large, max-video-preview:-1\" \/>\n<link rel=\"canonical\" href=\"https:\/\/kuzeyinsesi.org\/index.php\/2024\/11\/19\/girne-belediyesi-cok-sesli-korosu-ve-filarmoni-cok-sesli-korolari-cuma-aksami-cumhuriyet-konseri-verecek\/\" \/>\n<meta property=\"og:locale\" content=\"tr_TR\" \/>\n<meta property=\"og:type\" content=\"article\" \/>\n<meta property=\"og:title\" content=\"Girne Belediyesi \u00c7ok Sesli Korosu ve Filarmoni \u00c7ok Sesli Korolar\u0131 cuma ak\u015fam\u0131 \u201cCumhuriyet Konseri\u201d verecek - Kuzeyin Sesi\" \/>\n<meta property=\"og:description\" content=\"Girne Belediyesi \u00c7ok Sesli Korosu ve Filarmoni \u00c7ok Sesli Korolar\u0131, \u015eef Y\u0131lmaz Taner y\u00f6netiminde \u201cCumhuriyet Konseri\u201d verecek. Belediyeden yap\u0131lan a\u00e7\u0131klamaya g\u00f6re, cuma g\u00fcn\u00fc saat 19.00\u2019da \u00fccretsiz olarak ger\u00e7ekle\u015ftirilecek konser, Orta Do\u011fu Teknik \u00dcniversitesi Kuzey K\u0131br\u0131s Kamp\u00fcs\u00fc\u2019ndeki Rauf Raif Denkta\u015f K\u00fclt\u00fcr ve Kongre Merkezi\u2019nde yer alacak.\" \/>\n<meta property=\"og:url\" content=\"https:\/\/kuzeyinsesi.org\/index.php\/2024\/11\/19\/girne-belediyesi-cok-sesli-korosu-ve-filarmoni-cok-sesli-korolari-cuma-aksami-cumhuriyet-konseri-verecek\/\" \/>\n<meta property=\"og:site_name\" content=\"Kuzeyin Sesi\" \/>\n<meta property=\"article:publisher\" content=\"https:\/\/www.facebook.com\/kuzeyinsesii\" \/>\n<meta property=\"article:published_time\" content=\"2024-11-19T08:34:48+00:00\" \/>\n<meta property=\"og:image\" content=\"https:\/\/brtk.net\/wp-content\/uploads\/2024\/11\/19\/cb-konser.jpg?ver=eeb8ce67be93f49a459b0c7531575881\" \/>\n<meta name=\"author\" content=\"Kuzeyin Sesi\" \/>\n<meta name=\"twitter:card\" content=\"summary_large_image\" \/>\n<meta name=\"twitter:creator\" content=\"@kuzeyinsesii\" \/>\n<meta name=\"twitter:site\" content=\"@kuzeyinsesii\" \/>\n<meta name=\"twitter:label1\" content=\"Yazan:\" \/>\n\t<meta name=\"twitter:data1\" content=\"Kuzeyin Sesi\" \/>\n<script type=\"application\/ld+json\" class=\"yoast-schema-graph\">{\"@context\":\"https:\\\/\\\/schema.org\",\"@graph\":[{\"@type\":\"Article\",\"@id\":\"https:\\\/\\\/kuzeyinsesi.org\\\/index.php\\\/2024\\\/11\\\/19\\\/girne-belediyesi-cok-sesli-korosu-ve-filarmoni-cok-sesli-korolari-cuma-aksami-cumhuriyet-konseri-verecek\\\/#article\",\"isPartOf\":{\"@id\":\"https:\\\/\\\/kuzeyinsesi.org\\\/index.php\\\/2024\\\/11\\\/19\\\/girne-belediyesi-cok-sesli-korosu-ve-filarmoni-cok-sesli-korolari-cuma-aksami-cumhuriyet-konseri-verecek\\\/\"},\"author\":{\"name\":\"Kuzeyin Sesi\",\"@id\":\"https:\\\/\\\/kuzeyinsesi.org\\\/#\\\/schema\\\/person\\\/9f859689cdf01485597712386e37f5aa\"},\"headline\":\"Girne Belediyesi \u00c7ok Sesli Korosu ve Filarmoni \u00c7ok Sesli Korolar\u0131 cuma ak\u015fam\u0131 \u201cCumhuriyet Konseri\u201d verecek\",\"datePublished\":\"2024-11-19T08:34:48+00:00\",\"mainEntityOfPage\":{\"@id\":\"https:\\\/\\\/kuzeyinsesi.org\\\/index.php\\\/2024\\\/11\\\/19\\\/girne-belediyesi-cok-sesli-korosu-ve-filarmoni-cok-sesli-korolari-cuma-aksami-cumhuriyet-konseri-verecek\\\/\"},\"wordCount\":77,\"commentCount\":0,\"image\":{\"@id\":\"https:\\\/\\\/kuzeyinsesi.org\\\/index.php\\\/2024\\\/11\\\/19\\\/girne-belediyesi-cok-sesli-korosu-ve-filarmoni-cok-sesli-korolari-cuma-aksami-cumhuriyet-konseri-verecek\\\/#primaryimage\"},\"thumbnailUrl\":\"https:\\\/\\\/kuzeyinsesi.org\\\/wp-content\\\/uploads\\\/2024\\\/11\\\/cb-konser.jpg\",\"articleSection\":[\"Ya\u015fam\"],\"inLanguage\":\"tr\",\"potentialAction\":[{\"@type\":\"CommentAction\",\"name\":\"Comment\",\"target\":[\"https:\\\/\\\/kuzeyinsesi.org\\\/index.php\\\/2024\\\/11\\\/19\\\/girne-belediyesi-cok-sesli-korosu-ve-filarmoni-cok-sesli-korolari-cuma-aksami-cumhuriyet-konseri-verecek\\\/#respond\"]}]},{\"@type\":\"WebPage\",\"@id\":\"https:\\\/\\\/kuzeyinsesi.org\\\/index.php\\\/2024\\\/11\\\/19\\\/girne-belediyesi-cok-sesli-korosu-ve-filarmoni-cok-sesli-korolari-cuma-aksami-cumhuriyet-konseri-verecek\\\/\",\"url\":\"https:\\\/\\\/kuzeyinsesi.org\\\/index.php\\\/2024\\\/11\\\/19\\\/girne-belediyesi-cok-sesli-korosu-ve-filarmoni-cok-sesli-korolari-cuma-aksami-cumhuriyet-konseri-verecek\\\/\",\"name\":\"Girne Belediyesi \u00c7ok Sesli Korosu ve Filarmoni \u00c7ok Sesli Korolar\u0131 cuma ak\u015fam\u0131 \u201cCumhuriyet Konseri\u201d verecek - Kuzeyin Sesi\",\"isPartOf\":{\"@id\":\"https:\\\/\\\/kuzeyinsesi.org\\\/#website\"},\"primaryImageOfPage\":{\"@id\":\"https:\\\/\\\/kuzeyinsesi.org\\\/index.php\\\/2024\\\/11\\\/19\\\/girne-belediyesi-cok-sesli-korosu-ve-filarmoni-cok-sesli-korolari-cuma-aksami-cumhuriyet-konseri-verecek\\\/#primaryimage\"},\"image\":{\"@id\":\"https:\\\/\\\/kuzeyinsesi.org\\\/index.php\\\/2024\\\/11\\\/19\\\/girne-belediyesi-cok-sesli-korosu-ve-filarmoni-cok-sesli-korolari-cuma-aksami-cumhuriyet-konseri-verecek\\\/#primaryimage\"},\"thumbnailUrl\":\"https:\\\/\\\/kuzeyinsesi.org\\\/wp-content\\\/uploads\\\/2024\\\/11\\\/cb-konser.jpg\",\"datePublished\":\"2024-11-19T08:34:48+00:00\",\"author\":{\"@id\":\"https:\\\/\\\/kuzeyinsesi.org\\\/#\\\/schema\\\/person\\\/9f859689cdf01485597712386e37f5aa\"},\"breadcrumb\":{\"@id\":\"https:\\\/\\\/kuzeyinsesi.org\\\/index.php\\\/2024\\\/11\\\/19\\\/girne-belediyesi-cok-sesli-korosu-ve-filarmoni-cok-sesli-korolari-cuma-aksami-cumhuriyet-konseri-verecek\\\/#breadcrumb\"},\"inLanguage\":\"tr\",\"potentialAction\":[{\"@type\":\"ReadAction\",\"target\":[\"https:\\\/\\\/kuzeyinsesi.org\\\/index.php\\\/2024\\\/11\\\/19\\\/girne-belediyesi-cok-sesli-korosu-ve-filarmoni-cok-sesli-korolari-cuma-aksami-cumhuriyet-konseri-verecek\\\/\"]}]},{\"@type\":\"ImageObject\",\"inLanguage\":\"tr\",\"@id\":\"https:\\\/\\\/kuzeyinsesi.org\\\/index.php\\\/2024\\\/11\\\/19\\\/girne-belediyesi-cok-sesli-korosu-ve-filarmoni-cok-sesli-korolari-cuma-aksami-cumhuriyet-konseri-verecek\\\/#primaryimage\",\"url\":\"https:\\\/\\\/kuzeyinsesi.org\\\/wp-content\\\/uploads\\\/2024\\\/11\\\/cb-konser.jpg\",\"contentUrl\":\"https:\\\/\\\/kuzeyinsesi.org\\\/wp-content\\\/uploads\\\/2024\\\/11\\\/cb-konser.jpg\",\"width\":971,\"height\":551},{\"@type\":\"BreadcrumbList\",\"@id\":\"https:\\\/\\\/kuzeyinsesi.org\\\/index.php\\\/2024\\\/11\\\/19\\\/girne-belediyesi-cok-sesli-korosu-ve-filarmoni-cok-sesli-korolari-cuma-aksami-cumhuriyet-konseri-verecek\\\/#breadcrumb\",\"itemListElement\":[{\"@type\":\"ListItem\",\"position\":1,\"name\":\"Anasayfa\",\"item\":\"https:\\\/\\\/kuzeyinsesi.org\\\/\"},{\"@type\":\"ListItem\",\"position\":2,\"name\":\"Girne Belediyesi \u00c7ok Sesli Korosu ve Filarmoni \u00c7ok Sesli Korolar\u0131 cuma ak\u015fam\u0131 \u201cCumhuriyet Konseri\u201d verecek\"}]},{\"@type\":\"WebSite\",\"@id\":\"https:\\\/\\\/kuzeyinsesi.org\\\/#website\",\"url\":\"https:\\\/\\\/kuzeyinsesi.org\\\/\",\"name\":\"Kuzeyin Sesi\",\"description\":\"Do\u011fru Haberin Adresi\",\"potentialAction\":[{\"@type\":\"SearchAction\",\"target\":{\"@type\":\"EntryPoint\",\"urlTemplate\":\"https:\\\/\\\/kuzeyinsesi.org\\\/?s={search_term_string}\"},\"query-input\":{\"@type\":\"PropertyValueSpecification\",\"valueRequired\":true,\"valueName\":\"search_term_string\"}}],\"inLanguage\":\"tr\"},{\"@type\":\"Person\",\"@id\":\"https:\\\/\\\/kuzeyinsesi.org\\\/#\\\/schema\\\/person\\\/9f859689cdf01485597712386e37f5aa\",\"name\":\"Kuzeyin Sesi\",\"image\":{\"@type\":\"ImageObject\",\"inLanguage\":\"tr\",\"@id\":\"https:\\\/\\\/secure.gravatar.com\\\/avatar\\\/bab33852abfd8b282518d6ed81826833d77c3c882d9ab608add591ccace47a44?s=96&d=mm&r=g\",\"url\":\"https:\\\/\\\/secure.gravatar.com\\\/avatar\\\/bab33852abfd8b282518d6ed81826833d77c3c882d9ab608add591ccace47a44?s=96&d=mm&r=g\",\"contentUrl\":\"https:\\\/\\\/secure.gravatar.com\\\/avatar\\\/bab33852abfd8b282518d6ed81826833d77c3c882d9ab608add591ccace47a44?s=96&d=mm&r=g\",\"caption\":\"Kuzeyin Sesi\"},\"sameAs\":[\"https:\\\/\\\/kuzeyinsesi.org\"],\"url\":\"https:\\\/\\\/kuzeyinsesi.org\\\/index.php\\\/author\\\/guven\\\/\"}]}<\/script>\n<!-- \/ Yoast SEO plugin. -->","yoast_head_json":{"title":"Girne Belediyesi \u00c7ok Sesli Korosu ve Filarmoni \u00c7ok Sesli Korolar\u0131 cuma ak\u015fam\u0131 \u201cCumhuriyet Konseri\u201d verecek - Kuzeyin Sesi","robots":{"index":"index","follow":"follow","max-snippet":"max-snippet:-1","max-image-preview":"max-image-preview:large","max-video-preview":"max-video-preview:-1"},"canonical":"https:\/\/kuzeyinsesi.org\/index.php\/2024\/11\/19\/girne-belediyesi-cok-sesli-korosu-ve-filarmoni-cok-sesli-korolari-cuma-aksami-cumhuriyet-konseri-verecek\/","og_locale":"tr_TR","og_type":"article","og_title":"Girne Belediyesi \u00c7ok Sesli Korosu ve Filarmoni \u00c7ok Sesli Korolar\u0131 cuma ak\u015fam\u0131 \u201cCumhuriyet Konseri\u201d verecek - Kuzeyin Sesi","og_description":"Girne Belediyesi \u00c7ok Sesli Korosu ve Filarmoni \u00c7ok Sesli Korolar\u0131, \u015eef Y\u0131lmaz Taner y\u00f6netiminde \u201cCumhuriyet Konseri\u201d verecek. Belediyeden yap\u0131lan a\u00e7\u0131klamaya g\u00f6re, cuma g\u00fcn\u00fc saat 19.00\u2019da \u00fccretsiz olarak ger\u00e7ekle\u015ftirilecek konser, Orta Do\u011fu Teknik \u00dcniversitesi Kuzey K\u0131br\u0131s Kamp\u00fcs\u00fc\u2019ndeki Rauf Raif Denkta\u015f K\u00fclt\u00fcr ve Kongre Merkezi\u2019nde yer alacak.","og_url":"https:\/\/kuzeyinsesi.org\/index.php\/2024\/11\/19\/girne-belediyesi-cok-sesli-korosu-ve-filarmoni-cok-sesli-korolari-cuma-aksami-cumhuriyet-konseri-verecek\/","og_site_name":"Kuzeyin Sesi","article_publisher":"https:\/\/www.facebook.com\/kuzeyinsesii","article_published_time":"2024-11-19T08:34:48+00:00","og_image":[{"url":"https:\/\/brtk.net\/wp-content\/uploads\/2024\/11\/19\/cb-konser.jpg?ver=eeb8ce67be93f49a459b0c7531575881","type":"","width":"","height":""}],"author":"Kuzeyin Sesi","twitter_card":"summary_large_image","twitter_creator":"@kuzeyinsesii","twitter_site":"@kuzeyinsesii","twitter_misc":{"Yazan:":"Kuzeyin Sesi"},"schema":{"@context":"https:\/\/schema.org","@graph":[{"@type":"Article","@id":"https:\/\/kuzeyinsesi.org\/index.php\/2024\/11\/19\/girne-belediyesi-cok-sesli-korosu-ve-filarmoni-cok-sesli-korolari-cuma-aksami-cumhuriyet-konseri-verecek\/#article","isPartOf":{"@id":"https:\/\/kuzeyinsesi.org\/index.php\/2024\/11\/19\/girne-belediyesi-cok-sesli-korosu-ve-filarmoni-cok-sesli-korolari-cuma-aksami-cumhuriyet-konseri-verecek\/"},"author":{"name":"Kuzeyin Sesi","@id":"https:\/\/kuzeyinsesi.org\/#\/schema\/person\/9f859689cdf01485597712386e37f5aa"},"headline":"Girne Belediyesi \u00c7ok Sesli Korosu ve Filarmoni \u00c7ok Sesli Korolar\u0131 cuma ak\u015fam\u0131 \u201cCumhuriyet Konseri\u201d verecek","datePublished":"2024-11-19T08:34:48+00:00","mainEntityOfPage":{"@id":"https:\/\/kuzeyinsesi.org\/index.php\/2024\/11\/19\/girne-belediyesi-cok-sesli-korosu-ve-filarmoni-cok-sesli-korolari-cuma-aksami-cumhuriyet-konseri-verecek\/"},"wordCount":77,"commentCount":0,"image":{"@id":"https:\/\/kuzeyinsesi.org\/index.php\/2024\/11\/19\/girne-belediyesi-cok-sesli-korosu-ve-filarmoni-cok-sesli-korolari-cuma-aksami-cumhuriyet-konseri-verecek\/#primaryimage"},"thumbnailUrl":"https:\/\/kuzeyinsesi.org\/wp-content\/uploads\/2024\/11\/cb-konser.jpg","articleSection":["Ya\u015fam"],"inLanguage":"tr","potentialAction":[{"@type":"CommentAction","name":"Comment","target":["https:\/\/kuzeyinsesi.org\/index.php\/2024\/11\/19\/girne-belediyesi-cok-sesli-korosu-ve-filarmoni-cok-sesli-korolari-cuma-aksami-cumhuriyet-konseri-verecek\/#respond"]}]},{"@type":"WebPage","@id":"https:\/\/kuzeyinsesi.org\/index.php\/2024\/11\/19\/girne-belediyesi-cok-sesli-korosu-ve-filarmoni-cok-sesli-korolari-cuma-aksami-cumhuriyet-konseri-verecek\/","url":"https:\/\/kuzeyinsesi.org\/index.php\/2024\/11\/19\/girne-belediyesi-cok-sesli-korosu-ve-filarmoni-cok-sesli-korolari-cuma-aksami-cumhuriyet-konseri-verecek\/","name":"Girne Belediyesi \u00c7ok Sesli Korosu ve Filarmoni \u00c7ok Sesli Korolar\u0131 cuma ak\u015fam\u0131 \u201cCumhuriyet Konseri\u201d verecek - Kuzeyin Sesi","isPartOf":{"@id":"https:\/\/kuzeyinsesi.org\/#website"},"primaryImageOfPage":{"@id":"https:\/\/kuzeyinsesi.org\/index.php\/2024\/11\/19\/girne-belediyesi-cok-sesli-korosu-ve-filarmoni-cok-sesli-korolari-cuma-aksami-cumhuriyet-konseri-verecek\/#primaryimage"},"image":{"@id":"https:\/\/kuzeyinsesi.org\/index.php\/2024\/11\/19\/girne-belediyesi-cok-sesli-korosu-ve-filarmoni-cok-sesli-korolari-cuma-aksami-cumhuriyet-konseri-verecek\/#primaryimage"},"thumbnailUrl":"https:\/\/kuzeyinsesi.org\/wp-content\/uploads\/2024\/11\/cb-konser.jpg","datePublished":"2024-11-19T08:34:48+00:00","author":{"@id":"https:\/\/kuzeyinsesi.org\/#\/schema\/person\/9f859689cdf01485597712386e37f5aa"},"breadcrumb":{"@id":"https:\/\/kuzeyinsesi.org\/index.php\/2024\/11\/19\/girne-belediyesi-cok-sesli-korosu-ve-filarmoni-cok-sesli-korolari-cuma-aksami-cumhuriyet-konseri-verecek\/#breadcrumb"},"inLanguage":"tr","potentialAction":[{"@type":"ReadAction","target":["https:\/\/kuzeyinsesi.org\/index.php\/2024\/11\/19\/girne-belediyesi-cok-sesli-korosu-ve-filarmoni-cok-sesli-korolari-cuma-aksami-cumhuriyet-konseri-verecek\/"]}]},{"@type":"ImageObject","inLanguage":"tr","@id":"https:\/\/kuzeyinsesi.org\/index.php\/2024\/11\/19\/girne-belediyesi-cok-sesli-korosu-ve-filarmoni-cok-sesli-korolari-cuma-aksami-cumhuriyet-konseri-verecek\/#primaryimage","url":"https:\/\/kuzeyinsesi.org\/wp-content\/uploads\/2024\/11\/cb-konser.jpg","contentUrl":"https:\/\/kuzeyinsesi.org\/wp-content\/uploads\/2024\/11\/cb-konser.jpg","width":971,"height":551},{"@type":"BreadcrumbList","@id":"https:\/\/kuzeyinsesi.org\/index.php\/2024\/11\/19\/girne-belediyesi-cok-sesli-korosu-ve-filarmoni-cok-sesli-korolari-cuma-aksami-cumhuriyet-konseri-verecek\/#breadcrumb","itemListElement":[{"@type":"ListItem","position":1,"name":"Anasayfa","item":"https:\/\/kuzeyinsesi.org\/"},{"@type":"ListItem","position":2,"name":"Girne Belediyesi \u00c7ok Sesli Korosu ve Filarmoni \u00c7ok Sesli Korolar\u0131 cuma ak\u015fam\u0131 \u201cCumhuriyet Konseri\u201d verecek"}]},{"@type":"WebSite","@id":"https:\/\/kuzeyinsesi.org\/#website","url":"https:\/\/kuzeyinsesi.org\/","name":"Kuzeyin Sesi","description":"Do\u011fru Haberin Adresi","potentialAction":[{"@type":"SearchAction","target":{"@type":"EntryPoint","urlTemplate":"https:\/\/kuzeyinsesi.org\/?s={search_term_string}"},"query-input":{"@type":"PropertyValueSpecification","valueRequired":true,"valueName":"search_term_string"}}],"inLanguage":"tr"},{"@type":"Person","@id":"https:\/\/kuzeyinsesi.org\/#\/schema\/person\/9f859689cdf01485597712386e37f5aa","name":"Kuzeyin Sesi","image":{"@type":"ImageObject","inLanguage":"tr","@id":"https:\/\/secure.gravatar.com\/avatar\/bab33852abfd8b282518d6ed81826833d77c3c882d9ab608add591ccace47a44?s=96&d=mm&r=g","url":"https:\/\/secure.gravatar.com\/avatar\/bab33852abfd8b282518d6ed81826833d77c3c882d9ab608add591ccace47a44?s=96&d=mm&r=g","contentUrl":"https:\/\/secure.gravatar.com\/avatar\/bab33852abfd8b282518d6ed81826833d77c3c882d9ab608add591ccace47a44?s=96&d=mm&r=g","caption":"Kuzeyin Sesi"},"sameAs":["https:\/\/kuzeyinsesi.org"],"url":"https:\/\/kuzeyinsesi.org\/index.php\/author\/guven\/"}]}},"_links":{"self":[{"href":"https:\/\/kuzeyinsesi.org\/index.php\/wp-json\/wp\/v2\/posts\/13811","targetHints":{"allow":["GET"]}}],"collection":[{"href":"https:\/\/kuzeyinsesi.org\/index.php\/wp-json\/wp\/v2\/posts"}],"about":[{"href":"https:\/\/kuzeyinsesi.org\/index.php\/wp-json\/wp\/v2\/types\/post"}],"author":[{"embeddable":true,"href":"https:\/\/kuzeyinsesi.org\/index.php\/wp-json\/wp\/v2\/users\/1"}],"replies":[{"embeddable":true,"href":"https:\/\/kuzeyinsesi.org\/index.php\/wp-json\/wp\/v2\/comments?post=13811"}],"version-history":[{"count":0,"href":"https:\/\/kuzeyinsesi.org\/index.php\/wp-json\/wp\/v2\/posts\/13811\/revisions"}],"wp:featuredmedia":[{"embeddable":true,"href":"https:\/\/kuzeyinsesi.org\/index.php\/wp-json\/wp\/v2\/media\/13812"}],"wp:attachment":[{"href":"https:\/\/kuzeyinsesi.org\/index.php\/wp-json\/wp\/v2\/media?parent=13811"}],"wp:term":[{"taxonomy":"category","embeddable":true,"href":"https:\/\/kuzeyinsesi.org\/index.php\/wp-json\/wp\/v2\/categories?post=13811"},{"taxonomy":"post_tag","embeddable":true,"href":"https:\/\/kuzeyinsesi.org\/index.php\/wp-json\/wp\/v2\/tags?post=13811"}],"curies":[{"name":"wp","href":"https:\/\/api.w.org\/{rel}","templated":true}]}}