{"id":13752,"date":"2024-11-18T11:52:58","date_gmt":"2024-11-18T09:52:58","guid":{"rendered":"https:\/\/kuzeyinsesi.org\/index.php\/2024\/11\/18\/objektifimizden-fotograf-sergisi-gazimagusa-devlet-hastanesinde-aciliyor\/"},"modified":"2024-11-18T11:52:58","modified_gmt":"2024-11-18T09:52:58","slug":"objektifimizden-fotograf-sergisi-gazimagusa-devlet-hastanesinde-aciliyor","status":"publish","type":"post","link":"https:\/\/kuzeyinsesi.org\/index.php\/2024\/11\/18\/objektifimizden-fotograf-sergisi-gazimagusa-devlet-hastanesinde-aciliyor\/","title":{"rendered":"\u201cObjektifimizden\u201d foto\u011fraf sergisi Gazima\u011fusa Devlet Hastanesi\u2019nde a\u00e7\u0131l\u0131yor"},"content":{"rendered":"<div>\n<div class=\"mariselle-image-container center\">\n                                            <\/div>\n<p>Y\u0131ltan Ta\u015f\u00e7\u0131 Akademi\u2019de e\u011fitim g\u00f6ren kursiyerlerin ve onlara e\u011fitim veren e\u011fitmenlerin foto\u011fraflar\u0131ndan olu\u015fan \u201cObjektifimizden\u201d foto\u011fraf sergisi, 20 Kas\u0131m \u00c7ar\u015famba saat 17.00\u2019de Gazima\u011fusa Devlet Hastanesi\u2019nde a\u00e7\u0131lacak.<\/p>\n<p>2017-2024 y\u0131llar\u0131 aras\u0131nda Y\u0131ltan Ta\u015f\u00e7\u0131 Akademi\u2019de kurs g\u00f6ren Ahmet Ulubay, Ali Can Kabak\u00e7\u0131, Ay\u015fe G\u00fcrsel, Bayram G\u00fczer, Bilgin Ergene, Candan Behzato\u011flu, Cem Cengiz, Fazilet Avukat, G\u00f6rkem Eylem, G\u00fcl\u00e7in Arabulucu, Haldun Pakar\u0131, H\u00fclya Afacan, Mehmet Altuner, Mehmet Ekin Vaiz, Mehmet Hoca, Mine Kurtel, Nazife U\u00e7ar, Nuray G\u00fc\u00e7kan, Papatya Solyal\u0131, P\u0131rlanta Konuksal, Salih Cengaver Cem, Semen Kalfao\u011flu, Serap Ertugan, \u015eaziye Kurt, \u015eerif \u00d6zege, Tijen Atakent Y\u00fccelen, T\u00fclen Canar, Ula\u015f S\u00f6nmez, Vedia Serte\u015f, Veysi Canate\u015f, Yeliz S\u00f6nmez\u2019in foto\u011fraflar\u0131n\u0131n yan\u0131s\u0131ra e\u011fitmen olarak Mehmet T\u00fcrkelman, Niyazi Nizam ve Y\u0131ltan Ta\u015f\u00e7\u0131\u2019n\u0131n foto\u011fraflar\u0131n\u0131n da yer alaca\u011f\u0131 sergi, 31 Aral\u0131k\u2019a kadar ziyaret edilebilecek.<\/p>\n<p>Serginin kapanmas\u0131ndan sonra, t\u00fcm foto\u011fraflar Gazima\u011fusa Devlet Hastanesi\u2019ne arma\u011fan edilecek.<\/p>\n<\/p><\/div>\n<p><script async\n                    defer\n                    crossorigin=\"anonymous\"\n                    src=\"https:\/\/connect.facebook.net\/tr_TR\/sdk.js#xfbml=1&#038;version=v3.3\"\n            ><\/script><\/p>\n","protected":false},"excerpt":{"rendered":"<p>Y\u0131ltan Ta\u015f\u00e7\u0131 Akademi\u2019de e\u011fitim g\u00f6ren kursiyerlerin ve onlara e\u011fitim veren e\u011fitmenlerin foto\u011fraflar\u0131ndan olu\u015fan \u201cObjektifimizden\u201d foto\u011fraf sergisi, 20 Kas\u0131m \u00c7ar\u015famba saat 17.00\u2019de Gazima\u011fusa Devlet Hastanesi\u2019nde a\u00e7\u0131lacak. 2017-2024 y\u0131llar\u0131 aras\u0131nda Y\u0131ltan Ta\u015f\u00e7\u0131 Akademi\u2019de kurs g\u00f6ren Ahmet Ulubay, Ali Can Kabak\u00e7\u0131, Ay\u015fe G\u00fcrsel, Bayram G\u00fczer, Bilgin Ergene, Candan Behzato\u011flu, Cem Cengiz, Fazilet Avukat, G\u00f6rkem Eylem, G\u00fcl\u00e7in Arabulucu, Haldun [&hellip;]<\/p>\n","protected":false},"author":1,"featured_media":13753,"comment_status":"open","ping_status":"open","sticky":false,"template":"","format":"standard","meta":{"jnews-multi-image_gallery":[],"jnews_single_post":[],"jnews_primary_category":[],"jnews_social_meta":[],"jnews_override_counter":[],"footnotes":""},"categories":[6],"tags":[],"class_list":["post-13752","post","type-post","status-publish","format-standard","has-post-thumbnail","hentry","category-yasam"],"yoast_head":"<!-- This site is optimized with the Yoast SEO plugin v27.4 - https:\/\/yoast.com\/product\/yoast-seo-wordpress\/ -->\n<title>\u201cObjektifimizden\u201d foto\u011fraf sergisi Gazima\u011fusa Devlet Hastanesi\u2019nde a\u00e7\u0131l\u0131yor - Kuzeyin Sesi<\/title>\n<meta name=\"robots\" content=\"index, follow, max-snippet:-1, max-image-preview:large, max-video-preview:-1\" \/>\n<link rel=\"canonical\" href=\"https:\/\/kuzeyinsesi.org\/index.php\/2024\/11\/18\/objektifimizden-fotograf-sergisi-gazimagusa-devlet-hastanesinde-aciliyor\/\" \/>\n<meta property=\"og:locale\" content=\"tr_TR\" \/>\n<meta property=\"og:type\" content=\"article\" \/>\n<meta property=\"og:title\" content=\"\u201cObjektifimizden\u201d foto\u011fraf sergisi Gazima\u011fusa Devlet Hastanesi\u2019nde a\u00e7\u0131l\u0131yor - Kuzeyin Sesi\" \/>\n<meta property=\"og:description\" content=\"Y\u0131ltan Ta\u015f\u00e7\u0131 Akademi\u2019de e\u011fitim g\u00f6ren kursiyerlerin ve onlara e\u011fitim veren e\u011fitmenlerin foto\u011fraflar\u0131ndan olu\u015fan \u201cObjektifimizden\u201d foto\u011fraf sergisi, 20 Kas\u0131m \u00c7ar\u015famba saat 17.00\u2019de Gazima\u011fusa Devlet Hastanesi\u2019nde a\u00e7\u0131lacak. 2017-2024 y\u0131llar\u0131 aras\u0131nda Y\u0131ltan Ta\u015f\u00e7\u0131 Akademi\u2019de kurs g\u00f6ren Ahmet Ulubay, Ali Can Kabak\u00e7\u0131, Ay\u015fe G\u00fcrsel, Bayram G\u00fczer, Bilgin Ergene, Candan Behzato\u011flu, Cem Cengiz, Fazilet Avukat, G\u00f6rkem Eylem, G\u00fcl\u00e7in Arabulucu, Haldun [&hellip;]\" \/>\n<meta property=\"og:url\" content=\"https:\/\/kuzeyinsesi.org\/index.php\/2024\/11\/18\/objektifimizden-fotograf-sergisi-gazimagusa-devlet-hastanesinde-aciliyor\/\" \/>\n<meta property=\"og:site_name\" content=\"Kuzeyin Sesi\" \/>\n<meta property=\"article:publisher\" content=\"https:\/\/www.facebook.com\/kuzeyinsesii\" \/>\n<meta property=\"article:published_time\" content=\"2024-11-18T09:52:58+00:00\" \/>\n<meta property=\"og:image\" content=\"https:\/\/brtk.net\/wp-content\/uploads\/2024\/11\/18\/99.jpg?ver=df117189b64029ec669e32f0467db430\" \/>\n<meta name=\"author\" content=\"Kuzeyin Sesi\" \/>\n<meta name=\"twitter:card\" content=\"summary_large_image\" \/>\n<meta name=\"twitter:creator\" content=\"@kuzeyinsesii\" \/>\n<meta name=\"twitter:site\" content=\"@kuzeyinsesii\" \/>\n<meta name=\"twitter:label1\" content=\"Yazan:\" \/>\n\t<meta name=\"twitter:data1\" content=\"Kuzeyin Sesi\" \/>\n\t<meta name=\"twitter:label2\" content=\"Tahmini okuma s\u00fcresi\" \/>\n\t<meta name=\"twitter:data2\" content=\"1 dakika\" \/>\n<script type=\"application\/ld+json\" class=\"yoast-schema-graph\">{\"@context\":\"https:\\\/\\\/schema.org\",\"@graph\":[{\"@type\":\"Article\",\"@id\":\"https:\\\/\\\/kuzeyinsesi.org\\\/index.php\\\/2024\\\/11\\\/18\\\/objektifimizden-fotograf-sergisi-gazimagusa-devlet-hastanesinde-aciliyor\\\/#article\",\"isPartOf\":{\"@id\":\"https:\\\/\\\/kuzeyinsesi.org\\\/index.php\\\/2024\\\/11\\\/18\\\/objektifimizden-fotograf-sergisi-gazimagusa-devlet-hastanesinde-aciliyor\\\/\"},\"author\":{\"name\":\"Kuzeyin Sesi\",\"@id\":\"https:\\\/\\\/kuzeyinsesi.org\\\/#\\\/schema\\\/person\\\/9f859689cdf01485597712386e37f5aa\"},\"headline\":\"\u201cObjektifimizden\u201d foto\u011fraf sergisi Gazima\u011fusa Devlet Hastanesi\u2019nde a\u00e7\u0131l\u0131yor\",\"datePublished\":\"2024-11-18T09:52:58+00:00\",\"mainEntityOfPage\":{\"@id\":\"https:\\\/\\\/kuzeyinsesi.org\\\/index.php\\\/2024\\\/11\\\/18\\\/objektifimizden-fotograf-sergisi-gazimagusa-devlet-hastanesinde-aciliyor\\\/\"},\"wordCount\":198,\"commentCount\":0,\"image\":{\"@id\":\"https:\\\/\\\/kuzeyinsesi.org\\\/index.php\\\/2024\\\/11\\\/18\\\/objektifimizden-fotograf-sergisi-gazimagusa-devlet-hastanesinde-aciliyor\\\/#primaryimage\"},\"thumbnailUrl\":\"https:\\\/\\\/kuzeyinsesi.org\\\/wp-content\\\/uploads\\\/2024\\\/11\\\/99.jpg\",\"articleSection\":[\"Ya\u015fam\"],\"inLanguage\":\"tr\",\"potentialAction\":[{\"@type\":\"CommentAction\",\"name\":\"Comment\",\"target\":[\"https:\\\/\\\/kuzeyinsesi.org\\\/index.php\\\/2024\\\/11\\\/18\\\/objektifimizden-fotograf-sergisi-gazimagusa-devlet-hastanesinde-aciliyor\\\/#respond\"]}]},{\"@type\":\"WebPage\",\"@id\":\"https:\\\/\\\/kuzeyinsesi.org\\\/index.php\\\/2024\\\/11\\\/18\\\/objektifimizden-fotograf-sergisi-gazimagusa-devlet-hastanesinde-aciliyor\\\/\",\"url\":\"https:\\\/\\\/kuzeyinsesi.org\\\/index.php\\\/2024\\\/11\\\/18\\\/objektifimizden-fotograf-sergisi-gazimagusa-devlet-hastanesinde-aciliyor\\\/\",\"name\":\"\u201cObjektifimizden\u201d foto\u011fraf sergisi Gazima\u011fusa Devlet Hastanesi\u2019nde a\u00e7\u0131l\u0131yor - Kuzeyin Sesi\",\"isPartOf\":{\"@id\":\"https:\\\/\\\/kuzeyinsesi.org\\\/#website\"},\"primaryImageOfPage\":{\"@id\":\"https:\\\/\\\/kuzeyinsesi.org\\\/index.php\\\/2024\\\/11\\\/18\\\/objektifimizden-fotograf-sergisi-gazimagusa-devlet-hastanesinde-aciliyor\\\/#primaryimage\"},\"image\":{\"@id\":\"https:\\\/\\\/kuzeyinsesi.org\\\/index.php\\\/2024\\\/11\\\/18\\\/objektifimizden-fotograf-sergisi-gazimagusa-devlet-hastanesinde-aciliyor\\\/#primaryimage\"},\"thumbnailUrl\":\"https:\\\/\\\/kuzeyinsesi.org\\\/wp-content\\\/uploads\\\/2024\\\/11\\\/99.jpg\",\"datePublished\":\"2024-11-18T09:52:58+00:00\",\"author\":{\"@id\":\"https:\\\/\\\/kuzeyinsesi.org\\\/#\\\/schema\\\/person\\\/9f859689cdf01485597712386e37f5aa\"},\"breadcrumb\":{\"@id\":\"https:\\\/\\\/kuzeyinsesi.org\\\/index.php\\\/2024\\\/11\\\/18\\\/objektifimizden-fotograf-sergisi-gazimagusa-devlet-hastanesinde-aciliyor\\\/#breadcrumb\"},\"inLanguage\":\"tr\",\"potentialAction\":[{\"@type\":\"ReadAction\",\"target\":[\"https:\\\/\\\/kuzeyinsesi.org\\\/index.php\\\/2024\\\/11\\\/18\\\/objektifimizden-fotograf-sergisi-gazimagusa-devlet-hastanesinde-aciliyor\\\/\"]}]},{\"@type\":\"ImageObject\",\"inLanguage\":\"tr\",\"@id\":\"https:\\\/\\\/kuzeyinsesi.org\\\/index.php\\\/2024\\\/11\\\/18\\\/objektifimizden-fotograf-sergisi-gazimagusa-devlet-hastanesinde-aciliyor\\\/#primaryimage\",\"url\":\"https:\\\/\\\/kuzeyinsesi.org\\\/wp-content\\\/uploads\\\/2024\\\/11\\\/99.jpg\",\"contentUrl\":\"https:\\\/\\\/kuzeyinsesi.org\\\/wp-content\\\/uploads\\\/2024\\\/11\\\/99.jpg\",\"width\":1600,\"height\":729},{\"@type\":\"BreadcrumbList\",\"@id\":\"https:\\\/\\\/kuzeyinsesi.org\\\/index.php\\\/2024\\\/11\\\/18\\\/objektifimizden-fotograf-sergisi-gazimagusa-devlet-hastanesinde-aciliyor\\\/#breadcrumb\",\"itemListElement\":[{\"@type\":\"ListItem\",\"position\":1,\"name\":\"Anasayfa\",\"item\":\"https:\\\/\\\/kuzeyinsesi.org\\\/\"},{\"@type\":\"ListItem\",\"position\":2,\"name\":\"\u201cObjektifimizden\u201d foto\u011fraf sergisi Gazima\u011fusa Devlet Hastanesi\u2019nde a\u00e7\u0131l\u0131yor\"}]},{\"@type\":\"WebSite\",\"@id\":\"https:\\\/\\\/kuzeyinsesi.org\\\/#website\",\"url\":\"https:\\\/\\\/kuzeyinsesi.org\\\/\",\"name\":\"Kuzeyin Sesi\",\"description\":\"Do\u011fru Haberin Adresi\",\"potentialAction\":[{\"@type\":\"SearchAction\",\"target\":{\"@type\":\"EntryPoint\",\"urlTemplate\":\"https:\\\/\\\/kuzeyinsesi.org\\\/?s={search_term_string}\"},\"query-input\":{\"@type\":\"PropertyValueSpecification\",\"valueRequired\":true,\"valueName\":\"search_term_string\"}}],\"inLanguage\":\"tr\"},{\"@type\":\"Person\",\"@id\":\"https:\\\/\\\/kuzeyinsesi.org\\\/#\\\/schema\\\/person\\\/9f859689cdf01485597712386e37f5aa\",\"name\":\"Kuzeyin Sesi\",\"image\":{\"@type\":\"ImageObject\",\"inLanguage\":\"tr\",\"@id\":\"https:\\\/\\\/secure.gravatar.com\\\/avatar\\\/bab33852abfd8b282518d6ed81826833d77c3c882d9ab608add591ccace47a44?s=96&d=mm&r=g\",\"url\":\"https:\\\/\\\/secure.gravatar.com\\\/avatar\\\/bab33852abfd8b282518d6ed81826833d77c3c882d9ab608add591ccace47a44?s=96&d=mm&r=g\",\"contentUrl\":\"https:\\\/\\\/secure.gravatar.com\\\/avatar\\\/bab33852abfd8b282518d6ed81826833d77c3c882d9ab608add591ccace47a44?s=96&d=mm&r=g\",\"caption\":\"Kuzeyin Sesi\"},\"sameAs\":[\"https:\\\/\\\/kuzeyinsesi.org\"],\"url\":\"https:\\\/\\\/kuzeyinsesi.org\\\/index.php\\\/author\\\/guven\\\/\"}]}<\/script>\n<!-- \/ Yoast SEO plugin. -->","yoast_head_json":{"title":"\u201cObjektifimizden\u201d foto\u011fraf sergisi Gazima\u011fusa Devlet Hastanesi\u2019nde a\u00e7\u0131l\u0131yor - Kuzeyin Sesi","robots":{"index":"index","follow":"follow","max-snippet":"max-snippet:-1","max-image-preview":"max-image-preview:large","max-video-preview":"max-video-preview:-1"},"canonical":"https:\/\/kuzeyinsesi.org\/index.php\/2024\/11\/18\/objektifimizden-fotograf-sergisi-gazimagusa-devlet-hastanesinde-aciliyor\/","og_locale":"tr_TR","og_type":"article","og_title":"\u201cObjektifimizden\u201d foto\u011fraf sergisi Gazima\u011fusa Devlet Hastanesi\u2019nde a\u00e7\u0131l\u0131yor - Kuzeyin Sesi","og_description":"Y\u0131ltan Ta\u015f\u00e7\u0131 Akademi\u2019de e\u011fitim g\u00f6ren kursiyerlerin ve onlara e\u011fitim veren e\u011fitmenlerin foto\u011fraflar\u0131ndan olu\u015fan \u201cObjektifimizden\u201d foto\u011fraf sergisi, 20 Kas\u0131m \u00c7ar\u015famba saat 17.00\u2019de Gazima\u011fusa Devlet Hastanesi\u2019nde a\u00e7\u0131lacak. 2017-2024 y\u0131llar\u0131 aras\u0131nda Y\u0131ltan Ta\u015f\u00e7\u0131 Akademi\u2019de kurs g\u00f6ren Ahmet Ulubay, Ali Can Kabak\u00e7\u0131, Ay\u015fe G\u00fcrsel, Bayram G\u00fczer, Bilgin Ergene, Candan Behzato\u011flu, Cem Cengiz, Fazilet Avukat, G\u00f6rkem Eylem, G\u00fcl\u00e7in Arabulucu, Haldun [&hellip;]","og_url":"https:\/\/kuzeyinsesi.org\/index.php\/2024\/11\/18\/objektifimizden-fotograf-sergisi-gazimagusa-devlet-hastanesinde-aciliyor\/","og_site_name":"Kuzeyin Sesi","article_publisher":"https:\/\/www.facebook.com\/kuzeyinsesii","article_published_time":"2024-11-18T09:52:58+00:00","og_image":[{"url":"https:\/\/brtk.net\/wp-content\/uploads\/2024\/11\/18\/99.jpg?ver=df117189b64029ec669e32f0467db430","type":"","width":"","height":""}],"author":"Kuzeyin Sesi","twitter_card":"summary_large_image","twitter_creator":"@kuzeyinsesii","twitter_site":"@kuzeyinsesii","twitter_misc":{"Yazan:":"Kuzeyin Sesi","Tahmini okuma s\u00fcresi":"1 dakika"},"schema":{"@context":"https:\/\/schema.org","@graph":[{"@type":"Article","@id":"https:\/\/kuzeyinsesi.org\/index.php\/2024\/11\/18\/objektifimizden-fotograf-sergisi-gazimagusa-devlet-hastanesinde-aciliyor\/#article","isPartOf":{"@id":"https:\/\/kuzeyinsesi.org\/index.php\/2024\/11\/18\/objektifimizden-fotograf-sergisi-gazimagusa-devlet-hastanesinde-aciliyor\/"},"author":{"name":"Kuzeyin Sesi","@id":"https:\/\/kuzeyinsesi.org\/#\/schema\/person\/9f859689cdf01485597712386e37f5aa"},"headline":"\u201cObjektifimizden\u201d foto\u011fraf sergisi Gazima\u011fusa Devlet Hastanesi\u2019nde a\u00e7\u0131l\u0131yor","datePublished":"2024-11-18T09:52:58+00:00","mainEntityOfPage":{"@id":"https:\/\/kuzeyinsesi.org\/index.php\/2024\/11\/18\/objektifimizden-fotograf-sergisi-gazimagusa-devlet-hastanesinde-aciliyor\/"},"wordCount":198,"commentCount":0,"image":{"@id":"https:\/\/kuzeyinsesi.org\/index.php\/2024\/11\/18\/objektifimizden-fotograf-sergisi-gazimagusa-devlet-hastanesinde-aciliyor\/#primaryimage"},"thumbnailUrl":"https:\/\/kuzeyinsesi.org\/wp-content\/uploads\/2024\/11\/99.jpg","articleSection":["Ya\u015fam"],"inLanguage":"tr","potentialAction":[{"@type":"CommentAction","name":"Comment","target":["https:\/\/kuzeyinsesi.org\/index.php\/2024\/11\/18\/objektifimizden-fotograf-sergisi-gazimagusa-devlet-hastanesinde-aciliyor\/#respond"]}]},{"@type":"WebPage","@id":"https:\/\/kuzeyinsesi.org\/index.php\/2024\/11\/18\/objektifimizden-fotograf-sergisi-gazimagusa-devlet-hastanesinde-aciliyor\/","url":"https:\/\/kuzeyinsesi.org\/index.php\/2024\/11\/18\/objektifimizden-fotograf-sergisi-gazimagusa-devlet-hastanesinde-aciliyor\/","name":"\u201cObjektifimizden\u201d foto\u011fraf sergisi Gazima\u011fusa Devlet Hastanesi\u2019nde a\u00e7\u0131l\u0131yor - Kuzeyin Sesi","isPartOf":{"@id":"https:\/\/kuzeyinsesi.org\/#website"},"primaryImageOfPage":{"@id":"https:\/\/kuzeyinsesi.org\/index.php\/2024\/11\/18\/objektifimizden-fotograf-sergisi-gazimagusa-devlet-hastanesinde-aciliyor\/#primaryimage"},"image":{"@id":"https:\/\/kuzeyinsesi.org\/index.php\/2024\/11\/18\/objektifimizden-fotograf-sergisi-gazimagusa-devlet-hastanesinde-aciliyor\/#primaryimage"},"thumbnailUrl":"https:\/\/kuzeyinsesi.org\/wp-content\/uploads\/2024\/11\/99.jpg","datePublished":"2024-11-18T09:52:58+00:00","author":{"@id":"https:\/\/kuzeyinsesi.org\/#\/schema\/person\/9f859689cdf01485597712386e37f5aa"},"breadcrumb":{"@id":"https:\/\/kuzeyinsesi.org\/index.php\/2024\/11\/18\/objektifimizden-fotograf-sergisi-gazimagusa-devlet-hastanesinde-aciliyor\/#breadcrumb"},"inLanguage":"tr","potentialAction":[{"@type":"ReadAction","target":["https:\/\/kuzeyinsesi.org\/index.php\/2024\/11\/18\/objektifimizden-fotograf-sergisi-gazimagusa-devlet-hastanesinde-aciliyor\/"]}]},{"@type":"ImageObject","inLanguage":"tr","@id":"https:\/\/kuzeyinsesi.org\/index.php\/2024\/11\/18\/objektifimizden-fotograf-sergisi-gazimagusa-devlet-hastanesinde-aciliyor\/#primaryimage","url":"https:\/\/kuzeyinsesi.org\/wp-content\/uploads\/2024\/11\/99.jpg","contentUrl":"https:\/\/kuzeyinsesi.org\/wp-content\/uploads\/2024\/11\/99.jpg","width":1600,"height":729},{"@type":"BreadcrumbList","@id":"https:\/\/kuzeyinsesi.org\/index.php\/2024\/11\/18\/objektifimizden-fotograf-sergisi-gazimagusa-devlet-hastanesinde-aciliyor\/#breadcrumb","itemListElement":[{"@type":"ListItem","position":1,"name":"Anasayfa","item":"https:\/\/kuzeyinsesi.org\/"},{"@type":"ListItem","position":2,"name":"\u201cObjektifimizden\u201d foto\u011fraf sergisi Gazima\u011fusa Devlet Hastanesi\u2019nde a\u00e7\u0131l\u0131yor"}]},{"@type":"WebSite","@id":"https:\/\/kuzeyinsesi.org\/#website","url":"https:\/\/kuzeyinsesi.org\/","name":"Kuzeyin Sesi","description":"Do\u011fru Haberin Adresi","potentialAction":[{"@type":"SearchAction","target":{"@type":"EntryPoint","urlTemplate":"https:\/\/kuzeyinsesi.org\/?s={search_term_string}"},"query-input":{"@type":"PropertyValueSpecification","valueRequired":true,"valueName":"search_term_string"}}],"inLanguage":"tr"},{"@type":"Person","@id":"https:\/\/kuzeyinsesi.org\/#\/schema\/person\/9f859689cdf01485597712386e37f5aa","name":"Kuzeyin Sesi","image":{"@type":"ImageObject","inLanguage":"tr","@id":"https:\/\/secure.gravatar.com\/avatar\/bab33852abfd8b282518d6ed81826833d77c3c882d9ab608add591ccace47a44?s=96&d=mm&r=g","url":"https:\/\/secure.gravatar.com\/avatar\/bab33852abfd8b282518d6ed81826833d77c3c882d9ab608add591ccace47a44?s=96&d=mm&r=g","contentUrl":"https:\/\/secure.gravatar.com\/avatar\/bab33852abfd8b282518d6ed81826833d77c3c882d9ab608add591ccace47a44?s=96&d=mm&r=g","caption":"Kuzeyin Sesi"},"sameAs":["https:\/\/kuzeyinsesi.org"],"url":"https:\/\/kuzeyinsesi.org\/index.php\/author\/guven\/"}]}},"_links":{"self":[{"href":"https:\/\/kuzeyinsesi.org\/index.php\/wp-json\/wp\/v2\/posts\/13752","targetHints":{"allow":["GET"]}}],"collection":[{"href":"https:\/\/kuzeyinsesi.org\/index.php\/wp-json\/wp\/v2\/posts"}],"about":[{"href":"https:\/\/kuzeyinsesi.org\/index.php\/wp-json\/wp\/v2\/types\/post"}],"author":[{"embeddable":true,"href":"https:\/\/kuzeyinsesi.org\/index.php\/wp-json\/wp\/v2\/users\/1"}],"replies":[{"embeddable":true,"href":"https:\/\/kuzeyinsesi.org\/index.php\/wp-json\/wp\/v2\/comments?post=13752"}],"version-history":[{"count":0,"href":"https:\/\/kuzeyinsesi.org\/index.php\/wp-json\/wp\/v2\/posts\/13752\/revisions"}],"wp:featuredmedia":[{"embeddable":true,"href":"https:\/\/kuzeyinsesi.org\/index.php\/wp-json\/wp\/v2\/media\/13753"}],"wp:attachment":[{"href":"https:\/\/kuzeyinsesi.org\/index.php\/wp-json\/wp\/v2\/media?parent=13752"}],"wp:term":[{"taxonomy":"category","embeddable":true,"href":"https:\/\/kuzeyinsesi.org\/index.php\/wp-json\/wp\/v2\/categories?post=13752"},{"taxonomy":"post_tag","embeddable":true,"href":"https:\/\/kuzeyinsesi.org\/index.php\/wp-json\/wp\/v2\/tags?post=13752"}],"curies":[{"name":"wp","href":"https:\/\/api.w.org\/{rel}","templated":true}]}}