{"id":1373,"date":"2024-05-05T13:21:07","date_gmt":"2024-05-05T10:21:07","guid":{"rendered":"https:\/\/kuzeyinsesi.com\/index.php\/2024\/05\/05\/ctp-girne-ilcesi-alsancak-incesu-malatya-ve-ilgazdaydi\/"},"modified":"2024-05-05T13:21:07","modified_gmt":"2024-05-05T10:21:07","slug":"ctp-girne-ilcesi-alsancak-incesu-malatya-ve-ilgazdaydi","status":"publish","type":"post","link":"https:\/\/kuzeyinsesi.org\/index.php\/2024\/05\/05\/ctp-girne-ilcesi-alsancak-incesu-malatya-ve-ilgazdaydi\/","title":{"rendered":"CTP Girne \u0130l\u00e7esi, Alsancak, \u0130ncesu, Malatya ve Ilgaz\u2019dayd\u0131"},"content":{"rendered":"<div>\n<div class=\"mariselle-image-container center\">\n                                            <\/div>\n<p>Cumhuriyet\u00e7i T\u00fcrk Partisi (CTP) Girne \u0130l\u00e7esi ziyaretlerine devam ediyor. CTP Girne \u0130l\u00e7e Ba\u015fkan\u0131 Ongun Talat ve beraberindeki heyet d\u00fcn, Alsancak, \u0130ncesu-Malatya ve Ilgaz b\u00f6lgelerini ziyaret etti, yurtta\u015flar\u0131n sorunlar\u0131n\u0131 dinledi.<\/p>\n<p>CTP\u2019den yap\u0131lan a\u00e7\u0131klamaya g\u00f6re, halkla bulu\u015fmaya, iktidar yolunda \u00e7\u00f6z\u00fcm \u00f6nerilerini payla\u015fmaya devam edeceklerinin alt\u0131n\u0131 \u00e7izen CTP Girne \u0130l\u00e7e yetkilileri, ger\u00e7ekle\u015ftirdikleri ziyaretlere ara vermeden devam edeceklerinin alt\u0131n\u0131 \u00e7izdi.<\/p>\n<\/p><\/div>\n<p><script async\n                    defer\n                    crossorigin=\"anonymous\"\n                    src=\"https:\/\/connect.facebook.net\/tr_TR\/sdk.js#xfbml=1&#038;version=v3.3\"\n            ><\/script><\/p>\n","protected":false},"excerpt":{"rendered":"<p>Cumhuriyet\u00e7i T\u00fcrk Partisi (CTP) Girne \u0130l\u00e7esi ziyaretlerine devam ediyor. CTP Girne \u0130l\u00e7e Ba\u015fkan\u0131 Ongun Talat ve beraberindeki heyet d\u00fcn, Alsancak, \u0130ncesu-Malatya ve Ilgaz b\u00f6lgelerini ziyaret etti, yurtta\u015flar\u0131n sorunlar\u0131n\u0131 dinledi. CTP\u2019den yap\u0131lan a\u00e7\u0131klamaya g\u00f6re, halkla bulu\u015fmaya, iktidar yolunda \u00e7\u00f6z\u00fcm \u00f6nerilerini payla\u015fmaya devam edeceklerinin alt\u0131n\u0131 \u00e7izen CTP Girne \u0130l\u00e7e yetkilileri, ger\u00e7ekle\u015ftirdikleri ziyaretlere ara vermeden devam edeceklerinin alt\u0131n\u0131 [&hellip;]<\/p>\n","protected":false},"author":1,"featured_media":1374,"comment_status":"open","ping_status":"open","sticky":false,"template":"","format":"standard","meta":{"jnews-multi-image_gallery":[],"jnews_single_post":[],"jnews_primary_category":[],"jnews_social_meta":[],"jnews_override_counter":[],"footnotes":""},"categories":[1],"tags":[],"class_list":["post-1373","post","type-post","status-publish","format-standard","has-post-thumbnail","hentry","category-kibris"],"yoast_head":"<!-- This site is optimized with the Yoast SEO plugin v27.5 - https:\/\/yoast.com\/product\/yoast-seo-wordpress\/ -->\n<title>CTP Girne \u0130l\u00e7esi, Alsancak, \u0130ncesu, Malatya ve Ilgaz\u2019dayd\u0131 - Kuzeyin Sesi<\/title>\n<meta name=\"robots\" content=\"index, follow, max-snippet:-1, max-image-preview:large, max-video-preview:-1\" \/>\n<link rel=\"canonical\" href=\"https:\/\/kuzeyinsesi.org\/index.php\/2024\/05\/05\/ctp-girne-ilcesi-alsancak-incesu-malatya-ve-ilgazdaydi\/\" \/>\n<meta property=\"og:locale\" content=\"tr_TR\" \/>\n<meta property=\"og:type\" content=\"article\" \/>\n<meta property=\"og:title\" content=\"CTP Girne \u0130l\u00e7esi, Alsancak, \u0130ncesu, Malatya ve Ilgaz\u2019dayd\u0131 - Kuzeyin Sesi\" \/>\n<meta property=\"og:description\" content=\"Cumhuriyet\u00e7i T\u00fcrk Partisi (CTP) Girne \u0130l\u00e7esi ziyaretlerine devam ediyor. CTP Girne \u0130l\u00e7e Ba\u015fkan\u0131 Ongun Talat ve beraberindeki heyet d\u00fcn, Alsancak, \u0130ncesu-Malatya ve Ilgaz b\u00f6lgelerini ziyaret etti, yurtta\u015flar\u0131n sorunlar\u0131n\u0131 dinledi. CTP\u2019den yap\u0131lan a\u00e7\u0131klamaya g\u00f6re, halkla bulu\u015fmaya, iktidar yolunda \u00e7\u00f6z\u00fcm \u00f6nerilerini payla\u015fmaya devam edeceklerinin alt\u0131n\u0131 \u00e7izen CTP Girne \u0130l\u00e7e yetkilileri, ger\u00e7ekle\u015ftirdikleri ziyaretlere ara vermeden devam edeceklerinin alt\u0131n\u0131 [&hellip;]\" \/>\n<meta property=\"og:url\" content=\"https:\/\/kuzeyinsesi.org\/index.php\/2024\/05\/05\/ctp-girne-ilcesi-alsancak-incesu-malatya-ve-ilgazdaydi\/\" \/>\n<meta property=\"og:site_name\" content=\"Kuzeyin Sesi\" \/>\n<meta property=\"article:publisher\" content=\"https:\/\/www.facebook.com\/kuzeyinsesii\" \/>\n<meta property=\"article:published_time\" content=\"2024-05-05T10:21:07+00:00\" \/>\n<meta property=\"og:image\" content=\"https:\/\/kuzeyinsesi.org\/wp-content\/uploads\/2024\/05\/ctp-girne-ilce-ziyaretler-3-.jpg\" \/>\n\t<meta property=\"og:image:width\" content=\"720\" \/>\n\t<meta property=\"og:image:height\" content=\"960\" \/>\n\t<meta property=\"og:image:type\" content=\"image\/jpeg\" \/>\n<meta name=\"author\" content=\"Kuzeyin Sesi\" \/>\n<meta name=\"twitter:card\" content=\"summary_large_image\" \/>\n<meta name=\"twitter:creator\" content=\"@kuzeyinsesii\" \/>\n<meta name=\"twitter:site\" content=\"@kuzeyinsesii\" \/>\n<meta name=\"twitter:label1\" content=\"Yazan:\" \/>\n\t<meta name=\"twitter:data1\" content=\"Kuzeyin Sesi\" \/>\n<script type=\"application\/ld+json\" class=\"yoast-schema-graph\">{\"@context\":\"https:\\\/\\\/schema.org\",\"@graph\":[{\"@type\":\"Article\",\"@id\":\"https:\\\/\\\/kuzeyinsesi.org\\\/index.php\\\/2024\\\/05\\\/05\\\/ctp-girne-ilcesi-alsancak-incesu-malatya-ve-ilgazdaydi\\\/#article\",\"isPartOf\":{\"@id\":\"https:\\\/\\\/kuzeyinsesi.org\\\/index.php\\\/2024\\\/05\\\/05\\\/ctp-girne-ilcesi-alsancak-incesu-malatya-ve-ilgazdaydi\\\/\"},\"author\":{\"name\":\"Kuzeyin Sesi\",\"@id\":\"https:\\\/\\\/kuzeyinsesi.org\\\/#\\\/schema\\\/person\\\/9f859689cdf01485597712386e37f5aa\"},\"headline\":\"CTP Girne \u0130l\u00e7esi, Alsancak, \u0130ncesu, Malatya ve Ilgaz\u2019dayd\u0131\",\"datePublished\":\"2024-05-05T10:21:07+00:00\",\"mainEntityOfPage\":{\"@id\":\"https:\\\/\\\/kuzeyinsesi.org\\\/index.php\\\/2024\\\/05\\\/05\\\/ctp-girne-ilcesi-alsancak-incesu-malatya-ve-ilgazdaydi\\\/\"},\"wordCount\":88,\"commentCount\":0,\"image\":{\"@id\":\"https:\\\/\\\/kuzeyinsesi.org\\\/index.php\\\/2024\\\/05\\\/05\\\/ctp-girne-ilcesi-alsancak-incesu-malatya-ve-ilgazdaydi\\\/#primaryimage\"},\"thumbnailUrl\":\"https:\\\/\\\/kuzeyinsesi.org\\\/wp-content\\\/uploads\\\/2024\\\/05\\\/ctp-girne-ilce-ziyaretler-3-.jpg\",\"articleSection\":[\"K\u0131br\u0131s\"],\"inLanguage\":\"tr\",\"potentialAction\":[{\"@type\":\"CommentAction\",\"name\":\"Comment\",\"target\":[\"https:\\\/\\\/kuzeyinsesi.org\\\/index.php\\\/2024\\\/05\\\/05\\\/ctp-girne-ilcesi-alsancak-incesu-malatya-ve-ilgazdaydi\\\/#respond\"]}]},{\"@type\":\"WebPage\",\"@id\":\"https:\\\/\\\/kuzeyinsesi.org\\\/index.php\\\/2024\\\/05\\\/05\\\/ctp-girne-ilcesi-alsancak-incesu-malatya-ve-ilgazdaydi\\\/\",\"url\":\"https:\\\/\\\/kuzeyinsesi.org\\\/index.php\\\/2024\\\/05\\\/05\\\/ctp-girne-ilcesi-alsancak-incesu-malatya-ve-ilgazdaydi\\\/\",\"name\":\"CTP Girne \u0130l\u00e7esi, Alsancak, \u0130ncesu, Malatya ve Ilgaz\u2019dayd\u0131 - Kuzeyin Sesi\",\"isPartOf\":{\"@id\":\"https:\\\/\\\/kuzeyinsesi.org\\\/#website\"},\"primaryImageOfPage\":{\"@id\":\"https:\\\/\\\/kuzeyinsesi.org\\\/index.php\\\/2024\\\/05\\\/05\\\/ctp-girne-ilcesi-alsancak-incesu-malatya-ve-ilgazdaydi\\\/#primaryimage\"},\"image\":{\"@id\":\"https:\\\/\\\/kuzeyinsesi.org\\\/index.php\\\/2024\\\/05\\\/05\\\/ctp-girne-ilcesi-alsancak-incesu-malatya-ve-ilgazdaydi\\\/#primaryimage\"},\"thumbnailUrl\":\"https:\\\/\\\/kuzeyinsesi.org\\\/wp-content\\\/uploads\\\/2024\\\/05\\\/ctp-girne-ilce-ziyaretler-3-.jpg\",\"datePublished\":\"2024-05-05T10:21:07+00:00\",\"author\":{\"@id\":\"https:\\\/\\\/kuzeyinsesi.org\\\/#\\\/schema\\\/person\\\/9f859689cdf01485597712386e37f5aa\"},\"breadcrumb\":{\"@id\":\"https:\\\/\\\/kuzeyinsesi.org\\\/index.php\\\/2024\\\/05\\\/05\\\/ctp-girne-ilcesi-alsancak-incesu-malatya-ve-ilgazdaydi\\\/#breadcrumb\"},\"inLanguage\":\"tr\",\"potentialAction\":[{\"@type\":\"ReadAction\",\"target\":[\"https:\\\/\\\/kuzeyinsesi.org\\\/index.php\\\/2024\\\/05\\\/05\\\/ctp-girne-ilcesi-alsancak-incesu-malatya-ve-ilgazdaydi\\\/\"]}]},{\"@type\":\"ImageObject\",\"inLanguage\":\"tr\",\"@id\":\"https:\\\/\\\/kuzeyinsesi.org\\\/index.php\\\/2024\\\/05\\\/05\\\/ctp-girne-ilcesi-alsancak-incesu-malatya-ve-ilgazdaydi\\\/#primaryimage\",\"url\":\"https:\\\/\\\/kuzeyinsesi.org\\\/wp-content\\\/uploads\\\/2024\\\/05\\\/ctp-girne-ilce-ziyaretler-3-.jpg\",\"contentUrl\":\"https:\\\/\\\/kuzeyinsesi.org\\\/wp-content\\\/uploads\\\/2024\\\/05\\\/ctp-girne-ilce-ziyaretler-3-.jpg\",\"width\":720,\"height\":960},{\"@type\":\"BreadcrumbList\",\"@id\":\"https:\\\/\\\/kuzeyinsesi.org\\\/index.php\\\/2024\\\/05\\\/05\\\/ctp-girne-ilcesi-alsancak-incesu-malatya-ve-ilgazdaydi\\\/#breadcrumb\",\"itemListElement\":[{\"@type\":\"ListItem\",\"position\":1,\"name\":\"Anasayfa\",\"item\":\"https:\\\/\\\/kuzeyinsesi.org\\\/\"},{\"@type\":\"ListItem\",\"position\":2,\"name\":\"CTP Girne \u0130l\u00e7esi, Alsancak, \u0130ncesu, Malatya ve Ilgaz\u2019dayd\u0131\"}]},{\"@type\":\"WebSite\",\"@id\":\"https:\\\/\\\/kuzeyinsesi.org\\\/#website\",\"url\":\"https:\\\/\\\/kuzeyinsesi.org\\\/\",\"name\":\"Kuzeyin Sesi\",\"description\":\"Do\u011fru Haberin Adresi\",\"potentialAction\":[{\"@type\":\"SearchAction\",\"target\":{\"@type\":\"EntryPoint\",\"urlTemplate\":\"https:\\\/\\\/kuzeyinsesi.org\\\/?s={search_term_string}\"},\"query-input\":{\"@type\":\"PropertyValueSpecification\",\"valueRequired\":true,\"valueName\":\"search_term_string\"}}],\"inLanguage\":\"tr\"},{\"@type\":\"Person\",\"@id\":\"https:\\\/\\\/kuzeyinsesi.org\\\/#\\\/schema\\\/person\\\/9f859689cdf01485597712386e37f5aa\",\"name\":\"Kuzeyin Sesi\",\"image\":{\"@type\":\"ImageObject\",\"inLanguage\":\"tr\",\"@id\":\"https:\\\/\\\/secure.gravatar.com\\\/avatar\\\/bab33852abfd8b282518d6ed81826833d77c3c882d9ab608add591ccace47a44?s=96&d=mm&r=g\",\"url\":\"https:\\\/\\\/secure.gravatar.com\\\/avatar\\\/bab33852abfd8b282518d6ed81826833d77c3c882d9ab608add591ccace47a44?s=96&d=mm&r=g\",\"contentUrl\":\"https:\\\/\\\/secure.gravatar.com\\\/avatar\\\/bab33852abfd8b282518d6ed81826833d77c3c882d9ab608add591ccace47a44?s=96&d=mm&r=g\",\"caption\":\"Kuzeyin Sesi\"},\"sameAs\":[\"https:\\\/\\\/kuzeyinsesi.org\"],\"url\":\"https:\\\/\\\/kuzeyinsesi.org\\\/index.php\\\/author\\\/guven\\\/\"}]}<\/script>\n<!-- \/ Yoast SEO plugin. -->","yoast_head_json":{"title":"CTP Girne \u0130l\u00e7esi, Alsancak, \u0130ncesu, Malatya ve Ilgaz\u2019dayd\u0131 - Kuzeyin Sesi","robots":{"index":"index","follow":"follow","max-snippet":"max-snippet:-1","max-image-preview":"max-image-preview:large","max-video-preview":"max-video-preview:-1"},"canonical":"https:\/\/kuzeyinsesi.org\/index.php\/2024\/05\/05\/ctp-girne-ilcesi-alsancak-incesu-malatya-ve-ilgazdaydi\/","og_locale":"tr_TR","og_type":"article","og_title":"CTP Girne \u0130l\u00e7esi, Alsancak, \u0130ncesu, Malatya ve Ilgaz\u2019dayd\u0131 - Kuzeyin Sesi","og_description":"Cumhuriyet\u00e7i T\u00fcrk Partisi (CTP) Girne \u0130l\u00e7esi ziyaretlerine devam ediyor. CTP Girne \u0130l\u00e7e Ba\u015fkan\u0131 Ongun Talat ve beraberindeki heyet d\u00fcn, Alsancak, \u0130ncesu-Malatya ve Ilgaz b\u00f6lgelerini ziyaret etti, yurtta\u015flar\u0131n sorunlar\u0131n\u0131 dinledi. CTP\u2019den yap\u0131lan a\u00e7\u0131klamaya g\u00f6re, halkla bulu\u015fmaya, iktidar yolunda \u00e7\u00f6z\u00fcm \u00f6nerilerini payla\u015fmaya devam edeceklerinin alt\u0131n\u0131 \u00e7izen CTP Girne \u0130l\u00e7e yetkilileri, ger\u00e7ekle\u015ftirdikleri ziyaretlere ara vermeden devam edeceklerinin alt\u0131n\u0131 [&hellip;]","og_url":"https:\/\/kuzeyinsesi.org\/index.php\/2024\/05\/05\/ctp-girne-ilcesi-alsancak-incesu-malatya-ve-ilgazdaydi\/","og_site_name":"Kuzeyin Sesi","article_publisher":"https:\/\/www.facebook.com\/kuzeyinsesii","article_published_time":"2024-05-05T10:21:07+00:00","og_image":[{"width":720,"height":960,"url":"https:\/\/kuzeyinsesi.org\/wp-content\/uploads\/2024\/05\/ctp-girne-ilce-ziyaretler-3-.jpg","type":"image\/jpeg"}],"author":"Kuzeyin Sesi","twitter_card":"summary_large_image","twitter_creator":"@kuzeyinsesii","twitter_site":"@kuzeyinsesii","twitter_misc":{"Yazan:":"Kuzeyin Sesi"},"schema":{"@context":"https:\/\/schema.org","@graph":[{"@type":"Article","@id":"https:\/\/kuzeyinsesi.org\/index.php\/2024\/05\/05\/ctp-girne-ilcesi-alsancak-incesu-malatya-ve-ilgazdaydi\/#article","isPartOf":{"@id":"https:\/\/kuzeyinsesi.org\/index.php\/2024\/05\/05\/ctp-girne-ilcesi-alsancak-incesu-malatya-ve-ilgazdaydi\/"},"author":{"name":"Kuzeyin Sesi","@id":"https:\/\/kuzeyinsesi.org\/#\/schema\/person\/9f859689cdf01485597712386e37f5aa"},"headline":"CTP Girne \u0130l\u00e7esi, Alsancak, \u0130ncesu, Malatya ve Ilgaz\u2019dayd\u0131","datePublished":"2024-05-05T10:21:07+00:00","mainEntityOfPage":{"@id":"https:\/\/kuzeyinsesi.org\/index.php\/2024\/05\/05\/ctp-girne-ilcesi-alsancak-incesu-malatya-ve-ilgazdaydi\/"},"wordCount":88,"commentCount":0,"image":{"@id":"https:\/\/kuzeyinsesi.org\/index.php\/2024\/05\/05\/ctp-girne-ilcesi-alsancak-incesu-malatya-ve-ilgazdaydi\/#primaryimage"},"thumbnailUrl":"https:\/\/kuzeyinsesi.org\/wp-content\/uploads\/2024\/05\/ctp-girne-ilce-ziyaretler-3-.jpg","articleSection":["K\u0131br\u0131s"],"inLanguage":"tr","potentialAction":[{"@type":"CommentAction","name":"Comment","target":["https:\/\/kuzeyinsesi.org\/index.php\/2024\/05\/05\/ctp-girne-ilcesi-alsancak-incesu-malatya-ve-ilgazdaydi\/#respond"]}]},{"@type":"WebPage","@id":"https:\/\/kuzeyinsesi.org\/index.php\/2024\/05\/05\/ctp-girne-ilcesi-alsancak-incesu-malatya-ve-ilgazdaydi\/","url":"https:\/\/kuzeyinsesi.org\/index.php\/2024\/05\/05\/ctp-girne-ilcesi-alsancak-incesu-malatya-ve-ilgazdaydi\/","name":"CTP Girne \u0130l\u00e7esi, Alsancak, \u0130ncesu, Malatya ve Ilgaz\u2019dayd\u0131 - Kuzeyin Sesi","isPartOf":{"@id":"https:\/\/kuzeyinsesi.org\/#website"},"primaryImageOfPage":{"@id":"https:\/\/kuzeyinsesi.org\/index.php\/2024\/05\/05\/ctp-girne-ilcesi-alsancak-incesu-malatya-ve-ilgazdaydi\/#primaryimage"},"image":{"@id":"https:\/\/kuzeyinsesi.org\/index.php\/2024\/05\/05\/ctp-girne-ilcesi-alsancak-incesu-malatya-ve-ilgazdaydi\/#primaryimage"},"thumbnailUrl":"https:\/\/kuzeyinsesi.org\/wp-content\/uploads\/2024\/05\/ctp-girne-ilce-ziyaretler-3-.jpg","datePublished":"2024-05-05T10:21:07+00:00","author":{"@id":"https:\/\/kuzeyinsesi.org\/#\/schema\/person\/9f859689cdf01485597712386e37f5aa"},"breadcrumb":{"@id":"https:\/\/kuzeyinsesi.org\/index.php\/2024\/05\/05\/ctp-girne-ilcesi-alsancak-incesu-malatya-ve-ilgazdaydi\/#breadcrumb"},"inLanguage":"tr","potentialAction":[{"@type":"ReadAction","target":["https:\/\/kuzeyinsesi.org\/index.php\/2024\/05\/05\/ctp-girne-ilcesi-alsancak-incesu-malatya-ve-ilgazdaydi\/"]}]},{"@type":"ImageObject","inLanguage":"tr","@id":"https:\/\/kuzeyinsesi.org\/index.php\/2024\/05\/05\/ctp-girne-ilcesi-alsancak-incesu-malatya-ve-ilgazdaydi\/#primaryimage","url":"https:\/\/kuzeyinsesi.org\/wp-content\/uploads\/2024\/05\/ctp-girne-ilce-ziyaretler-3-.jpg","contentUrl":"https:\/\/kuzeyinsesi.org\/wp-content\/uploads\/2024\/05\/ctp-girne-ilce-ziyaretler-3-.jpg","width":720,"height":960},{"@type":"BreadcrumbList","@id":"https:\/\/kuzeyinsesi.org\/index.php\/2024\/05\/05\/ctp-girne-ilcesi-alsancak-incesu-malatya-ve-ilgazdaydi\/#breadcrumb","itemListElement":[{"@type":"ListItem","position":1,"name":"Anasayfa","item":"https:\/\/kuzeyinsesi.org\/"},{"@type":"ListItem","position":2,"name":"CTP Girne \u0130l\u00e7esi, Alsancak, \u0130ncesu, Malatya ve Ilgaz\u2019dayd\u0131"}]},{"@type":"WebSite","@id":"https:\/\/kuzeyinsesi.org\/#website","url":"https:\/\/kuzeyinsesi.org\/","name":"Kuzeyin Sesi","description":"Do\u011fru Haberin Adresi","potentialAction":[{"@type":"SearchAction","target":{"@type":"EntryPoint","urlTemplate":"https:\/\/kuzeyinsesi.org\/?s={search_term_string}"},"query-input":{"@type":"PropertyValueSpecification","valueRequired":true,"valueName":"search_term_string"}}],"inLanguage":"tr"},{"@type":"Person","@id":"https:\/\/kuzeyinsesi.org\/#\/schema\/person\/9f859689cdf01485597712386e37f5aa","name":"Kuzeyin Sesi","image":{"@type":"ImageObject","inLanguage":"tr","@id":"https:\/\/secure.gravatar.com\/avatar\/bab33852abfd8b282518d6ed81826833d77c3c882d9ab608add591ccace47a44?s=96&d=mm&r=g","url":"https:\/\/secure.gravatar.com\/avatar\/bab33852abfd8b282518d6ed81826833d77c3c882d9ab608add591ccace47a44?s=96&d=mm&r=g","contentUrl":"https:\/\/secure.gravatar.com\/avatar\/bab33852abfd8b282518d6ed81826833d77c3c882d9ab608add591ccace47a44?s=96&d=mm&r=g","caption":"Kuzeyin Sesi"},"sameAs":["https:\/\/kuzeyinsesi.org"],"url":"https:\/\/kuzeyinsesi.org\/index.php\/author\/guven\/"}]}},"_links":{"self":[{"href":"https:\/\/kuzeyinsesi.org\/index.php\/wp-json\/wp\/v2\/posts\/1373","targetHints":{"allow":["GET"]}}],"collection":[{"href":"https:\/\/kuzeyinsesi.org\/index.php\/wp-json\/wp\/v2\/posts"}],"about":[{"href":"https:\/\/kuzeyinsesi.org\/index.php\/wp-json\/wp\/v2\/types\/post"}],"author":[{"embeddable":true,"href":"https:\/\/kuzeyinsesi.org\/index.php\/wp-json\/wp\/v2\/users\/1"}],"replies":[{"embeddable":true,"href":"https:\/\/kuzeyinsesi.org\/index.php\/wp-json\/wp\/v2\/comments?post=1373"}],"version-history":[{"count":0,"href":"https:\/\/kuzeyinsesi.org\/index.php\/wp-json\/wp\/v2\/posts\/1373\/revisions"}],"wp:featuredmedia":[{"embeddable":true,"href":"https:\/\/kuzeyinsesi.org\/index.php\/wp-json\/wp\/v2\/media\/1374"}],"wp:attachment":[{"href":"https:\/\/kuzeyinsesi.org\/index.php\/wp-json\/wp\/v2\/media?parent=1373"}],"wp:term":[{"taxonomy":"category","embeddable":true,"href":"https:\/\/kuzeyinsesi.org\/index.php\/wp-json\/wp\/v2\/categories?post=1373"},{"taxonomy":"post_tag","embeddable":true,"href":"https:\/\/kuzeyinsesi.org\/index.php\/wp-json\/wp\/v2\/tags?post=1373"}],"curies":[{"name":"wp","href":"https:\/\/api.w.org\/{rel}","templated":true}]}}