{"id":13716,"date":"2024-11-17T13:09:44","date_gmt":"2024-11-17T11:09:44","guid":{"rendered":"https:\/\/kuzeyinsesi.org\/index.php\/2024\/11\/17\/kurucu-cumhurbaskani-denktasin-hayatini-konu-alan-sergi-londrada-acildi\/"},"modified":"2024-11-17T13:09:44","modified_gmt":"2024-11-17T11:09:44","slug":"kurucu-cumhurbaskani-denktasin-hayatini-konu-alan-sergi-londrada-acildi","status":"publish","type":"post","link":"https:\/\/kuzeyinsesi.org\/index.php\/2024\/11\/17\/kurucu-cumhurbaskani-denktasin-hayatini-konu-alan-sergi-londrada-acildi\/","title":{"rendered":"Kurucu Cumhurba\u015fkan\u0131 Denkta\u015f\u2019\u0131n hayat\u0131n\u0131 konu alan sergi Londra\u2019da a\u00e7\u0131ld\u0131"},"content":{"rendered":"<div>\n<div class=\"mariselle-image-container none\">\n                                            <\/div>\n<div class=\"mariselle-image-container none\">\n                <img decoding=\"async\" width=\"2560\" height=\"1920\" class=\"lazy-image\" alt=\"\" sizes=\"(max-width: 2560px) 100vw, 2560px\" src=\"https:\/\/brtk.net\/wp-content\/uploads\/2024\/11\/17\/denktas-sergisi-2--scaled.jpg?ver=2c3255d707d10c08a698362e782c49b6\" srcset=\"https:\/\/brtk.net\/wp-content\/uploads\/2024\/11\/17\/denktas-sergisi-2--scaled.jpg?ver=2c3255d707d10c08a698362e782c49b6 2560w, https:\/\/brtk.net\/wp-content\/uploads\/2024\/11\/17\/denktas-sergisi-2--300x225.jpg?ver=b79804cc51e0e8ec4e2c7bcfa16e1fb8 300w, https:\/\/brtk.net\/wp-content\/uploads\/2024\/11\/17\/denktas-sergisi-2--1024x768.jpg?ver=84fcce9b23ed9205bd7a282e2ad08329 1024w, https:\/\/brtk.net\/wp-content\/uploads\/2024\/11\/17\/denktas-sergisi-2--768x576.jpg?ver=3f846ec17e22707a6c0d8eab72dcfe6d 768w, https:\/\/brtk.net\/wp-content\/uploads\/2024\/11\/17\/denktas-sergisi-2--1536x1152.jpg?ver=7e326fb7ea58851e7571e9585725b3ac 1536w, https:\/\/brtk.net\/wp-content\/uploads\/2024\/11\/17\/denktas-sergisi-2--2048x1536.jpg?ver=ac4e5fa259260faf2916e5cfb6d8aafa 2048w\"\/>                            <\/div>\n<p>Rauf Denkta\u015f\u2019\u0131n foto\u011fraflar\u0131 ile K\u0131br\u0131s tarihi ve \u015fahsi hayat\u0131na ili\u015fkin s\u00f6zlerinin yer ald\u0131\u011f\u0131 \u201cDenkta\u015f in London\u201d sergisi 30 Kas\u0131m\u2019a kadar gezilebilecek<\/p>\n<p>Londra, 17 KASIM 24 (TAK): Kurucu Cumhurba\u015fkan\u0131 Rauf Denkta\u015f\u2019\u0131n foto\u011fraflar\u0131 ile K\u0131br\u0131s tarihi ve \u015fahsi hayat\u0131na ili\u015fkin s\u00f6zlerinin yer ald\u0131\u011f\u0131 \u201cDenkta\u015f in London\u201d sergisi, \u0130ngiltere\u2019nin ba\u015fkenti Londra\u2019da izlenime sunuldu.<\/p>\n<p>Londra Yunus Emre Enstit\u00fcs\u00fc\u2019ndeki (YEE) serginin a\u00e7\u0131l\u0131\u015f\u0131na, T\u00fcrkiye\u2019nin Londra B\u00fcy\u00fckel\u00e7isi Osman Koray Erta\u015f, KKTC\u2018nin Londra Temsilcisi \u00c7imen Keskin, Londra YEE Direkt\u00f6r\u00fc Mehmet Karaku\u015f, sergiyi haz\u0131rlayan Mine Kar ve Cem Kar ile davetliler kat\u0131ld\u0131.<\/p>\n<p>B\u00fcy\u00fckel\u00e7i Erta\u015f, buradaki konu\u015fmas\u0131nda, \u201cBurada b\u00fcy\u00fck bir emek var ve bu emek, sadece bir hayat\u0131 de\u011fil bir davan\u0131n hikayesini anlat\u0131yor. Biz burada kendisini \u00fclkesine adam\u0131\u015f bir liderin hayat\u0131n\u0131 g\u00f6rm\u00fcyoruz, ayn\u0131 zamanda zarif bir beyefendinin hayat\u0131n\u0131, bir bar\u0131\u015f insan\u0131n\u0131n hayat\u0131n\u0131, insan\u0131 merkeze koyan, duygu y\u00f6n\u00fc g\u00fc\u00e7l\u00fc bir bireyin hayat\u0131n\u0131 g\u00f6r\u00fcyoruz.\u201d dedi.<\/p>\n<p>Denkta\u015f\u2019\u0131n \u00fclkesi i\u00e7in her t\u00fcrl\u00fc m\u00fccadeleyi veren kararl\u0131 bir isim oldu\u011funu dile getiren Erta\u015f, Denkta\u015f\u2019\u0131n 1983\u2019te Birle\u015fmi\u015f Milletler G\u00fcvenlik Konseyinde yapt\u0131\u011f\u0131 konu\u015fman\u0131n T\u00fcrk diplomatlar i\u00e7in de bir ders niteli\u011finde oldu\u011funu s\u00f6yledi.<\/p>\n<p>Erta\u015f, Denkta\u015f\u2019\u0131n sadece K\u0131br\u0131s T\u00fcrkleri i\u00e7in de\u011fil milyonlarca T\u00fcrk i\u00e7in de ilham kayna\u011f\u0131 oldu\u011funu belirtti.<\/p>\n<p>KKTC\u2018nin Londra Temsilcisi Keskin de Denkta\u015f\u2019\u0131n K\u0131br\u0131s T\u00fcrk tarihinde \u00f6nemli bir iz b\u0131rakt\u0131\u011f\u0131n\u0131 vurgulayarak, \u201cDenkta\u015f bir hukuk\u00e7u, bir politikac\u0131 ve bir diplomat olarak t\u00fcm hayat\u0131n\u0131 K\u0131br\u0131s T\u00fcrk halk\u0131n\u0131n hak, e\u015fitlik ve \u00f6zg\u00fcrl\u00fck davas\u0131na adad\u0131.\u201d diye konu\u015ftu.<\/p>\n<p>Denkta\u015f\u2019\u0131n herkesin sayg\u0131s\u0131n\u0131 kazanm\u0131\u015f bir \u015fahsiyet oldu\u011funu belirten Keskin, \u201cBu sergi, K\u0131br\u0131s T\u00fcrk halk\u0131n\u0131n \u00f6zg\u00fcrl\u00fck ve ba\u011f\u0131ms\u0131zl\u0131k m\u00fccadelesini de anlatm\u0131\u015f oluyor.\u201d dedi.<\/p>\n<p>Keskin, Denkta\u015f\u2019\u0131n o\u011flu ve eski KKTC D\u0131\u015fi\u015fleri Bakan\u0131 Serdar Denkta\u015f\u2019\u0131n g\u00f6nderdi\u011fi mesaj\u0131 okudu.<\/p>\n<p>Londra YEE Direkt\u00f6r\u00fc Karaku\u015f, serginin Denkta\u015f\u2019\u0131n sanat\u00e7\u0131 y\u00f6n\u00fcn\u00fc de anlatt\u0131\u011f\u0131na dikkati \u00e7ekerek, \u201cBu anlamda, T\u00fcrk k\u00fclt\u00fcr\u00fcn\u00fc, sanat\u0131n\u0131 ve tarihini tan\u0131tan bir kurum olarak b\u00f6yle bir sergiye ev sahipli\u011fi yap\u0131yoruz.\u201d ifadesini kulland\u0131.<\/p>\n<p>Sergiyi haz\u0131rlayan Cem ve Mine Kar da serginin Denkta\u015f\u2019\u0131n foto\u011fraf ar\u015fivindeki 50 bine yak\u0131n foto\u011fraf aras\u0131ndan se\u00e7ilen 250 foto\u011fraftan olu\u015ftu\u011funu s\u00f6yledi.<\/p>\n<p>\u0130kili, foto\u011fraflar\u0131n yan\u0131nda o anlara ili\u015fkin Denkta\u015f\u2019\u0131n s\u00f6zlerinin de yer ald\u0131\u011f\u0131n\u0131 belirtti, serginin internet ortam\u0131nda da gezilebilece\u011fini ifade etti.<\/p>\n<p>K\u0131br\u0131s tarihini de anlatan sergide, Denkta\u015f\u2019\u0131n kendi kameras\u0131yla \u00e7ekti\u011fi foto\u011fraflar da yer al\u0131yor.<\/p>\n<p>Londra YEE\u2019de 30 Kas\u0131m\u2019a kadar a\u00e7\u0131k kalacak sergi, hafta i\u00e7i 10.00 ile 16.00 saatleri aras\u0131nda ziyaret edilebilecek.<\/p>\n<\/p><\/div>\n<p><script async\n                    defer\n                    crossorigin=\"anonymous\"\n                    src=\"https:\/\/connect.facebook.net\/tr_TR\/sdk.js#xfbml=1&#038;version=v3.3\"\n            ><\/script><\/p>\n","protected":false},"excerpt":{"rendered":"<p>Rauf Denkta\u015f\u2019\u0131n foto\u011fraflar\u0131 ile K\u0131br\u0131s tarihi ve \u015fahsi hayat\u0131na ili\u015fkin s\u00f6zlerinin yer ald\u0131\u011f\u0131 \u201cDenkta\u015f in London\u201d sergisi 30 Kas\u0131m\u2019a kadar gezilebilecek Londra, 17 KASIM 24 (TAK): Kurucu Cumhurba\u015fkan\u0131 Rauf Denkta\u015f\u2019\u0131n foto\u011fraflar\u0131 ile K\u0131br\u0131s tarihi ve \u015fahsi hayat\u0131na ili\u015fkin s\u00f6zlerinin yer ald\u0131\u011f\u0131 \u201cDenkta\u015f in London\u201d sergisi, \u0130ngiltere\u2019nin ba\u015fkenti Londra\u2019da izlenime sunuldu. Londra Yunus Emre Enstit\u00fcs\u00fc\u2019ndeki (YEE) [&hellip;]<\/p>\n","protected":false},"author":1,"featured_media":13717,"comment_status":"open","ping_status":"open","sticky":false,"template":"","format":"standard","meta":{"jnews-multi-image_gallery":[],"jnews_single_post":[],"jnews_primary_category":[],"jnews_social_meta":[],"jnews_override_counter":[],"footnotes":""},"categories":[6],"tags":[],"class_list":["post-13716","post","type-post","status-publish","format-standard","has-post-thumbnail","hentry","category-yasam"],"yoast_head":"<!-- This site is optimized with the Yoast SEO plugin v27.4 - https:\/\/yoast.com\/product\/yoast-seo-wordpress\/ -->\n<title>Kurucu Cumhurba\u015fkan\u0131 Denkta\u015f\u2019\u0131n hayat\u0131n\u0131 konu alan sergi Londra\u2019da a\u00e7\u0131ld\u0131 - Kuzeyin Sesi<\/title>\n<meta name=\"robots\" content=\"index, follow, max-snippet:-1, max-image-preview:large, max-video-preview:-1\" \/>\n<link rel=\"canonical\" href=\"https:\/\/kuzeyinsesi.org\/index.php\/2024\/11\/17\/kurucu-cumhurbaskani-denktasin-hayatini-konu-alan-sergi-londrada-acildi\/\" \/>\n<meta property=\"og:locale\" content=\"tr_TR\" \/>\n<meta property=\"og:type\" content=\"article\" \/>\n<meta property=\"og:title\" content=\"Kurucu Cumhurba\u015fkan\u0131 Denkta\u015f\u2019\u0131n hayat\u0131n\u0131 konu alan sergi Londra\u2019da a\u00e7\u0131ld\u0131 - Kuzeyin Sesi\" \/>\n<meta property=\"og:description\" content=\"Rauf Denkta\u015f\u2019\u0131n foto\u011fraflar\u0131 ile K\u0131br\u0131s tarihi ve \u015fahsi hayat\u0131na ili\u015fkin s\u00f6zlerinin yer ald\u0131\u011f\u0131 \u201cDenkta\u015f in London\u201d sergisi 30 Kas\u0131m\u2019a kadar gezilebilecek Londra, 17 KASIM 24 (TAK): Kurucu Cumhurba\u015fkan\u0131 Rauf Denkta\u015f\u2019\u0131n foto\u011fraflar\u0131 ile K\u0131br\u0131s tarihi ve \u015fahsi hayat\u0131na ili\u015fkin s\u00f6zlerinin yer ald\u0131\u011f\u0131 \u201cDenkta\u015f in London\u201d sergisi, \u0130ngiltere\u2019nin ba\u015fkenti Londra\u2019da izlenime sunuldu. Londra Yunus Emre Enstit\u00fcs\u00fc\u2019ndeki (YEE) [&hellip;]\" \/>\n<meta property=\"og:url\" content=\"https:\/\/kuzeyinsesi.org\/index.php\/2024\/11\/17\/kurucu-cumhurbaskani-denktasin-hayatini-konu-alan-sergi-londrada-acildi\/\" \/>\n<meta property=\"og:site_name\" content=\"Kuzeyin Sesi\" \/>\n<meta property=\"article:publisher\" content=\"https:\/\/www.facebook.com\/kuzeyinsesii\" \/>\n<meta property=\"article:published_time\" content=\"2024-11-17T11:09:44+00:00\" \/>\n<meta property=\"og:image\" content=\"https:\/\/brtk.net\/wp-content\/uploads\/2024\/11\/17\/denktas-sergisi-2--scaled.jpg?ver=2c3255d707d10c08a698362e782c49b6\" \/>\n<meta name=\"author\" content=\"Kuzeyin Sesi\" \/>\n<meta name=\"twitter:card\" content=\"summary_large_image\" \/>\n<meta name=\"twitter:creator\" content=\"@kuzeyinsesii\" \/>\n<meta name=\"twitter:site\" content=\"@kuzeyinsesii\" \/>\n<meta name=\"twitter:label1\" content=\"Yazan:\" \/>\n\t<meta name=\"twitter:data1\" content=\"Kuzeyin Sesi\" \/>\n\t<meta name=\"twitter:label2\" content=\"Tahmini okuma s\u00fcresi\" \/>\n\t<meta name=\"twitter:data2\" content=\"3 dakika\" \/>\n<script type=\"application\/ld+json\" class=\"yoast-schema-graph\">{\"@context\":\"https:\\\/\\\/schema.org\",\"@graph\":[{\"@type\":\"Article\",\"@id\":\"https:\\\/\\\/kuzeyinsesi.org\\\/index.php\\\/2024\\\/11\\\/17\\\/kurucu-cumhurbaskani-denktasin-hayatini-konu-alan-sergi-londrada-acildi\\\/#article\",\"isPartOf\":{\"@id\":\"https:\\\/\\\/kuzeyinsesi.org\\\/index.php\\\/2024\\\/11\\\/17\\\/kurucu-cumhurbaskani-denktasin-hayatini-konu-alan-sergi-londrada-acildi\\\/\"},\"author\":{\"name\":\"Kuzeyin Sesi\",\"@id\":\"https:\\\/\\\/kuzeyinsesi.org\\\/#\\\/schema\\\/person\\\/9f859689cdf01485597712386e37f5aa\"},\"headline\":\"Kurucu Cumhurba\u015fkan\u0131 Denkta\u015f\u2019\u0131n hayat\u0131n\u0131 konu alan sergi Londra\u2019da a\u00e7\u0131ld\u0131\",\"datePublished\":\"2024-11-17T11:09:44+00:00\",\"mainEntityOfPage\":{\"@id\":\"https:\\\/\\\/kuzeyinsesi.org\\\/index.php\\\/2024\\\/11\\\/17\\\/kurucu-cumhurbaskani-denktasin-hayatini-konu-alan-sergi-londrada-acildi\\\/\"},\"wordCount\":526,\"commentCount\":0,\"image\":{\"@id\":\"https:\\\/\\\/kuzeyinsesi.org\\\/index.php\\\/2024\\\/11\\\/17\\\/kurucu-cumhurbaskani-denktasin-hayatini-konu-alan-sergi-londrada-acildi\\\/#primaryimage\"},\"thumbnailUrl\":\"https:\\\/\\\/kuzeyinsesi.org\\\/wp-content\\\/uploads\\\/2024\\\/11\\\/denktas-sergisi-2-scaled.jpg\",\"articleSection\":[\"Ya\u015fam\"],\"inLanguage\":\"tr\",\"potentialAction\":[{\"@type\":\"CommentAction\",\"name\":\"Comment\",\"target\":[\"https:\\\/\\\/kuzeyinsesi.org\\\/index.php\\\/2024\\\/11\\\/17\\\/kurucu-cumhurbaskani-denktasin-hayatini-konu-alan-sergi-londrada-acildi\\\/#respond\"]}]},{\"@type\":\"WebPage\",\"@id\":\"https:\\\/\\\/kuzeyinsesi.org\\\/index.php\\\/2024\\\/11\\\/17\\\/kurucu-cumhurbaskani-denktasin-hayatini-konu-alan-sergi-londrada-acildi\\\/\",\"url\":\"https:\\\/\\\/kuzeyinsesi.org\\\/index.php\\\/2024\\\/11\\\/17\\\/kurucu-cumhurbaskani-denktasin-hayatini-konu-alan-sergi-londrada-acildi\\\/\",\"name\":\"Kurucu Cumhurba\u015fkan\u0131 Denkta\u015f\u2019\u0131n hayat\u0131n\u0131 konu alan sergi Londra\u2019da a\u00e7\u0131ld\u0131 - Kuzeyin Sesi\",\"isPartOf\":{\"@id\":\"https:\\\/\\\/kuzeyinsesi.org\\\/#website\"},\"primaryImageOfPage\":{\"@id\":\"https:\\\/\\\/kuzeyinsesi.org\\\/index.php\\\/2024\\\/11\\\/17\\\/kurucu-cumhurbaskani-denktasin-hayatini-konu-alan-sergi-londrada-acildi\\\/#primaryimage\"},\"image\":{\"@id\":\"https:\\\/\\\/kuzeyinsesi.org\\\/index.php\\\/2024\\\/11\\\/17\\\/kurucu-cumhurbaskani-denktasin-hayatini-konu-alan-sergi-londrada-acildi\\\/#primaryimage\"},\"thumbnailUrl\":\"https:\\\/\\\/kuzeyinsesi.org\\\/wp-content\\\/uploads\\\/2024\\\/11\\\/denktas-sergisi-2-scaled.jpg\",\"datePublished\":\"2024-11-17T11:09:44+00:00\",\"author\":{\"@id\":\"https:\\\/\\\/kuzeyinsesi.org\\\/#\\\/schema\\\/person\\\/9f859689cdf01485597712386e37f5aa\"},\"breadcrumb\":{\"@id\":\"https:\\\/\\\/kuzeyinsesi.org\\\/index.php\\\/2024\\\/11\\\/17\\\/kurucu-cumhurbaskani-denktasin-hayatini-konu-alan-sergi-londrada-acildi\\\/#breadcrumb\"},\"inLanguage\":\"tr\",\"potentialAction\":[{\"@type\":\"ReadAction\",\"target\":[\"https:\\\/\\\/kuzeyinsesi.org\\\/index.php\\\/2024\\\/11\\\/17\\\/kurucu-cumhurbaskani-denktasin-hayatini-konu-alan-sergi-londrada-acildi\\\/\"]}]},{\"@type\":\"ImageObject\",\"inLanguage\":\"tr\",\"@id\":\"https:\\\/\\\/kuzeyinsesi.org\\\/index.php\\\/2024\\\/11\\\/17\\\/kurucu-cumhurbaskani-denktasin-hayatini-konu-alan-sergi-londrada-acildi\\\/#primaryimage\",\"url\":\"https:\\\/\\\/kuzeyinsesi.org\\\/wp-content\\\/uploads\\\/2024\\\/11\\\/denktas-sergisi-2-scaled.jpg\",\"contentUrl\":\"https:\\\/\\\/kuzeyinsesi.org\\\/wp-content\\\/uploads\\\/2024\\\/11\\\/denktas-sergisi-2-scaled.jpg\",\"width\":2560,\"height\":1920},{\"@type\":\"BreadcrumbList\",\"@id\":\"https:\\\/\\\/kuzeyinsesi.org\\\/index.php\\\/2024\\\/11\\\/17\\\/kurucu-cumhurbaskani-denktasin-hayatini-konu-alan-sergi-londrada-acildi\\\/#breadcrumb\",\"itemListElement\":[{\"@type\":\"ListItem\",\"position\":1,\"name\":\"Anasayfa\",\"item\":\"https:\\\/\\\/kuzeyinsesi.org\\\/\"},{\"@type\":\"ListItem\",\"position\":2,\"name\":\"Kurucu Cumhurba\u015fkan\u0131 Denkta\u015f\u2019\u0131n hayat\u0131n\u0131 konu alan sergi Londra\u2019da a\u00e7\u0131ld\u0131\"}]},{\"@type\":\"WebSite\",\"@id\":\"https:\\\/\\\/kuzeyinsesi.org\\\/#website\",\"url\":\"https:\\\/\\\/kuzeyinsesi.org\\\/\",\"name\":\"Kuzeyin Sesi\",\"description\":\"Do\u011fru Haberin Adresi\",\"potentialAction\":[{\"@type\":\"SearchAction\",\"target\":{\"@type\":\"EntryPoint\",\"urlTemplate\":\"https:\\\/\\\/kuzeyinsesi.org\\\/?s={search_term_string}\"},\"query-input\":{\"@type\":\"PropertyValueSpecification\",\"valueRequired\":true,\"valueName\":\"search_term_string\"}}],\"inLanguage\":\"tr\"},{\"@type\":\"Person\",\"@id\":\"https:\\\/\\\/kuzeyinsesi.org\\\/#\\\/schema\\\/person\\\/9f859689cdf01485597712386e37f5aa\",\"name\":\"Kuzeyin Sesi\",\"image\":{\"@type\":\"ImageObject\",\"inLanguage\":\"tr\",\"@id\":\"https:\\\/\\\/secure.gravatar.com\\\/avatar\\\/bab33852abfd8b282518d6ed81826833d77c3c882d9ab608add591ccace47a44?s=96&d=mm&r=g\",\"url\":\"https:\\\/\\\/secure.gravatar.com\\\/avatar\\\/bab33852abfd8b282518d6ed81826833d77c3c882d9ab608add591ccace47a44?s=96&d=mm&r=g\",\"contentUrl\":\"https:\\\/\\\/secure.gravatar.com\\\/avatar\\\/bab33852abfd8b282518d6ed81826833d77c3c882d9ab608add591ccace47a44?s=96&d=mm&r=g\",\"caption\":\"Kuzeyin Sesi\"},\"sameAs\":[\"https:\\\/\\\/kuzeyinsesi.org\"],\"url\":\"https:\\\/\\\/kuzeyinsesi.org\\\/index.php\\\/author\\\/guven\\\/\"}]}<\/script>\n<!-- \/ Yoast SEO plugin. -->","yoast_head_json":{"title":"Kurucu Cumhurba\u015fkan\u0131 Denkta\u015f\u2019\u0131n hayat\u0131n\u0131 konu alan sergi Londra\u2019da a\u00e7\u0131ld\u0131 - Kuzeyin Sesi","robots":{"index":"index","follow":"follow","max-snippet":"max-snippet:-1","max-image-preview":"max-image-preview:large","max-video-preview":"max-video-preview:-1"},"canonical":"https:\/\/kuzeyinsesi.org\/index.php\/2024\/11\/17\/kurucu-cumhurbaskani-denktasin-hayatini-konu-alan-sergi-londrada-acildi\/","og_locale":"tr_TR","og_type":"article","og_title":"Kurucu Cumhurba\u015fkan\u0131 Denkta\u015f\u2019\u0131n hayat\u0131n\u0131 konu alan sergi Londra\u2019da a\u00e7\u0131ld\u0131 - Kuzeyin Sesi","og_description":"Rauf Denkta\u015f\u2019\u0131n foto\u011fraflar\u0131 ile K\u0131br\u0131s tarihi ve \u015fahsi hayat\u0131na ili\u015fkin s\u00f6zlerinin yer ald\u0131\u011f\u0131 \u201cDenkta\u015f in London\u201d sergisi 30 Kas\u0131m\u2019a kadar gezilebilecek Londra, 17 KASIM 24 (TAK): Kurucu Cumhurba\u015fkan\u0131 Rauf Denkta\u015f\u2019\u0131n foto\u011fraflar\u0131 ile K\u0131br\u0131s tarihi ve \u015fahsi hayat\u0131na ili\u015fkin s\u00f6zlerinin yer ald\u0131\u011f\u0131 \u201cDenkta\u015f in London\u201d sergisi, \u0130ngiltere\u2019nin ba\u015fkenti Londra\u2019da izlenime sunuldu. Londra Yunus Emre Enstit\u00fcs\u00fc\u2019ndeki (YEE) [&hellip;]","og_url":"https:\/\/kuzeyinsesi.org\/index.php\/2024\/11\/17\/kurucu-cumhurbaskani-denktasin-hayatini-konu-alan-sergi-londrada-acildi\/","og_site_name":"Kuzeyin Sesi","article_publisher":"https:\/\/www.facebook.com\/kuzeyinsesii","article_published_time":"2024-11-17T11:09:44+00:00","og_image":[{"url":"https:\/\/brtk.net\/wp-content\/uploads\/2024\/11\/17\/denktas-sergisi-2--scaled.jpg?ver=2c3255d707d10c08a698362e782c49b6","type":"","width":"","height":""}],"author":"Kuzeyin Sesi","twitter_card":"summary_large_image","twitter_creator":"@kuzeyinsesii","twitter_site":"@kuzeyinsesii","twitter_misc":{"Yazan:":"Kuzeyin Sesi","Tahmini okuma s\u00fcresi":"3 dakika"},"schema":{"@context":"https:\/\/schema.org","@graph":[{"@type":"Article","@id":"https:\/\/kuzeyinsesi.org\/index.php\/2024\/11\/17\/kurucu-cumhurbaskani-denktasin-hayatini-konu-alan-sergi-londrada-acildi\/#article","isPartOf":{"@id":"https:\/\/kuzeyinsesi.org\/index.php\/2024\/11\/17\/kurucu-cumhurbaskani-denktasin-hayatini-konu-alan-sergi-londrada-acildi\/"},"author":{"name":"Kuzeyin Sesi","@id":"https:\/\/kuzeyinsesi.org\/#\/schema\/person\/9f859689cdf01485597712386e37f5aa"},"headline":"Kurucu Cumhurba\u015fkan\u0131 Denkta\u015f\u2019\u0131n hayat\u0131n\u0131 konu alan sergi Londra\u2019da a\u00e7\u0131ld\u0131","datePublished":"2024-11-17T11:09:44+00:00","mainEntityOfPage":{"@id":"https:\/\/kuzeyinsesi.org\/index.php\/2024\/11\/17\/kurucu-cumhurbaskani-denktasin-hayatini-konu-alan-sergi-londrada-acildi\/"},"wordCount":526,"commentCount":0,"image":{"@id":"https:\/\/kuzeyinsesi.org\/index.php\/2024\/11\/17\/kurucu-cumhurbaskani-denktasin-hayatini-konu-alan-sergi-londrada-acildi\/#primaryimage"},"thumbnailUrl":"https:\/\/kuzeyinsesi.org\/wp-content\/uploads\/2024\/11\/denktas-sergisi-2-scaled.jpg","articleSection":["Ya\u015fam"],"inLanguage":"tr","potentialAction":[{"@type":"CommentAction","name":"Comment","target":["https:\/\/kuzeyinsesi.org\/index.php\/2024\/11\/17\/kurucu-cumhurbaskani-denktasin-hayatini-konu-alan-sergi-londrada-acildi\/#respond"]}]},{"@type":"WebPage","@id":"https:\/\/kuzeyinsesi.org\/index.php\/2024\/11\/17\/kurucu-cumhurbaskani-denktasin-hayatini-konu-alan-sergi-londrada-acildi\/","url":"https:\/\/kuzeyinsesi.org\/index.php\/2024\/11\/17\/kurucu-cumhurbaskani-denktasin-hayatini-konu-alan-sergi-londrada-acildi\/","name":"Kurucu Cumhurba\u015fkan\u0131 Denkta\u015f\u2019\u0131n hayat\u0131n\u0131 konu alan sergi Londra\u2019da a\u00e7\u0131ld\u0131 - Kuzeyin Sesi","isPartOf":{"@id":"https:\/\/kuzeyinsesi.org\/#website"},"primaryImageOfPage":{"@id":"https:\/\/kuzeyinsesi.org\/index.php\/2024\/11\/17\/kurucu-cumhurbaskani-denktasin-hayatini-konu-alan-sergi-londrada-acildi\/#primaryimage"},"image":{"@id":"https:\/\/kuzeyinsesi.org\/index.php\/2024\/11\/17\/kurucu-cumhurbaskani-denktasin-hayatini-konu-alan-sergi-londrada-acildi\/#primaryimage"},"thumbnailUrl":"https:\/\/kuzeyinsesi.org\/wp-content\/uploads\/2024\/11\/denktas-sergisi-2-scaled.jpg","datePublished":"2024-11-17T11:09:44+00:00","author":{"@id":"https:\/\/kuzeyinsesi.org\/#\/schema\/person\/9f859689cdf01485597712386e37f5aa"},"breadcrumb":{"@id":"https:\/\/kuzeyinsesi.org\/index.php\/2024\/11\/17\/kurucu-cumhurbaskani-denktasin-hayatini-konu-alan-sergi-londrada-acildi\/#breadcrumb"},"inLanguage":"tr","potentialAction":[{"@type":"ReadAction","target":["https:\/\/kuzeyinsesi.org\/index.php\/2024\/11\/17\/kurucu-cumhurbaskani-denktasin-hayatini-konu-alan-sergi-londrada-acildi\/"]}]},{"@type":"ImageObject","inLanguage":"tr","@id":"https:\/\/kuzeyinsesi.org\/index.php\/2024\/11\/17\/kurucu-cumhurbaskani-denktasin-hayatini-konu-alan-sergi-londrada-acildi\/#primaryimage","url":"https:\/\/kuzeyinsesi.org\/wp-content\/uploads\/2024\/11\/denktas-sergisi-2-scaled.jpg","contentUrl":"https:\/\/kuzeyinsesi.org\/wp-content\/uploads\/2024\/11\/denktas-sergisi-2-scaled.jpg","width":2560,"height":1920},{"@type":"BreadcrumbList","@id":"https:\/\/kuzeyinsesi.org\/index.php\/2024\/11\/17\/kurucu-cumhurbaskani-denktasin-hayatini-konu-alan-sergi-londrada-acildi\/#breadcrumb","itemListElement":[{"@type":"ListItem","position":1,"name":"Anasayfa","item":"https:\/\/kuzeyinsesi.org\/"},{"@type":"ListItem","position":2,"name":"Kurucu Cumhurba\u015fkan\u0131 Denkta\u015f\u2019\u0131n hayat\u0131n\u0131 konu alan sergi Londra\u2019da a\u00e7\u0131ld\u0131"}]},{"@type":"WebSite","@id":"https:\/\/kuzeyinsesi.org\/#website","url":"https:\/\/kuzeyinsesi.org\/","name":"Kuzeyin Sesi","description":"Do\u011fru Haberin Adresi","potentialAction":[{"@type":"SearchAction","target":{"@type":"EntryPoint","urlTemplate":"https:\/\/kuzeyinsesi.org\/?s={search_term_string}"},"query-input":{"@type":"PropertyValueSpecification","valueRequired":true,"valueName":"search_term_string"}}],"inLanguage":"tr"},{"@type":"Person","@id":"https:\/\/kuzeyinsesi.org\/#\/schema\/person\/9f859689cdf01485597712386e37f5aa","name":"Kuzeyin Sesi","image":{"@type":"ImageObject","inLanguage":"tr","@id":"https:\/\/secure.gravatar.com\/avatar\/bab33852abfd8b282518d6ed81826833d77c3c882d9ab608add591ccace47a44?s=96&d=mm&r=g","url":"https:\/\/secure.gravatar.com\/avatar\/bab33852abfd8b282518d6ed81826833d77c3c882d9ab608add591ccace47a44?s=96&d=mm&r=g","contentUrl":"https:\/\/secure.gravatar.com\/avatar\/bab33852abfd8b282518d6ed81826833d77c3c882d9ab608add591ccace47a44?s=96&d=mm&r=g","caption":"Kuzeyin Sesi"},"sameAs":["https:\/\/kuzeyinsesi.org"],"url":"https:\/\/kuzeyinsesi.org\/index.php\/author\/guven\/"}]}},"_links":{"self":[{"href":"https:\/\/kuzeyinsesi.org\/index.php\/wp-json\/wp\/v2\/posts\/13716","targetHints":{"allow":["GET"]}}],"collection":[{"href":"https:\/\/kuzeyinsesi.org\/index.php\/wp-json\/wp\/v2\/posts"}],"about":[{"href":"https:\/\/kuzeyinsesi.org\/index.php\/wp-json\/wp\/v2\/types\/post"}],"author":[{"embeddable":true,"href":"https:\/\/kuzeyinsesi.org\/index.php\/wp-json\/wp\/v2\/users\/1"}],"replies":[{"embeddable":true,"href":"https:\/\/kuzeyinsesi.org\/index.php\/wp-json\/wp\/v2\/comments?post=13716"}],"version-history":[{"count":0,"href":"https:\/\/kuzeyinsesi.org\/index.php\/wp-json\/wp\/v2\/posts\/13716\/revisions"}],"wp:featuredmedia":[{"embeddable":true,"href":"https:\/\/kuzeyinsesi.org\/index.php\/wp-json\/wp\/v2\/media\/13717"}],"wp:attachment":[{"href":"https:\/\/kuzeyinsesi.org\/index.php\/wp-json\/wp\/v2\/media?parent=13716"}],"wp:term":[{"taxonomy":"category","embeddable":true,"href":"https:\/\/kuzeyinsesi.org\/index.php\/wp-json\/wp\/v2\/categories?post=13716"},{"taxonomy":"post_tag","embeddable":true,"href":"https:\/\/kuzeyinsesi.org\/index.php\/wp-json\/wp\/v2\/tags?post=13716"}],"curies":[{"name":"wp","href":"https:\/\/api.w.org\/{rel}","templated":true}]}}