{"id":13702,"date":"2024-11-16T15:23:24","date_gmt":"2024-11-16T13:23:24","guid":{"rendered":"https:\/\/kuzeyinsesi.org\/index.php\/2024\/11\/16\/turkiyeden-abnin-mekansal-deniz-planlama-calismalarina-tepki\/"},"modified":"2024-11-16T15:23:24","modified_gmt":"2024-11-16T13:23:24","slug":"turkiyeden-abnin-mekansal-deniz-planlama-calismalarina-tepki","status":"publish","type":"post","link":"https:\/\/kuzeyinsesi.org\/index.php\/2024\/11\/16\/turkiyeden-abnin-mekansal-deniz-planlama-calismalarina-tepki\/","title":{"rendered":"T\u00fcrkiye\u2019den AB\u2019nin Mek\u00e2nsal Deniz Planlama \u00e7al\u0131\u015fmalar\u0131na tepki\u2026"},"content":{"rendered":"<div>\n<div class=\"mariselle-image-container center\">\n                                            <\/div>\n<p>TC D\u0131\u015fi\u015fleri Bakanl\u0131\u011f\u0131, Avrupa Birli\u011fi\u2019nin (AB) Mek\u00e2nsal Deniz Planlama \u00e7al\u0131\u015fmalar\u0131n\u0131n T\u00fcrkiye\u2019nin haklar\u0131n\u0131 ihlal etmesine m\u00fcsaade etmeyeceklerini vurgulad\u0131.<\/p>\n<p>Bakanl\u0131k, Avrupa Birli\u011fi\u2019nin (AB) Mek\u00e2nsal Deniz Planlama \u00e7al\u0131\u015fmalar\u0131 hakk\u0131nda yaz\u0131l\u0131 a\u00e7\u0131klama yay\u0131mlad\u0131.<\/p>\n<p>A\u00e7\u0131klamada, T\u00fcrkiye\u2019nin, AB\u2019nin s\u00f6z konusu \u00e7al\u0131\u015fmalar\u0131n\u0131 yak\u0131ndan takip etti\u011fi, Ege ve Akdeniz\u2019deki haklar\u0131n\u0131n korunmas\u0131 i\u00e7in gerekli uyar\u0131lar\u0131 ilgili taraflara yapt\u0131\u011f\u0131 ve t\u00fcm tedbirleri ald\u0131\u011f\u0131 vurguland\u0131.<\/p>\n<p>A\u00e7\u0131klamada, \u201cBu \u00e7al\u0131\u015fmada Ege ve Akdeniz i\u00e7in kullan\u0131ld\u0131\u011f\u0131 g\u00f6r\u00fclen haritalar T\u00fcrkiye bak\u0131m\u0131ndan yok h\u00fckm\u00fcnde olup, bunlar\u0131n fiilen ve hukuken bir sonu\u00e7 do\u011furmas\u0131 s\u00f6z konusu de\u011fildir. \u00c7al\u0131\u015fman\u0131n, \u00fclkemizin haklar\u0131n\u0131 ihlal etmesine m\u00fcsaade etmeyece\u011fimizi bir kez daha vurguluyoruz.\u201d ifadeleri kullan\u0131ld\u0131.<\/p>\n<p>Egemen \u00fclkeler aras\u0131ndaki deniz yetki alanlar\u0131 uyu\u015fmazl\u0131klar\u0131 konusunda AB\u2019nin g\u00f6r\u00fc\u015f beyan etme yetkisinin bulunmad\u0131\u011f\u0131 hat\u0131rlat\u0131lan a\u00e7\u0131klamada, \u201cAB\u2019nin bu t\u00fcr giri\u015fimlere taraf ve alet olmas\u0131, sorunlar\u0131n \u00e7\u00f6z\u00fcm\u00fcn\u00fc zorla\u015ft\u0131rmaktad\u0131r.\u201d ifadelerine yer verildi.<\/p>\n<p>Deniz yetki alanlar\u0131na dair tek tarafl\u0131 tasarruflar\u0131n kabul edilmesinin m\u00fcmk\u00fcn olmad\u0131\u011f\u0131 belirtilen a\u00e7\u0131klamada, \u201cBu t\u00fcr te\u015febb\u00fcsler, birbiriyle ba\u011flant\u0131l\u0131 Ege sorunlar\u0131n\u0131n kapsaml\u0131, adil ve s\u00fcrd\u00fcr\u00fclebilir bir \u00e7\u00f6z\u00fcme kavu\u015fturulmas\u0131 y\u00f6n\u00fcndeki \u00e7abalara zarar verecektir.\u201d denildi.<\/p>\n<p>A\u00e7\u0131klamada, sorunlar\u0131n uluslararas\u0131 hukuk, dostluk ve iyi kom\u015fuluk temelinde \u00e7\u00f6z\u00fcm\u00fc i\u00e7in samimi ve kapsaml\u0131 bir yakla\u015f\u0131m benimsenmesi gerekti\u011fine dikkati \u00e7ekildi.<\/p>\n<\/p><\/div>\n<p><script async\n                    defer\n                    crossorigin=\"anonymous\"\n                    src=\"https:\/\/connect.facebook.net\/tr_TR\/sdk.js#xfbml=1&#038;version=v3.3\"\n            ><\/script><\/p>\n","protected":false},"excerpt":{"rendered":"<p>TC D\u0131\u015fi\u015fleri Bakanl\u0131\u011f\u0131, Avrupa Birli\u011fi\u2019nin (AB) Mek\u00e2nsal Deniz Planlama \u00e7al\u0131\u015fmalar\u0131n\u0131n T\u00fcrkiye\u2019nin haklar\u0131n\u0131 ihlal etmesine m\u00fcsaade etmeyeceklerini vurgulad\u0131. Bakanl\u0131k, Avrupa Birli\u011fi\u2019nin (AB) Mek\u00e2nsal Deniz Planlama \u00e7al\u0131\u015fmalar\u0131 hakk\u0131nda yaz\u0131l\u0131 a\u00e7\u0131klama yay\u0131mlad\u0131. A\u00e7\u0131klamada, T\u00fcrkiye\u2019nin, AB\u2019nin s\u00f6z konusu \u00e7al\u0131\u015fmalar\u0131n\u0131 yak\u0131ndan takip etti\u011fi, Ege ve Akdeniz\u2019deki haklar\u0131n\u0131n korunmas\u0131 i\u00e7in gerekli uyar\u0131lar\u0131 ilgili taraflara yapt\u0131\u011f\u0131 ve t\u00fcm tedbirleri ald\u0131\u011f\u0131 vurguland\u0131. A\u00e7\u0131klamada, [&hellip;]<\/p>\n","protected":false},"author":1,"featured_media":13703,"comment_status":"open","ping_status":"open","sticky":false,"template":"","format":"standard","meta":{"jnews-multi-image_gallery":[],"jnews_single_post":[],"jnews_primary_category":[],"jnews_social_meta":[],"jnews_override_counter":[],"footnotes":""},"categories":[5],"tags":[],"class_list":["post-13702","post","type-post","status-publish","format-standard","has-post-thumbnail","hentry","category-turkiye"],"yoast_head":"<!-- This site is optimized with the Yoast SEO plugin v27.4 - https:\/\/yoast.com\/product\/yoast-seo-wordpress\/ -->\n<title>T\u00fcrkiye\u2019den AB\u2019nin Mek\u00e2nsal Deniz Planlama \u00e7al\u0131\u015fmalar\u0131na tepki\u2026 - Kuzeyin Sesi<\/title>\n<meta name=\"robots\" content=\"index, follow, max-snippet:-1, max-image-preview:large, max-video-preview:-1\" \/>\n<link rel=\"canonical\" href=\"https:\/\/kuzeyinsesi.org\/index.php\/2024\/11\/16\/turkiyeden-abnin-mekansal-deniz-planlama-calismalarina-tepki\/\" \/>\n<meta property=\"og:locale\" content=\"tr_TR\" \/>\n<meta property=\"og:type\" content=\"article\" \/>\n<meta property=\"og:title\" content=\"T\u00fcrkiye\u2019den AB\u2019nin Mek\u00e2nsal Deniz Planlama \u00e7al\u0131\u015fmalar\u0131na tepki\u2026 - Kuzeyin Sesi\" \/>\n<meta property=\"og:description\" content=\"TC D\u0131\u015fi\u015fleri Bakanl\u0131\u011f\u0131, Avrupa Birli\u011fi\u2019nin (AB) Mek\u00e2nsal Deniz Planlama \u00e7al\u0131\u015fmalar\u0131n\u0131n T\u00fcrkiye\u2019nin haklar\u0131n\u0131 ihlal etmesine m\u00fcsaade etmeyeceklerini vurgulad\u0131. Bakanl\u0131k, Avrupa Birli\u011fi\u2019nin (AB) Mek\u00e2nsal Deniz Planlama \u00e7al\u0131\u015fmalar\u0131 hakk\u0131nda yaz\u0131l\u0131 a\u00e7\u0131klama yay\u0131mlad\u0131. A\u00e7\u0131klamada, T\u00fcrkiye\u2019nin, AB\u2019nin s\u00f6z konusu \u00e7al\u0131\u015fmalar\u0131n\u0131 yak\u0131ndan takip etti\u011fi, Ege ve Akdeniz\u2019deki haklar\u0131n\u0131n korunmas\u0131 i\u00e7in gerekli uyar\u0131lar\u0131 ilgili taraflara yapt\u0131\u011f\u0131 ve t\u00fcm tedbirleri ald\u0131\u011f\u0131 vurguland\u0131. A\u00e7\u0131klamada, [&hellip;]\" \/>\n<meta property=\"og:url\" content=\"https:\/\/kuzeyinsesi.org\/index.php\/2024\/11\/16\/turkiyeden-abnin-mekansal-deniz-planlama-calismalarina-tepki\/\" \/>\n<meta property=\"og:site_name\" content=\"Kuzeyin Sesi\" \/>\n<meta property=\"article:publisher\" content=\"https:\/\/www.facebook.com\/kuzeyinsesii\" \/>\n<meta property=\"article:published_time\" content=\"2024-11-16T13:23:24+00:00\" \/>\n<meta property=\"og:image\" content=\"https:\/\/brtk.net\/wp-content\/uploads\/2024\/11\/16\/tc-dis1.jpg?ver=4bfdd955853480389505d459099128f8\" \/>\n<meta name=\"author\" content=\"Kuzeyin Sesi\" \/>\n<meta name=\"twitter:card\" content=\"summary_large_image\" \/>\n<meta name=\"twitter:creator\" content=\"@kuzeyinsesii\" \/>\n<meta name=\"twitter:site\" content=\"@kuzeyinsesii\" \/>\n<meta name=\"twitter:label1\" content=\"Yazan:\" \/>\n\t<meta name=\"twitter:data1\" content=\"Kuzeyin Sesi\" \/>\n\t<meta name=\"twitter:label2\" content=\"Tahmini okuma s\u00fcresi\" \/>\n\t<meta name=\"twitter:data2\" content=\"1 dakika\" \/>\n<script type=\"application\/ld+json\" class=\"yoast-schema-graph\">{\"@context\":\"https:\\\/\\\/schema.org\",\"@graph\":[{\"@type\":\"Article\",\"@id\":\"https:\\\/\\\/kuzeyinsesi.org\\\/index.php\\\/2024\\\/11\\\/16\\\/turkiyeden-abnin-mekansal-deniz-planlama-calismalarina-tepki\\\/#article\",\"isPartOf\":{\"@id\":\"https:\\\/\\\/kuzeyinsesi.org\\\/index.php\\\/2024\\\/11\\\/16\\\/turkiyeden-abnin-mekansal-deniz-planlama-calismalarina-tepki\\\/\"},\"author\":{\"name\":\"Kuzeyin Sesi\",\"@id\":\"https:\\\/\\\/kuzeyinsesi.org\\\/#\\\/schema\\\/person\\\/9f859689cdf01485597712386e37f5aa\"},\"headline\":\"T\u00fcrkiye\u2019den AB\u2019nin Mek\u00e2nsal Deniz Planlama \u00e7al\u0131\u015fmalar\u0131na tepki\u2026\",\"datePublished\":\"2024-11-16T13:23:24+00:00\",\"mainEntityOfPage\":{\"@id\":\"https:\\\/\\\/kuzeyinsesi.org\\\/index.php\\\/2024\\\/11\\\/16\\\/turkiyeden-abnin-mekansal-deniz-planlama-calismalarina-tepki\\\/\"},\"wordCount\":287,\"commentCount\":0,\"image\":{\"@id\":\"https:\\\/\\\/kuzeyinsesi.org\\\/index.php\\\/2024\\\/11\\\/16\\\/turkiyeden-abnin-mekansal-deniz-planlama-calismalarina-tepki\\\/#primaryimage\"},\"thumbnailUrl\":\"https:\\\/\\\/kuzeyinsesi.org\\\/wp-content\\\/uploads\\\/2024\\\/11\\\/tc-dis1.jpg\",\"articleSection\":[\"T\u00fcrkiye\"],\"inLanguage\":\"tr\",\"potentialAction\":[{\"@type\":\"CommentAction\",\"name\":\"Comment\",\"target\":[\"https:\\\/\\\/kuzeyinsesi.org\\\/index.php\\\/2024\\\/11\\\/16\\\/turkiyeden-abnin-mekansal-deniz-planlama-calismalarina-tepki\\\/#respond\"]}]},{\"@type\":\"WebPage\",\"@id\":\"https:\\\/\\\/kuzeyinsesi.org\\\/index.php\\\/2024\\\/11\\\/16\\\/turkiyeden-abnin-mekansal-deniz-planlama-calismalarina-tepki\\\/\",\"url\":\"https:\\\/\\\/kuzeyinsesi.org\\\/index.php\\\/2024\\\/11\\\/16\\\/turkiyeden-abnin-mekansal-deniz-planlama-calismalarina-tepki\\\/\",\"name\":\"T\u00fcrkiye\u2019den AB\u2019nin Mek\u00e2nsal Deniz Planlama \u00e7al\u0131\u015fmalar\u0131na tepki\u2026 - Kuzeyin Sesi\",\"isPartOf\":{\"@id\":\"https:\\\/\\\/kuzeyinsesi.org\\\/#website\"},\"primaryImageOfPage\":{\"@id\":\"https:\\\/\\\/kuzeyinsesi.org\\\/index.php\\\/2024\\\/11\\\/16\\\/turkiyeden-abnin-mekansal-deniz-planlama-calismalarina-tepki\\\/#primaryimage\"},\"image\":{\"@id\":\"https:\\\/\\\/kuzeyinsesi.org\\\/index.php\\\/2024\\\/11\\\/16\\\/turkiyeden-abnin-mekansal-deniz-planlama-calismalarina-tepki\\\/#primaryimage\"},\"thumbnailUrl\":\"https:\\\/\\\/kuzeyinsesi.org\\\/wp-content\\\/uploads\\\/2024\\\/11\\\/tc-dis1.jpg\",\"datePublished\":\"2024-11-16T13:23:24+00:00\",\"author\":{\"@id\":\"https:\\\/\\\/kuzeyinsesi.org\\\/#\\\/schema\\\/person\\\/9f859689cdf01485597712386e37f5aa\"},\"breadcrumb\":{\"@id\":\"https:\\\/\\\/kuzeyinsesi.org\\\/index.php\\\/2024\\\/11\\\/16\\\/turkiyeden-abnin-mekansal-deniz-planlama-calismalarina-tepki\\\/#breadcrumb\"},\"inLanguage\":\"tr\",\"potentialAction\":[{\"@type\":\"ReadAction\",\"target\":[\"https:\\\/\\\/kuzeyinsesi.org\\\/index.php\\\/2024\\\/11\\\/16\\\/turkiyeden-abnin-mekansal-deniz-planlama-calismalarina-tepki\\\/\"]}]},{\"@type\":\"ImageObject\",\"inLanguage\":\"tr\",\"@id\":\"https:\\\/\\\/kuzeyinsesi.org\\\/index.php\\\/2024\\\/11\\\/16\\\/turkiyeden-abnin-mekansal-deniz-planlama-calismalarina-tepki\\\/#primaryimage\",\"url\":\"https:\\\/\\\/kuzeyinsesi.org\\\/wp-content\\\/uploads\\\/2024\\\/11\\\/tc-dis1.jpg\",\"contentUrl\":\"https:\\\/\\\/kuzeyinsesi.org\\\/wp-content\\\/uploads\\\/2024\\\/11\\\/tc-dis1.jpg\",\"width\":600,\"height\":300},{\"@type\":\"BreadcrumbList\",\"@id\":\"https:\\\/\\\/kuzeyinsesi.org\\\/index.php\\\/2024\\\/11\\\/16\\\/turkiyeden-abnin-mekansal-deniz-planlama-calismalarina-tepki\\\/#breadcrumb\",\"itemListElement\":[{\"@type\":\"ListItem\",\"position\":1,\"name\":\"Anasayfa\",\"item\":\"https:\\\/\\\/kuzeyinsesi.org\\\/\"},{\"@type\":\"ListItem\",\"position\":2,\"name\":\"T\u00fcrkiye\u2019den AB\u2019nin Mek\u00e2nsal Deniz Planlama \u00e7al\u0131\u015fmalar\u0131na tepki\u2026\"}]},{\"@type\":\"WebSite\",\"@id\":\"https:\\\/\\\/kuzeyinsesi.org\\\/#website\",\"url\":\"https:\\\/\\\/kuzeyinsesi.org\\\/\",\"name\":\"Kuzeyin Sesi\",\"description\":\"Do\u011fru Haberin Adresi\",\"potentialAction\":[{\"@type\":\"SearchAction\",\"target\":{\"@type\":\"EntryPoint\",\"urlTemplate\":\"https:\\\/\\\/kuzeyinsesi.org\\\/?s={search_term_string}\"},\"query-input\":{\"@type\":\"PropertyValueSpecification\",\"valueRequired\":true,\"valueName\":\"search_term_string\"}}],\"inLanguage\":\"tr\"},{\"@type\":\"Person\",\"@id\":\"https:\\\/\\\/kuzeyinsesi.org\\\/#\\\/schema\\\/person\\\/9f859689cdf01485597712386e37f5aa\",\"name\":\"Kuzeyin Sesi\",\"image\":{\"@type\":\"ImageObject\",\"inLanguage\":\"tr\",\"@id\":\"https:\\\/\\\/secure.gravatar.com\\\/avatar\\\/bab33852abfd8b282518d6ed81826833d77c3c882d9ab608add591ccace47a44?s=96&d=mm&r=g\",\"url\":\"https:\\\/\\\/secure.gravatar.com\\\/avatar\\\/bab33852abfd8b282518d6ed81826833d77c3c882d9ab608add591ccace47a44?s=96&d=mm&r=g\",\"contentUrl\":\"https:\\\/\\\/secure.gravatar.com\\\/avatar\\\/bab33852abfd8b282518d6ed81826833d77c3c882d9ab608add591ccace47a44?s=96&d=mm&r=g\",\"caption\":\"Kuzeyin Sesi\"},\"sameAs\":[\"https:\\\/\\\/kuzeyinsesi.org\"],\"url\":\"https:\\\/\\\/kuzeyinsesi.org\\\/index.php\\\/author\\\/guven\\\/\"}]}<\/script>\n<!-- \/ Yoast SEO plugin. -->","yoast_head_json":{"title":"T\u00fcrkiye\u2019den AB\u2019nin Mek\u00e2nsal Deniz Planlama \u00e7al\u0131\u015fmalar\u0131na tepki\u2026 - Kuzeyin Sesi","robots":{"index":"index","follow":"follow","max-snippet":"max-snippet:-1","max-image-preview":"max-image-preview:large","max-video-preview":"max-video-preview:-1"},"canonical":"https:\/\/kuzeyinsesi.org\/index.php\/2024\/11\/16\/turkiyeden-abnin-mekansal-deniz-planlama-calismalarina-tepki\/","og_locale":"tr_TR","og_type":"article","og_title":"T\u00fcrkiye\u2019den AB\u2019nin Mek\u00e2nsal Deniz Planlama \u00e7al\u0131\u015fmalar\u0131na tepki\u2026 - Kuzeyin Sesi","og_description":"TC D\u0131\u015fi\u015fleri Bakanl\u0131\u011f\u0131, Avrupa Birli\u011fi\u2019nin (AB) Mek\u00e2nsal Deniz Planlama \u00e7al\u0131\u015fmalar\u0131n\u0131n T\u00fcrkiye\u2019nin haklar\u0131n\u0131 ihlal etmesine m\u00fcsaade etmeyeceklerini vurgulad\u0131. Bakanl\u0131k, Avrupa Birli\u011fi\u2019nin (AB) Mek\u00e2nsal Deniz Planlama \u00e7al\u0131\u015fmalar\u0131 hakk\u0131nda yaz\u0131l\u0131 a\u00e7\u0131klama yay\u0131mlad\u0131. A\u00e7\u0131klamada, T\u00fcrkiye\u2019nin, AB\u2019nin s\u00f6z konusu \u00e7al\u0131\u015fmalar\u0131n\u0131 yak\u0131ndan takip etti\u011fi, Ege ve Akdeniz\u2019deki haklar\u0131n\u0131n korunmas\u0131 i\u00e7in gerekli uyar\u0131lar\u0131 ilgili taraflara yapt\u0131\u011f\u0131 ve t\u00fcm tedbirleri ald\u0131\u011f\u0131 vurguland\u0131. A\u00e7\u0131klamada, [&hellip;]","og_url":"https:\/\/kuzeyinsesi.org\/index.php\/2024\/11\/16\/turkiyeden-abnin-mekansal-deniz-planlama-calismalarina-tepki\/","og_site_name":"Kuzeyin Sesi","article_publisher":"https:\/\/www.facebook.com\/kuzeyinsesii","article_published_time":"2024-11-16T13:23:24+00:00","og_image":[{"url":"https:\/\/brtk.net\/wp-content\/uploads\/2024\/11\/16\/tc-dis1.jpg?ver=4bfdd955853480389505d459099128f8","type":"","width":"","height":""}],"author":"Kuzeyin Sesi","twitter_card":"summary_large_image","twitter_creator":"@kuzeyinsesii","twitter_site":"@kuzeyinsesii","twitter_misc":{"Yazan:":"Kuzeyin Sesi","Tahmini okuma s\u00fcresi":"1 dakika"},"schema":{"@context":"https:\/\/schema.org","@graph":[{"@type":"Article","@id":"https:\/\/kuzeyinsesi.org\/index.php\/2024\/11\/16\/turkiyeden-abnin-mekansal-deniz-planlama-calismalarina-tepki\/#article","isPartOf":{"@id":"https:\/\/kuzeyinsesi.org\/index.php\/2024\/11\/16\/turkiyeden-abnin-mekansal-deniz-planlama-calismalarina-tepki\/"},"author":{"name":"Kuzeyin Sesi","@id":"https:\/\/kuzeyinsesi.org\/#\/schema\/person\/9f859689cdf01485597712386e37f5aa"},"headline":"T\u00fcrkiye\u2019den AB\u2019nin Mek\u00e2nsal Deniz Planlama \u00e7al\u0131\u015fmalar\u0131na tepki\u2026","datePublished":"2024-11-16T13:23:24+00:00","mainEntityOfPage":{"@id":"https:\/\/kuzeyinsesi.org\/index.php\/2024\/11\/16\/turkiyeden-abnin-mekansal-deniz-planlama-calismalarina-tepki\/"},"wordCount":287,"commentCount":0,"image":{"@id":"https:\/\/kuzeyinsesi.org\/index.php\/2024\/11\/16\/turkiyeden-abnin-mekansal-deniz-planlama-calismalarina-tepki\/#primaryimage"},"thumbnailUrl":"https:\/\/kuzeyinsesi.org\/wp-content\/uploads\/2024\/11\/tc-dis1.jpg","articleSection":["T\u00fcrkiye"],"inLanguage":"tr","potentialAction":[{"@type":"CommentAction","name":"Comment","target":["https:\/\/kuzeyinsesi.org\/index.php\/2024\/11\/16\/turkiyeden-abnin-mekansal-deniz-planlama-calismalarina-tepki\/#respond"]}]},{"@type":"WebPage","@id":"https:\/\/kuzeyinsesi.org\/index.php\/2024\/11\/16\/turkiyeden-abnin-mekansal-deniz-planlama-calismalarina-tepki\/","url":"https:\/\/kuzeyinsesi.org\/index.php\/2024\/11\/16\/turkiyeden-abnin-mekansal-deniz-planlama-calismalarina-tepki\/","name":"T\u00fcrkiye\u2019den AB\u2019nin Mek\u00e2nsal Deniz Planlama \u00e7al\u0131\u015fmalar\u0131na tepki\u2026 - Kuzeyin Sesi","isPartOf":{"@id":"https:\/\/kuzeyinsesi.org\/#website"},"primaryImageOfPage":{"@id":"https:\/\/kuzeyinsesi.org\/index.php\/2024\/11\/16\/turkiyeden-abnin-mekansal-deniz-planlama-calismalarina-tepki\/#primaryimage"},"image":{"@id":"https:\/\/kuzeyinsesi.org\/index.php\/2024\/11\/16\/turkiyeden-abnin-mekansal-deniz-planlama-calismalarina-tepki\/#primaryimage"},"thumbnailUrl":"https:\/\/kuzeyinsesi.org\/wp-content\/uploads\/2024\/11\/tc-dis1.jpg","datePublished":"2024-11-16T13:23:24+00:00","author":{"@id":"https:\/\/kuzeyinsesi.org\/#\/schema\/person\/9f859689cdf01485597712386e37f5aa"},"breadcrumb":{"@id":"https:\/\/kuzeyinsesi.org\/index.php\/2024\/11\/16\/turkiyeden-abnin-mekansal-deniz-planlama-calismalarina-tepki\/#breadcrumb"},"inLanguage":"tr","potentialAction":[{"@type":"ReadAction","target":["https:\/\/kuzeyinsesi.org\/index.php\/2024\/11\/16\/turkiyeden-abnin-mekansal-deniz-planlama-calismalarina-tepki\/"]}]},{"@type":"ImageObject","inLanguage":"tr","@id":"https:\/\/kuzeyinsesi.org\/index.php\/2024\/11\/16\/turkiyeden-abnin-mekansal-deniz-planlama-calismalarina-tepki\/#primaryimage","url":"https:\/\/kuzeyinsesi.org\/wp-content\/uploads\/2024\/11\/tc-dis1.jpg","contentUrl":"https:\/\/kuzeyinsesi.org\/wp-content\/uploads\/2024\/11\/tc-dis1.jpg","width":600,"height":300},{"@type":"BreadcrumbList","@id":"https:\/\/kuzeyinsesi.org\/index.php\/2024\/11\/16\/turkiyeden-abnin-mekansal-deniz-planlama-calismalarina-tepki\/#breadcrumb","itemListElement":[{"@type":"ListItem","position":1,"name":"Anasayfa","item":"https:\/\/kuzeyinsesi.org\/"},{"@type":"ListItem","position":2,"name":"T\u00fcrkiye\u2019den AB\u2019nin Mek\u00e2nsal Deniz Planlama \u00e7al\u0131\u015fmalar\u0131na tepki\u2026"}]},{"@type":"WebSite","@id":"https:\/\/kuzeyinsesi.org\/#website","url":"https:\/\/kuzeyinsesi.org\/","name":"Kuzeyin Sesi","description":"Do\u011fru Haberin Adresi","potentialAction":[{"@type":"SearchAction","target":{"@type":"EntryPoint","urlTemplate":"https:\/\/kuzeyinsesi.org\/?s={search_term_string}"},"query-input":{"@type":"PropertyValueSpecification","valueRequired":true,"valueName":"search_term_string"}}],"inLanguage":"tr"},{"@type":"Person","@id":"https:\/\/kuzeyinsesi.org\/#\/schema\/person\/9f859689cdf01485597712386e37f5aa","name":"Kuzeyin Sesi","image":{"@type":"ImageObject","inLanguage":"tr","@id":"https:\/\/secure.gravatar.com\/avatar\/bab33852abfd8b282518d6ed81826833d77c3c882d9ab608add591ccace47a44?s=96&d=mm&r=g","url":"https:\/\/secure.gravatar.com\/avatar\/bab33852abfd8b282518d6ed81826833d77c3c882d9ab608add591ccace47a44?s=96&d=mm&r=g","contentUrl":"https:\/\/secure.gravatar.com\/avatar\/bab33852abfd8b282518d6ed81826833d77c3c882d9ab608add591ccace47a44?s=96&d=mm&r=g","caption":"Kuzeyin Sesi"},"sameAs":["https:\/\/kuzeyinsesi.org"],"url":"https:\/\/kuzeyinsesi.org\/index.php\/author\/guven\/"}]}},"_links":{"self":[{"href":"https:\/\/kuzeyinsesi.org\/index.php\/wp-json\/wp\/v2\/posts\/13702","targetHints":{"allow":["GET"]}}],"collection":[{"href":"https:\/\/kuzeyinsesi.org\/index.php\/wp-json\/wp\/v2\/posts"}],"about":[{"href":"https:\/\/kuzeyinsesi.org\/index.php\/wp-json\/wp\/v2\/types\/post"}],"author":[{"embeddable":true,"href":"https:\/\/kuzeyinsesi.org\/index.php\/wp-json\/wp\/v2\/users\/1"}],"replies":[{"embeddable":true,"href":"https:\/\/kuzeyinsesi.org\/index.php\/wp-json\/wp\/v2\/comments?post=13702"}],"version-history":[{"count":0,"href":"https:\/\/kuzeyinsesi.org\/index.php\/wp-json\/wp\/v2\/posts\/13702\/revisions"}],"wp:featuredmedia":[{"embeddable":true,"href":"https:\/\/kuzeyinsesi.org\/index.php\/wp-json\/wp\/v2\/media\/13703"}],"wp:attachment":[{"href":"https:\/\/kuzeyinsesi.org\/index.php\/wp-json\/wp\/v2\/media?parent=13702"}],"wp:term":[{"taxonomy":"category","embeddable":true,"href":"https:\/\/kuzeyinsesi.org\/index.php\/wp-json\/wp\/v2\/categories?post=13702"},{"taxonomy":"post_tag","embeddable":true,"href":"https:\/\/kuzeyinsesi.org\/index.php\/wp-json\/wp\/v2\/tags?post=13702"}],"curies":[{"name":"wp","href":"https:\/\/api.w.org\/{rel}","templated":true}]}}