{"id":13698,"date":"2024-11-16T15:12:06","date_gmt":"2024-11-16T13:12:06","guid":{"rendered":"https:\/\/kuzeyinsesi.org\/index.php\/2024\/11\/16\/tore-istanbulda-konferans-verdi\/"},"modified":"2024-11-16T15:12:06","modified_gmt":"2024-11-16T13:12:06","slug":"tore-istanbulda-konferans-verdi","status":"publish","type":"post","link":"https:\/\/kuzeyinsesi.org\/index.php\/2024\/11\/16\/tore-istanbulda-konferans-verdi\/","title":{"rendered":"T\u00f6re, \u0130stanbul\u2019da konferans verdi"},"content":{"rendered":"<div>\n<div class=\"mariselle-image-container center\">\n                                            <\/div>\n<p>Cumhuriyet Meclisi eski Ba\u015fkan\u0131 Zorlu T\u00f6re, \u0130stanbul\u2019da Marmara \u00dcniversitesi Siyasal Bilgiler Fak\u00fcltesi Recep Tayyip Erdo\u011fan Kamp\u00fcs\u00fc\u2019nde \u201cMilli Meseleler ve Kuzey K\u0131br\u0131s T\u00fcrk Cumhuriyeti\u201d adl\u0131 konferans verdi.<\/p>\n<p>Cumhuriyet Meclisi\u2019nden verilen bilgiye g\u00f6re, Cumhuriyet Meclisi eski Ba\u015fkan\u0131 Zorlu T\u00f6re konu\u015fmas\u0131nda, Kuzey K\u0131br\u0131s T\u00fcrk Cumhuriyeti\u2019nin 41. y\u0131l\u0131n\u0131 kutlad\u0131klar\u0131n\u0131 belirterek, \u201c41 kere Ma\u015fallah\u201d dedi.<\/p>\n<p>T\u00fcrk Birli\u011fi\u2019nin \u00f6nemini anlatan T\u00f6re, K\u0131br\u0131s T\u00fcrk halk\u0131n\u0131n T\u00fcrk d\u00fcnyas\u0131n\u0131n ayr\u0131lmaz bir par\u00e7as\u0131 oldu\u011funu s\u00f6yledi.<\/p>\n<p>T\u00f6re, K\u0131br\u0131s meselesinin, sadece K\u0131br\u0131sl\u0131 T\u00fcrklere ait bir dava olmad\u0131\u011f\u0131n\u0131, T\u00fcrk milletinin milli davas\u0131 oldu\u011funu kaydetti. <\/p>\n<p>-G\u00f6revimiz KKTC\u2019ye sonuna kadar sahip \u00e7\u0131kmakt\u0131r, devlete sahip \u00e7\u0131kmakt\u0131r<\/p>\n<p>Kahraman T\u00fcrk Ordusu\u2019nun 20 Temmuz 1974\u2019te \u015fafak vakti hem denizden, hem havadan K\u0131br\u0131s\u2019a geldi\u011fini belirten T\u00f6re, konu\u015fmas\u0131nda \u015fu ifadelere yer verdi:<\/p>\n<p>\u201cT\u00fcrk Ordusu Ada\u2019da misafir de\u011fildir. Garant\u00f6r olarak oralara geldiler ama Mehmet\u00e7ik de K\u0131br\u0131s\u2019\u0131n sahibidir. \u00c7\u00fcnk\u00fc M\u00fccahitler ve Mehmet\u00e7ikler o topraklar i\u00e7in kan verdiler, can verdiler. O topraklar\u0131 bize ne Amerika ne Avrupa Birli\u011fi ne Rusya ne de Birle\u015fmi\u015f Milletler G\u00fcvenlik Konseyi hediye etti. Kim hediye etti? Aziz \u015fehitlerimiz, kahraman gazilerimiz hediye etti. Ve bizim g\u00f6revimiz KKTC\u2019ye sonuna kadar sahip \u00e7\u0131kmakt\u0131r, devlete sahip \u00e7\u0131kmakt\u0131r. Bu bizim \u015fehitlerimize olan borcumuzdur, bizden sonraki nesillere olan borcumuzdur, milletimize kar\u015f\u0131 olan borcumuzdur, tarihe kar\u015f\u0131 olan borcumuzdur.\u201d<\/p>\n<\/p><\/div>\n<p><script async\n                    defer\n                    crossorigin=\"anonymous\"\n                    src=\"https:\/\/connect.facebook.net\/tr_TR\/sdk.js#xfbml=1&#038;version=v3.3\"\n            ><\/script><\/p>\n","protected":false},"excerpt":{"rendered":"<p>Cumhuriyet Meclisi eski Ba\u015fkan\u0131 Zorlu T\u00f6re, \u0130stanbul\u2019da Marmara \u00dcniversitesi Siyasal Bilgiler Fak\u00fcltesi Recep Tayyip Erdo\u011fan Kamp\u00fcs\u00fc\u2019nde \u201cMilli Meseleler ve Kuzey K\u0131br\u0131s T\u00fcrk Cumhuriyeti\u201d adl\u0131 konferans verdi. Cumhuriyet Meclisi\u2019nden verilen bilgiye g\u00f6re, Cumhuriyet Meclisi eski Ba\u015fkan\u0131 Zorlu T\u00f6re konu\u015fmas\u0131nda, Kuzey K\u0131br\u0131s T\u00fcrk Cumhuriyeti\u2019nin 41. y\u0131l\u0131n\u0131 kutlad\u0131klar\u0131n\u0131 belirterek, \u201c41 kere Ma\u015fallah\u201d dedi. T\u00fcrk Birli\u011fi\u2019nin \u00f6nemini anlatan T\u00f6re, [&hellip;]<\/p>\n","protected":false},"author":1,"featured_media":13699,"comment_status":"open","ping_status":"open","sticky":false,"template":"","format":"standard","meta":{"jnews-multi-image_gallery":[],"jnews_single_post":[],"jnews_primary_category":[],"jnews_social_meta":[],"jnews_override_counter":[],"footnotes":""},"categories":[5],"tags":[],"class_list":["post-13698","post","type-post","status-publish","format-standard","has-post-thumbnail","hentry","category-turkiye"],"yoast_head":"<!-- This site is optimized with the Yoast SEO plugin v27.4 - https:\/\/yoast.com\/product\/yoast-seo-wordpress\/ -->\n<title>T\u00f6re, \u0130stanbul\u2019da konferans verdi - Kuzeyin Sesi<\/title>\n<meta name=\"robots\" content=\"index, follow, max-snippet:-1, max-image-preview:large, max-video-preview:-1\" \/>\n<link rel=\"canonical\" href=\"https:\/\/kuzeyinsesi.org\/index.php\/2024\/11\/16\/tore-istanbulda-konferans-verdi\/\" \/>\n<meta property=\"og:locale\" content=\"tr_TR\" \/>\n<meta property=\"og:type\" content=\"article\" \/>\n<meta property=\"og:title\" content=\"T\u00f6re, \u0130stanbul\u2019da konferans verdi - Kuzeyin Sesi\" \/>\n<meta property=\"og:description\" content=\"Cumhuriyet Meclisi eski Ba\u015fkan\u0131 Zorlu T\u00f6re, \u0130stanbul\u2019da Marmara \u00dcniversitesi Siyasal Bilgiler Fak\u00fcltesi Recep Tayyip Erdo\u011fan Kamp\u00fcs\u00fc\u2019nde \u201cMilli Meseleler ve Kuzey K\u0131br\u0131s T\u00fcrk Cumhuriyeti\u201d adl\u0131 konferans verdi. Cumhuriyet Meclisi\u2019nden verilen bilgiye g\u00f6re, Cumhuriyet Meclisi eski Ba\u015fkan\u0131 Zorlu T\u00f6re konu\u015fmas\u0131nda, Kuzey K\u0131br\u0131s T\u00fcrk Cumhuriyeti\u2019nin 41. y\u0131l\u0131n\u0131 kutlad\u0131klar\u0131n\u0131 belirterek, \u201c41 kere Ma\u015fallah\u201d dedi. T\u00fcrk Birli\u011fi\u2019nin \u00f6nemini anlatan T\u00f6re, [&hellip;]\" \/>\n<meta property=\"og:url\" content=\"https:\/\/kuzeyinsesi.org\/index.php\/2024\/11\/16\/tore-istanbulda-konferans-verdi\/\" \/>\n<meta property=\"og:site_name\" content=\"Kuzeyin Sesi\" \/>\n<meta property=\"article:publisher\" content=\"https:\/\/www.facebook.com\/kuzeyinsesii\" \/>\n<meta property=\"article:published_time\" content=\"2024-11-16T13:12:06+00:00\" \/>\n<meta property=\"og:image\" content=\"https:\/\/brtk.net\/wp-content\/uploads\/2024\/11\/16\/konferans-scaled.jpeg?ver=324af91951e443b2f5e7324a1823ecdb\" \/>\n<meta name=\"author\" content=\"Kuzeyin Sesi\" \/>\n<meta name=\"twitter:card\" content=\"summary_large_image\" \/>\n<meta name=\"twitter:creator\" content=\"@kuzeyinsesii\" \/>\n<meta name=\"twitter:site\" content=\"@kuzeyinsesii\" \/>\n<meta name=\"twitter:label1\" content=\"Yazan:\" \/>\n\t<meta name=\"twitter:data1\" content=\"Kuzeyin Sesi\" \/>\n\t<meta name=\"twitter:label2\" content=\"Tahmini okuma s\u00fcresi\" \/>\n\t<meta name=\"twitter:data2\" content=\"1 dakika\" \/>\n<script type=\"application\/ld+json\" class=\"yoast-schema-graph\">{\"@context\":\"https:\\\/\\\/schema.org\",\"@graph\":[{\"@type\":\"Article\",\"@id\":\"https:\\\/\\\/kuzeyinsesi.org\\\/index.php\\\/2024\\\/11\\\/16\\\/tore-istanbulda-konferans-verdi\\\/#article\",\"isPartOf\":{\"@id\":\"https:\\\/\\\/kuzeyinsesi.org\\\/index.php\\\/2024\\\/11\\\/16\\\/tore-istanbulda-konferans-verdi\\\/\"},\"author\":{\"name\":\"Kuzeyin Sesi\",\"@id\":\"https:\\\/\\\/kuzeyinsesi.org\\\/#\\\/schema\\\/person\\\/9f859689cdf01485597712386e37f5aa\"},\"headline\":\"T\u00f6re, \u0130stanbul\u2019da konferans verdi\",\"datePublished\":\"2024-11-16T13:12:06+00:00\",\"mainEntityOfPage\":{\"@id\":\"https:\\\/\\\/kuzeyinsesi.org\\\/index.php\\\/2024\\\/11\\\/16\\\/tore-istanbulda-konferans-verdi\\\/\"},\"wordCount\":277,\"commentCount\":0,\"image\":{\"@id\":\"https:\\\/\\\/kuzeyinsesi.org\\\/index.php\\\/2024\\\/11\\\/16\\\/tore-istanbulda-konferans-verdi\\\/#primaryimage\"},\"thumbnailUrl\":\"https:\\\/\\\/kuzeyinsesi.org\\\/wp-content\\\/uploads\\\/2024\\\/11\\\/konferans-scaled.jpeg\",\"articleSection\":[\"T\u00fcrkiye\"],\"inLanguage\":\"tr\",\"potentialAction\":[{\"@type\":\"CommentAction\",\"name\":\"Comment\",\"target\":[\"https:\\\/\\\/kuzeyinsesi.org\\\/index.php\\\/2024\\\/11\\\/16\\\/tore-istanbulda-konferans-verdi\\\/#respond\"]}]},{\"@type\":\"WebPage\",\"@id\":\"https:\\\/\\\/kuzeyinsesi.org\\\/index.php\\\/2024\\\/11\\\/16\\\/tore-istanbulda-konferans-verdi\\\/\",\"url\":\"https:\\\/\\\/kuzeyinsesi.org\\\/index.php\\\/2024\\\/11\\\/16\\\/tore-istanbulda-konferans-verdi\\\/\",\"name\":\"T\u00f6re, \u0130stanbul\u2019da konferans verdi - Kuzeyin Sesi\",\"isPartOf\":{\"@id\":\"https:\\\/\\\/kuzeyinsesi.org\\\/#website\"},\"primaryImageOfPage\":{\"@id\":\"https:\\\/\\\/kuzeyinsesi.org\\\/index.php\\\/2024\\\/11\\\/16\\\/tore-istanbulda-konferans-verdi\\\/#primaryimage\"},\"image\":{\"@id\":\"https:\\\/\\\/kuzeyinsesi.org\\\/index.php\\\/2024\\\/11\\\/16\\\/tore-istanbulda-konferans-verdi\\\/#primaryimage\"},\"thumbnailUrl\":\"https:\\\/\\\/kuzeyinsesi.org\\\/wp-content\\\/uploads\\\/2024\\\/11\\\/konferans-scaled.jpeg\",\"datePublished\":\"2024-11-16T13:12:06+00:00\",\"author\":{\"@id\":\"https:\\\/\\\/kuzeyinsesi.org\\\/#\\\/schema\\\/person\\\/9f859689cdf01485597712386e37f5aa\"},\"breadcrumb\":{\"@id\":\"https:\\\/\\\/kuzeyinsesi.org\\\/index.php\\\/2024\\\/11\\\/16\\\/tore-istanbulda-konferans-verdi\\\/#breadcrumb\"},\"inLanguage\":\"tr\",\"potentialAction\":[{\"@type\":\"ReadAction\",\"target\":[\"https:\\\/\\\/kuzeyinsesi.org\\\/index.php\\\/2024\\\/11\\\/16\\\/tore-istanbulda-konferans-verdi\\\/\"]}]},{\"@type\":\"ImageObject\",\"inLanguage\":\"tr\",\"@id\":\"https:\\\/\\\/kuzeyinsesi.org\\\/index.php\\\/2024\\\/11\\\/16\\\/tore-istanbulda-konferans-verdi\\\/#primaryimage\",\"url\":\"https:\\\/\\\/kuzeyinsesi.org\\\/wp-content\\\/uploads\\\/2024\\\/11\\\/konferans-scaled.jpeg\",\"contentUrl\":\"https:\\\/\\\/kuzeyinsesi.org\\\/wp-content\\\/uploads\\\/2024\\\/11\\\/konferans-scaled.jpeg\",\"width\":2560,\"height\":1920},{\"@type\":\"BreadcrumbList\",\"@id\":\"https:\\\/\\\/kuzeyinsesi.org\\\/index.php\\\/2024\\\/11\\\/16\\\/tore-istanbulda-konferans-verdi\\\/#breadcrumb\",\"itemListElement\":[{\"@type\":\"ListItem\",\"position\":1,\"name\":\"Anasayfa\",\"item\":\"https:\\\/\\\/kuzeyinsesi.org\\\/\"},{\"@type\":\"ListItem\",\"position\":2,\"name\":\"T\u00f6re, \u0130stanbul\u2019da konferans verdi\"}]},{\"@type\":\"WebSite\",\"@id\":\"https:\\\/\\\/kuzeyinsesi.org\\\/#website\",\"url\":\"https:\\\/\\\/kuzeyinsesi.org\\\/\",\"name\":\"Kuzeyin Sesi\",\"description\":\"Do\u011fru Haberin Adresi\",\"potentialAction\":[{\"@type\":\"SearchAction\",\"target\":{\"@type\":\"EntryPoint\",\"urlTemplate\":\"https:\\\/\\\/kuzeyinsesi.org\\\/?s={search_term_string}\"},\"query-input\":{\"@type\":\"PropertyValueSpecification\",\"valueRequired\":true,\"valueName\":\"search_term_string\"}}],\"inLanguage\":\"tr\"},{\"@type\":\"Person\",\"@id\":\"https:\\\/\\\/kuzeyinsesi.org\\\/#\\\/schema\\\/person\\\/9f859689cdf01485597712386e37f5aa\",\"name\":\"Kuzeyin Sesi\",\"image\":{\"@type\":\"ImageObject\",\"inLanguage\":\"tr\",\"@id\":\"https:\\\/\\\/secure.gravatar.com\\\/avatar\\\/bab33852abfd8b282518d6ed81826833d77c3c882d9ab608add591ccace47a44?s=96&d=mm&r=g\",\"url\":\"https:\\\/\\\/secure.gravatar.com\\\/avatar\\\/bab33852abfd8b282518d6ed81826833d77c3c882d9ab608add591ccace47a44?s=96&d=mm&r=g\",\"contentUrl\":\"https:\\\/\\\/secure.gravatar.com\\\/avatar\\\/bab33852abfd8b282518d6ed81826833d77c3c882d9ab608add591ccace47a44?s=96&d=mm&r=g\",\"caption\":\"Kuzeyin Sesi\"},\"sameAs\":[\"https:\\\/\\\/kuzeyinsesi.org\"],\"url\":\"https:\\\/\\\/kuzeyinsesi.org\\\/index.php\\\/author\\\/guven\\\/\"}]}<\/script>\n<!-- \/ Yoast SEO plugin. -->","yoast_head_json":{"title":"T\u00f6re, \u0130stanbul\u2019da konferans verdi - Kuzeyin Sesi","robots":{"index":"index","follow":"follow","max-snippet":"max-snippet:-1","max-image-preview":"max-image-preview:large","max-video-preview":"max-video-preview:-1"},"canonical":"https:\/\/kuzeyinsesi.org\/index.php\/2024\/11\/16\/tore-istanbulda-konferans-verdi\/","og_locale":"tr_TR","og_type":"article","og_title":"T\u00f6re, \u0130stanbul\u2019da konferans verdi - Kuzeyin Sesi","og_description":"Cumhuriyet Meclisi eski Ba\u015fkan\u0131 Zorlu T\u00f6re, \u0130stanbul\u2019da Marmara \u00dcniversitesi Siyasal Bilgiler Fak\u00fcltesi Recep Tayyip Erdo\u011fan Kamp\u00fcs\u00fc\u2019nde \u201cMilli Meseleler ve Kuzey K\u0131br\u0131s T\u00fcrk Cumhuriyeti\u201d adl\u0131 konferans verdi. Cumhuriyet Meclisi\u2019nden verilen bilgiye g\u00f6re, Cumhuriyet Meclisi eski Ba\u015fkan\u0131 Zorlu T\u00f6re konu\u015fmas\u0131nda, Kuzey K\u0131br\u0131s T\u00fcrk Cumhuriyeti\u2019nin 41. y\u0131l\u0131n\u0131 kutlad\u0131klar\u0131n\u0131 belirterek, \u201c41 kere Ma\u015fallah\u201d dedi. T\u00fcrk Birli\u011fi\u2019nin \u00f6nemini anlatan T\u00f6re, [&hellip;]","og_url":"https:\/\/kuzeyinsesi.org\/index.php\/2024\/11\/16\/tore-istanbulda-konferans-verdi\/","og_site_name":"Kuzeyin Sesi","article_publisher":"https:\/\/www.facebook.com\/kuzeyinsesii","article_published_time":"2024-11-16T13:12:06+00:00","og_image":[{"url":"https:\/\/brtk.net\/wp-content\/uploads\/2024\/11\/16\/konferans-scaled.jpeg?ver=324af91951e443b2f5e7324a1823ecdb","type":"","width":"","height":""}],"author":"Kuzeyin Sesi","twitter_card":"summary_large_image","twitter_creator":"@kuzeyinsesii","twitter_site":"@kuzeyinsesii","twitter_misc":{"Yazan:":"Kuzeyin Sesi","Tahmini okuma s\u00fcresi":"1 dakika"},"schema":{"@context":"https:\/\/schema.org","@graph":[{"@type":"Article","@id":"https:\/\/kuzeyinsesi.org\/index.php\/2024\/11\/16\/tore-istanbulda-konferans-verdi\/#article","isPartOf":{"@id":"https:\/\/kuzeyinsesi.org\/index.php\/2024\/11\/16\/tore-istanbulda-konferans-verdi\/"},"author":{"name":"Kuzeyin Sesi","@id":"https:\/\/kuzeyinsesi.org\/#\/schema\/person\/9f859689cdf01485597712386e37f5aa"},"headline":"T\u00f6re, \u0130stanbul\u2019da konferans verdi","datePublished":"2024-11-16T13:12:06+00:00","mainEntityOfPage":{"@id":"https:\/\/kuzeyinsesi.org\/index.php\/2024\/11\/16\/tore-istanbulda-konferans-verdi\/"},"wordCount":277,"commentCount":0,"image":{"@id":"https:\/\/kuzeyinsesi.org\/index.php\/2024\/11\/16\/tore-istanbulda-konferans-verdi\/#primaryimage"},"thumbnailUrl":"https:\/\/kuzeyinsesi.org\/wp-content\/uploads\/2024\/11\/konferans-scaled.jpeg","articleSection":["T\u00fcrkiye"],"inLanguage":"tr","potentialAction":[{"@type":"CommentAction","name":"Comment","target":["https:\/\/kuzeyinsesi.org\/index.php\/2024\/11\/16\/tore-istanbulda-konferans-verdi\/#respond"]}]},{"@type":"WebPage","@id":"https:\/\/kuzeyinsesi.org\/index.php\/2024\/11\/16\/tore-istanbulda-konferans-verdi\/","url":"https:\/\/kuzeyinsesi.org\/index.php\/2024\/11\/16\/tore-istanbulda-konferans-verdi\/","name":"T\u00f6re, \u0130stanbul\u2019da konferans verdi - Kuzeyin Sesi","isPartOf":{"@id":"https:\/\/kuzeyinsesi.org\/#website"},"primaryImageOfPage":{"@id":"https:\/\/kuzeyinsesi.org\/index.php\/2024\/11\/16\/tore-istanbulda-konferans-verdi\/#primaryimage"},"image":{"@id":"https:\/\/kuzeyinsesi.org\/index.php\/2024\/11\/16\/tore-istanbulda-konferans-verdi\/#primaryimage"},"thumbnailUrl":"https:\/\/kuzeyinsesi.org\/wp-content\/uploads\/2024\/11\/konferans-scaled.jpeg","datePublished":"2024-11-16T13:12:06+00:00","author":{"@id":"https:\/\/kuzeyinsesi.org\/#\/schema\/person\/9f859689cdf01485597712386e37f5aa"},"breadcrumb":{"@id":"https:\/\/kuzeyinsesi.org\/index.php\/2024\/11\/16\/tore-istanbulda-konferans-verdi\/#breadcrumb"},"inLanguage":"tr","potentialAction":[{"@type":"ReadAction","target":["https:\/\/kuzeyinsesi.org\/index.php\/2024\/11\/16\/tore-istanbulda-konferans-verdi\/"]}]},{"@type":"ImageObject","inLanguage":"tr","@id":"https:\/\/kuzeyinsesi.org\/index.php\/2024\/11\/16\/tore-istanbulda-konferans-verdi\/#primaryimage","url":"https:\/\/kuzeyinsesi.org\/wp-content\/uploads\/2024\/11\/konferans-scaled.jpeg","contentUrl":"https:\/\/kuzeyinsesi.org\/wp-content\/uploads\/2024\/11\/konferans-scaled.jpeg","width":2560,"height":1920},{"@type":"BreadcrumbList","@id":"https:\/\/kuzeyinsesi.org\/index.php\/2024\/11\/16\/tore-istanbulda-konferans-verdi\/#breadcrumb","itemListElement":[{"@type":"ListItem","position":1,"name":"Anasayfa","item":"https:\/\/kuzeyinsesi.org\/"},{"@type":"ListItem","position":2,"name":"T\u00f6re, \u0130stanbul\u2019da konferans verdi"}]},{"@type":"WebSite","@id":"https:\/\/kuzeyinsesi.org\/#website","url":"https:\/\/kuzeyinsesi.org\/","name":"Kuzeyin Sesi","description":"Do\u011fru Haberin Adresi","potentialAction":[{"@type":"SearchAction","target":{"@type":"EntryPoint","urlTemplate":"https:\/\/kuzeyinsesi.org\/?s={search_term_string}"},"query-input":{"@type":"PropertyValueSpecification","valueRequired":true,"valueName":"search_term_string"}}],"inLanguage":"tr"},{"@type":"Person","@id":"https:\/\/kuzeyinsesi.org\/#\/schema\/person\/9f859689cdf01485597712386e37f5aa","name":"Kuzeyin Sesi","image":{"@type":"ImageObject","inLanguage":"tr","@id":"https:\/\/secure.gravatar.com\/avatar\/bab33852abfd8b282518d6ed81826833d77c3c882d9ab608add591ccace47a44?s=96&d=mm&r=g","url":"https:\/\/secure.gravatar.com\/avatar\/bab33852abfd8b282518d6ed81826833d77c3c882d9ab608add591ccace47a44?s=96&d=mm&r=g","contentUrl":"https:\/\/secure.gravatar.com\/avatar\/bab33852abfd8b282518d6ed81826833d77c3c882d9ab608add591ccace47a44?s=96&d=mm&r=g","caption":"Kuzeyin Sesi"},"sameAs":["https:\/\/kuzeyinsesi.org"],"url":"https:\/\/kuzeyinsesi.org\/index.php\/author\/guven\/"}]}},"_links":{"self":[{"href":"https:\/\/kuzeyinsesi.org\/index.php\/wp-json\/wp\/v2\/posts\/13698","targetHints":{"allow":["GET"]}}],"collection":[{"href":"https:\/\/kuzeyinsesi.org\/index.php\/wp-json\/wp\/v2\/posts"}],"about":[{"href":"https:\/\/kuzeyinsesi.org\/index.php\/wp-json\/wp\/v2\/types\/post"}],"author":[{"embeddable":true,"href":"https:\/\/kuzeyinsesi.org\/index.php\/wp-json\/wp\/v2\/users\/1"}],"replies":[{"embeddable":true,"href":"https:\/\/kuzeyinsesi.org\/index.php\/wp-json\/wp\/v2\/comments?post=13698"}],"version-history":[{"count":0,"href":"https:\/\/kuzeyinsesi.org\/index.php\/wp-json\/wp\/v2\/posts\/13698\/revisions"}],"wp:featuredmedia":[{"embeddable":true,"href":"https:\/\/kuzeyinsesi.org\/index.php\/wp-json\/wp\/v2\/media\/13699"}],"wp:attachment":[{"href":"https:\/\/kuzeyinsesi.org\/index.php\/wp-json\/wp\/v2\/media?parent=13698"}],"wp:term":[{"taxonomy":"category","embeddable":true,"href":"https:\/\/kuzeyinsesi.org\/index.php\/wp-json\/wp\/v2\/categories?post=13698"},{"taxonomy":"post_tag","embeddable":true,"href":"https:\/\/kuzeyinsesi.org\/index.php\/wp-json\/wp\/v2\/tags?post=13698"}],"curies":[{"name":"wp","href":"https:\/\/api.w.org\/{rel}","templated":true}]}}