{"id":13678,"date":"2024-11-16T11:56:42","date_gmt":"2024-11-16T09:56:42","guid":{"rendered":"https:\/\/kuzeyinsesi.org\/index.php\/2024\/11\/16\/tc-disisleri-bakani-fidan-adadaki-gerceklik-iki-toplumun-birbirinden-ayri-yasamasi\/"},"modified":"2024-11-16T11:56:42","modified_gmt":"2024-11-16T09:56:42","slug":"tc-disisleri-bakani-fidan-adadaki-gerceklik-iki-toplumun-birbirinden-ayri-yasamasi","status":"publish","type":"post","link":"https:\/\/kuzeyinsesi.org\/index.php\/2024\/11\/16\/tc-disisleri-bakani-fidan-adadaki-gerceklik-iki-toplumun-birbirinden-ayri-yasamasi\/","title":{"rendered":"TC D\u0131\u015fi\u015fleri Bakan\u0131 Fidan: \u201cAdadaki ger\u00e7eklik iki toplumun birbirinden ayr\u0131 ya\u015famas\u0131\u201d"},"content":{"rendered":"<div>\n<p>\u00a0<\/p>\n<div class=\"mariselle-image-container center\">\n                                            <\/div>\n<p>T\u00fcrkiye Cumhuriyeti D\u0131\u015fi\u015fleri Bakan\u0131 Hakan Fidan \u201cAdadaki ger\u00e7eklik iki toplumun birbirinden ayr\u0131 ya\u015famas\u0131, art\u0131k her iki toplum da kendi yolunu kendi \u00e7izmi\u015f, kendi hayat\u0131n\u0131 kendi ya\u015f\u0131yor, kendi g\u00f6be\u011fini kendi kesmi\u015f, yoluna devam ediyor.\u201d dedi.<\/p>\n<p>Fidan, bu toplumlar\u0131n tekrar zoraki bir \u015fekilde, bir form\u00fcl alt\u0131nda birle\u015ftirilip g\u00fc\u00e7 payla\u015f\u0131m\u0131 i\u00e7erisine sokulmas\u0131 aray\u0131\u015f\u0131n\u0131n netice verecek bir aray\u0131\u015f olmad\u0131\u011f\u0131n\u0131 kaydetti.<\/p>\n<p>ABD\u2019nin G\u00fcney K\u0131br\u0131s Rum Y\u00f6netimi (GKRY) i\u00e7in silah ambargosunu kald\u0131rmas\u0131, Rum y\u00f6netimiyle mutabakat imzalamas\u0131 ve \u00fcs kurma giri\u015fimlerinde bulunmas\u0131na dair Fidan, K\u0131br\u0131s\u2019ta yeni bir askeri hareketlili\u011fe ihtiya\u00e7 olmad\u0131\u011f\u0131n\u0131 belirtti. G\u00fcvenlikte denge de\u011fi\u015ftirici hareketleri yak\u0131ndan takip ettiklerini ifade eden Fidan, \u201cT\u00fcrkiye her t\u00fcrl\u00fc senaryoya haz\u0131r.\u201d dedi.<\/p>\n<p>K\u0131br\u0131s\u2019ta taraflar\u0131n diplomatik aray\u0131\u015flara ili\u015fkin niyetlerinin s\u00fcrd\u00fcrd\u00fc\u011f\u00fcn\u00fc kaydeden Fidan, ileride Birle\u015fmi\u015f Milletler (BM) Genel Sekreteri Antonio Guterres\u2019 ev sahipli\u011finde d\u00f6rtl\u00fc ya da be\u015fli g\u00f6r\u00fc\u015fmelerin olabilece\u011fini ifade etti.<\/p>\n<p>Fidan, Yunanistan Ba\u015fbakan\u0131 Kiryakos Mi\u00e7otakis\u2019in Ocak ya da \u015eubat 2025\u2019te Y\u00fcksek D\u00fczeyli \u0130\u015fbirli\u011fi Konferans\u0131 i\u00e7in tekrar T\u00fcrkiye\u2019ye gelece\u011fini s\u00f6yledi.<\/p>\n<p>Fidan, kat\u0131ld\u0131\u011f\u0131 A Haber canl\u0131 yay\u0131n\u0131nda g\u00fcndemi de\u011ferlendirdi ve sorular\u0131 yan\u0131tlad\u0131.<\/p>\n<p>\u2013 \u201cAB\u2019nin yanl\u0131\u015f karar\u0131 neticesinde K\u0131br\u0131s meselesi birdenbire AB\u2019de sorun oldu\u201d<\/p>\n<p>Fidan, T\u00fcrkiye i\u00e7in K\u0131br\u0131s meselesinin \u00e7\u00f6z\u00fcm\u00fcn\u00fcn tek se\u00e7ene\u011finin iki devletli \u00e7\u00f6z\u00fcm olmas\u0131na ili\u015fkin, Avrupa Birli\u011fi\u2019nin (AB) ald\u0131\u011f\u0131 yanl\u0131\u015f karar neticesinde K\u0131br\u0131s meselesinin birdenbire AB\u2019de sorun haline geldi\u011fine i\u015faret ederek, bu konunun T\u00fcrkiye ile ilgili konularda da hep bir sorun alan\u0131 oldu\u011funu dile getirdi.<\/p>\n<p>Herkesin adadaki ger\u00e7ekli\u011fi kabul etti\u011fine dikkati \u00e7eken Fidan, \u201cAdadaki ger\u00e7eklik iki toplumun birbirinden ayr\u0131 ya\u015famas\u0131, art\u0131k her iki toplum da kendi yolunu kendi \u00e7izmi\u015f, kendi hayat\u0131n\u0131 kendi ya\u015f\u0131yor, kendi g\u00f6be\u011fini kendi kesmi\u015f, yoluna devam ediyor. Bunlar\u0131n tekrar zoraki bir \u015fekilde, bir form\u00fcl alt\u0131nda birle\u015ftirilip g\u00fc\u00e7 payla\u015f\u0131m\u0131 i\u00e7erisine sokulmas\u0131 aray\u0131\u015f\u0131, netice verecek bir aray\u0131\u015f de\u011fil.\u201d diye konu\u015ftu.<\/p>\n<p>Fidan, Kuzey K\u0131br\u0131s T\u00fcrk Cumhuriyeti\u2019nin (KKTC) T\u00fcrk Devletleri Te\u015fkilat\u0131\u2019ndaki (TDT) g\u00f6zlemci \u00fcyeli\u011fine de\u011finerek, KKTC\u2018ye uygulanan uluslararas\u0131 izolasyon ve ambargonun devam etti\u011fini vurgulad\u0131.<\/p>\n<p>\u2013 \u201cBize K\u0131br\u0131s \u00e7ok yak\u0131n. Anavatan olarak mobilizasyon kabiliyetlerimiz \u00e7ok fazla\u201d<\/p>\n<p>ABD\u2019nin G\u00fcney K\u0131br\u0131s Rum Y\u00f6netimi (GKRY) i\u00e7in silah ambargosunu kald\u0131rmas\u0131, Rum y\u00f6netimiyle mutabakat imzalamas\u0131 ve \u00fcs kurma giri\u015fimlerinde bulunmas\u0131na dair Fidan, g\u00fcvenli\u011fe ili\u015fkin denge de\u011fi\u015ftirici hareketleri \u00e7ok yak\u0131ndan takip ettiklerini s\u00f6yledi.<\/p>\n<p>Fidan, K\u0131br\u0131s adas\u0131nda yeni bir askeri hareketlili\u011fe ihtiya\u00e7 olmad\u0131\u011f\u0131n\u0131 belirterek, \u201cBizim varl\u0131\u011f\u0131m\u0131zdan ba\u015fka t\u00fcrden bir tehdit \u00fcreten, tehdit alg\u0131layan ve bu tehdidi bahane edip kendi silahlanmas\u0131n\u0131 ger\u00e7ekle\u015ftirme politikas\u0131, bu ba\u015fka bir alan. Orada ba\u015fka bir niyet olabilir. Benim g\u00f6rd\u00fc\u011f\u00fcm, herkes bizim her t\u00fcrl\u00fc senaryoya haz\u0131r oldu\u011fumuzu biliyor. Bize K\u0131br\u0131s \u00e7ok yak\u0131n. Anavatan olarak bizim mobilizasyon kabiliyetlerimiz de \u00e7ok fazla.\u201d ifadelerini kulland\u0131.<\/p>\n<p>Her iki taraf\u0131n da diplomatik aray\u0131\u015flara ili\u015fkin niyetlerinin s\u00fcrd\u00fcrd\u00fc\u011f\u00fcn\u00fc kaydeden Fidan, Birle\u015fmi\u015f Milletler (BM) Genel Sekreteri Antonio Guterres\u2019in iki taraf\u0131 bir araya getirdi\u011fini ve ileride Guterres\u2019in ev sahipli\u011finde T\u00fcrkiye\u2019nin de dahil oldu\u011fu d\u00f6rtl\u00fc ya da be\u015fli g\u00f6r\u00fc\u015fmelerin olabilece\u011fini s\u00f6yledi.<\/p>\n<p><strong>\u2013 \u201cYunanistan\u2019la ba\u015flat\u0131lan s\u00fcre\u00e7te a\u00e7\u0131kl\u0131kla tart\u0131\u015fmaya ve gerginli\u011fi y\u00fckseltmemeye odakl\u0131y\u0131z\u201d<\/strong><\/p>\n<p>8 Kas\u0131m\u2019daki Atina ziyareti ve Yunanistan-T\u00fcrkiye ili\u015fkilerine dair Fidan, ziyaretinin bir s\u00fcrecin par\u00e7as\u0131 oldu\u011funu, Yunanistan Ba\u015fbakan\u0131 Kiryakos Mi\u00e7otakis\u2019in Ocak ya da \u015eubat 2025\u2019te Y\u00fcksek D\u00fczeyli \u0130\u015fbirli\u011fi Konferans\u0131 i\u00e7in tekrar T\u00fcrkiye\u2019ye gelece\u011fini s\u00f6yledi.<\/p>\n<p>Fidan, Yunanistan\u2019a yapt\u0131\u011f\u0131 ilk ikili ziyaretin olumlu bir atmosferde ge\u00e7ti\u011fini ve Yunanistan D\u0131\u015fi\u015fleri Bakan\u0131 Yorgos Yerapetritis\u2019in de olumlu bir yakla\u015f\u0131m i\u00e7inde oldu\u011funu kaydederek, iki \u00fclke aras\u0131nda \u00f6nceki nesillerden aktar\u0131lanlar dahil karma\u015f\u0131k problemler bulundu\u011funu dile getirdi.<\/p>\n<p>\u0130ki \u00fclkede de i\u00e7 siyasetin belli miktarda bask\u0131s\u0131 oldu\u011funu aktaran Fidan, T\u00fcrkiye\u2019nin menfaatlerine halel getirmeden iki taraf\u0131n da raz\u0131 olabilece\u011fi bir \u00e7\u00f6z\u00fcme nas\u0131l ula\u015f\u0131labilece\u011finin aray\u0131\u015f\u0131 i\u00e7inde olduklar\u0131n\u0131 ifade etti.<\/p>\n<p>Fidan, Yunanistan\u2019la ba\u015flat\u0131lan s\u00fcre\u00e7te a\u00e7\u0131kl\u0131kla tart\u0131\u015fmaya ve gerginli\u011fi y\u00fckseltmemeye odakland\u0131klar\u0131n\u0131 kaydederek, Ege sorunu d\u0131\u015f\u0131nda adalar\u0131n silahs\u0131zland\u0131r\u0131lmas\u0131, k\u0131ta sahanl\u0131\u011f\u0131, karasular\u0131, stat\u00fcs\u00fc belli olmayan yerler, hava sahas\u0131 ve m\u00fcnhas\u0131r ekonomik b\u00f6lge gibi bir\u00e7ok farkl\u0131 mesele oldu\u011funu anlatt\u0131.<\/p>\n<p>Yerapetritis ile g\u00f6r\u00fc\u015fmesinde T\u00fcrk ve M\u00fcsl\u00fcman az\u0131nl\u0131\u011f\u0131n durumunu da g\u00f6r\u00fc\u015ft\u00fcklerini anlatan Fidan, T\u00fcrkiye ve Yunanistan\u2019\u0131n Avrupa G\u00fcvenlik ve \u0130\u015fbirli\u011fi Te\u015fkilat\u0131 (AG\u0130T) kapsam\u0131nda ortak bir proje y\u00fcr\u00fctt\u00fc\u011f\u00fcn\u00fc ve AG\u0130T y\u00f6netimi i\u00e7in ortak paket teklif ettiklerini s\u00f6yledi.<\/p>\n<p>Fidan, bu kapsamda AG\u0130T Genel Sekreterli\u011fine bir T\u00fcrk aday\u0131n ve bir direkt\u00f6rl\u00fc\u011fe de bir Yunan aday\u0131n ortak paket ve imzayla sunuldu\u011funu anlatt\u0131.<\/p>\n<p>\u2013 \u201c(Donald Trump\u2019\u0131n kabine adaylar\u0131) \u0130lk etapta g\u00f6rebildi\u011fim tabi yo\u011fun bir \u0130srail yanl\u0131s\u0131 durum var. Bu s\u00fcrpriz de\u011fil\u201d<\/p>\n<p>D\u0131\u015fi\u015fleri Bakan\u0131 Fidan, ABD\u2019nin 47. Ba\u015fkan\u0131 se\u00e7ilen Donald Trump\u2019\u0131n kabine adaylar\u0131na ili\u015fkin \u201cBenim ilk etapta g\u00f6rebildi\u011fim tabi yo\u011fun bir \u0130srail yanl\u0131s\u0131 durum var. Bu s\u00fcrpriz de\u011fil, yani Amerikan i\u00e7 politikas\u0131nda, \u00f6zellikle Kongrede, iki taraf\u0131nda da hem Temsilciler Meclisinde hem Senatoda a\u011f\u0131rl\u0131kl\u0131 olarak \u0130srail destek\u00e7ili\u011fi bir gerek \u015fart haline gelmi\u015f durumda.\u201d dedi.<\/p>\n<p>ABD\u2019nin 47. Ba\u015fkan\u0131 se\u00e7ilen Trump d\u00f6neminde T\u00fcrkiye-ABD ili\u015fkilerinin nas\u0131l olaca\u011f\u0131n\u0131n sorulmas\u0131 \u00fczerine Fidan, Cumhurba\u015fkan\u0131 Recep Tayyip Erdo\u011fan\u2019\u0131n Trump ile \u00e7ok g\u00fc\u00e7l\u00fc \u015fahsi ili\u015fkisinin oldu\u011funu dile getirdi. Bakan Fidan, \u201cBen \u00e7ok b\u00fcy\u00fck problem olaca\u011f\u0131n\u0131 d\u00fc\u015f\u00fcnm\u00fcyorum, yani iktidar\u0131 anlamada, reflekslerini g\u00f6rmede bizim problemimiz olmayacak.\u201d dedi.<\/p>\n<p>Suriye\u2019nin kuzeyinin g\u00fcvenli\u011fiyle ilgili bir soru \u00fczerine Fidan, \u201cGerek Amerikal\u0131 dostlar\u0131m\u0131za gerek herkese, s\u00f6yl\u00fcyoruz. Kimin orada oldu\u011fundan, kiminle i\u015f tutuldu\u011fundan ba\u011f\u0131ms\u0131z, bizim milletimize, bizim devletimize tehdit te\u015fkil eden s\u0131n\u0131r\u0131m\u0131z\u0131n \u00f6tesindeki bu hedeflerle biz m\u00fccadele etmeye devam edece\u011fiz.\u201d ifadelerini kulland\u0131.<\/p>\n<p><strong>\u2013 \u0130\u0130T ve Arap Ligi Ola\u011fan\u00fcst\u00fc Zirvesi\u2019nin sonu\u00e7lar\u0131 \u201ctarihi niteli\u011fe sahip\u201d<\/strong><\/p>\n<p>\u0130slam \u0130\u015fbirli\u011fi Te\u015fkilat\u0131 (\u0130\u0130T) ve Arap Birli\u011fi Ola\u011fan\u00fcst\u00fc Zirvesi\u2019nde, Temas Grubu\u2019nun son bir y\u0131ld\u0131r \u00fcretti\u011fi b\u00fct\u00fcn m\u00fcktesebat\u0131n ve b\u00fct\u00fcn tekliflerin kay\u0131t alt\u0131na al\u0131nd\u0131\u011f\u0131n\u0131 kaydeden Fidan, \u201cBence bu toplant\u0131n\u0131n sonu\u00e7lar\u0131 tarihi niteli\u011fe sahipti. \u0130slam \u0130\u015fbirli\u011fi Te\u015fkilat\u0131 \u00fcyesi \u00fclkeler asl\u0131nda diplomatik olarak, siyasi olarak bir fikir birli\u011fi i\u00e7erisine girdiler, bir irade beyan\u0131nda bulundular.\u201d de\u011ferlendirmesini yapt\u0131.<\/p>\n<p>Fidan, zirvede \u00f6zellikle \u0130srail\u2019le i\u015fbirli\u011fi olan \u00fclkeler nezdinde at\u0131labilecek ad\u0131mlar, ba\u015fta Uluslararas\u0131 Adalet Divan\u0131 (UAD) ile olmak \u00fczere uluslararas\u0131 kurumlar nezdinde \u0130srail\u2019i mahkum ettirmeye y\u00f6nelik at\u0131lmas\u0131 gereken ad\u0131mlar ile \u00e7ift tarafl\u0131 yap\u0131labilecek ambargolar\u0131n kay\u0131tlara ge\u00e7ti\u011fini s\u00f6yledi.<\/p>\n<p>\u201c\u0130srail\u2019in Gazze\u2019ye sald\u0131r\u0131lar\u0131n\u0131n ne zaman ve nas\u0131l duraca\u011f\u0131\u201d sorusuna yan\u0131t veren Fidan, \u201c\u0130srail ve Amerika ile destek\u00e7ileri herhangi bir bedel \u00f6demedikleri s\u00fcrece bu politikan\u0131n devaml\u0131l\u0131\u011f\u0131n\u0131 biz g\u00f6rece\u011fiz. \u0130srail \u015fu anda siyasi bedel, askeri bedel, ekonomik bedel \u00f6demiyor.\u201d ifadelerini kulland\u0131.<\/p>\n<p>Fidan, \u201cAmerika\u2019daki se\u00e7imlerin kaybedilmesinde Filistin\u2019deki meselenin de bir nebze rol\u00fc oldu. M\u00fcsl\u00fcman se\u00e7men, Arap se\u00e7men ve ba\u015fka ezilmi\u015f milletlerden gelen se\u00e7menlerin klasik olarak Demokratlar\u0131 desteklemesi gerekirken bak\u0131yorsunuz cezaland\u0131rd\u0131lar ve Cumhuriyet\u00e7ilerin yolundan gittiler.\u201d ifadelerine yer verdi.<\/p>\n<p>Bakan Fidan, \u0130srail\u2019in Gazze\u2019deki soyk\u0131r\u0131m\u0131n\u0131n cezas\u0131z kalmas\u0131n\u0131n, beraberinde daha b\u00fcy\u00fck bir sava\u015f\u0131 ve \u00f6ng\u00f6r\u00fclemeyen kitlesel sorunlar\u0131n ortaya \u00e7\u0131kmas\u0131na sebep olabilece\u011fine i\u015faret etti.<\/p>\n<p>\u0130srail\u2019in Gazze\u2019deki soyk\u0131r\u0131m\u0131 konusunda g\u00f6rd\u00fckleri kar\u015f\u0131s\u0131nda ki\u015fisel olarak ne hissetti\u011finin sorulmas\u0131 \u00fczerine Fidan, \u201cBen bir sava\u015ftay\u0131m. Hislerimi g\u00f6sterme l\u00fcks\u00fcm yok.\u201d yan\u0131t\u0131n\u0131 verdi<\/p>\n<p>Bakan Fidan, T\u00fcrkiye-Suriye ili\u015fkilerinin normalle\u015fmesine ili\u015fkin soruya da, geldikleri noktada Suriye\u2019de i\u00e7 sava\u015f\u0131n dondu\u011funu, daha fazla y\u00fcksek say\u0131da insan\u0131n hayat\u0131n\u0131 kaybetmedi\u011fini ve yerinden edilmenin ya\u015fanmad\u0131\u011f\u0131n\u0131, bunlar\u0131n b\u00fcy\u00fck \u00f6l\u00e7\u00fcde azald\u0131\u011f\u0131n\u0131 belirtti.<\/p>\n<p>\u201cAma daha iyi bir \u00e7\u00f6z\u00fcm\u00fcn m\u00fcmk\u00fcn olmas\u0131 i\u00e7in gerekli ad\u0131mlar\u0131n at\u0131lmad\u0131\u011f\u0131n\u0131 g\u00f6r\u00fcyoruz.\u201d diyen Fidan, Suriye rejiminin yurt d\u0131\u015f\u0131ndaki 10 milyon civar\u0131nda Suriyeliyi tekrar Suriye\u2019ye getirme konusunda bir tercih yapmas\u0131 gerekti\u011fini s\u00f6yledi.<\/p>\n<p>\u2013 \u201cT\u00fcrkiye\u2019nin \u00f6nceli\u011fi b\u00f6lgede sava\u015f ve \u00e7at\u0131\u015fma olmamas\u0131\u201d<\/p>\n<p>Rusya-Ukrayna sava\u015f\u0131nda T\u00fcrkiye\u2019nin y\u00fcr\u00fctt\u00fc\u011f\u00fc arabuluculu\u011fa ve sava\u015f\u0131n gidi\u015fat\u0131na ili\u015fkin Fidan, bu konunun yak\u0131ndan takip edildi\u011fini ve ilk g\u00fcnden itibaren iki tarafa da \u00e7ok ciddi uyar\u0131larda bulunduklar\u0131n\u0131 vurgulayarak, \u201cTabii, i\u015fgalin kendisine biz kar\u015f\u0131y\u0131z.\u201d dedi.<\/p>\n<p>Fidan, T\u00fcrkiye\u2019nin bar\u0131\u015f\u0131n sesini, umudunu ve olabilirli\u011fini dile getiren, y\u00fckselten, s\u00fcrekli o \u0131\u015f\u0131\u011f\u0131 canl\u0131 tutan g\u00fc\u00e7l\u00fc bir devlet olmas\u0131n\u0131n \u00f6nemine dikkati \u00e7ekerek, \u201cBu sava\u015f inan\u0131lmaz derecede yok edici bir sava\u015f. Y\u00fcz binlerce insan \u00f6ld\u00fc. Her iki taraf da kamuoyu bask\u0131s\u0131 almamak i\u00e7in ger\u00e7ek \u00f6l\u00fc miktar\u0131n\u0131 maalesef payla\u015fm\u0131yor. Yani 500 binin \u00fcst\u00fcnde insan kayb\u0131ndan s\u00f6z ediyoruz.\u201d dedi.<\/p>\n<p>T\u00fcrkiye\u2019nin sava\u015f\u0131n durmas\u0131 i\u00e7in pozisyonunu devam ettirdi\u011fini kaydeden Fidan, \u201cBiz buradan bir puan ve kredi alma pe\u015finde de\u011filiz. Ger\u00e7ek manada, samimi bir \u015fekilde bu sava\u015f\u0131n bitmesine y\u00f6nelik bir stratejik niyetimiz var. Bizim h\u00fck\u00fcmet olarak d\u0131\u015f politikadaki bir numaral\u0131 \u00f6nceli\u011fimiz yak\u0131n b\u00f6lgemizde sava\u015f\u0131n ve \u00e7at\u0131\u015fmalar\u0131n olmamas\u0131, kuzeyimiz, g\u00fcneyimiz, do\u011fumuz, bat\u0131m\u0131z\u201d. diye konu\u015ftu.<\/p>\n<\/p><\/div>\n<p><script async\n                    defer\n                    crossorigin=\"anonymous\"\n                    src=\"https:\/\/connect.facebook.net\/tr_TR\/sdk.js#xfbml=1&#038;version=v3.3\"\n            ><\/script><\/p>\n","protected":false},"excerpt":{"rendered":"<p>\u00a0 T\u00fcrkiye Cumhuriyeti D\u0131\u015fi\u015fleri Bakan\u0131 Hakan Fidan \u201cAdadaki ger\u00e7eklik iki toplumun birbirinden ayr\u0131 ya\u015famas\u0131, art\u0131k her iki toplum da kendi yolunu kendi \u00e7izmi\u015f, kendi hayat\u0131n\u0131 kendi ya\u015f\u0131yor, kendi g\u00f6be\u011fini kendi kesmi\u015f, yoluna devam ediyor.\u201d dedi. Fidan, bu toplumlar\u0131n tekrar zoraki bir \u015fekilde, bir form\u00fcl alt\u0131nda birle\u015ftirilip g\u00fc\u00e7 payla\u015f\u0131m\u0131 i\u00e7erisine sokulmas\u0131 aray\u0131\u015f\u0131n\u0131n netice verecek bir aray\u0131\u015f [&hellip;]<\/p>\n","protected":false},"author":1,"featured_media":13679,"comment_status":"open","ping_status":"open","sticky":false,"template":"","format":"standard","meta":{"jnews-multi-image_gallery":[],"jnews_single_post":[],"jnews_primary_category":[],"jnews_social_meta":[],"jnews_override_counter":[],"footnotes":""},"categories":[5],"tags":[],"class_list":["post-13678","post","type-post","status-publish","format-standard","has-post-thumbnail","hentry","category-turkiye"],"yoast_head":"<!-- This site is optimized with the Yoast SEO plugin v27.4 - https:\/\/yoast.com\/product\/yoast-seo-wordpress\/ -->\n<title>TC D\u0131\u015fi\u015fleri Bakan\u0131 Fidan: \u201cAdadaki ger\u00e7eklik iki toplumun birbirinden ayr\u0131 ya\u015famas\u0131\u201d - Kuzeyin Sesi<\/title>\n<meta name=\"robots\" content=\"index, follow, max-snippet:-1, max-image-preview:large, max-video-preview:-1\" \/>\n<link rel=\"canonical\" href=\"https:\/\/kuzeyinsesi.org\/index.php\/2024\/11\/16\/tc-disisleri-bakani-fidan-adadaki-gerceklik-iki-toplumun-birbirinden-ayri-yasamasi\/\" \/>\n<meta property=\"og:locale\" content=\"tr_TR\" \/>\n<meta property=\"og:type\" content=\"article\" \/>\n<meta property=\"og:title\" content=\"TC D\u0131\u015fi\u015fleri Bakan\u0131 Fidan: \u201cAdadaki ger\u00e7eklik iki toplumun birbirinden ayr\u0131 ya\u015famas\u0131\u201d - Kuzeyin Sesi\" \/>\n<meta property=\"og:description\" content=\"\u00a0 T\u00fcrkiye Cumhuriyeti D\u0131\u015fi\u015fleri Bakan\u0131 Hakan Fidan \u201cAdadaki ger\u00e7eklik iki toplumun birbirinden ayr\u0131 ya\u015famas\u0131, art\u0131k her iki toplum da kendi yolunu kendi \u00e7izmi\u015f, kendi hayat\u0131n\u0131 kendi ya\u015f\u0131yor, kendi g\u00f6be\u011fini kendi kesmi\u015f, yoluna devam ediyor.\u201d dedi. Fidan, bu toplumlar\u0131n tekrar zoraki bir \u015fekilde, bir form\u00fcl alt\u0131nda birle\u015ftirilip g\u00fc\u00e7 payla\u015f\u0131m\u0131 i\u00e7erisine sokulmas\u0131 aray\u0131\u015f\u0131n\u0131n netice verecek bir aray\u0131\u015f [&hellip;]\" \/>\n<meta property=\"og:url\" content=\"https:\/\/kuzeyinsesi.org\/index.php\/2024\/11\/16\/tc-disisleri-bakani-fidan-adadaki-gerceklik-iki-toplumun-birbirinden-ayri-yasamasi\/\" \/>\n<meta property=\"og:site_name\" content=\"Kuzeyin Sesi\" \/>\n<meta property=\"article:publisher\" content=\"https:\/\/www.facebook.com\/kuzeyinsesii\" \/>\n<meta property=\"article:published_time\" content=\"2024-11-16T09:56:42+00:00\" \/>\n<meta property=\"og:image\" content=\"https:\/\/brtk.net\/wp-content\/uploads\/2024\/11\/16\/aa-20241115-36205709-36205705-disisleri-bakani-fidan-canli-yayinda-gundemi-degerlendirdi-scaled.jpg?ver=74ed349ddc1ceda4cbc38ceb535c4a12\" \/>\n<meta name=\"author\" content=\"Kuzeyin Sesi\" \/>\n<meta name=\"twitter:card\" content=\"summary_large_image\" \/>\n<meta name=\"twitter:creator\" content=\"@kuzeyinsesii\" \/>\n<meta name=\"twitter:site\" content=\"@kuzeyinsesii\" \/>\n<meta name=\"twitter:label1\" content=\"Yazan:\" \/>\n\t<meta name=\"twitter:data1\" content=\"Kuzeyin Sesi\" \/>\n\t<meta name=\"twitter:label2\" content=\"Tahmini okuma s\u00fcresi\" \/>\n\t<meta name=\"twitter:data2\" content=\"9 dakika\" \/>\n<script type=\"application\/ld+json\" class=\"yoast-schema-graph\">{\"@context\":\"https:\\\/\\\/schema.org\",\"@graph\":[{\"@type\":\"Article\",\"@id\":\"https:\\\/\\\/kuzeyinsesi.org\\\/index.php\\\/2024\\\/11\\\/16\\\/tc-disisleri-bakani-fidan-adadaki-gerceklik-iki-toplumun-birbirinden-ayri-yasamasi\\\/#article\",\"isPartOf\":{\"@id\":\"https:\\\/\\\/kuzeyinsesi.org\\\/index.php\\\/2024\\\/11\\\/16\\\/tc-disisleri-bakani-fidan-adadaki-gerceklik-iki-toplumun-birbirinden-ayri-yasamasi\\\/\"},\"author\":{\"name\":\"Kuzeyin Sesi\",\"@id\":\"https:\\\/\\\/kuzeyinsesi.org\\\/#\\\/schema\\\/person\\\/9f859689cdf01485597712386e37f5aa\"},\"headline\":\"TC D\u0131\u015fi\u015fleri Bakan\u0131 Fidan: \u201cAdadaki ger\u00e7eklik iki toplumun birbirinden ayr\u0131 ya\u015famas\u0131\u201d\",\"datePublished\":\"2024-11-16T09:56:42+00:00\",\"mainEntityOfPage\":{\"@id\":\"https:\\\/\\\/kuzeyinsesi.org\\\/index.php\\\/2024\\\/11\\\/16\\\/tc-disisleri-bakani-fidan-adadaki-gerceklik-iki-toplumun-birbirinden-ayri-yasamasi\\\/\"},\"wordCount\":1796,\"commentCount\":0,\"image\":{\"@id\":\"https:\\\/\\\/kuzeyinsesi.org\\\/index.php\\\/2024\\\/11\\\/16\\\/tc-disisleri-bakani-fidan-adadaki-gerceklik-iki-toplumun-birbirinden-ayri-yasamasi\\\/#primaryimage\"},\"thumbnailUrl\":\"https:\\\/\\\/kuzeyinsesi.org\\\/wp-content\\\/uploads\\\/2024\\\/11\\\/aa-20241115-36205709-36205705-disisleri-bakani-fidan-canli-yayinda-gundemi-degerlendirdi-scaled.jpg\",\"articleSection\":[\"T\u00fcrkiye\"],\"inLanguage\":\"tr\",\"potentialAction\":[{\"@type\":\"CommentAction\",\"name\":\"Comment\",\"target\":[\"https:\\\/\\\/kuzeyinsesi.org\\\/index.php\\\/2024\\\/11\\\/16\\\/tc-disisleri-bakani-fidan-adadaki-gerceklik-iki-toplumun-birbirinden-ayri-yasamasi\\\/#respond\"]}]},{\"@type\":\"WebPage\",\"@id\":\"https:\\\/\\\/kuzeyinsesi.org\\\/index.php\\\/2024\\\/11\\\/16\\\/tc-disisleri-bakani-fidan-adadaki-gerceklik-iki-toplumun-birbirinden-ayri-yasamasi\\\/\",\"url\":\"https:\\\/\\\/kuzeyinsesi.org\\\/index.php\\\/2024\\\/11\\\/16\\\/tc-disisleri-bakani-fidan-adadaki-gerceklik-iki-toplumun-birbirinden-ayri-yasamasi\\\/\",\"name\":\"TC D\u0131\u015fi\u015fleri Bakan\u0131 Fidan: \u201cAdadaki ger\u00e7eklik iki toplumun birbirinden ayr\u0131 ya\u015famas\u0131\u201d - Kuzeyin Sesi\",\"isPartOf\":{\"@id\":\"https:\\\/\\\/kuzeyinsesi.org\\\/#website\"},\"primaryImageOfPage\":{\"@id\":\"https:\\\/\\\/kuzeyinsesi.org\\\/index.php\\\/2024\\\/11\\\/16\\\/tc-disisleri-bakani-fidan-adadaki-gerceklik-iki-toplumun-birbirinden-ayri-yasamasi\\\/#primaryimage\"},\"image\":{\"@id\":\"https:\\\/\\\/kuzeyinsesi.org\\\/index.php\\\/2024\\\/11\\\/16\\\/tc-disisleri-bakani-fidan-adadaki-gerceklik-iki-toplumun-birbirinden-ayri-yasamasi\\\/#primaryimage\"},\"thumbnailUrl\":\"https:\\\/\\\/kuzeyinsesi.org\\\/wp-content\\\/uploads\\\/2024\\\/11\\\/aa-20241115-36205709-36205705-disisleri-bakani-fidan-canli-yayinda-gundemi-degerlendirdi-scaled.jpg\",\"datePublished\":\"2024-11-16T09:56:42+00:00\",\"author\":{\"@id\":\"https:\\\/\\\/kuzeyinsesi.org\\\/#\\\/schema\\\/person\\\/9f859689cdf01485597712386e37f5aa\"},\"breadcrumb\":{\"@id\":\"https:\\\/\\\/kuzeyinsesi.org\\\/index.php\\\/2024\\\/11\\\/16\\\/tc-disisleri-bakani-fidan-adadaki-gerceklik-iki-toplumun-birbirinden-ayri-yasamasi\\\/#breadcrumb\"},\"inLanguage\":\"tr\",\"potentialAction\":[{\"@type\":\"ReadAction\",\"target\":[\"https:\\\/\\\/kuzeyinsesi.org\\\/index.php\\\/2024\\\/11\\\/16\\\/tc-disisleri-bakani-fidan-adadaki-gerceklik-iki-toplumun-birbirinden-ayri-yasamasi\\\/\"]}]},{\"@type\":\"ImageObject\",\"inLanguage\":\"tr\",\"@id\":\"https:\\\/\\\/kuzeyinsesi.org\\\/index.php\\\/2024\\\/11\\\/16\\\/tc-disisleri-bakani-fidan-adadaki-gerceklik-iki-toplumun-birbirinden-ayri-yasamasi\\\/#primaryimage\",\"url\":\"https:\\\/\\\/kuzeyinsesi.org\\\/wp-content\\\/uploads\\\/2024\\\/11\\\/aa-20241115-36205709-36205705-disisleri-bakani-fidan-canli-yayinda-gundemi-degerlendirdi-scaled.jpg\",\"contentUrl\":\"https:\\\/\\\/kuzeyinsesi.org\\\/wp-content\\\/uploads\\\/2024\\\/11\\\/aa-20241115-36205709-36205705-disisleri-bakani-fidan-canli-yayinda-gundemi-degerlendirdi-scaled.jpg\",\"width\":2560,\"height\":1708},{\"@type\":\"BreadcrumbList\",\"@id\":\"https:\\\/\\\/kuzeyinsesi.org\\\/index.php\\\/2024\\\/11\\\/16\\\/tc-disisleri-bakani-fidan-adadaki-gerceklik-iki-toplumun-birbirinden-ayri-yasamasi\\\/#breadcrumb\",\"itemListElement\":[{\"@type\":\"ListItem\",\"position\":1,\"name\":\"Anasayfa\",\"item\":\"https:\\\/\\\/kuzeyinsesi.org\\\/\"},{\"@type\":\"ListItem\",\"position\":2,\"name\":\"TC D\u0131\u015fi\u015fleri Bakan\u0131 Fidan: \u201cAdadaki ger\u00e7eklik iki toplumun birbirinden ayr\u0131 ya\u015famas\u0131\u201d\"}]},{\"@type\":\"WebSite\",\"@id\":\"https:\\\/\\\/kuzeyinsesi.org\\\/#website\",\"url\":\"https:\\\/\\\/kuzeyinsesi.org\\\/\",\"name\":\"Kuzeyin Sesi\",\"description\":\"Do\u011fru Haberin Adresi\",\"potentialAction\":[{\"@type\":\"SearchAction\",\"target\":{\"@type\":\"EntryPoint\",\"urlTemplate\":\"https:\\\/\\\/kuzeyinsesi.org\\\/?s={search_term_string}\"},\"query-input\":{\"@type\":\"PropertyValueSpecification\",\"valueRequired\":true,\"valueName\":\"search_term_string\"}}],\"inLanguage\":\"tr\"},{\"@type\":\"Person\",\"@id\":\"https:\\\/\\\/kuzeyinsesi.org\\\/#\\\/schema\\\/person\\\/9f859689cdf01485597712386e37f5aa\",\"name\":\"Kuzeyin Sesi\",\"image\":{\"@type\":\"ImageObject\",\"inLanguage\":\"tr\",\"@id\":\"https:\\\/\\\/secure.gravatar.com\\\/avatar\\\/bab33852abfd8b282518d6ed81826833d77c3c882d9ab608add591ccace47a44?s=96&d=mm&r=g\",\"url\":\"https:\\\/\\\/secure.gravatar.com\\\/avatar\\\/bab33852abfd8b282518d6ed81826833d77c3c882d9ab608add591ccace47a44?s=96&d=mm&r=g\",\"contentUrl\":\"https:\\\/\\\/secure.gravatar.com\\\/avatar\\\/bab33852abfd8b282518d6ed81826833d77c3c882d9ab608add591ccace47a44?s=96&d=mm&r=g\",\"caption\":\"Kuzeyin Sesi\"},\"sameAs\":[\"https:\\\/\\\/kuzeyinsesi.org\"],\"url\":\"https:\\\/\\\/kuzeyinsesi.org\\\/index.php\\\/author\\\/guven\\\/\"}]}<\/script>\n<!-- \/ Yoast SEO plugin. -->","yoast_head_json":{"title":"TC D\u0131\u015fi\u015fleri Bakan\u0131 Fidan: \u201cAdadaki ger\u00e7eklik iki toplumun birbirinden ayr\u0131 ya\u015famas\u0131\u201d - Kuzeyin Sesi","robots":{"index":"index","follow":"follow","max-snippet":"max-snippet:-1","max-image-preview":"max-image-preview:large","max-video-preview":"max-video-preview:-1"},"canonical":"https:\/\/kuzeyinsesi.org\/index.php\/2024\/11\/16\/tc-disisleri-bakani-fidan-adadaki-gerceklik-iki-toplumun-birbirinden-ayri-yasamasi\/","og_locale":"tr_TR","og_type":"article","og_title":"TC D\u0131\u015fi\u015fleri Bakan\u0131 Fidan: \u201cAdadaki ger\u00e7eklik iki toplumun birbirinden ayr\u0131 ya\u015famas\u0131\u201d - Kuzeyin Sesi","og_description":"\u00a0 T\u00fcrkiye Cumhuriyeti D\u0131\u015fi\u015fleri Bakan\u0131 Hakan Fidan \u201cAdadaki ger\u00e7eklik iki toplumun birbirinden ayr\u0131 ya\u015famas\u0131, art\u0131k her iki toplum da kendi yolunu kendi \u00e7izmi\u015f, kendi hayat\u0131n\u0131 kendi ya\u015f\u0131yor, kendi g\u00f6be\u011fini kendi kesmi\u015f, yoluna devam ediyor.\u201d dedi. Fidan, bu toplumlar\u0131n tekrar zoraki bir \u015fekilde, bir form\u00fcl alt\u0131nda birle\u015ftirilip g\u00fc\u00e7 payla\u015f\u0131m\u0131 i\u00e7erisine sokulmas\u0131 aray\u0131\u015f\u0131n\u0131n netice verecek bir aray\u0131\u015f [&hellip;]","og_url":"https:\/\/kuzeyinsesi.org\/index.php\/2024\/11\/16\/tc-disisleri-bakani-fidan-adadaki-gerceklik-iki-toplumun-birbirinden-ayri-yasamasi\/","og_site_name":"Kuzeyin Sesi","article_publisher":"https:\/\/www.facebook.com\/kuzeyinsesii","article_published_time":"2024-11-16T09:56:42+00:00","og_image":[{"url":"https:\/\/brtk.net\/wp-content\/uploads\/2024\/11\/16\/aa-20241115-36205709-36205705-disisleri-bakani-fidan-canli-yayinda-gundemi-degerlendirdi-scaled.jpg?ver=74ed349ddc1ceda4cbc38ceb535c4a12","type":"","width":"","height":""}],"author":"Kuzeyin Sesi","twitter_card":"summary_large_image","twitter_creator":"@kuzeyinsesii","twitter_site":"@kuzeyinsesii","twitter_misc":{"Yazan:":"Kuzeyin Sesi","Tahmini okuma s\u00fcresi":"9 dakika"},"schema":{"@context":"https:\/\/schema.org","@graph":[{"@type":"Article","@id":"https:\/\/kuzeyinsesi.org\/index.php\/2024\/11\/16\/tc-disisleri-bakani-fidan-adadaki-gerceklik-iki-toplumun-birbirinden-ayri-yasamasi\/#article","isPartOf":{"@id":"https:\/\/kuzeyinsesi.org\/index.php\/2024\/11\/16\/tc-disisleri-bakani-fidan-adadaki-gerceklik-iki-toplumun-birbirinden-ayri-yasamasi\/"},"author":{"name":"Kuzeyin Sesi","@id":"https:\/\/kuzeyinsesi.org\/#\/schema\/person\/9f859689cdf01485597712386e37f5aa"},"headline":"TC D\u0131\u015fi\u015fleri Bakan\u0131 Fidan: \u201cAdadaki ger\u00e7eklik iki toplumun birbirinden ayr\u0131 ya\u015famas\u0131\u201d","datePublished":"2024-11-16T09:56:42+00:00","mainEntityOfPage":{"@id":"https:\/\/kuzeyinsesi.org\/index.php\/2024\/11\/16\/tc-disisleri-bakani-fidan-adadaki-gerceklik-iki-toplumun-birbirinden-ayri-yasamasi\/"},"wordCount":1796,"commentCount":0,"image":{"@id":"https:\/\/kuzeyinsesi.org\/index.php\/2024\/11\/16\/tc-disisleri-bakani-fidan-adadaki-gerceklik-iki-toplumun-birbirinden-ayri-yasamasi\/#primaryimage"},"thumbnailUrl":"https:\/\/kuzeyinsesi.org\/wp-content\/uploads\/2024\/11\/aa-20241115-36205709-36205705-disisleri-bakani-fidan-canli-yayinda-gundemi-degerlendirdi-scaled.jpg","articleSection":["T\u00fcrkiye"],"inLanguage":"tr","potentialAction":[{"@type":"CommentAction","name":"Comment","target":["https:\/\/kuzeyinsesi.org\/index.php\/2024\/11\/16\/tc-disisleri-bakani-fidan-adadaki-gerceklik-iki-toplumun-birbirinden-ayri-yasamasi\/#respond"]}]},{"@type":"WebPage","@id":"https:\/\/kuzeyinsesi.org\/index.php\/2024\/11\/16\/tc-disisleri-bakani-fidan-adadaki-gerceklik-iki-toplumun-birbirinden-ayri-yasamasi\/","url":"https:\/\/kuzeyinsesi.org\/index.php\/2024\/11\/16\/tc-disisleri-bakani-fidan-adadaki-gerceklik-iki-toplumun-birbirinden-ayri-yasamasi\/","name":"TC D\u0131\u015fi\u015fleri Bakan\u0131 Fidan: \u201cAdadaki ger\u00e7eklik iki toplumun birbirinden ayr\u0131 ya\u015famas\u0131\u201d - Kuzeyin Sesi","isPartOf":{"@id":"https:\/\/kuzeyinsesi.org\/#website"},"primaryImageOfPage":{"@id":"https:\/\/kuzeyinsesi.org\/index.php\/2024\/11\/16\/tc-disisleri-bakani-fidan-adadaki-gerceklik-iki-toplumun-birbirinden-ayri-yasamasi\/#primaryimage"},"image":{"@id":"https:\/\/kuzeyinsesi.org\/index.php\/2024\/11\/16\/tc-disisleri-bakani-fidan-adadaki-gerceklik-iki-toplumun-birbirinden-ayri-yasamasi\/#primaryimage"},"thumbnailUrl":"https:\/\/kuzeyinsesi.org\/wp-content\/uploads\/2024\/11\/aa-20241115-36205709-36205705-disisleri-bakani-fidan-canli-yayinda-gundemi-degerlendirdi-scaled.jpg","datePublished":"2024-11-16T09:56:42+00:00","author":{"@id":"https:\/\/kuzeyinsesi.org\/#\/schema\/person\/9f859689cdf01485597712386e37f5aa"},"breadcrumb":{"@id":"https:\/\/kuzeyinsesi.org\/index.php\/2024\/11\/16\/tc-disisleri-bakani-fidan-adadaki-gerceklik-iki-toplumun-birbirinden-ayri-yasamasi\/#breadcrumb"},"inLanguage":"tr","potentialAction":[{"@type":"ReadAction","target":["https:\/\/kuzeyinsesi.org\/index.php\/2024\/11\/16\/tc-disisleri-bakani-fidan-adadaki-gerceklik-iki-toplumun-birbirinden-ayri-yasamasi\/"]}]},{"@type":"ImageObject","inLanguage":"tr","@id":"https:\/\/kuzeyinsesi.org\/index.php\/2024\/11\/16\/tc-disisleri-bakani-fidan-adadaki-gerceklik-iki-toplumun-birbirinden-ayri-yasamasi\/#primaryimage","url":"https:\/\/kuzeyinsesi.org\/wp-content\/uploads\/2024\/11\/aa-20241115-36205709-36205705-disisleri-bakani-fidan-canli-yayinda-gundemi-degerlendirdi-scaled.jpg","contentUrl":"https:\/\/kuzeyinsesi.org\/wp-content\/uploads\/2024\/11\/aa-20241115-36205709-36205705-disisleri-bakani-fidan-canli-yayinda-gundemi-degerlendirdi-scaled.jpg","width":2560,"height":1708},{"@type":"BreadcrumbList","@id":"https:\/\/kuzeyinsesi.org\/index.php\/2024\/11\/16\/tc-disisleri-bakani-fidan-adadaki-gerceklik-iki-toplumun-birbirinden-ayri-yasamasi\/#breadcrumb","itemListElement":[{"@type":"ListItem","position":1,"name":"Anasayfa","item":"https:\/\/kuzeyinsesi.org\/"},{"@type":"ListItem","position":2,"name":"TC D\u0131\u015fi\u015fleri Bakan\u0131 Fidan: \u201cAdadaki ger\u00e7eklik iki toplumun birbirinden ayr\u0131 ya\u015famas\u0131\u201d"}]},{"@type":"WebSite","@id":"https:\/\/kuzeyinsesi.org\/#website","url":"https:\/\/kuzeyinsesi.org\/","name":"Kuzeyin Sesi","description":"Do\u011fru Haberin Adresi","potentialAction":[{"@type":"SearchAction","target":{"@type":"EntryPoint","urlTemplate":"https:\/\/kuzeyinsesi.org\/?s={search_term_string}"},"query-input":{"@type":"PropertyValueSpecification","valueRequired":true,"valueName":"search_term_string"}}],"inLanguage":"tr"},{"@type":"Person","@id":"https:\/\/kuzeyinsesi.org\/#\/schema\/person\/9f859689cdf01485597712386e37f5aa","name":"Kuzeyin Sesi","image":{"@type":"ImageObject","inLanguage":"tr","@id":"https:\/\/secure.gravatar.com\/avatar\/bab33852abfd8b282518d6ed81826833d77c3c882d9ab608add591ccace47a44?s=96&d=mm&r=g","url":"https:\/\/secure.gravatar.com\/avatar\/bab33852abfd8b282518d6ed81826833d77c3c882d9ab608add591ccace47a44?s=96&d=mm&r=g","contentUrl":"https:\/\/secure.gravatar.com\/avatar\/bab33852abfd8b282518d6ed81826833d77c3c882d9ab608add591ccace47a44?s=96&d=mm&r=g","caption":"Kuzeyin Sesi"},"sameAs":["https:\/\/kuzeyinsesi.org"],"url":"https:\/\/kuzeyinsesi.org\/index.php\/author\/guven\/"}]}},"_links":{"self":[{"href":"https:\/\/kuzeyinsesi.org\/index.php\/wp-json\/wp\/v2\/posts\/13678","targetHints":{"allow":["GET"]}}],"collection":[{"href":"https:\/\/kuzeyinsesi.org\/index.php\/wp-json\/wp\/v2\/posts"}],"about":[{"href":"https:\/\/kuzeyinsesi.org\/index.php\/wp-json\/wp\/v2\/types\/post"}],"author":[{"embeddable":true,"href":"https:\/\/kuzeyinsesi.org\/index.php\/wp-json\/wp\/v2\/users\/1"}],"replies":[{"embeddable":true,"href":"https:\/\/kuzeyinsesi.org\/index.php\/wp-json\/wp\/v2\/comments?post=13678"}],"version-history":[{"count":0,"href":"https:\/\/kuzeyinsesi.org\/index.php\/wp-json\/wp\/v2\/posts\/13678\/revisions"}],"wp:featuredmedia":[{"embeddable":true,"href":"https:\/\/kuzeyinsesi.org\/index.php\/wp-json\/wp\/v2\/media\/13679"}],"wp:attachment":[{"href":"https:\/\/kuzeyinsesi.org\/index.php\/wp-json\/wp\/v2\/media?parent=13678"}],"wp:term":[{"taxonomy":"category","embeddable":true,"href":"https:\/\/kuzeyinsesi.org\/index.php\/wp-json\/wp\/v2\/categories?post=13678"},{"taxonomy":"post_tag","embeddable":true,"href":"https:\/\/kuzeyinsesi.org\/index.php\/wp-json\/wp\/v2\/tags?post=13678"}],"curies":[{"name":"wp","href":"https:\/\/api.w.org\/{rel}","templated":true}]}}