{"id":13670,"date":"2024-11-16T10:45:58","date_gmt":"2024-11-16T08:45:58","guid":{"rendered":"https:\/\/kuzeyinsesi.org\/index.php\/2024\/11\/16\/saglik-bakani-dincyurek-tc-saglik-bakani-memisoglu-ile-bir-araya-geldi\/"},"modified":"2024-11-16T10:45:58","modified_gmt":"2024-11-16T08:45:58","slug":"saglik-bakani-dincyurek-tc-saglik-bakani-memisoglu-ile-bir-araya-geldi","status":"publish","type":"post","link":"https:\/\/kuzeyinsesi.org\/index.php\/2024\/11\/16\/saglik-bakani-dincyurek-tc-saglik-bakani-memisoglu-ile-bir-araya-geldi\/","title":{"rendered":"Sa\u011fl\u0131k Bakan\u0131 Din\u00e7y\u00fcrek, TC Sa\u011fl\u0131k Bakan\u0131 Memi\u015fo\u011flu ile bir araya geldi"},"content":{"rendered":"<div>\n<div class=\"mariselle-image-container center\">\n                                            <\/div>\n<p>10. T\u00fcrk T\u0131p D\u00fcnyas\u0131 Kurultay\u0131 ve T\u00dcSEB Aziz Sancar Bilim, Hizmet ve Te\u015fvik \u00d6d\u00fcl T\u00f6reni\u2019ne kat\u0131lmak \u00fczere \u0130stanbul\u2019da bulunan Sa\u011fl\u0131k Bakan\u0131 Dr. Hakan Din\u00e7y\u00fcrek, T\u00fcrkiye Cumhuriyeti Sa\u011fl\u0131k Bakan\u0131 Prof. Dr. Kemal Memi\u015fo\u011flu ile g\u00f6r\u00fc\u015ft\u00fc.<\/p>\n<p>Sa\u011fl\u0131k Bakanl\u0131\u011f\u0131\u2019ndan yap\u0131lan a\u00e7\u0131klamaya g\u00f6re, Bakan Memi\u015fo\u011flu ile yap\u0131lan g\u00f6r\u00fc\u015fmede mevcut y\u00fcr\u00fcrl\u00fckte olan anla\u015fmalar ve ortak olarak y\u00fcr\u00fct\u00fclen projeler ele al\u0131nd\u0131. G\u00fcncel ihtiya\u00e7lara ilave olarak orta vadeli yat\u0131r\u0131m ve i\u015fbirlikleri g\u00fcndeme getirildi.<\/p>\n<p>K\u0131sa bir s\u00fcre sonra yeniden bir araya gelinerek isti\u015fare edilen konular\u0131n neticelendirilmesi hususunda hem fikir olundu.<\/p>\n<div class=\"mariselle-image-container center\">\n                <img decoding=\"async\" width=\"2560\" height=\"2239\" class=\"lazy-image\" alt=\"\" sizes=\"(max-width: 2560px) 100vw, 2560px\" src=\"https:\/\/brtk.net\/wp-content\/uploads\/2024\/11\/16\/saglik-bakani-1-7-scaled.jpg?ver=70adbf1de16c33171fce903c3160ed47\" srcset=\"https:\/\/brtk.net\/wp-content\/uploads\/2024\/11\/16\/saglik-bakani-1-7-scaled.jpg?ver=70adbf1de16c33171fce903c3160ed47 2560w, https:\/\/brtk.net\/wp-content\/uploads\/2024\/11\/16\/saglik-bakani-1-7-300x262.jpg?ver=1315aae83780825cd3c85e8bc96eb540 300w, https:\/\/brtk.net\/wp-content\/uploads\/2024\/11\/16\/saglik-bakani-1-7-1024x896.jpg?ver=c7e70c93284475575a61763718f4be7b 1024w, https:\/\/brtk.net\/wp-content\/uploads\/2024\/11\/16\/saglik-bakani-1-7-768x672.jpg?ver=575f751e3fdb76a27fa3e5e2ad4f952b 768w, https:\/\/brtk.net\/wp-content\/uploads\/2024\/11\/16\/saglik-bakani-1-7-1536x1344.jpg?ver=53c8bcb6de8d12481fb3c0e6a6e33d5a 1536w, https:\/\/brtk.net\/wp-content\/uploads\/2024\/11\/16\/saglik-bakani-1-7-2048x1791.jpg?ver=9d279216a1de9e28f3fc6dc4f09b0602 2048w\"\/>                            <\/div>\n<p>G\u00f6r\u00fc\u015fmenin sonunda kar\u015f\u0131l\u0131kl\u0131 hediye takdiminde bulunuldu.<\/p>\n<\/p><\/div>\n<p><script async\n                    defer\n                    crossorigin=\"anonymous\"\n                    src=\"https:\/\/connect.facebook.net\/tr_TR\/sdk.js#xfbml=1&#038;version=v3.3\"\n            ><\/script><\/p>\n","protected":false},"excerpt":{"rendered":"<p>10. T\u00fcrk T\u0131p D\u00fcnyas\u0131 Kurultay\u0131 ve T\u00dcSEB Aziz Sancar Bilim, Hizmet ve Te\u015fvik \u00d6d\u00fcl T\u00f6reni\u2019ne kat\u0131lmak \u00fczere \u0130stanbul\u2019da bulunan Sa\u011fl\u0131k Bakan\u0131 Dr. Hakan Din\u00e7y\u00fcrek, T\u00fcrkiye Cumhuriyeti Sa\u011fl\u0131k Bakan\u0131 Prof. Dr. Kemal Memi\u015fo\u011flu ile g\u00f6r\u00fc\u015ft\u00fc. Sa\u011fl\u0131k Bakanl\u0131\u011f\u0131\u2019ndan yap\u0131lan a\u00e7\u0131klamaya g\u00f6re, Bakan Memi\u015fo\u011flu ile yap\u0131lan g\u00f6r\u00fc\u015fmede mevcut y\u00fcr\u00fcrl\u00fckte olan anla\u015fmalar ve ortak olarak y\u00fcr\u00fct\u00fclen projeler ele al\u0131nd\u0131. [&hellip;]<\/p>\n","protected":false},"author":1,"featured_media":13671,"comment_status":"open","ping_status":"open","sticky":false,"template":"","format":"standard","meta":{"jnews-multi-image_gallery":[],"jnews_single_post":[],"jnews_primary_category":[],"jnews_social_meta":[],"jnews_override_counter":[],"footnotes":""},"categories":[5],"tags":[],"class_list":["post-13670","post","type-post","status-publish","format-standard","has-post-thumbnail","hentry","category-turkiye"],"yoast_head":"<!-- This site is optimized with the Yoast SEO plugin v27.4 - https:\/\/yoast.com\/product\/yoast-seo-wordpress\/ -->\n<title>Sa\u011fl\u0131k Bakan\u0131 Din\u00e7y\u00fcrek, TC Sa\u011fl\u0131k Bakan\u0131 Memi\u015fo\u011flu ile bir araya geldi - Kuzeyin Sesi<\/title>\n<meta name=\"robots\" content=\"index, follow, max-snippet:-1, max-image-preview:large, max-video-preview:-1\" \/>\n<link rel=\"canonical\" href=\"https:\/\/kuzeyinsesi.org\/index.php\/2024\/11\/16\/saglik-bakani-dincyurek-tc-saglik-bakani-memisoglu-ile-bir-araya-geldi\/\" \/>\n<meta property=\"og:locale\" content=\"tr_TR\" \/>\n<meta property=\"og:type\" content=\"article\" \/>\n<meta property=\"og:title\" content=\"Sa\u011fl\u0131k Bakan\u0131 Din\u00e7y\u00fcrek, TC Sa\u011fl\u0131k Bakan\u0131 Memi\u015fo\u011flu ile bir araya geldi - Kuzeyin Sesi\" \/>\n<meta property=\"og:description\" content=\"10. T\u00fcrk T\u0131p D\u00fcnyas\u0131 Kurultay\u0131 ve T\u00dcSEB Aziz Sancar Bilim, Hizmet ve Te\u015fvik \u00d6d\u00fcl T\u00f6reni\u2019ne kat\u0131lmak \u00fczere \u0130stanbul\u2019da bulunan Sa\u011fl\u0131k Bakan\u0131 Dr. Hakan Din\u00e7y\u00fcrek, T\u00fcrkiye Cumhuriyeti Sa\u011fl\u0131k Bakan\u0131 Prof. Dr. Kemal Memi\u015fo\u011flu ile g\u00f6r\u00fc\u015ft\u00fc. Sa\u011fl\u0131k Bakanl\u0131\u011f\u0131\u2019ndan yap\u0131lan a\u00e7\u0131klamaya g\u00f6re, Bakan Memi\u015fo\u011flu ile yap\u0131lan g\u00f6r\u00fc\u015fmede mevcut y\u00fcr\u00fcrl\u00fckte olan anla\u015fmalar ve ortak olarak y\u00fcr\u00fct\u00fclen projeler ele al\u0131nd\u0131. [&hellip;]\" \/>\n<meta property=\"og:url\" content=\"https:\/\/kuzeyinsesi.org\/index.php\/2024\/11\/16\/saglik-bakani-dincyurek-tc-saglik-bakani-memisoglu-ile-bir-araya-geldi\/\" \/>\n<meta property=\"og:site_name\" content=\"Kuzeyin Sesi\" \/>\n<meta property=\"article:publisher\" content=\"https:\/\/www.facebook.com\/kuzeyinsesii\" \/>\n<meta property=\"article:published_time\" content=\"2024-11-16T08:45:58+00:00\" \/>\n<meta property=\"og:image\" content=\"https:\/\/brtk.net\/wp-content\/uploads\/2024\/11\/16\/saglik-bakani-4-3-scaled.jpg?ver=cc55cd624d651d0dc237157f8a6b61fc\" \/>\n<meta name=\"author\" content=\"Kuzeyin Sesi\" \/>\n<meta name=\"twitter:card\" content=\"summary_large_image\" \/>\n<meta name=\"twitter:creator\" content=\"@kuzeyinsesii\" \/>\n<meta name=\"twitter:site\" content=\"@kuzeyinsesii\" \/>\n<meta name=\"twitter:label1\" content=\"Yazan:\" \/>\n\t<meta name=\"twitter:data1\" content=\"Kuzeyin Sesi\" \/>\n\t<meta name=\"twitter:label2\" content=\"Tahmini okuma s\u00fcresi\" \/>\n\t<meta name=\"twitter:data2\" content=\"1 dakika\" \/>\n<script type=\"application\/ld+json\" class=\"yoast-schema-graph\">{\"@context\":\"https:\\\/\\\/schema.org\",\"@graph\":[{\"@type\":\"Article\",\"@id\":\"https:\\\/\\\/kuzeyinsesi.org\\\/index.php\\\/2024\\\/11\\\/16\\\/saglik-bakani-dincyurek-tc-saglik-bakani-memisoglu-ile-bir-araya-geldi\\\/#article\",\"isPartOf\":{\"@id\":\"https:\\\/\\\/kuzeyinsesi.org\\\/index.php\\\/2024\\\/11\\\/16\\\/saglik-bakani-dincyurek-tc-saglik-bakani-memisoglu-ile-bir-araya-geldi\\\/\"},\"author\":{\"name\":\"Kuzeyin Sesi\",\"@id\":\"https:\\\/\\\/kuzeyinsesi.org\\\/#\\\/schema\\\/person\\\/9f859689cdf01485597712386e37f5aa\"},\"headline\":\"Sa\u011fl\u0131k Bakan\u0131 Din\u00e7y\u00fcrek, TC Sa\u011fl\u0131k Bakan\u0131 Memi\u015fo\u011flu ile bir araya geldi\",\"datePublished\":\"2024-11-16T08:45:58+00:00\",\"mainEntityOfPage\":{\"@id\":\"https:\\\/\\\/kuzeyinsesi.org\\\/index.php\\\/2024\\\/11\\\/16\\\/saglik-bakani-dincyurek-tc-saglik-bakani-memisoglu-ile-bir-araya-geldi\\\/\"},\"wordCount\":160,\"commentCount\":0,\"image\":{\"@id\":\"https:\\\/\\\/kuzeyinsesi.org\\\/index.php\\\/2024\\\/11\\\/16\\\/saglik-bakani-dincyurek-tc-saglik-bakani-memisoglu-ile-bir-araya-geldi\\\/#primaryimage\"},\"thumbnailUrl\":\"https:\\\/\\\/kuzeyinsesi.org\\\/wp-content\\\/uploads\\\/2024\\\/11\\\/saglik-bakani-4-3-scaled.jpg\",\"articleSection\":[\"T\u00fcrkiye\"],\"inLanguage\":\"tr\",\"potentialAction\":[{\"@type\":\"CommentAction\",\"name\":\"Comment\",\"target\":[\"https:\\\/\\\/kuzeyinsesi.org\\\/index.php\\\/2024\\\/11\\\/16\\\/saglik-bakani-dincyurek-tc-saglik-bakani-memisoglu-ile-bir-araya-geldi\\\/#respond\"]}]},{\"@type\":\"WebPage\",\"@id\":\"https:\\\/\\\/kuzeyinsesi.org\\\/index.php\\\/2024\\\/11\\\/16\\\/saglik-bakani-dincyurek-tc-saglik-bakani-memisoglu-ile-bir-araya-geldi\\\/\",\"url\":\"https:\\\/\\\/kuzeyinsesi.org\\\/index.php\\\/2024\\\/11\\\/16\\\/saglik-bakani-dincyurek-tc-saglik-bakani-memisoglu-ile-bir-araya-geldi\\\/\",\"name\":\"Sa\u011fl\u0131k Bakan\u0131 Din\u00e7y\u00fcrek, TC Sa\u011fl\u0131k Bakan\u0131 Memi\u015fo\u011flu ile bir araya geldi - Kuzeyin Sesi\",\"isPartOf\":{\"@id\":\"https:\\\/\\\/kuzeyinsesi.org\\\/#website\"},\"primaryImageOfPage\":{\"@id\":\"https:\\\/\\\/kuzeyinsesi.org\\\/index.php\\\/2024\\\/11\\\/16\\\/saglik-bakani-dincyurek-tc-saglik-bakani-memisoglu-ile-bir-araya-geldi\\\/#primaryimage\"},\"image\":{\"@id\":\"https:\\\/\\\/kuzeyinsesi.org\\\/index.php\\\/2024\\\/11\\\/16\\\/saglik-bakani-dincyurek-tc-saglik-bakani-memisoglu-ile-bir-araya-geldi\\\/#primaryimage\"},\"thumbnailUrl\":\"https:\\\/\\\/kuzeyinsesi.org\\\/wp-content\\\/uploads\\\/2024\\\/11\\\/saglik-bakani-4-3-scaled.jpg\",\"datePublished\":\"2024-11-16T08:45:58+00:00\",\"author\":{\"@id\":\"https:\\\/\\\/kuzeyinsesi.org\\\/#\\\/schema\\\/person\\\/9f859689cdf01485597712386e37f5aa\"},\"breadcrumb\":{\"@id\":\"https:\\\/\\\/kuzeyinsesi.org\\\/index.php\\\/2024\\\/11\\\/16\\\/saglik-bakani-dincyurek-tc-saglik-bakani-memisoglu-ile-bir-araya-geldi\\\/#breadcrumb\"},\"inLanguage\":\"tr\",\"potentialAction\":[{\"@type\":\"ReadAction\",\"target\":[\"https:\\\/\\\/kuzeyinsesi.org\\\/index.php\\\/2024\\\/11\\\/16\\\/saglik-bakani-dincyurek-tc-saglik-bakani-memisoglu-ile-bir-araya-geldi\\\/\"]}]},{\"@type\":\"ImageObject\",\"inLanguage\":\"tr\",\"@id\":\"https:\\\/\\\/kuzeyinsesi.org\\\/index.php\\\/2024\\\/11\\\/16\\\/saglik-bakani-dincyurek-tc-saglik-bakani-memisoglu-ile-bir-araya-geldi\\\/#primaryimage\",\"url\":\"https:\\\/\\\/kuzeyinsesi.org\\\/wp-content\\\/uploads\\\/2024\\\/11\\\/saglik-bakani-4-3-scaled.jpg\",\"contentUrl\":\"https:\\\/\\\/kuzeyinsesi.org\\\/wp-content\\\/uploads\\\/2024\\\/11\\\/saglik-bakani-4-3-scaled.jpg\",\"width\":2560,\"height\":1707},{\"@type\":\"BreadcrumbList\",\"@id\":\"https:\\\/\\\/kuzeyinsesi.org\\\/index.php\\\/2024\\\/11\\\/16\\\/saglik-bakani-dincyurek-tc-saglik-bakani-memisoglu-ile-bir-araya-geldi\\\/#breadcrumb\",\"itemListElement\":[{\"@type\":\"ListItem\",\"position\":1,\"name\":\"Anasayfa\",\"item\":\"https:\\\/\\\/kuzeyinsesi.org\\\/\"},{\"@type\":\"ListItem\",\"position\":2,\"name\":\"Sa\u011fl\u0131k Bakan\u0131 Din\u00e7y\u00fcrek, TC Sa\u011fl\u0131k Bakan\u0131 Memi\u015fo\u011flu ile bir araya geldi\"}]},{\"@type\":\"WebSite\",\"@id\":\"https:\\\/\\\/kuzeyinsesi.org\\\/#website\",\"url\":\"https:\\\/\\\/kuzeyinsesi.org\\\/\",\"name\":\"Kuzeyin Sesi\",\"description\":\"Do\u011fru Haberin Adresi\",\"potentialAction\":[{\"@type\":\"SearchAction\",\"target\":{\"@type\":\"EntryPoint\",\"urlTemplate\":\"https:\\\/\\\/kuzeyinsesi.org\\\/?s={search_term_string}\"},\"query-input\":{\"@type\":\"PropertyValueSpecification\",\"valueRequired\":true,\"valueName\":\"search_term_string\"}}],\"inLanguage\":\"tr\"},{\"@type\":\"Person\",\"@id\":\"https:\\\/\\\/kuzeyinsesi.org\\\/#\\\/schema\\\/person\\\/9f859689cdf01485597712386e37f5aa\",\"name\":\"Kuzeyin Sesi\",\"image\":{\"@type\":\"ImageObject\",\"inLanguage\":\"tr\",\"@id\":\"https:\\\/\\\/secure.gravatar.com\\\/avatar\\\/bab33852abfd8b282518d6ed81826833d77c3c882d9ab608add591ccace47a44?s=96&d=mm&r=g\",\"url\":\"https:\\\/\\\/secure.gravatar.com\\\/avatar\\\/bab33852abfd8b282518d6ed81826833d77c3c882d9ab608add591ccace47a44?s=96&d=mm&r=g\",\"contentUrl\":\"https:\\\/\\\/secure.gravatar.com\\\/avatar\\\/bab33852abfd8b282518d6ed81826833d77c3c882d9ab608add591ccace47a44?s=96&d=mm&r=g\",\"caption\":\"Kuzeyin Sesi\"},\"sameAs\":[\"https:\\\/\\\/kuzeyinsesi.org\"],\"url\":\"https:\\\/\\\/kuzeyinsesi.org\\\/index.php\\\/author\\\/guven\\\/\"}]}<\/script>\n<!-- \/ Yoast SEO plugin. -->","yoast_head_json":{"title":"Sa\u011fl\u0131k Bakan\u0131 Din\u00e7y\u00fcrek, TC Sa\u011fl\u0131k Bakan\u0131 Memi\u015fo\u011flu ile bir araya geldi - Kuzeyin Sesi","robots":{"index":"index","follow":"follow","max-snippet":"max-snippet:-1","max-image-preview":"max-image-preview:large","max-video-preview":"max-video-preview:-1"},"canonical":"https:\/\/kuzeyinsesi.org\/index.php\/2024\/11\/16\/saglik-bakani-dincyurek-tc-saglik-bakani-memisoglu-ile-bir-araya-geldi\/","og_locale":"tr_TR","og_type":"article","og_title":"Sa\u011fl\u0131k Bakan\u0131 Din\u00e7y\u00fcrek, TC Sa\u011fl\u0131k Bakan\u0131 Memi\u015fo\u011flu ile bir araya geldi - Kuzeyin Sesi","og_description":"10. T\u00fcrk T\u0131p D\u00fcnyas\u0131 Kurultay\u0131 ve T\u00dcSEB Aziz Sancar Bilim, Hizmet ve Te\u015fvik \u00d6d\u00fcl T\u00f6reni\u2019ne kat\u0131lmak \u00fczere \u0130stanbul\u2019da bulunan Sa\u011fl\u0131k Bakan\u0131 Dr. Hakan Din\u00e7y\u00fcrek, T\u00fcrkiye Cumhuriyeti Sa\u011fl\u0131k Bakan\u0131 Prof. Dr. Kemal Memi\u015fo\u011flu ile g\u00f6r\u00fc\u015ft\u00fc. Sa\u011fl\u0131k Bakanl\u0131\u011f\u0131\u2019ndan yap\u0131lan a\u00e7\u0131klamaya g\u00f6re, Bakan Memi\u015fo\u011flu ile yap\u0131lan g\u00f6r\u00fc\u015fmede mevcut y\u00fcr\u00fcrl\u00fckte olan anla\u015fmalar ve ortak olarak y\u00fcr\u00fct\u00fclen projeler ele al\u0131nd\u0131. [&hellip;]","og_url":"https:\/\/kuzeyinsesi.org\/index.php\/2024\/11\/16\/saglik-bakani-dincyurek-tc-saglik-bakani-memisoglu-ile-bir-araya-geldi\/","og_site_name":"Kuzeyin Sesi","article_publisher":"https:\/\/www.facebook.com\/kuzeyinsesii","article_published_time":"2024-11-16T08:45:58+00:00","og_image":[{"url":"https:\/\/brtk.net\/wp-content\/uploads\/2024\/11\/16\/saglik-bakani-4-3-scaled.jpg?ver=cc55cd624d651d0dc237157f8a6b61fc","type":"","width":"","height":""}],"author":"Kuzeyin Sesi","twitter_card":"summary_large_image","twitter_creator":"@kuzeyinsesii","twitter_site":"@kuzeyinsesii","twitter_misc":{"Yazan:":"Kuzeyin Sesi","Tahmini okuma s\u00fcresi":"1 dakika"},"schema":{"@context":"https:\/\/schema.org","@graph":[{"@type":"Article","@id":"https:\/\/kuzeyinsesi.org\/index.php\/2024\/11\/16\/saglik-bakani-dincyurek-tc-saglik-bakani-memisoglu-ile-bir-araya-geldi\/#article","isPartOf":{"@id":"https:\/\/kuzeyinsesi.org\/index.php\/2024\/11\/16\/saglik-bakani-dincyurek-tc-saglik-bakani-memisoglu-ile-bir-araya-geldi\/"},"author":{"name":"Kuzeyin Sesi","@id":"https:\/\/kuzeyinsesi.org\/#\/schema\/person\/9f859689cdf01485597712386e37f5aa"},"headline":"Sa\u011fl\u0131k Bakan\u0131 Din\u00e7y\u00fcrek, TC Sa\u011fl\u0131k Bakan\u0131 Memi\u015fo\u011flu ile bir araya geldi","datePublished":"2024-11-16T08:45:58+00:00","mainEntityOfPage":{"@id":"https:\/\/kuzeyinsesi.org\/index.php\/2024\/11\/16\/saglik-bakani-dincyurek-tc-saglik-bakani-memisoglu-ile-bir-araya-geldi\/"},"wordCount":160,"commentCount":0,"image":{"@id":"https:\/\/kuzeyinsesi.org\/index.php\/2024\/11\/16\/saglik-bakani-dincyurek-tc-saglik-bakani-memisoglu-ile-bir-araya-geldi\/#primaryimage"},"thumbnailUrl":"https:\/\/kuzeyinsesi.org\/wp-content\/uploads\/2024\/11\/saglik-bakani-4-3-scaled.jpg","articleSection":["T\u00fcrkiye"],"inLanguage":"tr","potentialAction":[{"@type":"CommentAction","name":"Comment","target":["https:\/\/kuzeyinsesi.org\/index.php\/2024\/11\/16\/saglik-bakani-dincyurek-tc-saglik-bakani-memisoglu-ile-bir-araya-geldi\/#respond"]}]},{"@type":"WebPage","@id":"https:\/\/kuzeyinsesi.org\/index.php\/2024\/11\/16\/saglik-bakani-dincyurek-tc-saglik-bakani-memisoglu-ile-bir-araya-geldi\/","url":"https:\/\/kuzeyinsesi.org\/index.php\/2024\/11\/16\/saglik-bakani-dincyurek-tc-saglik-bakani-memisoglu-ile-bir-araya-geldi\/","name":"Sa\u011fl\u0131k Bakan\u0131 Din\u00e7y\u00fcrek, TC Sa\u011fl\u0131k Bakan\u0131 Memi\u015fo\u011flu ile bir araya geldi - Kuzeyin Sesi","isPartOf":{"@id":"https:\/\/kuzeyinsesi.org\/#website"},"primaryImageOfPage":{"@id":"https:\/\/kuzeyinsesi.org\/index.php\/2024\/11\/16\/saglik-bakani-dincyurek-tc-saglik-bakani-memisoglu-ile-bir-araya-geldi\/#primaryimage"},"image":{"@id":"https:\/\/kuzeyinsesi.org\/index.php\/2024\/11\/16\/saglik-bakani-dincyurek-tc-saglik-bakani-memisoglu-ile-bir-araya-geldi\/#primaryimage"},"thumbnailUrl":"https:\/\/kuzeyinsesi.org\/wp-content\/uploads\/2024\/11\/saglik-bakani-4-3-scaled.jpg","datePublished":"2024-11-16T08:45:58+00:00","author":{"@id":"https:\/\/kuzeyinsesi.org\/#\/schema\/person\/9f859689cdf01485597712386e37f5aa"},"breadcrumb":{"@id":"https:\/\/kuzeyinsesi.org\/index.php\/2024\/11\/16\/saglik-bakani-dincyurek-tc-saglik-bakani-memisoglu-ile-bir-araya-geldi\/#breadcrumb"},"inLanguage":"tr","potentialAction":[{"@type":"ReadAction","target":["https:\/\/kuzeyinsesi.org\/index.php\/2024\/11\/16\/saglik-bakani-dincyurek-tc-saglik-bakani-memisoglu-ile-bir-araya-geldi\/"]}]},{"@type":"ImageObject","inLanguage":"tr","@id":"https:\/\/kuzeyinsesi.org\/index.php\/2024\/11\/16\/saglik-bakani-dincyurek-tc-saglik-bakani-memisoglu-ile-bir-araya-geldi\/#primaryimage","url":"https:\/\/kuzeyinsesi.org\/wp-content\/uploads\/2024\/11\/saglik-bakani-4-3-scaled.jpg","contentUrl":"https:\/\/kuzeyinsesi.org\/wp-content\/uploads\/2024\/11\/saglik-bakani-4-3-scaled.jpg","width":2560,"height":1707},{"@type":"BreadcrumbList","@id":"https:\/\/kuzeyinsesi.org\/index.php\/2024\/11\/16\/saglik-bakani-dincyurek-tc-saglik-bakani-memisoglu-ile-bir-araya-geldi\/#breadcrumb","itemListElement":[{"@type":"ListItem","position":1,"name":"Anasayfa","item":"https:\/\/kuzeyinsesi.org\/"},{"@type":"ListItem","position":2,"name":"Sa\u011fl\u0131k Bakan\u0131 Din\u00e7y\u00fcrek, TC Sa\u011fl\u0131k Bakan\u0131 Memi\u015fo\u011flu ile bir araya geldi"}]},{"@type":"WebSite","@id":"https:\/\/kuzeyinsesi.org\/#website","url":"https:\/\/kuzeyinsesi.org\/","name":"Kuzeyin Sesi","description":"Do\u011fru Haberin Adresi","potentialAction":[{"@type":"SearchAction","target":{"@type":"EntryPoint","urlTemplate":"https:\/\/kuzeyinsesi.org\/?s={search_term_string}"},"query-input":{"@type":"PropertyValueSpecification","valueRequired":true,"valueName":"search_term_string"}}],"inLanguage":"tr"},{"@type":"Person","@id":"https:\/\/kuzeyinsesi.org\/#\/schema\/person\/9f859689cdf01485597712386e37f5aa","name":"Kuzeyin Sesi","image":{"@type":"ImageObject","inLanguage":"tr","@id":"https:\/\/secure.gravatar.com\/avatar\/bab33852abfd8b282518d6ed81826833d77c3c882d9ab608add591ccace47a44?s=96&d=mm&r=g","url":"https:\/\/secure.gravatar.com\/avatar\/bab33852abfd8b282518d6ed81826833d77c3c882d9ab608add591ccace47a44?s=96&d=mm&r=g","contentUrl":"https:\/\/secure.gravatar.com\/avatar\/bab33852abfd8b282518d6ed81826833d77c3c882d9ab608add591ccace47a44?s=96&d=mm&r=g","caption":"Kuzeyin Sesi"},"sameAs":["https:\/\/kuzeyinsesi.org"],"url":"https:\/\/kuzeyinsesi.org\/index.php\/author\/guven\/"}]}},"_links":{"self":[{"href":"https:\/\/kuzeyinsesi.org\/index.php\/wp-json\/wp\/v2\/posts\/13670","targetHints":{"allow":["GET"]}}],"collection":[{"href":"https:\/\/kuzeyinsesi.org\/index.php\/wp-json\/wp\/v2\/posts"}],"about":[{"href":"https:\/\/kuzeyinsesi.org\/index.php\/wp-json\/wp\/v2\/types\/post"}],"author":[{"embeddable":true,"href":"https:\/\/kuzeyinsesi.org\/index.php\/wp-json\/wp\/v2\/users\/1"}],"replies":[{"embeddable":true,"href":"https:\/\/kuzeyinsesi.org\/index.php\/wp-json\/wp\/v2\/comments?post=13670"}],"version-history":[{"count":0,"href":"https:\/\/kuzeyinsesi.org\/index.php\/wp-json\/wp\/v2\/posts\/13670\/revisions"}],"wp:featuredmedia":[{"embeddable":true,"href":"https:\/\/kuzeyinsesi.org\/index.php\/wp-json\/wp\/v2\/media\/13671"}],"wp:attachment":[{"href":"https:\/\/kuzeyinsesi.org\/index.php\/wp-json\/wp\/v2\/media?parent=13670"}],"wp:term":[{"taxonomy":"category","embeddable":true,"href":"https:\/\/kuzeyinsesi.org\/index.php\/wp-json\/wp\/v2\/categories?post=13670"},{"taxonomy":"post_tag","embeddable":true,"href":"https:\/\/kuzeyinsesi.org\/index.php\/wp-json\/wp\/v2\/tags?post=13670"}],"curies":[{"name":"wp","href":"https:\/\/api.w.org\/{rel}","templated":true}]}}