{"id":1367,"date":"2024-05-05T12:58:53","date_gmt":"2024-05-05T09:58:53","guid":{"rendered":"https:\/\/kuzeyinsesi.com\/index.php\/2024\/05\/05\/isgal-altindaki-bati-seria-ve-dogu-kuduste-25-filistinli-gozaltina-alindi\/"},"modified":"2024-05-05T12:58:53","modified_gmt":"2024-05-05T09:58:53","slug":"isgal-altindaki-bati-seria-ve-dogu-kuduste-25-filistinli-gozaltina-alindi","status":"publish","type":"post","link":"https:\/\/kuzeyinsesi.org\/index.php\/2024\/05\/05\/isgal-altindaki-bati-seria-ve-dogu-kuduste-25-filistinli-gozaltina-alindi\/","title":{"rendered":"\u0130\u015fgal alt\u0131ndaki Bat\u0131 \u015eeria ve Do\u011fu Kud\u00fcs&#039;te 25 Filistinli g\u00f6zalt\u0131na al\u0131nd\u0131"},"content":{"rendered":"<p><\/p>\n<div>\n<p>&#13;<br \/>\n\tFilistin Kurtulu\u015f \u00d6rg\u00fct\u00fcne (FK\u00d6) ba\u011fl\u0131 Filistin Esir \u0130\u015fleri Heyeti ile Filistin Esirler Cemiyetinden yap\u0131lan ortak a\u00e7\u0131klamaya g\u00f6re, <a href=\"https:\/\/www.trthaber.com\/etiket\/israil\/\" target=\"_blank\" rel=\"noopener\">\u0130srail<\/a> g\u00fc\u00e7leri cuma ve cumartesi g\u00fcnleri Bat\u0131 \u015eeria&#8217;da 25 Filistinliyi g\u00f6zalt\u0131na ald\u0131.<\/p>\n<p>&#13;<br \/>\n\tG\u00f6zalt\u0131lar\u0131n Do\u011fu Kud\u00fcs&#8217;\u00fcn yan\u0131 s\u0131ra Bat\u0131 \u015eeria&#8217;n\u0131n Nablus, Cenin, Kalkilya, Tulkerem, Ramallah, Eriha ve El Halil kentlerinde ger\u00e7ekle\u015fti\u011fi ifade edilen a\u00e7\u0131klamaya g\u00f6re, \u0130srail\u2019in <a href=\"https:\/\/www.trthaber.com\/etiket\/gazze\/\" target=\"_blank\" rel=\"noopener\">Gazze<\/a> \u015eeridi\u2019ne sald\u0131r\u0131lar\u0131n\u0131 ba\u015flatt\u0131\u011f\u0131 7 Ekim 2023\u2019ten bu yana i\u015fgal alt\u0131ndaki <a href=\"https:\/\/www.trthaber.com\/etiket\/bati-seria\/\" target=\"_blank\" rel=\"noopener\">Bat\u0131 \u015eeria<\/a> ve Do\u011fu Kud\u00fcs&#8217;te g\u00f6zalt\u0131na ald\u0131\u011f\u0131 Filistinlilerin say\u0131s\u0131 8 bin 575&#8217;e y\u00fckseldi.<\/p>\n<p>&#13;<br \/>\n\tA\u00e7\u0131klamada ayr\u0131ca g\u00f6zalt\u0131na al\u0131nanlar aras\u0131nda kad\u0131n, \u00e7ocuk ve daha \u00f6nce serbest b\u0131rak\u0131lan eski tutuklular\u0131n oldu\u011fu bilgisi verildi.<\/p>\n<p>&#13;<br \/>\n\tS\u00f6z konusu istatistik, 7 Ekim\u2019den bu yana s\u00fcren g\u00f6zalt\u0131lar ve daha sonra serbest b\u0131rak\u0131lanlar\u0131 kaps\u0131yor.<\/p>\n<p>&#13;<br \/>\n\t\u0130srail ordusunun Gazze \u015eeridi&#8217;ne sald\u0131r\u0131 ba\u015flatt\u0131\u011f\u0131 7 Ekim 2023&#8217;ten bu yana i\u015fgal alt\u0131ndaki Bat\u0131 \u015eeria ve Do\u011fu Kud\u00fcs&#8217;te de Filistinlilere y\u00f6nelik g\u00f6zalt\u0131, bask\u0131n ve sald\u0131r\u0131larda art\u0131\u015f ya\u015fan\u0131yor.<\/p>\n<p>&#13;<br \/>\n\t\u0130\u015fgal alt\u0131ndaki Bat\u0131 \u015eeria ve Do\u011fu Kud\u00fcs&#8217;te, 7 Ekim&#8217;den beri \u0130srail askerleri ile sivil Yahudi i\u015fgalcilerin sald\u0131r\u0131lar\u0131nda 496 Filistinli hayat\u0131n\u0131 kaybetti.<\/p>\n<\/p><\/div>\n","protected":false},"excerpt":{"rendered":"<p>&#13; Filistin Kurtulu\u015f \u00d6rg\u00fct\u00fcne (FK\u00d6) ba\u011fl\u0131 Filistin Esir \u0130\u015fleri Heyeti ile Filistin Esirler Cemiyetinden yap\u0131lan ortak a\u00e7\u0131klamaya g\u00f6re, \u0130srail g\u00fc\u00e7leri cuma ve cumartesi g\u00fcnleri Bat\u0131 \u015eeria&#8217;da 25 Filistinliyi g\u00f6zalt\u0131na ald\u0131. &#13; G\u00f6zalt\u0131lar\u0131n Do\u011fu Kud\u00fcs&#8217;\u00fcn yan\u0131 s\u0131ra Bat\u0131 \u015eeria&#8217;n\u0131n Nablus, Cenin, Kalkilya, Tulkerem, Ramallah, Eriha ve El Halil kentlerinde ger\u00e7ekle\u015fti\u011fi ifade edilen a\u00e7\u0131klamaya g\u00f6re, \u0130srail\u2019in Gazze [&hellip;]<\/p>\n","protected":false},"author":1,"featured_media":1368,"comment_status":"open","ping_status":"open","sticky":false,"template":"","format":"standard","meta":{"jnews-multi-image_gallery":[],"jnews_single_post":[],"jnews_primary_category":[],"jnews_social_meta":[],"jnews_override_counter":[],"footnotes":""},"categories":[2],"tags":[],"class_list":["post-1367","post","type-post","status-publish","format-standard","has-post-thumbnail","hentry","category-dunya"],"yoast_head":"<!-- This site is optimized with the Yoast SEO plugin v27.5 - https:\/\/yoast.com\/product\/yoast-seo-wordpress\/ -->\n<title>\u0130\u015fgal alt\u0131ndaki Bat\u0131 \u015eeria ve Do\u011fu Kud\u00fcs&#039;te 25 Filistinli g\u00f6zalt\u0131na al\u0131nd\u0131 - Kuzeyin Sesi<\/title>\n<meta name=\"robots\" content=\"index, follow, max-snippet:-1, max-image-preview:large, max-video-preview:-1\" \/>\n<link rel=\"canonical\" href=\"https:\/\/kuzeyinsesi.org\/index.php\/2024\/05\/05\/isgal-altindaki-bati-seria-ve-dogu-kuduste-25-filistinli-gozaltina-alindi\/\" \/>\n<meta property=\"og:locale\" content=\"tr_TR\" \/>\n<meta property=\"og:type\" content=\"article\" \/>\n<meta property=\"og:title\" content=\"\u0130\u015fgal alt\u0131ndaki Bat\u0131 \u015eeria ve Do\u011fu Kud\u00fcs&#039;te 25 Filistinli g\u00f6zalt\u0131na al\u0131nd\u0131 - Kuzeyin Sesi\" \/>\n<meta property=\"og:description\" content=\"&#013; Filistin Kurtulu\u015f \u00d6rg\u00fct\u00fcne (FK\u00d6) ba\u011fl\u0131 Filistin Esir \u0130\u015fleri Heyeti ile Filistin Esirler Cemiyetinden yap\u0131lan ortak a\u00e7\u0131klamaya g\u00f6re, \u0130srail g\u00fc\u00e7leri cuma ve cumartesi g\u00fcnleri Bat\u0131 \u015eeria&#8217;da 25 Filistinliyi g\u00f6zalt\u0131na ald\u0131. &#013; G\u00f6zalt\u0131lar\u0131n Do\u011fu Kud\u00fcs&#8217;\u00fcn yan\u0131 s\u0131ra Bat\u0131 \u015eeria&#8217;n\u0131n Nablus, Cenin, Kalkilya, Tulkerem, Ramallah, Eriha ve El Halil kentlerinde ger\u00e7ekle\u015fti\u011fi ifade edilen a\u00e7\u0131klamaya g\u00f6re, \u0130srail\u2019in Gazze [&hellip;]\" \/>\n<meta property=\"og:url\" content=\"https:\/\/kuzeyinsesi.org\/index.php\/2024\/05\/05\/isgal-altindaki-bati-seria-ve-dogu-kuduste-25-filistinli-gozaltina-alindi\/\" \/>\n<meta property=\"og:site_name\" content=\"Kuzeyin Sesi\" \/>\n<meta property=\"article:publisher\" content=\"https:\/\/www.facebook.com\/kuzeyinsesii\" \/>\n<meta property=\"article:published_time\" content=\"2024-05-05T09:58:53+00:00\" \/>\n<meta property=\"og:image\" content=\"https:\/\/kuzeyinsesi.org\/wp-content\/uploads\/2024\/05\/israil-gozalti-aa-1774054.jpg\" \/>\n\t<meta property=\"og:image:width\" content=\"1280\" \/>\n\t<meta property=\"og:image:height\" content=\"720\" \/>\n\t<meta property=\"og:image:type\" content=\"image\/jpeg\" \/>\n<meta name=\"author\" content=\"Kuzeyin Sesi\" \/>\n<meta name=\"twitter:card\" content=\"summary_large_image\" \/>\n<meta name=\"twitter:creator\" content=\"@kuzeyinsesii\" \/>\n<meta name=\"twitter:site\" content=\"@kuzeyinsesii\" \/>\n<meta name=\"twitter:label1\" content=\"Yazan:\" \/>\n\t<meta name=\"twitter:data1\" content=\"Kuzeyin Sesi\" \/>\n\t<meta name=\"twitter:label2\" content=\"Tahmini okuma s\u00fcresi\" \/>\n\t<meta name=\"twitter:data2\" content=\"1 dakika\" \/>\n<script type=\"application\/ld+json\" class=\"yoast-schema-graph\">{\"@context\":\"https:\\\/\\\/schema.org\",\"@graph\":[{\"@type\":\"Article\",\"@id\":\"https:\\\/\\\/kuzeyinsesi.org\\\/index.php\\\/2024\\\/05\\\/05\\\/isgal-altindaki-bati-seria-ve-dogu-kuduste-25-filistinli-gozaltina-alindi\\\/#article\",\"isPartOf\":{\"@id\":\"https:\\\/\\\/kuzeyinsesi.org\\\/index.php\\\/2024\\\/05\\\/05\\\/isgal-altindaki-bati-seria-ve-dogu-kuduste-25-filistinli-gozaltina-alindi\\\/\"},\"author\":{\"name\":\"Kuzeyin Sesi\",\"@id\":\"https:\\\/\\\/kuzeyinsesi.org\\\/#\\\/schema\\\/person\\\/9f859689cdf01485597712386e37f5aa\"},\"headline\":\"\u0130\u015fgal alt\u0131ndaki Bat\u0131 \u015eeria ve Do\u011fu Kud\u00fcs&#039;te 25 Filistinli g\u00f6zalt\u0131na al\u0131nd\u0131\",\"datePublished\":\"2024-05-05T09:58:53+00:00\",\"mainEntityOfPage\":{\"@id\":\"https:\\\/\\\/kuzeyinsesi.org\\\/index.php\\\/2024\\\/05\\\/05\\\/isgal-altindaki-bati-seria-ve-dogu-kuduste-25-filistinli-gozaltina-alindi\\\/\"},\"wordCount\":250,\"commentCount\":0,\"image\":{\"@id\":\"https:\\\/\\\/kuzeyinsesi.org\\\/index.php\\\/2024\\\/05\\\/05\\\/isgal-altindaki-bati-seria-ve-dogu-kuduste-25-filistinli-gozaltina-alindi\\\/#primaryimage\"},\"thumbnailUrl\":\"https:\\\/\\\/kuzeyinsesi.org\\\/wp-content\\\/uploads\\\/2024\\\/05\\\/israil-gozalti-aa-1774054.jpg\",\"articleSection\":[\"D\u00fcnya\"],\"inLanguage\":\"tr\",\"potentialAction\":[{\"@type\":\"CommentAction\",\"name\":\"Comment\",\"target\":[\"https:\\\/\\\/kuzeyinsesi.org\\\/index.php\\\/2024\\\/05\\\/05\\\/isgal-altindaki-bati-seria-ve-dogu-kuduste-25-filistinli-gozaltina-alindi\\\/#respond\"]}]},{\"@type\":\"WebPage\",\"@id\":\"https:\\\/\\\/kuzeyinsesi.org\\\/index.php\\\/2024\\\/05\\\/05\\\/isgal-altindaki-bati-seria-ve-dogu-kuduste-25-filistinli-gozaltina-alindi\\\/\",\"url\":\"https:\\\/\\\/kuzeyinsesi.org\\\/index.php\\\/2024\\\/05\\\/05\\\/isgal-altindaki-bati-seria-ve-dogu-kuduste-25-filistinli-gozaltina-alindi\\\/\",\"name\":\"\u0130\u015fgal alt\u0131ndaki Bat\u0131 \u015eeria ve Do\u011fu Kud\u00fcs&#039;te 25 Filistinli g\u00f6zalt\u0131na al\u0131nd\u0131 - Kuzeyin Sesi\",\"isPartOf\":{\"@id\":\"https:\\\/\\\/kuzeyinsesi.org\\\/#website\"},\"primaryImageOfPage\":{\"@id\":\"https:\\\/\\\/kuzeyinsesi.org\\\/index.php\\\/2024\\\/05\\\/05\\\/isgal-altindaki-bati-seria-ve-dogu-kuduste-25-filistinli-gozaltina-alindi\\\/#primaryimage\"},\"image\":{\"@id\":\"https:\\\/\\\/kuzeyinsesi.org\\\/index.php\\\/2024\\\/05\\\/05\\\/isgal-altindaki-bati-seria-ve-dogu-kuduste-25-filistinli-gozaltina-alindi\\\/#primaryimage\"},\"thumbnailUrl\":\"https:\\\/\\\/kuzeyinsesi.org\\\/wp-content\\\/uploads\\\/2024\\\/05\\\/israil-gozalti-aa-1774054.jpg\",\"datePublished\":\"2024-05-05T09:58:53+00:00\",\"author\":{\"@id\":\"https:\\\/\\\/kuzeyinsesi.org\\\/#\\\/schema\\\/person\\\/9f859689cdf01485597712386e37f5aa\"},\"breadcrumb\":{\"@id\":\"https:\\\/\\\/kuzeyinsesi.org\\\/index.php\\\/2024\\\/05\\\/05\\\/isgal-altindaki-bati-seria-ve-dogu-kuduste-25-filistinli-gozaltina-alindi\\\/#breadcrumb\"},\"inLanguage\":\"tr\",\"potentialAction\":[{\"@type\":\"ReadAction\",\"target\":[\"https:\\\/\\\/kuzeyinsesi.org\\\/index.php\\\/2024\\\/05\\\/05\\\/isgal-altindaki-bati-seria-ve-dogu-kuduste-25-filistinli-gozaltina-alindi\\\/\"]}]},{\"@type\":\"ImageObject\",\"inLanguage\":\"tr\",\"@id\":\"https:\\\/\\\/kuzeyinsesi.org\\\/index.php\\\/2024\\\/05\\\/05\\\/isgal-altindaki-bati-seria-ve-dogu-kuduste-25-filistinli-gozaltina-alindi\\\/#primaryimage\",\"url\":\"https:\\\/\\\/kuzeyinsesi.org\\\/wp-content\\\/uploads\\\/2024\\\/05\\\/israil-gozalti-aa-1774054.jpg\",\"contentUrl\":\"https:\\\/\\\/kuzeyinsesi.org\\\/wp-content\\\/uploads\\\/2024\\\/05\\\/israil-gozalti-aa-1774054.jpg\",\"width\":1280,\"height\":720},{\"@type\":\"BreadcrumbList\",\"@id\":\"https:\\\/\\\/kuzeyinsesi.org\\\/index.php\\\/2024\\\/05\\\/05\\\/isgal-altindaki-bati-seria-ve-dogu-kuduste-25-filistinli-gozaltina-alindi\\\/#breadcrumb\",\"itemListElement\":[{\"@type\":\"ListItem\",\"position\":1,\"name\":\"Anasayfa\",\"item\":\"https:\\\/\\\/kuzeyinsesi.org\\\/\"},{\"@type\":\"ListItem\",\"position\":2,\"name\":\"\u0130\u015fgal alt\u0131ndaki Bat\u0131 \u015eeria ve Do\u011fu Kud\u00fcs&#039;te 25 Filistinli g\u00f6zalt\u0131na al\u0131nd\u0131\"}]},{\"@type\":\"WebSite\",\"@id\":\"https:\\\/\\\/kuzeyinsesi.org\\\/#website\",\"url\":\"https:\\\/\\\/kuzeyinsesi.org\\\/\",\"name\":\"Kuzeyin Sesi\",\"description\":\"Do\u011fru Haberin Adresi\",\"potentialAction\":[{\"@type\":\"SearchAction\",\"target\":{\"@type\":\"EntryPoint\",\"urlTemplate\":\"https:\\\/\\\/kuzeyinsesi.org\\\/?s={search_term_string}\"},\"query-input\":{\"@type\":\"PropertyValueSpecification\",\"valueRequired\":true,\"valueName\":\"search_term_string\"}}],\"inLanguage\":\"tr\"},{\"@type\":\"Person\",\"@id\":\"https:\\\/\\\/kuzeyinsesi.org\\\/#\\\/schema\\\/person\\\/9f859689cdf01485597712386e37f5aa\",\"name\":\"Kuzeyin Sesi\",\"image\":{\"@type\":\"ImageObject\",\"inLanguage\":\"tr\",\"@id\":\"https:\\\/\\\/secure.gravatar.com\\\/avatar\\\/bab33852abfd8b282518d6ed81826833d77c3c882d9ab608add591ccace47a44?s=96&d=mm&r=g\",\"url\":\"https:\\\/\\\/secure.gravatar.com\\\/avatar\\\/bab33852abfd8b282518d6ed81826833d77c3c882d9ab608add591ccace47a44?s=96&d=mm&r=g\",\"contentUrl\":\"https:\\\/\\\/secure.gravatar.com\\\/avatar\\\/bab33852abfd8b282518d6ed81826833d77c3c882d9ab608add591ccace47a44?s=96&d=mm&r=g\",\"caption\":\"Kuzeyin Sesi\"},\"sameAs\":[\"https:\\\/\\\/kuzeyinsesi.org\"],\"url\":\"https:\\\/\\\/kuzeyinsesi.org\\\/index.php\\\/author\\\/guven\\\/\"}]}<\/script>\n<!-- \/ Yoast SEO plugin. -->","yoast_head_json":{"title":"\u0130\u015fgal alt\u0131ndaki Bat\u0131 \u015eeria ve Do\u011fu Kud\u00fcs&#039;te 25 Filistinli g\u00f6zalt\u0131na al\u0131nd\u0131 - Kuzeyin Sesi","robots":{"index":"index","follow":"follow","max-snippet":"max-snippet:-1","max-image-preview":"max-image-preview:large","max-video-preview":"max-video-preview:-1"},"canonical":"https:\/\/kuzeyinsesi.org\/index.php\/2024\/05\/05\/isgal-altindaki-bati-seria-ve-dogu-kuduste-25-filistinli-gozaltina-alindi\/","og_locale":"tr_TR","og_type":"article","og_title":"\u0130\u015fgal alt\u0131ndaki Bat\u0131 \u015eeria ve Do\u011fu Kud\u00fcs&#039;te 25 Filistinli g\u00f6zalt\u0131na al\u0131nd\u0131 - Kuzeyin Sesi","og_description":"&#13; Filistin Kurtulu\u015f \u00d6rg\u00fct\u00fcne (FK\u00d6) ba\u011fl\u0131 Filistin Esir \u0130\u015fleri Heyeti ile Filistin Esirler Cemiyetinden yap\u0131lan ortak a\u00e7\u0131klamaya g\u00f6re, \u0130srail g\u00fc\u00e7leri cuma ve cumartesi g\u00fcnleri Bat\u0131 \u015eeria&#8217;da 25 Filistinliyi g\u00f6zalt\u0131na ald\u0131. &#13; G\u00f6zalt\u0131lar\u0131n Do\u011fu Kud\u00fcs&#8217;\u00fcn yan\u0131 s\u0131ra Bat\u0131 \u015eeria&#8217;n\u0131n Nablus, Cenin, Kalkilya, Tulkerem, Ramallah, Eriha ve El Halil kentlerinde ger\u00e7ekle\u015fti\u011fi ifade edilen a\u00e7\u0131klamaya g\u00f6re, \u0130srail\u2019in Gazze [&hellip;]","og_url":"https:\/\/kuzeyinsesi.org\/index.php\/2024\/05\/05\/isgal-altindaki-bati-seria-ve-dogu-kuduste-25-filistinli-gozaltina-alindi\/","og_site_name":"Kuzeyin Sesi","article_publisher":"https:\/\/www.facebook.com\/kuzeyinsesii","article_published_time":"2024-05-05T09:58:53+00:00","og_image":[{"width":1280,"height":720,"url":"https:\/\/kuzeyinsesi.org\/wp-content\/uploads\/2024\/05\/israil-gozalti-aa-1774054.jpg","type":"image\/jpeg"}],"author":"Kuzeyin Sesi","twitter_card":"summary_large_image","twitter_creator":"@kuzeyinsesii","twitter_site":"@kuzeyinsesii","twitter_misc":{"Yazan:":"Kuzeyin Sesi","Tahmini okuma s\u00fcresi":"1 dakika"},"schema":{"@context":"https:\/\/schema.org","@graph":[{"@type":"Article","@id":"https:\/\/kuzeyinsesi.org\/index.php\/2024\/05\/05\/isgal-altindaki-bati-seria-ve-dogu-kuduste-25-filistinli-gozaltina-alindi\/#article","isPartOf":{"@id":"https:\/\/kuzeyinsesi.org\/index.php\/2024\/05\/05\/isgal-altindaki-bati-seria-ve-dogu-kuduste-25-filistinli-gozaltina-alindi\/"},"author":{"name":"Kuzeyin Sesi","@id":"https:\/\/kuzeyinsesi.org\/#\/schema\/person\/9f859689cdf01485597712386e37f5aa"},"headline":"\u0130\u015fgal alt\u0131ndaki Bat\u0131 \u015eeria ve Do\u011fu Kud\u00fcs&#039;te 25 Filistinli g\u00f6zalt\u0131na al\u0131nd\u0131","datePublished":"2024-05-05T09:58:53+00:00","mainEntityOfPage":{"@id":"https:\/\/kuzeyinsesi.org\/index.php\/2024\/05\/05\/isgal-altindaki-bati-seria-ve-dogu-kuduste-25-filistinli-gozaltina-alindi\/"},"wordCount":250,"commentCount":0,"image":{"@id":"https:\/\/kuzeyinsesi.org\/index.php\/2024\/05\/05\/isgal-altindaki-bati-seria-ve-dogu-kuduste-25-filistinli-gozaltina-alindi\/#primaryimage"},"thumbnailUrl":"https:\/\/kuzeyinsesi.org\/wp-content\/uploads\/2024\/05\/israil-gozalti-aa-1774054.jpg","articleSection":["D\u00fcnya"],"inLanguage":"tr","potentialAction":[{"@type":"CommentAction","name":"Comment","target":["https:\/\/kuzeyinsesi.org\/index.php\/2024\/05\/05\/isgal-altindaki-bati-seria-ve-dogu-kuduste-25-filistinli-gozaltina-alindi\/#respond"]}]},{"@type":"WebPage","@id":"https:\/\/kuzeyinsesi.org\/index.php\/2024\/05\/05\/isgal-altindaki-bati-seria-ve-dogu-kuduste-25-filistinli-gozaltina-alindi\/","url":"https:\/\/kuzeyinsesi.org\/index.php\/2024\/05\/05\/isgal-altindaki-bati-seria-ve-dogu-kuduste-25-filistinli-gozaltina-alindi\/","name":"\u0130\u015fgal alt\u0131ndaki Bat\u0131 \u015eeria ve Do\u011fu Kud\u00fcs&#039;te 25 Filistinli g\u00f6zalt\u0131na al\u0131nd\u0131 - Kuzeyin Sesi","isPartOf":{"@id":"https:\/\/kuzeyinsesi.org\/#website"},"primaryImageOfPage":{"@id":"https:\/\/kuzeyinsesi.org\/index.php\/2024\/05\/05\/isgal-altindaki-bati-seria-ve-dogu-kuduste-25-filistinli-gozaltina-alindi\/#primaryimage"},"image":{"@id":"https:\/\/kuzeyinsesi.org\/index.php\/2024\/05\/05\/isgal-altindaki-bati-seria-ve-dogu-kuduste-25-filistinli-gozaltina-alindi\/#primaryimage"},"thumbnailUrl":"https:\/\/kuzeyinsesi.org\/wp-content\/uploads\/2024\/05\/israil-gozalti-aa-1774054.jpg","datePublished":"2024-05-05T09:58:53+00:00","author":{"@id":"https:\/\/kuzeyinsesi.org\/#\/schema\/person\/9f859689cdf01485597712386e37f5aa"},"breadcrumb":{"@id":"https:\/\/kuzeyinsesi.org\/index.php\/2024\/05\/05\/isgal-altindaki-bati-seria-ve-dogu-kuduste-25-filistinli-gozaltina-alindi\/#breadcrumb"},"inLanguage":"tr","potentialAction":[{"@type":"ReadAction","target":["https:\/\/kuzeyinsesi.org\/index.php\/2024\/05\/05\/isgal-altindaki-bati-seria-ve-dogu-kuduste-25-filistinli-gozaltina-alindi\/"]}]},{"@type":"ImageObject","inLanguage":"tr","@id":"https:\/\/kuzeyinsesi.org\/index.php\/2024\/05\/05\/isgal-altindaki-bati-seria-ve-dogu-kuduste-25-filistinli-gozaltina-alindi\/#primaryimage","url":"https:\/\/kuzeyinsesi.org\/wp-content\/uploads\/2024\/05\/israil-gozalti-aa-1774054.jpg","contentUrl":"https:\/\/kuzeyinsesi.org\/wp-content\/uploads\/2024\/05\/israil-gozalti-aa-1774054.jpg","width":1280,"height":720},{"@type":"BreadcrumbList","@id":"https:\/\/kuzeyinsesi.org\/index.php\/2024\/05\/05\/isgal-altindaki-bati-seria-ve-dogu-kuduste-25-filistinli-gozaltina-alindi\/#breadcrumb","itemListElement":[{"@type":"ListItem","position":1,"name":"Anasayfa","item":"https:\/\/kuzeyinsesi.org\/"},{"@type":"ListItem","position":2,"name":"\u0130\u015fgal alt\u0131ndaki Bat\u0131 \u015eeria ve Do\u011fu Kud\u00fcs&#039;te 25 Filistinli g\u00f6zalt\u0131na al\u0131nd\u0131"}]},{"@type":"WebSite","@id":"https:\/\/kuzeyinsesi.org\/#website","url":"https:\/\/kuzeyinsesi.org\/","name":"Kuzeyin Sesi","description":"Do\u011fru Haberin Adresi","potentialAction":[{"@type":"SearchAction","target":{"@type":"EntryPoint","urlTemplate":"https:\/\/kuzeyinsesi.org\/?s={search_term_string}"},"query-input":{"@type":"PropertyValueSpecification","valueRequired":true,"valueName":"search_term_string"}}],"inLanguage":"tr"},{"@type":"Person","@id":"https:\/\/kuzeyinsesi.org\/#\/schema\/person\/9f859689cdf01485597712386e37f5aa","name":"Kuzeyin Sesi","image":{"@type":"ImageObject","inLanguage":"tr","@id":"https:\/\/secure.gravatar.com\/avatar\/bab33852abfd8b282518d6ed81826833d77c3c882d9ab608add591ccace47a44?s=96&d=mm&r=g","url":"https:\/\/secure.gravatar.com\/avatar\/bab33852abfd8b282518d6ed81826833d77c3c882d9ab608add591ccace47a44?s=96&d=mm&r=g","contentUrl":"https:\/\/secure.gravatar.com\/avatar\/bab33852abfd8b282518d6ed81826833d77c3c882d9ab608add591ccace47a44?s=96&d=mm&r=g","caption":"Kuzeyin Sesi"},"sameAs":["https:\/\/kuzeyinsesi.org"],"url":"https:\/\/kuzeyinsesi.org\/index.php\/author\/guven\/"}]}},"_links":{"self":[{"href":"https:\/\/kuzeyinsesi.org\/index.php\/wp-json\/wp\/v2\/posts\/1367","targetHints":{"allow":["GET"]}}],"collection":[{"href":"https:\/\/kuzeyinsesi.org\/index.php\/wp-json\/wp\/v2\/posts"}],"about":[{"href":"https:\/\/kuzeyinsesi.org\/index.php\/wp-json\/wp\/v2\/types\/post"}],"author":[{"embeddable":true,"href":"https:\/\/kuzeyinsesi.org\/index.php\/wp-json\/wp\/v2\/users\/1"}],"replies":[{"embeddable":true,"href":"https:\/\/kuzeyinsesi.org\/index.php\/wp-json\/wp\/v2\/comments?post=1367"}],"version-history":[{"count":0,"href":"https:\/\/kuzeyinsesi.org\/index.php\/wp-json\/wp\/v2\/posts\/1367\/revisions"}],"wp:featuredmedia":[{"embeddable":true,"href":"https:\/\/kuzeyinsesi.org\/index.php\/wp-json\/wp\/v2\/media\/1368"}],"wp:attachment":[{"href":"https:\/\/kuzeyinsesi.org\/index.php\/wp-json\/wp\/v2\/media?parent=1367"}],"wp:term":[{"taxonomy":"category","embeddable":true,"href":"https:\/\/kuzeyinsesi.org\/index.php\/wp-json\/wp\/v2\/categories?post=1367"},{"taxonomy":"post_tag","embeddable":true,"href":"https:\/\/kuzeyinsesi.org\/index.php\/wp-json\/wp\/v2\/tags?post=1367"}],"curies":[{"name":"wp","href":"https:\/\/api.w.org\/{rel}","templated":true}]}}