{"id":13664,"date":"2024-11-16T10:35:11","date_gmt":"2024-11-16T08:35:11","guid":{"rendered":"https:\/\/kuzeyinsesi.org\/index.php\/2024\/11\/16\/35-ankara-film-festivalinde-oduller-sahiplerini-buldu\/"},"modified":"2024-11-16T10:35:11","modified_gmt":"2024-11-16T08:35:11","slug":"35-ankara-film-festivalinde-oduller-sahiplerini-buldu","status":"publish","type":"post","link":"https:\/\/kuzeyinsesi.org\/index.php\/2024\/11\/16\/35-ankara-film-festivalinde-oduller-sahiplerini-buldu\/","title":{"rendered":"35. Ankara Film Festivali\u2019nde \u00f6d\u00fcller sahiplerini buldu"},"content":{"rendered":"<div>\n<div class=\"mariselle-image-container center\">\n                                            <\/div>\n<p>Bu y\u0131l 35\u2019incisi d\u00fczenlenen Ankara Film Festivali\u2019nde \u00f6d\u00fcller sahiplerine verildi.<\/p>\n<p>K\u00fclt\u00fcr ve Turizm Bakanl\u0131\u011f\u0131, Sinema Genel M\u00fcd\u00fcrl\u00fc\u011f\u00fc, Devlet Tiyatrolar\u0131 Genel M\u00fcd\u00fcrl\u00fc\u011f\u00fc, Ankara B\u00fcy\u00fck\u015fehir Belediyesi, \u00c7ankaya Belediyesi ve Avrupa Birli\u011fi T\u00fcrkiye Delegasyonu destekleriyle D\u00fcnya Kitle \u0130leti\u015fimi Ara\u015ft\u0131rma Vakf\u0131 taraf\u0131ndan d\u00fczenlenen festivalin kapan\u0131\u015f t\u00f6reni \u015einasi Sahnesi\u2019nde ger\u00e7ekle\u015ftirildi.<\/p>\n<p>Kapan\u0131\u015f program\u0131nda belgesel, k\u0131sa ve uzun film dallar\u0131nda \u00f6d\u00fcle lay\u0131k g\u00f6r\u00fclenler a\u00e7\u0131kland\u0131, \u00f6d\u00fclleri verildi.<\/p>\n<p>\u201cBir Orkestran\u0131n \u0130zinde\u201d belgeseli, \u201cVEKAM \u00d6zel \u00d6d\u00fcl\u00fc\u201dne lay\u0131k bulundu. \u201cUlusal Belgesel Film Yar\u0131\u015fmas\u0131 J\u00fcri \u00d6zel \u00d6d\u00fcl\u00fc\u201d, \u201cZaman\u0131n K\u0131y\u0131s\u0131nda S\u0131nav\u201d; \u201cEn \u0130yi Belgesel \u00d6d\u00fcl\u00fc\u201d ise \u201cS\u00fcrg\u00fcn Asla Bitmez\u201d adl\u0131 yap\u0131mlar\u0131n oldu.<\/p>\n<p>\u201cUlusal K\u0131sa Film Yar\u0131\u015fmas\u0131 J\u00fcri \u00d6zel \u00d6d\u00fcl\u00fc\u201dne, \u201cG\u00f6r\u00fc\u015f\u00fcr\u00fcz Kaplumba\u011fa\u201d ve \u201cG\u00fcnayd\u0131n Anne\u201d filmleri lay\u0131k g\u00f6r\u00fcld\u00fc. \u201cEn \u0130yi K\u0131sa Film \u00d6d\u00fcl\u00fc\u201dn\u00fc ise \u201cMori\u201d adl\u0131 film ald\u0131.<\/p>\n<p>\u201cUlusal Uzun Film Yar\u0131\u015fmas\u0131 S\u0130YAD En \u0130yi Film \u00d6d\u00fcl\u00fc\u201d i\u00e7in \u201cB\u00fcy\u00fck Ku\u015fatma\u201d filmi se\u00e7ildi.<\/p>\n<p>Matteo Cocco\u2019nun \u201cGecenin K\u0131y\u0131s\u0131\u201d filmiyle \u201cEn \u0130yi G\u00f6r\u00fcnt\u00fc Y\u00f6netmeni\u201d \u00f6d\u00fcl\u00fcn\u00fc ald\u0131\u011f\u0131 gecede, Eyy\u00fcp Zana Ekinci \u201cHemme\u2019nin \u00d6ld\u00fc\u011f\u00fc G\u00fcnlerden Biri\u201d filmiyle \u201cEn \u0130yi Kurgu\u201d, Ahmet Kenan Bilgi\u00e7 \u201cHakk\u0131\u201d filmiyle \u201cEn \u0130yi \u00d6zg\u00fcn M\u00fczik\u201d, Natali Yeres de \u201cB\u00fcy\u00fck Ku\u015fatma\u201d filmiyle \u201cEn \u0130yi Sanat Y\u00f6netmeni\u201d \u00f6d\u00fcl\u00fcn\u00fcn sahibi oldu.<\/p>\n<p>\u201c\u00d6l\u00fc Mevsim\u201ddeki rol\u00fcyle Serkan Ercan, \u201cEn \u0130yi Yard\u0131mc\u0131 Erkek Oyuncu\u201d, ayn\u0131 filmdeki rol\u00fcyle Ece Ya\u015far da \u201cEn \u0130yi Yard\u0131mc\u0131 Kad\u0131n Oyuncu\u201d se\u00e7ildi.<\/p>\n<p>\u201cEn iyi Erkek Oyuncu\u201d \u00f6d\u00fcl\u00fcn\u00fc \u201cB\u00fcy\u00fck Ku\u015fatma\u201ddaki performans\u0131yla Alp \u00d6yken al\u0131rken, Serpil G\u00fcl de \u201cD\u00f6ng\u00fc\u201d filmindeki rol\u00fcyle \u201cEn \u0130yi Kad\u0131n Oyuncu\u201d \u00f6d\u00fcl\u00fcn\u00fc ald\u0131.<\/p>\n<p>\u201cOnat Kutlar En \u0130yi Senaryo \u00d6d\u00fcl\u00fc\u201d, \u201cD\u00f6ng\u00fc\u201d filmiyle Erkan Tahhu\u015fo\u011flu\u2019na, \u201cEn \u0130yi Y\u00f6netmen\u201d \u00f6d\u00fcl\u00fc ise \u201cHemme\u2019nin \u00d6ld\u00fc\u011f\u00fc G\u00fcnlerden Biri\u201d filmiyle Murat F\u0131rato\u011flu\u2019na verildi.<\/p>\n<p>\u201cMahmut Tali \u00d6ng\u00f6ren En \u0130yi \u0130lk Film \u00d6d\u00fcl\u00fc\u201d, \u201c\u00d6l\u00fc Mevsim\u201d filmiyle Do\u011fu\u015f Alg\u00fcn\u2019\u00fcn oldu.<\/p>\n<p>35. Ankara Film Festivali\u2019nde \u201c\u0130nci Demirkol En \u0130yi Film \u00d6d\u00fcl\u00fc\u201dne \u201cHemme\u2019nin \u00d6ld\u00fc\u011f\u00fc G\u00fcnlerden Biri\u201d filmi lay\u0131k g\u00f6r\u00fcld\u00fc.<\/p>\n<\/p><\/div>\n<p><script async\n                    defer\n                    crossorigin=\"anonymous\"\n                    src=\"https:\/\/connect.facebook.net\/tr_TR\/sdk.js#xfbml=1&#038;version=v3.3\"\n            ><\/script><\/p>\n","protected":false},"excerpt":{"rendered":"<p>Bu y\u0131l 35\u2019incisi d\u00fczenlenen Ankara Film Festivali\u2019nde \u00f6d\u00fcller sahiplerine verildi. K\u00fclt\u00fcr ve Turizm Bakanl\u0131\u011f\u0131, Sinema Genel M\u00fcd\u00fcrl\u00fc\u011f\u00fc, Devlet Tiyatrolar\u0131 Genel M\u00fcd\u00fcrl\u00fc\u011f\u00fc, Ankara B\u00fcy\u00fck\u015fehir Belediyesi, \u00c7ankaya Belediyesi ve Avrupa Birli\u011fi T\u00fcrkiye Delegasyonu destekleriyle D\u00fcnya Kitle \u0130leti\u015fimi Ara\u015ft\u0131rma Vakf\u0131 taraf\u0131ndan d\u00fczenlenen festivalin kapan\u0131\u015f t\u00f6reni \u015einasi Sahnesi\u2019nde ger\u00e7ekle\u015ftirildi. Kapan\u0131\u015f program\u0131nda belgesel, k\u0131sa ve uzun film dallar\u0131nda \u00f6d\u00fcle lay\u0131k [&hellip;]<\/p>\n","protected":false},"author":1,"featured_media":13665,"comment_status":"open","ping_status":"open","sticky":false,"template":"","format":"standard","meta":{"jnews-multi-image_gallery":[],"jnews_single_post":[],"jnews_primary_category":[],"jnews_social_meta":[],"jnews_override_counter":[],"footnotes":""},"categories":[5],"tags":[],"class_list":["post-13664","post","type-post","status-publish","format-standard","has-post-thumbnail","hentry","category-turkiye"],"yoast_head":"<!-- This site is optimized with the Yoast SEO plugin v27.4 - https:\/\/yoast.com\/product\/yoast-seo-wordpress\/ -->\n<title>35. Ankara Film Festivali\u2019nde \u00f6d\u00fcller sahiplerini buldu - Kuzeyin Sesi<\/title>\n<meta name=\"robots\" content=\"index, follow, max-snippet:-1, max-image-preview:large, max-video-preview:-1\" \/>\n<link rel=\"canonical\" href=\"https:\/\/kuzeyinsesi.org\/index.php\/2024\/11\/16\/35-ankara-film-festivalinde-oduller-sahiplerini-buldu\/\" \/>\n<meta property=\"og:locale\" content=\"tr_TR\" \/>\n<meta property=\"og:type\" content=\"article\" \/>\n<meta property=\"og:title\" content=\"35. Ankara Film Festivali\u2019nde \u00f6d\u00fcller sahiplerini buldu - Kuzeyin Sesi\" \/>\n<meta property=\"og:description\" content=\"Bu y\u0131l 35\u2019incisi d\u00fczenlenen Ankara Film Festivali\u2019nde \u00f6d\u00fcller sahiplerine verildi. K\u00fclt\u00fcr ve Turizm Bakanl\u0131\u011f\u0131, Sinema Genel M\u00fcd\u00fcrl\u00fc\u011f\u00fc, Devlet Tiyatrolar\u0131 Genel M\u00fcd\u00fcrl\u00fc\u011f\u00fc, Ankara B\u00fcy\u00fck\u015fehir Belediyesi, \u00c7ankaya Belediyesi ve Avrupa Birli\u011fi T\u00fcrkiye Delegasyonu destekleriyle D\u00fcnya Kitle \u0130leti\u015fimi Ara\u015ft\u0131rma Vakf\u0131 taraf\u0131ndan d\u00fczenlenen festivalin kapan\u0131\u015f t\u00f6reni \u015einasi Sahnesi\u2019nde ger\u00e7ekle\u015ftirildi. Kapan\u0131\u015f program\u0131nda belgesel, k\u0131sa ve uzun film dallar\u0131nda \u00f6d\u00fcle lay\u0131k [&hellip;]\" \/>\n<meta property=\"og:url\" content=\"https:\/\/kuzeyinsesi.org\/index.php\/2024\/11\/16\/35-ankara-film-festivalinde-oduller-sahiplerini-buldu\/\" \/>\n<meta property=\"og:site_name\" content=\"Kuzeyin Sesi\" \/>\n<meta property=\"article:publisher\" content=\"https:\/\/www.facebook.com\/kuzeyinsesii\" \/>\n<meta property=\"article:published_time\" content=\"2024-11-16T08:35:11+00:00\" \/>\n<meta property=\"og:image\" content=\"https:\/\/brtk.net\/wp-content\/uploads\/2024\/11\/16\/aa-20241115-36205781-36205780-35-ankara-film-festivalinde-oduller-sahiplerini-buldu-scaled.jpg?ver=df0fd845360655ebecafece21642c30e\" \/>\n<meta name=\"author\" content=\"Kuzeyin Sesi\" \/>\n<meta name=\"twitter:card\" content=\"summary_large_image\" \/>\n<meta name=\"twitter:creator\" content=\"@kuzeyinsesii\" \/>\n<meta name=\"twitter:site\" content=\"@kuzeyinsesii\" \/>\n<meta name=\"twitter:label1\" content=\"Yazan:\" \/>\n\t<meta name=\"twitter:data1\" content=\"Kuzeyin Sesi\" \/>\n\t<meta name=\"twitter:label2\" content=\"Tahmini okuma s\u00fcresi\" \/>\n\t<meta name=\"twitter:data2\" content=\"2 dakika\" \/>\n<script type=\"application\/ld+json\" class=\"yoast-schema-graph\">{\"@context\":\"https:\\\/\\\/schema.org\",\"@graph\":[{\"@type\":\"Article\",\"@id\":\"https:\\\/\\\/kuzeyinsesi.org\\\/index.php\\\/2024\\\/11\\\/16\\\/35-ankara-film-festivalinde-oduller-sahiplerini-buldu\\\/#article\",\"isPartOf\":{\"@id\":\"https:\\\/\\\/kuzeyinsesi.org\\\/index.php\\\/2024\\\/11\\\/16\\\/35-ankara-film-festivalinde-oduller-sahiplerini-buldu\\\/\"},\"author\":{\"name\":\"Kuzeyin Sesi\",\"@id\":\"https:\\\/\\\/kuzeyinsesi.org\\\/#\\\/schema\\\/person\\\/9f859689cdf01485597712386e37f5aa\"},\"headline\":\"35. Ankara Film Festivali\u2019nde \u00f6d\u00fcller sahiplerini buldu\",\"datePublished\":\"2024-11-16T08:35:11+00:00\",\"mainEntityOfPage\":{\"@id\":\"https:\\\/\\\/kuzeyinsesi.org\\\/index.php\\\/2024\\\/11\\\/16\\\/35-ankara-film-festivalinde-oduller-sahiplerini-buldu\\\/\"},\"wordCount\":422,\"commentCount\":0,\"image\":{\"@id\":\"https:\\\/\\\/kuzeyinsesi.org\\\/index.php\\\/2024\\\/11\\\/16\\\/35-ankara-film-festivalinde-oduller-sahiplerini-buldu\\\/#primaryimage\"},\"thumbnailUrl\":\"https:\\\/\\\/kuzeyinsesi.org\\\/wp-content\\\/uploads\\\/2024\\\/11\\\/aa-20241115-36205781-36205780-35-ankara-film-festivalinde-oduller-sahiplerini-buldu-scaled.jpg\",\"articleSection\":[\"T\u00fcrkiye\"],\"inLanguage\":\"tr\",\"potentialAction\":[{\"@type\":\"CommentAction\",\"name\":\"Comment\",\"target\":[\"https:\\\/\\\/kuzeyinsesi.org\\\/index.php\\\/2024\\\/11\\\/16\\\/35-ankara-film-festivalinde-oduller-sahiplerini-buldu\\\/#respond\"]}]},{\"@type\":\"WebPage\",\"@id\":\"https:\\\/\\\/kuzeyinsesi.org\\\/index.php\\\/2024\\\/11\\\/16\\\/35-ankara-film-festivalinde-oduller-sahiplerini-buldu\\\/\",\"url\":\"https:\\\/\\\/kuzeyinsesi.org\\\/index.php\\\/2024\\\/11\\\/16\\\/35-ankara-film-festivalinde-oduller-sahiplerini-buldu\\\/\",\"name\":\"35. Ankara Film Festivali\u2019nde \u00f6d\u00fcller sahiplerini buldu - Kuzeyin Sesi\",\"isPartOf\":{\"@id\":\"https:\\\/\\\/kuzeyinsesi.org\\\/#website\"},\"primaryImageOfPage\":{\"@id\":\"https:\\\/\\\/kuzeyinsesi.org\\\/index.php\\\/2024\\\/11\\\/16\\\/35-ankara-film-festivalinde-oduller-sahiplerini-buldu\\\/#primaryimage\"},\"image\":{\"@id\":\"https:\\\/\\\/kuzeyinsesi.org\\\/index.php\\\/2024\\\/11\\\/16\\\/35-ankara-film-festivalinde-oduller-sahiplerini-buldu\\\/#primaryimage\"},\"thumbnailUrl\":\"https:\\\/\\\/kuzeyinsesi.org\\\/wp-content\\\/uploads\\\/2024\\\/11\\\/aa-20241115-36205781-36205780-35-ankara-film-festivalinde-oduller-sahiplerini-buldu-scaled.jpg\",\"datePublished\":\"2024-11-16T08:35:11+00:00\",\"author\":{\"@id\":\"https:\\\/\\\/kuzeyinsesi.org\\\/#\\\/schema\\\/person\\\/9f859689cdf01485597712386e37f5aa\"},\"breadcrumb\":{\"@id\":\"https:\\\/\\\/kuzeyinsesi.org\\\/index.php\\\/2024\\\/11\\\/16\\\/35-ankara-film-festivalinde-oduller-sahiplerini-buldu\\\/#breadcrumb\"},\"inLanguage\":\"tr\",\"potentialAction\":[{\"@type\":\"ReadAction\",\"target\":[\"https:\\\/\\\/kuzeyinsesi.org\\\/index.php\\\/2024\\\/11\\\/16\\\/35-ankara-film-festivalinde-oduller-sahiplerini-buldu\\\/\"]}]},{\"@type\":\"ImageObject\",\"inLanguage\":\"tr\",\"@id\":\"https:\\\/\\\/kuzeyinsesi.org\\\/index.php\\\/2024\\\/11\\\/16\\\/35-ankara-film-festivalinde-oduller-sahiplerini-buldu\\\/#primaryimage\",\"url\":\"https:\\\/\\\/kuzeyinsesi.org\\\/wp-content\\\/uploads\\\/2024\\\/11\\\/aa-20241115-36205781-36205780-35-ankara-film-festivalinde-oduller-sahiplerini-buldu-scaled.jpg\",\"contentUrl\":\"https:\\\/\\\/kuzeyinsesi.org\\\/wp-content\\\/uploads\\\/2024\\\/11\\\/aa-20241115-36205781-36205780-35-ankara-film-festivalinde-oduller-sahiplerini-buldu-scaled.jpg\",\"width\":2560,\"height\":1707},{\"@type\":\"BreadcrumbList\",\"@id\":\"https:\\\/\\\/kuzeyinsesi.org\\\/index.php\\\/2024\\\/11\\\/16\\\/35-ankara-film-festivalinde-oduller-sahiplerini-buldu\\\/#breadcrumb\",\"itemListElement\":[{\"@type\":\"ListItem\",\"position\":1,\"name\":\"Anasayfa\",\"item\":\"https:\\\/\\\/kuzeyinsesi.org\\\/\"},{\"@type\":\"ListItem\",\"position\":2,\"name\":\"35. Ankara Film Festivali\u2019nde \u00f6d\u00fcller sahiplerini buldu\"}]},{\"@type\":\"WebSite\",\"@id\":\"https:\\\/\\\/kuzeyinsesi.org\\\/#website\",\"url\":\"https:\\\/\\\/kuzeyinsesi.org\\\/\",\"name\":\"Kuzeyin Sesi\",\"description\":\"Do\u011fru Haberin Adresi\",\"potentialAction\":[{\"@type\":\"SearchAction\",\"target\":{\"@type\":\"EntryPoint\",\"urlTemplate\":\"https:\\\/\\\/kuzeyinsesi.org\\\/?s={search_term_string}\"},\"query-input\":{\"@type\":\"PropertyValueSpecification\",\"valueRequired\":true,\"valueName\":\"search_term_string\"}}],\"inLanguage\":\"tr\"},{\"@type\":\"Person\",\"@id\":\"https:\\\/\\\/kuzeyinsesi.org\\\/#\\\/schema\\\/person\\\/9f859689cdf01485597712386e37f5aa\",\"name\":\"Kuzeyin Sesi\",\"image\":{\"@type\":\"ImageObject\",\"inLanguage\":\"tr\",\"@id\":\"https:\\\/\\\/secure.gravatar.com\\\/avatar\\\/bab33852abfd8b282518d6ed81826833d77c3c882d9ab608add591ccace47a44?s=96&d=mm&r=g\",\"url\":\"https:\\\/\\\/secure.gravatar.com\\\/avatar\\\/bab33852abfd8b282518d6ed81826833d77c3c882d9ab608add591ccace47a44?s=96&d=mm&r=g\",\"contentUrl\":\"https:\\\/\\\/secure.gravatar.com\\\/avatar\\\/bab33852abfd8b282518d6ed81826833d77c3c882d9ab608add591ccace47a44?s=96&d=mm&r=g\",\"caption\":\"Kuzeyin Sesi\"},\"sameAs\":[\"https:\\\/\\\/kuzeyinsesi.org\"],\"url\":\"https:\\\/\\\/kuzeyinsesi.org\\\/index.php\\\/author\\\/guven\\\/\"}]}<\/script>\n<!-- \/ Yoast SEO plugin. -->","yoast_head_json":{"title":"35. Ankara Film Festivali\u2019nde \u00f6d\u00fcller sahiplerini buldu - Kuzeyin Sesi","robots":{"index":"index","follow":"follow","max-snippet":"max-snippet:-1","max-image-preview":"max-image-preview:large","max-video-preview":"max-video-preview:-1"},"canonical":"https:\/\/kuzeyinsesi.org\/index.php\/2024\/11\/16\/35-ankara-film-festivalinde-oduller-sahiplerini-buldu\/","og_locale":"tr_TR","og_type":"article","og_title":"35. Ankara Film Festivali\u2019nde \u00f6d\u00fcller sahiplerini buldu - Kuzeyin Sesi","og_description":"Bu y\u0131l 35\u2019incisi d\u00fczenlenen Ankara Film Festivali\u2019nde \u00f6d\u00fcller sahiplerine verildi. K\u00fclt\u00fcr ve Turizm Bakanl\u0131\u011f\u0131, Sinema Genel M\u00fcd\u00fcrl\u00fc\u011f\u00fc, Devlet Tiyatrolar\u0131 Genel M\u00fcd\u00fcrl\u00fc\u011f\u00fc, Ankara B\u00fcy\u00fck\u015fehir Belediyesi, \u00c7ankaya Belediyesi ve Avrupa Birli\u011fi T\u00fcrkiye Delegasyonu destekleriyle D\u00fcnya Kitle \u0130leti\u015fimi Ara\u015ft\u0131rma Vakf\u0131 taraf\u0131ndan d\u00fczenlenen festivalin kapan\u0131\u015f t\u00f6reni \u015einasi Sahnesi\u2019nde ger\u00e7ekle\u015ftirildi. Kapan\u0131\u015f program\u0131nda belgesel, k\u0131sa ve uzun film dallar\u0131nda \u00f6d\u00fcle lay\u0131k [&hellip;]","og_url":"https:\/\/kuzeyinsesi.org\/index.php\/2024\/11\/16\/35-ankara-film-festivalinde-oduller-sahiplerini-buldu\/","og_site_name":"Kuzeyin Sesi","article_publisher":"https:\/\/www.facebook.com\/kuzeyinsesii","article_published_time":"2024-11-16T08:35:11+00:00","og_image":[{"url":"https:\/\/brtk.net\/wp-content\/uploads\/2024\/11\/16\/aa-20241115-36205781-36205780-35-ankara-film-festivalinde-oduller-sahiplerini-buldu-scaled.jpg?ver=df0fd845360655ebecafece21642c30e","type":"","width":"","height":""}],"author":"Kuzeyin Sesi","twitter_card":"summary_large_image","twitter_creator":"@kuzeyinsesii","twitter_site":"@kuzeyinsesii","twitter_misc":{"Yazan:":"Kuzeyin Sesi","Tahmini okuma s\u00fcresi":"2 dakika"},"schema":{"@context":"https:\/\/schema.org","@graph":[{"@type":"Article","@id":"https:\/\/kuzeyinsesi.org\/index.php\/2024\/11\/16\/35-ankara-film-festivalinde-oduller-sahiplerini-buldu\/#article","isPartOf":{"@id":"https:\/\/kuzeyinsesi.org\/index.php\/2024\/11\/16\/35-ankara-film-festivalinde-oduller-sahiplerini-buldu\/"},"author":{"name":"Kuzeyin Sesi","@id":"https:\/\/kuzeyinsesi.org\/#\/schema\/person\/9f859689cdf01485597712386e37f5aa"},"headline":"35. Ankara Film Festivali\u2019nde \u00f6d\u00fcller sahiplerini buldu","datePublished":"2024-11-16T08:35:11+00:00","mainEntityOfPage":{"@id":"https:\/\/kuzeyinsesi.org\/index.php\/2024\/11\/16\/35-ankara-film-festivalinde-oduller-sahiplerini-buldu\/"},"wordCount":422,"commentCount":0,"image":{"@id":"https:\/\/kuzeyinsesi.org\/index.php\/2024\/11\/16\/35-ankara-film-festivalinde-oduller-sahiplerini-buldu\/#primaryimage"},"thumbnailUrl":"https:\/\/kuzeyinsesi.org\/wp-content\/uploads\/2024\/11\/aa-20241115-36205781-36205780-35-ankara-film-festivalinde-oduller-sahiplerini-buldu-scaled.jpg","articleSection":["T\u00fcrkiye"],"inLanguage":"tr","potentialAction":[{"@type":"CommentAction","name":"Comment","target":["https:\/\/kuzeyinsesi.org\/index.php\/2024\/11\/16\/35-ankara-film-festivalinde-oduller-sahiplerini-buldu\/#respond"]}]},{"@type":"WebPage","@id":"https:\/\/kuzeyinsesi.org\/index.php\/2024\/11\/16\/35-ankara-film-festivalinde-oduller-sahiplerini-buldu\/","url":"https:\/\/kuzeyinsesi.org\/index.php\/2024\/11\/16\/35-ankara-film-festivalinde-oduller-sahiplerini-buldu\/","name":"35. Ankara Film Festivali\u2019nde \u00f6d\u00fcller sahiplerini buldu - Kuzeyin Sesi","isPartOf":{"@id":"https:\/\/kuzeyinsesi.org\/#website"},"primaryImageOfPage":{"@id":"https:\/\/kuzeyinsesi.org\/index.php\/2024\/11\/16\/35-ankara-film-festivalinde-oduller-sahiplerini-buldu\/#primaryimage"},"image":{"@id":"https:\/\/kuzeyinsesi.org\/index.php\/2024\/11\/16\/35-ankara-film-festivalinde-oduller-sahiplerini-buldu\/#primaryimage"},"thumbnailUrl":"https:\/\/kuzeyinsesi.org\/wp-content\/uploads\/2024\/11\/aa-20241115-36205781-36205780-35-ankara-film-festivalinde-oduller-sahiplerini-buldu-scaled.jpg","datePublished":"2024-11-16T08:35:11+00:00","author":{"@id":"https:\/\/kuzeyinsesi.org\/#\/schema\/person\/9f859689cdf01485597712386e37f5aa"},"breadcrumb":{"@id":"https:\/\/kuzeyinsesi.org\/index.php\/2024\/11\/16\/35-ankara-film-festivalinde-oduller-sahiplerini-buldu\/#breadcrumb"},"inLanguage":"tr","potentialAction":[{"@type":"ReadAction","target":["https:\/\/kuzeyinsesi.org\/index.php\/2024\/11\/16\/35-ankara-film-festivalinde-oduller-sahiplerini-buldu\/"]}]},{"@type":"ImageObject","inLanguage":"tr","@id":"https:\/\/kuzeyinsesi.org\/index.php\/2024\/11\/16\/35-ankara-film-festivalinde-oduller-sahiplerini-buldu\/#primaryimage","url":"https:\/\/kuzeyinsesi.org\/wp-content\/uploads\/2024\/11\/aa-20241115-36205781-36205780-35-ankara-film-festivalinde-oduller-sahiplerini-buldu-scaled.jpg","contentUrl":"https:\/\/kuzeyinsesi.org\/wp-content\/uploads\/2024\/11\/aa-20241115-36205781-36205780-35-ankara-film-festivalinde-oduller-sahiplerini-buldu-scaled.jpg","width":2560,"height":1707},{"@type":"BreadcrumbList","@id":"https:\/\/kuzeyinsesi.org\/index.php\/2024\/11\/16\/35-ankara-film-festivalinde-oduller-sahiplerini-buldu\/#breadcrumb","itemListElement":[{"@type":"ListItem","position":1,"name":"Anasayfa","item":"https:\/\/kuzeyinsesi.org\/"},{"@type":"ListItem","position":2,"name":"35. Ankara Film Festivali\u2019nde \u00f6d\u00fcller sahiplerini buldu"}]},{"@type":"WebSite","@id":"https:\/\/kuzeyinsesi.org\/#website","url":"https:\/\/kuzeyinsesi.org\/","name":"Kuzeyin Sesi","description":"Do\u011fru Haberin Adresi","potentialAction":[{"@type":"SearchAction","target":{"@type":"EntryPoint","urlTemplate":"https:\/\/kuzeyinsesi.org\/?s={search_term_string}"},"query-input":{"@type":"PropertyValueSpecification","valueRequired":true,"valueName":"search_term_string"}}],"inLanguage":"tr"},{"@type":"Person","@id":"https:\/\/kuzeyinsesi.org\/#\/schema\/person\/9f859689cdf01485597712386e37f5aa","name":"Kuzeyin Sesi","image":{"@type":"ImageObject","inLanguage":"tr","@id":"https:\/\/secure.gravatar.com\/avatar\/bab33852abfd8b282518d6ed81826833d77c3c882d9ab608add591ccace47a44?s=96&d=mm&r=g","url":"https:\/\/secure.gravatar.com\/avatar\/bab33852abfd8b282518d6ed81826833d77c3c882d9ab608add591ccace47a44?s=96&d=mm&r=g","contentUrl":"https:\/\/secure.gravatar.com\/avatar\/bab33852abfd8b282518d6ed81826833d77c3c882d9ab608add591ccace47a44?s=96&d=mm&r=g","caption":"Kuzeyin Sesi"},"sameAs":["https:\/\/kuzeyinsesi.org"],"url":"https:\/\/kuzeyinsesi.org\/index.php\/author\/guven\/"}]}},"_links":{"self":[{"href":"https:\/\/kuzeyinsesi.org\/index.php\/wp-json\/wp\/v2\/posts\/13664","targetHints":{"allow":["GET"]}}],"collection":[{"href":"https:\/\/kuzeyinsesi.org\/index.php\/wp-json\/wp\/v2\/posts"}],"about":[{"href":"https:\/\/kuzeyinsesi.org\/index.php\/wp-json\/wp\/v2\/types\/post"}],"author":[{"embeddable":true,"href":"https:\/\/kuzeyinsesi.org\/index.php\/wp-json\/wp\/v2\/users\/1"}],"replies":[{"embeddable":true,"href":"https:\/\/kuzeyinsesi.org\/index.php\/wp-json\/wp\/v2\/comments?post=13664"}],"version-history":[{"count":0,"href":"https:\/\/kuzeyinsesi.org\/index.php\/wp-json\/wp\/v2\/posts\/13664\/revisions"}],"wp:featuredmedia":[{"embeddable":true,"href":"https:\/\/kuzeyinsesi.org\/index.php\/wp-json\/wp\/v2\/media\/13665"}],"wp:attachment":[{"href":"https:\/\/kuzeyinsesi.org\/index.php\/wp-json\/wp\/v2\/media?parent=13664"}],"wp:term":[{"taxonomy":"category","embeddable":true,"href":"https:\/\/kuzeyinsesi.org\/index.php\/wp-json\/wp\/v2\/categories?post=13664"},{"taxonomy":"post_tag","embeddable":true,"href":"https:\/\/kuzeyinsesi.org\/index.php\/wp-json\/wp\/v2\/tags?post=13664"}],"curies":[{"name":"wp","href":"https:\/\/api.w.org\/{rel}","templated":true}]}}