{"id":13654,"date":"2024-11-15T20:38:02","date_gmt":"2024-11-15T18:38:02","guid":{"rendered":"https:\/\/kuzeyinsesi.org\/index.php\/2024\/11\/15\/cumhurbaskani-ersin-tatar-demokratik-sol-parti-genel-baskani-ve-beraberindeki-heyeti-kabul-etti\/"},"modified":"2024-11-15T20:38:02","modified_gmt":"2024-11-15T18:38:02","slug":"cumhurbaskani-ersin-tatar-demokratik-sol-parti-genel-baskani-ve-beraberindeki-heyeti-kabul-etti","status":"publish","type":"post","link":"https:\/\/kuzeyinsesi.org\/index.php\/2024\/11\/15\/cumhurbaskani-ersin-tatar-demokratik-sol-parti-genel-baskani-ve-beraberindeki-heyeti-kabul-etti\/","title":{"rendered":"Cumhurba\u015fkan\u0131 Ersin Tatar, Demokratik Sol Parti Genel Ba\u015fkan\u0131 ve beraberindeki heyeti kabul etti"},"content":{"rendered":"<div>\n<div class=\"mariselle-image-container center\">\n                                            <\/div>\n<p>\nCumhurba\u015fkan\u0131 Ersin Tatar, Kuzey K\u0131br\u0131s T\u00fcrk Cumhuriyeti\u2019nin 41. Kurulu\u015f y\u0131ld\u00f6n\u00fcm\u00fc nedeniyle adada bulunan DSP Genel Ba\u015fkan\u0131 Mehmet \u00d6nder Aksakal ve beraberindeki heyeti kabul ederek g\u00f6r\u00fc\u015ft\u00fc.  <\/p>\n<p>Kabulde yapt\u0131\u011f\u0131 konu\u015fmada, ziyaretten duydu\u011fu memnuniyeti ifade eden Cumhurba\u015fkan\u0131 Ersin Tatar, bu \u00f6nemli g\u00fcnde bir araya gelmenin onur ve mutlulu\u011funu ya\u015fad\u0131\u011f\u0131n\u0131 belirtti. Partinin kurucusu olan B\u00fclent Ecevit\u2019in, K\u0131br\u0131s i\u00e7in \u00f6neminin \u00e7ok b\u00fcy\u00fck oldu\u011funu belirten Cumhurba\u015fkan\u0131 Tatar, kendisini rahmetle anarak, minnet duygular\u0131n\u0131 iletti.<\/p>\n<p>K\u0131br\u0131s \u2018\u0131n \u00f6nemi giderek artmakta oldu\u011funa dikkat \u00e7eken Cumhurba\u015fkan\u0131 Tatar, ticaret alan\u0131nda ya\u015fanan y\u00fckselmenin KKTC\u2018nin stat\u00fcs\u00fcn\u00fc art\u0131rd\u0131\u011f\u0131n\u0131 ifade etti. <\/p>\n<p>Jeopolitik olarak bak\u0131ld\u0131\u011f\u0131 zaman KKTC\u2018nin, Do\u011fu Akdeniz\u2019in parlayan y\u0131ld\u0131z\u0131 olabilece\u011finin alt\u0131n\u0131 \u00e7izen Cumhurba\u015fkan\u0131 Tatar, bu ba\u011flamda T\u00fcrkiye\u2019nin deste\u011fi kendileri i\u00e7in \u00e7ok \u00f6nemli oldu\u011funu s\u00f6yledi. Ayr\u0131ca KKTC\u2018deki \u00fcretim ve hizmet lokomotifinin, T\u00fcrkiye ile olan ekonomik ba\u011flar\u0131 daha da g\u00fc\u00e7lendirece\u011fine duydu\u011fu inanc\u0131 da ifade etti.   <\/p>\n<p>Mehmet \u00d6nder Aksakal ise K\u0131br\u0131s\u2019\u0131n \u00e7ok b\u00fcy\u00fck bir \u00f6nem ta\u015f\u0131d\u0131\u011f\u0131n\u0131 belirterek, B\u00fclent Ecevit\u2019in bu partiyi kurarken tarihe \u00f6nem verdi\u011fini de ifade etti ve 14 Kas\u0131m 1985 y\u0131l\u0131nda kurulan Demokratik Sol Partisinin 39. y\u0131l\u0131n\u0131 kutlad\u0131klar\u0131n\u0131 belirtti. Aksakal, K\u0131br\u0131s\u2019a verilen de\u011ferin T\u00fcrk milliyet\u00e7ili\u011finin bir gere\u011fi oldu\u011funu belirtti. Orta Asyadaki t\u00fcm T\u00fcrk devletlerinin KKTC\u2018nin tan\u0131mas\u0131n\u0131n yolu a\u00e7\u0131ld\u0131\u011f\u0131n\u0131 ifade eden Aksakal, k\u0131sa zamanda da K\u0131br\u0131s\u2019\u0131n d\u00fcnyan\u0131n en \u00f6nemli noktas\u0131 haline gelece\u011fine inan\u00e7 belirtti. K\u0131br\u0131s\u2019\u0131n jeopolitik olarak \u00f6nemini bir kez daha vurgulayan Aksakal, T\u00fcrkiye ve KKTC\u2018nin birlik ve beraberli\u011fi ile bu yolda y\u00fcr\u00fcyeceklerini ifade etti.<\/p>\n<\/p><\/div>\n<p><script async\n                    defer\n                    crossorigin=\"anonymous\"\n                    src=\"https:\/\/connect.facebook.net\/tr_TR\/sdk.js#xfbml=1&#038;version=v3.3\"\n            ><\/script><\/p>\n","protected":false},"excerpt":{"rendered":"<p>Cumhurba\u015fkan\u0131 Ersin Tatar, Kuzey K\u0131br\u0131s T\u00fcrk Cumhuriyeti\u2019nin 41. Kurulu\u015f y\u0131ld\u00f6n\u00fcm\u00fc nedeniyle adada bulunan DSP Genel Ba\u015fkan\u0131 Mehmet \u00d6nder Aksakal ve beraberindeki heyeti kabul ederek g\u00f6r\u00fc\u015ft\u00fc. Kabulde yapt\u0131\u011f\u0131 konu\u015fmada, ziyaretten duydu\u011fu memnuniyeti ifade eden Cumhurba\u015fkan\u0131 Ersin Tatar, bu \u00f6nemli g\u00fcnde bir araya gelmenin onur ve mutlulu\u011funu ya\u015fad\u0131\u011f\u0131n\u0131 belirtti. Partinin kurucusu olan B\u00fclent Ecevit\u2019in, K\u0131br\u0131s i\u00e7in \u00f6neminin [&hellip;]<\/p>\n","protected":false},"author":1,"featured_media":13655,"comment_status":"open","ping_status":"open","sticky":false,"template":"","format":"standard","meta":{"jnews-multi-image_gallery":[],"jnews_single_post":[],"jnews_primary_category":[],"jnews_social_meta":[],"jnews_override_counter":[],"footnotes":""},"categories":[5],"tags":[],"class_list":["post-13654","post","type-post","status-publish","format-standard","has-post-thumbnail","hentry","category-turkiye"],"yoast_head":"<!-- This site is optimized with the Yoast SEO plugin v27.4 - https:\/\/yoast.com\/product\/yoast-seo-wordpress\/ -->\n<title>Cumhurba\u015fkan\u0131 Ersin Tatar, Demokratik Sol Parti Genel Ba\u015fkan\u0131 ve beraberindeki heyeti kabul etti - Kuzeyin Sesi<\/title>\n<meta name=\"robots\" content=\"index, follow, max-snippet:-1, max-image-preview:large, max-video-preview:-1\" \/>\n<link rel=\"canonical\" href=\"https:\/\/kuzeyinsesi.org\/index.php\/2024\/11\/15\/cumhurbaskani-ersin-tatar-demokratik-sol-parti-genel-baskani-ve-beraberindeki-heyeti-kabul-etti\/\" \/>\n<meta property=\"og:locale\" content=\"tr_TR\" \/>\n<meta property=\"og:type\" content=\"article\" \/>\n<meta property=\"og:title\" content=\"Cumhurba\u015fkan\u0131 Ersin Tatar, Demokratik Sol Parti Genel Ba\u015fkan\u0131 ve beraberindeki heyeti kabul etti - Kuzeyin Sesi\" \/>\n<meta property=\"og:description\" content=\"Cumhurba\u015fkan\u0131 Ersin Tatar, Kuzey K\u0131br\u0131s T\u00fcrk Cumhuriyeti\u2019nin 41. Kurulu\u015f y\u0131ld\u00f6n\u00fcm\u00fc nedeniyle adada bulunan DSP Genel Ba\u015fkan\u0131 Mehmet \u00d6nder Aksakal ve beraberindeki heyeti kabul ederek g\u00f6r\u00fc\u015ft\u00fc. Kabulde yapt\u0131\u011f\u0131 konu\u015fmada, ziyaretten duydu\u011fu memnuniyeti ifade eden Cumhurba\u015fkan\u0131 Ersin Tatar, bu \u00f6nemli g\u00fcnde bir araya gelmenin onur ve mutlulu\u011funu ya\u015fad\u0131\u011f\u0131n\u0131 belirtti. Partinin kurucusu olan B\u00fclent Ecevit\u2019in, K\u0131br\u0131s i\u00e7in \u00f6neminin [&hellip;]\" \/>\n<meta property=\"og:url\" content=\"https:\/\/kuzeyinsesi.org\/index.php\/2024\/11\/15\/cumhurbaskani-ersin-tatar-demokratik-sol-parti-genel-baskani-ve-beraberindeki-heyeti-kabul-etti\/\" \/>\n<meta property=\"og:site_name\" content=\"Kuzeyin Sesi\" \/>\n<meta property=\"article:publisher\" content=\"https:\/\/www.facebook.com\/kuzeyinsesii\" \/>\n<meta property=\"article:published_time\" content=\"2024-11-15T18:38:02+00:00\" \/>\n<meta property=\"og:image\" content=\"https:\/\/brtk.net\/wp-content\/uploads\/2024\/11\/15\/631669865.jpg?ver=54e211d79a776f85f0e730d400adfb03\" \/>\n<meta name=\"author\" content=\"Kuzeyin Sesi\" \/>\n<meta name=\"twitter:card\" content=\"summary_large_image\" \/>\n<meta name=\"twitter:creator\" content=\"@kuzeyinsesii\" \/>\n<meta name=\"twitter:site\" content=\"@kuzeyinsesii\" \/>\n<meta name=\"twitter:label1\" content=\"Yazan:\" \/>\n\t<meta name=\"twitter:data1\" content=\"Kuzeyin Sesi\" \/>\n\t<meta name=\"twitter:label2\" content=\"Tahmini okuma s\u00fcresi\" \/>\n\t<meta name=\"twitter:data2\" content=\"2 dakika\" \/>\n<script type=\"application\/ld+json\" class=\"yoast-schema-graph\">{\"@context\":\"https:\\\/\\\/schema.org\",\"@graph\":[{\"@type\":\"Article\",\"@id\":\"https:\\\/\\\/kuzeyinsesi.org\\\/index.php\\\/2024\\\/11\\\/15\\\/cumhurbaskani-ersin-tatar-demokratik-sol-parti-genel-baskani-ve-beraberindeki-heyeti-kabul-etti\\\/#article\",\"isPartOf\":{\"@id\":\"https:\\\/\\\/kuzeyinsesi.org\\\/index.php\\\/2024\\\/11\\\/15\\\/cumhurbaskani-ersin-tatar-demokratik-sol-parti-genel-baskani-ve-beraberindeki-heyeti-kabul-etti\\\/\"},\"author\":{\"name\":\"Kuzeyin Sesi\",\"@id\":\"https:\\\/\\\/kuzeyinsesi.org\\\/#\\\/schema\\\/person\\\/9f859689cdf01485597712386e37f5aa\"},\"headline\":\"Cumhurba\u015fkan\u0131 Ersin Tatar, Demokratik Sol Parti Genel Ba\u015fkan\u0131 ve beraberindeki heyeti kabul etti\",\"datePublished\":\"2024-11-15T18:38:02+00:00\",\"mainEntityOfPage\":{\"@id\":\"https:\\\/\\\/kuzeyinsesi.org\\\/index.php\\\/2024\\\/11\\\/15\\\/cumhurbaskani-ersin-tatar-demokratik-sol-parti-genel-baskani-ve-beraberindeki-heyeti-kabul-etti\\\/\"},\"wordCount\":342,\"commentCount\":0,\"image\":{\"@id\":\"https:\\\/\\\/kuzeyinsesi.org\\\/index.php\\\/2024\\\/11\\\/15\\\/cumhurbaskani-ersin-tatar-demokratik-sol-parti-genel-baskani-ve-beraberindeki-heyeti-kabul-etti\\\/#primaryimage\"},\"thumbnailUrl\":\"https:\\\/\\\/kuzeyinsesi.org\\\/wp-content\\\/uploads\\\/2024\\\/11\\\/631669865.jpg\",\"articleSection\":[\"T\u00fcrkiye\"],\"inLanguage\":\"tr\",\"potentialAction\":[{\"@type\":\"CommentAction\",\"name\":\"Comment\",\"target\":[\"https:\\\/\\\/kuzeyinsesi.org\\\/index.php\\\/2024\\\/11\\\/15\\\/cumhurbaskani-ersin-tatar-demokratik-sol-parti-genel-baskani-ve-beraberindeki-heyeti-kabul-etti\\\/#respond\"]}]},{\"@type\":\"WebPage\",\"@id\":\"https:\\\/\\\/kuzeyinsesi.org\\\/index.php\\\/2024\\\/11\\\/15\\\/cumhurbaskani-ersin-tatar-demokratik-sol-parti-genel-baskani-ve-beraberindeki-heyeti-kabul-etti\\\/\",\"url\":\"https:\\\/\\\/kuzeyinsesi.org\\\/index.php\\\/2024\\\/11\\\/15\\\/cumhurbaskani-ersin-tatar-demokratik-sol-parti-genel-baskani-ve-beraberindeki-heyeti-kabul-etti\\\/\",\"name\":\"Cumhurba\u015fkan\u0131 Ersin Tatar, Demokratik Sol Parti Genel Ba\u015fkan\u0131 ve beraberindeki heyeti kabul etti - Kuzeyin Sesi\",\"isPartOf\":{\"@id\":\"https:\\\/\\\/kuzeyinsesi.org\\\/#website\"},\"primaryImageOfPage\":{\"@id\":\"https:\\\/\\\/kuzeyinsesi.org\\\/index.php\\\/2024\\\/11\\\/15\\\/cumhurbaskani-ersin-tatar-demokratik-sol-parti-genel-baskani-ve-beraberindeki-heyeti-kabul-etti\\\/#primaryimage\"},\"image\":{\"@id\":\"https:\\\/\\\/kuzeyinsesi.org\\\/index.php\\\/2024\\\/11\\\/15\\\/cumhurbaskani-ersin-tatar-demokratik-sol-parti-genel-baskani-ve-beraberindeki-heyeti-kabul-etti\\\/#primaryimage\"},\"thumbnailUrl\":\"https:\\\/\\\/kuzeyinsesi.org\\\/wp-content\\\/uploads\\\/2024\\\/11\\\/631669865.jpg\",\"datePublished\":\"2024-11-15T18:38:02+00:00\",\"author\":{\"@id\":\"https:\\\/\\\/kuzeyinsesi.org\\\/#\\\/schema\\\/person\\\/9f859689cdf01485597712386e37f5aa\"},\"breadcrumb\":{\"@id\":\"https:\\\/\\\/kuzeyinsesi.org\\\/index.php\\\/2024\\\/11\\\/15\\\/cumhurbaskani-ersin-tatar-demokratik-sol-parti-genel-baskani-ve-beraberindeki-heyeti-kabul-etti\\\/#breadcrumb\"},\"inLanguage\":\"tr\",\"potentialAction\":[{\"@type\":\"ReadAction\",\"target\":[\"https:\\\/\\\/kuzeyinsesi.org\\\/index.php\\\/2024\\\/11\\\/15\\\/cumhurbaskani-ersin-tatar-demokratik-sol-parti-genel-baskani-ve-beraberindeki-heyeti-kabul-etti\\\/\"]}]},{\"@type\":\"ImageObject\",\"inLanguage\":\"tr\",\"@id\":\"https:\\\/\\\/kuzeyinsesi.org\\\/index.php\\\/2024\\\/11\\\/15\\\/cumhurbaskani-ersin-tatar-demokratik-sol-parti-genel-baskani-ve-beraberindeki-heyeti-kabul-etti\\\/#primaryimage\",\"url\":\"https:\\\/\\\/kuzeyinsesi.org\\\/wp-content\\\/uploads\\\/2024\\\/11\\\/631669865.jpg\",\"contentUrl\":\"https:\\\/\\\/kuzeyinsesi.org\\\/wp-content\\\/uploads\\\/2024\\\/11\\\/631669865.jpg\",\"width\":805,\"height\":400},{\"@type\":\"BreadcrumbList\",\"@id\":\"https:\\\/\\\/kuzeyinsesi.org\\\/index.php\\\/2024\\\/11\\\/15\\\/cumhurbaskani-ersin-tatar-demokratik-sol-parti-genel-baskani-ve-beraberindeki-heyeti-kabul-etti\\\/#breadcrumb\",\"itemListElement\":[{\"@type\":\"ListItem\",\"position\":1,\"name\":\"Anasayfa\",\"item\":\"https:\\\/\\\/kuzeyinsesi.org\\\/\"},{\"@type\":\"ListItem\",\"position\":2,\"name\":\"Cumhurba\u015fkan\u0131 Ersin Tatar, Demokratik Sol Parti Genel Ba\u015fkan\u0131 ve beraberindeki heyeti kabul etti\"}]},{\"@type\":\"WebSite\",\"@id\":\"https:\\\/\\\/kuzeyinsesi.org\\\/#website\",\"url\":\"https:\\\/\\\/kuzeyinsesi.org\\\/\",\"name\":\"Kuzeyin Sesi\",\"description\":\"Do\u011fru Haberin Adresi\",\"potentialAction\":[{\"@type\":\"SearchAction\",\"target\":{\"@type\":\"EntryPoint\",\"urlTemplate\":\"https:\\\/\\\/kuzeyinsesi.org\\\/?s={search_term_string}\"},\"query-input\":{\"@type\":\"PropertyValueSpecification\",\"valueRequired\":true,\"valueName\":\"search_term_string\"}}],\"inLanguage\":\"tr\"},{\"@type\":\"Person\",\"@id\":\"https:\\\/\\\/kuzeyinsesi.org\\\/#\\\/schema\\\/person\\\/9f859689cdf01485597712386e37f5aa\",\"name\":\"Kuzeyin Sesi\",\"image\":{\"@type\":\"ImageObject\",\"inLanguage\":\"tr\",\"@id\":\"https:\\\/\\\/secure.gravatar.com\\\/avatar\\\/bab33852abfd8b282518d6ed81826833d77c3c882d9ab608add591ccace47a44?s=96&d=mm&r=g\",\"url\":\"https:\\\/\\\/secure.gravatar.com\\\/avatar\\\/bab33852abfd8b282518d6ed81826833d77c3c882d9ab608add591ccace47a44?s=96&d=mm&r=g\",\"contentUrl\":\"https:\\\/\\\/secure.gravatar.com\\\/avatar\\\/bab33852abfd8b282518d6ed81826833d77c3c882d9ab608add591ccace47a44?s=96&d=mm&r=g\",\"caption\":\"Kuzeyin Sesi\"},\"sameAs\":[\"https:\\\/\\\/kuzeyinsesi.org\"],\"url\":\"https:\\\/\\\/kuzeyinsesi.org\\\/index.php\\\/author\\\/guven\\\/\"}]}<\/script>\n<!-- \/ Yoast SEO plugin. -->","yoast_head_json":{"title":"Cumhurba\u015fkan\u0131 Ersin Tatar, Demokratik Sol Parti Genel Ba\u015fkan\u0131 ve beraberindeki heyeti kabul etti - Kuzeyin Sesi","robots":{"index":"index","follow":"follow","max-snippet":"max-snippet:-1","max-image-preview":"max-image-preview:large","max-video-preview":"max-video-preview:-1"},"canonical":"https:\/\/kuzeyinsesi.org\/index.php\/2024\/11\/15\/cumhurbaskani-ersin-tatar-demokratik-sol-parti-genel-baskani-ve-beraberindeki-heyeti-kabul-etti\/","og_locale":"tr_TR","og_type":"article","og_title":"Cumhurba\u015fkan\u0131 Ersin Tatar, Demokratik Sol Parti Genel Ba\u015fkan\u0131 ve beraberindeki heyeti kabul etti - Kuzeyin Sesi","og_description":"Cumhurba\u015fkan\u0131 Ersin Tatar, Kuzey K\u0131br\u0131s T\u00fcrk Cumhuriyeti\u2019nin 41. Kurulu\u015f y\u0131ld\u00f6n\u00fcm\u00fc nedeniyle adada bulunan DSP Genel Ba\u015fkan\u0131 Mehmet \u00d6nder Aksakal ve beraberindeki heyeti kabul ederek g\u00f6r\u00fc\u015ft\u00fc. Kabulde yapt\u0131\u011f\u0131 konu\u015fmada, ziyaretten duydu\u011fu memnuniyeti ifade eden Cumhurba\u015fkan\u0131 Ersin Tatar, bu \u00f6nemli g\u00fcnde bir araya gelmenin onur ve mutlulu\u011funu ya\u015fad\u0131\u011f\u0131n\u0131 belirtti. Partinin kurucusu olan B\u00fclent Ecevit\u2019in, K\u0131br\u0131s i\u00e7in \u00f6neminin [&hellip;]","og_url":"https:\/\/kuzeyinsesi.org\/index.php\/2024\/11\/15\/cumhurbaskani-ersin-tatar-demokratik-sol-parti-genel-baskani-ve-beraberindeki-heyeti-kabul-etti\/","og_site_name":"Kuzeyin Sesi","article_publisher":"https:\/\/www.facebook.com\/kuzeyinsesii","article_published_time":"2024-11-15T18:38:02+00:00","og_image":[{"url":"https:\/\/brtk.net\/wp-content\/uploads\/2024\/11\/15\/631669865.jpg?ver=54e211d79a776f85f0e730d400adfb03","type":"","width":"","height":""}],"author":"Kuzeyin Sesi","twitter_card":"summary_large_image","twitter_creator":"@kuzeyinsesii","twitter_site":"@kuzeyinsesii","twitter_misc":{"Yazan:":"Kuzeyin Sesi","Tahmini okuma s\u00fcresi":"2 dakika"},"schema":{"@context":"https:\/\/schema.org","@graph":[{"@type":"Article","@id":"https:\/\/kuzeyinsesi.org\/index.php\/2024\/11\/15\/cumhurbaskani-ersin-tatar-demokratik-sol-parti-genel-baskani-ve-beraberindeki-heyeti-kabul-etti\/#article","isPartOf":{"@id":"https:\/\/kuzeyinsesi.org\/index.php\/2024\/11\/15\/cumhurbaskani-ersin-tatar-demokratik-sol-parti-genel-baskani-ve-beraberindeki-heyeti-kabul-etti\/"},"author":{"name":"Kuzeyin Sesi","@id":"https:\/\/kuzeyinsesi.org\/#\/schema\/person\/9f859689cdf01485597712386e37f5aa"},"headline":"Cumhurba\u015fkan\u0131 Ersin Tatar, Demokratik Sol Parti Genel Ba\u015fkan\u0131 ve beraberindeki heyeti kabul etti","datePublished":"2024-11-15T18:38:02+00:00","mainEntityOfPage":{"@id":"https:\/\/kuzeyinsesi.org\/index.php\/2024\/11\/15\/cumhurbaskani-ersin-tatar-demokratik-sol-parti-genel-baskani-ve-beraberindeki-heyeti-kabul-etti\/"},"wordCount":342,"commentCount":0,"image":{"@id":"https:\/\/kuzeyinsesi.org\/index.php\/2024\/11\/15\/cumhurbaskani-ersin-tatar-demokratik-sol-parti-genel-baskani-ve-beraberindeki-heyeti-kabul-etti\/#primaryimage"},"thumbnailUrl":"https:\/\/kuzeyinsesi.org\/wp-content\/uploads\/2024\/11\/631669865.jpg","articleSection":["T\u00fcrkiye"],"inLanguage":"tr","potentialAction":[{"@type":"CommentAction","name":"Comment","target":["https:\/\/kuzeyinsesi.org\/index.php\/2024\/11\/15\/cumhurbaskani-ersin-tatar-demokratik-sol-parti-genel-baskani-ve-beraberindeki-heyeti-kabul-etti\/#respond"]}]},{"@type":"WebPage","@id":"https:\/\/kuzeyinsesi.org\/index.php\/2024\/11\/15\/cumhurbaskani-ersin-tatar-demokratik-sol-parti-genel-baskani-ve-beraberindeki-heyeti-kabul-etti\/","url":"https:\/\/kuzeyinsesi.org\/index.php\/2024\/11\/15\/cumhurbaskani-ersin-tatar-demokratik-sol-parti-genel-baskani-ve-beraberindeki-heyeti-kabul-etti\/","name":"Cumhurba\u015fkan\u0131 Ersin Tatar, Demokratik Sol Parti Genel Ba\u015fkan\u0131 ve beraberindeki heyeti kabul etti - Kuzeyin Sesi","isPartOf":{"@id":"https:\/\/kuzeyinsesi.org\/#website"},"primaryImageOfPage":{"@id":"https:\/\/kuzeyinsesi.org\/index.php\/2024\/11\/15\/cumhurbaskani-ersin-tatar-demokratik-sol-parti-genel-baskani-ve-beraberindeki-heyeti-kabul-etti\/#primaryimage"},"image":{"@id":"https:\/\/kuzeyinsesi.org\/index.php\/2024\/11\/15\/cumhurbaskani-ersin-tatar-demokratik-sol-parti-genel-baskani-ve-beraberindeki-heyeti-kabul-etti\/#primaryimage"},"thumbnailUrl":"https:\/\/kuzeyinsesi.org\/wp-content\/uploads\/2024\/11\/631669865.jpg","datePublished":"2024-11-15T18:38:02+00:00","author":{"@id":"https:\/\/kuzeyinsesi.org\/#\/schema\/person\/9f859689cdf01485597712386e37f5aa"},"breadcrumb":{"@id":"https:\/\/kuzeyinsesi.org\/index.php\/2024\/11\/15\/cumhurbaskani-ersin-tatar-demokratik-sol-parti-genel-baskani-ve-beraberindeki-heyeti-kabul-etti\/#breadcrumb"},"inLanguage":"tr","potentialAction":[{"@type":"ReadAction","target":["https:\/\/kuzeyinsesi.org\/index.php\/2024\/11\/15\/cumhurbaskani-ersin-tatar-demokratik-sol-parti-genel-baskani-ve-beraberindeki-heyeti-kabul-etti\/"]}]},{"@type":"ImageObject","inLanguage":"tr","@id":"https:\/\/kuzeyinsesi.org\/index.php\/2024\/11\/15\/cumhurbaskani-ersin-tatar-demokratik-sol-parti-genel-baskani-ve-beraberindeki-heyeti-kabul-etti\/#primaryimage","url":"https:\/\/kuzeyinsesi.org\/wp-content\/uploads\/2024\/11\/631669865.jpg","contentUrl":"https:\/\/kuzeyinsesi.org\/wp-content\/uploads\/2024\/11\/631669865.jpg","width":805,"height":400},{"@type":"BreadcrumbList","@id":"https:\/\/kuzeyinsesi.org\/index.php\/2024\/11\/15\/cumhurbaskani-ersin-tatar-demokratik-sol-parti-genel-baskani-ve-beraberindeki-heyeti-kabul-etti\/#breadcrumb","itemListElement":[{"@type":"ListItem","position":1,"name":"Anasayfa","item":"https:\/\/kuzeyinsesi.org\/"},{"@type":"ListItem","position":2,"name":"Cumhurba\u015fkan\u0131 Ersin Tatar, Demokratik Sol Parti Genel Ba\u015fkan\u0131 ve beraberindeki heyeti kabul etti"}]},{"@type":"WebSite","@id":"https:\/\/kuzeyinsesi.org\/#website","url":"https:\/\/kuzeyinsesi.org\/","name":"Kuzeyin Sesi","description":"Do\u011fru Haberin Adresi","potentialAction":[{"@type":"SearchAction","target":{"@type":"EntryPoint","urlTemplate":"https:\/\/kuzeyinsesi.org\/?s={search_term_string}"},"query-input":{"@type":"PropertyValueSpecification","valueRequired":true,"valueName":"search_term_string"}}],"inLanguage":"tr"},{"@type":"Person","@id":"https:\/\/kuzeyinsesi.org\/#\/schema\/person\/9f859689cdf01485597712386e37f5aa","name":"Kuzeyin Sesi","image":{"@type":"ImageObject","inLanguage":"tr","@id":"https:\/\/secure.gravatar.com\/avatar\/bab33852abfd8b282518d6ed81826833d77c3c882d9ab608add591ccace47a44?s=96&d=mm&r=g","url":"https:\/\/secure.gravatar.com\/avatar\/bab33852abfd8b282518d6ed81826833d77c3c882d9ab608add591ccace47a44?s=96&d=mm&r=g","contentUrl":"https:\/\/secure.gravatar.com\/avatar\/bab33852abfd8b282518d6ed81826833d77c3c882d9ab608add591ccace47a44?s=96&d=mm&r=g","caption":"Kuzeyin Sesi"},"sameAs":["https:\/\/kuzeyinsesi.org"],"url":"https:\/\/kuzeyinsesi.org\/index.php\/author\/guven\/"}]}},"_links":{"self":[{"href":"https:\/\/kuzeyinsesi.org\/index.php\/wp-json\/wp\/v2\/posts\/13654","targetHints":{"allow":["GET"]}}],"collection":[{"href":"https:\/\/kuzeyinsesi.org\/index.php\/wp-json\/wp\/v2\/posts"}],"about":[{"href":"https:\/\/kuzeyinsesi.org\/index.php\/wp-json\/wp\/v2\/types\/post"}],"author":[{"embeddable":true,"href":"https:\/\/kuzeyinsesi.org\/index.php\/wp-json\/wp\/v2\/users\/1"}],"replies":[{"embeddable":true,"href":"https:\/\/kuzeyinsesi.org\/index.php\/wp-json\/wp\/v2\/comments?post=13654"}],"version-history":[{"count":0,"href":"https:\/\/kuzeyinsesi.org\/index.php\/wp-json\/wp\/v2\/posts\/13654\/revisions"}],"wp:featuredmedia":[{"embeddable":true,"href":"https:\/\/kuzeyinsesi.org\/index.php\/wp-json\/wp\/v2\/media\/13655"}],"wp:attachment":[{"href":"https:\/\/kuzeyinsesi.org\/index.php\/wp-json\/wp\/v2\/media?parent=13654"}],"wp:term":[{"taxonomy":"category","embeddable":true,"href":"https:\/\/kuzeyinsesi.org\/index.php\/wp-json\/wp\/v2\/categories?post=13654"},{"taxonomy":"post_tag","embeddable":true,"href":"https:\/\/kuzeyinsesi.org\/index.php\/wp-json\/wp\/v2\/tags?post=13654"}],"curies":[{"name":"wp","href":"https:\/\/api.w.org\/{rel}","templated":true}]}}