{"id":1365,"date":"2024-05-05T12:19:00","date_gmt":"2024-05-05T09:19:00","guid":{"rendered":"https:\/\/kuzeyinsesi.com\/index.php\/2024\/05\/05\/ctp-su-sorunu-ve-cozum-onerileri-calistayi-duzenledi\/"},"modified":"2024-05-05T12:19:00","modified_gmt":"2024-05-05T09:19:00","slug":"ctp-su-sorunu-ve-cozum-onerileri-calistayi-duzenledi","status":"publish","type":"post","link":"https:\/\/kuzeyinsesi.org\/index.php\/2024\/05\/05\/ctp-su-sorunu-ve-cozum-onerileri-calistayi-duzenledi\/","title":{"rendered":"CTP \u201cSu Sorunu ve \u00c7\u00f6z\u00fcm \u00d6nerileri \u00c7al\u0131\u015ftay\u0131\u201d d\u00fczenledi"},"content":{"rendered":"<div>\n<div class=\"mariselle-image-container center\">\n                                            <\/div>\n<p>Cumhuriyet\u00e7i T\u00fcrk Partisi (CTP) Ekoloji ve \u00c7evre Komitesi, \u201c\u0130klim De\u011fi\u015fikli\u011fi Etkisinde Su Sorunu ve \u00c7\u00f6z\u00fcm \u00d6nerileri \u00c7al\u0131\u015ftay\u0131\u201d d\u00fczenledi.<\/p>\n<p>CTP\u2019den verilen bilgiye g\u00f6re, Girne\u2019de Dome Otel\u2019de yer alan \u00e7al\u0131\u015ftay\u0131n a\u00e7\u0131l\u0131\u015f\u0131nda konu\u015fan CTP Genel Ba\u015fkan\u0131 Tufan Erh\u00fcrman, bilimin \u00f6nemine i\u015faret etti ve \u201cK\u0131sa, orta ve uzun vadeli planlar\u0131 hayata ge\u00e7irmek, ya\u015famsal \u00f6nemdedir\u201d ifadelerini kulland\u0131.<\/p>\n<p>Ekoloji ve \u00c7evre Komitesi ad\u0131na \u00c7evre M\u00fchendisi Nilden Bekta\u015f Erh\u00fcrman yapt\u0131\u011f\u0131 a\u00e7\u0131l\u0131\u015f konu\u015fmas\u0131nda, iklim de\u011fi\u015fikli\u011fine kar\u015f\u0131 al\u0131nmas\u0131 gereken \u00f6nlemlerin \u00f6nemine i\u015faret etti.<\/p>\n<p>Hasan Saprten\u2019in moderat\u00f6rl\u00fc\u011f\u00fcn\u00fc yapt\u0131\u011f\u0131 \u00e7al\u0131\u015ftaya, CTP Genel Ba\u015fkan\u0131 Tufan Erh\u00fcrman, CTP Genel Sekreteri As\u0131m Akansoy, milletvekilleri ve belediye ba\u015fkanlar\u0131 kat\u0131ld\u0131.<\/p>\n<p>\u00c7al\u0131\u015ftayda, \u201c\u0130klim De\u011fi\u015fikli\u011finin Hava Olaylar\u0131na Etkisi ve Ya\u011f\u0131\u015f Rejimleri\u201d ba\u015fl\u0131kl\u0131 panelde, Meteroloji M\u00fchendisleri Odas\u0131 Ba\u015fkan\u0131 Prof. Dr. Mustafa Altun\u00e7 sunum ger\u00e7ekle\u015ftirdi.<\/p>\n<p>\u201cY\u00fczey Sular\u0131n\u0131n Yaratt\u0131\u011f\u0131 Sel Bask\u0131nlar\u0131 ve Ta\u015fk\u0131n Planlar\u0131\u201d ba\u015fl\u0131kl\u0131 ikinci panelde \u00d6\u011fretim \u00dcyesi Yrd. Do\u00e7. Dr. Bertu\u011f Ak\u0131ntu\u011f sunum yapt\u0131.<\/p>\n<p>\u201cYer Alt\u0131 Su Kaynaklar\u0131 ve Su Rezervlerinin Durumu\u201d ba\u015fl\u0131\u011f\u0131yla ise Yerbilim M\u00fchendisleri Odas\u0131 Ba\u015fkan\u0131 Dr. Mehmet Necdet sunumunu ger\u00e7ekle\u015ftirdi.<\/p>\n<p>\u00c7al\u0131\u015ftay, \u201c\u0130klim De\u011fi\u015fikli\u011finin Hava Olaylar\u0131na Etkisi ve Ya\u011f\u0131\u015f Rejimleri\u201d, \u201cY\u00fczey Sular\u0131n\u0131n Yaratt\u0131\u011f\u0131 Sel Bask\u0131nlar\u0131 ve Ta\u015fk\u0131n Planlar\u0131\u201d ve \u201cYer Alt\u0131 Su Kaynaklar\u0131 ve Su Rezervlerinin Durumu\u201d ba\u015fl\u0131klar\u0131yla yap\u0131lan odak grup \u00e7al\u0131\u015fmalar\u0131yla son buldu.<\/p>\n<p>-Tufan Erh\u00fcrman: \u201cG\u00f6rece\u011fimiz zarar, verdi\u011fimiz zarara k\u0131yasla daha fazla olacak\u201d<\/p>\n<p>\u00c7al\u0131\u015ftayda konu\u015fan CTP Genel Ba\u015fkan\u0131 Tufan Erh\u00fcrman, \u201c\u0130klim de\u011fi\u015fikli\u011fi, bu alanda \u00e7al\u0131\u015fan bilim insanlar\u0131n\u0131n veri olarak \u00f6n\u00fcm\u00fcze koydu\u011fu bir \u015fey\u201d dedi. S\u00f6z konusu durumun art\u0131k teorik tart\u0131\u015fma olman\u0131n \u00f6tesine ge\u00e7ti\u011fine i\u015faret eden Erh\u00fcrman, \u201cKendini bize kan\u0131tlad\u0131\u201d dedi.<\/p>\n<p>Uzun zamand\u0131r \u201cHepimiz d\u00fcnya vatanda\u015f\u0131y\u0131z ve d\u00fcnyaya kar\u015f\u0131 hepimiz sorumluyuz\u201d ifadelerinin kullan\u0131ld\u0131\u011f\u0131na vurgu yapan Erh\u00fcrman, bu soruna kar\u015f\u0131 hep birlikte \u00f6nlem al\u0131nmas\u0131 gerekti\u011fine dikkat \u00e7ekti.<\/p>\n<p>\u201cMaalesef d\u00fcnya bu kadar da adil bir yer de\u011fil\u201d diyen Erh\u00fcrman, iklim krizinden her \u00fclkenin ayn\u0131 derecede etkilenmedi\u011fini kaydetti. Erh\u00fcrman, \u201cHepimiz ayn\u0131 derecede etkilemiyoruz iklim de\u011fi\u015fikli\u011fini fakat hepimiz ayn\u0131 \u015fekilde zarar g\u00f6rm\u00fcyoruz. Biz daha \u00e7ok etkilenece\u011fiz\u201d dedi.<\/p>\n<p>\u201cG\u00f6rece\u011fimiz zarar, verdi\u011fimiz zarara k\u0131yasla \u00e7ok daha fazla olacak\u201d diyen Erh\u00fcrman, de\u011fi\u015fimlere kar\u015f\u0131 adaptasyon yetene\u011finin hangi a\u015famada oldu\u011funun \u00f6nemine i\u015faret etti.<\/p>\n<p>Erh\u00fcrman, \u201cB\u00fct\u00fcn mesele, d\u00fcnyal\u0131l\u0131\u011f\u0131 unutmadan yeni s\u00fcre\u00e7lere adapte edip korumak. Adaptasyon yetene\u011fidir varl\u0131\u011f\u0131n\u0131z\u0131 s\u00fcrd\u00fcrmenize neden olan. Bu adaptasyon da bilimle olmal\u0131d\u0131r\u201d diye konu\u015ftu.<\/p>\n<p>Verilerin bir vizyon \u00e7er\u00e7evesinde plana d\u00f6n\u00fc\u015ft\u00fcr\u00fclmesinin \u00f6nemine vurgu yapan Erh\u00fcrman, \u201cBiz, veriye sahip olam\u0131yoruz bir t\u00fcrl\u00fc. Veri olmad\u0131\u011f\u0131 i\u00e7in ya plan yapam\u0131yoruz ya da plan yapt\u0131k diyoruz ama plan olmuyor\u201d dedi.<\/p>\n<p>\u201cVizyon da \u00f6n\u00fcm\u00fcze koyam\u0131yoruz. G\u00fcn\u00fc birlik ya\u015famaya devam ediyoruz. B\u00fct\u00fcn hikaye burada kilitleniyor\u201d diye konu\u015fan Tufan Erh\u00fcrman, Meclis\u2019te konu\u015fulan yabanc\u0131lara m\u00fclk sat\u0131\u015f\u0131n\u0131n d\u00fczenlenmesi konusuna da de\u011findi. S\u00f6z konusu yasan\u0131n konu\u015fulurken, su sorununun g\u00fcndem olmad\u0131\u011f\u0131n\u0131 kaydeden Erh\u00fcrman, \u201cN\u00fcfus art\u0131\u015f h\u0131z\u0131, kontrol edemedi\u011fimiz \u015fekilde y\u00fckseliyor. \u0130n\u015faat say\u0131s\u0131 art\u0131yor. At\u0131k su da artacak. Ar\u0131tmayla ilgili d\u00fczenlemeler \u00e7ok \u00f6nemli hale geliyor\u201d dedi.<\/p>\n<p>Bilimi tekrardan toplumun \u00f6n\u00fcnde g\u00fcndem haline getirmenin \u00f6nemine i\u015faret eden Erh\u00fcrman, g\u00fcn\u00fc birlik yakla\u015f\u0131mlar\u0131 ele\u015ftirdi. Bilimi hakim k\u0131lma ve verilerle konu\u015fman\u0131n \u00f6neminin alt\u0131n\u0131 \u00e7izen Erh\u00fcrman, uzun, orta ve k\u0131sa vadeli planlar\u0131 hayata ge\u00e7irmenin ya\u015famsal \u00f6nemde oldu\u011funu vurgulad\u0131. Tufan Erh\u00fcrman, \u201c\u0130klim de\u011fi\u015fikli\u011fi, do\u011fal afetler dedi\u011fimiz \u015feyleri de beraberinde getirecek. Afet y\u00f6netim plan\u0131 var m\u0131? Bilim insanlar\u0131n\u0131n daha fazla konu\u015fmas\u0131, bilimin daha \u00e7ok g\u00fcndem olmas\u0131, plan yapmam\u0131z ve uygulamam\u0131z gerekir. CTP olarak bize d\u00fc\u015fen temel g\u00f6revlerden biri de bilim insanlar\u0131n\u0131n sesinin daha fazla duyurmas\u0131n\u0131 sa\u011flamakt\u0131r. Bilimin \u0131\u015f\u0131\u011f\u0131nda yol al\u0131rsak, adaptasyonu ger\u00e7ekle\u015ftirebiliriz ve varl\u0131\u011f\u0131m\u0131z\u0131 o \u015fekilde s\u00fcrd\u00fcrebiliriz\u201d diye ekledi.<\/p>\n<p>-Nilden Bekta\u015f Erh\u00fcrman: \u201c\u0130klim de\u011fi\u015fikli\u011fi teori de\u011fil, ger\u00e7ek\u201d<\/p>\n<p>Ekoloji ve \u00c7evre Komitesi ad\u0131na \u00c7evre M\u00fchendisi Nilden Bekta\u015f Erh\u00fcrman yapt\u0131\u011f\u0131 a\u00e7\u0131l\u0131\u015f konu\u015fmas\u0131nda, su sorunlar\u0131n\u0131 iklim de\u011fi\u015fikli\u011fi ba\u015fl\u0131\u011f\u0131 alt\u0131nda irdelemek istediklerini belirtti. \u0130klim de\u011fi\u015fikli\u011finin teori de\u011fil, bir ger\u00e7ek oldu\u011funa i\u015faret eden Bekta\u015f, K\u0131br\u0131s adas\u0131n\u0131n, sanayisi geli\u015fmi\u015f \u00fclkelere nazaran iklim de\u011fi\u015fikli\u011fine etkisinin az oldu\u011funu ifade etti. Bekta\u015f, buna kar\u015f\u0131n en fazla etkilenecek \u00fclkelerden birinin de K\u0131br\u0131s oldu\u011funa dikkat \u00e7ekti. \u201cAda \u00fclkesiziyiz, Do\u011fu Akdeniz\u2019in tam ortas\u0131nday\u0131z ve etkileri bizler i\u00e7in y\u0131k\u0131c\u0131 olacak\u201d diyen Bekta\u015f, d\u00fcnya \u00f6l\u00e7e\u011finde de durumun ayn\u0131 oldu\u011funu vurgulad\u0131. Bekta\u015f, k\u00fcresel iklim de\u011fi\u015fikli\u011finin, etkisi az olan \u00fclkeleri daha \u00e7ok etkileyece\u011finin alt\u0131n\u0131 \u00e7izdi.  K\u00fcresel iklim de\u011fi\u015fikli\u011fini azaltmak i\u00e7in bir \u00e7al\u0131\u015fma i\u00e7inde olunmas\u0131 gerekti\u011fine i\u015faret eden Bekta\u015f, neler yap\u0131labilece\u011fi konusunda \u00f6rnekler verdi. Nilden Bekta\u015f Erh\u00fcrman, iklim de\u011fi\u015fikli\u011fine kar\u015f\u0131 al\u0131nmas\u0131 gereken \u00f6nlemlerin daha \u00f6nemli oldu\u011funu belirtti.<\/p>\n<p>\u0130klim de\u011fi\u015fikli\u011fine kar\u015f\u0131, hukuki, idari, politik, teknik alt yap\u0131n\u0131n g\u00fc\u00e7lendirilmesi gerekti\u011fine i\u015faret eden Bekta\u015f, \u201c\u015eehirlerimizi buna g\u00f6re haz\u0131rlamam\u0131z gerekiyor\u201d ifadelerini kulland\u0131. A\u015f\u0131r\u0131 s\u0131caklar, ani gelen ya\u011fmurlar, ta\u015fk\u0131nlar, gelen b\u00f6cekler, denizlerde hi\u00e7 olmayan bal\u0131klar\u0131n artmas\u0131, \u00fclkedeki b\u00fct\u00fcn biyolojik \u00e7e\u015fitlili\u011fin farkl\u0131la\u015fmas\u0131 gibi tehlikelerle kar\u015f\u0131 kar\u015f\u0131ya olundu\u011funun alt\u0131n\u0131 \u00e7izen Bekta\u015f, i\u00e7inde bulundu\u011fumuz d\u00f6nemde de bunlar\u0131n ya\u015fand\u0131\u011f\u0131n\u0131 kaydetti.<\/p>\n<p>S\u00f6z konusu sorunla ilgili acil olarak \u00e7al\u0131\u015fma y\u00fcr\u00fct\u00fclmesi gerekti\u011fine dikkat \u00e7eken Bekta\u015f, su kaynaklar\u0131n\u0131n ise en fazla etkilenecek k\u0131s\u0131mda yer ald\u0131\u011f\u0131n\u0131 dile getirdi. \u00dclkede do\u011fal kaynaklar\u0131n zaten az oldu\u011funu vurgulayan Bekta\u015f, \u201c\u00dclkemiz, 50 y\u0131l\u0131 a\u015fk\u0131n bir s\u00fcredir su krizi ya\u015fayan bir \u00fclkedir. Bunu \u015fu anda unuttuk. \u00dclkemizde su kaynaklar\u0131 y\u00fczde 70-75 oran\u0131nda tar\u0131mda 15-20 oran\u0131nda konutlarda ve y\u00fczde 15-20 civar\u0131nda sanayide kullan\u0131l\u0131yor\u201d diyen Bekta\u015f, tar\u0131mda kullan\u0131lan suyla ilgili 50 y\u0131ld\u0131r politika olmamas\u0131n\u0131 ele\u015ftirdi.<\/p>\n<p>T\u00fcrkiye\u2019den borularla su getirildi\u011fini an\u0131msatan Bekta\u015f, b\u00fct\u00fcn sekt\u00f6rlerin rahatlad\u0131\u011f\u0131n\u0131 kaydetti ve bunun sonucunda b\u00fcy\u00fck bir rehavet olu\u015ftu\u011funa i\u015faret etti. Su geldikten sonraki s\u00fcre zarf\u0131nda neler yap\u0131ld\u0131\u011f\u0131n\u0131 sorgulayan Bekta\u015f, \u201cBaz\u0131 \u00e7evre \u00f6rg\u00fctleri, su gelmesine kar\u015f\u0131yd\u0131. \u00c7evre M\u00fchendisleri Odas\u0131 olarak biz kar\u015f\u0131 de\u011fildik. Ancak, mevcut kaynaklar\u0131m\u0131z\u0131 da idame ettirmemiz gerekti\u011fini s\u00f6yl\u00fcyorduk. \u00c7\u00fcnk\u00fc bu su bir g\u00fcn bitecek\u201d dedi. \u00c7evre yasas\u0131na g\u00f6re n\u00fcfusu 2 binin \u00fczerinde olan t\u00fcm belediyelerin ar\u0131tma kurma y\u00fck\u00fcml\u00fcl\u00fc\u011f\u00fcn\u00fcn oldu\u011funu hat\u0131rlatan Bekta\u015f, \u201c\u015eu anda ar\u0131tma ile ilgili proje y\u00fcr\u00fcten b\u00f6lge yok. D\u00f6nem d\u00f6nem oldu\u011funu duyuyoruz. Art\u0131 bir ar\u0131tma tesisi yok. Ya\u011fmur sular\u0131m\u0131z\u0131 depolama ad\u0131na bir \u00e7al\u0131\u015fma yap\u0131lmad\u0131. Yeni baraj ve g\u00f6letler yapamad\u0131k. Mevcut olanlar\u0131 g\u00f6zle koruma d\u0131\u015f\u0131nda herhangi bir \u00e7al\u0131\u015fma yapmad\u0131k. G\u00f6letlerimizin dibinde biriken tortular\u0131n bak\u0131m\u0131n\u0131 yapamad\u0131k. Su kaynaklar\u0131n\u0131n y\u00f6netimine ili\u015fkin hi\u00e7bir reel \u00e7al\u0131\u015fma yap\u0131lmad\u0131\u201d diye konu\u015ftu. T\u00fcrkiye\u2019nin de su fakiri bir \u00fclke oldu\u011funu kaydeden Bekta\u015f, \u201c\u0130klim krizinden T\u00fcrkiye de nasibini alacak. Bu su, sonsuz kaynak de\u011fildir. Bir an \u00f6nce, ev \u00f6devlerimizi yapmam\u0131z laz\u0131m. Bu projenin en iyi \u015fekilde idamesini y\u00fcr\u00fct\u00fcrken, bizim su kaynaklar\u0131m\u0131z\u0131 etkin kullanmak ad\u0131na ev \u00f6devlerimizi bir an \u00f6nce yapmam\u0131z gerekiyor\u201d dedi. Nilden Bekta\u015f Erh\u00fcrman, \u201cSu krizinin \u00e7\u00f6z\u00fcm\u00fc, ba\u015fka bir \u00fclkeden su getirilip kullan\u0131lmas\u0131 de\u011fil, mevcut kaynaklar\u0131m\u0131z\u0131n en iyi \u015fekilde y\u00f6netilmesiyle m\u00fcmk\u00fcn olabilecektir\u201d diye konu\u015ftu. Bekta\u015f, do\u011fal afet riskleri, su kaynaklar\u0131n\u0131n y\u00f6netimi, ormanc\u0131l\u0131\u011f\u0131n korunmas\u0131, tar\u0131m krizi ve insan sa\u011fl\u0131\u011f\u0131 gibi konularla ilgili acil eylem plan\u0131 gerekti\u011fini s\u00f6yledi.<\/p>\n<\/p><\/div>\n<p><script async\n                    defer\n                    crossorigin=\"anonymous\"\n                    src=\"https:\/\/connect.facebook.net\/tr_TR\/sdk.js#xfbml=1&#038;version=v3.3\"\n            ><\/script><\/p>\n","protected":false},"excerpt":{"rendered":"<p>Cumhuriyet\u00e7i T\u00fcrk Partisi (CTP) Ekoloji ve \u00c7evre Komitesi, \u201c\u0130klim De\u011fi\u015fikli\u011fi Etkisinde Su Sorunu ve \u00c7\u00f6z\u00fcm \u00d6nerileri \u00c7al\u0131\u015ftay\u0131\u201d d\u00fczenledi. CTP\u2019den verilen bilgiye g\u00f6re, Girne\u2019de Dome Otel\u2019de yer alan \u00e7al\u0131\u015ftay\u0131n a\u00e7\u0131l\u0131\u015f\u0131nda konu\u015fan CTP Genel Ba\u015fkan\u0131 Tufan Erh\u00fcrman, bilimin \u00f6nemine i\u015faret etti ve \u201cK\u0131sa, orta ve uzun vadeli planlar\u0131 hayata ge\u00e7irmek, ya\u015famsal \u00f6nemdedir\u201d ifadelerini kulland\u0131. Ekoloji ve \u00c7evre [&hellip;]<\/p>\n","protected":false},"author":1,"featured_media":1366,"comment_status":"open","ping_status":"open","sticky":false,"template":"","format":"standard","meta":{"jnews-multi-image_gallery":[],"jnews_single_post":[],"jnews_primary_category":[],"jnews_social_meta":[],"jnews_override_counter":[],"footnotes":""},"categories":[1],"tags":[],"class_list":["post-1365","post","type-post","status-publish","format-standard","has-post-thumbnail","hentry","category-kibris"],"yoast_head":"<!-- This site is optimized with the Yoast SEO plugin v27.5 - https:\/\/yoast.com\/product\/yoast-seo-wordpress\/ -->\n<title>CTP \u201cSu Sorunu ve \u00c7\u00f6z\u00fcm \u00d6nerileri \u00c7al\u0131\u015ftay\u0131\u201d d\u00fczenledi - Kuzeyin Sesi<\/title>\n<meta name=\"robots\" content=\"index, follow, max-snippet:-1, max-image-preview:large, max-video-preview:-1\" \/>\n<link rel=\"canonical\" href=\"https:\/\/kuzeyinsesi.org\/index.php\/2024\/05\/05\/ctp-su-sorunu-ve-cozum-onerileri-calistayi-duzenledi\/\" \/>\n<meta property=\"og:locale\" content=\"tr_TR\" \/>\n<meta property=\"og:type\" content=\"article\" \/>\n<meta property=\"og:title\" content=\"CTP \u201cSu Sorunu ve \u00c7\u00f6z\u00fcm \u00d6nerileri \u00c7al\u0131\u015ftay\u0131\u201d d\u00fczenledi - Kuzeyin Sesi\" \/>\n<meta property=\"og:description\" content=\"Cumhuriyet\u00e7i T\u00fcrk Partisi (CTP) Ekoloji ve \u00c7evre Komitesi, \u201c\u0130klim De\u011fi\u015fikli\u011fi Etkisinde Su Sorunu ve \u00c7\u00f6z\u00fcm \u00d6nerileri \u00c7al\u0131\u015ftay\u0131\u201d d\u00fczenledi. CTP\u2019den verilen bilgiye g\u00f6re, Girne\u2019de Dome Otel\u2019de yer alan \u00e7al\u0131\u015ftay\u0131n a\u00e7\u0131l\u0131\u015f\u0131nda konu\u015fan CTP Genel Ba\u015fkan\u0131 Tufan Erh\u00fcrman, bilimin \u00f6nemine i\u015faret etti ve \u201cK\u0131sa, orta ve uzun vadeli planlar\u0131 hayata ge\u00e7irmek, ya\u015famsal \u00f6nemdedir\u201d ifadelerini kulland\u0131. Ekoloji ve \u00c7evre [&hellip;]\" \/>\n<meta property=\"og:url\" content=\"https:\/\/kuzeyinsesi.org\/index.php\/2024\/05\/05\/ctp-su-sorunu-ve-cozum-onerileri-calistayi-duzenledi\/\" \/>\n<meta property=\"og:site_name\" content=\"Kuzeyin Sesi\" \/>\n<meta property=\"article:publisher\" content=\"https:\/\/www.facebook.com\/kuzeyinsesii\" \/>\n<meta property=\"article:published_time\" content=\"2024-05-05T09:19:00+00:00\" \/>\n<meta property=\"og:image\" content=\"https:\/\/kuzeyinsesi.org\/wp-content\/uploads\/2024\/05\/ctp-su-sorunu-ve-cozum-onerileri-5-.jpeg\" \/>\n\t<meta property=\"og:image:width\" content=\"1600\" \/>\n\t<meta property=\"og:image:height\" content=\"1066\" \/>\n\t<meta property=\"og:image:type\" content=\"image\/jpeg\" \/>\n<meta name=\"author\" content=\"Kuzeyin Sesi\" \/>\n<meta name=\"twitter:card\" content=\"summary_large_image\" \/>\n<meta name=\"twitter:creator\" content=\"@kuzeyinsesii\" \/>\n<meta name=\"twitter:site\" content=\"@kuzeyinsesii\" \/>\n<meta name=\"twitter:label1\" content=\"Yazan:\" \/>\n\t<meta name=\"twitter:data1\" content=\"Kuzeyin Sesi\" \/>\n\t<meta name=\"twitter:label2\" content=\"Tahmini okuma s\u00fcresi\" \/>\n\t<meta name=\"twitter:data2\" content=\"7 dakika\" \/>\n<script type=\"application\/ld+json\" class=\"yoast-schema-graph\">{\"@context\":\"https:\\\/\\\/schema.org\",\"@graph\":[{\"@type\":\"Article\",\"@id\":\"https:\\\/\\\/kuzeyinsesi.org\\\/index.php\\\/2024\\\/05\\\/05\\\/ctp-su-sorunu-ve-cozum-onerileri-calistayi-duzenledi\\\/#article\",\"isPartOf\":{\"@id\":\"https:\\\/\\\/kuzeyinsesi.org\\\/index.php\\\/2024\\\/05\\\/05\\\/ctp-su-sorunu-ve-cozum-onerileri-calistayi-duzenledi\\\/\"},\"author\":{\"name\":\"Kuzeyin Sesi\",\"@id\":\"https:\\\/\\\/kuzeyinsesi.org\\\/#\\\/schema\\\/person\\\/9f859689cdf01485597712386e37f5aa\"},\"headline\":\"CTP \u201cSu Sorunu ve \u00c7\u00f6z\u00fcm \u00d6nerileri \u00c7al\u0131\u015ftay\u0131\u201d d\u00fczenledi\",\"datePublished\":\"2024-05-05T09:19:00+00:00\",\"mainEntityOfPage\":{\"@id\":\"https:\\\/\\\/kuzeyinsesi.org\\\/index.php\\\/2024\\\/05\\\/05\\\/ctp-su-sorunu-ve-cozum-onerileri-calistayi-duzenledi\\\/\"},\"wordCount\":1505,\"commentCount\":0,\"image\":{\"@id\":\"https:\\\/\\\/kuzeyinsesi.org\\\/index.php\\\/2024\\\/05\\\/05\\\/ctp-su-sorunu-ve-cozum-onerileri-calistayi-duzenledi\\\/#primaryimage\"},\"thumbnailUrl\":\"https:\\\/\\\/kuzeyinsesi.org\\\/wp-content\\\/uploads\\\/2024\\\/05\\\/ctp-su-sorunu-ve-cozum-onerileri-5-.jpeg\",\"articleSection\":[\"K\u0131br\u0131s\"],\"inLanguage\":\"tr\",\"potentialAction\":[{\"@type\":\"CommentAction\",\"name\":\"Comment\",\"target\":[\"https:\\\/\\\/kuzeyinsesi.org\\\/index.php\\\/2024\\\/05\\\/05\\\/ctp-su-sorunu-ve-cozum-onerileri-calistayi-duzenledi\\\/#respond\"]}]},{\"@type\":\"WebPage\",\"@id\":\"https:\\\/\\\/kuzeyinsesi.org\\\/index.php\\\/2024\\\/05\\\/05\\\/ctp-su-sorunu-ve-cozum-onerileri-calistayi-duzenledi\\\/\",\"url\":\"https:\\\/\\\/kuzeyinsesi.org\\\/index.php\\\/2024\\\/05\\\/05\\\/ctp-su-sorunu-ve-cozum-onerileri-calistayi-duzenledi\\\/\",\"name\":\"CTP \u201cSu Sorunu ve \u00c7\u00f6z\u00fcm \u00d6nerileri \u00c7al\u0131\u015ftay\u0131\u201d d\u00fczenledi - Kuzeyin Sesi\",\"isPartOf\":{\"@id\":\"https:\\\/\\\/kuzeyinsesi.org\\\/#website\"},\"primaryImageOfPage\":{\"@id\":\"https:\\\/\\\/kuzeyinsesi.org\\\/index.php\\\/2024\\\/05\\\/05\\\/ctp-su-sorunu-ve-cozum-onerileri-calistayi-duzenledi\\\/#primaryimage\"},\"image\":{\"@id\":\"https:\\\/\\\/kuzeyinsesi.org\\\/index.php\\\/2024\\\/05\\\/05\\\/ctp-su-sorunu-ve-cozum-onerileri-calistayi-duzenledi\\\/#primaryimage\"},\"thumbnailUrl\":\"https:\\\/\\\/kuzeyinsesi.org\\\/wp-content\\\/uploads\\\/2024\\\/05\\\/ctp-su-sorunu-ve-cozum-onerileri-5-.jpeg\",\"datePublished\":\"2024-05-05T09:19:00+00:00\",\"author\":{\"@id\":\"https:\\\/\\\/kuzeyinsesi.org\\\/#\\\/schema\\\/person\\\/9f859689cdf01485597712386e37f5aa\"},\"breadcrumb\":{\"@id\":\"https:\\\/\\\/kuzeyinsesi.org\\\/index.php\\\/2024\\\/05\\\/05\\\/ctp-su-sorunu-ve-cozum-onerileri-calistayi-duzenledi\\\/#breadcrumb\"},\"inLanguage\":\"tr\",\"potentialAction\":[{\"@type\":\"ReadAction\",\"target\":[\"https:\\\/\\\/kuzeyinsesi.org\\\/index.php\\\/2024\\\/05\\\/05\\\/ctp-su-sorunu-ve-cozum-onerileri-calistayi-duzenledi\\\/\"]}]},{\"@type\":\"ImageObject\",\"inLanguage\":\"tr\",\"@id\":\"https:\\\/\\\/kuzeyinsesi.org\\\/index.php\\\/2024\\\/05\\\/05\\\/ctp-su-sorunu-ve-cozum-onerileri-calistayi-duzenledi\\\/#primaryimage\",\"url\":\"https:\\\/\\\/kuzeyinsesi.org\\\/wp-content\\\/uploads\\\/2024\\\/05\\\/ctp-su-sorunu-ve-cozum-onerileri-5-.jpeg\",\"contentUrl\":\"https:\\\/\\\/kuzeyinsesi.org\\\/wp-content\\\/uploads\\\/2024\\\/05\\\/ctp-su-sorunu-ve-cozum-onerileri-5-.jpeg\",\"width\":1600,\"height\":1066},{\"@type\":\"BreadcrumbList\",\"@id\":\"https:\\\/\\\/kuzeyinsesi.org\\\/index.php\\\/2024\\\/05\\\/05\\\/ctp-su-sorunu-ve-cozum-onerileri-calistayi-duzenledi\\\/#breadcrumb\",\"itemListElement\":[{\"@type\":\"ListItem\",\"position\":1,\"name\":\"Anasayfa\",\"item\":\"https:\\\/\\\/kuzeyinsesi.org\\\/\"},{\"@type\":\"ListItem\",\"position\":2,\"name\":\"CTP \u201cSu Sorunu ve \u00c7\u00f6z\u00fcm \u00d6nerileri \u00c7al\u0131\u015ftay\u0131\u201d d\u00fczenledi\"}]},{\"@type\":\"WebSite\",\"@id\":\"https:\\\/\\\/kuzeyinsesi.org\\\/#website\",\"url\":\"https:\\\/\\\/kuzeyinsesi.org\\\/\",\"name\":\"Kuzeyin Sesi\",\"description\":\"Do\u011fru Haberin Adresi\",\"potentialAction\":[{\"@type\":\"SearchAction\",\"target\":{\"@type\":\"EntryPoint\",\"urlTemplate\":\"https:\\\/\\\/kuzeyinsesi.org\\\/?s={search_term_string}\"},\"query-input\":{\"@type\":\"PropertyValueSpecification\",\"valueRequired\":true,\"valueName\":\"search_term_string\"}}],\"inLanguage\":\"tr\"},{\"@type\":\"Person\",\"@id\":\"https:\\\/\\\/kuzeyinsesi.org\\\/#\\\/schema\\\/person\\\/9f859689cdf01485597712386e37f5aa\",\"name\":\"Kuzeyin Sesi\",\"image\":{\"@type\":\"ImageObject\",\"inLanguage\":\"tr\",\"@id\":\"https:\\\/\\\/secure.gravatar.com\\\/avatar\\\/bab33852abfd8b282518d6ed81826833d77c3c882d9ab608add591ccace47a44?s=96&d=mm&r=g\",\"url\":\"https:\\\/\\\/secure.gravatar.com\\\/avatar\\\/bab33852abfd8b282518d6ed81826833d77c3c882d9ab608add591ccace47a44?s=96&d=mm&r=g\",\"contentUrl\":\"https:\\\/\\\/secure.gravatar.com\\\/avatar\\\/bab33852abfd8b282518d6ed81826833d77c3c882d9ab608add591ccace47a44?s=96&d=mm&r=g\",\"caption\":\"Kuzeyin Sesi\"},\"sameAs\":[\"https:\\\/\\\/kuzeyinsesi.org\"],\"url\":\"https:\\\/\\\/kuzeyinsesi.org\\\/index.php\\\/author\\\/guven\\\/\"}]}<\/script>\n<!-- \/ Yoast SEO plugin. -->","yoast_head_json":{"title":"CTP \u201cSu Sorunu ve \u00c7\u00f6z\u00fcm \u00d6nerileri \u00c7al\u0131\u015ftay\u0131\u201d d\u00fczenledi - Kuzeyin Sesi","robots":{"index":"index","follow":"follow","max-snippet":"max-snippet:-1","max-image-preview":"max-image-preview:large","max-video-preview":"max-video-preview:-1"},"canonical":"https:\/\/kuzeyinsesi.org\/index.php\/2024\/05\/05\/ctp-su-sorunu-ve-cozum-onerileri-calistayi-duzenledi\/","og_locale":"tr_TR","og_type":"article","og_title":"CTP \u201cSu Sorunu ve \u00c7\u00f6z\u00fcm \u00d6nerileri \u00c7al\u0131\u015ftay\u0131\u201d d\u00fczenledi - Kuzeyin Sesi","og_description":"Cumhuriyet\u00e7i T\u00fcrk Partisi (CTP) Ekoloji ve \u00c7evre Komitesi, \u201c\u0130klim De\u011fi\u015fikli\u011fi Etkisinde Su Sorunu ve \u00c7\u00f6z\u00fcm \u00d6nerileri \u00c7al\u0131\u015ftay\u0131\u201d d\u00fczenledi. CTP\u2019den verilen bilgiye g\u00f6re, Girne\u2019de Dome Otel\u2019de yer alan \u00e7al\u0131\u015ftay\u0131n a\u00e7\u0131l\u0131\u015f\u0131nda konu\u015fan CTP Genel Ba\u015fkan\u0131 Tufan Erh\u00fcrman, bilimin \u00f6nemine i\u015faret etti ve \u201cK\u0131sa, orta ve uzun vadeli planlar\u0131 hayata ge\u00e7irmek, ya\u015famsal \u00f6nemdedir\u201d ifadelerini kulland\u0131. Ekoloji ve \u00c7evre [&hellip;]","og_url":"https:\/\/kuzeyinsesi.org\/index.php\/2024\/05\/05\/ctp-su-sorunu-ve-cozum-onerileri-calistayi-duzenledi\/","og_site_name":"Kuzeyin Sesi","article_publisher":"https:\/\/www.facebook.com\/kuzeyinsesii","article_published_time":"2024-05-05T09:19:00+00:00","og_image":[{"width":1600,"height":1066,"url":"https:\/\/kuzeyinsesi.org\/wp-content\/uploads\/2024\/05\/ctp-su-sorunu-ve-cozum-onerileri-5-.jpeg","type":"image\/jpeg"}],"author":"Kuzeyin Sesi","twitter_card":"summary_large_image","twitter_creator":"@kuzeyinsesii","twitter_site":"@kuzeyinsesii","twitter_misc":{"Yazan:":"Kuzeyin Sesi","Tahmini okuma s\u00fcresi":"7 dakika"},"schema":{"@context":"https:\/\/schema.org","@graph":[{"@type":"Article","@id":"https:\/\/kuzeyinsesi.org\/index.php\/2024\/05\/05\/ctp-su-sorunu-ve-cozum-onerileri-calistayi-duzenledi\/#article","isPartOf":{"@id":"https:\/\/kuzeyinsesi.org\/index.php\/2024\/05\/05\/ctp-su-sorunu-ve-cozum-onerileri-calistayi-duzenledi\/"},"author":{"name":"Kuzeyin Sesi","@id":"https:\/\/kuzeyinsesi.org\/#\/schema\/person\/9f859689cdf01485597712386e37f5aa"},"headline":"CTP \u201cSu Sorunu ve \u00c7\u00f6z\u00fcm \u00d6nerileri \u00c7al\u0131\u015ftay\u0131\u201d d\u00fczenledi","datePublished":"2024-05-05T09:19:00+00:00","mainEntityOfPage":{"@id":"https:\/\/kuzeyinsesi.org\/index.php\/2024\/05\/05\/ctp-su-sorunu-ve-cozum-onerileri-calistayi-duzenledi\/"},"wordCount":1505,"commentCount":0,"image":{"@id":"https:\/\/kuzeyinsesi.org\/index.php\/2024\/05\/05\/ctp-su-sorunu-ve-cozum-onerileri-calistayi-duzenledi\/#primaryimage"},"thumbnailUrl":"https:\/\/kuzeyinsesi.org\/wp-content\/uploads\/2024\/05\/ctp-su-sorunu-ve-cozum-onerileri-5-.jpeg","articleSection":["K\u0131br\u0131s"],"inLanguage":"tr","potentialAction":[{"@type":"CommentAction","name":"Comment","target":["https:\/\/kuzeyinsesi.org\/index.php\/2024\/05\/05\/ctp-su-sorunu-ve-cozum-onerileri-calistayi-duzenledi\/#respond"]}]},{"@type":"WebPage","@id":"https:\/\/kuzeyinsesi.org\/index.php\/2024\/05\/05\/ctp-su-sorunu-ve-cozum-onerileri-calistayi-duzenledi\/","url":"https:\/\/kuzeyinsesi.org\/index.php\/2024\/05\/05\/ctp-su-sorunu-ve-cozum-onerileri-calistayi-duzenledi\/","name":"CTP \u201cSu Sorunu ve \u00c7\u00f6z\u00fcm \u00d6nerileri \u00c7al\u0131\u015ftay\u0131\u201d d\u00fczenledi - Kuzeyin Sesi","isPartOf":{"@id":"https:\/\/kuzeyinsesi.org\/#website"},"primaryImageOfPage":{"@id":"https:\/\/kuzeyinsesi.org\/index.php\/2024\/05\/05\/ctp-su-sorunu-ve-cozum-onerileri-calistayi-duzenledi\/#primaryimage"},"image":{"@id":"https:\/\/kuzeyinsesi.org\/index.php\/2024\/05\/05\/ctp-su-sorunu-ve-cozum-onerileri-calistayi-duzenledi\/#primaryimage"},"thumbnailUrl":"https:\/\/kuzeyinsesi.org\/wp-content\/uploads\/2024\/05\/ctp-su-sorunu-ve-cozum-onerileri-5-.jpeg","datePublished":"2024-05-05T09:19:00+00:00","author":{"@id":"https:\/\/kuzeyinsesi.org\/#\/schema\/person\/9f859689cdf01485597712386e37f5aa"},"breadcrumb":{"@id":"https:\/\/kuzeyinsesi.org\/index.php\/2024\/05\/05\/ctp-su-sorunu-ve-cozum-onerileri-calistayi-duzenledi\/#breadcrumb"},"inLanguage":"tr","potentialAction":[{"@type":"ReadAction","target":["https:\/\/kuzeyinsesi.org\/index.php\/2024\/05\/05\/ctp-su-sorunu-ve-cozum-onerileri-calistayi-duzenledi\/"]}]},{"@type":"ImageObject","inLanguage":"tr","@id":"https:\/\/kuzeyinsesi.org\/index.php\/2024\/05\/05\/ctp-su-sorunu-ve-cozum-onerileri-calistayi-duzenledi\/#primaryimage","url":"https:\/\/kuzeyinsesi.org\/wp-content\/uploads\/2024\/05\/ctp-su-sorunu-ve-cozum-onerileri-5-.jpeg","contentUrl":"https:\/\/kuzeyinsesi.org\/wp-content\/uploads\/2024\/05\/ctp-su-sorunu-ve-cozum-onerileri-5-.jpeg","width":1600,"height":1066},{"@type":"BreadcrumbList","@id":"https:\/\/kuzeyinsesi.org\/index.php\/2024\/05\/05\/ctp-su-sorunu-ve-cozum-onerileri-calistayi-duzenledi\/#breadcrumb","itemListElement":[{"@type":"ListItem","position":1,"name":"Anasayfa","item":"https:\/\/kuzeyinsesi.org\/"},{"@type":"ListItem","position":2,"name":"CTP \u201cSu Sorunu ve \u00c7\u00f6z\u00fcm \u00d6nerileri \u00c7al\u0131\u015ftay\u0131\u201d d\u00fczenledi"}]},{"@type":"WebSite","@id":"https:\/\/kuzeyinsesi.org\/#website","url":"https:\/\/kuzeyinsesi.org\/","name":"Kuzeyin Sesi","description":"Do\u011fru Haberin Adresi","potentialAction":[{"@type":"SearchAction","target":{"@type":"EntryPoint","urlTemplate":"https:\/\/kuzeyinsesi.org\/?s={search_term_string}"},"query-input":{"@type":"PropertyValueSpecification","valueRequired":true,"valueName":"search_term_string"}}],"inLanguage":"tr"},{"@type":"Person","@id":"https:\/\/kuzeyinsesi.org\/#\/schema\/person\/9f859689cdf01485597712386e37f5aa","name":"Kuzeyin Sesi","image":{"@type":"ImageObject","inLanguage":"tr","@id":"https:\/\/secure.gravatar.com\/avatar\/bab33852abfd8b282518d6ed81826833d77c3c882d9ab608add591ccace47a44?s=96&d=mm&r=g","url":"https:\/\/secure.gravatar.com\/avatar\/bab33852abfd8b282518d6ed81826833d77c3c882d9ab608add591ccace47a44?s=96&d=mm&r=g","contentUrl":"https:\/\/secure.gravatar.com\/avatar\/bab33852abfd8b282518d6ed81826833d77c3c882d9ab608add591ccace47a44?s=96&d=mm&r=g","caption":"Kuzeyin Sesi"},"sameAs":["https:\/\/kuzeyinsesi.org"],"url":"https:\/\/kuzeyinsesi.org\/index.php\/author\/guven\/"}]}},"_links":{"self":[{"href":"https:\/\/kuzeyinsesi.org\/index.php\/wp-json\/wp\/v2\/posts\/1365","targetHints":{"allow":["GET"]}}],"collection":[{"href":"https:\/\/kuzeyinsesi.org\/index.php\/wp-json\/wp\/v2\/posts"}],"about":[{"href":"https:\/\/kuzeyinsesi.org\/index.php\/wp-json\/wp\/v2\/types\/post"}],"author":[{"embeddable":true,"href":"https:\/\/kuzeyinsesi.org\/index.php\/wp-json\/wp\/v2\/users\/1"}],"replies":[{"embeddable":true,"href":"https:\/\/kuzeyinsesi.org\/index.php\/wp-json\/wp\/v2\/comments?post=1365"}],"version-history":[{"count":0,"href":"https:\/\/kuzeyinsesi.org\/index.php\/wp-json\/wp\/v2\/posts\/1365\/revisions"}],"wp:featuredmedia":[{"embeddable":true,"href":"https:\/\/kuzeyinsesi.org\/index.php\/wp-json\/wp\/v2\/media\/1366"}],"wp:attachment":[{"href":"https:\/\/kuzeyinsesi.org\/index.php\/wp-json\/wp\/v2\/media?parent=1365"}],"wp:term":[{"taxonomy":"category","embeddable":true,"href":"https:\/\/kuzeyinsesi.org\/index.php\/wp-json\/wp\/v2\/categories?post=1365"},{"taxonomy":"post_tag","embeddable":true,"href":"https:\/\/kuzeyinsesi.org\/index.php\/wp-json\/wp\/v2\/tags?post=1365"}],"curies":[{"name":"wp","href":"https:\/\/api.w.org\/{rel}","templated":true}]}}