{"id":13646,"date":"2024-11-15T20:15:59","date_gmt":"2024-11-15T18:15:59","guid":{"rendered":"https:\/\/kuzeyinsesi.org\/index.php\/2024\/11\/15\/cumhurbaskani-tatar-iyi-parti-uluslararasi-iliskiler-baskani-ve-beraberindeki-heyeti-kabul-etti\/"},"modified":"2024-11-15T20:15:59","modified_gmt":"2024-11-15T18:15:59","slug":"cumhurbaskani-tatar-iyi-parti-uluslararasi-iliskiler-baskani-ve-beraberindeki-heyeti-kabul-etti","status":"publish","type":"post","link":"https:\/\/kuzeyinsesi.org\/index.php\/2024\/11\/15\/cumhurbaskani-tatar-iyi-parti-uluslararasi-iliskiler-baskani-ve-beraberindeki-heyeti-kabul-etti\/","title":{"rendered":"Cumhurba\u015fkan\u0131 Tatar \u0130yi Parti Uluslararas\u0131 \u0130li\u015fkiler Ba\u015fkan\u0131 ve beraberindeki heyeti kabul etti"},"content":{"rendered":"<div>\n<div class=\"mariselle-image-container center\">\n                                            <\/div>\n<p>Cumhurba\u015fkan\u0131 Tatar, Kuzey K\u0131br\u0131s T\u00fcrk Cumhuriyeti\u2019nin 41. y\u0131l kutlamalar\u0131 nedeniyle adada bulunan \u0130yi Parti Uluslararas\u0131 \u0130li\u015fkiler Ba\u015fkan\u0131 Ahmet Kamil Erozan ve beraberindeki heyeti kabul ederek g\u00f6r\u00fc\u015ft\u00fc. <\/p>\n<p>Cumhurba\u015fkan\u0131 Tatar, kabulde yapt\u0131\u011f\u0131 konu\u015fmada, , Kuzey K\u0131br\u0131s T\u00fcrk Cumhuriyeti\u2019nin 41. kurulu\u015f y\u0131ld\u00f6n\u00fcm\u00fcnde, \u0130yi Parti Uluslararas\u0131 \u0130li\u015fkiler Ba\u015fkan\u0131 Ahmet Kamil Erozan\u2019\u0131 g\u00f6rmekten duydu\u011fu memnuniyeti dile getirerek, desteklerinden dolay\u0131 te\u015fekk\u00fcrlerini sundu. <\/p>\n<p>K\u0131br\u0131s davas\u0131n\u0131n y\u00fcr\u00fct\u00fclmesinde T\u00fcrkiye kamuoyunun ve siyasi partilerin rol\u00fcn\u00fcn b\u00fcy\u00fck oldu\u011funun alt\u0131n\u0131 \u00e7izen Cumhurba\u015fkan\u0131 Tatar, 50 y\u0131ldan fazla bir s\u00fcredir federal temeldeki bir antla\u015fma i\u00e7in devam eden m\u00fczakerelerden bir sonu\u00e7 al\u0131namad\u0131\u011f\u0131n\u0131n alt\u0131n\u0131 \u00e7izdi. Cumhurba\u015fkan\u0131 Tatar, T\u00fcrk taraf\u0131n\u0131n g\u00f6sterdi\u011fi t\u00fcm iyi niyete ra\u011fmen, Rum taraf\u0131n\u0131n e\u015fitlik temelinde K\u0131br\u0131s\u2019\u0131n zenginlik ve iktidar\u0131n\u0131 payla\u015fma niyeti olmad\u0131\u011f\u0131n\u0131 vurgulad\u0131.<br \/>Egemen e\u015fitli\u011fe dayal\u0131, yan yana ya\u015fayan iki devletin i\u015f birli\u011fi ile bir anla\u015fman\u0131n olabilece\u011fini kaydeden Cumhurba\u015fkan\u0131 Tatar, \u201cDevlet demek egemenlik demek , \u00f6zden gelen bir hak olan K\u0131br\u0131s T\u00fcrk taraf\u0131 olarak bunu talep ediyoruz. Bizler bu duru\u015f ile m\u00fczakere masas\u0131na otururuz\u201d dedi. <\/p>\n<p>\u0130yi Parti\u2019nin her zaman i\u015fbirli\u011fi i\u00e7erisinde, K\u0131br\u0131staki milli hassasiyet bilinciyle, K\u0131br\u0131s T\u00fcrk taraf\u0131 verdi\u011fi deste\u011fin fark\u0131nda olduklar\u0131n\u0131 ifade eden Cumhurba\u015fkan\u0131 Tatar, verilen deste\u011fin \u00f6nemli oldu\u011funu s\u00f6yledi. <\/p>\n<p>K\u0131br\u0131s davas\u0131n\u0131 destekleyen anlay\u0131\u015fla bir siyaset s\u00fcrd\u00fcren parti ve \u00fcyelerini yak\u0131ndan takip etti\u011fini kaydeden Cumhurba\u015fkan\u0131 Tatar, bu ba\u011flamda sa\u011flanan destek ile milli siyaseti duyurma \u00e7abas\u0131 i\u00e7erisinde olduklar\u0131n\u0131 da s\u00f6zlerine ekledi.<\/p>\n<\/p><\/div>\n<p><script async\n                    defer\n                    crossorigin=\"anonymous\"\n                    src=\"https:\/\/connect.facebook.net\/tr_TR\/sdk.js#xfbml=1&#038;version=v3.3\"\n            ><\/script><\/p>\n","protected":false},"excerpt":{"rendered":"<p>Cumhurba\u015fkan\u0131 Tatar, Kuzey K\u0131br\u0131s T\u00fcrk Cumhuriyeti\u2019nin 41. y\u0131l kutlamalar\u0131 nedeniyle adada bulunan \u0130yi Parti Uluslararas\u0131 \u0130li\u015fkiler Ba\u015fkan\u0131 Ahmet Kamil Erozan ve beraberindeki heyeti kabul ederek g\u00f6r\u00fc\u015ft\u00fc. Cumhurba\u015fkan\u0131 Tatar, kabulde yapt\u0131\u011f\u0131 konu\u015fmada, , Kuzey K\u0131br\u0131s T\u00fcrk Cumhuriyeti\u2019nin 41. kurulu\u015f y\u0131ld\u00f6n\u00fcm\u00fcnde, \u0130yi Parti Uluslararas\u0131 \u0130li\u015fkiler Ba\u015fkan\u0131 Ahmet Kamil Erozan\u2019\u0131 g\u00f6rmekten duydu\u011fu memnuniyeti dile getirerek, desteklerinden dolay\u0131 te\u015fekk\u00fcrlerini [&hellip;]<\/p>\n","protected":false},"author":1,"featured_media":13647,"comment_status":"open","ping_status":"open","sticky":false,"template":"","format":"standard","meta":{"jnews-multi-image_gallery":[],"jnews_single_post":[],"jnews_primary_category":[],"jnews_social_meta":[],"jnews_override_counter":[],"footnotes":""},"categories":[5],"tags":[],"class_list":["post-13646","post","type-post","status-publish","format-standard","has-post-thumbnail","hentry","category-turkiye"],"yoast_head":"<!-- This site is optimized with the Yoast SEO plugin v27.4 - https:\/\/yoast.com\/product\/yoast-seo-wordpress\/ -->\n<title>Cumhurba\u015fkan\u0131 Tatar \u0130yi Parti Uluslararas\u0131 \u0130li\u015fkiler Ba\u015fkan\u0131 ve beraberindeki heyeti kabul etti - Kuzeyin Sesi<\/title>\n<meta name=\"robots\" content=\"index, follow, max-snippet:-1, max-image-preview:large, max-video-preview:-1\" \/>\n<link rel=\"canonical\" href=\"https:\/\/kuzeyinsesi.org\/index.php\/2024\/11\/15\/cumhurbaskani-tatar-iyi-parti-uluslararasi-iliskiler-baskani-ve-beraberindeki-heyeti-kabul-etti\/\" \/>\n<meta property=\"og:locale\" content=\"tr_TR\" \/>\n<meta property=\"og:type\" content=\"article\" \/>\n<meta property=\"og:title\" content=\"Cumhurba\u015fkan\u0131 Tatar \u0130yi Parti Uluslararas\u0131 \u0130li\u015fkiler Ba\u015fkan\u0131 ve beraberindeki heyeti kabul etti - Kuzeyin Sesi\" \/>\n<meta property=\"og:description\" content=\"Cumhurba\u015fkan\u0131 Tatar, Kuzey K\u0131br\u0131s T\u00fcrk Cumhuriyeti\u2019nin 41. y\u0131l kutlamalar\u0131 nedeniyle adada bulunan \u0130yi Parti Uluslararas\u0131 \u0130li\u015fkiler Ba\u015fkan\u0131 Ahmet Kamil Erozan ve beraberindeki heyeti kabul ederek g\u00f6r\u00fc\u015ft\u00fc. Cumhurba\u015fkan\u0131 Tatar, kabulde yapt\u0131\u011f\u0131 konu\u015fmada, , Kuzey K\u0131br\u0131s T\u00fcrk Cumhuriyeti\u2019nin 41. kurulu\u015f y\u0131ld\u00f6n\u00fcm\u00fcnde, \u0130yi Parti Uluslararas\u0131 \u0130li\u015fkiler Ba\u015fkan\u0131 Ahmet Kamil Erozan\u2019\u0131 g\u00f6rmekten duydu\u011fu memnuniyeti dile getirerek, desteklerinden dolay\u0131 te\u015fekk\u00fcrlerini [&hellip;]\" \/>\n<meta property=\"og:url\" content=\"https:\/\/kuzeyinsesi.org\/index.php\/2024\/11\/15\/cumhurbaskani-tatar-iyi-parti-uluslararasi-iliskiler-baskani-ve-beraberindeki-heyeti-kabul-etti\/\" \/>\n<meta property=\"og:site_name\" content=\"Kuzeyin Sesi\" \/>\n<meta property=\"article:publisher\" content=\"https:\/\/www.facebook.com\/kuzeyinsesii\" \/>\n<meta property=\"article:published_time\" content=\"2024-11-15T18:15:59+00:00\" \/>\n<meta property=\"og:image\" content=\"https:\/\/brtk.net\/wp-content\/uploads\/2024\/11\/15\/Screenshot_20241115_202550_X.jpg?ver=f6305e745debeb17d020b01a5610d08f\" \/>\n<meta name=\"author\" content=\"Kuzeyin Sesi\" \/>\n<meta name=\"twitter:card\" content=\"summary_large_image\" \/>\n<meta name=\"twitter:creator\" content=\"@kuzeyinsesii\" \/>\n<meta name=\"twitter:site\" content=\"@kuzeyinsesii\" \/>\n<meta name=\"twitter:label1\" content=\"Yazan:\" \/>\n\t<meta name=\"twitter:data1\" content=\"Kuzeyin Sesi\" \/>\n\t<meta name=\"twitter:label2\" content=\"Tahmini okuma s\u00fcresi\" \/>\n\t<meta name=\"twitter:data2\" content=\"2 dakika\" \/>\n<script type=\"application\/ld+json\" class=\"yoast-schema-graph\">{\"@context\":\"https:\\\/\\\/schema.org\",\"@graph\":[{\"@type\":\"Article\",\"@id\":\"https:\\\/\\\/kuzeyinsesi.org\\\/index.php\\\/2024\\\/11\\\/15\\\/cumhurbaskani-tatar-iyi-parti-uluslararasi-iliskiler-baskani-ve-beraberindeki-heyeti-kabul-etti\\\/#article\",\"isPartOf\":{\"@id\":\"https:\\\/\\\/kuzeyinsesi.org\\\/index.php\\\/2024\\\/11\\\/15\\\/cumhurbaskani-tatar-iyi-parti-uluslararasi-iliskiler-baskani-ve-beraberindeki-heyeti-kabul-etti\\\/\"},\"author\":{\"name\":\"Kuzeyin Sesi\",\"@id\":\"https:\\\/\\\/kuzeyinsesi.org\\\/#\\\/schema\\\/person\\\/9f859689cdf01485597712386e37f5aa\"},\"headline\":\"Cumhurba\u015fkan\u0131 Tatar \u0130yi Parti Uluslararas\u0131 \u0130li\u015fkiler Ba\u015fkan\u0131 ve beraberindeki heyeti kabul etti\",\"datePublished\":\"2024-11-15T18:15:59+00:00\",\"mainEntityOfPage\":{\"@id\":\"https:\\\/\\\/kuzeyinsesi.org\\\/index.php\\\/2024\\\/11\\\/15\\\/cumhurbaskani-tatar-iyi-parti-uluslararasi-iliskiler-baskani-ve-beraberindeki-heyeti-kabul-etti\\\/\"},\"wordCount\":329,\"commentCount\":0,\"image\":{\"@id\":\"https:\\\/\\\/kuzeyinsesi.org\\\/index.php\\\/2024\\\/11\\\/15\\\/cumhurbaskani-tatar-iyi-parti-uluslararasi-iliskiler-baskani-ve-beraberindeki-heyeti-kabul-etti\\\/#primaryimage\"},\"thumbnailUrl\":\"https:\\\/\\\/kuzeyinsesi.org\\\/wp-content\\\/uploads\\\/2024\\\/11\\\/Screenshot_20241115_202550_X.jpg\",\"articleSection\":[\"T\u00fcrkiye\"],\"inLanguage\":\"tr\",\"potentialAction\":[{\"@type\":\"CommentAction\",\"name\":\"Comment\",\"target\":[\"https:\\\/\\\/kuzeyinsesi.org\\\/index.php\\\/2024\\\/11\\\/15\\\/cumhurbaskani-tatar-iyi-parti-uluslararasi-iliskiler-baskani-ve-beraberindeki-heyeti-kabul-etti\\\/#respond\"]}]},{\"@type\":\"WebPage\",\"@id\":\"https:\\\/\\\/kuzeyinsesi.org\\\/index.php\\\/2024\\\/11\\\/15\\\/cumhurbaskani-tatar-iyi-parti-uluslararasi-iliskiler-baskani-ve-beraberindeki-heyeti-kabul-etti\\\/\",\"url\":\"https:\\\/\\\/kuzeyinsesi.org\\\/index.php\\\/2024\\\/11\\\/15\\\/cumhurbaskani-tatar-iyi-parti-uluslararasi-iliskiler-baskani-ve-beraberindeki-heyeti-kabul-etti\\\/\",\"name\":\"Cumhurba\u015fkan\u0131 Tatar \u0130yi Parti Uluslararas\u0131 \u0130li\u015fkiler Ba\u015fkan\u0131 ve beraberindeki heyeti kabul etti - Kuzeyin Sesi\",\"isPartOf\":{\"@id\":\"https:\\\/\\\/kuzeyinsesi.org\\\/#website\"},\"primaryImageOfPage\":{\"@id\":\"https:\\\/\\\/kuzeyinsesi.org\\\/index.php\\\/2024\\\/11\\\/15\\\/cumhurbaskani-tatar-iyi-parti-uluslararasi-iliskiler-baskani-ve-beraberindeki-heyeti-kabul-etti\\\/#primaryimage\"},\"image\":{\"@id\":\"https:\\\/\\\/kuzeyinsesi.org\\\/index.php\\\/2024\\\/11\\\/15\\\/cumhurbaskani-tatar-iyi-parti-uluslararasi-iliskiler-baskani-ve-beraberindeki-heyeti-kabul-etti\\\/#primaryimage\"},\"thumbnailUrl\":\"https:\\\/\\\/kuzeyinsesi.org\\\/wp-content\\\/uploads\\\/2024\\\/11\\\/Screenshot_20241115_202550_X.jpg\",\"datePublished\":\"2024-11-15T18:15:59+00:00\",\"author\":{\"@id\":\"https:\\\/\\\/kuzeyinsesi.org\\\/#\\\/schema\\\/person\\\/9f859689cdf01485597712386e37f5aa\"},\"breadcrumb\":{\"@id\":\"https:\\\/\\\/kuzeyinsesi.org\\\/index.php\\\/2024\\\/11\\\/15\\\/cumhurbaskani-tatar-iyi-parti-uluslararasi-iliskiler-baskani-ve-beraberindeki-heyeti-kabul-etti\\\/#breadcrumb\"},\"inLanguage\":\"tr\",\"potentialAction\":[{\"@type\":\"ReadAction\",\"target\":[\"https:\\\/\\\/kuzeyinsesi.org\\\/index.php\\\/2024\\\/11\\\/15\\\/cumhurbaskani-tatar-iyi-parti-uluslararasi-iliskiler-baskani-ve-beraberindeki-heyeti-kabul-etti\\\/\"]}]},{\"@type\":\"ImageObject\",\"inLanguage\":\"tr\",\"@id\":\"https:\\\/\\\/kuzeyinsesi.org\\\/index.php\\\/2024\\\/11\\\/15\\\/cumhurbaskani-tatar-iyi-parti-uluslararasi-iliskiler-baskani-ve-beraberindeki-heyeti-kabul-etti\\\/#primaryimage\",\"url\":\"https:\\\/\\\/kuzeyinsesi.org\\\/wp-content\\\/uploads\\\/2024\\\/11\\\/Screenshot_20241115_202550_X.jpg\",\"contentUrl\":\"https:\\\/\\\/kuzeyinsesi.org\\\/wp-content\\\/uploads\\\/2024\\\/11\\\/Screenshot_20241115_202550_X.jpg\",\"width\":1080,\"height\":542},{\"@type\":\"BreadcrumbList\",\"@id\":\"https:\\\/\\\/kuzeyinsesi.org\\\/index.php\\\/2024\\\/11\\\/15\\\/cumhurbaskani-tatar-iyi-parti-uluslararasi-iliskiler-baskani-ve-beraberindeki-heyeti-kabul-etti\\\/#breadcrumb\",\"itemListElement\":[{\"@type\":\"ListItem\",\"position\":1,\"name\":\"Anasayfa\",\"item\":\"https:\\\/\\\/kuzeyinsesi.org\\\/\"},{\"@type\":\"ListItem\",\"position\":2,\"name\":\"Cumhurba\u015fkan\u0131 Tatar \u0130yi Parti Uluslararas\u0131 \u0130li\u015fkiler Ba\u015fkan\u0131 ve beraberindeki heyeti kabul etti\"}]},{\"@type\":\"WebSite\",\"@id\":\"https:\\\/\\\/kuzeyinsesi.org\\\/#website\",\"url\":\"https:\\\/\\\/kuzeyinsesi.org\\\/\",\"name\":\"Kuzeyin Sesi\",\"description\":\"Do\u011fru Haberin Adresi\",\"potentialAction\":[{\"@type\":\"SearchAction\",\"target\":{\"@type\":\"EntryPoint\",\"urlTemplate\":\"https:\\\/\\\/kuzeyinsesi.org\\\/?s={search_term_string}\"},\"query-input\":{\"@type\":\"PropertyValueSpecification\",\"valueRequired\":true,\"valueName\":\"search_term_string\"}}],\"inLanguage\":\"tr\"},{\"@type\":\"Person\",\"@id\":\"https:\\\/\\\/kuzeyinsesi.org\\\/#\\\/schema\\\/person\\\/9f859689cdf01485597712386e37f5aa\",\"name\":\"Kuzeyin Sesi\",\"image\":{\"@type\":\"ImageObject\",\"inLanguage\":\"tr\",\"@id\":\"https:\\\/\\\/secure.gravatar.com\\\/avatar\\\/bab33852abfd8b282518d6ed81826833d77c3c882d9ab608add591ccace47a44?s=96&d=mm&r=g\",\"url\":\"https:\\\/\\\/secure.gravatar.com\\\/avatar\\\/bab33852abfd8b282518d6ed81826833d77c3c882d9ab608add591ccace47a44?s=96&d=mm&r=g\",\"contentUrl\":\"https:\\\/\\\/secure.gravatar.com\\\/avatar\\\/bab33852abfd8b282518d6ed81826833d77c3c882d9ab608add591ccace47a44?s=96&d=mm&r=g\",\"caption\":\"Kuzeyin Sesi\"},\"sameAs\":[\"https:\\\/\\\/kuzeyinsesi.org\"],\"url\":\"https:\\\/\\\/kuzeyinsesi.org\\\/index.php\\\/author\\\/guven\\\/\"}]}<\/script>\n<!-- \/ Yoast SEO plugin. -->","yoast_head_json":{"title":"Cumhurba\u015fkan\u0131 Tatar \u0130yi Parti Uluslararas\u0131 \u0130li\u015fkiler Ba\u015fkan\u0131 ve beraberindeki heyeti kabul etti - Kuzeyin Sesi","robots":{"index":"index","follow":"follow","max-snippet":"max-snippet:-1","max-image-preview":"max-image-preview:large","max-video-preview":"max-video-preview:-1"},"canonical":"https:\/\/kuzeyinsesi.org\/index.php\/2024\/11\/15\/cumhurbaskani-tatar-iyi-parti-uluslararasi-iliskiler-baskani-ve-beraberindeki-heyeti-kabul-etti\/","og_locale":"tr_TR","og_type":"article","og_title":"Cumhurba\u015fkan\u0131 Tatar \u0130yi Parti Uluslararas\u0131 \u0130li\u015fkiler Ba\u015fkan\u0131 ve beraberindeki heyeti kabul etti - Kuzeyin Sesi","og_description":"Cumhurba\u015fkan\u0131 Tatar, Kuzey K\u0131br\u0131s T\u00fcrk Cumhuriyeti\u2019nin 41. y\u0131l kutlamalar\u0131 nedeniyle adada bulunan \u0130yi Parti Uluslararas\u0131 \u0130li\u015fkiler Ba\u015fkan\u0131 Ahmet Kamil Erozan ve beraberindeki heyeti kabul ederek g\u00f6r\u00fc\u015ft\u00fc. Cumhurba\u015fkan\u0131 Tatar, kabulde yapt\u0131\u011f\u0131 konu\u015fmada, , Kuzey K\u0131br\u0131s T\u00fcrk Cumhuriyeti\u2019nin 41. kurulu\u015f y\u0131ld\u00f6n\u00fcm\u00fcnde, \u0130yi Parti Uluslararas\u0131 \u0130li\u015fkiler Ba\u015fkan\u0131 Ahmet Kamil Erozan\u2019\u0131 g\u00f6rmekten duydu\u011fu memnuniyeti dile getirerek, desteklerinden dolay\u0131 te\u015fekk\u00fcrlerini [&hellip;]","og_url":"https:\/\/kuzeyinsesi.org\/index.php\/2024\/11\/15\/cumhurbaskani-tatar-iyi-parti-uluslararasi-iliskiler-baskani-ve-beraberindeki-heyeti-kabul-etti\/","og_site_name":"Kuzeyin Sesi","article_publisher":"https:\/\/www.facebook.com\/kuzeyinsesii","article_published_time":"2024-11-15T18:15:59+00:00","og_image":[{"url":"https:\/\/brtk.net\/wp-content\/uploads\/2024\/11\/15\/Screenshot_20241115_202550_X.jpg?ver=f6305e745debeb17d020b01a5610d08f","type":"","width":"","height":""}],"author":"Kuzeyin Sesi","twitter_card":"summary_large_image","twitter_creator":"@kuzeyinsesii","twitter_site":"@kuzeyinsesii","twitter_misc":{"Yazan:":"Kuzeyin Sesi","Tahmini okuma s\u00fcresi":"2 dakika"},"schema":{"@context":"https:\/\/schema.org","@graph":[{"@type":"Article","@id":"https:\/\/kuzeyinsesi.org\/index.php\/2024\/11\/15\/cumhurbaskani-tatar-iyi-parti-uluslararasi-iliskiler-baskani-ve-beraberindeki-heyeti-kabul-etti\/#article","isPartOf":{"@id":"https:\/\/kuzeyinsesi.org\/index.php\/2024\/11\/15\/cumhurbaskani-tatar-iyi-parti-uluslararasi-iliskiler-baskani-ve-beraberindeki-heyeti-kabul-etti\/"},"author":{"name":"Kuzeyin Sesi","@id":"https:\/\/kuzeyinsesi.org\/#\/schema\/person\/9f859689cdf01485597712386e37f5aa"},"headline":"Cumhurba\u015fkan\u0131 Tatar \u0130yi Parti Uluslararas\u0131 \u0130li\u015fkiler Ba\u015fkan\u0131 ve beraberindeki heyeti kabul etti","datePublished":"2024-11-15T18:15:59+00:00","mainEntityOfPage":{"@id":"https:\/\/kuzeyinsesi.org\/index.php\/2024\/11\/15\/cumhurbaskani-tatar-iyi-parti-uluslararasi-iliskiler-baskani-ve-beraberindeki-heyeti-kabul-etti\/"},"wordCount":329,"commentCount":0,"image":{"@id":"https:\/\/kuzeyinsesi.org\/index.php\/2024\/11\/15\/cumhurbaskani-tatar-iyi-parti-uluslararasi-iliskiler-baskani-ve-beraberindeki-heyeti-kabul-etti\/#primaryimage"},"thumbnailUrl":"https:\/\/kuzeyinsesi.org\/wp-content\/uploads\/2024\/11\/Screenshot_20241115_202550_X.jpg","articleSection":["T\u00fcrkiye"],"inLanguage":"tr","potentialAction":[{"@type":"CommentAction","name":"Comment","target":["https:\/\/kuzeyinsesi.org\/index.php\/2024\/11\/15\/cumhurbaskani-tatar-iyi-parti-uluslararasi-iliskiler-baskani-ve-beraberindeki-heyeti-kabul-etti\/#respond"]}]},{"@type":"WebPage","@id":"https:\/\/kuzeyinsesi.org\/index.php\/2024\/11\/15\/cumhurbaskani-tatar-iyi-parti-uluslararasi-iliskiler-baskani-ve-beraberindeki-heyeti-kabul-etti\/","url":"https:\/\/kuzeyinsesi.org\/index.php\/2024\/11\/15\/cumhurbaskani-tatar-iyi-parti-uluslararasi-iliskiler-baskani-ve-beraberindeki-heyeti-kabul-etti\/","name":"Cumhurba\u015fkan\u0131 Tatar \u0130yi Parti Uluslararas\u0131 \u0130li\u015fkiler Ba\u015fkan\u0131 ve beraberindeki heyeti kabul etti - Kuzeyin Sesi","isPartOf":{"@id":"https:\/\/kuzeyinsesi.org\/#website"},"primaryImageOfPage":{"@id":"https:\/\/kuzeyinsesi.org\/index.php\/2024\/11\/15\/cumhurbaskani-tatar-iyi-parti-uluslararasi-iliskiler-baskani-ve-beraberindeki-heyeti-kabul-etti\/#primaryimage"},"image":{"@id":"https:\/\/kuzeyinsesi.org\/index.php\/2024\/11\/15\/cumhurbaskani-tatar-iyi-parti-uluslararasi-iliskiler-baskani-ve-beraberindeki-heyeti-kabul-etti\/#primaryimage"},"thumbnailUrl":"https:\/\/kuzeyinsesi.org\/wp-content\/uploads\/2024\/11\/Screenshot_20241115_202550_X.jpg","datePublished":"2024-11-15T18:15:59+00:00","author":{"@id":"https:\/\/kuzeyinsesi.org\/#\/schema\/person\/9f859689cdf01485597712386e37f5aa"},"breadcrumb":{"@id":"https:\/\/kuzeyinsesi.org\/index.php\/2024\/11\/15\/cumhurbaskani-tatar-iyi-parti-uluslararasi-iliskiler-baskani-ve-beraberindeki-heyeti-kabul-etti\/#breadcrumb"},"inLanguage":"tr","potentialAction":[{"@type":"ReadAction","target":["https:\/\/kuzeyinsesi.org\/index.php\/2024\/11\/15\/cumhurbaskani-tatar-iyi-parti-uluslararasi-iliskiler-baskani-ve-beraberindeki-heyeti-kabul-etti\/"]}]},{"@type":"ImageObject","inLanguage":"tr","@id":"https:\/\/kuzeyinsesi.org\/index.php\/2024\/11\/15\/cumhurbaskani-tatar-iyi-parti-uluslararasi-iliskiler-baskani-ve-beraberindeki-heyeti-kabul-etti\/#primaryimage","url":"https:\/\/kuzeyinsesi.org\/wp-content\/uploads\/2024\/11\/Screenshot_20241115_202550_X.jpg","contentUrl":"https:\/\/kuzeyinsesi.org\/wp-content\/uploads\/2024\/11\/Screenshot_20241115_202550_X.jpg","width":1080,"height":542},{"@type":"BreadcrumbList","@id":"https:\/\/kuzeyinsesi.org\/index.php\/2024\/11\/15\/cumhurbaskani-tatar-iyi-parti-uluslararasi-iliskiler-baskani-ve-beraberindeki-heyeti-kabul-etti\/#breadcrumb","itemListElement":[{"@type":"ListItem","position":1,"name":"Anasayfa","item":"https:\/\/kuzeyinsesi.org\/"},{"@type":"ListItem","position":2,"name":"Cumhurba\u015fkan\u0131 Tatar \u0130yi Parti Uluslararas\u0131 \u0130li\u015fkiler Ba\u015fkan\u0131 ve beraberindeki heyeti kabul etti"}]},{"@type":"WebSite","@id":"https:\/\/kuzeyinsesi.org\/#website","url":"https:\/\/kuzeyinsesi.org\/","name":"Kuzeyin Sesi","description":"Do\u011fru Haberin Adresi","potentialAction":[{"@type":"SearchAction","target":{"@type":"EntryPoint","urlTemplate":"https:\/\/kuzeyinsesi.org\/?s={search_term_string}"},"query-input":{"@type":"PropertyValueSpecification","valueRequired":true,"valueName":"search_term_string"}}],"inLanguage":"tr"},{"@type":"Person","@id":"https:\/\/kuzeyinsesi.org\/#\/schema\/person\/9f859689cdf01485597712386e37f5aa","name":"Kuzeyin Sesi","image":{"@type":"ImageObject","inLanguage":"tr","@id":"https:\/\/secure.gravatar.com\/avatar\/bab33852abfd8b282518d6ed81826833d77c3c882d9ab608add591ccace47a44?s=96&d=mm&r=g","url":"https:\/\/secure.gravatar.com\/avatar\/bab33852abfd8b282518d6ed81826833d77c3c882d9ab608add591ccace47a44?s=96&d=mm&r=g","contentUrl":"https:\/\/secure.gravatar.com\/avatar\/bab33852abfd8b282518d6ed81826833d77c3c882d9ab608add591ccace47a44?s=96&d=mm&r=g","caption":"Kuzeyin Sesi"},"sameAs":["https:\/\/kuzeyinsesi.org"],"url":"https:\/\/kuzeyinsesi.org\/index.php\/author\/guven\/"}]}},"_links":{"self":[{"href":"https:\/\/kuzeyinsesi.org\/index.php\/wp-json\/wp\/v2\/posts\/13646","targetHints":{"allow":["GET"]}}],"collection":[{"href":"https:\/\/kuzeyinsesi.org\/index.php\/wp-json\/wp\/v2\/posts"}],"about":[{"href":"https:\/\/kuzeyinsesi.org\/index.php\/wp-json\/wp\/v2\/types\/post"}],"author":[{"embeddable":true,"href":"https:\/\/kuzeyinsesi.org\/index.php\/wp-json\/wp\/v2\/users\/1"}],"replies":[{"embeddable":true,"href":"https:\/\/kuzeyinsesi.org\/index.php\/wp-json\/wp\/v2\/comments?post=13646"}],"version-history":[{"count":0,"href":"https:\/\/kuzeyinsesi.org\/index.php\/wp-json\/wp\/v2\/posts\/13646\/revisions"}],"wp:featuredmedia":[{"embeddable":true,"href":"https:\/\/kuzeyinsesi.org\/index.php\/wp-json\/wp\/v2\/media\/13647"}],"wp:attachment":[{"href":"https:\/\/kuzeyinsesi.org\/index.php\/wp-json\/wp\/v2\/media?parent=13646"}],"wp:term":[{"taxonomy":"category","embeddable":true,"href":"https:\/\/kuzeyinsesi.org\/index.php\/wp-json\/wp\/v2\/categories?post=13646"},{"taxonomy":"post_tag","embeddable":true,"href":"https:\/\/kuzeyinsesi.org\/index.php\/wp-json\/wp\/v2\/tags?post=13646"}],"curies":[{"name":"wp","href":"https:\/\/api.w.org\/{rel}","templated":true}]}}