{"id":13636,"date":"2024-11-15T17:53:55","date_gmt":"2024-11-15T15:53:55","guid":{"rendered":"https:\/\/kuzeyinsesi.org\/index.php\/2024\/11\/15\/22-11-performans-toplulugu-cumartesi-aksamlari-etkinlik-duzenleyecek\/"},"modified":"2024-11-15T17:53:55","modified_gmt":"2024-11-15T15:53:55","slug":"22-11-performans-toplulugu-cumartesi-aksamlari-etkinlik-duzenleyecek","status":"publish","type":"post","link":"https:\/\/kuzeyinsesi.org\/index.php\/2024\/11\/15\/22-11-performans-toplulugu-cumartesi-aksamlari-etkinlik-duzenleyecek\/","title":{"rendered":"22\/11 Performans Toplulu\u011fu cumartesi ak\u015famlar\u0131 etkinlik d\u00fczenleyecek"},"content":{"rendered":"<div>\n<div class=\"mariselle-image-container center\">\n                                            <\/div>\n<p> \u201c22\/11 Performans Toplulu\u011fu\u201d kas\u0131m ve aral\u0131k aylar\u0131 boyunca cumartesi geceleri \u201cses anlat\u0131 performans\u0131\u201d  sunacak. <\/p>\n<p>Topluluktan yap\u0131lan a\u00e7\u0131klamada, etkinli\u011fin Arabahmet K\u00fclt\u00fcr Evi\u2019nde saat 20.00\u2019da yap\u0131laca\u011f\u0131 duyuruldu.<\/p>\n<p>Toplulu\u011fun \u201cBir Hat\u0131ra, Bir Siz\u201d isimli pr\u00f6miyerini may\u0131s ay\u0131nda Eklektik Manifest kapsam\u0131nda yapt\u0131\u011f\u0131 kaydedilen a\u00e7\u0131klamada, toplulu\u011fun \u015fu isimlerden olu\u015ftu\u011fu belirtildi:<\/p>\n<p>\u201cYazar Sevim Burak, Reji &amp; Koreografi Handan Ergiydiren, Ses Tasar\u0131m\u0131 \u0130nal Bilsel, Oynayanlar G\u00fcne\u015f Kozal &amp; Fuat Zorali\u201d<\/p>\n<\/p><\/div>\n<p><script async\n                    defer\n                    crossorigin=\"anonymous\"\n                    src=\"https:\/\/connect.facebook.net\/tr_TR\/sdk.js#xfbml=1&#038;version=v3.3\"\n            ><\/script><\/p>\n","protected":false},"excerpt":{"rendered":"<p>\u201c22\/11 Performans Toplulu\u011fu\u201d kas\u0131m ve aral\u0131k aylar\u0131 boyunca cumartesi geceleri \u201cses anlat\u0131 performans\u0131\u201d sunacak. Topluluktan yap\u0131lan a\u00e7\u0131klamada, etkinli\u011fin Arabahmet K\u00fclt\u00fcr Evi\u2019nde saat 20.00\u2019da yap\u0131laca\u011f\u0131 duyuruldu. Toplulu\u011fun \u201cBir Hat\u0131ra, Bir Siz\u201d isimli pr\u00f6miyerini may\u0131s ay\u0131nda Eklektik Manifest kapsam\u0131nda yapt\u0131\u011f\u0131 kaydedilen a\u00e7\u0131klamada, toplulu\u011fun \u015fu isimlerden olu\u015ftu\u011fu belirtildi: \u201cYazar Sevim Burak, Reji &amp; Koreografi Handan Ergiydiren, Ses Tasar\u0131m\u0131 [&hellip;]<\/p>\n","protected":false},"author":1,"featured_media":13637,"comment_status":"open","ping_status":"open","sticky":false,"template":"","format":"standard","meta":{"jnews-multi-image_gallery":[],"jnews_single_post":[],"jnews_primary_category":[],"jnews_social_meta":[],"jnews_override_counter":[],"footnotes":""},"categories":[6],"tags":[],"class_list":["post-13636","post","type-post","status-publish","format-standard","has-post-thumbnail","hentry","category-yasam"],"yoast_head":"<!-- This site is optimized with the Yoast SEO plugin v27.4 - https:\/\/yoast.com\/product\/yoast-seo-wordpress\/ -->\n<title>22\/11 Performans Toplulu\u011fu cumartesi ak\u015famlar\u0131 etkinlik d\u00fczenleyecek - Kuzeyin Sesi<\/title>\n<meta name=\"robots\" content=\"index, follow, max-snippet:-1, max-image-preview:large, max-video-preview:-1\" \/>\n<link rel=\"canonical\" href=\"https:\/\/kuzeyinsesi.org\/index.php\/2024\/11\/15\/22-11-performans-toplulugu-cumartesi-aksamlari-etkinlik-duzenleyecek\/\" \/>\n<meta property=\"og:locale\" content=\"tr_TR\" \/>\n<meta property=\"og:type\" content=\"article\" \/>\n<meta property=\"og:title\" content=\"22\/11 Performans Toplulu\u011fu cumartesi ak\u015famlar\u0131 etkinlik d\u00fczenleyecek - Kuzeyin Sesi\" \/>\n<meta property=\"og:description\" content=\"\u201c22\/11 Performans Toplulu\u011fu\u201d kas\u0131m ve aral\u0131k aylar\u0131 boyunca cumartesi geceleri \u201cses anlat\u0131 performans\u0131\u201d sunacak. Topluluktan yap\u0131lan a\u00e7\u0131klamada, etkinli\u011fin Arabahmet K\u00fclt\u00fcr Evi\u2019nde saat 20.00\u2019da yap\u0131laca\u011f\u0131 duyuruldu. Toplulu\u011fun \u201cBir Hat\u0131ra, Bir Siz\u201d isimli pr\u00f6miyerini may\u0131s ay\u0131nda Eklektik Manifest kapsam\u0131nda yapt\u0131\u011f\u0131 kaydedilen a\u00e7\u0131klamada, toplulu\u011fun \u015fu isimlerden olu\u015ftu\u011fu belirtildi: \u201cYazar Sevim Burak, Reji &amp; Koreografi Handan Ergiydiren, Ses Tasar\u0131m\u0131 [&hellip;]\" \/>\n<meta property=\"og:url\" content=\"https:\/\/kuzeyinsesi.org\/index.php\/2024\/11\/15\/22-11-performans-toplulugu-cumartesi-aksamlari-etkinlik-duzenleyecek\/\" \/>\n<meta property=\"og:site_name\" content=\"Kuzeyin Sesi\" \/>\n<meta property=\"article:publisher\" content=\"https:\/\/www.facebook.com\/kuzeyinsesii\" \/>\n<meta property=\"article:published_time\" content=\"2024-11-15T15:53:55+00:00\" \/>\n<meta property=\"og:image\" content=\"https:\/\/brtk.net\/wp-content\/uploads\/2024\/11\/15\/asdskla.jpg?ver=d5a9711a4c45a0b75e31ac948116105e\" \/>\n<meta name=\"author\" content=\"Kuzeyin Sesi\" \/>\n<meta name=\"twitter:card\" content=\"summary_large_image\" \/>\n<meta name=\"twitter:creator\" content=\"@kuzeyinsesii\" \/>\n<meta name=\"twitter:site\" content=\"@kuzeyinsesii\" \/>\n<meta name=\"twitter:label1\" content=\"Yazan:\" \/>\n\t<meta name=\"twitter:data1\" content=\"Kuzeyin Sesi\" \/>\n<script type=\"application\/ld+json\" class=\"yoast-schema-graph\">{\"@context\":\"https:\\\/\\\/schema.org\",\"@graph\":[{\"@type\":\"Article\",\"@id\":\"https:\\\/\\\/kuzeyinsesi.org\\\/index.php\\\/2024\\\/11\\\/15\\\/22-11-performans-toplulugu-cumartesi-aksamlari-etkinlik-duzenleyecek\\\/#article\",\"isPartOf\":{\"@id\":\"https:\\\/\\\/kuzeyinsesi.org\\\/index.php\\\/2024\\\/11\\\/15\\\/22-11-performans-toplulugu-cumartesi-aksamlari-etkinlik-duzenleyecek\\\/\"},\"author\":{\"name\":\"Kuzeyin Sesi\",\"@id\":\"https:\\\/\\\/kuzeyinsesi.org\\\/#\\\/schema\\\/person\\\/9f859689cdf01485597712386e37f5aa\"},\"headline\":\"22\\\/11 Performans Toplulu\u011fu cumartesi ak\u015famlar\u0131 etkinlik d\u00fczenleyecek\",\"datePublished\":\"2024-11-15T15:53:55+00:00\",\"mainEntityOfPage\":{\"@id\":\"https:\\\/\\\/kuzeyinsesi.org\\\/index.php\\\/2024\\\/11\\\/15\\\/22-11-performans-toplulugu-cumartesi-aksamlari-etkinlik-duzenleyecek\\\/\"},\"wordCount\":93,\"commentCount\":0,\"image\":{\"@id\":\"https:\\\/\\\/kuzeyinsesi.org\\\/index.php\\\/2024\\\/11\\\/15\\\/22-11-performans-toplulugu-cumartesi-aksamlari-etkinlik-duzenleyecek\\\/#primaryimage\"},\"thumbnailUrl\":\"https:\\\/\\\/kuzeyinsesi.org\\\/wp-content\\\/uploads\\\/2024\\\/11\\\/asdskla.jpg\",\"articleSection\":[\"Ya\u015fam\"],\"inLanguage\":\"tr\",\"potentialAction\":[{\"@type\":\"CommentAction\",\"name\":\"Comment\",\"target\":[\"https:\\\/\\\/kuzeyinsesi.org\\\/index.php\\\/2024\\\/11\\\/15\\\/22-11-performans-toplulugu-cumartesi-aksamlari-etkinlik-duzenleyecek\\\/#respond\"]}]},{\"@type\":\"WebPage\",\"@id\":\"https:\\\/\\\/kuzeyinsesi.org\\\/index.php\\\/2024\\\/11\\\/15\\\/22-11-performans-toplulugu-cumartesi-aksamlari-etkinlik-duzenleyecek\\\/\",\"url\":\"https:\\\/\\\/kuzeyinsesi.org\\\/index.php\\\/2024\\\/11\\\/15\\\/22-11-performans-toplulugu-cumartesi-aksamlari-etkinlik-duzenleyecek\\\/\",\"name\":\"22\\\/11 Performans Toplulu\u011fu cumartesi ak\u015famlar\u0131 etkinlik d\u00fczenleyecek - Kuzeyin Sesi\",\"isPartOf\":{\"@id\":\"https:\\\/\\\/kuzeyinsesi.org\\\/#website\"},\"primaryImageOfPage\":{\"@id\":\"https:\\\/\\\/kuzeyinsesi.org\\\/index.php\\\/2024\\\/11\\\/15\\\/22-11-performans-toplulugu-cumartesi-aksamlari-etkinlik-duzenleyecek\\\/#primaryimage\"},\"image\":{\"@id\":\"https:\\\/\\\/kuzeyinsesi.org\\\/index.php\\\/2024\\\/11\\\/15\\\/22-11-performans-toplulugu-cumartesi-aksamlari-etkinlik-duzenleyecek\\\/#primaryimage\"},\"thumbnailUrl\":\"https:\\\/\\\/kuzeyinsesi.org\\\/wp-content\\\/uploads\\\/2024\\\/11\\\/asdskla.jpg\",\"datePublished\":\"2024-11-15T15:53:55+00:00\",\"author\":{\"@id\":\"https:\\\/\\\/kuzeyinsesi.org\\\/#\\\/schema\\\/person\\\/9f859689cdf01485597712386e37f5aa\"},\"breadcrumb\":{\"@id\":\"https:\\\/\\\/kuzeyinsesi.org\\\/index.php\\\/2024\\\/11\\\/15\\\/22-11-performans-toplulugu-cumartesi-aksamlari-etkinlik-duzenleyecek\\\/#breadcrumb\"},\"inLanguage\":\"tr\",\"potentialAction\":[{\"@type\":\"ReadAction\",\"target\":[\"https:\\\/\\\/kuzeyinsesi.org\\\/index.php\\\/2024\\\/11\\\/15\\\/22-11-performans-toplulugu-cumartesi-aksamlari-etkinlik-duzenleyecek\\\/\"]}]},{\"@type\":\"ImageObject\",\"inLanguage\":\"tr\",\"@id\":\"https:\\\/\\\/kuzeyinsesi.org\\\/index.php\\\/2024\\\/11\\\/15\\\/22-11-performans-toplulugu-cumartesi-aksamlari-etkinlik-duzenleyecek\\\/#primaryimage\",\"url\":\"https:\\\/\\\/kuzeyinsesi.org\\\/wp-content\\\/uploads\\\/2024\\\/11\\\/asdskla.jpg\",\"contentUrl\":\"https:\\\/\\\/kuzeyinsesi.org\\\/wp-content\\\/uploads\\\/2024\\\/11\\\/asdskla.jpg\",\"width\":1067,\"height\":1073},{\"@type\":\"BreadcrumbList\",\"@id\":\"https:\\\/\\\/kuzeyinsesi.org\\\/index.php\\\/2024\\\/11\\\/15\\\/22-11-performans-toplulugu-cumartesi-aksamlari-etkinlik-duzenleyecek\\\/#breadcrumb\",\"itemListElement\":[{\"@type\":\"ListItem\",\"position\":1,\"name\":\"Anasayfa\",\"item\":\"https:\\\/\\\/kuzeyinsesi.org\\\/\"},{\"@type\":\"ListItem\",\"position\":2,\"name\":\"22\\\/11 Performans Toplulu\u011fu cumartesi ak\u015famlar\u0131 etkinlik d\u00fczenleyecek\"}]},{\"@type\":\"WebSite\",\"@id\":\"https:\\\/\\\/kuzeyinsesi.org\\\/#website\",\"url\":\"https:\\\/\\\/kuzeyinsesi.org\\\/\",\"name\":\"Kuzeyin Sesi\",\"description\":\"Do\u011fru Haberin Adresi\",\"potentialAction\":[{\"@type\":\"SearchAction\",\"target\":{\"@type\":\"EntryPoint\",\"urlTemplate\":\"https:\\\/\\\/kuzeyinsesi.org\\\/?s={search_term_string}\"},\"query-input\":{\"@type\":\"PropertyValueSpecification\",\"valueRequired\":true,\"valueName\":\"search_term_string\"}}],\"inLanguage\":\"tr\"},{\"@type\":\"Person\",\"@id\":\"https:\\\/\\\/kuzeyinsesi.org\\\/#\\\/schema\\\/person\\\/9f859689cdf01485597712386e37f5aa\",\"name\":\"Kuzeyin Sesi\",\"image\":{\"@type\":\"ImageObject\",\"inLanguage\":\"tr\",\"@id\":\"https:\\\/\\\/secure.gravatar.com\\\/avatar\\\/bab33852abfd8b282518d6ed81826833d77c3c882d9ab608add591ccace47a44?s=96&d=mm&r=g\",\"url\":\"https:\\\/\\\/secure.gravatar.com\\\/avatar\\\/bab33852abfd8b282518d6ed81826833d77c3c882d9ab608add591ccace47a44?s=96&d=mm&r=g\",\"contentUrl\":\"https:\\\/\\\/secure.gravatar.com\\\/avatar\\\/bab33852abfd8b282518d6ed81826833d77c3c882d9ab608add591ccace47a44?s=96&d=mm&r=g\",\"caption\":\"Kuzeyin Sesi\"},\"sameAs\":[\"https:\\\/\\\/kuzeyinsesi.org\"],\"url\":\"https:\\\/\\\/kuzeyinsesi.org\\\/index.php\\\/author\\\/guven\\\/\"}]}<\/script>\n<!-- \/ Yoast SEO plugin. -->","yoast_head_json":{"title":"22\/11 Performans Toplulu\u011fu cumartesi ak\u015famlar\u0131 etkinlik d\u00fczenleyecek - Kuzeyin Sesi","robots":{"index":"index","follow":"follow","max-snippet":"max-snippet:-1","max-image-preview":"max-image-preview:large","max-video-preview":"max-video-preview:-1"},"canonical":"https:\/\/kuzeyinsesi.org\/index.php\/2024\/11\/15\/22-11-performans-toplulugu-cumartesi-aksamlari-etkinlik-duzenleyecek\/","og_locale":"tr_TR","og_type":"article","og_title":"22\/11 Performans Toplulu\u011fu cumartesi ak\u015famlar\u0131 etkinlik d\u00fczenleyecek - Kuzeyin Sesi","og_description":"\u201c22\/11 Performans Toplulu\u011fu\u201d kas\u0131m ve aral\u0131k aylar\u0131 boyunca cumartesi geceleri \u201cses anlat\u0131 performans\u0131\u201d sunacak. Topluluktan yap\u0131lan a\u00e7\u0131klamada, etkinli\u011fin Arabahmet K\u00fclt\u00fcr Evi\u2019nde saat 20.00\u2019da yap\u0131laca\u011f\u0131 duyuruldu. Toplulu\u011fun \u201cBir Hat\u0131ra, Bir Siz\u201d isimli pr\u00f6miyerini may\u0131s ay\u0131nda Eklektik Manifest kapsam\u0131nda yapt\u0131\u011f\u0131 kaydedilen a\u00e7\u0131klamada, toplulu\u011fun \u015fu isimlerden olu\u015ftu\u011fu belirtildi: \u201cYazar Sevim Burak, Reji &amp; Koreografi Handan Ergiydiren, Ses Tasar\u0131m\u0131 [&hellip;]","og_url":"https:\/\/kuzeyinsesi.org\/index.php\/2024\/11\/15\/22-11-performans-toplulugu-cumartesi-aksamlari-etkinlik-duzenleyecek\/","og_site_name":"Kuzeyin Sesi","article_publisher":"https:\/\/www.facebook.com\/kuzeyinsesii","article_published_time":"2024-11-15T15:53:55+00:00","og_image":[{"url":"https:\/\/brtk.net\/wp-content\/uploads\/2024\/11\/15\/asdskla.jpg?ver=d5a9711a4c45a0b75e31ac948116105e","type":"","width":"","height":""}],"author":"Kuzeyin Sesi","twitter_card":"summary_large_image","twitter_creator":"@kuzeyinsesii","twitter_site":"@kuzeyinsesii","twitter_misc":{"Yazan:":"Kuzeyin Sesi"},"schema":{"@context":"https:\/\/schema.org","@graph":[{"@type":"Article","@id":"https:\/\/kuzeyinsesi.org\/index.php\/2024\/11\/15\/22-11-performans-toplulugu-cumartesi-aksamlari-etkinlik-duzenleyecek\/#article","isPartOf":{"@id":"https:\/\/kuzeyinsesi.org\/index.php\/2024\/11\/15\/22-11-performans-toplulugu-cumartesi-aksamlari-etkinlik-duzenleyecek\/"},"author":{"name":"Kuzeyin Sesi","@id":"https:\/\/kuzeyinsesi.org\/#\/schema\/person\/9f859689cdf01485597712386e37f5aa"},"headline":"22\/11 Performans Toplulu\u011fu cumartesi ak\u015famlar\u0131 etkinlik d\u00fczenleyecek","datePublished":"2024-11-15T15:53:55+00:00","mainEntityOfPage":{"@id":"https:\/\/kuzeyinsesi.org\/index.php\/2024\/11\/15\/22-11-performans-toplulugu-cumartesi-aksamlari-etkinlik-duzenleyecek\/"},"wordCount":93,"commentCount":0,"image":{"@id":"https:\/\/kuzeyinsesi.org\/index.php\/2024\/11\/15\/22-11-performans-toplulugu-cumartesi-aksamlari-etkinlik-duzenleyecek\/#primaryimage"},"thumbnailUrl":"https:\/\/kuzeyinsesi.org\/wp-content\/uploads\/2024\/11\/asdskla.jpg","articleSection":["Ya\u015fam"],"inLanguage":"tr","potentialAction":[{"@type":"CommentAction","name":"Comment","target":["https:\/\/kuzeyinsesi.org\/index.php\/2024\/11\/15\/22-11-performans-toplulugu-cumartesi-aksamlari-etkinlik-duzenleyecek\/#respond"]}]},{"@type":"WebPage","@id":"https:\/\/kuzeyinsesi.org\/index.php\/2024\/11\/15\/22-11-performans-toplulugu-cumartesi-aksamlari-etkinlik-duzenleyecek\/","url":"https:\/\/kuzeyinsesi.org\/index.php\/2024\/11\/15\/22-11-performans-toplulugu-cumartesi-aksamlari-etkinlik-duzenleyecek\/","name":"22\/11 Performans Toplulu\u011fu cumartesi ak\u015famlar\u0131 etkinlik d\u00fczenleyecek - Kuzeyin Sesi","isPartOf":{"@id":"https:\/\/kuzeyinsesi.org\/#website"},"primaryImageOfPage":{"@id":"https:\/\/kuzeyinsesi.org\/index.php\/2024\/11\/15\/22-11-performans-toplulugu-cumartesi-aksamlari-etkinlik-duzenleyecek\/#primaryimage"},"image":{"@id":"https:\/\/kuzeyinsesi.org\/index.php\/2024\/11\/15\/22-11-performans-toplulugu-cumartesi-aksamlari-etkinlik-duzenleyecek\/#primaryimage"},"thumbnailUrl":"https:\/\/kuzeyinsesi.org\/wp-content\/uploads\/2024\/11\/asdskla.jpg","datePublished":"2024-11-15T15:53:55+00:00","author":{"@id":"https:\/\/kuzeyinsesi.org\/#\/schema\/person\/9f859689cdf01485597712386e37f5aa"},"breadcrumb":{"@id":"https:\/\/kuzeyinsesi.org\/index.php\/2024\/11\/15\/22-11-performans-toplulugu-cumartesi-aksamlari-etkinlik-duzenleyecek\/#breadcrumb"},"inLanguage":"tr","potentialAction":[{"@type":"ReadAction","target":["https:\/\/kuzeyinsesi.org\/index.php\/2024\/11\/15\/22-11-performans-toplulugu-cumartesi-aksamlari-etkinlik-duzenleyecek\/"]}]},{"@type":"ImageObject","inLanguage":"tr","@id":"https:\/\/kuzeyinsesi.org\/index.php\/2024\/11\/15\/22-11-performans-toplulugu-cumartesi-aksamlari-etkinlik-duzenleyecek\/#primaryimage","url":"https:\/\/kuzeyinsesi.org\/wp-content\/uploads\/2024\/11\/asdskla.jpg","contentUrl":"https:\/\/kuzeyinsesi.org\/wp-content\/uploads\/2024\/11\/asdskla.jpg","width":1067,"height":1073},{"@type":"BreadcrumbList","@id":"https:\/\/kuzeyinsesi.org\/index.php\/2024\/11\/15\/22-11-performans-toplulugu-cumartesi-aksamlari-etkinlik-duzenleyecek\/#breadcrumb","itemListElement":[{"@type":"ListItem","position":1,"name":"Anasayfa","item":"https:\/\/kuzeyinsesi.org\/"},{"@type":"ListItem","position":2,"name":"22\/11 Performans Toplulu\u011fu cumartesi ak\u015famlar\u0131 etkinlik d\u00fczenleyecek"}]},{"@type":"WebSite","@id":"https:\/\/kuzeyinsesi.org\/#website","url":"https:\/\/kuzeyinsesi.org\/","name":"Kuzeyin Sesi","description":"Do\u011fru Haberin Adresi","potentialAction":[{"@type":"SearchAction","target":{"@type":"EntryPoint","urlTemplate":"https:\/\/kuzeyinsesi.org\/?s={search_term_string}"},"query-input":{"@type":"PropertyValueSpecification","valueRequired":true,"valueName":"search_term_string"}}],"inLanguage":"tr"},{"@type":"Person","@id":"https:\/\/kuzeyinsesi.org\/#\/schema\/person\/9f859689cdf01485597712386e37f5aa","name":"Kuzeyin Sesi","image":{"@type":"ImageObject","inLanguage":"tr","@id":"https:\/\/secure.gravatar.com\/avatar\/bab33852abfd8b282518d6ed81826833d77c3c882d9ab608add591ccace47a44?s=96&d=mm&r=g","url":"https:\/\/secure.gravatar.com\/avatar\/bab33852abfd8b282518d6ed81826833d77c3c882d9ab608add591ccace47a44?s=96&d=mm&r=g","contentUrl":"https:\/\/secure.gravatar.com\/avatar\/bab33852abfd8b282518d6ed81826833d77c3c882d9ab608add591ccace47a44?s=96&d=mm&r=g","caption":"Kuzeyin Sesi"},"sameAs":["https:\/\/kuzeyinsesi.org"],"url":"https:\/\/kuzeyinsesi.org\/index.php\/author\/guven\/"}]}},"_links":{"self":[{"href":"https:\/\/kuzeyinsesi.org\/index.php\/wp-json\/wp\/v2\/posts\/13636","targetHints":{"allow":["GET"]}}],"collection":[{"href":"https:\/\/kuzeyinsesi.org\/index.php\/wp-json\/wp\/v2\/posts"}],"about":[{"href":"https:\/\/kuzeyinsesi.org\/index.php\/wp-json\/wp\/v2\/types\/post"}],"author":[{"embeddable":true,"href":"https:\/\/kuzeyinsesi.org\/index.php\/wp-json\/wp\/v2\/users\/1"}],"replies":[{"embeddable":true,"href":"https:\/\/kuzeyinsesi.org\/index.php\/wp-json\/wp\/v2\/comments?post=13636"}],"version-history":[{"count":0,"href":"https:\/\/kuzeyinsesi.org\/index.php\/wp-json\/wp\/v2\/posts\/13636\/revisions"}],"wp:featuredmedia":[{"embeddable":true,"href":"https:\/\/kuzeyinsesi.org\/index.php\/wp-json\/wp\/v2\/media\/13637"}],"wp:attachment":[{"href":"https:\/\/kuzeyinsesi.org\/index.php\/wp-json\/wp\/v2\/media?parent=13636"}],"wp:term":[{"taxonomy":"category","embeddable":true,"href":"https:\/\/kuzeyinsesi.org\/index.php\/wp-json\/wp\/v2\/categories?post=13636"},{"taxonomy":"post_tag","embeddable":true,"href":"https:\/\/kuzeyinsesi.org\/index.php\/wp-json\/wp\/v2\/tags?post=13636"}],"curies":[{"name":"wp","href":"https:\/\/api.w.org\/{rel}","templated":true}]}}